{"id":65771,"date":"2025-10-29T12:32:21","date_gmt":"2025-10-29T11:32:21","guid":{"rendered":"https:\/\/schoenstatt.com\/?p=65771"},"modified":"2025-10-29T12:37:07","modified_gmt":"2025-10-29T11:37:07","slug":"del-cafe-para-parejas-a-la-liga-de-familias-de-schoenstatt","status":"publish","type":"post","link":"https:\/\/schoenstatt.com\/es\/del-cafe-para-parejas-a-la-liga-de-familias-de-schoenstatt\/","title":{"rendered":"Del \u00abCaf\u00e9 para Parejas\u00bb a la Liga de Familias de Schoenstatt"},"content":{"rendered":"\n<p>El s\u00e1bado 25 de octubre de 2025 se celebr\u00f3 la primera reuni\u00f3n de la Liga de Familias de Schoenstatt de la Toscana en las instalaciones de la parroquia de San Lorenzo M\u00e1rtir, en Gello di Lavaiano, Pontedera (Pisa, Toscana, Italia). El nuevo grupo de familias naci\u00f3 de dos experiencias paralelas de crecimiento y fortalecimiento de la relaci\u00f3n conyugal realizadas anteriormente en los municipios de Terricciola y Ponte a Egola (ambos en la provincia de Pisa), donde se llev\u00f3 a cabo el <a href=\"https:\/\/schoenstatt.com\/es\/primer-cafe-de-las-parejas-en-ponte-a-egola-toscana-italia\/\">\u00abCaf\u00e9 para parejas\u00bb<\/a> y un curso de preparaci\u00f3n para la alianza de amor. La parroquia de San Lorenzo M\u00e1rtir fue elegida porque se encuentra a medio camino entre las dos ciudades mencionadas, de donde proceden las 11 parejas que se han unido al grupo y al camino de profundizaci\u00f3n de la relaci\u00f3n conyugal. Las reuniones ser\u00e1n mensuales.<\/p>\n\n\n\n<figure class=\"wp-block-image aligncenter size-full\"><img decoding=\"async\" src=\"https:\/\/schoenstatt.com\/wp-content\/uploads\/2025\/10\/Caffe-delle-copie-Toscana.jpg\" alt=\"\" class=\"wp-image-65744\"\/><figcaption class=\"wp-element-caption\">Fotos: Eugenio Minici<\/figcaption><\/figure>\n\n\n\n<h3 class=\"wp-block-heading\" id=\"h-el-cafe-para-parejas\">El \u00abCaf\u00e9 para Parejas\u00bb<\/h3>\n\n\n\n<p>El <a href=\"https:\/\/schoenstatt.com\/es\/primer-cafe-de-las-parejas-en-ponte-a-egola-toscana-italia\/\">Caf\u00e9 para Parejas<\/a> es un proyecto de algunos miembros de la Federaci\u00f3n de Familias de Schoenstatt de Roma. Se trata de una iniciativa dirigida a parejas que quieren consolidar su relaci\u00f3n a trav\u00e9s del di\u00e1logo con otras parejas participantes, en un ambiente relajado y con un refrigerio para favorecer la conversaci\u00f3n sobre algunos temas. El camino de fortalecimiento se divide en cinco encuentros de aproximadamente dos horas cada uno, que proponen temas inspirados en la pedagog\u00eda del Movimiento de Schoenstatt y derivados de las iniciales de la palabra caff\u00e8 (caf\u00e9, en italiano): compartir, alianza, fidelidad, fecundidad y educaci\u00f3n (autoeducaci\u00f3n).<\/p>\n\n\n\n<h3 class=\"wp-block-heading\" id=\"h-crecemos-juntos-los-puntos-concentricos-la-pareja-la-familia-la-comunidad-cristiana\">Crecemos juntos: los puntos conc\u00e9ntricos: la pareja, la familia, la comunidad cristiana<\/h3>\n\n\n\n<p>El tema propuesto para la reflexi\u00f3n en la primera reuni\u00f3n del grupo de familias fue el siguiente: \u00abCrecemos juntos, el sentido de la familia\u00bb. Se introdujo mediante la met\u00e1fora de los c\u00edrculos conc\u00e9ntricos: como una gota que cae en un lago y, con su fuerza de impacto, genera c\u00edrculos de agua que se expanden en todas direcciones, as\u00ed el sacramento del matrimonio produce un movimiento similar; es decir, la irradiaci\u00f3n de la vida familiar en la fe cristiana. Cada c\u00edrculo nace del primero y prolonga su eco, difundiendo su energ\u00eda vital. As\u00ed es como la fe se transmite por \u00f3smosis: de forma casi imperceptible, pero profundamente real, hasta convertir el hogar en un lugar de acogida y amor. A partir de ah\u00ed, el amor se expande primero en el n\u00facleo familiar y luego hacia el exterior, como c\u00edrculos conc\u00e9ntricos en el agua que se expanden infinitamente.<\/p>\n\n\n\n<figure class=\"wp-block-gallery has-nested-images columns-default is-cropped wp-block-gallery-1 is-layout-flex wp-block-gallery-is-layout-flex\">\n<figure class=\"wp-block-image size-large\"><img fetchpriority=\"high\" decoding=\"async\" width=\"500\" height=\"375\" data-id=\"65749\" src=\"https:\/\/schoenstatt.com\/wp-content\/uploads\/2025\/10\/Caffe-delle-copie-Toscana-4.jpg\" alt=\"\" class=\"wp-image-65749\"\/><\/figure>\n\n\n\n<figure class=\"wp-block-image size-large\"><img decoding=\"async\" width=\"500\" height=\"375\" data-id=\"65754\" src=\"https:\/\/schoenstatt.com\/wp-content\/uploads\/2025\/10\/Caffe-delle-copie-Toscana-5.jpg\" alt=\"\" class=\"wp-image-65754\"\/><\/figure>\n<\/figure>\n\n\n\n<h3 class=\"wp-block-heading\" id=\"h-el-circulo-de-la-comunidad-cristiana\">El c\u00edrculo de la comunidad cristiana<\/h3>\n\n\n\n<p>Los c\u00edrculos principales son la pareja, la familia y la comunidad cristiana, que en nuestro caso es el Movimiento de Schoenstatt.<\/p>\n\n\n\n<p>Formar parte de un grupo o comunidad es una fuente preciosa de gracia y enriquecimiento. En estas realidades, descubrimos valores compartidos que se convierten en apoyo y confianza en los momentos de prueba. La oraci\u00f3n mutua nos une y nos fortalece, y con el tiempo nuestras fuerzas se suman y nos impulsan a actuar juntos por el bien com\u00fan, contribuyendo as\u00ed a moldear el mundo seg\u00fan nuestros ideales.<\/p>\n\n\n\n<p>Durante la reflexi\u00f3n, tambi\u00e9n se propuso un extracto del libro <em>Obra de familias. Schoenstatt, En el camino matrimonial 07, Juntos somos m\u00e1s fuertes, 2013, p. 36.<\/em> De este fragmento se concluye que el ser humano, creado \u00aba imagen de Dios\u00bb (G\u00e9nesis 1, 26), refleja a Dios, que es comuni\u00f3n de personas: Padre, Hijo y Esp\u00edritu Santo. En consecuencia, la fe cristiana no se puede vivir de forma aislada: quien cree est\u00e1 llamado a vivir en relaci\u00f3n, a compartir y a amar.<\/p>\n\n\n\n<figure class=\"wp-block-gallery has-nested-images columns-default is-cropped wp-block-gallery-2 is-layout-flex wp-block-gallery-is-layout-flex\">\n<figure class=\"wp-block-image size-large\"><img decoding=\"async\" width=\"500\" height=\"375\" data-id=\"65761\" src=\"https:\/\/schoenstatt.com\/wp-content\/uploads\/2025\/10\/Caffe-delle-copie-Toscana-3.jpg\" alt=\"\" class=\"wp-image-65761\"\/><\/figure>\n\n\n\n<figure class=\"wp-block-image size-large\"><img loading=\"lazy\" decoding=\"async\" width=\"500\" height=\"375\" data-id=\"65759\" src=\"https:\/\/schoenstatt.com\/wp-content\/uploads\/2025\/10\/Caffe-delle-copie-Toscana-2.jpg\" alt=\"\" class=\"wp-image-65759\"\/><\/figure>\n<\/figure>\n\n\n\n<h3 class=\"wp-block-heading\" id=\"h-un-juego-para-conocerse-mejor\">Un juego para conocerse mejor<\/h3>\n\n\n\n<p>Para promover un mejor conocimiento entre las distintas parejas participantes, que provienen de diferentes trayectorias grupales, se propuso un juego que consist\u00eda en hacer preguntas sobre la vida cotidiana, a las que cada pareja deb\u00eda responder.<\/p>\n\n\n\n<p>Al final, cada pareja deb\u00eda comparar sus respuestas con las de las dem\u00e1s para encontrar similitudes en sus h\u00e1bitos cotidianos y sus afinidades. La iniciativa proporcion\u00f3 un intervalo m\u00e1s ligero y divertido que permiti\u00f3 estrechar lazos entre las parejas participantes, a la espera de la pr\u00f3xima reuni\u00f3n.<\/p>\n\n\n\n<p><strong>Traducci\u00f3n:<\/strong> Vanessa Franke<\/p>\n","protected":false},"excerpt":{"rendered":"<p>Los participantes del proyecto \u00abCaf\u00e9 para Parejas\u00bb en Italia constituyen el primer grupo de la Liga de Familias de Schoenstatt en la Toscana.<\/p>\n","protected":false},"author":3,"featured_media":65748,"comment_status":"closed","ping_status":"closed","sticky":false,"template":"","format":"standard","meta":{"footnotes":""},"categories":[909,873,877],"tags":[1149,1184],"class_list":["post-65771","post","type-post","status-publish","format-standard","has-post-thumbnail","hentry","category-comunidades-de-schoenstatt-es","category-europa-es","category-familia-es","tag-federacion-de-familias-de-schoenstatt-es","tag-schoenstatt-italia-es"],"yoast_head":"<!-- This site is optimized with the Yoast SEO Premium plugin v27.4 (Yoast SEO v27.4) - https:\/\/yoast.com\/product\/yoast-seo-premium-wordpress\/ -->\n<title>Del \u00abCaf\u00e9 para Parejas\u00bb a la Liga de Familias de Schoenstatt - Schoenstatt<\/title>\n<meta name=\"description\" content=\"Los participantes del proyecto \u00abCaf\u00e9 para Parejas\u00bb en Italia constituyen el primer grupo de la Liga de Familias de Schoenstatt en la Toscana.\" \/>\n<meta name=\"robots\" content=\"index, follow, max-snippet:-1, max-image-preview:large, max-video-preview:-1\" \/>\n<link rel=\"canonical\" href=\"https:\/\/schoenstatt.com\/es\/del-cafe-para-parejas-a-la-liga-de-familias-de-schoenstatt\/\" \/>\n<meta property=\"og:locale\" content=\"es_ES\" \/>\n<meta property=\"og:type\" content=\"article\" \/>\n<meta property=\"og:title\" content=\"Del \u00abCaf\u00e9 para Parejas\u00bb a la Liga de Familias de Schoenstatt\" \/>\n<meta property=\"og:description\" content=\"Los participantes del proyecto \u00abCaf\u00e9 para Parejas\u00bb en Italia constituyen el primer grupo de la Liga de Familias de Schoenstatt en la Toscana.\" \/>\n<meta property=\"og:url\" content=\"https:\/\/schoenstatt.com\/es\/del-cafe-para-parejas-a-la-liga-de-familias-de-schoenstatt\/\" \/>\n<meta property=\"og:site_name\" content=\"Schoenstatt\" \/>\n<meta property=\"article:published_time\" content=\"2025-10-29T11:32:21+00:00\" \/>\n<meta property=\"article:modified_time\" content=\"2025-10-29T11:37:07+00:00\" \/>\n<meta property=\"og:image\" content=\"https:\/\/schoenstatt.com\/wp-content\/uploads\/2025\/10\/Caffe-delle-copie-Toscana.webp\" \/>\n\t<meta property=\"og:image:width\" content=\"2048\" \/>\n\t<meta property=\"og:image:height\" content=\"1354\" \/>\n\t<meta property=\"og:image:type\" content=\"image\/jpeg\" \/>\n<meta name=\"author\" content=\"Karen Bueno\" \/>\n<meta name=\"twitter:card\" content=\"summary_large_image\" \/>\n<meta name=\"twitter:label1\" content=\"Escrito por\" \/>\n\t<meta name=\"twitter:data1\" content=\"Karen Bueno\" \/>\n\t<meta name=\"twitter:label2\" content=\"Tiempo de lectura\" \/>\n\t<meta name=\"twitter:data2\" content=\"5 minutos\" \/>\n<script type=\"application\/ld+json\" class=\"yoast-schema-graph\">{\"@context\":\"https:\\\/\\\/schema.org\",\"@graph\":[{\"@type\":\"Article\",\"@id\":\"https:\\\/\\\/schoenstatt.com\\\/es\\\/del-cafe-para-parejas-a-la-liga-de-familias-de-schoenstatt\\\/#article\",\"isPartOf\":{\"@id\":\"https:\\\/\\\/schoenstatt.com\\\/es\\\/del-cafe-para-parejas-a-la-liga-de-familias-de-schoenstatt\\\/\"},\"author\":{\"name\":\"Karen Bueno\",\"@id\":\"https:\\\/\\\/schoenstatt.com\\\/es\\\/#\\\/schema\\\/person\\\/5158877ad4acae98b34daaeef2a1ce6e\"},\"headline\":\"Del \u00abCaf\u00e9 para Parejas\u00bb a la Liga de Familias de Schoenstatt\",\"datePublished\":\"2025-10-29T11:32:21+00:00\",\"dateModified\":\"2025-10-29T11:37:07+00:00\",\"mainEntityOfPage\":{\"@id\":\"https:\\\/\\\/schoenstatt.com\\\/es\\\/del-cafe-para-parejas-a-la-liga-de-familias-de-schoenstatt\\\/\"},\"wordCount\":724,\"publisher\":{\"@id\":\"https:\\\/\\\/schoenstatt.com\\\/es\\\/#organization\"},\"image\":{\"@id\":\"https:\\\/\\\/schoenstatt.com\\\/es\\\/del-cafe-para-parejas-a-la-liga-de-familias-de-schoenstatt\\\/#primaryimage\"},\"thumbnailUrl\":\"https:\\\/\\\/schoenstatt.com\\\/wp-content\\\/uploads\\\/2025\\\/10\\\/Caffe-delle-copie-Toscana.webp\",\"keywords\":[\"Federaci\u00f3n de Familias de Schoenstatt\",\"Schoenstatt Italia\"],\"articleSection\":[\"Comunidades de Schoenstatt\",\"Europa\",\"Familia\"],\"inLanguage\":\"es\"},{\"@type\":\"WebPage\",\"@id\":\"https:\\\/\\\/schoenstatt.com\\\/es\\\/del-cafe-para-parejas-a-la-liga-de-familias-de-schoenstatt\\\/\",\"url\":\"https:\\\/\\\/schoenstatt.com\\\/es\\\/del-cafe-para-parejas-a-la-liga-de-familias-de-schoenstatt\\\/\",\"name\":\"Del \u00abCaf\u00e9 para Parejas\u00bb a la Liga de Familias de Schoenstatt - Schoenstatt\",\"isPartOf\":{\"@id\":\"https:\\\/\\\/schoenstatt.com\\\/es\\\/#website\"},\"primaryImageOfPage\":{\"@id\":\"https:\\\/\\\/schoenstatt.com\\\/es\\\/del-cafe-para-parejas-a-la-liga-de-familias-de-schoenstatt\\\/#primaryimage\"},\"image\":{\"@id\":\"https:\\\/\\\/schoenstatt.com\\\/es\\\/del-cafe-para-parejas-a-la-liga-de-familias-de-schoenstatt\\\/#primaryimage\"},\"thumbnailUrl\":\"https:\\\/\\\/schoenstatt.com\\\/wp-content\\\/uploads\\\/2025\\\/10\\\/Caffe-delle-copie-Toscana.webp\",\"datePublished\":\"2025-10-29T11:32:21+00:00\",\"dateModified\":\"2025-10-29T11:37:07+00:00\",\"description\":\"Los participantes del proyecto \u00abCaf\u00e9 para Parejas\u00bb en Italia constituyen el primer grupo de la Liga de Familias de Schoenstatt en la Toscana.\",\"breadcrumb\":{\"@id\":\"https:\\\/\\\/schoenstatt.com\\\/es\\\/del-cafe-para-parejas-a-la-liga-de-familias-de-schoenstatt\\\/#breadcrumb\"},\"inLanguage\":\"es\",\"potentialAction\":[{\"@type\":\"ReadAction\",\"target\":[\"https:\\\/\\\/schoenstatt.com\\\/es\\\/del-cafe-para-parejas-a-la-liga-de-familias-de-schoenstatt\\\/\"]}]},{\"@type\":\"ImageObject\",\"inLanguage\":\"es\",\"@id\":\"https:\\\/\\\/schoenstatt.com\\\/es\\\/del-cafe-para-parejas-a-la-liga-de-familias-de-schoenstatt\\\/#primaryimage\",\"url\":\"https:\\\/\\\/schoenstatt.com\\\/wp-content\\\/uploads\\\/2025\\\/10\\\/Caffe-delle-copie-Toscana.webp\",\"contentUrl\":\"https:\\\/\\\/schoenstatt.com\\\/wp-content\\\/uploads\\\/2025\\\/10\\\/Caffe-delle-copie-Toscana.webp\",\"width\":2048,\"height\":1354},{\"@type\":\"BreadcrumbList\",\"@id\":\"https:\\\/\\\/schoenstatt.com\\\/es\\\/del-cafe-para-parejas-a-la-liga-de-familias-de-schoenstatt\\\/#breadcrumb\",\"itemListElement\":[{\"@type\":\"ListItem\",\"position\":1,\"name\":\"Portada\",\"item\":\"https:\\\/\\\/schoenstatt.com\\\/es\\\/home\\\/\"},{\"@type\":\"ListItem\",\"position\":2,\"name\":\"Del \u00abCaf\u00e9 para Parejas\u00bb a la Liga de Familias de Schoenstatt\"}]},{\"@type\":\"WebSite\",\"@id\":\"https:\\\/\\\/schoenstatt.com\\\/es\\\/#website\",\"url\":\"https:\\\/\\\/schoenstatt.com\\\/es\\\/\",\"name\":\"Schoenstatt\",\"description\":\"Apostolic Movement\",\"publisher\":{\"@id\":\"https:\\\/\\\/schoenstatt.com\\\/es\\\/#organization\"},\"potentialAction\":[{\"@type\":\"SearchAction\",\"target\":{\"@type\":\"EntryPoint\",\"urlTemplate\":\"https:\\\/\\\/schoenstatt.com\\\/es\\\/?s={search_term_string}\"},\"query-input\":{\"@type\":\"PropertyValueSpecification\",\"valueRequired\":true,\"valueName\":\"search_term_string\"}}],\"inLanguage\":\"es\"},{\"@type\":\"Organization\",\"@id\":\"https:\\\/\\\/schoenstatt.com\\\/es\\\/#organization\",\"name\":\"Schoenstatt\",\"url\":\"https:\\\/\\\/schoenstatt.com\\\/es\\\/\",\"logo\":{\"@type\":\"ImageObject\",\"inLanguage\":\"es\",\"@id\":\"https:\\\/\\\/schoenstatt.com\\\/es\\\/#\\\/schema\\\/logo\\\/image\\\/\",\"url\":\"https:\\\/\\\/schoenstatt.com\\\/wp-content\\\/uploads\\\/2025\\\/04\\\/logo-schoenstatt-white-696x696-1.png\",\"contentUrl\":\"https:\\\/\\\/schoenstatt.com\\\/wp-content\\\/uploads\\\/2025\\\/04\\\/logo-schoenstatt-white-696x696-1.png\",\"width\":696,\"height\":694,\"caption\":\"Schoenstatt\"},\"image\":{\"@id\":\"https:\\\/\\\/schoenstatt.com\\\/es\\\/#\\\/schema\\\/logo\\\/image\\\/\"}},{\"@type\":\"Person\",\"@id\":\"https:\\\/\\\/schoenstatt.com\\\/es\\\/#\\\/schema\\\/person\\\/5158877ad4acae98b34daaeef2a1ce6e\",\"name\":\"Karen Bueno\",\"image\":{\"@type\":\"ImageObject\",\"inLanguage\":\"es\",\"@id\":\"https:\\\/\\\/secure.gravatar.com\\\/avatar\\\/f9f4b823873154269d2b2130f195f6d41037dd0d7fc5f3cacb5c846bae70d66b?s=96&d=mm&r=g\",\"url\":\"https:\\\/\\\/secure.gravatar.com\\\/avatar\\\/f9f4b823873154269d2b2130f195f6d41037dd0d7fc5f3cacb5c846bae70d66b?s=96&d=mm&r=g\",\"contentUrl\":\"https:\\\/\\\/secure.gravatar.com\\\/avatar\\\/f9f4b823873154269d2b2130f195f6d41037dd0d7fc5f3cacb5c846bae70d66b?s=96&d=mm&r=g\",\"caption\":\"Karen Bueno\"},\"url\":\"https:\\\/\\\/schoenstatt.com\\\/es\\\/author\\\/karen-bueno\\\/\"}]}<\/script>\n<!-- \/ Yoast SEO Premium plugin. -->","yoast_head_json":{"title":"Del \u00abCaf\u00e9 para Parejas\u00bb a la Liga de Familias de Schoenstatt - Schoenstatt","description":"Los participantes del proyecto \u00abCaf\u00e9 para Parejas\u00bb en Italia constituyen el primer grupo de la Liga de Familias de Schoenstatt en la Toscana.","robots":{"index":"index","follow":"follow","max-snippet":"max-snippet:-1","max-image-preview":"max-image-preview:large","max-video-preview":"max-video-preview:-1"},"canonical":"https:\/\/schoenstatt.com\/es\/del-cafe-para-parejas-a-la-liga-de-familias-de-schoenstatt\/","og_locale":"es_ES","og_type":"article","og_title":"Del \u00abCaf\u00e9 para Parejas\u00bb a la Liga de Familias de Schoenstatt","og_description":"Los participantes del proyecto \u00abCaf\u00e9 para Parejas\u00bb en Italia constituyen el primer grupo de la Liga de Familias de Schoenstatt en la Toscana.","og_url":"https:\/\/schoenstatt.com\/es\/del-cafe-para-parejas-a-la-liga-de-familias-de-schoenstatt\/","og_site_name":"Schoenstatt","article_published_time":"2025-10-29T11:32:21+00:00","article_modified_time":"2025-10-29T11:37:07+00:00","og_image":[{"width":2048,"height":1354,"url":"https:\/\/schoenstatt.com\/wp-content\/uploads\/2025\/10\/Caffe-delle-copie-Toscana.webp","type":"image\/jpeg"}],"author":"Karen Bueno","twitter_card":"summary_large_image","twitter_misc":{"Escrito por":"Karen Bueno","Tiempo de lectura":"5 minutos"},"schema":{"@context":"https:\/\/schema.org","@graph":[{"@type":"Article","@id":"https:\/\/schoenstatt.com\/es\/del-cafe-para-parejas-a-la-liga-de-familias-de-schoenstatt\/#article","isPartOf":{"@id":"https:\/\/schoenstatt.com\/es\/del-cafe-para-parejas-a-la-liga-de-familias-de-schoenstatt\/"},"author":{"name":"Karen Bueno","@id":"https:\/\/schoenstatt.com\/es\/#\/schema\/person\/5158877ad4acae98b34daaeef2a1ce6e"},"headline":"Del \u00abCaf\u00e9 para Parejas\u00bb a la Liga de Familias de Schoenstatt","datePublished":"2025-10-29T11:32:21+00:00","dateModified":"2025-10-29T11:37:07+00:00","mainEntityOfPage":{"@id":"https:\/\/schoenstatt.com\/es\/del-cafe-para-parejas-a-la-liga-de-familias-de-schoenstatt\/"},"wordCount":724,"publisher":{"@id":"https:\/\/schoenstatt.com\/es\/#organization"},"image":{"@id":"https:\/\/schoenstatt.com\/es\/del-cafe-para-parejas-a-la-liga-de-familias-de-schoenstatt\/#primaryimage"},"thumbnailUrl":"https:\/\/schoenstatt.com\/wp-content\/uploads\/2025\/10\/Caffe-delle-copie-Toscana.webp","keywords":["Federaci\u00f3n de Familias de Schoenstatt","Schoenstatt Italia"],"articleSection":["Comunidades de Schoenstatt","Europa","Familia"],"inLanguage":"es"},{"@type":"WebPage","@id":"https:\/\/schoenstatt.com\/es\/del-cafe-para-parejas-a-la-liga-de-familias-de-schoenstatt\/","url":"https:\/\/schoenstatt.com\/es\/del-cafe-para-parejas-a-la-liga-de-familias-de-schoenstatt\/","name":"Del \u00abCaf\u00e9 para Parejas\u00bb a la Liga de Familias de Schoenstatt - Schoenstatt","isPartOf":{"@id":"https:\/\/schoenstatt.com\/es\/#website"},"primaryImageOfPage":{"@id":"https:\/\/schoenstatt.com\/es\/del-cafe-para-parejas-a-la-liga-de-familias-de-schoenstatt\/#primaryimage"},"image":{"@id":"https:\/\/schoenstatt.com\/es\/del-cafe-para-parejas-a-la-liga-de-familias-de-schoenstatt\/#primaryimage"},"thumbnailUrl":"https:\/\/schoenstatt.com\/wp-content\/uploads\/2025\/10\/Caffe-delle-copie-Toscana.webp","datePublished":"2025-10-29T11:32:21+00:00","dateModified":"2025-10-29T11:37:07+00:00","description":"Los participantes del proyecto \u00abCaf\u00e9 para Parejas\u00bb en Italia constituyen el primer grupo de la Liga de Familias de Schoenstatt en la Toscana.","breadcrumb":{"@id":"https:\/\/schoenstatt.com\/es\/del-cafe-para-parejas-a-la-liga-de-familias-de-schoenstatt\/#breadcrumb"},"inLanguage":"es","potentialAction":[{"@type":"ReadAction","target":["https:\/\/schoenstatt.com\/es\/del-cafe-para-parejas-a-la-liga-de-familias-de-schoenstatt\/"]}]},{"@type":"ImageObject","inLanguage":"es","@id":"https:\/\/schoenstatt.com\/es\/del-cafe-para-parejas-a-la-liga-de-familias-de-schoenstatt\/#primaryimage","url":"https:\/\/schoenstatt.com\/wp-content\/uploads\/2025\/10\/Caffe-delle-copie-Toscana.webp","contentUrl":"https:\/\/schoenstatt.com\/wp-content\/uploads\/2025\/10\/Caffe-delle-copie-Toscana.webp","width":2048,"height":1354},{"@type":"BreadcrumbList","@id":"https:\/\/schoenstatt.com\/es\/del-cafe-para-parejas-a-la-liga-de-familias-de-schoenstatt\/#breadcrumb","itemListElement":[{"@type":"ListItem","position":1,"name":"Portada","item":"https:\/\/schoenstatt.com\/es\/home\/"},{"@type":"ListItem","position":2,"name":"Del \u00abCaf\u00e9 para Parejas\u00bb a la Liga de Familias de Schoenstatt"}]},{"@type":"WebSite","@id":"https:\/\/schoenstatt.com\/es\/#website","url":"https:\/\/schoenstatt.com\/es\/","name":"Schoenstatt","description":"Apostolic Movement","publisher":{"@id":"https:\/\/schoenstatt.com\/es\/#organization"},"potentialAction":[{"@type":"SearchAction","target":{"@type":"EntryPoint","urlTemplate":"https:\/\/schoenstatt.com\/es\/?s={search_term_string}"},"query-input":{"@type":"PropertyValueSpecification","valueRequired":true,"valueName":"search_term_string"}}],"inLanguage":"es"},{"@type":"Organization","@id":"https:\/\/schoenstatt.com\/es\/#organization","name":"Schoenstatt","url":"https:\/\/schoenstatt.com\/es\/","logo":{"@type":"ImageObject","inLanguage":"es","@id":"https:\/\/schoenstatt.com\/es\/#\/schema\/logo\/image\/","url":"https:\/\/schoenstatt.com\/wp-content\/uploads\/2025\/04\/logo-schoenstatt-white-696x696-1.png","contentUrl":"https:\/\/schoenstatt.com\/wp-content\/uploads\/2025\/04\/logo-schoenstatt-white-696x696-1.png","width":696,"height":694,"caption":"Schoenstatt"},"image":{"@id":"https:\/\/schoenstatt.com\/es\/#\/schema\/logo\/image\/"}},{"@type":"Person","@id":"https:\/\/schoenstatt.com\/es\/#\/schema\/person\/5158877ad4acae98b34daaeef2a1ce6e","name":"Karen Bueno","image":{"@type":"ImageObject","inLanguage":"es","@id":"https:\/\/secure.gravatar.com\/avatar\/f9f4b823873154269d2b2130f195f6d41037dd0d7fc5f3cacb5c846bae70d66b?s=96&d=mm&r=g","url":"https:\/\/secure.gravatar.com\/avatar\/f9f4b823873154269d2b2130f195f6d41037dd0d7fc5f3cacb5c846bae70d66b?s=96&d=mm&r=g","contentUrl":"https:\/\/secure.gravatar.com\/avatar\/f9f4b823873154269d2b2130f195f6d41037dd0d7fc5f3cacb5c846bae70d66b?s=96&d=mm&r=g","caption":"Karen Bueno"},"url":"https:\/\/schoenstatt.com\/es\/author\/karen-bueno\/"}]}},"_links":{"self":[{"href":"https:\/\/schoenstatt.com\/es\/wp-json\/wp\/v2\/posts\/65771","targetHints":{"allow":["GET"]}}],"collection":[{"href":"https:\/\/schoenstatt.com\/es\/wp-json\/wp\/v2\/posts"}],"about":[{"href":"https:\/\/schoenstatt.com\/es\/wp-json\/wp\/v2\/types\/post"}],"author":[{"embeddable":true,"href":"https:\/\/schoenstatt.com\/es\/wp-json\/wp\/v2\/users\/3"}],"replies":[{"embeddable":true,"href":"https:\/\/schoenstatt.com\/es\/wp-json\/wp\/v2\/comments?post=65771"}],"version-history":[{"count":3,"href":"https:\/\/schoenstatt.com\/es\/wp-json\/wp\/v2\/posts\/65771\/revisions"}],"predecessor-version":[{"id":65774,"href":"https:\/\/schoenstatt.com\/es\/wp-json\/wp\/v2\/posts\/65771\/revisions\/65774"}],"wp:featuredmedia":[{"embeddable":true,"href":"https:\/\/schoenstatt.com\/es\/wp-json\/wp\/v2\/media\/65748"}],"wp:attachment":[{"href":"https:\/\/schoenstatt.com\/es\/wp-json\/wp\/v2\/media?parent=65771"}],"wp:term":[{"taxonomy":"category","embeddable":true,"href":"https:\/\/schoenstatt.com\/es\/wp-json\/wp\/v2\/categories?post=65771"},{"taxonomy":"post_tag","embeddable":true,"href":"https:\/\/schoenstatt.com\/es\/wp-json\/wp\/v2\/tags?post=65771"}],"curies":[{"name":"wp","href":"https:\/\/api.w.org\/{rel}","templated":true}]}}