{"id":65701,"date":"2025-10-28T04:30:00","date_gmt":"2025-10-28T03:30:00","guid":{"rendered":"https:\/\/schoenstatt.com\/?p=65701"},"modified":"2025-10-27T20:08:51","modified_gmt":"2025-10-27T19:08:51","slug":"horizontes-verdes-y-mi-santuario-interior","status":"publish","type":"post","link":"https:\/\/schoenstatt.com\/es\/horizontes-verdes-y-mi-santuario-interior\/","title":{"rendered":"Horizontes Verdes y mi Santuario Interior"},"content":{"rendered":"\n<p>En el mes en que celebramos la fundaci\u00f3n de Schoenstatt, el P. Jos\u00e9 Kentenich nos invita a <strong>\u00abcavar m\u00e1s profundo\u00bb<\/strong>, a descender a las profundidades de nuestro ser para encontrar el santuario interior. En Jap\u00f3n existe una tradici\u00f3n milenaria llamada <strong><em>Shinrin-yoku<\/em><\/strong> (ba\u00f1o de bosque), que nos ense\u00f1a a sumergirnos en la naturaleza con todos los sentidos.<\/p>\n\n\n\n<h3 class=\"wp-block-heading\" id=\"h-el-reto-del-bosque-un-espejo-para-el-alma\">El reto del bosque: un espejo para el alma<\/h3>\n\n\n\n<p>La idea del <em>Shinrin-yoku <\/em>es dar un paseo como si fuera una inmersi\u00f3n sensorial para absorber la atm\u00f3sfera del bosque, del jard\u00edn o de la plaza. Los beneficios est\u00e1n demostrados: reducci\u00f3n del estr\u00e9s, fortalecimiento del sistema inmunol\u00f3gico y mejora del estado de \u00e1nimo. Pero para un schoenstattiano hay una dimensi\u00f3n a\u00fan m\u00e1s profunda: la naturaleza como pedagoga de la Alianza de Amor.<\/p>\n\n\n\n<p>Al contemplar el bosque, se nos desaf\u00eda a:<\/p>\n\n\n\n<p><strong>Detenerse y contemplar: <\/strong>La naturaleza nos obliga a bajar el ritmo. Esto responde a la exigencia central de nuestra Alianza: la autoeducaci\u00f3n y la vida de oraci\u00f3n ferviente. Necesitamos<strong> \u00abpausas verdes\u00bb <\/strong>para escuchar la voz de Dios.<\/p>\n\n\n\n<p><strong>Debemos ser org\u00e1nicos (cumplir la ley de la naturaleza):<\/strong> as\u00ed como la naturaleza es un organismo vivo en el que todo est\u00e1 conectado (el \u00e1rbol con el suelo, el musgo con la sombra), nuestra espiritualidad tambi\u00e9n es org\u00e1nica e integra la naturaleza y la gracia, lo natural y lo sobrenatural. Nuestra vida no puede estar fragmentada; el santuario y el mundo deben estar en sinton\u00eda.<\/p>\n\n\n\n<p><strong>Profundizar (en las ra\u00edces):<\/strong> un \u00e1rbol es fuerte porque tiene ra\u00edces profundas y ocultas. El mes de la fundaci\u00f3n nos invita a hacer lo mismo. El padre Kentenich nos ense\u00f1\u00f3: \u00abParece como si hubiera \u00e1ngeles entre nosotros que nos dijeran: \u00abQu\u00edtate las sandalias, porque el lugar donde est\u00e1s es tierra santa\u00bb (\u00c9x 3, 5). As\u00ed como el \u00e1rbol resiste la tormenta, profundizar en nuestra vida espiritual es la condici\u00f3n para ser \u00abinstrumentos aptos\u00bb en manos de Mar\u00eda. Es nuestro capital de gracias oculto, pero que sostiene toda nuestra misi\u00f3n y nuestro camino.<\/p>\n\n\n\n<figure class=\"wp-block-image aligncenter size-full\"><img decoding=\"async\" src=\"https:\/\/schoenstatt.com\/wp-content\/uploads\/2025\/10\/ecology.jpg\" alt=\"\" class=\"wp-image-65691\"\/><\/figure>\n\n\n\n<h3 class=\"wp-block-heading\" id=\"h-por-que-es-importante-vivir-la-naturaleza-en-todos-los-sentidos\">\u00bfPor qu\u00e9 es importante vivir la \u00abnaturaleza en todos los sentidos\u00bb?<\/h3>\n\n\n\n<p>La naturaleza es la primera revelaci\u00f3n de Dios. Nos ayuda a restablecer los v\u00ednculos esenciales: con nuestro cuerpo, con la creaci\u00f3n y, en \u00faltima instancia, con el Creador.<\/p>\n\n\n\n<p>Al sellar la Alianza de Amor, decimos:<strong> \u00abNada sin ti, nada sin nosotros\u00bb.<\/strong> La naturaleza solo puede darnos frutos si nosotros tambi\u00e9n ponemos de nuestra parte. La naturaleza es nuestra aula: nos ense\u00f1a la fidelidad, el crecimiento silencioso y la belleza de la Divina Providencia.<\/p>\n\n\n\n<p>En este mes en que celebramos el valor de la fundaci\u00f3n, que encontremos en la quietud de la naturaleza la fuerza para profundizar y vivir nuestra alianza con la plenitud y la libertad de un bosque en crecimiento.<\/p>\n\n\n\n<h3 class=\"wp-block-heading\" id=\"h-invitacion-a-la-accion\">Invitaci\u00f3n a la acci\u00f3n<\/h3>\n\n\n\n<p><strong>Reserva 20 minutos:<\/strong> apaga tu celular y pasa un rato en el parque o en el jard\u00edn m\u00e1s cercano. Aprovecha ese tiempo para una oraci\u00f3n contemplativa, viendo en la vida de la naturaleza un reflejo del amor de Dios.<\/p>\n\n\n\n<p><strong>Preg\u00fantese:<\/strong> \u00bfQu\u00e9 \u00abra\u00edces\u00bb de mi vida (h\u00e1bitos de oraci\u00f3n, autoeducaci\u00f3n, v\u00ednculo con el Santuario) necesito fortalecer para que mi <em>Santuario Interior <\/em>se convierta en una fuente de vida m\u00e1s fecunda?<\/p>\n\n\n\n<figure class=\"wp-block-image aligncenter size-full\"><img fetchpriority=\"high\" decoding=\"async\" width=\"1920\" height=\"1012\" src=\"https:\/\/schoenstatt.com\/wp-content\/uploads\/2025\/02\/ecology-1.webp\" alt=\"\" class=\"wp-image-43472\" srcset=\"https:\/\/schoenstatt.com\/wp-content\/uploads\/2025\/02\/ecology-1.webp 1920w, https:\/\/schoenstatt.com\/wp-content\/uploads\/2025\/02\/ecology-1-768x405.webp 768w, https:\/\/schoenstatt.com\/wp-content\/uploads\/2025\/02\/ecology-1-1536x809.jpg 1536w\" sizes=\"(max-width: 1920px) 100vw, 1920px\" \/><\/figure>\n\n\n\n<h3 class=\"wp-block-heading\" id=\"h-quieres-ser-parte-del-cambio\">\u00bfQuieres ser parte del cambio?<\/h3>\n\n\n\n<p>Si te sientes llamado a contribuir a una visi\u00f3n sostenible en el mundo, a la luz de la espiritualidad de Schoenstatt, el Proyecto de Sostenibilidad Global puede ser una oportunidad para caminar en esa direcci\u00f3n.<\/p>\n\n\n\n<p>Contacto: Whatsapp +34 604 94 52 86 &#8211; Rosana Silva \u2013 Instituto de las Se\u00f1oras de Schoenstatt, Madrid, Espa\u00f1a.<\/p>\n","protected":false},"excerpt":{"rendered":"<p>\u00bfConoces el desaf\u00edo del bosque? Esta inspiraci\u00f3n puede ayudar a profundizar la Alianza de Amor al contemplar y sentir la naturaleza.<\/p>\n","protected":false},"author":3,"featured_media":65695,"comment_status":"closed","ping_status":"closed","sticky":false,"template":"","format":"standard","meta":{"footnotes":""},"categories":[885],"tags":[549],"class_list":["post-65701","post","type-post","status-publish","format-standard","has-post-thumbnail","hentry","category-medio-ambiente-es","tag-ecologia-medio-ambiente"],"yoast_head":"<!-- This site is optimized with the Yoast SEO Premium plugin v27.4 (Yoast SEO v27.5) - https:\/\/yoast.com\/product\/yoast-seo-premium-wordpress\/ -->\n<title>Horizontes Verdes y mi Santuario Interior - Schoenstatt<\/title>\n<meta name=\"description\" content=\"\u00bfConoces el desaf\u00edo del bosque? Esta inspiraci\u00f3n puede ayudar a profundizar la Alianza de Amor al contemplar y sentir la naturaleza.\" \/>\n<meta name=\"robots\" content=\"index, follow, max-snippet:-1, max-image-preview:large, max-video-preview:-1\" \/>\n<link rel=\"canonical\" href=\"https:\/\/schoenstatt.com\/es\/horizontes-verdes-y-mi-santuario-interior\/\" \/>\n<meta property=\"og:locale\" content=\"es_ES\" \/>\n<meta property=\"og:type\" content=\"article\" \/>\n<meta property=\"og:title\" content=\"Horizontes Verdes y mi Santuario Interior\" \/>\n<meta property=\"og:description\" content=\"\u00bfConoces el desaf\u00edo del bosque? Esta inspiraci\u00f3n puede ayudar a profundizar la Alianza de Amor al contemplar y sentir la naturaleza.\" \/>\n<meta property=\"og:url\" content=\"https:\/\/schoenstatt.com\/es\/horizontes-verdes-y-mi-santuario-interior\/\" \/>\n<meta property=\"og:site_name\" content=\"Schoenstatt\" \/>\n<meta property=\"article:published_time\" content=\"2025-10-28T03:30:00+00:00\" \/>\n<meta property=\"og:image\" content=\"https:\/\/schoenstatt.com\/wp-content\/uploads\/2025\/10\/ecology.webp\" \/>\n\t<meta property=\"og:image:width\" content=\"2048\" \/>\n\t<meta property=\"og:image:height\" content=\"1152\" \/>\n\t<meta property=\"og:image:type\" content=\"image\/jpeg\" \/>\n<meta name=\"author\" content=\"Karen Bueno\" \/>\n<meta name=\"twitter:card\" content=\"summary_large_image\" \/>\n<meta name=\"twitter:label1\" content=\"Escrito por\" \/>\n\t<meta name=\"twitter:data1\" content=\"Karen Bueno\" \/>\n\t<meta name=\"twitter:label2\" content=\"Tiempo de lectura\" \/>\n\t<meta name=\"twitter:data2\" content=\"4 minutos\" \/>\n<script type=\"application\/ld+json\" class=\"yoast-schema-graph\">{\"@context\":\"https:\\\/\\\/schema.org\",\"@graph\":[{\"@type\":\"Article\",\"@id\":\"https:\\\/\\\/schoenstatt.com\\\/es\\\/horizontes-verdes-y-mi-santuario-interior\\\/#article\",\"isPartOf\":{\"@id\":\"https:\\\/\\\/schoenstatt.com\\\/es\\\/horizontes-verdes-y-mi-santuario-interior\\\/\"},\"author\":{\"name\":\"Karen Bueno\",\"@id\":\"https:\\\/\\\/schoenstatt.com\\\/es\\\/#\\\/schema\\\/person\\\/5158877ad4acae98b34daaeef2a1ce6e\"},\"headline\":\"Horizontes Verdes y mi Santuario Interior\",\"datePublished\":\"2025-10-28T03:30:00+00:00\",\"mainEntityOfPage\":{\"@id\":\"https:\\\/\\\/schoenstatt.com\\\/es\\\/horizontes-verdes-y-mi-santuario-interior\\\/\"},\"wordCount\":633,\"publisher\":{\"@id\":\"https:\\\/\\\/schoenstatt.com\\\/es\\\/#organization\"},\"image\":{\"@id\":\"https:\\\/\\\/schoenstatt.com\\\/es\\\/horizontes-verdes-y-mi-santuario-interior\\\/#primaryimage\"},\"thumbnailUrl\":\"https:\\\/\\\/schoenstatt.com\\\/wp-content\\\/uploads\\\/2025\\\/10\\\/ecology.webp\",\"keywords\":[\"Ecolog\u00eda \\\/ Medio Ambiente\"],\"articleSection\":[\"Medio Ambiente\"],\"inLanguage\":\"es\"},{\"@type\":\"WebPage\",\"@id\":\"https:\\\/\\\/schoenstatt.com\\\/es\\\/horizontes-verdes-y-mi-santuario-interior\\\/\",\"url\":\"https:\\\/\\\/schoenstatt.com\\\/es\\\/horizontes-verdes-y-mi-santuario-interior\\\/\",\"name\":\"Horizontes Verdes y mi Santuario Interior - Schoenstatt\",\"isPartOf\":{\"@id\":\"https:\\\/\\\/schoenstatt.com\\\/es\\\/#website\"},\"primaryImageOfPage\":{\"@id\":\"https:\\\/\\\/schoenstatt.com\\\/es\\\/horizontes-verdes-y-mi-santuario-interior\\\/#primaryimage\"},\"image\":{\"@id\":\"https:\\\/\\\/schoenstatt.com\\\/es\\\/horizontes-verdes-y-mi-santuario-interior\\\/#primaryimage\"},\"thumbnailUrl\":\"https:\\\/\\\/schoenstatt.com\\\/wp-content\\\/uploads\\\/2025\\\/10\\\/ecology.webp\",\"datePublished\":\"2025-10-28T03:30:00+00:00\",\"description\":\"\u00bfConoces el desaf\u00edo del bosque? Esta inspiraci\u00f3n puede ayudar a profundizar la Alianza de Amor al contemplar y sentir la naturaleza.\",\"breadcrumb\":{\"@id\":\"https:\\\/\\\/schoenstatt.com\\\/es\\\/horizontes-verdes-y-mi-santuario-interior\\\/#breadcrumb\"},\"inLanguage\":\"es\",\"potentialAction\":[{\"@type\":\"ReadAction\",\"target\":[\"https:\\\/\\\/schoenstatt.com\\\/es\\\/horizontes-verdes-y-mi-santuario-interior\\\/\"]}]},{\"@type\":\"ImageObject\",\"inLanguage\":\"es\",\"@id\":\"https:\\\/\\\/schoenstatt.com\\\/es\\\/horizontes-verdes-y-mi-santuario-interior\\\/#primaryimage\",\"url\":\"https:\\\/\\\/schoenstatt.com\\\/wp-content\\\/uploads\\\/2025\\\/10\\\/ecology.webp\",\"contentUrl\":\"https:\\\/\\\/schoenstatt.com\\\/wp-content\\\/uploads\\\/2025\\\/10\\\/ecology.webp\",\"width\":2048,\"height\":1152},{\"@type\":\"BreadcrumbList\",\"@id\":\"https:\\\/\\\/schoenstatt.com\\\/es\\\/horizontes-verdes-y-mi-santuario-interior\\\/#breadcrumb\",\"itemListElement\":[{\"@type\":\"ListItem\",\"position\":1,\"name\":\"Portada\",\"item\":\"https:\\\/\\\/schoenstatt.com\\\/es\\\/home\\\/\"},{\"@type\":\"ListItem\",\"position\":2,\"name\":\"Horizontes Verdes y mi Santuario Interior\"}]},{\"@type\":\"WebSite\",\"@id\":\"https:\\\/\\\/schoenstatt.com\\\/es\\\/#website\",\"url\":\"https:\\\/\\\/schoenstatt.com\\\/es\\\/\",\"name\":\"Schoenstatt\",\"description\":\"Apostolic Movement\",\"publisher\":{\"@id\":\"https:\\\/\\\/schoenstatt.com\\\/es\\\/#organization\"},\"potentialAction\":[{\"@type\":\"SearchAction\",\"target\":{\"@type\":\"EntryPoint\",\"urlTemplate\":\"https:\\\/\\\/schoenstatt.com\\\/es\\\/?s={search_term_string}\"},\"query-input\":{\"@type\":\"PropertyValueSpecification\",\"valueRequired\":true,\"valueName\":\"search_term_string\"}}],\"inLanguage\":\"es\"},{\"@type\":\"Organization\",\"@id\":\"https:\\\/\\\/schoenstatt.com\\\/es\\\/#organization\",\"name\":\"Schoenstatt\",\"url\":\"https:\\\/\\\/schoenstatt.com\\\/es\\\/\",\"logo\":{\"@type\":\"ImageObject\",\"inLanguage\":\"es\",\"@id\":\"https:\\\/\\\/schoenstatt.com\\\/es\\\/#\\\/schema\\\/logo\\\/image\\\/\",\"url\":\"https:\\\/\\\/schoenstatt.com\\\/wp-content\\\/uploads\\\/2025\\\/04\\\/logo-schoenstatt-white-696x696-1.png\",\"contentUrl\":\"https:\\\/\\\/schoenstatt.com\\\/wp-content\\\/uploads\\\/2025\\\/04\\\/logo-schoenstatt-white-696x696-1.png\",\"width\":696,\"height\":694,\"caption\":\"Schoenstatt\"},\"image\":{\"@id\":\"https:\\\/\\\/schoenstatt.com\\\/es\\\/#\\\/schema\\\/logo\\\/image\\\/\"}},{\"@type\":\"Person\",\"@id\":\"https:\\\/\\\/schoenstatt.com\\\/es\\\/#\\\/schema\\\/person\\\/5158877ad4acae98b34daaeef2a1ce6e\",\"name\":\"Karen Bueno\",\"image\":{\"@type\":\"ImageObject\",\"inLanguage\":\"es\",\"@id\":\"https:\\\/\\\/secure.gravatar.com\\\/avatar\\\/f9f4b823873154269d2b2130f195f6d41037dd0d7fc5f3cacb5c846bae70d66b?s=96&d=mm&r=g\",\"url\":\"https:\\\/\\\/secure.gravatar.com\\\/avatar\\\/f9f4b823873154269d2b2130f195f6d41037dd0d7fc5f3cacb5c846bae70d66b?s=96&d=mm&r=g\",\"contentUrl\":\"https:\\\/\\\/secure.gravatar.com\\\/avatar\\\/f9f4b823873154269d2b2130f195f6d41037dd0d7fc5f3cacb5c846bae70d66b?s=96&d=mm&r=g\",\"caption\":\"Karen Bueno\"},\"url\":\"https:\\\/\\\/schoenstatt.com\\\/es\\\/author\\\/karen-bueno\\\/\"}]}<\/script>\n<!-- \/ Yoast SEO Premium plugin. -->","yoast_head_json":{"title":"Horizontes Verdes y mi Santuario Interior - Schoenstatt","description":"\u00bfConoces el desaf\u00edo del bosque? Esta inspiraci\u00f3n puede ayudar a profundizar la Alianza de Amor al contemplar y sentir la naturaleza.","robots":{"index":"index","follow":"follow","max-snippet":"max-snippet:-1","max-image-preview":"max-image-preview:large","max-video-preview":"max-video-preview:-1"},"canonical":"https:\/\/schoenstatt.com\/es\/horizontes-verdes-y-mi-santuario-interior\/","og_locale":"es_ES","og_type":"article","og_title":"Horizontes Verdes y mi Santuario Interior","og_description":"\u00bfConoces el desaf\u00edo del bosque? Esta inspiraci\u00f3n puede ayudar a profundizar la Alianza de Amor al contemplar y sentir la naturaleza.","og_url":"https:\/\/schoenstatt.com\/es\/horizontes-verdes-y-mi-santuario-interior\/","og_site_name":"Schoenstatt","article_published_time":"2025-10-28T03:30:00+00:00","og_image":[{"width":2048,"height":1152,"url":"https:\/\/schoenstatt.com\/wp-content\/uploads\/2025\/10\/ecology.webp","type":"image\/jpeg"}],"author":"Karen Bueno","twitter_card":"summary_large_image","twitter_misc":{"Escrito por":"Karen Bueno","Tiempo de lectura":"4 minutos"},"schema":{"@context":"https:\/\/schema.org","@graph":[{"@type":"Article","@id":"https:\/\/schoenstatt.com\/es\/horizontes-verdes-y-mi-santuario-interior\/#article","isPartOf":{"@id":"https:\/\/schoenstatt.com\/es\/horizontes-verdes-y-mi-santuario-interior\/"},"author":{"name":"Karen Bueno","@id":"https:\/\/schoenstatt.com\/es\/#\/schema\/person\/5158877ad4acae98b34daaeef2a1ce6e"},"headline":"Horizontes Verdes y mi Santuario Interior","datePublished":"2025-10-28T03:30:00+00:00","mainEntityOfPage":{"@id":"https:\/\/schoenstatt.com\/es\/horizontes-verdes-y-mi-santuario-interior\/"},"wordCount":633,"publisher":{"@id":"https:\/\/schoenstatt.com\/es\/#organization"},"image":{"@id":"https:\/\/schoenstatt.com\/es\/horizontes-verdes-y-mi-santuario-interior\/#primaryimage"},"thumbnailUrl":"https:\/\/schoenstatt.com\/wp-content\/uploads\/2025\/10\/ecology.webp","keywords":["Ecolog\u00eda \/ Medio Ambiente"],"articleSection":["Medio Ambiente"],"inLanguage":"es"},{"@type":"WebPage","@id":"https:\/\/schoenstatt.com\/es\/horizontes-verdes-y-mi-santuario-interior\/","url":"https:\/\/schoenstatt.com\/es\/horizontes-verdes-y-mi-santuario-interior\/","name":"Horizontes Verdes y mi Santuario Interior - Schoenstatt","isPartOf":{"@id":"https:\/\/schoenstatt.com\/es\/#website"},"primaryImageOfPage":{"@id":"https:\/\/schoenstatt.com\/es\/horizontes-verdes-y-mi-santuario-interior\/#primaryimage"},"image":{"@id":"https:\/\/schoenstatt.com\/es\/horizontes-verdes-y-mi-santuario-interior\/#primaryimage"},"thumbnailUrl":"https:\/\/schoenstatt.com\/wp-content\/uploads\/2025\/10\/ecology.webp","datePublished":"2025-10-28T03:30:00+00:00","description":"\u00bfConoces el desaf\u00edo del bosque? Esta inspiraci\u00f3n puede ayudar a profundizar la Alianza de Amor al contemplar y sentir la naturaleza.","breadcrumb":{"@id":"https:\/\/schoenstatt.com\/es\/horizontes-verdes-y-mi-santuario-interior\/#breadcrumb"},"inLanguage":"es","potentialAction":[{"@type":"ReadAction","target":["https:\/\/schoenstatt.com\/es\/horizontes-verdes-y-mi-santuario-interior\/"]}]},{"@type":"ImageObject","inLanguage":"es","@id":"https:\/\/schoenstatt.com\/es\/horizontes-verdes-y-mi-santuario-interior\/#primaryimage","url":"https:\/\/schoenstatt.com\/wp-content\/uploads\/2025\/10\/ecology.webp","contentUrl":"https:\/\/schoenstatt.com\/wp-content\/uploads\/2025\/10\/ecology.webp","width":2048,"height":1152},{"@type":"BreadcrumbList","@id":"https:\/\/schoenstatt.com\/es\/horizontes-verdes-y-mi-santuario-interior\/#breadcrumb","itemListElement":[{"@type":"ListItem","position":1,"name":"Portada","item":"https:\/\/schoenstatt.com\/es\/home\/"},{"@type":"ListItem","position":2,"name":"Horizontes Verdes y mi Santuario Interior"}]},{"@type":"WebSite","@id":"https:\/\/schoenstatt.com\/es\/#website","url":"https:\/\/schoenstatt.com\/es\/","name":"Schoenstatt","description":"Apostolic Movement","publisher":{"@id":"https:\/\/schoenstatt.com\/es\/#organization"},"potentialAction":[{"@type":"SearchAction","target":{"@type":"EntryPoint","urlTemplate":"https:\/\/schoenstatt.com\/es\/?s={search_term_string}"},"query-input":{"@type":"PropertyValueSpecification","valueRequired":true,"valueName":"search_term_string"}}],"inLanguage":"es"},{"@type":"Organization","@id":"https:\/\/schoenstatt.com\/es\/#organization","name":"Schoenstatt","url":"https:\/\/schoenstatt.com\/es\/","logo":{"@type":"ImageObject","inLanguage":"es","@id":"https:\/\/schoenstatt.com\/es\/#\/schema\/logo\/image\/","url":"https:\/\/schoenstatt.com\/wp-content\/uploads\/2025\/04\/logo-schoenstatt-white-696x696-1.png","contentUrl":"https:\/\/schoenstatt.com\/wp-content\/uploads\/2025\/04\/logo-schoenstatt-white-696x696-1.png","width":696,"height":694,"caption":"Schoenstatt"},"image":{"@id":"https:\/\/schoenstatt.com\/es\/#\/schema\/logo\/image\/"}},{"@type":"Person","@id":"https:\/\/schoenstatt.com\/es\/#\/schema\/person\/5158877ad4acae98b34daaeef2a1ce6e","name":"Karen Bueno","image":{"@type":"ImageObject","inLanguage":"es","@id":"https:\/\/secure.gravatar.com\/avatar\/f9f4b823873154269d2b2130f195f6d41037dd0d7fc5f3cacb5c846bae70d66b?s=96&d=mm&r=g","url":"https:\/\/secure.gravatar.com\/avatar\/f9f4b823873154269d2b2130f195f6d41037dd0d7fc5f3cacb5c846bae70d66b?s=96&d=mm&r=g","contentUrl":"https:\/\/secure.gravatar.com\/avatar\/f9f4b823873154269d2b2130f195f6d41037dd0d7fc5f3cacb5c846bae70d66b?s=96&d=mm&r=g","caption":"Karen Bueno"},"url":"https:\/\/schoenstatt.com\/es\/author\/karen-bueno\/"}]}},"_links":{"self":[{"href":"https:\/\/schoenstatt.com\/es\/wp-json\/wp\/v2\/posts\/65701","targetHints":{"allow":["GET"]}}],"collection":[{"href":"https:\/\/schoenstatt.com\/es\/wp-json\/wp\/v2\/posts"}],"about":[{"href":"https:\/\/schoenstatt.com\/es\/wp-json\/wp\/v2\/types\/post"}],"author":[{"embeddable":true,"href":"https:\/\/schoenstatt.com\/es\/wp-json\/wp\/v2\/users\/3"}],"replies":[{"embeddable":true,"href":"https:\/\/schoenstatt.com\/es\/wp-json\/wp\/v2\/comments?post=65701"}],"version-history":[{"count":2,"href":"https:\/\/schoenstatt.com\/es\/wp-json\/wp\/v2\/posts\/65701\/revisions"}],"predecessor-version":[{"id":65703,"href":"https:\/\/schoenstatt.com\/es\/wp-json\/wp\/v2\/posts\/65701\/revisions\/65703"}],"wp:featuredmedia":[{"embeddable":true,"href":"https:\/\/schoenstatt.com\/es\/wp-json\/wp\/v2\/media\/65695"}],"wp:attachment":[{"href":"https:\/\/schoenstatt.com\/es\/wp-json\/wp\/v2\/media?parent=65701"}],"wp:term":[{"taxonomy":"category","embeddable":true,"href":"https:\/\/schoenstatt.com\/es\/wp-json\/wp\/v2\/categories?post=65701"},{"taxonomy":"post_tag","embeddable":true,"href":"https:\/\/schoenstatt.com\/es\/wp-json\/wp\/v2\/tags?post=65701"}],"curies":[{"name":"wp","href":"https:\/\/api.w.org\/{rel}","templated":true}]}}