{"id":65573,"date":"2025-10-25T04:30:00","date_gmt":"2025-10-25T02:30:00","guid":{"rendered":"https:\/\/schoenstatt.com\/?p=65573"},"modified":"2025-10-24T16:56:18","modified_gmt":"2025-10-24T14:56:18","slug":"la-federacion-de-familias-de-brasil-ofrece-un-regalo-al-padre-y-fundador","status":"publish","type":"post","link":"https:\/\/schoenstatt.com\/es\/la-federacion-de-familias-de-brasil-ofrece-un-regalo-al-padre-y-fundador\/","title":{"rendered":"La Federaci\u00f3n de Familias de Brasil ofrece un regalo al Padre y Fundador"},"content":{"rendered":"\n<p>\u00bfQu\u00e9 regalo se le puede dar a una persona que est\u00e1 en el cielo? \u00bfQu\u00e9 podr\u00eda alegrar a quien dedic\u00f3 su vida a la Obra de Schoenstatt? <strong>En agradecimiento por el 75\u00ba aniversario de la fundaci\u00f3n de la Federaci\u00f3n Internacional de Familias de Schoenstatt<\/strong>, esta comunidad en Brasil regala algo importante y profundo: <strong>la Alianza Filial con nuestro Padre y Fundador, el P. Jos\u00e9 Kentenich, de todos los Cursos Perpetuos. <\/strong>Esto ocurri\u00f3 el 18 de octubre, junto con la celebraci\u00f3n de los 111 a\u00f1os de la Alianza de Amor.<\/p>\n\n\n\n<p><em>\u201cFue un gran d\u00eda para la <a href=\"https:\/\/schoenstatt.com\/es\/comunidades\/family\/federacion-apostolica-de-familias-internacional-de-schoenstatt\/\">Federaci\u00f3n de Familias<\/a> en Brasil y tambi\u00e9n para nuestra comunidad internacional, para el Movimiento Apost\u00f3lico de Schoenstatt y para la Santa Iglesia, porque al sellar la Alianza Filial con nuestro Padre y Fundador, dimos un paso importante en la profundizaci\u00f3n de nuestra Alianza de Amor con la Mater\u201d<\/em>, celebran R\u00f3mulo y M\u00e1rcia Romanato, dirigentes de la Federaci\u00f3n de Familias en Brasil.<\/p>\n\n\n\n<p>Reunidos junto a la estatua del Padre y Fundador <strong>en los Santuarios de Atibaia, Bras\u00edlia, Londrina, Curitiba, Santa Mar\u00eda y Porto Alegre, los 22 Cursos Perpetuos <\/strong>vivieron un momento memorable y lleno de alegr\u00eda: algunos Cursos sellaron y otros renovaron este compromiso de filialidad y vinculaci\u00f3n con nuestro Padre y Fundador. Como s\u00edmbolo de esta Alianza Filial, cada persona recibi\u00f3 una Cruz de la Unidad, comprometi\u00e9ndose con la misi\u00f3n del Fundador.<\/p>\n\n\n\n<div style=\"height:42px\" aria-hidden=\"true\" class=\"wp-block-spacer\"><\/div>\n\n\n\n<figure class=\"wp-block-image aligncenter size-full\"><img decoding=\"async\" src=\"https:\/\/schoenstatt.com\/wp-content\/uploads\/2025\/10\/Unity-Cross-2.jpg\" alt=\"\" class=\"wp-image-65550\"\/><\/figure>\n\n\n\n<div style=\"height:42px\" aria-hidden=\"true\" class=\"wp-block-spacer\"><\/div>\n\n\n\n<h3 class=\"wp-block-heading\" id=\"h-formacion-mensual-en-preparacion-para-el-gran-dia\">Formaci\u00f3n mensual en preparaci\u00f3n para el gran d\u00eda<\/h3>\n\n\n\n<p>La preparaci\u00f3n para este momento inolvidable se llev\u00f3 a cabo de abril a octubre, en modalidad en l\u00ednea, con temas fundamentales para preparar los corazones de los hijos y as\u00ed fortalecer esta corriente de vida y vinculaci\u00f3n con nuestro Padre y Fundador, insert\u00e1ndonos m\u00e1s profundamente en su carisma, para servir mejor a la Iglesia.<\/p>\n\n\n\n<p>La Federaci\u00f3n de Familias quiere alcanzar su ideal como comunidad tambi\u00e9n mediante la profunda vinculaci\u00f3n con la persona, la obra y la misi\u00f3n del Padre Jos\u00e9 Kentenich, ya que estamos convencidos de que su carisma es un regalo que el Esp\u00edritu Santo nos da para enriquecer a la Iglesia.<\/p>\n\n\n\n<p>Los contenidos de las formaciones profundizaron nuestro conocimiento y reflexi\u00f3n sobre su paternidad, su carisma, la forma en que Dios condujo la Obra de Schoenstatt en la vinculaci\u00f3n con \u00e9l y el objetivo de alcanzar la filialidad heroica ante Dios Padre. Esto nos permiti\u00f3 prepararnos tanto intelectual como voluntariamente para esta entrega.<\/p>\n\n\n\n<p><strong>Hay tres formas de garantizar la vinculaci\u00f3n con el Padre y Fundador,<\/strong> seg\u00fan nos dice el P. Alex Menningen, su fiel seguidor, en una conferencia en el Congreso de Octubre de 1968:<\/p>\n\n\n\n<div style=\"height:41px\" aria-hidden=\"true\" class=\"wp-block-spacer\"><\/div>\n\n\n\n<hr class=\"wp-block-separator has-text-color has-alpha-channel-opacity has-background\" style=\"background-color:#dc7e3b;color:#dc7e3b\"\/>\n\n\n\n<div style=\"height:23px\" aria-hidden=\"true\" class=\"wp-block-spacer\"><\/div>\n\n\n\n<p><em><strong>La inteligencia<\/strong> busca penetrar cada vez m\u00e1s profundamente en la espiritualidad del Fundador. Junto a \u00e9l, se busca evaluar los problemas del tiempo seg\u00fan la visi\u00f3n de Dios. Esto, a veces, puede resultarnos dif\u00edcil, porque, contagiados por el esp\u00edritu del tiempo, vemos las cosas de manera superficial y queremos resolverlas r\u00e1pidamente. Estar vinculado al Padre significa ser, como \u00e9l, atentos a los signos de los tiempos, dando respuestas desde una perspectiva de fe. Esto exige que nuestra inteligencia penetre cada vez m\u00e1s en las palabras y ense\u00f1anzas del Fundador, para analizarlas, reflexionar sobre ellas, comprenderlas y aplicarlas en nuestras vidas.<\/em><\/p>\n\n\n\n<p><em><strong>La voluntad <\/strong>asume los objetivos del Fundador y los transforma en misi\u00f3n personal. Cuanto m\u00e1s profunda sea la uni\u00f3n de la voluntad con el Padre de la Familia de Schoenstatt, m\u00e1s protegidos estaremos contra los impulsos que nos llevan a actuar sin principios y m\u00e1s nos esforzaremos por permanecer fieles a \u00e9l, en obediencia corresponsable.\u201d<\/em><\/p>\n\n\n\n<p><em>Sin embargo, el P. Menningen nos advierte que no basta con unir la inteligencia y la voluntad si no se llega tambi\u00e9n a<strong> unir el coraz\u00f3n<\/strong>, es decir, por la v\u00eda del amor. Necesitamos querer conocerlo, para estimarlo y, finalmente, amarlo como nuestro padre espiritual, que nos dej\u00f3 la riqueza de la espiritualidad de Schoenstatt como herencia y como misi\u00f3n para realizar al servicio de la Iglesia.<\/em><\/p>\n\n\n\n<div style=\"height:23px\" aria-hidden=\"true\" class=\"wp-block-spacer\"><\/div>\n\n\n\n<hr class=\"wp-block-separator has-text-color has-alpha-channel-opacity has-background\" style=\"background-color:#dc7e3b;color:#dc7e3b\"\/>\n\n\n\n<div style=\"height:32px\" aria-hidden=\"true\" class=\"wp-block-spacer\"><\/div>\n\n\n\n<h3 class=\"wp-block-heading\" id=\"h-el-vinculo-con-su-persona-y-su-carisma\">El v\u00ednculo con su persona y su carisma<\/h3>\n\n\n\n<p>Es importante destacar tambi\u00e9n que <strong>hay diferentes grados de v\u00ednculo con el Fundador<\/strong>, y todos son importantes, porque es Dios quien conduce estos v\u00ednculos.<strong> Como comunidad de gu\u00edas, la Federaci\u00f3n de Familias aspira al v\u00ednculo de amor filial, porque est\u00e1 llamada a participar en su carisma, como l\u00edderes.<\/strong><\/p>\n\n\n\n<div style=\"height:30px\" aria-hidden=\"true\" class=\"wp-block-spacer\"><\/div>\n\n\n\n<figure class=\"wp-block-image aligncenter size-full\"><img decoding=\"async\" src=\"https:\/\/schoenstatt.com\/wp-content\/uploads\/2025\/10\/Kentenich-Porto-Alegre-Brazil.jpg\" alt=\"\" class=\"wp-image-65555\"\/><figcaption class=\"wp-element-caption\">Estatua de nuestro Padre y Fundador en el Santuario de Porto Alegre (Foto: Marcia Kazumi)<\/figcaption><\/figure>\n\n\n\n<p>Por \u00faltimo, y lo m\u00e1s importante, necesitamos contar con la acci\u00f3n de la gracia dada por Dios. No se puede obligar a nadie a abrirse a ella y hay que estar dispuesto a recibirla como un don y una misi\u00f3n.<\/p>\n\n\n\n<p>Luiz Antonio Machado, junto con su esposa Cleonice, sell\u00f3 la Alianza Filial en el Santuario Tabor Magnificat, en Curitiba, y comparte:<em> \u201cPara quien nunca ha tenido la oportunidad de conocer o convivir con una figura paterna, es muy dif\u00edcil llamar \u2018padre\u2019 a alguien, aparte de Dios. Por eso, sellar la Alianza Filial con el Padre y Fundador representa superar una barrera personal que me causaba angustia, a pesar de reconocer humildemente que el Fundador fue un instrumento utilizado por la MTA para conquistar corazones para su amado Hijo Jesucristo. Por voluntad de la MTA y por la Gracia Divina, en alg\u00fan momento de mi camino junto a la Federaci\u00f3n de Familias, mi coraz\u00f3n fue profundamente conmovido. Fui liberado de mi ceguera emocional y, con serenidad, hoy puedo afirmar: el P. Jos\u00e9 Kentenich es mi \u2018pap\u00e1\u2019.\u201d<\/em><\/p>\n\n\n\n<p>Para Cleber y Marilsa Lima, de Londrina: <em>\u201cSellar la Alianza Filial con el Fundador va mucho m\u00e1s all\u00e1 de aceptar al P. Kentenich como Fundador de la Obra a la que pertenecemos y de reconocer su entrega total a esta Obra. Para nosotros, es la certeza de que tenemos un padre que cuid\u00f3 de manera \u00fanica a cada uno de sus hijos espirituales en la tierra y que, en el cielo, intercede por cada uno de nosotros ante el buen Dios. Es tambi\u00e9n un impulso para luchar por la santidad siguiendo sus ejemplos y ense\u00f1anzas. Esta filialidad al Padre y Fundador nos lleva a estar m\u00e1s cerca de Dios y a reconocer sus mensajes en las cosas cotidianas e intensificar la fe pr\u00e1ctica en la Divina Providencia.\u201d<\/em><\/p>\n\n\n\n<p>Creemos que no podr\u00edamos ofrecer mejor regalo a nuestro querido y amado Padre y Fundador por el jubileo de la fundaci\u00f3n de la Federaci\u00f3n de Familias. Que seamos siempre fieles a esta Alianza Filial sellada, para recorrer el camino de la santidad filial que Schoenstatt nos propone, y entregarnos, llenos de confianza, al amor paterno de Dios que gu\u00eda nuestra vida, a trav\u00e9s de causas segundas. Que nuestro Padre y Fundador siga intercediendo y bendiciendo a nuestra Comunidad.<\/p>\n","protected":false},"excerpt":{"rendered":"<p>Los cursos que ya han hecho la consagraci\u00f3n perpetua en la Federaci\u00f3n de Familias de Brasil ofrecieron un regalo al Padre y Fundador.<\/p>\n","protected":false},"author":3,"featured_media":65564,"comment_status":"closed","ping_status":"closed","sticky":false,"template":"","format":"standard","meta":{"footnotes":""},"categories":[864,909],"tags":[1149,1300,1136],"class_list":["post-65573","post","type-post","status-publish","format-standard","has-post-thumbnail","hentry","category-america-es","category-comunidades-de-schoenstatt-es","tag-federacion-de-familias-de-schoenstatt-es","tag-padre-jose-kentenich-es","tag-schoenstatt-brasil-es"],"yoast_head":"<!-- This site is optimized with the Yoast SEO Premium plugin v27.4 (Yoast SEO v27.4) - https:\/\/yoast.com\/product\/yoast-seo-premium-wordpress\/ -->\n<title>La Federaci\u00f3n de Familias de Brasil ofrece un regalo al Padre y Fundador<\/title>\n<meta name=\"description\" content=\"Los cursos que ya han hecho la consagraci\u00f3n perpetua en la Federaci\u00f3n de Familias de Brasil ofrecieron un regalo al Padre y Fundador.\" \/>\n<meta name=\"robots\" content=\"index, follow, max-snippet:-1, max-image-preview:large, max-video-preview:-1\" \/>\n<link rel=\"canonical\" href=\"https:\/\/schoenstatt.com\/es\/la-federacion-de-familias-de-brasil-ofrece-un-regalo-al-padre-y-fundador\/\" \/>\n<meta property=\"og:locale\" content=\"es_ES\" \/>\n<meta property=\"og:type\" content=\"article\" \/>\n<meta property=\"og:title\" content=\"La Federaci\u00f3n de Familias de Brasil ofrece un regalo al Padre y Fundador\" \/>\n<meta property=\"og:description\" content=\"Los cursos que ya han hecho la consagraci\u00f3n perpetua en la Federaci\u00f3n de Familias de Brasil ofrecieron un regalo al Padre y Fundador.\" \/>\n<meta property=\"og:url\" content=\"https:\/\/schoenstatt.com\/es\/la-federacion-de-familias-de-brasil-ofrece-un-regalo-al-padre-y-fundador\/\" \/>\n<meta property=\"og:site_name\" content=\"Schoenstatt\" \/>\n<meta property=\"article:published_time\" content=\"2025-10-25T02:30:00+00:00\" \/>\n<meta property=\"og:image\" content=\"https:\/\/schoenstatt.com\/wp-content\/uploads\/2025\/10\/Unity-Cross.webp\" \/>\n\t<meta property=\"og:image:width\" content=\"2048\" \/>\n\t<meta property=\"og:image:height\" content=\"1219\" \/>\n\t<meta property=\"og:image:type\" content=\"image\/jpeg\" \/>\n<meta name=\"author\" content=\"Karen Bueno\" \/>\n<meta name=\"twitter:card\" content=\"summary_large_image\" \/>\n<meta name=\"twitter:label1\" content=\"Escrito por\" \/>\n\t<meta name=\"twitter:data1\" content=\"Karen Bueno\" \/>\n\t<meta name=\"twitter:label2\" content=\"Tiempo de lectura\" \/>\n\t<meta name=\"twitter:data2\" content=\"7 minutos\" \/>\n<script type=\"application\/ld+json\" class=\"yoast-schema-graph\">{\"@context\":\"https:\\\/\\\/schema.org\",\"@graph\":[{\"@type\":\"Article\",\"@id\":\"https:\\\/\\\/schoenstatt.com\\\/es\\\/la-federacion-de-familias-de-brasil-ofrece-un-regalo-al-padre-y-fundador\\\/#article\",\"isPartOf\":{\"@id\":\"https:\\\/\\\/schoenstatt.com\\\/es\\\/la-federacion-de-familias-de-brasil-ofrece-un-regalo-al-padre-y-fundador\\\/\"},\"author\":{\"name\":\"Karen Bueno\",\"@id\":\"https:\\\/\\\/schoenstatt.com\\\/es\\\/#\\\/schema\\\/person\\\/5158877ad4acae98b34daaeef2a1ce6e\"},\"headline\":\"La Federaci\u00f3n de Familias de Brasil ofrece un regalo al Padre y Fundador\",\"datePublished\":\"2025-10-25T02:30:00+00:00\",\"mainEntityOfPage\":{\"@id\":\"https:\\\/\\\/schoenstatt.com\\\/es\\\/la-federacion-de-familias-de-brasil-ofrece-un-regalo-al-padre-y-fundador\\\/\"},\"wordCount\":1183,\"publisher\":{\"@id\":\"https:\\\/\\\/schoenstatt.com\\\/es\\\/#organization\"},\"image\":{\"@id\":\"https:\\\/\\\/schoenstatt.com\\\/es\\\/la-federacion-de-familias-de-brasil-ofrece-un-regalo-al-padre-y-fundador\\\/#primaryimage\"},\"thumbnailUrl\":\"https:\\\/\\\/schoenstatt.com\\\/wp-content\\\/uploads\\\/2025\\\/10\\\/Unity-Cross.webp\",\"keywords\":[\"Federaci\u00f3n de Familias de Schoenstatt\",\"Padre Jos\u00e9 Kentenich\",\"Schoenstatt Brasil\"],\"articleSection\":[\"Am\u00e9rica\",\"Comunidades de Schoenstatt\"],\"inLanguage\":\"es\"},{\"@type\":\"WebPage\",\"@id\":\"https:\\\/\\\/schoenstatt.com\\\/es\\\/la-federacion-de-familias-de-brasil-ofrece-un-regalo-al-padre-y-fundador\\\/\",\"url\":\"https:\\\/\\\/schoenstatt.com\\\/es\\\/la-federacion-de-familias-de-brasil-ofrece-un-regalo-al-padre-y-fundador\\\/\",\"name\":\"La Federaci\u00f3n de Familias de Brasil ofrece un regalo al Padre y Fundador\",\"isPartOf\":{\"@id\":\"https:\\\/\\\/schoenstatt.com\\\/es\\\/#website\"},\"primaryImageOfPage\":{\"@id\":\"https:\\\/\\\/schoenstatt.com\\\/es\\\/la-federacion-de-familias-de-brasil-ofrece-un-regalo-al-padre-y-fundador\\\/#primaryimage\"},\"image\":{\"@id\":\"https:\\\/\\\/schoenstatt.com\\\/es\\\/la-federacion-de-familias-de-brasil-ofrece-un-regalo-al-padre-y-fundador\\\/#primaryimage\"},\"thumbnailUrl\":\"https:\\\/\\\/schoenstatt.com\\\/wp-content\\\/uploads\\\/2025\\\/10\\\/Unity-Cross.webp\",\"datePublished\":\"2025-10-25T02:30:00+00:00\",\"description\":\"Los cursos que ya han hecho la consagraci\u00f3n perpetua en la Federaci\u00f3n de Familias de Brasil ofrecieron un regalo al Padre y Fundador.\",\"breadcrumb\":{\"@id\":\"https:\\\/\\\/schoenstatt.com\\\/es\\\/la-federacion-de-familias-de-brasil-ofrece-un-regalo-al-padre-y-fundador\\\/#breadcrumb\"},\"inLanguage\":\"es\",\"potentialAction\":[{\"@type\":\"ReadAction\",\"target\":[\"https:\\\/\\\/schoenstatt.com\\\/es\\\/la-federacion-de-familias-de-brasil-ofrece-un-regalo-al-padre-y-fundador\\\/\"]}]},{\"@type\":\"ImageObject\",\"inLanguage\":\"es\",\"@id\":\"https:\\\/\\\/schoenstatt.com\\\/es\\\/la-federacion-de-familias-de-brasil-ofrece-un-regalo-al-padre-y-fundador\\\/#primaryimage\",\"url\":\"https:\\\/\\\/schoenstatt.com\\\/wp-content\\\/uploads\\\/2025\\\/10\\\/Unity-Cross.webp\",\"contentUrl\":\"https:\\\/\\\/schoenstatt.com\\\/wp-content\\\/uploads\\\/2025\\\/10\\\/Unity-Cross.webp\",\"width\":2048,\"height\":1219},{\"@type\":\"BreadcrumbList\",\"@id\":\"https:\\\/\\\/schoenstatt.com\\\/es\\\/la-federacion-de-familias-de-brasil-ofrece-un-regalo-al-padre-y-fundador\\\/#breadcrumb\",\"itemListElement\":[{\"@type\":\"ListItem\",\"position\":1,\"name\":\"Portada\",\"item\":\"https:\\\/\\\/schoenstatt.com\\\/es\\\/home\\\/\"},{\"@type\":\"ListItem\",\"position\":2,\"name\":\"La Federaci\u00f3n de Familias de Brasil ofrece un regalo al Padre y Fundador\"}]},{\"@type\":\"WebSite\",\"@id\":\"https:\\\/\\\/schoenstatt.com\\\/es\\\/#website\",\"url\":\"https:\\\/\\\/schoenstatt.com\\\/es\\\/\",\"name\":\"Schoenstatt\",\"description\":\"Apostolic Movement\",\"publisher\":{\"@id\":\"https:\\\/\\\/schoenstatt.com\\\/es\\\/#organization\"},\"potentialAction\":[{\"@type\":\"SearchAction\",\"target\":{\"@type\":\"EntryPoint\",\"urlTemplate\":\"https:\\\/\\\/schoenstatt.com\\\/es\\\/?s={search_term_string}\"},\"query-input\":{\"@type\":\"PropertyValueSpecification\",\"valueRequired\":true,\"valueName\":\"search_term_string\"}}],\"inLanguage\":\"es\"},{\"@type\":\"Organization\",\"@id\":\"https:\\\/\\\/schoenstatt.com\\\/es\\\/#organization\",\"name\":\"Schoenstatt\",\"url\":\"https:\\\/\\\/schoenstatt.com\\\/es\\\/\",\"logo\":{\"@type\":\"ImageObject\",\"inLanguage\":\"es\",\"@id\":\"https:\\\/\\\/schoenstatt.com\\\/es\\\/#\\\/schema\\\/logo\\\/image\\\/\",\"url\":\"https:\\\/\\\/schoenstatt.com\\\/wp-content\\\/uploads\\\/2025\\\/04\\\/logo-schoenstatt-white-696x696-1.png\",\"contentUrl\":\"https:\\\/\\\/schoenstatt.com\\\/wp-content\\\/uploads\\\/2025\\\/04\\\/logo-schoenstatt-white-696x696-1.png\",\"width\":696,\"height\":694,\"caption\":\"Schoenstatt\"},\"image\":{\"@id\":\"https:\\\/\\\/schoenstatt.com\\\/es\\\/#\\\/schema\\\/logo\\\/image\\\/\"}},{\"@type\":\"Person\",\"@id\":\"https:\\\/\\\/schoenstatt.com\\\/es\\\/#\\\/schema\\\/person\\\/5158877ad4acae98b34daaeef2a1ce6e\",\"name\":\"Karen Bueno\",\"image\":{\"@type\":\"ImageObject\",\"inLanguage\":\"es\",\"@id\":\"https:\\\/\\\/secure.gravatar.com\\\/avatar\\\/f9f4b823873154269d2b2130f195f6d41037dd0d7fc5f3cacb5c846bae70d66b?s=96&d=mm&r=g\",\"url\":\"https:\\\/\\\/secure.gravatar.com\\\/avatar\\\/f9f4b823873154269d2b2130f195f6d41037dd0d7fc5f3cacb5c846bae70d66b?s=96&d=mm&r=g\",\"contentUrl\":\"https:\\\/\\\/secure.gravatar.com\\\/avatar\\\/f9f4b823873154269d2b2130f195f6d41037dd0d7fc5f3cacb5c846bae70d66b?s=96&d=mm&r=g\",\"caption\":\"Karen Bueno\"},\"url\":\"https:\\\/\\\/schoenstatt.com\\\/es\\\/author\\\/karen-bueno\\\/\"}]}<\/script>\n<!-- \/ Yoast SEO Premium plugin. -->","yoast_head_json":{"title":"La Federaci\u00f3n de Familias de Brasil ofrece un regalo al Padre y Fundador","description":"Los cursos que ya han hecho la consagraci\u00f3n perpetua en la Federaci\u00f3n de Familias de Brasil ofrecieron un regalo al Padre y Fundador.","robots":{"index":"index","follow":"follow","max-snippet":"max-snippet:-1","max-image-preview":"max-image-preview:large","max-video-preview":"max-video-preview:-1"},"canonical":"https:\/\/schoenstatt.com\/es\/la-federacion-de-familias-de-brasil-ofrece-un-regalo-al-padre-y-fundador\/","og_locale":"es_ES","og_type":"article","og_title":"La Federaci\u00f3n de Familias de Brasil ofrece un regalo al Padre y Fundador","og_description":"Los cursos que ya han hecho la consagraci\u00f3n perpetua en la Federaci\u00f3n de Familias de Brasil ofrecieron un regalo al Padre y Fundador.","og_url":"https:\/\/schoenstatt.com\/es\/la-federacion-de-familias-de-brasil-ofrece-un-regalo-al-padre-y-fundador\/","og_site_name":"Schoenstatt","article_published_time":"2025-10-25T02:30:00+00:00","og_image":[{"width":2048,"height":1219,"url":"https:\/\/schoenstatt.com\/wp-content\/uploads\/2025\/10\/Unity-Cross.webp","type":"image\/jpeg"}],"author":"Karen Bueno","twitter_card":"summary_large_image","twitter_misc":{"Escrito por":"Karen Bueno","Tiempo de lectura":"7 minutos"},"schema":{"@context":"https:\/\/schema.org","@graph":[{"@type":"Article","@id":"https:\/\/schoenstatt.com\/es\/la-federacion-de-familias-de-brasil-ofrece-un-regalo-al-padre-y-fundador\/#article","isPartOf":{"@id":"https:\/\/schoenstatt.com\/es\/la-federacion-de-familias-de-brasil-ofrece-un-regalo-al-padre-y-fundador\/"},"author":{"name":"Karen Bueno","@id":"https:\/\/schoenstatt.com\/es\/#\/schema\/person\/5158877ad4acae98b34daaeef2a1ce6e"},"headline":"La Federaci\u00f3n de Familias de Brasil ofrece un regalo al Padre y Fundador","datePublished":"2025-10-25T02:30:00+00:00","mainEntityOfPage":{"@id":"https:\/\/schoenstatt.com\/es\/la-federacion-de-familias-de-brasil-ofrece-un-regalo-al-padre-y-fundador\/"},"wordCount":1183,"publisher":{"@id":"https:\/\/schoenstatt.com\/es\/#organization"},"image":{"@id":"https:\/\/schoenstatt.com\/es\/la-federacion-de-familias-de-brasil-ofrece-un-regalo-al-padre-y-fundador\/#primaryimage"},"thumbnailUrl":"https:\/\/schoenstatt.com\/wp-content\/uploads\/2025\/10\/Unity-Cross.webp","keywords":["Federaci\u00f3n de Familias de Schoenstatt","Padre Jos\u00e9 Kentenich","Schoenstatt Brasil"],"articleSection":["Am\u00e9rica","Comunidades de Schoenstatt"],"inLanguage":"es"},{"@type":"WebPage","@id":"https:\/\/schoenstatt.com\/es\/la-federacion-de-familias-de-brasil-ofrece-un-regalo-al-padre-y-fundador\/","url":"https:\/\/schoenstatt.com\/es\/la-federacion-de-familias-de-brasil-ofrece-un-regalo-al-padre-y-fundador\/","name":"La Federaci\u00f3n de Familias de Brasil ofrece un regalo al Padre y Fundador","isPartOf":{"@id":"https:\/\/schoenstatt.com\/es\/#website"},"primaryImageOfPage":{"@id":"https:\/\/schoenstatt.com\/es\/la-federacion-de-familias-de-brasil-ofrece-un-regalo-al-padre-y-fundador\/#primaryimage"},"image":{"@id":"https:\/\/schoenstatt.com\/es\/la-federacion-de-familias-de-brasil-ofrece-un-regalo-al-padre-y-fundador\/#primaryimage"},"thumbnailUrl":"https:\/\/schoenstatt.com\/wp-content\/uploads\/2025\/10\/Unity-Cross.webp","datePublished":"2025-10-25T02:30:00+00:00","description":"Los cursos que ya han hecho la consagraci\u00f3n perpetua en la Federaci\u00f3n de Familias de Brasil ofrecieron un regalo al Padre y Fundador.","breadcrumb":{"@id":"https:\/\/schoenstatt.com\/es\/la-federacion-de-familias-de-brasil-ofrece-un-regalo-al-padre-y-fundador\/#breadcrumb"},"inLanguage":"es","potentialAction":[{"@type":"ReadAction","target":["https:\/\/schoenstatt.com\/es\/la-federacion-de-familias-de-brasil-ofrece-un-regalo-al-padre-y-fundador\/"]}]},{"@type":"ImageObject","inLanguage":"es","@id":"https:\/\/schoenstatt.com\/es\/la-federacion-de-familias-de-brasil-ofrece-un-regalo-al-padre-y-fundador\/#primaryimage","url":"https:\/\/schoenstatt.com\/wp-content\/uploads\/2025\/10\/Unity-Cross.webp","contentUrl":"https:\/\/schoenstatt.com\/wp-content\/uploads\/2025\/10\/Unity-Cross.webp","width":2048,"height":1219},{"@type":"BreadcrumbList","@id":"https:\/\/schoenstatt.com\/es\/la-federacion-de-familias-de-brasil-ofrece-un-regalo-al-padre-y-fundador\/#breadcrumb","itemListElement":[{"@type":"ListItem","position":1,"name":"Portada","item":"https:\/\/schoenstatt.com\/es\/home\/"},{"@type":"ListItem","position":2,"name":"La Federaci\u00f3n de Familias de Brasil ofrece un regalo al Padre y Fundador"}]},{"@type":"WebSite","@id":"https:\/\/schoenstatt.com\/es\/#website","url":"https:\/\/schoenstatt.com\/es\/","name":"Schoenstatt","description":"Apostolic Movement","publisher":{"@id":"https:\/\/schoenstatt.com\/es\/#organization"},"potentialAction":[{"@type":"SearchAction","target":{"@type":"EntryPoint","urlTemplate":"https:\/\/schoenstatt.com\/es\/?s={search_term_string}"},"query-input":{"@type":"PropertyValueSpecification","valueRequired":true,"valueName":"search_term_string"}}],"inLanguage":"es"},{"@type":"Organization","@id":"https:\/\/schoenstatt.com\/es\/#organization","name":"Schoenstatt","url":"https:\/\/schoenstatt.com\/es\/","logo":{"@type":"ImageObject","inLanguage":"es","@id":"https:\/\/schoenstatt.com\/es\/#\/schema\/logo\/image\/","url":"https:\/\/schoenstatt.com\/wp-content\/uploads\/2025\/04\/logo-schoenstatt-white-696x696-1.png","contentUrl":"https:\/\/schoenstatt.com\/wp-content\/uploads\/2025\/04\/logo-schoenstatt-white-696x696-1.png","width":696,"height":694,"caption":"Schoenstatt"},"image":{"@id":"https:\/\/schoenstatt.com\/es\/#\/schema\/logo\/image\/"}},{"@type":"Person","@id":"https:\/\/schoenstatt.com\/es\/#\/schema\/person\/5158877ad4acae98b34daaeef2a1ce6e","name":"Karen Bueno","image":{"@type":"ImageObject","inLanguage":"es","@id":"https:\/\/secure.gravatar.com\/avatar\/f9f4b823873154269d2b2130f195f6d41037dd0d7fc5f3cacb5c846bae70d66b?s=96&d=mm&r=g","url":"https:\/\/secure.gravatar.com\/avatar\/f9f4b823873154269d2b2130f195f6d41037dd0d7fc5f3cacb5c846bae70d66b?s=96&d=mm&r=g","contentUrl":"https:\/\/secure.gravatar.com\/avatar\/f9f4b823873154269d2b2130f195f6d41037dd0d7fc5f3cacb5c846bae70d66b?s=96&d=mm&r=g","caption":"Karen Bueno"},"url":"https:\/\/schoenstatt.com\/es\/author\/karen-bueno\/"}]}},"_links":{"self":[{"href":"https:\/\/schoenstatt.com\/es\/wp-json\/wp\/v2\/posts\/65573","targetHints":{"allow":["GET"]}}],"collection":[{"href":"https:\/\/schoenstatt.com\/es\/wp-json\/wp\/v2\/posts"}],"about":[{"href":"https:\/\/schoenstatt.com\/es\/wp-json\/wp\/v2\/types\/post"}],"author":[{"embeddable":true,"href":"https:\/\/schoenstatt.com\/es\/wp-json\/wp\/v2\/users\/3"}],"replies":[{"embeddable":true,"href":"https:\/\/schoenstatt.com\/es\/wp-json\/wp\/v2\/comments?post=65573"}],"version-history":[{"count":6,"href":"https:\/\/schoenstatt.com\/es\/wp-json\/wp\/v2\/posts\/65573\/revisions"}],"predecessor-version":[{"id":65657,"href":"https:\/\/schoenstatt.com\/es\/wp-json\/wp\/v2\/posts\/65573\/revisions\/65657"}],"wp:featuredmedia":[{"embeddable":true,"href":"https:\/\/schoenstatt.com\/es\/wp-json\/wp\/v2\/media\/65564"}],"wp:attachment":[{"href":"https:\/\/schoenstatt.com\/es\/wp-json\/wp\/v2\/media?parent=65573"}],"wp:term":[{"taxonomy":"category","embeddable":true,"href":"https:\/\/schoenstatt.com\/es\/wp-json\/wp\/v2\/categories?post=65573"},{"taxonomy":"post_tag","embeddable":true,"href":"https:\/\/schoenstatt.com\/es\/wp-json\/wp\/v2\/tags?post=65573"}],"curies":[{"name":"wp","href":"https:\/\/api.w.org\/{rel}","templated":true}]}}