{"id":65142,"date":"2025-10-13T15:31:55","date_gmt":"2025-10-13T13:31:55","guid":{"rendered":"https:\/\/schoenstatt.com\/?p=65142"},"modified":"2025-10-13T15:46:56","modified_gmt":"2025-10-13T13:46:56","slug":"en-la-tierra-nace-el-cielo-un-encuentro-de-la-familia-en-torno-al-padre-y-fundador","status":"publish","type":"post","link":"https:\/\/schoenstatt.com\/es\/en-la-tierra-nace-el-cielo-un-encuentro-de-la-familia-en-torno-al-padre-y-fundador\/","title":{"rendered":"En la tierra nace el cielo \u2013 Un encuentro de la familia en torno al padre y fundador"},"content":{"rendered":"\n<p>Con la presencia de todas las comunidades de Schoenstatt en Argentina \u2014Padres de Schoenstatt, Federaci\u00f3n de Presb\u00edteros, Instituto de Sacerdotes, Instituto Nuestra Se\u00f1ora de Schoenstatt, Federaci\u00f3n de Mujeres, Federaci\u00f3n de Madres, Hermanas de Mar\u00eda, Instituto de Familias, Federaci\u00f3n de Familias, Federaci\u00f3n de Hombres, miembros de la Liga, Juventud masculina y femenina\u2014 se realiz\u00f3, junto al Santuario del Padre, el Encuentro de Reflexi\u00f3n <strong>\u201cEn la tierra nace el cielo\u201d<\/strong>, de 3 al 5 de octubre de 2025.<\/p>\n\n\n\n<p>Motivados por la responsabilidad de profundizar el carisma y de devolver al Fundador la centralidad en su Obra como Padre y Fundador, la conmemoraci\u00f3n del Concilio Vaticano II y del cuarto hito de la historia de Schoenstatt generaron el contexto propicio para desarrollar un ciclo formativo que culminara en un Encuentro de Reflexi\u00f3n en el que participamos todos. El Encuentro fue coordinado por <strong>Gabriela Heinecke<\/strong>, jefa territorial de la Federaci\u00f3n de Madres.<\/p>\n\n\n\n<figure class=\"wp-block-image aligncenter size-full\"><img fetchpriority=\"high\" decoding=\"async\" width=\"1000\" height=\"528\" src=\"https:\/\/schoenstatt.com\/wp-content\/uploads\/2025\/10\/2025-10-En-la-Tierra-nace-el-Cielo-Argentina-2025.jpg\" alt=\"\" class=\"wp-image-65103\" srcset=\"https:\/\/schoenstatt.com\/wp-content\/uploads\/2025\/10\/2025-10-En-la-Tierra-nace-el-Cielo-Argentina-2025.jpg 1000w, https:\/\/schoenstatt.com\/wp-content\/uploads\/2025\/10\/2025-10-En-la-Tierra-nace-el-Cielo-Argentina-2025-768x406.jpg 768w\" sizes=\"(max-width: 1000px) 100vw, 1000px\" \/><figcaption class=\"wp-element-caption\">P. Alejandro Blanco, Fr. Jorge Alejandro Scampini, Hna. M. Virginia Perera<\/figcaption><\/figure>\n\n\n\n<h3 class=\"wp-block-heading\" id=\"h-presentacion-de-la-apologia-pro-vita-mea\">Presentaci\u00f3n de la Apologia pro vita mea<\/h3>\n\n\n\n<p>El encuentro comenz\u00f3 con la presentaci\u00f3n de la <em>Apologia pro vita mea<\/em>, texto editado cr\u00edticamente por el Grupo Internacional de Investigaci\u00f3n. El <strong>Padre Alejandro Blanco, la Hna. Virginia Perera<\/strong> y la <strong>Hna. Elena Lugo<\/strong> (hoy en el cielo) elaboraron el texto, que fue sometido a la revisi\u00f3n cr\u00edtica acad\u00e9mica del <strong>Fr. Jorge Alejandro Scampini<\/strong>, doctor en Teolog\u00eda y consultor del Dicasterio para la Promoci\u00f3n de la Unidad de los Cristianos.<\/p>\n\n\n\n<h3 class=\"wp-block-heading\" id=\"h-canto-al-profeta\">Canto al Profeta<\/h3>\n\n\n\n<p>La noche culmin\u00f3 con el <em>Canto al Profeta<\/em>, texto elaborado por <strong>Payo y Oro L\u00f3pez Muro <\/strong>en 1977, interpretado en esta ocasi\u00f3n por la Juventud del Santuario de Belgrano, acompa\u00f1ada por los <strong>Padres Mart\u00edn Clavijo y C\u00e9sar Femia,<\/strong> de la Federaci\u00f3n de Sacerdotes.<\/p>\n\n\n\n<figure class=\"wp-block-gallery has-nested-images columns-default is-cropped wp-block-gallery-1 is-layout-flex wp-block-gallery-is-layout-flex\">\n<figure class=\"wp-block-image size-large\"><img decoding=\"async\" width=\"1000\" height=\"982\" data-id=\"65136\" src=\"https:\/\/schoenstatt.com\/wp-content\/uploads\/2025\/10\/calice-de-la-promesa.jpg\" alt=\"\" class=\"wp-image-65136\" srcset=\"https:\/\/schoenstatt.com\/wp-content\/uploads\/2025\/10\/calice-de-la-promesa.jpg 1000w, https:\/\/schoenstatt.com\/wp-content\/uploads\/2025\/10\/calice-de-la-promesa-768x754.jpg 768w\" sizes=\"(max-width: 1000px) 100vw, 1000px\" \/><\/figure>\n\n\n\n<figure class=\"wp-block-image size-large\"><img decoding=\"async\" width=\"1000\" height=\"982\" data-id=\"65131\" src=\"https:\/\/schoenstatt.com\/wp-content\/uploads\/2025\/10\/santuario-argentina.jpg\" alt=\"\" class=\"wp-image-65131\" srcset=\"https:\/\/schoenstatt.com\/wp-content\/uploads\/2025\/10\/santuario-argentina.jpg 1000w, https:\/\/schoenstatt.com\/wp-content\/uploads\/2025\/10\/santuario-argentina-768x754.jpg 768w\" sizes=\"(max-width: 1000px) 100vw, 1000px\" \/><\/figure>\n<\/figure>\n\n\n\n<h3 class=\"wp-block-heading\" id=\"h-schoenstatt-y-el-concilio-vaticano-ii\">Schoenstatt y el Concilio Vaticano II<\/h3>\n\n\n\n<p>El s\u00e1bado 4 comenz\u00f3 con una reflexi\u00f3n sobre el legado del Concilio Vaticano II, cuya finalizaci\u00f3n conmemoraremos el 8 de diciembre. El <strong>Fr. Jorge Scampini<\/strong> disert\u00f3 sobre las <strong><em>Claves de renovaci\u00f3n a partir del Concilio Vaticano II<\/em><\/strong>. Vincul\u00f3 este memorial con el legado de Nicea y se detuvo en exponer la novedad que el Concilio signific\u00f3 y que a\u00fan estamos llamados a realizar. A continuaci\u00f3n, el <strong>Padre Alejandro Blanco<\/strong> habl\u00f3 sobre <strong><em>La misi\u00f3n de Schoenstatt y el Concilio Vaticano II<\/em><\/strong>, trazando un interesante paralelo entre la biograf\u00eda del Padre Jos\u00e9 Kentenich y su misi\u00f3n carism\u00e1tica, en sinton\u00eda con el mensaje conciliar.<\/p>\n\n\n\n<p><strong>David Perera<\/strong> present\u00f3 un documental titulado <strong><em>Historia del cuarto hito de la fundaci\u00f3n de Schoenstatt<\/em><\/strong>, fruto de una investigaci\u00f3n sobre datos hist\u00f3ricos y con recursos del Archivo del Fundador en Schoenstatt. El material permiti\u00f3 captar la secuencia de acontecimientos que marcaron ese momento decisivo de nuestra historia.<\/p>\n\n\n\n<figure class=\"wp-block-image aligncenter size-full\"><img loading=\"lazy\" decoding=\"async\" width=\"1000\" height=\"667\" src=\"https:\/\/schoenstatt.com\/wp-content\/uploads\/2025\/10\/En-la-Tierra-nace-el-Cielo-Argentina.jpg\" alt=\"\" class=\"wp-image-65108\" srcset=\"https:\/\/schoenstatt.com\/wp-content\/uploads\/2025\/10\/En-la-Tierra-nace-el-Cielo-Argentina.jpg 1000w, https:\/\/schoenstatt.com\/wp-content\/uploads\/2025\/10\/En-la-Tierra-nace-el-Cielo-Argentina-768x512.jpg 768w\" sizes=\"(max-width: 1000px) 100vw, 1000px\" \/><figcaption class=\"wp-element-caption\">P. Santiago Ferrero, Jos\u00e9 Vargas, Rita Gajate, David Perera<\/figcaption><\/figure>\n\n\n\n<p>El panel, integrado por <strong>Rita Gajate<\/strong>, rectora de la Universidad Cat\u00f3lica de La Plata y junto a su esposo, <strong>Marcelo Moviglia<\/strong>, superiores del Instituto de Familias en Argentina; <strong>Jos\u00e9 Vargas<\/strong>, psic\u00f3logo cl\u00ednico y colaborador de Schoenstatt; y el <strong>Padre Santiago Ferrero<\/strong>, Padre de Schoenstatt y Director Nacional del Movimiento, reflexion\u00f3 sobre los <em><strong>Desaf\u00edos que plantea el carisma de Schoenstatt para el siglo XXI<\/strong><\/em>, a 60 a\u00f1os del cuarto hito.<\/p>\n\n\n\n<h3 class=\"wp-block-heading\" id=\"h-reflexionar-como-familia\">Reflexionar como Familia<\/h3>\n\n\n\n<p>Por la tarde se reunieron los grupos de trabajo, liderados por monitores que previamente hab\u00edan hecho llegar, a sus grupos, textos del Fundador sobre los cuales se trabajar\u00eda. En este Encuentro de Reflexi\u00f3n se dio gran importancia al intercambio, al compartir la resonancia que la lectura de los textos hab\u00eda dejado en el alma. El d\u00eda culmin\u00f3 con la procesi\u00f3n en la que llevamos el c\u00e1liz que el Fundador regal\u00f3 a Pablo VI, desde el Oratorio del Padre hasta la Iglesia de Dios Padre, donde celebramos la Eucarist\u00eda, finalizando luego en el Santuario. Esta Misa fue presidida por el <strong>Padre Dar\u00edo Gatti<\/strong>, del Instituto de Sacerdotes Diocesanos.<\/p>\n\n\n\n<p>Uno de los momentos m\u00e1s emotivos fue el recuerdo comunitario del <strong>Padre Heriberto King<\/strong>. Muchos lo conocimos por su larga permanencia en Argentina; desde Alemania, continu\u00f3 su tarea formativa. Fue un pensador, investigador y profundo conocedor del pensamiento del Padre y Fundador. Hemos podido ahondar en su legado gracias a la selecci\u00f3n de textos que realiz\u00f3 y a los libros que escribi\u00f3. La vida, el alma y los procesos vitales fueron acentos centrales en su ense\u00f1anza sobre el pensamiento del Padre Kentenich.<\/p>\n\n\n\n<figure class=\"wp-block-image aligncenter size-full\"><img loading=\"lazy\" decoding=\"async\" width=\"1000\" height=\"667\" src=\"https:\/\/schoenstatt.com\/wp-content\/uploads\/2025\/10\/En-la-Tierra-nace-el-Cielo-Argentina-2.jpg\" alt=\"\" class=\"wp-image-65113\" srcset=\"https:\/\/schoenstatt.com\/wp-content\/uploads\/2025\/10\/En-la-Tierra-nace-el-Cielo-Argentina-2.jpg 1000w, https:\/\/schoenstatt.com\/wp-content\/uploads\/2025\/10\/En-la-Tierra-nace-el-Cielo-Argentina-2-768x512.jpg 768w\" sizes=\"(max-width: 1000px) 100vw, 1000px\" \/><figcaption class=\"wp-element-caption\">Hna. Mar\u00eda Julia Ag\u00fcero, Natalia y Juli\u00e1n Apud, Mario Mart\u00ednez, Nancy Ojeda<\/figcaption><\/figure>\n\n\n\n<p>El domingo 5 de octubre recogimos los frutos tanto del Encuentro de Reflexi\u00f3n como del ciclo formativo y del paso del c\u00e1liz por todas las comunidades diocesanas de Schoenstatt, visitando santuarios y ermitas.<\/p>\n\n\n\n<p>La <strong>Hna. Mar\u00eda Julia Ag\u00fcero<\/strong> hizo un breve repaso de la vida en torno a la Casa del Padre, al cumplirse diez a\u00f1os de su inauguraci\u00f3n. <strong>Natalia y Juli\u00e1n Apud<\/strong>, de la Federaci\u00f3n de Familias, presentaron las conclusiones de los grupos, que destacaron especialmente la importancia de la formaci\u00f3n. <strong>Mario Mart\u00ednez<\/strong>, jefe territorial de la Federaci\u00f3n de Familias, y <strong>Nancy Ojeda<\/strong>, jefa regional de la Federaci\u00f3n de Mujeres, compartieron sus experiencias al coordinar el recorrido del c\u00e1liz por las diferentes comunidades, subrayando la vida que se despert\u00f3 con la renovaci\u00f3n de las promesas.<\/p>\n\n\n\n<h3 class=\"wp-block-heading\" id=\"h-renovacion-de-las-promesas-con-el-caliz-que-el-padre-regalo-a-pablo-vi\">Renovaci\u00f3n de las promesas con el c\u00e1liz que el Padre regal\u00f3 a Pablo VI<\/h3>\n\n\n\n<p>El encuentro culmin\u00f3 con la celebraci\u00f3n de la Santa Misa, presidida por <strong>Monse\u00f1or Jorge Gonz\u00e1lez,<\/strong> obispo auxiliar de La Plata y miembro de la Federaci\u00f3n de Presb\u00edteros de Schoenstatt. Ante \u00e9l, renovamos como comunidad de dirigentes las promesas que nuestro Fundador hiciera: a <strong>P\u00edo XII<\/strong>, que los Institutos Seculares ser\u00edan una bendici\u00f3n para la Iglesia; a <strong>Pablo VI,<\/strong> colaborar con la realizaci\u00f3n del Concilio Vaticano II; y a <strong>Monse\u00f1or H\u00f6ffner<\/strong>, obispo de M\u00fcnster, reconocer la paternidad de los obispos para que la Iglesia sea una familia.<\/p>\n\n\n\n<p>Fue una alegr\u00eda contar con la presencia de varios integrantes de las Direcciones Generales de diversas Comunidades: Silvina y Ra\u00fal Vi\u00f1as, matrimonio jefe de la Federaci\u00f3n Internacional de Familias, Matilde di Battista, vicejefa de la Federaci\u00f3n Internacional de Madres, Maria Guadalupe Martino, de la Direcci\u00f3n General del Instituto de Se\u00f1oras de Schoenstatt y el ya mencionado P. Alejandro Blanco, Secretario General de la Federaci\u00f3n de Presb\u00edteros.<\/p>\n\n\n\n<figure class=\"wp-block-image aligncenter size-full\"><img loading=\"lazy\" decoding=\"async\" width=\"1600\" height=\"1200\" src=\"https:\/\/schoenstatt.com\/wp-content\/uploads\/2025\/10\/argentina-2025.jpg\" alt=\"\" class=\"wp-image-65123\" srcset=\"https:\/\/schoenstatt.com\/wp-content\/uploads\/2025\/10\/argentina-2025.jpg 1600w, https:\/\/schoenstatt.com\/wp-content\/uploads\/2025\/10\/argentina-2025-768x576.jpg 768w, https:\/\/schoenstatt.com\/wp-content\/uploads\/2025\/10\/argentina-2025-1536x1152.jpg 1536w\" sizes=\"(max-width: 1600px) 100vw, 1600px\" \/><\/figure>\n\n\n\n<figure class=\"wp-block-pullquote has-medium-font-size\" style=\"border-top-color:var(--wp--preset--color--luminous-vivid-orange);border-top-style:solid;border-top-width:1px;border-bottom-color:var(--wp--preset--color--luminous-vivid-orange);border-bottom-style:solid;border-bottom-width:1px;font-style:italic;font-weight:300\"><blockquote><p>\u201cMe imagino que est\u00e1n a la expectativa ante las primeras palabras que les dir\u00e9 en esta solemne reuni\u00f3n, despu\u00e9s de 14 a\u00f1os. Puede ser algo doble. Podr\u00eda quedarme con Uds. en la tierra, pero tambi\u00e9n podr\u00eda subir con Uds. all\u00e1 arriba, no s\u00e9, al cielo. (\u2026) Nuestra ocupaci\u00f3n predilecta debe ser, en general: elevarnos de la tierra, auscultar el coraz\u00f3n de Dios, tratar de descubrir sus planes, aplicarlos a nuestra propia vida, a nuestra propia historia, e instruidos por todas las adquisiciones de esta investigaci\u00f3n, mirar claramente hacia el futuro\u201d<\/p><cite>(Padre Jos\u00e9 Kentenich, Schoenstatt, 24 de diciembre de 1965)<\/cite><\/blockquote><\/figure>\n\n\n\n<p>Todos los videos del Ciclo Introductorio y del Encuentro se encuentran disponibles en Youtube, <a href=\"https:\/\/www.youtube.com\/playlist?list=PLhJpsWiYjKP_h_oVhr-d1rDoycahkN5xB\" target=\"_blank\" rel=\"noreferrer noopener\">en el canal Schoenstatt Argentina &#8211; haga clic aqu\u00ed.<\/a><\/p>\n\n\n\n<figure class=\"wp-block-image aligncenter size-full\"><img loading=\"lazy\" decoding=\"async\" width=\"1194\" height=\"552\" src=\"https:\/\/schoenstatt.com\/wp-content\/uploads\/2025\/09\/en-la-tierra-nace-el-cielo.jpg\" alt=\"\" class=\"wp-image-63546\" srcset=\"https:\/\/schoenstatt.com\/wp-content\/uploads\/2025\/09\/en-la-tierra-nace-el-cielo.jpg 1194w, https:\/\/schoenstatt.com\/wp-content\/uploads\/2025\/09\/en-la-tierra-nace-el-cielo-768x355.jpg 768w\" sizes=\"(max-width: 1194px) 100vw, 1194px\" \/><\/figure>\n","protected":false},"excerpt":{"rendered":"<p>Argentina celebra un encuentro de profundizaci\u00f3n sobre el IV Marco hist\u00f3rico y el redescubrimiento del papel del Padre y Fundador. <\/p>\n","protected":false},"author":3,"featured_media":65122,"comment_status":"closed","ping_status":"closed","sticky":false,"template":"","format":"standard","meta":{"footnotes":""},"categories":[864,881],"tags":[1300,1116],"class_list":["post-65142","post","type-post","status-publish","format-standard","has-post-thumbnail","hentry","category-america-es","category-p-jose-kentenich-es","tag-padre-jose-kentenich-es","tag-schoenstatt-argentina-es"],"yoast_head":"<!-- This site is optimized with the Yoast SEO Premium plugin v27.4 (Yoast SEO v27.5) - https:\/\/yoast.com\/product\/yoast-seo-premium-wordpress\/ -->\n<title>En la tierra nace el cielo \u2013 Un encuentro de la familia en torno al padre y fundador - Schoenstatt<\/title>\n<meta name=\"description\" content=\"Argentina celebra un encuentro de profundizaci\u00f3n sobre el IV Marco hist\u00f3rico y el redescubrimiento del papel del Padre y Fundador.\" \/>\n<meta name=\"robots\" content=\"index, follow, max-snippet:-1, max-image-preview:large, max-video-preview:-1\" \/>\n<link rel=\"canonical\" href=\"https:\/\/schoenstatt.com\/es\/en-la-tierra-nace-el-cielo-un-encuentro-de-la-familia-en-torno-al-padre-y-fundador\/\" \/>\n<meta property=\"og:locale\" content=\"es_ES\" \/>\n<meta property=\"og:type\" content=\"article\" \/>\n<meta property=\"og:title\" content=\"En la tierra nace el cielo \u2013 Un encuentro de la familia en torno al padre y fundador\" \/>\n<meta property=\"og:description\" content=\"Argentina celebra un encuentro de profundizaci\u00f3n sobre el IV Marco hist\u00f3rico y el redescubrimiento del papel del Padre y Fundador.\" \/>\n<meta property=\"og:url\" content=\"https:\/\/schoenstatt.com\/es\/en-la-tierra-nace-el-cielo-un-encuentro-de-la-familia-en-torno-al-padre-y-fundador\/\" \/>\n<meta property=\"og:site_name\" content=\"Schoenstatt\" \/>\n<meta property=\"article:published_time\" content=\"2025-10-13T13:31:55+00:00\" \/>\n<meta property=\"article:modified_time\" content=\"2025-10-13T13:46:56+00:00\" \/>\n<meta property=\"og:image\" content=\"https:\/\/schoenstatt.com\/wp-content\/uploads\/2025\/10\/argentina-2025-b.webp\" \/>\n\t<meta property=\"og:image:width\" content=\"1600\" \/>\n\t<meta property=\"og:image:height\" content=\"773\" \/>\n\t<meta property=\"og:image:type\" content=\"image\/jpeg\" \/>\n<meta name=\"author\" content=\"Karen Bueno\" \/>\n<meta name=\"twitter:card\" content=\"summary_large_image\" \/>\n<meta name=\"twitter:label1\" content=\"Escrito por\" \/>\n\t<meta name=\"twitter:data1\" content=\"Karen Bueno\" \/>\n\t<meta name=\"twitter:label2\" content=\"Tiempo de lectura\" \/>\n\t<meta name=\"twitter:data2\" content=\"8 minutos\" \/>\n<script type=\"application\/ld+json\" class=\"yoast-schema-graph\">{\"@context\":\"https:\\\/\\\/schema.org\",\"@graph\":[{\"@type\":\"Article\",\"@id\":\"https:\\\/\\\/schoenstatt.com\\\/es\\\/en-la-tierra-nace-el-cielo-un-encuentro-de-la-familia-en-torno-al-padre-y-fundador\\\/#article\",\"isPartOf\":{\"@id\":\"https:\\\/\\\/schoenstatt.com\\\/es\\\/en-la-tierra-nace-el-cielo-un-encuentro-de-la-familia-en-torno-al-padre-y-fundador\\\/\"},\"author\":{\"name\":\"Karen Bueno\",\"@id\":\"https:\\\/\\\/schoenstatt.com\\\/es\\\/#\\\/schema\\\/person\\\/5158877ad4acae98b34daaeef2a1ce6e\"},\"headline\":\"En la tierra nace el cielo \u2013 Un encuentro de la familia en torno al padre y fundador\",\"datePublished\":\"2025-10-13T13:31:55+00:00\",\"dateModified\":\"2025-10-13T13:46:56+00:00\",\"mainEntityOfPage\":{\"@id\":\"https:\\\/\\\/schoenstatt.com\\\/es\\\/en-la-tierra-nace-el-cielo-un-encuentro-de-la-familia-en-torno-al-padre-y-fundador\\\/\"},\"wordCount\":1246,\"publisher\":{\"@id\":\"https:\\\/\\\/schoenstatt.com\\\/es\\\/#organization\"},\"image\":{\"@id\":\"https:\\\/\\\/schoenstatt.com\\\/es\\\/en-la-tierra-nace-el-cielo-un-encuentro-de-la-familia-en-torno-al-padre-y-fundador\\\/#primaryimage\"},\"thumbnailUrl\":\"https:\\\/\\\/schoenstatt.com\\\/wp-content\\\/uploads\\\/2025\\\/10\\\/argentina-2025-b.webp\",\"keywords\":[\"Padre Jos\u00e9 Kentenich\",\"Schoenstatt Argentina\"],\"articleSection\":[\"Am\u00e9rica\",\"P. Jos\u00e9 Kentenich\"],\"inLanguage\":\"es\"},{\"@type\":\"WebPage\",\"@id\":\"https:\\\/\\\/schoenstatt.com\\\/es\\\/en-la-tierra-nace-el-cielo-un-encuentro-de-la-familia-en-torno-al-padre-y-fundador\\\/\",\"url\":\"https:\\\/\\\/schoenstatt.com\\\/es\\\/en-la-tierra-nace-el-cielo-un-encuentro-de-la-familia-en-torno-al-padre-y-fundador\\\/\",\"name\":\"En la tierra nace el cielo \u2013 Un encuentro de la familia en torno al padre y fundador - Schoenstatt\",\"isPartOf\":{\"@id\":\"https:\\\/\\\/schoenstatt.com\\\/es\\\/#website\"},\"primaryImageOfPage\":{\"@id\":\"https:\\\/\\\/schoenstatt.com\\\/es\\\/en-la-tierra-nace-el-cielo-un-encuentro-de-la-familia-en-torno-al-padre-y-fundador\\\/#primaryimage\"},\"image\":{\"@id\":\"https:\\\/\\\/schoenstatt.com\\\/es\\\/en-la-tierra-nace-el-cielo-un-encuentro-de-la-familia-en-torno-al-padre-y-fundador\\\/#primaryimage\"},\"thumbnailUrl\":\"https:\\\/\\\/schoenstatt.com\\\/wp-content\\\/uploads\\\/2025\\\/10\\\/argentina-2025-b.webp\",\"datePublished\":\"2025-10-13T13:31:55+00:00\",\"dateModified\":\"2025-10-13T13:46:56+00:00\",\"description\":\"Argentina celebra un encuentro de profundizaci\u00f3n sobre el IV Marco hist\u00f3rico y el redescubrimiento del papel del Padre y Fundador.\",\"breadcrumb\":{\"@id\":\"https:\\\/\\\/schoenstatt.com\\\/es\\\/en-la-tierra-nace-el-cielo-un-encuentro-de-la-familia-en-torno-al-padre-y-fundador\\\/#breadcrumb\"},\"inLanguage\":\"es\",\"potentialAction\":[{\"@type\":\"ReadAction\",\"target\":[\"https:\\\/\\\/schoenstatt.com\\\/es\\\/en-la-tierra-nace-el-cielo-un-encuentro-de-la-familia-en-torno-al-padre-y-fundador\\\/\"]}]},{\"@type\":\"ImageObject\",\"inLanguage\":\"es\",\"@id\":\"https:\\\/\\\/schoenstatt.com\\\/es\\\/en-la-tierra-nace-el-cielo-un-encuentro-de-la-familia-en-torno-al-padre-y-fundador\\\/#primaryimage\",\"url\":\"https:\\\/\\\/schoenstatt.com\\\/wp-content\\\/uploads\\\/2025\\\/10\\\/argentina-2025-b.webp\",\"contentUrl\":\"https:\\\/\\\/schoenstatt.com\\\/wp-content\\\/uploads\\\/2025\\\/10\\\/argentina-2025-b.webp\",\"width\":1600,\"height\":773},{\"@type\":\"BreadcrumbList\",\"@id\":\"https:\\\/\\\/schoenstatt.com\\\/es\\\/en-la-tierra-nace-el-cielo-un-encuentro-de-la-familia-en-torno-al-padre-y-fundador\\\/#breadcrumb\",\"itemListElement\":[{\"@type\":\"ListItem\",\"position\":1,\"name\":\"Portada\",\"item\":\"https:\\\/\\\/schoenstatt.com\\\/es\\\/home\\\/\"},{\"@type\":\"ListItem\",\"position\":2,\"name\":\"En la tierra nace el cielo \u2013 Un encuentro de la familia en torno al padre y fundador\"}]},{\"@type\":\"WebSite\",\"@id\":\"https:\\\/\\\/schoenstatt.com\\\/es\\\/#website\",\"url\":\"https:\\\/\\\/schoenstatt.com\\\/es\\\/\",\"name\":\"Schoenstatt\",\"description\":\"Apostolic Movement\",\"publisher\":{\"@id\":\"https:\\\/\\\/schoenstatt.com\\\/es\\\/#organization\"},\"potentialAction\":[{\"@type\":\"SearchAction\",\"target\":{\"@type\":\"EntryPoint\",\"urlTemplate\":\"https:\\\/\\\/schoenstatt.com\\\/es\\\/?s={search_term_string}\"},\"query-input\":{\"@type\":\"PropertyValueSpecification\",\"valueRequired\":true,\"valueName\":\"search_term_string\"}}],\"inLanguage\":\"es\"},{\"@type\":\"Organization\",\"@id\":\"https:\\\/\\\/schoenstatt.com\\\/es\\\/#organization\",\"name\":\"Schoenstatt\",\"url\":\"https:\\\/\\\/schoenstatt.com\\\/es\\\/\",\"logo\":{\"@type\":\"ImageObject\",\"inLanguage\":\"es\",\"@id\":\"https:\\\/\\\/schoenstatt.com\\\/es\\\/#\\\/schema\\\/logo\\\/image\\\/\",\"url\":\"https:\\\/\\\/schoenstatt.com\\\/wp-content\\\/uploads\\\/2025\\\/04\\\/logo-schoenstatt-white-696x696-1.png\",\"contentUrl\":\"https:\\\/\\\/schoenstatt.com\\\/wp-content\\\/uploads\\\/2025\\\/04\\\/logo-schoenstatt-white-696x696-1.png\",\"width\":696,\"height\":694,\"caption\":\"Schoenstatt\"},\"image\":{\"@id\":\"https:\\\/\\\/schoenstatt.com\\\/es\\\/#\\\/schema\\\/logo\\\/image\\\/\"}},{\"@type\":\"Person\",\"@id\":\"https:\\\/\\\/schoenstatt.com\\\/es\\\/#\\\/schema\\\/person\\\/5158877ad4acae98b34daaeef2a1ce6e\",\"name\":\"Karen Bueno\",\"image\":{\"@type\":\"ImageObject\",\"inLanguage\":\"es\",\"@id\":\"https:\\\/\\\/secure.gravatar.com\\\/avatar\\\/f9f4b823873154269d2b2130f195f6d41037dd0d7fc5f3cacb5c846bae70d66b?s=96&d=mm&r=g\",\"url\":\"https:\\\/\\\/secure.gravatar.com\\\/avatar\\\/f9f4b823873154269d2b2130f195f6d41037dd0d7fc5f3cacb5c846bae70d66b?s=96&d=mm&r=g\",\"contentUrl\":\"https:\\\/\\\/secure.gravatar.com\\\/avatar\\\/f9f4b823873154269d2b2130f195f6d41037dd0d7fc5f3cacb5c846bae70d66b?s=96&d=mm&r=g\",\"caption\":\"Karen Bueno\"},\"url\":\"https:\\\/\\\/schoenstatt.com\\\/es\\\/author\\\/karen-bueno\\\/\"}]}<\/script>\n<!-- \/ Yoast SEO Premium plugin. -->","yoast_head_json":{"title":"En la tierra nace el cielo \u2013 Un encuentro de la familia en torno al padre y fundador - Schoenstatt","description":"Argentina celebra un encuentro de profundizaci\u00f3n sobre el IV Marco hist\u00f3rico y el redescubrimiento del papel del Padre y Fundador.","robots":{"index":"index","follow":"follow","max-snippet":"max-snippet:-1","max-image-preview":"max-image-preview:large","max-video-preview":"max-video-preview:-1"},"canonical":"https:\/\/schoenstatt.com\/es\/en-la-tierra-nace-el-cielo-un-encuentro-de-la-familia-en-torno-al-padre-y-fundador\/","og_locale":"es_ES","og_type":"article","og_title":"En la tierra nace el cielo \u2013 Un encuentro de la familia en torno al padre y fundador","og_description":"Argentina celebra un encuentro de profundizaci\u00f3n sobre el IV Marco hist\u00f3rico y el redescubrimiento del papel del Padre y Fundador.","og_url":"https:\/\/schoenstatt.com\/es\/en-la-tierra-nace-el-cielo-un-encuentro-de-la-familia-en-torno-al-padre-y-fundador\/","og_site_name":"Schoenstatt","article_published_time":"2025-10-13T13:31:55+00:00","article_modified_time":"2025-10-13T13:46:56+00:00","og_image":[{"width":1600,"height":773,"url":"https:\/\/schoenstatt.com\/wp-content\/uploads\/2025\/10\/argentina-2025-b.webp","type":"image\/jpeg"}],"author":"Karen Bueno","twitter_card":"summary_large_image","twitter_misc":{"Escrito por":"Karen Bueno","Tiempo de lectura":"8 minutos"},"schema":{"@context":"https:\/\/schema.org","@graph":[{"@type":"Article","@id":"https:\/\/schoenstatt.com\/es\/en-la-tierra-nace-el-cielo-un-encuentro-de-la-familia-en-torno-al-padre-y-fundador\/#article","isPartOf":{"@id":"https:\/\/schoenstatt.com\/es\/en-la-tierra-nace-el-cielo-un-encuentro-de-la-familia-en-torno-al-padre-y-fundador\/"},"author":{"name":"Karen Bueno","@id":"https:\/\/schoenstatt.com\/es\/#\/schema\/person\/5158877ad4acae98b34daaeef2a1ce6e"},"headline":"En la tierra nace el cielo \u2013 Un encuentro de la familia en torno al padre y fundador","datePublished":"2025-10-13T13:31:55+00:00","dateModified":"2025-10-13T13:46:56+00:00","mainEntityOfPage":{"@id":"https:\/\/schoenstatt.com\/es\/en-la-tierra-nace-el-cielo-un-encuentro-de-la-familia-en-torno-al-padre-y-fundador\/"},"wordCount":1246,"publisher":{"@id":"https:\/\/schoenstatt.com\/es\/#organization"},"image":{"@id":"https:\/\/schoenstatt.com\/es\/en-la-tierra-nace-el-cielo-un-encuentro-de-la-familia-en-torno-al-padre-y-fundador\/#primaryimage"},"thumbnailUrl":"https:\/\/schoenstatt.com\/wp-content\/uploads\/2025\/10\/argentina-2025-b.webp","keywords":["Padre Jos\u00e9 Kentenich","Schoenstatt Argentina"],"articleSection":["Am\u00e9rica","P. Jos\u00e9 Kentenich"],"inLanguage":"es"},{"@type":"WebPage","@id":"https:\/\/schoenstatt.com\/es\/en-la-tierra-nace-el-cielo-un-encuentro-de-la-familia-en-torno-al-padre-y-fundador\/","url":"https:\/\/schoenstatt.com\/es\/en-la-tierra-nace-el-cielo-un-encuentro-de-la-familia-en-torno-al-padre-y-fundador\/","name":"En la tierra nace el cielo \u2013 Un encuentro de la familia en torno al padre y fundador - Schoenstatt","isPartOf":{"@id":"https:\/\/schoenstatt.com\/es\/#website"},"primaryImageOfPage":{"@id":"https:\/\/schoenstatt.com\/es\/en-la-tierra-nace-el-cielo-un-encuentro-de-la-familia-en-torno-al-padre-y-fundador\/#primaryimage"},"image":{"@id":"https:\/\/schoenstatt.com\/es\/en-la-tierra-nace-el-cielo-un-encuentro-de-la-familia-en-torno-al-padre-y-fundador\/#primaryimage"},"thumbnailUrl":"https:\/\/schoenstatt.com\/wp-content\/uploads\/2025\/10\/argentina-2025-b.webp","datePublished":"2025-10-13T13:31:55+00:00","dateModified":"2025-10-13T13:46:56+00:00","description":"Argentina celebra un encuentro de profundizaci\u00f3n sobre el IV Marco hist\u00f3rico y el redescubrimiento del papel del Padre y Fundador.","breadcrumb":{"@id":"https:\/\/schoenstatt.com\/es\/en-la-tierra-nace-el-cielo-un-encuentro-de-la-familia-en-torno-al-padre-y-fundador\/#breadcrumb"},"inLanguage":"es","potentialAction":[{"@type":"ReadAction","target":["https:\/\/schoenstatt.com\/es\/en-la-tierra-nace-el-cielo-un-encuentro-de-la-familia-en-torno-al-padre-y-fundador\/"]}]},{"@type":"ImageObject","inLanguage":"es","@id":"https:\/\/schoenstatt.com\/es\/en-la-tierra-nace-el-cielo-un-encuentro-de-la-familia-en-torno-al-padre-y-fundador\/#primaryimage","url":"https:\/\/schoenstatt.com\/wp-content\/uploads\/2025\/10\/argentina-2025-b.webp","contentUrl":"https:\/\/schoenstatt.com\/wp-content\/uploads\/2025\/10\/argentina-2025-b.webp","width":1600,"height":773},{"@type":"BreadcrumbList","@id":"https:\/\/schoenstatt.com\/es\/en-la-tierra-nace-el-cielo-un-encuentro-de-la-familia-en-torno-al-padre-y-fundador\/#breadcrumb","itemListElement":[{"@type":"ListItem","position":1,"name":"Portada","item":"https:\/\/schoenstatt.com\/es\/home\/"},{"@type":"ListItem","position":2,"name":"En la tierra nace el cielo \u2013 Un encuentro de la familia en torno al padre y fundador"}]},{"@type":"WebSite","@id":"https:\/\/schoenstatt.com\/es\/#website","url":"https:\/\/schoenstatt.com\/es\/","name":"Schoenstatt","description":"Apostolic Movement","publisher":{"@id":"https:\/\/schoenstatt.com\/es\/#organization"},"potentialAction":[{"@type":"SearchAction","target":{"@type":"EntryPoint","urlTemplate":"https:\/\/schoenstatt.com\/es\/?s={search_term_string}"},"query-input":{"@type":"PropertyValueSpecification","valueRequired":true,"valueName":"search_term_string"}}],"inLanguage":"es"},{"@type":"Organization","@id":"https:\/\/schoenstatt.com\/es\/#organization","name":"Schoenstatt","url":"https:\/\/schoenstatt.com\/es\/","logo":{"@type":"ImageObject","inLanguage":"es","@id":"https:\/\/schoenstatt.com\/es\/#\/schema\/logo\/image\/","url":"https:\/\/schoenstatt.com\/wp-content\/uploads\/2025\/04\/logo-schoenstatt-white-696x696-1.png","contentUrl":"https:\/\/schoenstatt.com\/wp-content\/uploads\/2025\/04\/logo-schoenstatt-white-696x696-1.png","width":696,"height":694,"caption":"Schoenstatt"},"image":{"@id":"https:\/\/schoenstatt.com\/es\/#\/schema\/logo\/image\/"}},{"@type":"Person","@id":"https:\/\/schoenstatt.com\/es\/#\/schema\/person\/5158877ad4acae98b34daaeef2a1ce6e","name":"Karen Bueno","image":{"@type":"ImageObject","inLanguage":"es","@id":"https:\/\/secure.gravatar.com\/avatar\/f9f4b823873154269d2b2130f195f6d41037dd0d7fc5f3cacb5c846bae70d66b?s=96&d=mm&r=g","url":"https:\/\/secure.gravatar.com\/avatar\/f9f4b823873154269d2b2130f195f6d41037dd0d7fc5f3cacb5c846bae70d66b?s=96&d=mm&r=g","contentUrl":"https:\/\/secure.gravatar.com\/avatar\/f9f4b823873154269d2b2130f195f6d41037dd0d7fc5f3cacb5c846bae70d66b?s=96&d=mm&r=g","caption":"Karen Bueno"},"url":"https:\/\/schoenstatt.com\/es\/author\/karen-bueno\/"}]}},"_links":{"self":[{"href":"https:\/\/schoenstatt.com\/es\/wp-json\/wp\/v2\/posts\/65142","targetHints":{"allow":["GET"]}}],"collection":[{"href":"https:\/\/schoenstatt.com\/es\/wp-json\/wp\/v2\/posts"}],"about":[{"href":"https:\/\/schoenstatt.com\/es\/wp-json\/wp\/v2\/types\/post"}],"author":[{"embeddable":true,"href":"https:\/\/schoenstatt.com\/es\/wp-json\/wp\/v2\/users\/3"}],"replies":[{"embeddable":true,"href":"https:\/\/schoenstatt.com\/es\/wp-json\/wp\/v2\/comments?post=65142"}],"version-history":[{"count":2,"href":"https:\/\/schoenstatt.com\/es\/wp-json\/wp\/v2\/posts\/65142\/revisions"}],"predecessor-version":[{"id":65144,"href":"https:\/\/schoenstatt.com\/es\/wp-json\/wp\/v2\/posts\/65142\/revisions\/65144"}],"wp:featuredmedia":[{"embeddable":true,"href":"https:\/\/schoenstatt.com\/es\/wp-json\/wp\/v2\/media\/65122"}],"wp:attachment":[{"href":"https:\/\/schoenstatt.com\/es\/wp-json\/wp\/v2\/media?parent=65142"}],"wp:term":[{"taxonomy":"category","embeddable":true,"href":"https:\/\/schoenstatt.com\/es\/wp-json\/wp\/v2\/categories?post=65142"},{"taxonomy":"post_tag","embeddable":true,"href":"https:\/\/schoenstatt.com\/es\/wp-json\/wp\/v2\/tags?post=65142"}],"curies":[{"name":"wp","href":"https:\/\/api.w.org\/{rel}","templated":true}]}}