{"id":64900,"date":"2025-10-07T03:26:00","date_gmt":"2025-10-07T01:26:00","guid":{"rendered":"https:\/\/schoenstatt.com\/?p=64900"},"modified":"2025-10-06T19:59:32","modified_gmt":"2025-10-06T17:59:32","slug":"un-regalo-de-la-providencia-las-hermanas-de-maria-inauguran-su-ano-jubilar-junto-al-papa","status":"publish","type":"post","link":"https:\/\/schoenstatt.com\/es\/un-regalo-de-la-providencia-las-hermanas-de-maria-inauguran-su-ano-jubilar-junto-al-papa\/","title":{"rendered":"Un regalo de la Providencia: Las Hermanas de Mar\u00eda inauguran su A\u00f1o Jubilar junto al Papa"},"content":{"rendered":"\n<p>La comunidad de las <a href=\"https:\/\/www.s-ms.org\/es\/\" target=\"_blank\" rel=\"noreferrer noopener\">Hermanas de Mar\u00eda de Schoenstatt<\/a> <a href=\"https:\/\/schoenstatt.com\/es\/nuestros-primeros-100-anos-las-hermanas-de-maria-de-schoenstatt-inauguran-su-ano-jubilar\/\">inaugur\u00f3 el pasado mi\u00e9rcoles 1 de octubre su a\u00f1o jubilar<\/a> hacia el centenario. Para alegr\u00eda y sorpresa de todas, un grupo de Hermanas pudo celebrar esta inauguraci\u00f3n junto al Papa Le\u00f3n XIV.<\/p>\n\n\n\n<p>La Divina Providencia permiti\u00f3 que las Hermanas del Santuario Cor Ecclesiae, de Roma, estuvieran cerca del altar durante la audiencia general. La Hna. M. Clades Schwengber, de forma inesperada, tuvo la oportunidad de saludar al Papa y representar a todo el Instituto ante \u00e9l.<\/p>\n\n\n\n<figure class=\"wp-block-image aligncenter size-full\"><img fetchpriority=\"high\" decoding=\"async\" width=\"1707\" height=\"2560\" src=\"https:\/\/schoenstatt.com\/wp-content\/uploads\/2025\/10\/Pope-Leo-Sr-Clades-3-scaled.jpg\" alt=\"\" class=\"wp-image-64879\" srcset=\"https:\/\/schoenstatt.com\/wp-content\/uploads\/2025\/10\/Pope-Leo-Sr-Clades-3-scaled.jpg 1707w, https:\/\/schoenstatt.com\/wp-content\/uploads\/2025\/10\/Pope-Leo-Sr-Clades-3-768x1152.jpg 768w, https:\/\/schoenstatt.com\/wp-content\/uploads\/2025\/10\/Pope-Leo-Sr-Clades-3-1024x1536.jpg 1024w, https:\/\/schoenstatt.com\/wp-content\/uploads\/2025\/10\/Pope-Leo-Sr-Clades-3-1365x2048.jpg 1365w\" sizes=\"(max-width: 1707px) 100vw, 1707px\" \/><figcaption class=\"wp-element-caption\">Fotos: @Vatican Media<\/figcaption><\/figure>\n\n\n\n<h3 class=\"wp-block-heading\" id=\"h-a-la-espera-de-una-entrada\">A la espera de una entrada<\/h3>\n\n\n\n<p>El encuentro que vemos en la foto puede describirse como una muestra de la Providencia. Las Hermanas de Mar\u00eda, que viven en Roma, solicitaron participar en la Audiencia General para representar al Instituto y saludar al Papa en la fecha de su fundaci\u00f3n.<\/p>\n\n\n\n<p>Su petici\u00f3n fue aceptada y recibieron entradas para sentarse a la izquierda del altar. Esta oferta est\u00e1 destinada a personas que tienen un motivo especial para estar all\u00ed y participar de forma m\u00e1s activa. <strong>A pesar de ser una ubicaci\u00f3n privilegiada, quienes se sientan a la izquierda, como las Hermanas, no tienen la oportunidad de saludar personalmente al Papa.<\/strong> Por otro lado, los participantes que se sientan a la derecha forman filas para participar en el \u00abbaciamano\u00bb (el beso de la mano del Papa), y tienen la oportunidad de encontrarse personalmente con \u00e9l, entregarle regalos y decirle unas breves palabras.<\/p>\n\n\n\n<p>Sin embargo, poco antes de la audiencia, la Mater les ten\u00eda reservada una sorpresa.<\/p>\n\n\n\n<figure class=\"wp-block-image aligncenter size-full\"><img decoding=\"async\" width=\"1920\" height=\"1280\" src=\"https:\/\/schoenstatt.com\/wp-content\/uploads\/2025\/10\/Pope-Leo-Sr-Clades-2.jpg\" alt=\"\" class=\"wp-image-64874\" srcset=\"https:\/\/schoenstatt.com\/wp-content\/uploads\/2025\/10\/Pope-Leo-Sr-Clades-2.jpg 1920w, https:\/\/schoenstatt.com\/wp-content\/uploads\/2025\/10\/Pope-Leo-Sr-Clades-2-768x512.jpg 768w, https:\/\/schoenstatt.com\/wp-content\/uploads\/2025\/10\/Pope-Leo-Sr-Clades-2-1536x1024.jpg 1536w\" sizes=\"(max-width: 1920px) 100vw, 1920px\" \/><\/figure>\n\n\n\n<h3 class=\"wp-block-heading\" id=\"h-puede-usted-reunirse-hoy-con-el-papa\">\u00bfPuede usted reunirse hoy con el Papa?<\/h3>\n\n\n\n<p>Paralelamente a la petici\u00f3n de las Hermanas, un brasile\u00f1o miembro de la Liga de Familias de Schoenstatt, Vinicius Kattah, recibi\u00f3 entradas para el \u00ablado derecho\u00bb, es decir, para el encuentro personal con el Papa. Vin\u00edcius consigui\u00f3 tres entradas para estar a la derecha del altar. Es m\u00fasico en Viena y estaba en Roma para trabajar en el Dicasterio para los Laicos.<\/p>\n\n\n\n<p><strong>La Hna. M. Clades cuenta:<\/strong><\/p>\n\n\n\n<figure class=\"wp-block-pullquote has-medium-font-size\" style=\"border-top-color:var(--wp--preset--color--luminous-vivid-orange);border-top-style:solid;border-top-width:1px;border-bottom-color:var(--wp--preset--color--luminous-vivid-orange);border-bottom-style:solid;border-bottom-width:1px;font-style:italic;font-weight:300\"><blockquote><p>\u00abHab\u00eda solicitado entradas para participar, junto con su esposa, en la Audiencia General y, si era posible, para saludar al Papa. Sin embargo, la respuesta lleg\u00f3 muy tarde, tanto que su mujer decidi\u00f3 no ir a Roma. Para sorpresa de Vinicius, recibi\u00f3 tres entradas para el \u00abbaciamano\u00bb, para el saludo personal con el Papa. Como su mujer no estaba, invit\u00f3 a un amigo, que ocup\u00f3 la segunda entrada, y le sobr\u00f3 una. Llam\u00f3 a una de nuestras hermanas un poco antes de la audiencia y no sab\u00eda que est\u00e1bamos all\u00ed, ni que est\u00e1bamos inaugurando el jubileo centenario, ni que ten\u00edamos el gran deseo de saludar al Papa en ese momento en representaci\u00f3n de las Hermanas de Mar\u00eda de todo el mundo. Se produjeron dos encuentros no planificados. Entonces, Vinicius pregunt\u00f3 a las autoridades que controlaban el encuentro si pod\u00eda llamar a una hermana para que tambi\u00e9n saludara al Papa, ya que ten\u00eda una entrada de sobra. Y le concedieron ese privilegio. Ocurri\u00f3 justo cuando el Papa iba a entrar en la plaza con el papam\u00f3vil, que estaba llena de gente. As\u00ed que pueden imaginarse la emoci\u00f3n que nos invadi\u00f3 de forma inesperada y repentina.\u00bb<\/p><\/blockquote><\/figure>\n\n\n\n<h3 class=\"wp-block-heading\" id=\"h-cuando-dije-schoenstatt-el-sonrio\">Cuando dije \u00abSchoenstatt\u00bb, \u00e9l sonri\u00f3<\/h3>\n\n\n\n<p>Sin haberlo imaginado al salir de casa por la ma\u00f1ana, la Hna. M. Clades se encontr\u00f3 al otro lado del altar, siguiendo toda la audiencia y, despu\u00e9s, haciendo cola para saludar al Papa.<\/p>\n\n\n\n<figure class=\"wp-block-image size-full\"><img decoding=\"async\" width=\"1920\" height=\"1280\" src=\"https:\/\/schoenstatt.com\/wp-content\/uploads\/2025\/10\/Pope-Leo-Sr-Clades-1.jpg\" alt=\"\" class=\"wp-image-64884\" srcset=\"https:\/\/schoenstatt.com\/wp-content\/uploads\/2025\/10\/Pope-Leo-Sr-Clades-1.jpg 1920w, https:\/\/schoenstatt.com\/wp-content\/uploads\/2025\/10\/Pope-Leo-Sr-Clades-1-768x512.jpg 768w, https:\/\/schoenstatt.com\/wp-content\/uploads\/2025\/10\/Pope-Leo-Sr-Clades-1-1536x1024.jpg 1536w\" sizes=\"(max-width: 1920px) 100vw, 1920px\" \/><\/figure>\n\n\n\n<figure class=\"wp-block-pullquote has-medium-font-size\" style=\"border-top-color:var(--wp--preset--color--luminous-vivid-orange);border-top-style:solid;border-top-width:1px;border-bottom-color:var(--wp--preset--color--luminous-vivid-orange);border-bottom-style:solid;border-bottom-width:1px;font-style:italic;font-weight:300\"><blockquote><p>\u00abEl primer saludo al Papa consiste en besarle la mano y pedirle su bendici\u00f3n. Le dije que estaba all\u00ed en representaci\u00f3n del Instituto Secular de las Hermanas de Mar\u00eda de Schoenstatt, que ese d\u00eda inauguraba su centenario. Mostr\u00e9 un cartel con el n\u00famero 100 y expliqu\u00e9 que \u00e9ramos 1500 miembros consagradas de Schoenstatt, de todo el mundo, del Instituto Secular, y que yo las representaba y le ped\u00eda su bendici\u00f3n. Al terminar, \u00e9l tambi\u00e9n se interes\u00f3 cuando dije \u00abSchoenstatt\u00bb y dio una se\u00f1al de consideraci\u00f3n, sonriendo, como podemos ver en la foto. Cuando dije \u00ab100 a\u00f1os\u00bb, volvi\u00f3 a haber un gesto de admiraci\u00f3n por este jubileo. Entonces abr\u00ed completamente el cartel con m\u00e1s informaci\u00f3n, aunque no fue posible hablar de los detalles que hab\u00eda escrito. Para terminar, le dije que rezamos siempre por sus intenciones, que nos comprometemos de manera muy especial desde los santuarios de Schoenstatt, que tenemos una misi\u00f3n para la Iglesia y que, particularmente en este momento de tantos conflictos, rezamos especialmente por \u00e9l, por la Iglesia y por la paz en el mundo.\u00bb<\/p><\/blockquote><\/figure>\n\n\n\n<p>El encuentro fue un regalo de apertura especial para todo el Instituto Secular de las Hermanas de Mar\u00eda de Schoenstatt que, ese mismo d\u00eda, celebraba sus 99 a\u00f1os con entusiasmo, gratitud y expectaci\u00f3n por las muchas otras sorpresas que sin duda vendr\u00e1n.<\/p>\n\n\n\n<figure class=\"wp-block-image aligncenter size-full\"><img loading=\"lazy\" decoding=\"async\" width=\"2000\" height=\"1500\" src=\"https:\/\/schoenstatt.com\/wp-content\/uploads\/2025\/10\/Sisters-of-Mary-Rome.jpg\" alt=\"\" class=\"wp-image-64857\" srcset=\"https:\/\/schoenstatt.com\/wp-content\/uploads\/2025\/10\/Sisters-of-Mary-Rome.jpg 2000w, https:\/\/schoenstatt.com\/wp-content\/uploads\/2025\/10\/Sisters-of-Mary-Rome-768x576.jpg 768w, https:\/\/schoenstatt.com\/wp-content\/uploads\/2025\/10\/Sisters-of-Mary-Rome-1536x1152.jpg 1536w\" sizes=\"(max-width: 2000px) 100vw, 2000px\" \/><figcaption class=\"wp-element-caption\">Actualmente viven seis Hermanas, de cinco nacionalidades y diferentes idiomas, en el Santuario Cor Ecclesiae.<\/figcaption><\/figure>\n","protected":false},"excerpt":{"rendered":"<p>Las Hermanas de Mar\u00eda del Santuario Cor Ecclesiae estuvieron junto al Papa Le\u00f3n XIV en la inauguraci\u00f3n del a\u00f1o centenario de su Instituto.<\/p>\n","protected":false},"author":3,"featured_media":64878,"comment_status":"closed","ping_status":"closed","sticky":false,"template":"","format":"standard","meta":{"footnotes":""},"categories":[909],"tags":[1202],"class_list":["post-64900","post","type-post","status-publish","format-standard","has-post-thumbnail","hentry","category-comunidades-de-schoenstatt-es","tag-hermanas-de-maria-de-schoenstatt-es"],"yoast_head":"<!-- This site is optimized with the Yoast SEO Premium plugin v27.4 (Yoast SEO v27.5) - https:\/\/yoast.com\/product\/yoast-seo-premium-wordpress\/ -->\n<title>Un regalo de la Providencia: Las Hermanas de Mar\u00eda inauguran su A\u00f1o Jubilar junto al Papa<\/title>\n<meta name=\"description\" content=\"Las Hermanas de Mar\u00eda del Santuario Cor Ecclesiae estuvieron junto al Papa Le\u00f3n XIV en la inauguraci\u00f3n del a\u00f1o centenario de su Instituto.\" \/>\n<meta name=\"robots\" content=\"index, follow, max-snippet:-1, max-image-preview:large, max-video-preview:-1\" \/>\n<link rel=\"canonical\" href=\"https:\/\/schoenstatt.com\/es\/un-regalo-de-la-providencia-las-hermanas-de-maria-inauguran-su-ano-jubilar-junto-al-papa\/\" \/>\n<meta property=\"og:locale\" content=\"es_ES\" \/>\n<meta property=\"og:type\" content=\"article\" \/>\n<meta property=\"og:title\" content=\"Un regalo de la Providencia: Las Hermanas de Mar\u00eda inauguran su A\u00f1o Jubilar junto al Papa\" \/>\n<meta property=\"og:description\" content=\"Las Hermanas de Mar\u00eda del Santuario Cor Ecclesiae estuvieron junto al Papa Le\u00f3n XIV en la inauguraci\u00f3n del a\u00f1o centenario de su Instituto.\" \/>\n<meta property=\"og:url\" content=\"https:\/\/schoenstatt.com\/es\/un-regalo-de-la-providencia-las-hermanas-de-maria-inauguran-su-ano-jubilar-junto-al-papa\/\" \/>\n<meta property=\"og:site_name\" content=\"Schoenstatt\" \/>\n<meta property=\"article:published_time\" content=\"2025-10-07T01:26:00+00:00\" \/>\n<meta property=\"og:image\" content=\"https:\/\/schoenstatt.com\/wp-content\/uploads\/2025\/10\/Pope-Leo-Sr-Clades-2.jpg\" \/>\n\t<meta property=\"og:image:width\" content=\"1920\" \/>\n\t<meta property=\"og:image:height\" content=\"1280\" \/>\n\t<meta property=\"og:image:type\" content=\"image\/jpeg\" \/>\n<meta name=\"author\" content=\"Karen Bueno\" \/>\n<meta name=\"twitter:card\" content=\"summary_large_image\" \/>\n<meta name=\"twitter:label1\" content=\"Escrito por\" \/>\n\t<meta name=\"twitter:data1\" content=\"Karen Bueno\" \/>\n\t<meta name=\"twitter:label2\" content=\"Tiempo de lectura\" \/>\n\t<meta name=\"twitter:data2\" content=\"4 minutos\" \/>\n<script type=\"application\/ld+json\" class=\"yoast-schema-graph\">{\"@context\":\"https:\\\/\\\/schema.org\",\"@graph\":[{\"@type\":\"Article\",\"@id\":\"https:\\\/\\\/schoenstatt.com\\\/es\\\/un-regalo-de-la-providencia-las-hermanas-de-maria-inauguran-su-ano-jubilar-junto-al-papa\\\/#article\",\"isPartOf\":{\"@id\":\"https:\\\/\\\/schoenstatt.com\\\/es\\\/un-regalo-de-la-providencia-las-hermanas-de-maria-inauguran-su-ano-jubilar-junto-al-papa\\\/\"},\"author\":{\"name\":\"Karen Bueno\",\"@id\":\"https:\\\/\\\/schoenstatt.com\\\/es\\\/#\\\/schema\\\/person\\\/5158877ad4acae98b34daaeef2a1ce6e\"},\"headline\":\"Un regalo de la Providencia: Las Hermanas de Mar\u00eda inauguran su A\u00f1o Jubilar junto al Papa\",\"datePublished\":\"2025-10-07T01:26:00+00:00\",\"mainEntityOfPage\":{\"@id\":\"https:\\\/\\\/schoenstatt.com\\\/es\\\/un-regalo-de-la-providencia-las-hermanas-de-maria-inauguran-su-ano-jubilar-junto-al-papa\\\/\"},\"wordCount\":854,\"publisher\":{\"@id\":\"https:\\\/\\\/schoenstatt.com\\\/es\\\/#organization\"},\"image\":{\"@id\":\"https:\\\/\\\/schoenstatt.com\\\/es\\\/un-regalo-de-la-providencia-las-hermanas-de-maria-inauguran-su-ano-jubilar-junto-al-papa\\\/#primaryimage\"},\"thumbnailUrl\":\"https:\\\/\\\/schoenstatt.com\\\/wp-content\\\/uploads\\\/2025\\\/10\\\/Pope-Leo-Sr-Clades-2.jpg\",\"keywords\":[\"Hermanas de Mar\u00eda de Schoenstatt\"],\"articleSection\":[\"Comunidades de Schoenstatt\"],\"inLanguage\":\"es\"},{\"@type\":\"WebPage\",\"@id\":\"https:\\\/\\\/schoenstatt.com\\\/es\\\/un-regalo-de-la-providencia-las-hermanas-de-maria-inauguran-su-ano-jubilar-junto-al-papa\\\/\",\"url\":\"https:\\\/\\\/schoenstatt.com\\\/es\\\/un-regalo-de-la-providencia-las-hermanas-de-maria-inauguran-su-ano-jubilar-junto-al-papa\\\/\",\"name\":\"Un regalo de la Providencia: Las Hermanas de Mar\u00eda inauguran su A\u00f1o Jubilar junto al Papa\",\"isPartOf\":{\"@id\":\"https:\\\/\\\/schoenstatt.com\\\/es\\\/#website\"},\"primaryImageOfPage\":{\"@id\":\"https:\\\/\\\/schoenstatt.com\\\/es\\\/un-regalo-de-la-providencia-las-hermanas-de-maria-inauguran-su-ano-jubilar-junto-al-papa\\\/#primaryimage\"},\"image\":{\"@id\":\"https:\\\/\\\/schoenstatt.com\\\/es\\\/un-regalo-de-la-providencia-las-hermanas-de-maria-inauguran-su-ano-jubilar-junto-al-papa\\\/#primaryimage\"},\"thumbnailUrl\":\"https:\\\/\\\/schoenstatt.com\\\/wp-content\\\/uploads\\\/2025\\\/10\\\/Pope-Leo-Sr-Clades-2.jpg\",\"datePublished\":\"2025-10-07T01:26:00+00:00\",\"description\":\"Las Hermanas de Mar\u00eda del Santuario Cor Ecclesiae estuvieron junto al Papa Le\u00f3n XIV en la inauguraci\u00f3n del a\u00f1o centenario de su Instituto.\",\"breadcrumb\":{\"@id\":\"https:\\\/\\\/schoenstatt.com\\\/es\\\/un-regalo-de-la-providencia-las-hermanas-de-maria-inauguran-su-ano-jubilar-junto-al-papa\\\/#breadcrumb\"},\"inLanguage\":\"es\",\"potentialAction\":[{\"@type\":\"ReadAction\",\"target\":[\"https:\\\/\\\/schoenstatt.com\\\/es\\\/un-regalo-de-la-providencia-las-hermanas-de-maria-inauguran-su-ano-jubilar-junto-al-papa\\\/\"]}]},{\"@type\":\"ImageObject\",\"inLanguage\":\"es\",\"@id\":\"https:\\\/\\\/schoenstatt.com\\\/es\\\/un-regalo-de-la-providencia-las-hermanas-de-maria-inauguran-su-ano-jubilar-junto-al-papa\\\/#primaryimage\",\"url\":\"https:\\\/\\\/schoenstatt.com\\\/wp-content\\\/uploads\\\/2025\\\/10\\\/Pope-Leo-Sr-Clades-2.jpg\",\"contentUrl\":\"https:\\\/\\\/schoenstatt.com\\\/wp-content\\\/uploads\\\/2025\\\/10\\\/Pope-Leo-Sr-Clades-2.jpg\",\"width\":1920,\"height\":1280},{\"@type\":\"BreadcrumbList\",\"@id\":\"https:\\\/\\\/schoenstatt.com\\\/es\\\/un-regalo-de-la-providencia-las-hermanas-de-maria-inauguran-su-ano-jubilar-junto-al-papa\\\/#breadcrumb\",\"itemListElement\":[{\"@type\":\"ListItem\",\"position\":1,\"name\":\"Portada\",\"item\":\"https:\\\/\\\/schoenstatt.com\\\/es\\\/home\\\/\"},{\"@type\":\"ListItem\",\"position\":2,\"name\":\"Un regalo de la Providencia: Las Hermanas de Mar\u00eda inauguran su A\u00f1o Jubilar junto al Papa\"}]},{\"@type\":\"WebSite\",\"@id\":\"https:\\\/\\\/schoenstatt.com\\\/es\\\/#website\",\"url\":\"https:\\\/\\\/schoenstatt.com\\\/es\\\/\",\"name\":\"Schoenstatt\",\"description\":\"Apostolic Movement\",\"publisher\":{\"@id\":\"https:\\\/\\\/schoenstatt.com\\\/es\\\/#organization\"},\"potentialAction\":[{\"@type\":\"SearchAction\",\"target\":{\"@type\":\"EntryPoint\",\"urlTemplate\":\"https:\\\/\\\/schoenstatt.com\\\/es\\\/?s={search_term_string}\"},\"query-input\":{\"@type\":\"PropertyValueSpecification\",\"valueRequired\":true,\"valueName\":\"search_term_string\"}}],\"inLanguage\":\"es\"},{\"@type\":\"Organization\",\"@id\":\"https:\\\/\\\/schoenstatt.com\\\/es\\\/#organization\",\"name\":\"Schoenstatt\",\"url\":\"https:\\\/\\\/schoenstatt.com\\\/es\\\/\",\"logo\":{\"@type\":\"ImageObject\",\"inLanguage\":\"es\",\"@id\":\"https:\\\/\\\/schoenstatt.com\\\/es\\\/#\\\/schema\\\/logo\\\/image\\\/\",\"url\":\"https:\\\/\\\/schoenstatt.com\\\/wp-content\\\/uploads\\\/2025\\\/04\\\/logo-schoenstatt-white-696x696-1.png\",\"contentUrl\":\"https:\\\/\\\/schoenstatt.com\\\/wp-content\\\/uploads\\\/2025\\\/04\\\/logo-schoenstatt-white-696x696-1.png\",\"width\":696,\"height\":694,\"caption\":\"Schoenstatt\"},\"image\":{\"@id\":\"https:\\\/\\\/schoenstatt.com\\\/es\\\/#\\\/schema\\\/logo\\\/image\\\/\"}},{\"@type\":\"Person\",\"@id\":\"https:\\\/\\\/schoenstatt.com\\\/es\\\/#\\\/schema\\\/person\\\/5158877ad4acae98b34daaeef2a1ce6e\",\"name\":\"Karen Bueno\",\"image\":{\"@type\":\"ImageObject\",\"inLanguage\":\"es\",\"@id\":\"https:\\\/\\\/secure.gravatar.com\\\/avatar\\\/f9f4b823873154269d2b2130f195f6d41037dd0d7fc5f3cacb5c846bae70d66b?s=96&d=mm&r=g\",\"url\":\"https:\\\/\\\/secure.gravatar.com\\\/avatar\\\/f9f4b823873154269d2b2130f195f6d41037dd0d7fc5f3cacb5c846bae70d66b?s=96&d=mm&r=g\",\"contentUrl\":\"https:\\\/\\\/secure.gravatar.com\\\/avatar\\\/f9f4b823873154269d2b2130f195f6d41037dd0d7fc5f3cacb5c846bae70d66b?s=96&d=mm&r=g\",\"caption\":\"Karen Bueno\"},\"url\":\"https:\\\/\\\/schoenstatt.com\\\/es\\\/author\\\/karen-bueno\\\/\"}]}<\/script>\n<!-- \/ Yoast SEO Premium plugin. -->","yoast_head_json":{"title":"Un regalo de la Providencia: Las Hermanas de Mar\u00eda inauguran su A\u00f1o Jubilar junto al Papa","description":"Las Hermanas de Mar\u00eda del Santuario Cor Ecclesiae estuvieron junto al Papa Le\u00f3n XIV en la inauguraci\u00f3n del a\u00f1o centenario de su Instituto.","robots":{"index":"index","follow":"follow","max-snippet":"max-snippet:-1","max-image-preview":"max-image-preview:large","max-video-preview":"max-video-preview:-1"},"canonical":"https:\/\/schoenstatt.com\/es\/un-regalo-de-la-providencia-las-hermanas-de-maria-inauguran-su-ano-jubilar-junto-al-papa\/","og_locale":"es_ES","og_type":"article","og_title":"Un regalo de la Providencia: Las Hermanas de Mar\u00eda inauguran su A\u00f1o Jubilar junto al Papa","og_description":"Las Hermanas de Mar\u00eda del Santuario Cor Ecclesiae estuvieron junto al Papa Le\u00f3n XIV en la inauguraci\u00f3n del a\u00f1o centenario de su Instituto.","og_url":"https:\/\/schoenstatt.com\/es\/un-regalo-de-la-providencia-las-hermanas-de-maria-inauguran-su-ano-jubilar-junto-al-papa\/","og_site_name":"Schoenstatt","article_published_time":"2025-10-07T01:26:00+00:00","og_image":[{"width":1920,"height":1280,"url":"https:\/\/schoenstatt.com\/wp-content\/uploads\/2025\/10\/Pope-Leo-Sr-Clades-2.jpg","type":"image\/jpeg"}],"author":"Karen Bueno","twitter_card":"summary_large_image","twitter_misc":{"Escrito por":"Karen Bueno","Tiempo de lectura":"4 minutos"},"schema":{"@context":"https:\/\/schema.org","@graph":[{"@type":"Article","@id":"https:\/\/schoenstatt.com\/es\/un-regalo-de-la-providencia-las-hermanas-de-maria-inauguran-su-ano-jubilar-junto-al-papa\/#article","isPartOf":{"@id":"https:\/\/schoenstatt.com\/es\/un-regalo-de-la-providencia-las-hermanas-de-maria-inauguran-su-ano-jubilar-junto-al-papa\/"},"author":{"name":"Karen Bueno","@id":"https:\/\/schoenstatt.com\/es\/#\/schema\/person\/5158877ad4acae98b34daaeef2a1ce6e"},"headline":"Un regalo de la Providencia: Las Hermanas de Mar\u00eda inauguran su A\u00f1o Jubilar junto al Papa","datePublished":"2025-10-07T01:26:00+00:00","mainEntityOfPage":{"@id":"https:\/\/schoenstatt.com\/es\/un-regalo-de-la-providencia-las-hermanas-de-maria-inauguran-su-ano-jubilar-junto-al-papa\/"},"wordCount":854,"publisher":{"@id":"https:\/\/schoenstatt.com\/es\/#organization"},"image":{"@id":"https:\/\/schoenstatt.com\/es\/un-regalo-de-la-providencia-las-hermanas-de-maria-inauguran-su-ano-jubilar-junto-al-papa\/#primaryimage"},"thumbnailUrl":"https:\/\/schoenstatt.com\/wp-content\/uploads\/2025\/10\/Pope-Leo-Sr-Clades-2.jpg","keywords":["Hermanas de Mar\u00eda de Schoenstatt"],"articleSection":["Comunidades de Schoenstatt"],"inLanguage":"es"},{"@type":"WebPage","@id":"https:\/\/schoenstatt.com\/es\/un-regalo-de-la-providencia-las-hermanas-de-maria-inauguran-su-ano-jubilar-junto-al-papa\/","url":"https:\/\/schoenstatt.com\/es\/un-regalo-de-la-providencia-las-hermanas-de-maria-inauguran-su-ano-jubilar-junto-al-papa\/","name":"Un regalo de la Providencia: Las Hermanas de Mar\u00eda inauguran su A\u00f1o Jubilar junto al Papa","isPartOf":{"@id":"https:\/\/schoenstatt.com\/es\/#website"},"primaryImageOfPage":{"@id":"https:\/\/schoenstatt.com\/es\/un-regalo-de-la-providencia-las-hermanas-de-maria-inauguran-su-ano-jubilar-junto-al-papa\/#primaryimage"},"image":{"@id":"https:\/\/schoenstatt.com\/es\/un-regalo-de-la-providencia-las-hermanas-de-maria-inauguran-su-ano-jubilar-junto-al-papa\/#primaryimage"},"thumbnailUrl":"https:\/\/schoenstatt.com\/wp-content\/uploads\/2025\/10\/Pope-Leo-Sr-Clades-2.jpg","datePublished":"2025-10-07T01:26:00+00:00","description":"Las Hermanas de Mar\u00eda del Santuario Cor Ecclesiae estuvieron junto al Papa Le\u00f3n XIV en la inauguraci\u00f3n del a\u00f1o centenario de su Instituto.","breadcrumb":{"@id":"https:\/\/schoenstatt.com\/es\/un-regalo-de-la-providencia-las-hermanas-de-maria-inauguran-su-ano-jubilar-junto-al-papa\/#breadcrumb"},"inLanguage":"es","potentialAction":[{"@type":"ReadAction","target":["https:\/\/schoenstatt.com\/es\/un-regalo-de-la-providencia-las-hermanas-de-maria-inauguran-su-ano-jubilar-junto-al-papa\/"]}]},{"@type":"ImageObject","inLanguage":"es","@id":"https:\/\/schoenstatt.com\/es\/un-regalo-de-la-providencia-las-hermanas-de-maria-inauguran-su-ano-jubilar-junto-al-papa\/#primaryimage","url":"https:\/\/schoenstatt.com\/wp-content\/uploads\/2025\/10\/Pope-Leo-Sr-Clades-2.jpg","contentUrl":"https:\/\/schoenstatt.com\/wp-content\/uploads\/2025\/10\/Pope-Leo-Sr-Clades-2.jpg","width":1920,"height":1280},{"@type":"BreadcrumbList","@id":"https:\/\/schoenstatt.com\/es\/un-regalo-de-la-providencia-las-hermanas-de-maria-inauguran-su-ano-jubilar-junto-al-papa\/#breadcrumb","itemListElement":[{"@type":"ListItem","position":1,"name":"Portada","item":"https:\/\/schoenstatt.com\/es\/home\/"},{"@type":"ListItem","position":2,"name":"Un regalo de la Providencia: Las Hermanas de Mar\u00eda inauguran su A\u00f1o Jubilar junto al Papa"}]},{"@type":"WebSite","@id":"https:\/\/schoenstatt.com\/es\/#website","url":"https:\/\/schoenstatt.com\/es\/","name":"Schoenstatt","description":"Apostolic Movement","publisher":{"@id":"https:\/\/schoenstatt.com\/es\/#organization"},"potentialAction":[{"@type":"SearchAction","target":{"@type":"EntryPoint","urlTemplate":"https:\/\/schoenstatt.com\/es\/?s={search_term_string}"},"query-input":{"@type":"PropertyValueSpecification","valueRequired":true,"valueName":"search_term_string"}}],"inLanguage":"es"},{"@type":"Organization","@id":"https:\/\/schoenstatt.com\/es\/#organization","name":"Schoenstatt","url":"https:\/\/schoenstatt.com\/es\/","logo":{"@type":"ImageObject","inLanguage":"es","@id":"https:\/\/schoenstatt.com\/es\/#\/schema\/logo\/image\/","url":"https:\/\/schoenstatt.com\/wp-content\/uploads\/2025\/04\/logo-schoenstatt-white-696x696-1.png","contentUrl":"https:\/\/schoenstatt.com\/wp-content\/uploads\/2025\/04\/logo-schoenstatt-white-696x696-1.png","width":696,"height":694,"caption":"Schoenstatt"},"image":{"@id":"https:\/\/schoenstatt.com\/es\/#\/schema\/logo\/image\/"}},{"@type":"Person","@id":"https:\/\/schoenstatt.com\/es\/#\/schema\/person\/5158877ad4acae98b34daaeef2a1ce6e","name":"Karen Bueno","image":{"@type":"ImageObject","inLanguage":"es","@id":"https:\/\/secure.gravatar.com\/avatar\/f9f4b823873154269d2b2130f195f6d41037dd0d7fc5f3cacb5c846bae70d66b?s=96&d=mm&r=g","url":"https:\/\/secure.gravatar.com\/avatar\/f9f4b823873154269d2b2130f195f6d41037dd0d7fc5f3cacb5c846bae70d66b?s=96&d=mm&r=g","contentUrl":"https:\/\/secure.gravatar.com\/avatar\/f9f4b823873154269d2b2130f195f6d41037dd0d7fc5f3cacb5c846bae70d66b?s=96&d=mm&r=g","caption":"Karen Bueno"},"url":"https:\/\/schoenstatt.com\/es\/author\/karen-bueno\/"}]}},"_links":{"self":[{"href":"https:\/\/schoenstatt.com\/es\/wp-json\/wp\/v2\/posts\/64900","targetHints":{"allow":["GET"]}}],"collection":[{"href":"https:\/\/schoenstatt.com\/es\/wp-json\/wp\/v2\/posts"}],"about":[{"href":"https:\/\/schoenstatt.com\/es\/wp-json\/wp\/v2\/types\/post"}],"author":[{"embeddable":true,"href":"https:\/\/schoenstatt.com\/es\/wp-json\/wp\/v2\/users\/3"}],"replies":[{"embeddable":true,"href":"https:\/\/schoenstatt.com\/es\/wp-json\/wp\/v2\/comments?post=64900"}],"version-history":[{"count":4,"href":"https:\/\/schoenstatt.com\/es\/wp-json\/wp\/v2\/posts\/64900\/revisions"}],"predecessor-version":[{"id":64912,"href":"https:\/\/schoenstatt.com\/es\/wp-json\/wp\/v2\/posts\/64900\/revisions\/64912"}],"wp:featuredmedia":[{"embeddable":true,"href":"https:\/\/schoenstatt.com\/es\/wp-json\/wp\/v2\/media\/64878"}],"wp:attachment":[{"href":"https:\/\/schoenstatt.com\/es\/wp-json\/wp\/v2\/media?parent=64900"}],"wp:term":[{"taxonomy":"category","embeddable":true,"href":"https:\/\/schoenstatt.com\/es\/wp-json\/wp\/v2\/categories?post=64900"},{"taxonomy":"post_tag","embeddable":true,"href":"https:\/\/schoenstatt.com\/es\/wp-json\/wp\/v2\/tags?post=64900"}],"curies":[{"name":"wp","href":"https:\/\/api.w.org\/{rel}","templated":true}]}}