{"id":64869,"date":"2025-10-06T14:46:00","date_gmt":"2025-10-06T12:46:00","guid":{"rendered":"https:\/\/schoenstatt.com\/?p=64869"},"modified":"2025-10-06T14:48:59","modified_gmt":"2025-10-06T12:48:59","slug":"una-noticia-que-nos-llena-de-alegria-y-gratitud","status":"publish","type":"post","link":"https:\/\/schoenstatt.com\/es\/una-noticia-que-nos-llena-de-alegria-y-gratitud\/","title":{"rendered":"Una noticia que nos llena de alegr\u00eda y gratitud"},"content":{"rendered":"\n<p>Con profunda gratitud y alegr\u00eda queremos compartir con la Familia de Schoenstatt Internacional una noticia que nos llena el coraz\u00f3n de alegr\u00eda y gratitud fortaleciendo a\u00fan m\u00e1s nuestra confianza en la Divina Providencia y en nuestro esp\u00edritu de misi\u00f3n.<\/p>\n\n\n\n<p>Una se\u00f1ora fallecida recientemente, C.K., vinculada a la Familia de Schoenstatt, dej\u00f3 una significativa herencia a la \u201cObra de Schoenstatt\u201d. Luego de una seria y responsable deliberaci\u00f3n con las instancias correspondientes, una parte de la misma fue destinada al movimiento en su pa\u00eds de origen y otra parte, en el valor de 167.127,88 \u20ac, a los objetivos de la Campa\u00f1a \u201cTodos Somos Schoenstatt\u201d (Santuario Original, Schoenstatt Internacional y proyecto de investigaci\u00f3n sobre la Causa del Padre Kentenich). De esta forma, la Providencia Divina nos sorprendi\u00f3 y nos acerc\u00f3 a\u00fan m\u00e1s a la meta prevista para este a\u00f1o de campa\u00f1a. En breve rendiremos cuenta de c\u00f3mo estos fondos han sido distribuidos.<\/p>\n\n\n\n<p>Este gesto de amor y generosidad de una aliada de la Madre Tres veces Admirable de Schoenstatt nos impulsa a todos a seguir construyendo con fe y entrega una Familia unida que est\u00e1 al servicio de la Iglesia y del mundo.<\/p>\n\n\n\n<p>Elevamos nuestras oraciones por el alma de C.K. y damos gracias a Dios por su testimonio silencioso pero muy elocuente. Que su legado inspire a muchos a confiar en la Divina Providencia y a colaborar siempre con alegr\u00eda en nuestra misi\u00f3n com\u00fan.<\/p>\n\n\n\n<div class=\"wp-block-media-text is-stacked-on-mobile\" style=\"grid-template-columns:29% auto\"><figure class=\"wp-block-media-text__media\"><img fetchpriority=\"high\" decoding=\"async\" width=\"284\" height=\"284\" src=\"https:\/\/schoenstatt.com\/wp-content\/uploads\/2024\/10\/logo-todos-somos-schoenstatt-1.png\" alt=\"\" class=\"wp-image-41870 size-full\"\/><\/figure><div class=\"wp-block-media-text__content\">\n<p><\/p>\n\n\n\n<div class=\"wp-block-buttons is-content-justification-left is-layout-flex wp-container-core-buttons-is-layout-fc4fd283 wp-block-buttons-is-layout-flex\">\n<div class=\"wp-block-button\"><a class=\"wp-block-button__link has-white-color has-text-color has-background has-link-color wp-element-button\" href=\"https:\/\/schoenstatt.com\/es\/todos-somos-schoenstatt\/\" style=\"border-style:none;border-width:0px;border-radius:15px;background-color:#d0702b\"><strong>Participa tambi\u00e9n en la campa\u00f1a<\/strong><\/a><\/div>\n<\/div>\n<\/div><\/div>\n\n\n\n<p><\/p>\n","protected":false},"excerpt":{"rendered":"<p>P. Alexandre Awi: Con profunda gratitud y alegr\u00eda, queremos compartir una noticia especial de la Campa\u00f1a Todos Somos Schoenstatt.<\/p>\n","protected":false},"author":3,"featured_media":64870,"comment_status":"closed","ping_status":"closed","sticky":false,"template":"","format":"standard","meta":{"footnotes":""},"categories":[898],"tags":[],"class_list":["post-64869","post","type-post","status-publish","format-standard","has-post-thumbnail","hentry","category-en-mision-es"],"yoast_head":"<!-- This site is optimized with the Yoast SEO Premium plugin v27.4 (Yoast SEO v27.5) - https:\/\/yoast.com\/product\/yoast-seo-premium-wordpress\/ -->\n<title>Una noticia que nos llena de alegr\u00eda y gratitud - Schoenstatt<\/title>\n<meta name=\"description\" content=\"P. Alexandre Awi: Con profunda gratitud y alegr\u00eda, queremos compartir una noticia especial de la Campa\u00f1a Todos Somos Schoenstatt.\" \/>\n<meta name=\"robots\" content=\"index, follow, max-snippet:-1, max-image-preview:large, max-video-preview:-1\" \/>\n<link rel=\"canonical\" href=\"https:\/\/schoenstatt.com\/es\/una-noticia-que-nos-llena-de-alegria-y-gratitud\/\" \/>\n<meta property=\"og:locale\" content=\"es_ES\" \/>\n<meta property=\"og:type\" content=\"article\" \/>\n<meta property=\"og:title\" content=\"Una noticia que nos llena de alegr\u00eda y gratitud\" \/>\n<meta property=\"og:description\" content=\"P. Alexandre Awi: Con profunda gratitud y alegr\u00eda, queremos compartir una noticia especial de la Campa\u00f1a Todos Somos Schoenstatt.\" \/>\n<meta property=\"og:url\" content=\"https:\/\/schoenstatt.com\/es\/una-noticia-que-nos-llena-de-alegria-y-gratitud\/\" \/>\n<meta property=\"og:site_name\" content=\"Schoenstatt\" \/>\n<meta property=\"article:published_time\" content=\"2025-10-06T12:46:00+00:00\" \/>\n<meta property=\"article:modified_time\" content=\"2025-10-06T12:48:59+00:00\" \/>\n<meta property=\"og:image\" content=\"https:\/\/schoenstatt.com\/wp-content\/uploads\/2024\/12\/schoenstatt-santuario-original-1.jpg\" \/>\n\t<meta property=\"og:image:width\" content=\"2048\" \/>\n\t<meta property=\"og:image:height\" content=\"1342\" \/>\n\t<meta property=\"og:image:type\" content=\"image\/jpeg\" \/>\n<meta name=\"author\" content=\"Karen Bueno\" \/>\n<meta name=\"twitter:card\" content=\"summary_large_image\" \/>\n<meta name=\"twitter:label1\" content=\"Escrito por\" \/>\n\t<meta name=\"twitter:data1\" content=\"Karen Bueno\" \/>\n\t<meta name=\"twitter:label2\" content=\"Tiempo de lectura\" \/>\n\t<meta name=\"twitter:data2\" content=\"2 minutos\" \/>\n<script type=\"application\/ld+json\" class=\"yoast-schema-graph\">{\"@context\":\"https:\\\/\\\/schema.org\",\"@graph\":[{\"@type\":\"Article\",\"@id\":\"https:\\\/\\\/schoenstatt.com\\\/es\\\/una-noticia-que-nos-llena-de-alegria-y-gratitud\\\/#article\",\"isPartOf\":{\"@id\":\"https:\\\/\\\/schoenstatt.com\\\/es\\\/una-noticia-que-nos-llena-de-alegria-y-gratitud\\\/\"},\"author\":{\"name\":\"Karen Bueno\",\"@id\":\"https:\\\/\\\/schoenstatt.com\\\/es\\\/#\\\/schema\\\/person\\\/5158877ad4acae98b34daaeef2a1ce6e\"},\"headline\":\"Una noticia que nos llena de alegr\u00eda y gratitud\",\"datePublished\":\"2025-10-06T12:46:00+00:00\",\"dateModified\":\"2025-10-06T12:48:59+00:00\",\"mainEntityOfPage\":{\"@id\":\"https:\\\/\\\/schoenstatt.com\\\/es\\\/una-noticia-que-nos-llena-de-alegria-y-gratitud\\\/\"},\"wordCount\":269,\"publisher\":{\"@id\":\"https:\\\/\\\/schoenstatt.com\\\/es\\\/#organization\"},\"image\":{\"@id\":\"https:\\\/\\\/schoenstatt.com\\\/es\\\/una-noticia-que-nos-llena-de-alegria-y-gratitud\\\/#primaryimage\"},\"thumbnailUrl\":\"https:\\\/\\\/schoenstatt.com\\\/wp-content\\\/uploads\\\/2024\\\/12\\\/schoenstatt-santuario-original-1.jpg\",\"articleSection\":[\"En misi\u00f3n\"],\"inLanguage\":\"es\"},{\"@type\":\"WebPage\",\"@id\":\"https:\\\/\\\/schoenstatt.com\\\/es\\\/una-noticia-que-nos-llena-de-alegria-y-gratitud\\\/\",\"url\":\"https:\\\/\\\/schoenstatt.com\\\/es\\\/una-noticia-que-nos-llena-de-alegria-y-gratitud\\\/\",\"name\":\"Una noticia que nos llena de alegr\u00eda y gratitud - Schoenstatt\",\"isPartOf\":{\"@id\":\"https:\\\/\\\/schoenstatt.com\\\/es\\\/#website\"},\"primaryImageOfPage\":{\"@id\":\"https:\\\/\\\/schoenstatt.com\\\/es\\\/una-noticia-que-nos-llena-de-alegria-y-gratitud\\\/#primaryimage\"},\"image\":{\"@id\":\"https:\\\/\\\/schoenstatt.com\\\/es\\\/una-noticia-que-nos-llena-de-alegria-y-gratitud\\\/#primaryimage\"},\"thumbnailUrl\":\"https:\\\/\\\/schoenstatt.com\\\/wp-content\\\/uploads\\\/2024\\\/12\\\/schoenstatt-santuario-original-1.jpg\",\"datePublished\":\"2025-10-06T12:46:00+00:00\",\"dateModified\":\"2025-10-06T12:48:59+00:00\",\"description\":\"P. Alexandre Awi: Con profunda gratitud y alegr\u00eda, queremos compartir una noticia especial de la Campa\u00f1a Todos Somos Schoenstatt.\",\"breadcrumb\":{\"@id\":\"https:\\\/\\\/schoenstatt.com\\\/es\\\/una-noticia-que-nos-llena-de-alegria-y-gratitud\\\/#breadcrumb\"},\"inLanguage\":\"es\",\"potentialAction\":[{\"@type\":\"ReadAction\",\"target\":[\"https:\\\/\\\/schoenstatt.com\\\/es\\\/una-noticia-que-nos-llena-de-alegria-y-gratitud\\\/\"]}]},{\"@type\":\"ImageObject\",\"inLanguage\":\"es\",\"@id\":\"https:\\\/\\\/schoenstatt.com\\\/es\\\/una-noticia-que-nos-llena-de-alegria-y-gratitud\\\/#primaryimage\",\"url\":\"https:\\\/\\\/schoenstatt.com\\\/wp-content\\\/uploads\\\/2024\\\/12\\\/schoenstatt-santuario-original-1.jpg\",\"contentUrl\":\"https:\\\/\\\/schoenstatt.com\\\/wp-content\\\/uploads\\\/2024\\\/12\\\/schoenstatt-santuario-original-1.jpg\",\"width\":2048,\"height\":1342},{\"@type\":\"BreadcrumbList\",\"@id\":\"https:\\\/\\\/schoenstatt.com\\\/es\\\/una-noticia-que-nos-llena-de-alegria-y-gratitud\\\/#breadcrumb\",\"itemListElement\":[{\"@type\":\"ListItem\",\"position\":1,\"name\":\"Portada\",\"item\":\"https:\\\/\\\/schoenstatt.com\\\/es\\\/home\\\/\"},{\"@type\":\"ListItem\",\"position\":2,\"name\":\"Una noticia que nos llena de alegr\u00eda y gratitud\"}]},{\"@type\":\"WebSite\",\"@id\":\"https:\\\/\\\/schoenstatt.com\\\/es\\\/#website\",\"url\":\"https:\\\/\\\/schoenstatt.com\\\/es\\\/\",\"name\":\"Schoenstatt\",\"description\":\"Apostolic Movement\",\"publisher\":{\"@id\":\"https:\\\/\\\/schoenstatt.com\\\/es\\\/#organization\"},\"potentialAction\":[{\"@type\":\"SearchAction\",\"target\":{\"@type\":\"EntryPoint\",\"urlTemplate\":\"https:\\\/\\\/schoenstatt.com\\\/es\\\/?s={search_term_string}\"},\"query-input\":{\"@type\":\"PropertyValueSpecification\",\"valueRequired\":true,\"valueName\":\"search_term_string\"}}],\"inLanguage\":\"es\"},{\"@type\":\"Organization\",\"@id\":\"https:\\\/\\\/schoenstatt.com\\\/es\\\/#organization\",\"name\":\"Schoenstatt\",\"url\":\"https:\\\/\\\/schoenstatt.com\\\/es\\\/\",\"logo\":{\"@type\":\"ImageObject\",\"inLanguage\":\"es\",\"@id\":\"https:\\\/\\\/schoenstatt.com\\\/es\\\/#\\\/schema\\\/logo\\\/image\\\/\",\"url\":\"https:\\\/\\\/schoenstatt.com\\\/wp-content\\\/uploads\\\/2025\\\/04\\\/logo-schoenstatt-white-696x696-1.png\",\"contentUrl\":\"https:\\\/\\\/schoenstatt.com\\\/wp-content\\\/uploads\\\/2025\\\/04\\\/logo-schoenstatt-white-696x696-1.png\",\"width\":696,\"height\":694,\"caption\":\"Schoenstatt\"},\"image\":{\"@id\":\"https:\\\/\\\/schoenstatt.com\\\/es\\\/#\\\/schema\\\/logo\\\/image\\\/\"}},{\"@type\":\"Person\",\"@id\":\"https:\\\/\\\/schoenstatt.com\\\/es\\\/#\\\/schema\\\/person\\\/5158877ad4acae98b34daaeef2a1ce6e\",\"name\":\"Karen Bueno\",\"image\":{\"@type\":\"ImageObject\",\"inLanguage\":\"es\",\"@id\":\"https:\\\/\\\/secure.gravatar.com\\\/avatar\\\/f9f4b823873154269d2b2130f195f6d41037dd0d7fc5f3cacb5c846bae70d66b?s=96&d=mm&r=g\",\"url\":\"https:\\\/\\\/secure.gravatar.com\\\/avatar\\\/f9f4b823873154269d2b2130f195f6d41037dd0d7fc5f3cacb5c846bae70d66b?s=96&d=mm&r=g\",\"contentUrl\":\"https:\\\/\\\/secure.gravatar.com\\\/avatar\\\/f9f4b823873154269d2b2130f195f6d41037dd0d7fc5f3cacb5c846bae70d66b?s=96&d=mm&r=g\",\"caption\":\"Karen Bueno\"},\"url\":\"https:\\\/\\\/schoenstatt.com\\\/es\\\/author\\\/karen-bueno\\\/\"}]}<\/script>\n<!-- \/ Yoast SEO Premium plugin. -->","yoast_head_json":{"title":"Una noticia que nos llena de alegr\u00eda y gratitud - Schoenstatt","description":"P. Alexandre Awi: Con profunda gratitud y alegr\u00eda, queremos compartir una noticia especial de la Campa\u00f1a Todos Somos Schoenstatt.","robots":{"index":"index","follow":"follow","max-snippet":"max-snippet:-1","max-image-preview":"max-image-preview:large","max-video-preview":"max-video-preview:-1"},"canonical":"https:\/\/schoenstatt.com\/es\/una-noticia-que-nos-llena-de-alegria-y-gratitud\/","og_locale":"es_ES","og_type":"article","og_title":"Una noticia que nos llena de alegr\u00eda y gratitud","og_description":"P. Alexandre Awi: Con profunda gratitud y alegr\u00eda, queremos compartir una noticia especial de la Campa\u00f1a Todos Somos Schoenstatt.","og_url":"https:\/\/schoenstatt.com\/es\/una-noticia-que-nos-llena-de-alegria-y-gratitud\/","og_site_name":"Schoenstatt","article_published_time":"2025-10-06T12:46:00+00:00","article_modified_time":"2025-10-06T12:48:59+00:00","og_image":[{"width":2048,"height":1342,"url":"https:\/\/schoenstatt.com\/wp-content\/uploads\/2024\/12\/schoenstatt-santuario-original-1.jpg","type":"image\/jpeg"}],"author":"Karen Bueno","twitter_card":"summary_large_image","twitter_misc":{"Escrito por":"Karen Bueno","Tiempo de lectura":"2 minutos"},"schema":{"@context":"https:\/\/schema.org","@graph":[{"@type":"Article","@id":"https:\/\/schoenstatt.com\/es\/una-noticia-que-nos-llena-de-alegria-y-gratitud\/#article","isPartOf":{"@id":"https:\/\/schoenstatt.com\/es\/una-noticia-que-nos-llena-de-alegria-y-gratitud\/"},"author":{"name":"Karen Bueno","@id":"https:\/\/schoenstatt.com\/es\/#\/schema\/person\/5158877ad4acae98b34daaeef2a1ce6e"},"headline":"Una noticia que nos llena de alegr\u00eda y gratitud","datePublished":"2025-10-06T12:46:00+00:00","dateModified":"2025-10-06T12:48:59+00:00","mainEntityOfPage":{"@id":"https:\/\/schoenstatt.com\/es\/una-noticia-que-nos-llena-de-alegria-y-gratitud\/"},"wordCount":269,"publisher":{"@id":"https:\/\/schoenstatt.com\/es\/#organization"},"image":{"@id":"https:\/\/schoenstatt.com\/es\/una-noticia-que-nos-llena-de-alegria-y-gratitud\/#primaryimage"},"thumbnailUrl":"https:\/\/schoenstatt.com\/wp-content\/uploads\/2024\/12\/schoenstatt-santuario-original-1.jpg","articleSection":["En misi\u00f3n"],"inLanguage":"es"},{"@type":"WebPage","@id":"https:\/\/schoenstatt.com\/es\/una-noticia-que-nos-llena-de-alegria-y-gratitud\/","url":"https:\/\/schoenstatt.com\/es\/una-noticia-que-nos-llena-de-alegria-y-gratitud\/","name":"Una noticia que nos llena de alegr\u00eda y gratitud - Schoenstatt","isPartOf":{"@id":"https:\/\/schoenstatt.com\/es\/#website"},"primaryImageOfPage":{"@id":"https:\/\/schoenstatt.com\/es\/una-noticia-que-nos-llena-de-alegria-y-gratitud\/#primaryimage"},"image":{"@id":"https:\/\/schoenstatt.com\/es\/una-noticia-que-nos-llena-de-alegria-y-gratitud\/#primaryimage"},"thumbnailUrl":"https:\/\/schoenstatt.com\/wp-content\/uploads\/2024\/12\/schoenstatt-santuario-original-1.jpg","datePublished":"2025-10-06T12:46:00+00:00","dateModified":"2025-10-06T12:48:59+00:00","description":"P. Alexandre Awi: Con profunda gratitud y alegr\u00eda, queremos compartir una noticia especial de la Campa\u00f1a Todos Somos Schoenstatt.","breadcrumb":{"@id":"https:\/\/schoenstatt.com\/es\/una-noticia-que-nos-llena-de-alegria-y-gratitud\/#breadcrumb"},"inLanguage":"es","potentialAction":[{"@type":"ReadAction","target":["https:\/\/schoenstatt.com\/es\/una-noticia-que-nos-llena-de-alegria-y-gratitud\/"]}]},{"@type":"ImageObject","inLanguage":"es","@id":"https:\/\/schoenstatt.com\/es\/una-noticia-que-nos-llena-de-alegria-y-gratitud\/#primaryimage","url":"https:\/\/schoenstatt.com\/wp-content\/uploads\/2024\/12\/schoenstatt-santuario-original-1.jpg","contentUrl":"https:\/\/schoenstatt.com\/wp-content\/uploads\/2024\/12\/schoenstatt-santuario-original-1.jpg","width":2048,"height":1342},{"@type":"BreadcrumbList","@id":"https:\/\/schoenstatt.com\/es\/una-noticia-que-nos-llena-de-alegria-y-gratitud\/#breadcrumb","itemListElement":[{"@type":"ListItem","position":1,"name":"Portada","item":"https:\/\/schoenstatt.com\/es\/home\/"},{"@type":"ListItem","position":2,"name":"Una noticia que nos llena de alegr\u00eda y gratitud"}]},{"@type":"WebSite","@id":"https:\/\/schoenstatt.com\/es\/#website","url":"https:\/\/schoenstatt.com\/es\/","name":"Schoenstatt","description":"Apostolic Movement","publisher":{"@id":"https:\/\/schoenstatt.com\/es\/#organization"},"potentialAction":[{"@type":"SearchAction","target":{"@type":"EntryPoint","urlTemplate":"https:\/\/schoenstatt.com\/es\/?s={search_term_string}"},"query-input":{"@type":"PropertyValueSpecification","valueRequired":true,"valueName":"search_term_string"}}],"inLanguage":"es"},{"@type":"Organization","@id":"https:\/\/schoenstatt.com\/es\/#organization","name":"Schoenstatt","url":"https:\/\/schoenstatt.com\/es\/","logo":{"@type":"ImageObject","inLanguage":"es","@id":"https:\/\/schoenstatt.com\/es\/#\/schema\/logo\/image\/","url":"https:\/\/schoenstatt.com\/wp-content\/uploads\/2025\/04\/logo-schoenstatt-white-696x696-1.png","contentUrl":"https:\/\/schoenstatt.com\/wp-content\/uploads\/2025\/04\/logo-schoenstatt-white-696x696-1.png","width":696,"height":694,"caption":"Schoenstatt"},"image":{"@id":"https:\/\/schoenstatt.com\/es\/#\/schema\/logo\/image\/"}},{"@type":"Person","@id":"https:\/\/schoenstatt.com\/es\/#\/schema\/person\/5158877ad4acae98b34daaeef2a1ce6e","name":"Karen Bueno","image":{"@type":"ImageObject","inLanguage":"es","@id":"https:\/\/secure.gravatar.com\/avatar\/f9f4b823873154269d2b2130f195f6d41037dd0d7fc5f3cacb5c846bae70d66b?s=96&d=mm&r=g","url":"https:\/\/secure.gravatar.com\/avatar\/f9f4b823873154269d2b2130f195f6d41037dd0d7fc5f3cacb5c846bae70d66b?s=96&d=mm&r=g","contentUrl":"https:\/\/secure.gravatar.com\/avatar\/f9f4b823873154269d2b2130f195f6d41037dd0d7fc5f3cacb5c846bae70d66b?s=96&d=mm&r=g","caption":"Karen Bueno"},"url":"https:\/\/schoenstatt.com\/es\/author\/karen-bueno\/"}]}},"_links":{"self":[{"href":"https:\/\/schoenstatt.com\/es\/wp-json\/wp\/v2\/posts\/64869","targetHints":{"allow":["GET"]}}],"collection":[{"href":"https:\/\/schoenstatt.com\/es\/wp-json\/wp\/v2\/posts"}],"about":[{"href":"https:\/\/schoenstatt.com\/es\/wp-json\/wp\/v2\/types\/post"}],"author":[{"embeddable":true,"href":"https:\/\/schoenstatt.com\/es\/wp-json\/wp\/v2\/users\/3"}],"replies":[{"embeddable":true,"href":"https:\/\/schoenstatt.com\/es\/wp-json\/wp\/v2\/comments?post=64869"}],"version-history":[{"count":3,"href":"https:\/\/schoenstatt.com\/es\/wp-json\/wp\/v2\/posts\/64869\/revisions"}],"predecessor-version":[{"id":64873,"href":"https:\/\/schoenstatt.com\/es\/wp-json\/wp\/v2\/posts\/64869\/revisions\/64873"}],"wp:featuredmedia":[{"embeddable":true,"href":"https:\/\/schoenstatt.com\/es\/wp-json\/wp\/v2\/media\/64870"}],"wp:attachment":[{"href":"https:\/\/schoenstatt.com\/es\/wp-json\/wp\/v2\/media?parent=64869"}],"wp:term":[{"taxonomy":"category","embeddable":true,"href":"https:\/\/schoenstatt.com\/es\/wp-json\/wp\/v2\/categories?post=64869"},{"taxonomy":"post_tag","embeddable":true,"href":"https:\/\/schoenstatt.com\/es\/wp-json\/wp\/v2\/tags?post=64869"}],"curies":[{"name":"wp","href":"https:\/\/api.w.org\/{rel}","templated":true}]}}