{"id":64063,"date":"2025-09-15T17:23:55","date_gmt":"2025-09-15T15:23:55","guid":{"rendered":"https:\/\/schoenstatt.com\/?p=64063"},"modified":"2025-09-15T18:29:02","modified_gmt":"2025-09-15T16:29:02","slug":"de-25-naciones-enviados-para-seguir-los-pasos-de-joao-pozzobon","status":"publish","type":"post","link":"https:\/\/schoenstatt.com\/es\/de-25-naciones-enviados-para-seguir-los-pasos-de-joao-pozzobon\/","title":{"rendered":"De 25 naciones: Enviados para seguir los pasos de Jo\u00e3o Pozzobon"},"content":{"rendered":"\n<p>El Santuario Tabor (Santa Mar\u00eda, Brasil) amaneci\u00f3 este domingo con p\u00e9talos de rosas esparcidos por todas partes. Esta es una tradici\u00f3n que se repite desde hace m\u00e1s de 70 a\u00f1os, en el mes de septiembre, pero esta vez no solo llamaban la atenci\u00f3n las flores, sino tambi\u00e9n las miles de personas, de muchos pa\u00edses, que se re\u00fanen para seguir los pasos del Venerable Di\u00e1cono Jo\u00e3o Luiz Pozzobon.<\/p>\n\n\n\n<p>El \u00faltimo d\u00eda del Congreso Internacional del Apostolado de la Virgen Peregrina, el 14 de septiembre, se coron\u00f3 con la celebraci\u00f3n de la Romer\u00eda de Primavera. Esta peregrinaci\u00f3n fue creada por Jo\u00e3o Pozzobon y se repite a\u00f1o tras a\u00f1o, siendo un d\u00eda en el que muchas personas llevan flores a la Mater.<\/p>\n\n\n\n<div style=\"height:22px\" aria-hidden=\"true\" class=\"wp-block-spacer\"><\/div>\n\n\n\n<div class=\"wp-block-buttons is-content-justification-center is-layout-flex wp-container-core-buttons-is-layout-a89b3969 wp-block-buttons-is-layout-flex\">\n<div class=\"wp-block-button\"><a class=\"wp-block-button__link has-white-color has-text-color has-background has-link-color wp-element-button\" href=\"https:\/\/photos.app.goo.gl\/uA2z644NiMZmRrDu8\" style=\"border-radius:10px;background-color:#cd5c0b\" target=\"_blank\" rel=\"noreferrer noopener\"><strong>Fotos (Marcia Kazumi)<\/strong><\/a><\/div>\n<\/div>\n\n\n\n<div style=\"height:22px\" aria-hidden=\"true\" class=\"wp-block-spacer\"><\/div>\n\n\n\n<p>Alrededor del Santuario, unas 5.000 personas se reunieron por la ma\u00f1ana, en un domingo que amenazaba lluvia. Aunque las primeras gotas asustaron a la multitud, pronto cesaron y, durante la caminata, incluso sali\u00f3 el sol. El recorrido de la procesi\u00f3n comenz\u00f3 con una oraci\u00f3n en el Santuario Tabor y parti\u00f3 con oraciones y cantos, hasta llegar al Santuario Bas\u00edlica de la Medianera.<\/p>\n\n\n\n<figure class=\"wp-block-image aligncenter size-full\"><img fetchpriority=\"high\" decoding=\"async\" width=\"750\" height=\"1000\" src=\"https:\/\/schoenstatt.com\/wp-content\/uploads\/2025\/09\/pilgrim-mother-congress-2025.jpg\" alt=\"\" class=\"wp-image-64029\"\/><\/figure>\n\n\n\n<h3 class=\"wp-block-heading\" id=\"h-5-mil-personas-para-la-santa-misa\">5 mil personas para la Santa Misa<\/h3>\n\n\n\n<p>Para Sylvia Segu, de Chile, <em>\u00abesta peregrinaci\u00f3n fue el broche de oro del Jubileo\u00bb.<\/em><\/p>\n\n\n\n<p>La misa se celebr\u00f3 fuera de la Bas\u00edlica, en un campo abierto. El arzobispo de Santa Mar\u00eda, Leomar Brustolin, presidi\u00f3 la liturgia, con la presencia de decenas de sacerdotes. La misa fue transmitida en directo por televisi\u00f3n abierta a Brasil y Portugal por TV Canci\u00f3n Nueva.<\/p>\n\n\n\n<figure class=\"wp-block-image aligncenter size-full\"><img decoding=\"async\" width=\"2048\" height=\"1365\" src=\"https:\/\/schoenstatt.com\/wp-content\/uploads\/2025\/09\/pilgrim-mother-congress-2025-d.jpg\" alt=\"\" class=\"wp-image-64034\" srcset=\"https:\/\/schoenstatt.com\/wp-content\/uploads\/2025\/09\/pilgrim-mother-congress-2025-d.jpg 2048w, https:\/\/schoenstatt.com\/wp-content\/uploads\/2025\/09\/pilgrim-mother-congress-2025-d-768x512.jpg 768w, https:\/\/schoenstatt.com\/wp-content\/uploads\/2025\/09\/pilgrim-mother-congress-2025-d-1536x1024.jpg 1536w\" sizes=\"(max-width: 2048px) 100vw, 2048px\" \/><figcaption class=\"wp-element-caption\">El arzobispo de Santa Mar\u00eda presidi\u00f3 la celebraci\u00f3n<\/figcaption><\/figure>\n\n\n\n<p>Mons. Leomar comienza diciendo que <em>\u00abaqu\u00ed est\u00e1n presentes 25 pa\u00edses, personas que han venido de muy lejos\u00bb<\/em> y, por eso, <em>\u00abhoy elevamos una alabanza por los 75 a\u00f1os del Apostolado, nacida del coraz\u00f3n ardiente del di\u00e1cono Jo\u00e3o Pozzobon\u00bb<\/em>. En la homil\u00eda, el arzobispo contin\u00faa diciendo que el Apostolado de la Virgen Peregrina <em>\u00abes la visitaci\u00f3n de Mar\u00eda que contin\u00faa en nuestros d\u00edas, la Madre que atraviesa monta\u00f1as, entra en cada casa y hace del coraz\u00f3n humano un Santuario Viviente\u00bb.<\/em><\/p>\n\n\n\n<p>La liturgia tambi\u00e9n celebra la exaltaci\u00f3n de la Santa Cruz. \u00abLa cruz es la gram\u00e1tica del amor de Dios\u00bb, dice el arzobispo. Tambi\u00e9n recuerda la vida de Pozzobon como un ejemplo de c\u00f3mo abrazar la cruz: <em>\u00abEn Schoenstatt, llamamos a Mar\u00eda Madre y Educadora, Peregrina que visita los hogares y, en cada visita, trae consigo el recuerdo de la cruz. Llevar a Mar\u00eda es llevar, en primer lugar, a Jes\u00fas. En esta espiritualidad se inscribe nuestro querido di\u00e1cono, el Venerable Jo\u00e3o Luiz Pozzobon, que recorri\u00f3 d\u00e9cadas llevando la imagen de la Virgen Peregrina, llevando las bendiciones de Dios. No fue f\u00e1cil. El testimonio de Pozzobon nos invita a llevarla por los caminos de la vida, transform\u00e1ndola en un gesto de servicio, caridad y anuncio.\u00bb<\/em><\/p>\n\n\n\n<p>Pidiendo \u00abprestada\u00bb la Cruz de la Unidad a una se\u00f1ora de Colombia, el arzobispo la muestra a todos y dice que no sabemos por qu\u00e9 cruces vamos a pasar en la vida, pero que debemos confiar en el Se\u00f1or.<\/p>\n\n\n\n<figure class=\"wp-block-gallery has-nested-images columns-default is-cropped wp-block-gallery-1 is-layout-flex wp-block-gallery-is-layout-flex\">\n<figure class=\"wp-block-image size-large\"><img decoding=\"async\" width=\"750\" height=\"1000\" data-id=\"64041\" src=\"https:\/\/schoenstatt.com\/wp-content\/uploads\/2025\/09\/pilgrim-mother-congress-2025-b.jpg\" alt=\"\" class=\"wp-image-64041\"\/><\/figure>\n\n\n\n<figure class=\"wp-block-image size-large\"><img loading=\"lazy\" decoding=\"async\" width=\"750\" height=\"1000\" data-id=\"64039\" src=\"https:\/\/schoenstatt.com\/wp-content\/uploads\/2025\/09\/pilgrim-mother-congress-2025-c.jpg\" alt=\"\" class=\"wp-image-64039\"\/><\/figure>\n<\/figure>\n\n\n\n<h3 class=\"wp-block-heading\" id=\"h-enviados-con-nuevo-ardor\">Enviados con nuevo ardor<\/h3>\n\n\n\n<p>Sylvia Segu comenta: <em>\u00abLa homil\u00eda del arzobispo fue maravillosa, uniendo a Jo\u00e3o Pozzobon y Schoenstatt en la cruz. El env\u00edo nos plantea el reto de seguir la misi\u00f3n de Don Jo\u00e3o, ya que tenemos grandes dificultades en nuestra regi\u00f3n, pero conocer los lugares donde vivi\u00f3 nos da un nuevo ardor para continuar con la misi\u00f3n\u00bb.<\/em><\/p>\n\n\n\n<p>Al final de la celebraci\u00f3n, hubo la bendici\u00f3n de las semillas, que era una costumbre iniciada por Jo\u00e3o Pozzobon, pidiendo tierras f\u00e9rtiles y una buena cosecha para todos en la regi\u00f3n. En se\u00f1al de estas semillas, Mons. Leomar tambi\u00e9n pidi\u00f3 a todos que rezaran por sus p\u00e1rrocos.<\/p>\n\n\n\n<p>Los hijos de Jo\u00e3o Pozzobon pronunciaron unas breves palabras al final de la misa: Humberto, Petrolina y Vilma se emocionaron con la multitud que celebraba y agradec\u00eda la vida de su padre.<\/p>\n\n\n\n<figure class=\"wp-block-image aligncenter size-full\"><img loading=\"lazy\" decoding=\"async\" width=\"960\" height=\"1280\" src=\"https:\/\/schoenstatt.com\/wp-content\/uploads\/2025\/09\/Humberto-Pozzobon.jpg\" alt=\"\" class=\"wp-image-64049\" srcset=\"https:\/\/schoenstatt.com\/wp-content\/uploads\/2025\/09\/Humberto-Pozzobon.jpg 960w, https:\/\/schoenstatt.com\/wp-content\/uploads\/2025\/09\/Humberto-Pozzobon-768x1024.jpg 768w\" sizes=\"(max-width: 960px) 100vw, 960px\" \/><figcaption class=\"wp-element-caption\">Foto: P. Felipe R\u00edos<\/figcaption><\/figure>\n\n\n\n<p>La Sra. Teresita In\u00e9s Rodr\u00edguez, de Argentina, comenta: <em>\u00abLo que m\u00e1s me gust\u00f3 de estos d\u00edas de Congreso fue conocer la vida de Don Jo\u00e3o, a partir de la experiencia en su casa y en los lugares por donde caminaba; conocer la casa donde naci\u00f3 y las colinas que lo rodeaban y lo inspiraban, la sencillez de su hogar. Porque, por mucho que hayamos le\u00eddo y visto v\u00eddeos sobre la vida de Don Jo\u00e3o, no es lo mismo que tener ese contacto personal con su familia, con sus hijos, el calor humano. Este Congreso fue realmente un regalo de la Mater, una bendici\u00f3n. En mi caso particular, me gust\u00f3 mucho estar aqu\u00ed y esto me abri\u00f3 caminos para que desde aqu\u00ed pueda contagiar a otras personas en el lugar de donde vengo (San Juan, en Argentina).\u00bb<\/em><\/p>\n\n\n\n<div style=\"height:20px\" aria-hidden=\"true\" class=\"wp-block-spacer\"><\/div>\n\n\n\n<div class=\"wp-block-buttons is-content-justification-center is-layout-flex wp-container-core-buttons-is-layout-a89b3969 wp-block-buttons-is-layout-flex\">\n<div class=\"wp-block-button\"><a class=\"wp-block-button__link has-white-color has-text-color has-background has-link-color wp-element-button\" href=\"https:\/\/flic.kr\/s\/aHBqjCuaFn\" style=\"border-radius:10px;background-color:#cd5c0b\" target=\"_blank\" rel=\"noreferrer noopener\"><strong>Fotos (Prefeitura de Santa Maria)<\/strong><\/a><\/div>\n<\/div>\n\n\n\n<div style=\"height:20px\" aria-hidden=\"true\" class=\"wp-block-spacer\"><\/div>\n\n\n\n<h3 class=\"wp-block-heading\" id=\"h-documento-de-consenso\">Documento de consenso<\/h3>\n\n\n\n<p>Hace ya alg\u00fan tiempo, los pa\u00edses pudieron enviar contribuciones para la creaci\u00f3n de un documento de consenso del Apostolado, a nivel internacional. Durante los d\u00edas del Congreso, un grupo con dos representantes de cada pa\u00eds ha estado trabajando en este material. El trabajo ha avanzado mucho en estos \u00faltimos d\u00edas. El estilo de trabajo adopta un modelo sinodal, para que todos puedan ser escuchados. Por ahora, el documento no est\u00e1 terminado y el grupo seguir\u00e1 reuni\u00e9ndose online. En el futuro, daremos m\u00e1s informaci\u00f3n sobre el progreso de este trabajo.<\/p>\n\n\n\n<h3 class=\"wp-block-heading\" id=\"h-despedidas-y-mucha-emocion\">Despedidas y mucha emoci\u00f3n<\/h3>\n\n\n\n<p>El momento de la despedida del Congreso tuvo lugar durante el almuerzo en el Centro Mariano. Fueron d\u00edas de gran emoci\u00f3n, coronados por el esp\u00edritu de Familia. En el centro de las mesas se coloc\u00f3 un gran pastel y los hijos de Pozzobon pudieron acompa\u00f1ar el canto de celebraci\u00f3n. As\u00ed concluyeron los d\u00edas tan especiales de encuentro que reunieron a 25 naciones y mostraron el rostro misionero, vivo y entusiasta del Apostolado de la Virgen Peregrina presente en tantas partes del mundo.<\/p>\n\n\n\n<figure class=\"wp-block-image size-full\"><img loading=\"lazy\" decoding=\"async\" width=\"2048\" height=\"1536\" src=\"https:\/\/schoenstatt.com\/wp-content\/uploads\/2025\/09\/Pozzobon-Family.jpg\" alt=\"\" class=\"wp-image-64054\" srcset=\"https:\/\/schoenstatt.com\/wp-content\/uploads\/2025\/09\/Pozzobon-Family.jpg 2048w, https:\/\/schoenstatt.com\/wp-content\/uploads\/2025\/09\/Pozzobon-Family-768x576.jpg 768w, https:\/\/schoenstatt.com\/wp-content\/uploads\/2025\/09\/Pozzobon-Family-1536x1152.jpg 1536w\" sizes=\"(max-width: 2048px) 100vw, 2048px\" \/><\/figure>\n\n\n\n<p><strong>Traducci\u00f3n:<\/strong> Hna. M. Lourdes Mac\u00edas<\/p>\n","protected":false},"excerpt":{"rendered":"<p>Finaliza el Congreso Internacional del Apostolado de la Virgen Peregrina y comienza la misi\u00f3n de incendiar el mundo, siguiendo los pasos de Pozzobon.<\/p>\n","protected":false},"author":3,"featured_media":64028,"comment_status":"closed","ping_status":"closed","sticky":false,"template":"","format":"standard","meta":{"footnotes":""},"categories":[904],"tags":[1089,1136],"class_list":["post-64063","post","type-post","status-publish","format-standard","has-post-thumbnail","hentry","category-virgen-peregrina-es","tag-campana-de-la-virgen-peregrina-es","tag-schoenstatt-brasil-es"],"yoast_head":"<!-- This site is optimized with the Yoast SEO Premium plugin v27.4 (Yoast SEO v27.4) - https:\/\/yoast.com\/product\/yoast-seo-premium-wordpress\/ -->\n<title>De 25 naciones: Enviados para seguir los pasos de Jo\u00e3o Pozzobon - Schoenstatt<\/title>\n<meta name=\"description\" content=\"Finaliza el Congreso Internacional del Apostolado de la Virgen Peregrina y comienza la misi\u00f3n de incendiar el mundo.\" \/>\n<meta name=\"robots\" content=\"index, follow, max-snippet:-1, max-image-preview:large, max-video-preview:-1\" \/>\n<link rel=\"canonical\" href=\"https:\/\/schoenstatt.com\/es\/de-25-naciones-enviados-para-seguir-los-pasos-de-joao-pozzobon\/\" \/>\n<meta property=\"og:locale\" content=\"es_ES\" \/>\n<meta property=\"og:type\" content=\"article\" \/>\n<meta property=\"og:title\" content=\"De 25 naciones: Enviados para seguir los pasos de Jo\u00e3o Pozzobon\" \/>\n<meta property=\"og:description\" content=\"Finaliza el Congreso Internacional del Apostolado de la Virgen Peregrina y comienza la misi\u00f3n de incendiar el mundo.\" \/>\n<meta property=\"og:url\" content=\"https:\/\/schoenstatt.com\/es\/de-25-naciones-enviados-para-seguir-los-pasos-de-joao-pozzobon\/\" \/>\n<meta property=\"og:site_name\" content=\"Schoenstatt\" \/>\n<meta property=\"article:published_time\" content=\"2025-09-15T15:23:55+00:00\" \/>\n<meta property=\"article:modified_time\" content=\"2025-09-15T16:29:02+00:00\" \/>\n<meta property=\"og:image\" content=\"https:\/\/schoenstatt.com\/wp-content\/uploads\/2025\/09\/pilgrim-mother-congress-2025-e.webp\" \/>\n\t<meta property=\"og:image:width\" content=\"2048\" \/>\n\t<meta property=\"og:image:height\" content=\"1152\" \/>\n\t<meta property=\"og:image:type\" content=\"image\/jpeg\" \/>\n<meta name=\"author\" content=\"Karen Bueno\" \/>\n<meta name=\"twitter:card\" content=\"summary_large_image\" \/>\n<meta name=\"twitter:label1\" content=\"Escrito por\" \/>\n\t<meta name=\"twitter:data1\" content=\"Karen Bueno\" \/>\n\t<meta name=\"twitter:label2\" content=\"Tiempo de lectura\" \/>\n\t<meta name=\"twitter:data2\" content=\"7 minutos\" \/>\n<script type=\"application\/ld+json\" class=\"yoast-schema-graph\">{\"@context\":\"https:\\\/\\\/schema.org\",\"@graph\":[{\"@type\":\"Article\",\"@id\":\"https:\\\/\\\/schoenstatt.com\\\/es\\\/de-25-naciones-enviados-para-seguir-los-pasos-de-joao-pozzobon\\\/#article\",\"isPartOf\":{\"@id\":\"https:\\\/\\\/schoenstatt.com\\\/es\\\/de-25-naciones-enviados-para-seguir-los-pasos-de-joao-pozzobon\\\/\"},\"author\":{\"name\":\"Karen Bueno\",\"@id\":\"https:\\\/\\\/schoenstatt.com\\\/es\\\/#\\\/schema\\\/person\\\/5158877ad4acae98b34daaeef2a1ce6e\"},\"headline\":\"De 25 naciones: Enviados para seguir los pasos de Jo\u00e3o Pozzobon\",\"datePublished\":\"2025-09-15T15:23:55+00:00\",\"dateModified\":\"2025-09-15T16:29:02+00:00\",\"mainEntityOfPage\":{\"@id\":\"https:\\\/\\\/schoenstatt.com\\\/es\\\/de-25-naciones-enviados-para-seguir-los-pasos-de-joao-pozzobon\\\/\"},\"wordCount\":1075,\"publisher\":{\"@id\":\"https:\\\/\\\/schoenstatt.com\\\/es\\\/#organization\"},\"image\":{\"@id\":\"https:\\\/\\\/schoenstatt.com\\\/es\\\/de-25-naciones-enviados-para-seguir-los-pasos-de-joao-pozzobon\\\/#primaryimage\"},\"thumbnailUrl\":\"https:\\\/\\\/schoenstatt.com\\\/wp-content\\\/uploads\\\/2025\\\/09\\\/pilgrim-mother-congress-2025-e.webp\",\"keywords\":[\"Campa\u00f1a de la Virgen Peregrina\",\"Schoenstatt Brasil\"],\"articleSection\":[\"Virgen Peregrina\"],\"inLanguage\":\"es\"},{\"@type\":\"WebPage\",\"@id\":\"https:\\\/\\\/schoenstatt.com\\\/es\\\/de-25-naciones-enviados-para-seguir-los-pasos-de-joao-pozzobon\\\/\",\"url\":\"https:\\\/\\\/schoenstatt.com\\\/es\\\/de-25-naciones-enviados-para-seguir-los-pasos-de-joao-pozzobon\\\/\",\"name\":\"De 25 naciones: Enviados para seguir los pasos de Jo\u00e3o Pozzobon - Schoenstatt\",\"isPartOf\":{\"@id\":\"https:\\\/\\\/schoenstatt.com\\\/es\\\/#website\"},\"primaryImageOfPage\":{\"@id\":\"https:\\\/\\\/schoenstatt.com\\\/es\\\/de-25-naciones-enviados-para-seguir-los-pasos-de-joao-pozzobon\\\/#primaryimage\"},\"image\":{\"@id\":\"https:\\\/\\\/schoenstatt.com\\\/es\\\/de-25-naciones-enviados-para-seguir-los-pasos-de-joao-pozzobon\\\/#primaryimage\"},\"thumbnailUrl\":\"https:\\\/\\\/schoenstatt.com\\\/wp-content\\\/uploads\\\/2025\\\/09\\\/pilgrim-mother-congress-2025-e.webp\",\"datePublished\":\"2025-09-15T15:23:55+00:00\",\"dateModified\":\"2025-09-15T16:29:02+00:00\",\"description\":\"Finaliza el Congreso Internacional del Apostolado de la Virgen Peregrina y comienza la misi\u00f3n de incendiar el mundo.\",\"breadcrumb\":{\"@id\":\"https:\\\/\\\/schoenstatt.com\\\/es\\\/de-25-naciones-enviados-para-seguir-los-pasos-de-joao-pozzobon\\\/#breadcrumb\"},\"inLanguage\":\"es\",\"potentialAction\":[{\"@type\":\"ReadAction\",\"target\":[\"https:\\\/\\\/schoenstatt.com\\\/es\\\/de-25-naciones-enviados-para-seguir-los-pasos-de-joao-pozzobon\\\/\"]}]},{\"@type\":\"ImageObject\",\"inLanguage\":\"es\",\"@id\":\"https:\\\/\\\/schoenstatt.com\\\/es\\\/de-25-naciones-enviados-para-seguir-los-pasos-de-joao-pozzobon\\\/#primaryimage\",\"url\":\"https:\\\/\\\/schoenstatt.com\\\/wp-content\\\/uploads\\\/2025\\\/09\\\/pilgrim-mother-congress-2025-e.webp\",\"contentUrl\":\"https:\\\/\\\/schoenstatt.com\\\/wp-content\\\/uploads\\\/2025\\\/09\\\/pilgrim-mother-congress-2025-e.webp\",\"width\":2048,\"height\":1152},{\"@type\":\"BreadcrumbList\",\"@id\":\"https:\\\/\\\/schoenstatt.com\\\/es\\\/de-25-naciones-enviados-para-seguir-los-pasos-de-joao-pozzobon\\\/#breadcrumb\",\"itemListElement\":[{\"@type\":\"ListItem\",\"position\":1,\"name\":\"Portada\",\"item\":\"https:\\\/\\\/schoenstatt.com\\\/es\\\/home\\\/\"},{\"@type\":\"ListItem\",\"position\":2,\"name\":\"De 25 naciones: Enviados para seguir los pasos de Jo\u00e3o Pozzobon\"}]},{\"@type\":\"WebSite\",\"@id\":\"https:\\\/\\\/schoenstatt.com\\\/es\\\/#website\",\"url\":\"https:\\\/\\\/schoenstatt.com\\\/es\\\/\",\"name\":\"Schoenstatt\",\"description\":\"Apostolic Movement\",\"publisher\":{\"@id\":\"https:\\\/\\\/schoenstatt.com\\\/es\\\/#organization\"},\"potentialAction\":[{\"@type\":\"SearchAction\",\"target\":{\"@type\":\"EntryPoint\",\"urlTemplate\":\"https:\\\/\\\/schoenstatt.com\\\/es\\\/?s={search_term_string}\"},\"query-input\":{\"@type\":\"PropertyValueSpecification\",\"valueRequired\":true,\"valueName\":\"search_term_string\"}}],\"inLanguage\":\"es\"},{\"@type\":\"Organization\",\"@id\":\"https:\\\/\\\/schoenstatt.com\\\/es\\\/#organization\",\"name\":\"Schoenstatt\",\"url\":\"https:\\\/\\\/schoenstatt.com\\\/es\\\/\",\"logo\":{\"@type\":\"ImageObject\",\"inLanguage\":\"es\",\"@id\":\"https:\\\/\\\/schoenstatt.com\\\/es\\\/#\\\/schema\\\/logo\\\/image\\\/\",\"url\":\"https:\\\/\\\/schoenstatt.com\\\/wp-content\\\/uploads\\\/2025\\\/04\\\/logo-schoenstatt-white-696x696-1.png\",\"contentUrl\":\"https:\\\/\\\/schoenstatt.com\\\/wp-content\\\/uploads\\\/2025\\\/04\\\/logo-schoenstatt-white-696x696-1.png\",\"width\":696,\"height\":694,\"caption\":\"Schoenstatt\"},\"image\":{\"@id\":\"https:\\\/\\\/schoenstatt.com\\\/es\\\/#\\\/schema\\\/logo\\\/image\\\/\"}},{\"@type\":\"Person\",\"@id\":\"https:\\\/\\\/schoenstatt.com\\\/es\\\/#\\\/schema\\\/person\\\/5158877ad4acae98b34daaeef2a1ce6e\",\"name\":\"Karen Bueno\",\"image\":{\"@type\":\"ImageObject\",\"inLanguage\":\"es\",\"@id\":\"https:\\\/\\\/secure.gravatar.com\\\/avatar\\\/f9f4b823873154269d2b2130f195f6d41037dd0d7fc5f3cacb5c846bae70d66b?s=96&d=mm&r=g\",\"url\":\"https:\\\/\\\/secure.gravatar.com\\\/avatar\\\/f9f4b823873154269d2b2130f195f6d41037dd0d7fc5f3cacb5c846bae70d66b?s=96&d=mm&r=g\",\"contentUrl\":\"https:\\\/\\\/secure.gravatar.com\\\/avatar\\\/f9f4b823873154269d2b2130f195f6d41037dd0d7fc5f3cacb5c846bae70d66b?s=96&d=mm&r=g\",\"caption\":\"Karen Bueno\"},\"url\":\"https:\\\/\\\/schoenstatt.com\\\/es\\\/author\\\/karen-bueno\\\/\"}]}<\/script>\n<!-- \/ Yoast SEO Premium plugin. -->","yoast_head_json":{"title":"De 25 naciones: Enviados para seguir los pasos de Jo\u00e3o Pozzobon - Schoenstatt","description":"Finaliza el Congreso Internacional del Apostolado de la Virgen Peregrina y comienza la misi\u00f3n de incendiar el mundo.","robots":{"index":"index","follow":"follow","max-snippet":"max-snippet:-1","max-image-preview":"max-image-preview:large","max-video-preview":"max-video-preview:-1"},"canonical":"https:\/\/schoenstatt.com\/es\/de-25-naciones-enviados-para-seguir-los-pasos-de-joao-pozzobon\/","og_locale":"es_ES","og_type":"article","og_title":"De 25 naciones: Enviados para seguir los pasos de Jo\u00e3o Pozzobon","og_description":"Finaliza el Congreso Internacional del Apostolado de la Virgen Peregrina y comienza la misi\u00f3n de incendiar el mundo.","og_url":"https:\/\/schoenstatt.com\/es\/de-25-naciones-enviados-para-seguir-los-pasos-de-joao-pozzobon\/","og_site_name":"Schoenstatt","article_published_time":"2025-09-15T15:23:55+00:00","article_modified_time":"2025-09-15T16:29:02+00:00","og_image":[{"url":"https:\/\/schoenstatt.com\/wp-content\/uploads\/2025\/09\/pilgrim-mother-congress-2025-e.webp","width":2048,"height":1152,"type":"image\/jpeg"}],"author":"Karen Bueno","twitter_card":"summary_large_image","twitter_misc":{"Escrito por":"Karen Bueno","Tiempo de lectura":"7 minutos"},"schema":{"@context":"https:\/\/schema.org","@graph":[{"@type":"Article","@id":"https:\/\/schoenstatt.com\/es\/de-25-naciones-enviados-para-seguir-los-pasos-de-joao-pozzobon\/#article","isPartOf":{"@id":"https:\/\/schoenstatt.com\/es\/de-25-naciones-enviados-para-seguir-los-pasos-de-joao-pozzobon\/"},"author":{"name":"Karen Bueno","@id":"https:\/\/schoenstatt.com\/es\/#\/schema\/person\/5158877ad4acae98b34daaeef2a1ce6e"},"headline":"De 25 naciones: Enviados para seguir los pasos de Jo\u00e3o Pozzobon","datePublished":"2025-09-15T15:23:55+00:00","dateModified":"2025-09-15T16:29:02+00:00","mainEntityOfPage":{"@id":"https:\/\/schoenstatt.com\/es\/de-25-naciones-enviados-para-seguir-los-pasos-de-joao-pozzobon\/"},"wordCount":1075,"publisher":{"@id":"https:\/\/schoenstatt.com\/es\/#organization"},"image":{"@id":"https:\/\/schoenstatt.com\/es\/de-25-naciones-enviados-para-seguir-los-pasos-de-joao-pozzobon\/#primaryimage"},"thumbnailUrl":"https:\/\/schoenstatt.com\/wp-content\/uploads\/2025\/09\/pilgrim-mother-congress-2025-e.webp","keywords":["Campa\u00f1a de la Virgen Peregrina","Schoenstatt Brasil"],"articleSection":["Virgen Peregrina"],"inLanguage":"es"},{"@type":"WebPage","@id":"https:\/\/schoenstatt.com\/es\/de-25-naciones-enviados-para-seguir-los-pasos-de-joao-pozzobon\/","url":"https:\/\/schoenstatt.com\/es\/de-25-naciones-enviados-para-seguir-los-pasos-de-joao-pozzobon\/","name":"De 25 naciones: Enviados para seguir los pasos de Jo\u00e3o Pozzobon - Schoenstatt","isPartOf":{"@id":"https:\/\/schoenstatt.com\/es\/#website"},"primaryImageOfPage":{"@id":"https:\/\/schoenstatt.com\/es\/de-25-naciones-enviados-para-seguir-los-pasos-de-joao-pozzobon\/#primaryimage"},"image":{"@id":"https:\/\/schoenstatt.com\/es\/de-25-naciones-enviados-para-seguir-los-pasos-de-joao-pozzobon\/#primaryimage"},"thumbnailUrl":"https:\/\/schoenstatt.com\/wp-content\/uploads\/2025\/09\/pilgrim-mother-congress-2025-e.webp","datePublished":"2025-09-15T15:23:55+00:00","dateModified":"2025-09-15T16:29:02+00:00","description":"Finaliza el Congreso Internacional del Apostolado de la Virgen Peregrina y comienza la misi\u00f3n de incendiar el mundo.","breadcrumb":{"@id":"https:\/\/schoenstatt.com\/es\/de-25-naciones-enviados-para-seguir-los-pasos-de-joao-pozzobon\/#breadcrumb"},"inLanguage":"es","potentialAction":[{"@type":"ReadAction","target":["https:\/\/schoenstatt.com\/es\/de-25-naciones-enviados-para-seguir-los-pasos-de-joao-pozzobon\/"]}]},{"@type":"ImageObject","inLanguage":"es","@id":"https:\/\/schoenstatt.com\/es\/de-25-naciones-enviados-para-seguir-los-pasos-de-joao-pozzobon\/#primaryimage","url":"https:\/\/schoenstatt.com\/wp-content\/uploads\/2025\/09\/pilgrim-mother-congress-2025-e.webp","contentUrl":"https:\/\/schoenstatt.com\/wp-content\/uploads\/2025\/09\/pilgrim-mother-congress-2025-e.webp","width":2048,"height":1152},{"@type":"BreadcrumbList","@id":"https:\/\/schoenstatt.com\/es\/de-25-naciones-enviados-para-seguir-los-pasos-de-joao-pozzobon\/#breadcrumb","itemListElement":[{"@type":"ListItem","position":1,"name":"Portada","item":"https:\/\/schoenstatt.com\/es\/home\/"},{"@type":"ListItem","position":2,"name":"De 25 naciones: Enviados para seguir los pasos de Jo\u00e3o Pozzobon"}]},{"@type":"WebSite","@id":"https:\/\/schoenstatt.com\/es\/#website","url":"https:\/\/schoenstatt.com\/es\/","name":"Schoenstatt","description":"Apostolic Movement","publisher":{"@id":"https:\/\/schoenstatt.com\/es\/#organization"},"potentialAction":[{"@type":"SearchAction","target":{"@type":"EntryPoint","urlTemplate":"https:\/\/schoenstatt.com\/es\/?s={search_term_string}"},"query-input":{"@type":"PropertyValueSpecification","valueRequired":true,"valueName":"search_term_string"}}],"inLanguage":"es"},{"@type":"Organization","@id":"https:\/\/schoenstatt.com\/es\/#organization","name":"Schoenstatt","url":"https:\/\/schoenstatt.com\/es\/","logo":{"@type":"ImageObject","inLanguage":"es","@id":"https:\/\/schoenstatt.com\/es\/#\/schema\/logo\/image\/","url":"https:\/\/schoenstatt.com\/wp-content\/uploads\/2025\/04\/logo-schoenstatt-white-696x696-1.png","contentUrl":"https:\/\/schoenstatt.com\/wp-content\/uploads\/2025\/04\/logo-schoenstatt-white-696x696-1.png","width":696,"height":694,"caption":"Schoenstatt"},"image":{"@id":"https:\/\/schoenstatt.com\/es\/#\/schema\/logo\/image\/"}},{"@type":"Person","@id":"https:\/\/schoenstatt.com\/es\/#\/schema\/person\/5158877ad4acae98b34daaeef2a1ce6e","name":"Karen Bueno","image":{"@type":"ImageObject","inLanguage":"es","@id":"https:\/\/secure.gravatar.com\/avatar\/f9f4b823873154269d2b2130f195f6d41037dd0d7fc5f3cacb5c846bae70d66b?s=96&d=mm&r=g","url":"https:\/\/secure.gravatar.com\/avatar\/f9f4b823873154269d2b2130f195f6d41037dd0d7fc5f3cacb5c846bae70d66b?s=96&d=mm&r=g","contentUrl":"https:\/\/secure.gravatar.com\/avatar\/f9f4b823873154269d2b2130f195f6d41037dd0d7fc5f3cacb5c846bae70d66b?s=96&d=mm&r=g","caption":"Karen Bueno"},"url":"https:\/\/schoenstatt.com\/es\/author\/karen-bueno\/"}]}},"_links":{"self":[{"href":"https:\/\/schoenstatt.com\/es\/wp-json\/wp\/v2\/posts\/64063","targetHints":{"allow":["GET"]}}],"collection":[{"href":"https:\/\/schoenstatt.com\/es\/wp-json\/wp\/v2\/posts"}],"about":[{"href":"https:\/\/schoenstatt.com\/es\/wp-json\/wp\/v2\/types\/post"}],"author":[{"embeddable":true,"href":"https:\/\/schoenstatt.com\/es\/wp-json\/wp\/v2\/users\/3"}],"replies":[{"embeddable":true,"href":"https:\/\/schoenstatt.com\/es\/wp-json\/wp\/v2\/comments?post=64063"}],"version-history":[{"count":2,"href":"https:\/\/schoenstatt.com\/es\/wp-json\/wp\/v2\/posts\/64063\/revisions"}],"predecessor-version":[{"id":64065,"href":"https:\/\/schoenstatt.com\/es\/wp-json\/wp\/v2\/posts\/64063\/revisions\/64065"}],"wp:featuredmedia":[{"embeddable":true,"href":"https:\/\/schoenstatt.com\/es\/wp-json\/wp\/v2\/media\/64028"}],"wp:attachment":[{"href":"https:\/\/schoenstatt.com\/es\/wp-json\/wp\/v2\/media?parent=64063"}],"wp:term":[{"taxonomy":"category","embeddable":true,"href":"https:\/\/schoenstatt.com\/es\/wp-json\/wp\/v2\/categories?post=64063"},{"taxonomy":"post_tag","embeddable":true,"href":"https:\/\/schoenstatt.com\/es\/wp-json\/wp\/v2\/tags?post=64063"}],"curies":[{"name":"wp","href":"https:\/\/api.w.org\/{rel}","templated":true}]}}