{"id":63821,"date":"2025-09-12T16:12:06","date_gmt":"2025-09-12T14:12:06","guid":{"rendered":"https:\/\/schoenstatt.com\/?p=63821"},"modified":"2025-09-12T16:59:12","modified_gmt":"2025-09-12T14:59:12","slug":"congreso-de-la-virgen-peregrina-internacionalidad-y-mirada-al-futuro","status":"publish","type":"post","link":"https:\/\/schoenstatt.com\/es\/congreso-de-la-virgen-peregrina-internacionalidad-y-mirada-al-futuro\/","title":{"rendered":"Congreso de la Virgen Peregrina: Internacionalidad y mirada al futuro"},"content":{"rendered":"\n<p>El Congreso Internacional del Apostolado de la Virgen Peregrina amaneci\u00f3 este jueves 11 de septiembre en un ambiente de cen\u00e1culo. Diferentes idiomas resuenan por todo el Club Dores, pero, entre gestos y expresiones de alegr\u00eda, todos se entienden en el \u00abidioma\u00bb de la Alianza de Amor.<\/p>\n\n\n\n<p>\u00bfQu\u00e9 dir\u00eda Jo\u00e3o Pozzobon si hoy viera este gimnasio lleno de gente en Santa Mar\u00eda? Es dif\u00edcil de imaginar, porque seguramente no habr\u00eda palabras suficientes. Mar\u00eda Ang\u00e9lica Valencia, de la delegaci\u00f3n de Estados Unidos, se atreve a responder: <em>\u00abCreo que estar\u00eda muy emocionado y, debido a esa emoci\u00f3n, le dar\u00eda las gracias a la Mater, porque la misi\u00f3n que ella le confi\u00f3 se est\u00e1 cumpliendo y este es el fruto de esa gran dedicaci\u00f3n. Y, conociendo su manera de actuar, imagino que le preguntar\u00eda a la Mater: \u00ab\u00bfy ahora, qu\u00e9 quieres de esta misi\u00f3n?\u00bb.<\/em><\/p>\n\n\n\n<h3 class=\"wp-block-heading\" id=\"h-una-explosion-de-dones-del-espiritu-santo\">Una \u00abexplosi\u00f3n\u00bb de dones del Esp\u00edritu Santo<\/h3>\n\n\n\n<p>El programa inicial comenz\u00f3 con la oraci\u00f3n de la ma\u00f1ana y se profundiz\u00f3 con la celebraci\u00f3n de la Santa Misa. La Eucarist\u00eda fue presidida por Monse\u00f1or Melchor S\u00e1nchez, sacerdote espa\u00f1ol que fue relator del Proceso de Pozzobon en el Dicasterio para las Causas de los Santos. Comienza la homil\u00eda destacando la \u00abexplosi\u00f3n\u00bb que hubo en Pentecost\u00e9s y tambi\u00e9n menciona la importancia de Mar\u00eda en la vida de Cristo y de la Iglesia.<\/p>\n\n\n\n<figure class=\"wp-block-image aligncenter size-full\"><img fetchpriority=\"high\" decoding=\"async\" width=\"2048\" height=\"1365\" src=\"https:\/\/schoenstatt.com\/wp-content\/uploads\/2025\/09\/mass-misa.jpg\" alt=\"\" class=\"wp-image-63763\" srcset=\"https:\/\/schoenstatt.com\/wp-content\/uploads\/2025\/09\/mass-misa.jpg 2048w, https:\/\/schoenstatt.com\/wp-content\/uploads\/2025\/09\/mass-misa-768x512.jpg 768w, https:\/\/schoenstatt.com\/wp-content\/uploads\/2025\/09\/mass-misa-1536x1024.jpg 1536w\" sizes=\"(max-width: 2048px) 100vw, 2048px\" \/><figcaption class=\"wp-element-caption\">P. Alexandre Awi Mello, Mons. Melchor S\u00e1nchez, P. Felipe R\u00edos<\/figcaption><\/figure>\n\n\n\n<p>Hablando de Jo\u00e3o Luiz Pozzobon, monse\u00f1or S\u00e1nchez revela:<em> \u00abPozzobon es grande no por haber hecho muchas cosas, sino porque escuch\u00f3 la Palabra de Dios y la puso en pr\u00e1ctica. Acogi\u00f3 la Palabra, la concibi\u00f3 y la hizo carne en su vida, d\u00e1ndola a luz de manera generosa e incansable\u00bb. <\/em>Y a\u00f1ade: <em>\u00abMar\u00eda se llama a s\u00ed misma \u00abla humilde sierva del Se\u00f1or. Pozzobon, con humildad, se consideraba el burrito de la Madre Peregrina. Hag\u00e1monos tambi\u00e9n nosotros burritos de la Madre, para llevar la gracia y la luz de Mar\u00eda a todos\u00bb.<\/em><\/p>\n\n\n\n<div style=\"height:18px\" aria-hidden=\"true\" class=\"wp-block-spacer\"><\/div>\n\n\n\n<div class=\"wp-block-buttons is-content-justification-center is-layout-flex wp-container-core-buttons-is-layout-a89b3969 wp-block-buttons-is-layout-flex\">\n<div class=\"wp-block-button\"><a class=\"wp-block-button__link has-white-color has-text-color has-background has-link-color wp-element-button\" href=\"https:\/\/photos.app.goo.gl\/Ff2JL588zFtapkBt9\" style=\"border-radius:10px;background-color:#dd7022\" target=\"_blank\" rel=\"noreferrer noopener\"><strong>Fotos de la Misa<\/strong><\/a><\/div>\n<\/div>\n\n\n\n<div style=\"height:18px\" aria-hidden=\"true\" class=\"wp-block-spacer\"><\/div>\n\n\n\n<h3 class=\"wp-block-heading\" id=\"h-madre-peregrina-de-la-esperanza\">Madre Peregrina de la Esperanza<\/h3>\n\n\n\n<p>Tras un breve intervalo, comenz\u00f3 el momento formativo \u00abHoy: mirar desde la historia hacia el futuro \u2013 misioneros de la esperanza\u00bb. La experiencia, preparada por el Secretariado del Apostolado de la Virgen Peregrina de Atibaia (Brasil), reuni\u00f3 75 antorchas delante del escenario. Cada una de estas antorchas representaba los signos de esperanza en la vida de Jo\u00e3o Pozzobon, en el Apostolado y en la vida de todos los misioneros.<\/p>\n\n\n\n<figure class=\"wp-block-gallery has-nested-images columns-default is-cropped wp-block-gallery-1 is-layout-flex wp-block-gallery-is-layout-flex\">\n<figure class=\"wp-block-image size-large\"><img decoding=\"async\" width=\"1000\" height=\"667\" data-id=\"63768\" src=\"https:\/\/schoenstatt.com\/wp-content\/uploads\/2025\/09\/pilgrim-mother-congress-3-1.jpg\" alt=\"\" class=\"wp-image-63768\" srcset=\"https:\/\/schoenstatt.com\/wp-content\/uploads\/2025\/09\/pilgrim-mother-congress-3-1.jpg 1000w, https:\/\/schoenstatt.com\/wp-content\/uploads\/2025\/09\/pilgrim-mother-congress-3-1-768x512.jpg 768w\" sizes=\"(max-width: 1000px) 100vw, 1000px\" \/><\/figure>\n\n\n\n<figure class=\"wp-block-image size-full\"><img decoding=\"async\" width=\"1000\" height=\"667\" data-id=\"63769\" src=\"https:\/\/schoenstatt.com\/wp-content\/uploads\/2025\/09\/pilgrim-mother-congress-4.jpg\" alt=\"\" class=\"wp-image-63769\" srcset=\"https:\/\/schoenstatt.com\/wp-content\/uploads\/2025\/09\/pilgrim-mother-congress-4.jpg 1000w, https:\/\/schoenstatt.com\/wp-content\/uploads\/2025\/09\/pilgrim-mother-congress-4-768x512.jpg 768w\" sizes=\"(max-width: 1000px) 100vw, 1000px\" \/><\/figure>\n<\/figure>\n\n\n\n<p>Los textos de reflexi\u00f3n se intercalaron con v\u00eddeos que mostraban impactantes testimonios de varios pa\u00edses. Personas de Polonia, Portugal, Burundi, Eslovaquia, Paraguay y otras muchas naciones contaron las maravillas que la Madre Peregrina realiza en sus regiones. Los testimonios mostraban familias que hab\u00edan vuelto a la Iglesia, matrimonios restaurados, el trabajo social realizado en escuelas, prisiones y hospitales, adem\u00e1s de muchos otros signos de esperanza que el Apostolado difunde por el mundo.<\/p>\n\n\n\n<div class=\"wp-block-buttons is-content-justification-center is-layout-flex wp-container-core-buttons-is-layout-a89b3969 wp-block-buttons-is-layout-flex\">\n<div class=\"wp-block-button\"><a class=\"wp-block-button__link has-white-color has-text-color has-background has-link-color wp-element-button\" href=\"https:\/\/photos.app.goo.gl\/vjmmRbGQ9Ufb4GAQ6\" style=\"border-radius:10px;background-color:#dd7022\" target=\"_blank\" rel=\"noreferrer noopener\"><strong>Fotos de la vivencia<\/strong><\/a><\/div>\n<\/div>\n\n\n\n<div style=\"height:36px\" aria-hidden=\"true\" class=\"wp-block-spacer\"><\/div>\n\n\n\n<h3 class=\"wp-block-heading\" id=\"h-miramos-al-pasado-y-al-presente-pero-y-el-futuro\">Miramos al pasado y al presente, pero \u00bfy el futuro?<\/h3>\n\n\n\n<p>Todas las reflexiones anteriores fueron sintetizadas por el P. Alexandre Awi Mello. Comienza diciendo que<em> \u00abel Jubileo es un tiempo de gracia para renovarnos en las fuerzas que nos dieron origen y refundarnos, proyectarnos de nuevo, con nuevas fuerzas, nuevo ardor, con creatividad\u00bb. <\/em>Y subraya:<em> \u00abLos pr\u00f3ximos 75 a\u00f1os no ser\u00e1n una repetici\u00f3n de los 75 a\u00f1os pasados. Ser\u00e1n construidos por otras personas: USTEDES y otros que ustedes conquistar\u00e1n. No ser\u00e1 una \u00abfotocopia\u00bb, ser\u00e1 algo original\u00bb.<\/em><\/p>\n\n\n\n<figure class=\"wp-block-image aligncenter size-full\"><img loading=\"lazy\" decoding=\"async\" width=\"2048\" height=\"1424\" src=\"https:\/\/schoenstatt.com\/wp-content\/uploads\/2025\/09\/pilgrim-mother-congress-2-1.jpg\" alt=\"\" class=\"wp-image-63774\" srcset=\"https:\/\/schoenstatt.com\/wp-content\/uploads\/2025\/09\/pilgrim-mother-congress-2-1.jpg 2048w, https:\/\/schoenstatt.com\/wp-content\/uploads\/2025\/09\/pilgrim-mother-congress-2-1-768x534.jpg 768w, https:\/\/schoenstatt.com\/wp-content\/uploads\/2025\/09\/pilgrim-mother-congress-2-1-1536x1068.jpg 1536w\" sizes=\"(max-width: 2048px) 100vw, 2048px\" \/><\/figure>\n\n\n\n<p>Como colof\u00f3n de toda la reflexi\u00f3n, el P. Alexandre invita a los misioneros del Apostolado a reflexionar:<em> \u00ab\u00a1Los pr\u00f3ximos 75 a\u00f1os los construiremos cada uno de nosotros, con nuestro ardor, amor, creatividad y originalidad! \u00bfC\u00f3mo podemos continuar la misi\u00f3n de Jo\u00e3o Pozzobon para seguir siendo ese signo de esperanza? \u00bfC\u00f3mo podemos alimentar la llama de la esperanza que se encendi\u00f3 el 10 de septiembre de 1950\u00bb?<\/em><\/p>\n\n\n\n<h3 class=\"wp-block-heading\" id=\"h-grupos-de-trabajo\">Grupos de trabajo<\/h3>\n\n\n\n<p>La tarde se dedic\u00f3 a los talleres, que se dividieron en 13 temas: Apostolado Infantil Juvenil, inserci\u00f3n eclesial, juventud y peregrina, Causa Jo\u00e3o Pozzobon, por la vida que comienza, Peregrinas Auxiliares, formaci\u00f3n de misioneros, v\u00eddeo sobre Jo\u00e3o Pozzobon, vocaciones, P. Esteban Uriburu, D\u00eda de la Alianza, Rosario y Europa.<\/p>\n\n\n\n<figure class=\"wp-block-gallery has-nested-images columns-default is-cropped wp-block-gallery-2 is-layout-flex wp-block-gallery-is-layout-flex\">\n<figure class=\"wp-block-image size-large\"><img loading=\"lazy\" decoding=\"async\" width=\"1000\" height=\"667\" data-id=\"63780\" src=\"https:\/\/schoenstatt.com\/wp-content\/uploads\/2025\/09\/pilgrim-mother-congress-5.jpg\" alt=\"\" class=\"wp-image-63780\" srcset=\"https:\/\/schoenstatt.com\/wp-content\/uploads\/2025\/09\/pilgrim-mother-congress-5.jpg 1000w, https:\/\/schoenstatt.com\/wp-content\/uploads\/2025\/09\/pilgrim-mother-congress-5-768x512.jpg 768w\" sizes=\"(max-width: 1000px) 100vw, 1000px\" \/><\/figure>\n\n\n\n<figure class=\"wp-block-image size-large\"><img loading=\"lazy\" decoding=\"async\" width=\"1000\" height=\"667\" data-id=\"63779\" src=\"https:\/\/schoenstatt.com\/wp-content\/uploads\/2025\/09\/pilgrim-mother-congress-6.jpg\" alt=\"\" class=\"wp-image-63779\" srcset=\"https:\/\/schoenstatt.com\/wp-content\/uploads\/2025\/09\/pilgrim-mother-congress-6.jpg 1000w, https:\/\/schoenstatt.com\/wp-content\/uploads\/2025\/09\/pilgrim-mother-congress-6-768x512.jpg 768w\" sizes=\"(max-width: 1000px) 100vw, 1000px\" \/><\/figure>\n<\/figure>\n\n\n\n<p>Varias salas alrededor del Santuario Tabor y del Centro Mariano recibieron a grupos para estudiar y profundizar estos temas.<\/p>\n\n\n\n<div class=\"wp-block-buttons is-content-justification-center is-layout-flex wp-container-core-buttons-is-layout-a89b3969 wp-block-buttons-is-layout-flex\">\n<div class=\"wp-block-button is-style-fill\"><a class=\"wp-block-button__link has-white-color has-text-color has-background has-link-color wp-element-button\" href=\"https:\/\/photos.app.goo.gl\/At49kXr3oDbuTV578\" style=\"border-radius:10px;background-color:#dd7022\" target=\"_blank\" rel=\"noreferrer noopener\"><strong>Fotos de los talleres<\/strong><\/a><\/div>\n<\/div>\n\n\n\n<div style=\"height:38px\" aria-hidden=\"true\" class=\"wp-block-spacer\"><\/div>\n\n\n\n<h3 class=\"wp-block-heading\" id=\"h-ante-el-senor\">Ante el Se\u00f1or<\/h3>\n\n\n\n<p>Por la noche, los congresistas se reunieron nuevamente en el Club Dores para rezar el rosario. Las \u00abAve Mar\u00edas\u00bb se rezaron en muchos idiomas, formando un rosario luminoso con las banderas de los pa\u00edses.<\/p>\n\n\n\n<figure class=\"wp-block-gallery has-nested-images columns-default is-cropped wp-block-gallery-3 is-layout-flex wp-block-gallery-is-layout-flex\">\n<figure class=\"wp-block-image size-large\"><img loading=\"lazy\" decoding=\"async\" width=\"1000\" height=\"978\" data-id=\"63789\" src=\"https:\/\/schoenstatt.com\/wp-content\/uploads\/2025\/09\/pilgrim-mother-congress-7.jpg\" alt=\"\" class=\"wp-image-63789\" srcset=\"https:\/\/schoenstatt.com\/wp-content\/uploads\/2025\/09\/pilgrim-mother-congress-7.jpg 1000w, https:\/\/schoenstatt.com\/wp-content\/uploads\/2025\/09\/pilgrim-mother-congress-7-768x751.jpg 768w\" sizes=\"(max-width: 1000px) 100vw, 1000px\" \/><\/figure>\n\n\n\n<figure class=\"wp-block-image size-large\"><img loading=\"lazy\" decoding=\"async\" width=\"1000\" height=\"978\" data-id=\"63790\" src=\"https:\/\/schoenstatt.com\/wp-content\/uploads\/2025\/09\/pilgrim-mother-congress-8.jpg\" alt=\"\" class=\"wp-image-63790\" srcset=\"https:\/\/schoenstatt.com\/wp-content\/uploads\/2025\/09\/pilgrim-mother-congress-8.jpg 1000w, https:\/\/schoenstatt.com\/wp-content\/uploads\/2025\/09\/pilgrim-mother-congress-8-768x751.jpg 768w\" sizes=\"(max-width: 1000px) 100vw, 1000px\" \/><\/figure>\n<\/figure>\n\n\n\n<p>A continuaci\u00f3n, la bendici\u00f3n del Sant\u00edsimo emocion\u00f3 y coron\u00f3 la noche. Destaca el entusiasmo de la Juventud de Schoenstatt que, a pesar del gran esfuerzo de trabajo, sigue animada y contagiando a todos con cantos y toda su alegr\u00eda.<\/p>\n\n\n\n<p>\u00bfQu\u00e9 dir\u00eda Jo\u00e3o Pozzobon al ver todo esto? <em>\u00abAhora aqu\u00ed se est\u00e1 abriendo la flor m\u00e1s hermosa: la Apostolado va a ser mundial. Internacional ya es, pero va a ser mundial\u00bb<\/em>, dijo un d\u00eda. Y hoy podemos responder: <em>\u00abS\u00ed, Sr. Jo\u00e3o, YA ES mundial; \u00bfy sabe por qu\u00e9? Porque, por voluntad de Dios, un solo hombre pudo mover al mundo entero\u00bb.<\/em><\/p>\n\n\n\n<figure class=\"wp-block-image aligncenter size-full\"><img loading=\"lazy\" decoding=\"async\" width=\"1918\" height=\"1196\" src=\"https:\/\/schoenstatt.com\/wp-content\/uploads\/2025\/09\/pilgrim-mother-congress-9.jpg\" alt=\"\" class=\"wp-image-63799\" srcset=\"https:\/\/schoenstatt.com\/wp-content\/uploads\/2025\/09\/pilgrim-mother-congress-9.jpg 1918w, https:\/\/schoenstatt.com\/wp-content\/uploads\/2025\/09\/pilgrim-mother-congress-9-768x479.jpg 768w, https:\/\/schoenstatt.com\/wp-content\/uploads\/2025\/09\/pilgrim-mother-congress-9-1536x958.jpg 1536w\" sizes=\"(max-width: 1918px) 100vw, 1918px\" \/><\/figure>\n\n\n\n<div style=\"height:42px\" aria-hidden=\"true\" class=\"wp-block-spacer\"><\/div>\n\n\n\n<div class=\"wp-block-buttons is-content-justification-center is-layout-flex wp-container-core-buttons-is-layout-a89b3969 wp-block-buttons-is-layout-flex\">\n<div class=\"wp-block-button\"><a class=\"wp-block-button__link has-white-color has-text-color has-background has-link-color wp-element-button\" href=\"https:\/\/photos.app.goo.gl\/mXeoQoJZwC3S7oL29\" style=\"border-radius:10px;background-color:#dd7022\" target=\"_blank\" rel=\"noreferrer noopener\"><strong>Fotos del rosario y de la adoraci\u00f3n<\/strong><\/a><\/div>\n<\/div>\n\n\n\n<div style=\"height:32px\" aria-hidden=\"true\" class=\"wp-block-spacer\"><\/div>\n\n\n\n<p><strong>Fotos:<\/strong> Marcia Kazumi<\/p>\n\n\n\n<p><strong>Traducci\u00f3n: <\/strong>Hna. M. Lourdes Mac\u00edas<\/p>\n","protected":false},"excerpt":{"rendered":"<p>\u00bfC\u00f3mo podemos continuar la misi\u00f3n de Jo\u00e3o Pozzobon? Estas y otras reflexiones dominaron el Congreso Internacional. <\/p>\n","protected":false},"author":3,"featured_media":63808,"comment_status":"closed","ping_status":"closed","sticky":false,"template":"","format":"standard","meta":{"footnotes":""},"categories":[904],"tags":[1089,1136],"class_list":["post-63821","post","type-post","status-publish","format-standard","has-post-thumbnail","hentry","category-virgen-peregrina-es","tag-campana-de-la-virgen-peregrina-es","tag-schoenstatt-brasil-es"],"yoast_head":"<!-- This site is optimized with the Yoast SEO Premium plugin v27.4 (Yoast SEO v27.5) - https:\/\/yoast.com\/product\/yoast-seo-premium-wordpress\/ -->\n<title>Congreso de la Virgen Peregrina: Internacionalidad y mirada al futuro<\/title>\n<meta name=\"description\" content=\"\u00bfC\u00f3mo podemos continuar la misi\u00f3n de Jo\u00e3o Pozzobon? Estas y otras reflexiones dominaron el Congreso Internacional.\" \/>\n<meta name=\"robots\" content=\"index, follow, max-snippet:-1, max-image-preview:large, max-video-preview:-1\" \/>\n<link rel=\"canonical\" href=\"https:\/\/schoenstatt.com\/es\/congreso-de-la-virgen-peregrina-internacionalidad-y-mirada-al-futuro\/\" \/>\n<meta property=\"og:locale\" content=\"es_ES\" \/>\n<meta property=\"og:type\" content=\"article\" \/>\n<meta property=\"og:title\" content=\"Congreso de la Virgen Peregrina: Internacionalidad y mirada al futuro\" \/>\n<meta property=\"og:description\" content=\"\u00bfC\u00f3mo podemos continuar la misi\u00f3n de Jo\u00e3o Pozzobon? Estas y otras reflexiones dominaron el Congreso Internacional.\" \/>\n<meta property=\"og:url\" content=\"https:\/\/schoenstatt.com\/es\/congreso-de-la-virgen-peregrina-internacionalidad-y-mirada-al-futuro\/\" \/>\n<meta property=\"og:site_name\" content=\"Schoenstatt\" \/>\n<meta property=\"article:published_time\" content=\"2025-09-12T14:12:06+00:00\" \/>\n<meta property=\"article:modified_time\" content=\"2025-09-12T14:59:12+00:00\" \/>\n<meta property=\"og:image\" content=\"https:\/\/schoenstatt.com\/wp-content\/uploads\/2025\/09\/pilgrim-mother-congress-10.webp\" \/>\n\t<meta property=\"og:image:width\" content=\"2048\" \/>\n\t<meta property=\"og:image:height\" content=\"1188\" \/>\n\t<meta property=\"og:image:type\" content=\"image\/jpeg\" \/>\n<meta name=\"author\" content=\"Karen Bueno\" \/>\n<meta name=\"twitter:card\" content=\"summary_large_image\" \/>\n<meta name=\"twitter:label1\" content=\"Escrito por\" \/>\n\t<meta name=\"twitter:data1\" content=\"Karen Bueno\" \/>\n\t<meta name=\"twitter:label2\" content=\"Tiempo de lectura\" \/>\n\t<meta name=\"twitter:data2\" content=\"7 minutos\" \/>\n<script type=\"application\/ld+json\" class=\"yoast-schema-graph\">{\"@context\":\"https:\\\/\\\/schema.org\",\"@graph\":[{\"@type\":\"Article\",\"@id\":\"https:\\\/\\\/schoenstatt.com\\\/es\\\/congreso-de-la-virgen-peregrina-internacionalidad-y-mirada-al-futuro\\\/#article\",\"isPartOf\":{\"@id\":\"https:\\\/\\\/schoenstatt.com\\\/es\\\/congreso-de-la-virgen-peregrina-internacionalidad-y-mirada-al-futuro\\\/\"},\"author\":{\"name\":\"Karen Bueno\",\"@id\":\"https:\\\/\\\/schoenstatt.com\\\/es\\\/#\\\/schema\\\/person\\\/5158877ad4acae98b34daaeef2a1ce6e\"},\"headline\":\"Congreso de la Virgen Peregrina: Internacionalidad y mirada al futuro\",\"datePublished\":\"2025-09-12T14:12:06+00:00\",\"dateModified\":\"2025-09-12T14:59:12+00:00\",\"mainEntityOfPage\":{\"@id\":\"https:\\\/\\\/schoenstatt.com\\\/es\\\/congreso-de-la-virgen-peregrina-internacionalidad-y-mirada-al-futuro\\\/\"},\"wordCount\":940,\"publisher\":{\"@id\":\"https:\\\/\\\/schoenstatt.com\\\/es\\\/#organization\"},\"image\":{\"@id\":\"https:\\\/\\\/schoenstatt.com\\\/es\\\/congreso-de-la-virgen-peregrina-internacionalidad-y-mirada-al-futuro\\\/#primaryimage\"},\"thumbnailUrl\":\"https:\\\/\\\/schoenstatt.com\\\/wp-content\\\/uploads\\\/2025\\\/09\\\/pilgrim-mother-congress-10.webp\",\"keywords\":[\"Campa\u00f1a de la Virgen Peregrina\",\"Schoenstatt Brasil\"],\"articleSection\":[\"Virgen Peregrina\"],\"inLanguage\":\"es\"},{\"@type\":\"WebPage\",\"@id\":\"https:\\\/\\\/schoenstatt.com\\\/es\\\/congreso-de-la-virgen-peregrina-internacionalidad-y-mirada-al-futuro\\\/\",\"url\":\"https:\\\/\\\/schoenstatt.com\\\/es\\\/congreso-de-la-virgen-peregrina-internacionalidad-y-mirada-al-futuro\\\/\",\"name\":\"Congreso de la Virgen Peregrina: Internacionalidad y mirada al futuro\",\"isPartOf\":{\"@id\":\"https:\\\/\\\/schoenstatt.com\\\/es\\\/#website\"},\"primaryImageOfPage\":{\"@id\":\"https:\\\/\\\/schoenstatt.com\\\/es\\\/congreso-de-la-virgen-peregrina-internacionalidad-y-mirada-al-futuro\\\/#primaryimage\"},\"image\":{\"@id\":\"https:\\\/\\\/schoenstatt.com\\\/es\\\/congreso-de-la-virgen-peregrina-internacionalidad-y-mirada-al-futuro\\\/#primaryimage\"},\"thumbnailUrl\":\"https:\\\/\\\/schoenstatt.com\\\/wp-content\\\/uploads\\\/2025\\\/09\\\/pilgrim-mother-congress-10.webp\",\"datePublished\":\"2025-09-12T14:12:06+00:00\",\"dateModified\":\"2025-09-12T14:59:12+00:00\",\"description\":\"\u00bfC\u00f3mo podemos continuar la misi\u00f3n de Jo\u00e3o Pozzobon? Estas y otras reflexiones dominaron el Congreso Internacional.\",\"breadcrumb\":{\"@id\":\"https:\\\/\\\/schoenstatt.com\\\/es\\\/congreso-de-la-virgen-peregrina-internacionalidad-y-mirada-al-futuro\\\/#breadcrumb\"},\"inLanguage\":\"es\",\"potentialAction\":[{\"@type\":\"ReadAction\",\"target\":[\"https:\\\/\\\/schoenstatt.com\\\/es\\\/congreso-de-la-virgen-peregrina-internacionalidad-y-mirada-al-futuro\\\/\"]}]},{\"@type\":\"ImageObject\",\"inLanguage\":\"es\",\"@id\":\"https:\\\/\\\/schoenstatt.com\\\/es\\\/congreso-de-la-virgen-peregrina-internacionalidad-y-mirada-al-futuro\\\/#primaryimage\",\"url\":\"https:\\\/\\\/schoenstatt.com\\\/wp-content\\\/uploads\\\/2025\\\/09\\\/pilgrim-mother-congress-10.webp\",\"contentUrl\":\"https:\\\/\\\/schoenstatt.com\\\/wp-content\\\/uploads\\\/2025\\\/09\\\/pilgrim-mother-congress-10.webp\",\"width\":2048,\"height\":1188},{\"@type\":\"BreadcrumbList\",\"@id\":\"https:\\\/\\\/schoenstatt.com\\\/es\\\/congreso-de-la-virgen-peregrina-internacionalidad-y-mirada-al-futuro\\\/#breadcrumb\",\"itemListElement\":[{\"@type\":\"ListItem\",\"position\":1,\"name\":\"Portada\",\"item\":\"https:\\\/\\\/schoenstatt.com\\\/es\\\/home\\\/\"},{\"@type\":\"ListItem\",\"position\":2,\"name\":\"Congreso de la Virgen Peregrina: Internacionalidad y mirada al futuro\"}]},{\"@type\":\"WebSite\",\"@id\":\"https:\\\/\\\/schoenstatt.com\\\/es\\\/#website\",\"url\":\"https:\\\/\\\/schoenstatt.com\\\/es\\\/\",\"name\":\"Schoenstatt\",\"description\":\"Apostolic Movement\",\"publisher\":{\"@id\":\"https:\\\/\\\/schoenstatt.com\\\/es\\\/#organization\"},\"potentialAction\":[{\"@type\":\"SearchAction\",\"target\":{\"@type\":\"EntryPoint\",\"urlTemplate\":\"https:\\\/\\\/schoenstatt.com\\\/es\\\/?s={search_term_string}\"},\"query-input\":{\"@type\":\"PropertyValueSpecification\",\"valueRequired\":true,\"valueName\":\"search_term_string\"}}],\"inLanguage\":\"es\"},{\"@type\":\"Organization\",\"@id\":\"https:\\\/\\\/schoenstatt.com\\\/es\\\/#organization\",\"name\":\"Schoenstatt\",\"url\":\"https:\\\/\\\/schoenstatt.com\\\/es\\\/\",\"logo\":{\"@type\":\"ImageObject\",\"inLanguage\":\"es\",\"@id\":\"https:\\\/\\\/schoenstatt.com\\\/es\\\/#\\\/schema\\\/logo\\\/image\\\/\",\"url\":\"https:\\\/\\\/schoenstatt.com\\\/wp-content\\\/uploads\\\/2025\\\/04\\\/logo-schoenstatt-white-696x696-1.png\",\"contentUrl\":\"https:\\\/\\\/schoenstatt.com\\\/wp-content\\\/uploads\\\/2025\\\/04\\\/logo-schoenstatt-white-696x696-1.png\",\"width\":696,\"height\":694,\"caption\":\"Schoenstatt\"},\"image\":{\"@id\":\"https:\\\/\\\/schoenstatt.com\\\/es\\\/#\\\/schema\\\/logo\\\/image\\\/\"}},{\"@type\":\"Person\",\"@id\":\"https:\\\/\\\/schoenstatt.com\\\/es\\\/#\\\/schema\\\/person\\\/5158877ad4acae98b34daaeef2a1ce6e\",\"name\":\"Karen Bueno\",\"image\":{\"@type\":\"ImageObject\",\"inLanguage\":\"es\",\"@id\":\"https:\\\/\\\/secure.gravatar.com\\\/avatar\\\/f9f4b823873154269d2b2130f195f6d41037dd0d7fc5f3cacb5c846bae70d66b?s=96&d=mm&r=g\",\"url\":\"https:\\\/\\\/secure.gravatar.com\\\/avatar\\\/f9f4b823873154269d2b2130f195f6d41037dd0d7fc5f3cacb5c846bae70d66b?s=96&d=mm&r=g\",\"contentUrl\":\"https:\\\/\\\/secure.gravatar.com\\\/avatar\\\/f9f4b823873154269d2b2130f195f6d41037dd0d7fc5f3cacb5c846bae70d66b?s=96&d=mm&r=g\",\"caption\":\"Karen Bueno\"},\"url\":\"https:\\\/\\\/schoenstatt.com\\\/es\\\/author\\\/karen-bueno\\\/\"}]}<\/script>\n<!-- \/ Yoast SEO Premium plugin. -->","yoast_head_json":{"title":"Congreso de la Virgen Peregrina: Internacionalidad y mirada al futuro","description":"\u00bfC\u00f3mo podemos continuar la misi\u00f3n de Jo\u00e3o Pozzobon? Estas y otras reflexiones dominaron el Congreso Internacional.","robots":{"index":"index","follow":"follow","max-snippet":"max-snippet:-1","max-image-preview":"max-image-preview:large","max-video-preview":"max-video-preview:-1"},"canonical":"https:\/\/schoenstatt.com\/es\/congreso-de-la-virgen-peregrina-internacionalidad-y-mirada-al-futuro\/","og_locale":"es_ES","og_type":"article","og_title":"Congreso de la Virgen Peregrina: Internacionalidad y mirada al futuro","og_description":"\u00bfC\u00f3mo podemos continuar la misi\u00f3n de Jo\u00e3o Pozzobon? Estas y otras reflexiones dominaron el Congreso Internacional.","og_url":"https:\/\/schoenstatt.com\/es\/congreso-de-la-virgen-peregrina-internacionalidad-y-mirada-al-futuro\/","og_site_name":"Schoenstatt","article_published_time":"2025-09-12T14:12:06+00:00","article_modified_time":"2025-09-12T14:59:12+00:00","og_image":[{"width":2048,"height":1188,"url":"https:\/\/schoenstatt.com\/wp-content\/uploads\/2025\/09\/pilgrim-mother-congress-10.webp","type":"image\/jpeg"}],"author":"Karen Bueno","twitter_card":"summary_large_image","twitter_misc":{"Escrito por":"Karen Bueno","Tiempo de lectura":"7 minutos"},"schema":{"@context":"https:\/\/schema.org","@graph":[{"@type":"Article","@id":"https:\/\/schoenstatt.com\/es\/congreso-de-la-virgen-peregrina-internacionalidad-y-mirada-al-futuro\/#article","isPartOf":{"@id":"https:\/\/schoenstatt.com\/es\/congreso-de-la-virgen-peregrina-internacionalidad-y-mirada-al-futuro\/"},"author":{"name":"Karen Bueno","@id":"https:\/\/schoenstatt.com\/es\/#\/schema\/person\/5158877ad4acae98b34daaeef2a1ce6e"},"headline":"Congreso de la Virgen Peregrina: Internacionalidad y mirada al futuro","datePublished":"2025-09-12T14:12:06+00:00","dateModified":"2025-09-12T14:59:12+00:00","mainEntityOfPage":{"@id":"https:\/\/schoenstatt.com\/es\/congreso-de-la-virgen-peregrina-internacionalidad-y-mirada-al-futuro\/"},"wordCount":940,"publisher":{"@id":"https:\/\/schoenstatt.com\/es\/#organization"},"image":{"@id":"https:\/\/schoenstatt.com\/es\/congreso-de-la-virgen-peregrina-internacionalidad-y-mirada-al-futuro\/#primaryimage"},"thumbnailUrl":"https:\/\/schoenstatt.com\/wp-content\/uploads\/2025\/09\/pilgrim-mother-congress-10.webp","keywords":["Campa\u00f1a de la Virgen Peregrina","Schoenstatt Brasil"],"articleSection":["Virgen Peregrina"],"inLanguage":"es"},{"@type":"WebPage","@id":"https:\/\/schoenstatt.com\/es\/congreso-de-la-virgen-peregrina-internacionalidad-y-mirada-al-futuro\/","url":"https:\/\/schoenstatt.com\/es\/congreso-de-la-virgen-peregrina-internacionalidad-y-mirada-al-futuro\/","name":"Congreso de la Virgen Peregrina: Internacionalidad y mirada al futuro","isPartOf":{"@id":"https:\/\/schoenstatt.com\/es\/#website"},"primaryImageOfPage":{"@id":"https:\/\/schoenstatt.com\/es\/congreso-de-la-virgen-peregrina-internacionalidad-y-mirada-al-futuro\/#primaryimage"},"image":{"@id":"https:\/\/schoenstatt.com\/es\/congreso-de-la-virgen-peregrina-internacionalidad-y-mirada-al-futuro\/#primaryimage"},"thumbnailUrl":"https:\/\/schoenstatt.com\/wp-content\/uploads\/2025\/09\/pilgrim-mother-congress-10.webp","datePublished":"2025-09-12T14:12:06+00:00","dateModified":"2025-09-12T14:59:12+00:00","description":"\u00bfC\u00f3mo podemos continuar la misi\u00f3n de Jo\u00e3o Pozzobon? Estas y otras reflexiones dominaron el Congreso Internacional.","breadcrumb":{"@id":"https:\/\/schoenstatt.com\/es\/congreso-de-la-virgen-peregrina-internacionalidad-y-mirada-al-futuro\/#breadcrumb"},"inLanguage":"es","potentialAction":[{"@type":"ReadAction","target":["https:\/\/schoenstatt.com\/es\/congreso-de-la-virgen-peregrina-internacionalidad-y-mirada-al-futuro\/"]}]},{"@type":"ImageObject","inLanguage":"es","@id":"https:\/\/schoenstatt.com\/es\/congreso-de-la-virgen-peregrina-internacionalidad-y-mirada-al-futuro\/#primaryimage","url":"https:\/\/schoenstatt.com\/wp-content\/uploads\/2025\/09\/pilgrim-mother-congress-10.webp","contentUrl":"https:\/\/schoenstatt.com\/wp-content\/uploads\/2025\/09\/pilgrim-mother-congress-10.webp","width":2048,"height":1188},{"@type":"BreadcrumbList","@id":"https:\/\/schoenstatt.com\/es\/congreso-de-la-virgen-peregrina-internacionalidad-y-mirada-al-futuro\/#breadcrumb","itemListElement":[{"@type":"ListItem","position":1,"name":"Portada","item":"https:\/\/schoenstatt.com\/es\/home\/"},{"@type":"ListItem","position":2,"name":"Congreso de la Virgen Peregrina: Internacionalidad y mirada al futuro"}]},{"@type":"WebSite","@id":"https:\/\/schoenstatt.com\/es\/#website","url":"https:\/\/schoenstatt.com\/es\/","name":"Schoenstatt","description":"Apostolic Movement","publisher":{"@id":"https:\/\/schoenstatt.com\/es\/#organization"},"potentialAction":[{"@type":"SearchAction","target":{"@type":"EntryPoint","urlTemplate":"https:\/\/schoenstatt.com\/es\/?s={search_term_string}"},"query-input":{"@type":"PropertyValueSpecification","valueRequired":true,"valueName":"search_term_string"}}],"inLanguage":"es"},{"@type":"Organization","@id":"https:\/\/schoenstatt.com\/es\/#organization","name":"Schoenstatt","url":"https:\/\/schoenstatt.com\/es\/","logo":{"@type":"ImageObject","inLanguage":"es","@id":"https:\/\/schoenstatt.com\/es\/#\/schema\/logo\/image\/","url":"https:\/\/schoenstatt.com\/wp-content\/uploads\/2025\/04\/logo-schoenstatt-white-696x696-1.png","contentUrl":"https:\/\/schoenstatt.com\/wp-content\/uploads\/2025\/04\/logo-schoenstatt-white-696x696-1.png","width":696,"height":694,"caption":"Schoenstatt"},"image":{"@id":"https:\/\/schoenstatt.com\/es\/#\/schema\/logo\/image\/"}},{"@type":"Person","@id":"https:\/\/schoenstatt.com\/es\/#\/schema\/person\/5158877ad4acae98b34daaeef2a1ce6e","name":"Karen Bueno","image":{"@type":"ImageObject","inLanguage":"es","@id":"https:\/\/secure.gravatar.com\/avatar\/f9f4b823873154269d2b2130f195f6d41037dd0d7fc5f3cacb5c846bae70d66b?s=96&d=mm&r=g","url":"https:\/\/secure.gravatar.com\/avatar\/f9f4b823873154269d2b2130f195f6d41037dd0d7fc5f3cacb5c846bae70d66b?s=96&d=mm&r=g","contentUrl":"https:\/\/secure.gravatar.com\/avatar\/f9f4b823873154269d2b2130f195f6d41037dd0d7fc5f3cacb5c846bae70d66b?s=96&d=mm&r=g","caption":"Karen Bueno"},"url":"https:\/\/schoenstatt.com\/es\/author\/karen-bueno\/"}]}},"_links":{"self":[{"href":"https:\/\/schoenstatt.com\/es\/wp-json\/wp\/v2\/posts\/63821","targetHints":{"allow":["GET"]}}],"collection":[{"href":"https:\/\/schoenstatt.com\/es\/wp-json\/wp\/v2\/posts"}],"about":[{"href":"https:\/\/schoenstatt.com\/es\/wp-json\/wp\/v2\/types\/post"}],"author":[{"embeddable":true,"href":"https:\/\/schoenstatt.com\/es\/wp-json\/wp\/v2\/users\/3"}],"replies":[{"embeddable":true,"href":"https:\/\/schoenstatt.com\/es\/wp-json\/wp\/v2\/comments?post=63821"}],"version-history":[{"count":3,"href":"https:\/\/schoenstatt.com\/es\/wp-json\/wp\/v2\/posts\/63821\/revisions"}],"predecessor-version":[{"id":63825,"href":"https:\/\/schoenstatt.com\/es\/wp-json\/wp\/v2\/posts\/63821\/revisions\/63825"}],"wp:featuredmedia":[{"embeddable":true,"href":"https:\/\/schoenstatt.com\/es\/wp-json\/wp\/v2\/media\/63808"}],"wp:attachment":[{"href":"https:\/\/schoenstatt.com\/es\/wp-json\/wp\/v2\/media?parent=63821"}],"wp:term":[{"taxonomy":"category","embeddable":true,"href":"https:\/\/schoenstatt.com\/es\/wp-json\/wp\/v2\/categories?post=63821"},{"taxonomy":"post_tag","embeddable":true,"href":"https:\/\/schoenstatt.com\/es\/wp-json\/wp\/v2\/tags?post=63821"}],"curies":[{"name":"wp","href":"https:\/\/api.w.org\/{rel}","templated":true}]}}