{"id":63541,"date":"2025-09-06T11:49:08","date_gmt":"2025-09-06T09:49:08","guid":{"rendered":"https:\/\/schoenstatt.com\/?p=63541"},"modified":"2025-09-06T12:18:05","modified_gmt":"2025-09-06T10:18:05","slug":"una-pregunta-muy-especial-al-santo-padre","status":"publish","type":"post","link":"https:\/\/schoenstatt.com\/es\/una-pregunta-muy-especial-al-santo-padre\/","title":{"rendered":"Una pregunta muy especial al Santo Padre"},"content":{"rendered":"\n<p>Si fueras investigador en el campo de la Teolog\u00eda y tuvieras la oportunidad de reunirte con el Papa, seguramente aprovechar\u00edas la ocasi\u00f3n para hacerle una pregunta profundamente teol\u00f3gica, \u00bfno crees? \u00a1O tal vez no!<\/p>\n\n\n\n<p>Pierina Monte Riso, miembro del <a href=\"https:\/\/schoenstatt.com\/es\/comunidades\/woman\/instituto-secular-nuestra-senora-de-schoenstatt\/\">Instituto Secular Nuestra Se\u00f1ora de Schoenstatt<\/a>, tuvo esa oportunidad el pasado 20 de agosto. Es doctoranda en Teolog\u00eda, pero decidi\u00f3 plantearle una pregunta compleja, humana, sensible y que expresa una gran vulnerabilidad, pero tambi\u00e9n muy importante.<\/p>\n\n\n\n<div style=\"height:28px\" aria-hidden=\"true\" class=\"wp-block-spacer\"><\/div>\n\n\n\n<div class=\"wp-block-buttons is-content-justification-center is-layout-flex wp-container-core-buttons-is-layout-a89b3969 wp-block-buttons-is-layout-flex\">\n<div class=\"wp-block-button\"><a class=\"wp-block-button__link has-white-color has-text-color has-background has-link-color wp-element-button\" href=\"https:\/\/youtu.be\/4AbM7RBtdoI?si=N0i4XIpCaZs_WjjY&amp;t=3780\" style=\"border-style:none;border-width:0px;border-radius:10px;background-color:#e4902a\" target=\"_blank\" rel=\"noreferrer noopener\"><strong>V\u00eddeo completo del encuentro<\/strong><\/a><\/div>\n<\/div>\n\n\n\n<div style=\"height:28px\" aria-hidden=\"true\" class=\"wp-block-spacer\"><\/div>\n\n\n\n<p><strong>Pierina Monte Riso es argentina<\/strong>, de San Luis, y actualmente cursa un doctorado en Teolog\u00eda Dogm\u00e1tica en la Pontificia Universidad Gregoriana de Roma. El 20 de agosto, junto con una multitud, estuvo en la Sala Pablo VI y, durante la audiencia general, tuvo la oportunidad de saludar al Papa Le\u00f3n XIV.<\/p>\n\n\n\n<figure class=\"wp-block-image aligncenter size-full\"><img decoding=\"async\" src=\"https:\/\/schoenstatt.com\/wp-content\/uploads\/2025\/09\/Pope-Leo-XIV-Pierina-Monte-Riso-3-scaled.jpg\" alt=\"\" class=\"wp-image-63498\"\/><figcaption class=\"wp-element-caption\">Fotos: @Vatican Media<\/figcaption><\/figure>\n\n\n\n<p>Pierina cuenta:<em> \u00abFue muy emocionante; fue un regalo de la misericordia de Dios. Sent\u00ed una cercan\u00eda filial ante \u00e9l; me impresion\u00f3 su escucha atenta y activa, su inter\u00e9s por lo que le estaba diciendo. No solo nos saludamos, sino que conversamos\u00bb.<\/em><\/p>\n\n\n\n<h3 class=\"wp-block-heading\" id=\"h-puedo-hacerle-una-pregunta\">\u00bfPuedo hacerle una pregunta?<\/h3>\n\n\n\n<figure class=\"wp-block-image aligncenter size-full\"><img decoding=\"async\" src=\"https:\/\/schoenstatt.com\/wp-content\/uploads\/2025\/09\/Pope-Leo-XIV-Pierina-Monte-Riso-2.jpg\" alt=\"\" class=\"wp-image-63521\"\/><\/figure>\n\n\n\n<p>Con la imagen de la Virgen Peregrina de Schoenstatt en las manos, Pierina se encontr\u00f3 con el papa, como ella misma recuerda:<\/p>\n\n\n\n<figure class=\"wp-block-pullquote has-medium-font-size\" style=\"border-top-color:var(--wp--preset--color--luminous-vivid-orange);border-top-style:solid;border-top-width:1px;border-bottom-color:var(--wp--preset--color--luminous-vivid-orange);border-bottom-style:solid;border-bottom-width:1px;font-style:italic;font-weight:300\"><blockquote><p>\u00abPrimero me present\u00e9, le dije que era una laica consagrada y que pertenec\u00eda al Movimiento de Schoenstatt. \u00c9l se\u00f1al\u00f3 a la Mater diciendo: \u201c\u00a1Ah, s\u00ed, Schoenstatt!\u201d. Y luego le dije: \u201cSanto Padre, \u00bfpuedo hacerle una pregunta y darle un regalo?\u201d<br>Le hice una pregunta muy espec\u00edfica: \u201c\u00bfC\u00f3mo se prepara el coraz\u00f3n para acompa\u00f1ar a los padres en una situaci\u00f3n de grave enfermedad?\u201d. Le mostr\u00e9 una foto de mi mam\u00e1 y le cont\u00e9 que ella tiene c\u00e1ncer de pulm\u00f3n y met\u00e1stasis y que mi pap\u00e1 se hac\u00eda di\u00e1lisis y que necesita un trasplante de ri\u00f1\u00f3n. Y ah\u00ed \u00e9l me dijo, se\u00f1alando a la Mater, que mirara la imagen de Mar\u00eda, que en ella estaban todas las respuestas. Me dijo que Mar\u00eda era la mujer del s\u00ed, de la entrega, de la fidelidad y de la aceptaci\u00f3n. Luego me dijo que la aceptaci\u00f3n de lo inevitable es muy importante, ya que a todos nos va a llegar el momento de la enfermedad o de la muerte. Y que es muy importante creer en la eternidad. Me dijo que la vida eterna es real. Por \u00faltimo, me dijo que rezar\u00eda por m\u00ed pidiendo a Dios que tenga valent\u00eda y fortaleza para esta etapa de la vida.<br>Luego le dije que le ten\u00eda un regalo para \u00e9l: un rosario y una tarjeta con los misterios de misericordia. Son misterios que creamos con nuestro curso del Instituto Nuestra Se\u00f1ora de Schoenstatt para regalar en nuestra consagraci\u00f3n perpetua. Se detuvo a observar los misterios, sobre todo la palabra MISERICORDIA, y sonri\u00f3.<br>Llevaba conmigo la imagen de la Mater para pedir especialmente por mis padres en este momento desafiante. Luego le ped\u00ed la bendici\u00f3n y me hizo la se\u00f1al de la cruz en la frente. Con eso termin\u00f3 el encuentro.\u00bb<\/p><\/blockquote><\/figure>\n\n\n\n<figure class=\"wp-block-gallery has-nested-images columns-default is-cropped wp-block-gallery-1 is-layout-flex wp-block-gallery-is-layout-flex\">\n<figure class=\"wp-block-image size-large\"><img decoding=\"async\" data-id=\"63504\" src=\"https:\/\/schoenstatt.com\/wp-content\/uploads\/2025\/09\/Pope-Leo-XIV-Pierina-Monte-Riso-4.jpg\" alt=\"\" class=\"wp-image-63504\"\/><\/figure>\n\n\n\n<figure class=\"wp-block-image size-large\"><img decoding=\"async\" data-id=\"63509\" src=\"https:\/\/schoenstatt.com\/wp-content\/uploads\/2025\/09\/Pope-Leo-XIV-Pierina-Monte-Riso-5.jpg\" alt=\"\" class=\"wp-image-63509\"\/><\/figure>\n<\/figure>\n\n\n\n<h3 class=\"wp-block-heading\" id=\"h-una-senal-de-la-paternidad-amorosa-de-dios\">Una se\u00f1al de la paternidad amorosa de Dios<\/h3>\n\n\n\n<p>El tema de estudio de Pierina est\u00e1 relacionado con la filialidad. Aunque la conversaci\u00f3n con el Papa no gir\u00f3 en torno a la investigaci\u00f3n, en este encuentro ella sinti\u00f3, sin duda, que la paternidad divina es concreta y una indicaci\u00f3n para seguir siendo hija amada y predilecta del Padre.<\/p>\n\n\n\n<figure class=\"wp-block-image aligncenter size-full\"><img decoding=\"async\" src=\"https:\/\/schoenstatt.com\/wp-content\/uploads\/2025\/09\/Pope-Leo-XIV-Pierina-Monte-Riso.jpg\" alt=\"\" class=\"wp-image-63516\"\/><\/figure>\n","protected":false},"excerpt":{"rendered":"<p>Pierina Monte Riso, del Instituto de las Se\u00f1oras de Schoenstatt, tuvo la oportunidad de saludar al Papa Le\u00f3n XIV.<\/p>\n","protected":false},"author":3,"featured_media":63520,"comment_status":"closed","ping_status":"closed","sticky":false,"template":"","format":"standard","meta":{"footnotes":""},"categories":[909,683],"tags":[],"class_list":["post-63541","post","type-post","status-publish","format-standard","has-post-thumbnail","hentry","category-comunidades-de-schoenstatt-es","category-iglesia-es"],"yoast_head":"<!-- This site is optimized with the Yoast SEO Premium plugin v27.4 (Yoast SEO v27.5) - https:\/\/yoast.com\/product\/yoast-seo-premium-wordpress\/ -->\n<title>Una pregunta muy especial al Santo Padre - Schoenstatt<\/title>\n<meta name=\"description\" content=\"Pierina Monte Riso, del Instituto de las Se\u00f1oras de Schoenstatt, tuvo la oportunidad de saludar al Papa Le\u00f3n XIV.\" \/>\n<meta name=\"robots\" content=\"index, follow, max-snippet:-1, max-image-preview:large, max-video-preview:-1\" \/>\n<link rel=\"canonical\" href=\"https:\/\/schoenstatt.com\/es\/una-pregunta-muy-especial-al-santo-padre\/\" \/>\n<meta property=\"og:locale\" content=\"es_ES\" \/>\n<meta property=\"og:type\" content=\"article\" \/>\n<meta property=\"og:title\" content=\"Una pregunta muy especial al Santo Padre\" \/>\n<meta property=\"og:description\" content=\"Pierina Monte Riso, del Instituto de las Se\u00f1oras de Schoenstatt, tuvo la oportunidad de saludar al Papa Le\u00f3n XIV.\" \/>\n<meta property=\"og:url\" content=\"https:\/\/schoenstatt.com\/es\/una-pregunta-muy-especial-al-santo-padre\/\" \/>\n<meta property=\"og:site_name\" content=\"Schoenstatt\" \/>\n<meta property=\"article:published_time\" content=\"2025-09-06T09:49:08+00:00\" \/>\n<meta property=\"article:modified_time\" content=\"2025-09-06T10:18:05+00:00\" \/>\n<meta property=\"og:image\" content=\"https:\/\/schoenstatt.com\/wp-content\/uploads\/2025\/09\/Pope-Leo-XIV-Pierina-Monte-Riso.webp\" \/>\n\t<meta property=\"og:image:width\" content=\"2048\" \/>\n\t<meta property=\"og:image:height\" content=\"1410\" \/>\n\t<meta property=\"og:image:type\" content=\"image\/jpeg\" \/>\n<meta name=\"author\" content=\"Karen Bueno\" \/>\n<meta name=\"twitter:card\" content=\"summary_large_image\" \/>\n<meta name=\"twitter:label1\" content=\"Escrito por\" \/>\n\t<meta name=\"twitter:data1\" content=\"Karen Bueno\" \/>\n\t<meta name=\"twitter:label2\" content=\"Tiempo de lectura\" \/>\n\t<meta name=\"twitter:data2\" content=\"3 minutos\" \/>\n<script type=\"application\/ld+json\" class=\"yoast-schema-graph\">{\"@context\":\"https:\\\/\\\/schema.org\",\"@graph\":[{\"@type\":\"Article\",\"@id\":\"https:\\\/\\\/schoenstatt.com\\\/es\\\/una-pregunta-muy-especial-al-santo-padre\\\/#article\",\"isPartOf\":{\"@id\":\"https:\\\/\\\/schoenstatt.com\\\/es\\\/una-pregunta-muy-especial-al-santo-padre\\\/\"},\"author\":{\"name\":\"Karen Bueno\",\"@id\":\"https:\\\/\\\/schoenstatt.com\\\/es\\\/#\\\/schema\\\/person\\\/5158877ad4acae98b34daaeef2a1ce6e\"},\"headline\":\"Una pregunta muy especial al Santo Padre\",\"datePublished\":\"2025-09-06T09:49:08+00:00\",\"dateModified\":\"2025-09-06T10:18:05+00:00\",\"mainEntityOfPage\":{\"@id\":\"https:\\\/\\\/schoenstatt.com\\\/es\\\/una-pregunta-muy-especial-al-santo-padre\\\/\"},\"wordCount\":597,\"publisher\":{\"@id\":\"https:\\\/\\\/schoenstatt.com\\\/es\\\/#organization\"},\"image\":{\"@id\":\"https:\\\/\\\/schoenstatt.com\\\/es\\\/una-pregunta-muy-especial-al-santo-padre\\\/#primaryimage\"},\"thumbnailUrl\":\"https:\\\/\\\/schoenstatt.com\\\/wp-content\\\/uploads\\\/2025\\\/09\\\/Pope-Leo-XIV-Pierina-Monte-Riso.webp\",\"articleSection\":[\"Comunidades de Schoenstatt\",\"Iglesia\"],\"inLanguage\":\"es\"},{\"@type\":\"WebPage\",\"@id\":\"https:\\\/\\\/schoenstatt.com\\\/es\\\/una-pregunta-muy-especial-al-santo-padre\\\/\",\"url\":\"https:\\\/\\\/schoenstatt.com\\\/es\\\/una-pregunta-muy-especial-al-santo-padre\\\/\",\"name\":\"Una pregunta muy especial al Santo Padre - Schoenstatt\",\"isPartOf\":{\"@id\":\"https:\\\/\\\/schoenstatt.com\\\/es\\\/#website\"},\"primaryImageOfPage\":{\"@id\":\"https:\\\/\\\/schoenstatt.com\\\/es\\\/una-pregunta-muy-especial-al-santo-padre\\\/#primaryimage\"},\"image\":{\"@id\":\"https:\\\/\\\/schoenstatt.com\\\/es\\\/una-pregunta-muy-especial-al-santo-padre\\\/#primaryimage\"},\"thumbnailUrl\":\"https:\\\/\\\/schoenstatt.com\\\/wp-content\\\/uploads\\\/2025\\\/09\\\/Pope-Leo-XIV-Pierina-Monte-Riso.webp\",\"datePublished\":\"2025-09-06T09:49:08+00:00\",\"dateModified\":\"2025-09-06T10:18:05+00:00\",\"description\":\"Pierina Monte Riso, del Instituto de las Se\u00f1oras de Schoenstatt, tuvo la oportunidad de saludar al Papa Le\u00f3n XIV.\",\"breadcrumb\":{\"@id\":\"https:\\\/\\\/schoenstatt.com\\\/es\\\/una-pregunta-muy-especial-al-santo-padre\\\/#breadcrumb\"},\"inLanguage\":\"es\",\"potentialAction\":[{\"@type\":\"ReadAction\",\"target\":[\"https:\\\/\\\/schoenstatt.com\\\/es\\\/una-pregunta-muy-especial-al-santo-padre\\\/\"]}]},{\"@type\":\"ImageObject\",\"inLanguage\":\"es\",\"@id\":\"https:\\\/\\\/schoenstatt.com\\\/es\\\/una-pregunta-muy-especial-al-santo-padre\\\/#primaryimage\",\"url\":\"https:\\\/\\\/schoenstatt.com\\\/wp-content\\\/uploads\\\/2025\\\/09\\\/Pope-Leo-XIV-Pierina-Monte-Riso.webp\",\"contentUrl\":\"https:\\\/\\\/schoenstatt.com\\\/wp-content\\\/uploads\\\/2025\\\/09\\\/Pope-Leo-XIV-Pierina-Monte-Riso.webp\",\"width\":2048,\"height\":1410},{\"@type\":\"BreadcrumbList\",\"@id\":\"https:\\\/\\\/schoenstatt.com\\\/es\\\/una-pregunta-muy-especial-al-santo-padre\\\/#breadcrumb\",\"itemListElement\":[{\"@type\":\"ListItem\",\"position\":1,\"name\":\"Portada\",\"item\":\"https:\\\/\\\/schoenstatt.com\\\/es\\\/home\\\/\"},{\"@type\":\"ListItem\",\"position\":2,\"name\":\"Una pregunta muy especial al Santo Padre\"}]},{\"@type\":\"WebSite\",\"@id\":\"https:\\\/\\\/schoenstatt.com\\\/es\\\/#website\",\"url\":\"https:\\\/\\\/schoenstatt.com\\\/es\\\/\",\"name\":\"Schoenstatt\",\"description\":\"Apostolic Movement\",\"publisher\":{\"@id\":\"https:\\\/\\\/schoenstatt.com\\\/es\\\/#organization\"},\"potentialAction\":[{\"@type\":\"SearchAction\",\"target\":{\"@type\":\"EntryPoint\",\"urlTemplate\":\"https:\\\/\\\/schoenstatt.com\\\/es\\\/?s={search_term_string}\"},\"query-input\":{\"@type\":\"PropertyValueSpecification\",\"valueRequired\":true,\"valueName\":\"search_term_string\"}}],\"inLanguage\":\"es\"},{\"@type\":\"Organization\",\"@id\":\"https:\\\/\\\/schoenstatt.com\\\/es\\\/#organization\",\"name\":\"Schoenstatt\",\"url\":\"https:\\\/\\\/schoenstatt.com\\\/es\\\/\",\"logo\":{\"@type\":\"ImageObject\",\"inLanguage\":\"es\",\"@id\":\"https:\\\/\\\/schoenstatt.com\\\/es\\\/#\\\/schema\\\/logo\\\/image\\\/\",\"url\":\"https:\\\/\\\/schoenstatt.com\\\/wp-content\\\/uploads\\\/2025\\\/04\\\/logo-schoenstatt-white-696x696-1.png\",\"contentUrl\":\"https:\\\/\\\/schoenstatt.com\\\/wp-content\\\/uploads\\\/2025\\\/04\\\/logo-schoenstatt-white-696x696-1.png\",\"width\":696,\"height\":694,\"caption\":\"Schoenstatt\"},\"image\":{\"@id\":\"https:\\\/\\\/schoenstatt.com\\\/es\\\/#\\\/schema\\\/logo\\\/image\\\/\"}},{\"@type\":\"Person\",\"@id\":\"https:\\\/\\\/schoenstatt.com\\\/es\\\/#\\\/schema\\\/person\\\/5158877ad4acae98b34daaeef2a1ce6e\",\"name\":\"Karen Bueno\",\"image\":{\"@type\":\"ImageObject\",\"inLanguage\":\"es\",\"@id\":\"https:\\\/\\\/secure.gravatar.com\\\/avatar\\\/f9f4b823873154269d2b2130f195f6d41037dd0d7fc5f3cacb5c846bae70d66b?s=96&d=mm&r=g\",\"url\":\"https:\\\/\\\/secure.gravatar.com\\\/avatar\\\/f9f4b823873154269d2b2130f195f6d41037dd0d7fc5f3cacb5c846bae70d66b?s=96&d=mm&r=g\",\"contentUrl\":\"https:\\\/\\\/secure.gravatar.com\\\/avatar\\\/f9f4b823873154269d2b2130f195f6d41037dd0d7fc5f3cacb5c846bae70d66b?s=96&d=mm&r=g\",\"caption\":\"Karen Bueno\"},\"url\":\"https:\\\/\\\/schoenstatt.com\\\/es\\\/author\\\/karen-bueno\\\/\"}]}<\/script>\n<!-- \/ Yoast SEO Premium plugin. -->","yoast_head_json":{"title":"Una pregunta muy especial al Santo Padre - Schoenstatt","description":"Pierina Monte Riso, del Instituto de las Se\u00f1oras de Schoenstatt, tuvo la oportunidad de saludar al Papa Le\u00f3n XIV.","robots":{"index":"index","follow":"follow","max-snippet":"max-snippet:-1","max-image-preview":"max-image-preview:large","max-video-preview":"max-video-preview:-1"},"canonical":"https:\/\/schoenstatt.com\/es\/una-pregunta-muy-especial-al-santo-padre\/","og_locale":"es_ES","og_type":"article","og_title":"Una pregunta muy especial al Santo Padre","og_description":"Pierina Monte Riso, del Instituto de las Se\u00f1oras de Schoenstatt, tuvo la oportunidad de saludar al Papa Le\u00f3n XIV.","og_url":"https:\/\/schoenstatt.com\/es\/una-pregunta-muy-especial-al-santo-padre\/","og_site_name":"Schoenstatt","article_published_time":"2025-09-06T09:49:08+00:00","article_modified_time":"2025-09-06T10:18:05+00:00","og_image":[{"width":2048,"height":1410,"url":"https:\/\/schoenstatt.com\/wp-content\/uploads\/2025\/09\/Pope-Leo-XIV-Pierina-Monte-Riso.webp","type":"image\/jpeg"}],"author":"Karen Bueno","twitter_card":"summary_large_image","twitter_misc":{"Escrito por":"Karen Bueno","Tiempo de lectura":"3 minutos"},"schema":{"@context":"https:\/\/schema.org","@graph":[{"@type":"Article","@id":"https:\/\/schoenstatt.com\/es\/una-pregunta-muy-especial-al-santo-padre\/#article","isPartOf":{"@id":"https:\/\/schoenstatt.com\/es\/una-pregunta-muy-especial-al-santo-padre\/"},"author":{"name":"Karen Bueno","@id":"https:\/\/schoenstatt.com\/es\/#\/schema\/person\/5158877ad4acae98b34daaeef2a1ce6e"},"headline":"Una pregunta muy especial al Santo Padre","datePublished":"2025-09-06T09:49:08+00:00","dateModified":"2025-09-06T10:18:05+00:00","mainEntityOfPage":{"@id":"https:\/\/schoenstatt.com\/es\/una-pregunta-muy-especial-al-santo-padre\/"},"wordCount":597,"publisher":{"@id":"https:\/\/schoenstatt.com\/es\/#organization"},"image":{"@id":"https:\/\/schoenstatt.com\/es\/una-pregunta-muy-especial-al-santo-padre\/#primaryimage"},"thumbnailUrl":"https:\/\/schoenstatt.com\/wp-content\/uploads\/2025\/09\/Pope-Leo-XIV-Pierina-Monte-Riso.webp","articleSection":["Comunidades de Schoenstatt","Iglesia"],"inLanguage":"es"},{"@type":"WebPage","@id":"https:\/\/schoenstatt.com\/es\/una-pregunta-muy-especial-al-santo-padre\/","url":"https:\/\/schoenstatt.com\/es\/una-pregunta-muy-especial-al-santo-padre\/","name":"Una pregunta muy especial al Santo Padre - Schoenstatt","isPartOf":{"@id":"https:\/\/schoenstatt.com\/es\/#website"},"primaryImageOfPage":{"@id":"https:\/\/schoenstatt.com\/es\/una-pregunta-muy-especial-al-santo-padre\/#primaryimage"},"image":{"@id":"https:\/\/schoenstatt.com\/es\/una-pregunta-muy-especial-al-santo-padre\/#primaryimage"},"thumbnailUrl":"https:\/\/schoenstatt.com\/wp-content\/uploads\/2025\/09\/Pope-Leo-XIV-Pierina-Monte-Riso.webp","datePublished":"2025-09-06T09:49:08+00:00","dateModified":"2025-09-06T10:18:05+00:00","description":"Pierina Monte Riso, del Instituto de las Se\u00f1oras de Schoenstatt, tuvo la oportunidad de saludar al Papa Le\u00f3n XIV.","breadcrumb":{"@id":"https:\/\/schoenstatt.com\/es\/una-pregunta-muy-especial-al-santo-padre\/#breadcrumb"},"inLanguage":"es","potentialAction":[{"@type":"ReadAction","target":["https:\/\/schoenstatt.com\/es\/una-pregunta-muy-especial-al-santo-padre\/"]}]},{"@type":"ImageObject","inLanguage":"es","@id":"https:\/\/schoenstatt.com\/es\/una-pregunta-muy-especial-al-santo-padre\/#primaryimage","url":"https:\/\/schoenstatt.com\/wp-content\/uploads\/2025\/09\/Pope-Leo-XIV-Pierina-Monte-Riso.webp","contentUrl":"https:\/\/schoenstatt.com\/wp-content\/uploads\/2025\/09\/Pope-Leo-XIV-Pierina-Monte-Riso.webp","width":2048,"height":1410},{"@type":"BreadcrumbList","@id":"https:\/\/schoenstatt.com\/es\/una-pregunta-muy-especial-al-santo-padre\/#breadcrumb","itemListElement":[{"@type":"ListItem","position":1,"name":"Portada","item":"https:\/\/schoenstatt.com\/es\/home\/"},{"@type":"ListItem","position":2,"name":"Una pregunta muy especial al Santo Padre"}]},{"@type":"WebSite","@id":"https:\/\/schoenstatt.com\/es\/#website","url":"https:\/\/schoenstatt.com\/es\/","name":"Schoenstatt","description":"Apostolic Movement","publisher":{"@id":"https:\/\/schoenstatt.com\/es\/#organization"},"potentialAction":[{"@type":"SearchAction","target":{"@type":"EntryPoint","urlTemplate":"https:\/\/schoenstatt.com\/es\/?s={search_term_string}"},"query-input":{"@type":"PropertyValueSpecification","valueRequired":true,"valueName":"search_term_string"}}],"inLanguage":"es"},{"@type":"Organization","@id":"https:\/\/schoenstatt.com\/es\/#organization","name":"Schoenstatt","url":"https:\/\/schoenstatt.com\/es\/","logo":{"@type":"ImageObject","inLanguage":"es","@id":"https:\/\/schoenstatt.com\/es\/#\/schema\/logo\/image\/","url":"https:\/\/schoenstatt.com\/wp-content\/uploads\/2025\/04\/logo-schoenstatt-white-696x696-1.png","contentUrl":"https:\/\/schoenstatt.com\/wp-content\/uploads\/2025\/04\/logo-schoenstatt-white-696x696-1.png","width":696,"height":694,"caption":"Schoenstatt"},"image":{"@id":"https:\/\/schoenstatt.com\/es\/#\/schema\/logo\/image\/"}},{"@type":"Person","@id":"https:\/\/schoenstatt.com\/es\/#\/schema\/person\/5158877ad4acae98b34daaeef2a1ce6e","name":"Karen Bueno","image":{"@type":"ImageObject","inLanguage":"es","@id":"https:\/\/secure.gravatar.com\/avatar\/f9f4b823873154269d2b2130f195f6d41037dd0d7fc5f3cacb5c846bae70d66b?s=96&d=mm&r=g","url":"https:\/\/secure.gravatar.com\/avatar\/f9f4b823873154269d2b2130f195f6d41037dd0d7fc5f3cacb5c846bae70d66b?s=96&d=mm&r=g","contentUrl":"https:\/\/secure.gravatar.com\/avatar\/f9f4b823873154269d2b2130f195f6d41037dd0d7fc5f3cacb5c846bae70d66b?s=96&d=mm&r=g","caption":"Karen Bueno"},"url":"https:\/\/schoenstatt.com\/es\/author\/karen-bueno\/"}]}},"_links":{"self":[{"href":"https:\/\/schoenstatt.com\/es\/wp-json\/wp\/v2\/posts\/63541","targetHints":{"allow":["GET"]}}],"collection":[{"href":"https:\/\/schoenstatt.com\/es\/wp-json\/wp\/v2\/posts"}],"about":[{"href":"https:\/\/schoenstatt.com\/es\/wp-json\/wp\/v2\/types\/post"}],"author":[{"embeddable":true,"href":"https:\/\/schoenstatt.com\/es\/wp-json\/wp\/v2\/users\/3"}],"replies":[{"embeddable":true,"href":"https:\/\/schoenstatt.com\/es\/wp-json\/wp\/v2\/comments?post=63541"}],"version-history":[{"count":3,"href":"https:\/\/schoenstatt.com\/es\/wp-json\/wp\/v2\/posts\/63541\/revisions"}],"predecessor-version":[{"id":63544,"href":"https:\/\/schoenstatt.com\/es\/wp-json\/wp\/v2\/posts\/63541\/revisions\/63544"}],"wp:featuredmedia":[{"embeddable":true,"href":"https:\/\/schoenstatt.com\/es\/wp-json\/wp\/v2\/media\/63520"}],"wp:attachment":[{"href":"https:\/\/schoenstatt.com\/es\/wp-json\/wp\/v2\/media?parent=63541"}],"wp:term":[{"taxonomy":"category","embeddable":true,"href":"https:\/\/schoenstatt.com\/es\/wp-json\/wp\/v2\/categories?post=63541"},{"taxonomy":"post_tag","embeddable":true,"href":"https:\/\/schoenstatt.com\/es\/wp-json\/wp\/v2\/tags?post=63541"}],"curies":[{"name":"wp","href":"https:\/\/api.w.org\/{rel}","templated":true}]}}