{"id":63386,"date":"2025-09-04T03:03:00","date_gmt":"2025-09-04T01:03:00","guid":{"rendered":"https:\/\/schoenstatt.com\/?p=63386"},"modified":"2025-09-03T20:54:10","modified_gmt":"2025-09-03T18:54:10","slug":"la-jornada-corona-viva-renueva-el-compromiso-de-la-juventud-femenina-de-ecuador","status":"publish","type":"post","link":"https:\/\/schoenstatt.com\/es\/la-jornada-corona-viva-renueva-el-compromiso-de-la-juventud-femenina-de-ecuador\/","title":{"rendered":"La jornada \u00abCorona Viva\u00bb renueva el compromiso de la Juventud Femenina de Ecuador"},"content":{"rendered":"\n<p>El s\u00e1bado 16 de agosto, en el Santuario de Ciudad Celeste, en Samborond\u00f3n, la Juventud Femenina de Schoenstatt de Ecuador celebr\u00f3 una Jornada hist\u00f3rica: los 25 a\u00f1os de la corriente de vida de la Corona Viva, que surgi\u00f3 en el a\u00f1o 2000 en la Juventud Femenina de Schoenstatt Internacional. El lema de este encuentro es el mismo que acompa\u00f1a al ramo este a\u00f1o en Ecuador: \u201cCorona Viva, Anuncio de Esperanza\u201d.<\/p>\n\n\n\n<p>Llegamos aproximadamente 300 chicas impulsadas por un solo deseo: ser la nueva generaci\u00f3n de la Corona Viva. Nos reunimos: Ap\u00f3stoles de Mar\u00eda, Portadoras de la Reina, Aliadas y Universitarias, adem\u00e1s de algunas ex JF (chicas que fueron parte de la Juventud Femenina), Hermanas de Mar\u00eda y las coordinadoras de la Juventud (se\u00f1oras que nos ayudan a coordinar a las dirigentes de la Juventud y las distintas actividades de la misma).<\/p>\n\n\n\n<figure class=\"wp-block-image aligncenter size-full\"><img decoding=\"async\" src=\"https:\/\/schoenstatt.com\/wp-content\/uploads\/2025\/09\/Living-Crown-Girls-Youth-3.jpg\" alt=\"\" class=\"wp-image-63362\"\/><\/figure>\n\n\n\n<p>Hab\u00eda mucha expectativa, pues la \u00faltima vez que se hab\u00eda realizado la vivencia de la Corona Viva en Ecuador fue en 2010, as\u00ed que ninguna de las chicas de esta generaci\u00f3n lo hab\u00edamos vivido. Adem\u00e1s, hace pocos d\u00edas hab\u00edamos regresado de la peregrinaci\u00f3n en Schoenstatt y Roma con la vivencia del jubileo de la Corona Viva con 600 chicas de diferentes pa\u00edses, culturas e idiomas, pero que, unidas en un mismo ideal, desbord\u00e1bamos alegr\u00eda y un fuerte anhelo por ser una aut\u00e9ntica Corona Viva para la Reina.<\/p>\n\n\n\n<h3 class=\"wp-block-heading\" id=\"h-la-nueva-generacion-asume-la-mision\">La nueva generaci\u00f3n asume la misi\u00f3n<\/h3>\n\n\n\n<p>Durante varias semanas se prepar\u00f3 todo pensando en cada detalle, entre los Consejos y el equipo de Coordinadoras de la JF. La ambientaci\u00f3n de la casa por dentro y por fuera era impresionante, con guirnaldas de colores y coronas por todas partes. Hasta pudimos alquilar unas letras RTA de metro y medio que ten\u00edan luces y fueron el lugar obligado para las fotos del d\u00eda.<\/p>\n\n\n\n<p>Uno de los momentos m\u00e1s esperados fue recrear la ic\u00f3nica foto de la corona RTA, ser nosotras mismas una Corona Viva. Esto lo hicimos delante de nuestro santuario donde ya estaba dibujada la sigla RTA. Con mucho orden y alegr\u00eda poco a poco la RTA se fue llenando de ni\u00f1as que no dej\u00e1bamos de cantar en la espera de la foto oficial.<\/p>\n\n\n\n<figure class=\"wp-block-image aligncenter size-full\"><img decoding=\"async\" src=\"https:\/\/schoenstatt.com\/wp-content\/uploads\/2025\/09\/Living-Crown-Girls-Youth-2.jpg\" alt=\"\" class=\"wp-image-63367\"\/><\/figure>\n\n\n\n<p>Toda la Juventud form\u00f3 parte de lo que ser\u00eda uno de los momentos m\u00e1s memorables de la tarde. Entre risas, cantos y mucha alegr\u00eda la corona iba tomando forma y daba paso a una nueva generaci\u00f3n. Juntas, chicas y asesoras formamos parte de la Corona Viva de la Mater.<\/p>\n\n\n\n<h3 class=\"wp-block-heading\" id=\"h-este-tiempo-nos-necesita\">\u00a1Este tiempo nos necesita!<\/h3>\n\n\n\n<p>Despu\u00e9s de la foto de la Corona Viva, tuvimos un compartir con carritos de hotdogs, canguil y jugos; luego pasamos a talleres para Ap\u00f3stoles, Portadoras, Aliadas y Universitarias preparados especialmente pensando en su realidad, algunas con manualidades y otras con testimonios de las chicas que fueron parte del Jubileo RTA en Schoenstatt. El sentido de estos talleres fue descubrir juntas c\u00f3mo ser una Corona Viva en la vida diaria, seg\u00fan la edad de las chicas.<\/p>\n\n\n\n<p>Para culminar, tuvimos un momento de adoraci\u00f3n frente al santuario y all\u00ed recibimos una medalla con la RTA, igual que en el jubileo internacional en Schoenstatt. Tambi\u00e9n pudimos firmar el libro de la Corona Viva mientras cant\u00e1bamos llenas de alegr\u00eda.<\/p>\n\n\n\n<figure class=\"wp-block-image aligncenter size-full\"><img decoding=\"async\" src=\"https:\/\/schoenstatt.com\/wp-content\/uploads\/2025\/09\/Living-Crown-Girls-Youth-Samborondon-Ecuador.jpg\" alt=\"\" class=\"wp-image-63373\"\/><\/figure>\n\n\n\n<p>Como dijo una de las militantes, esta jornada no s\u00f3lo fue un espacio de encuentro y formaci\u00f3n, sino tambi\u00e9n un momento de motivaci\u00f3n e impulso para salir al mundo y decir: nosotras queremos ser peque\u00f1as Mar\u00edas, aquellas que con valent\u00eda y autenticidad reflejamos los anhelos de Dios y del Padre y Fundador.<\/p>\n\n\n\n<p>Una Ap\u00f3stol de Mar\u00eda dijo que hab\u00eda sido un d\u00eda muy bonito y ahora ella era una Corona Viva de la Mater. Una Aliada nueva coment\u00f3 a su Familia que definitivamente Schoenstatt era su lugar, que nunca se hab\u00eda sentido tan acogida y feliz. Y otra Militante dijo tambi\u00e9n: nuestra forma original de vivir la santidad es ser Corona Viva\u2026 \u00a1Este tiempo nos necesita!<\/p>\n\n\n\n<h3 class=\"wp-block-heading\" id=\"h-una-mision-que-trasciende-generaciones\">Una misi\u00f3n que trasciende generaciones<\/h3>\n\n\n\n<p>A muchas nos toc\u00f3 profundamente estas palabras del Padre y Fundador que unieron a la peque\u00f1a coronita que ahora usamos en el cuello, junto a nuestra medalla de Alianza.<\/p>\n\n\n\n<figure class=\"wp-block-pullquote has-medium-font-size\" style=\"border-top-color:var(--wp--preset--color--luminous-vivid-orange);border-top-style:solid;border-top-width:1px;border-bottom-color:var(--wp--preset--color--luminous-vivid-orange);border-bottom-style:solid;border-bottom-width:1px;font-style:italic;font-weight:300\"><blockquote><p>\u00abLa Madre y Reina tres veces admirable de Schoenstatt quiere hoy transformarnos en peque\u00f1as Reinas tres veces admirables, quiere, a partir de hoy, vernos como peque\u00f1as Regina ter admirabilis. Y quiz\u00e1s cada una tendr\u00e1, una peque\u00f1a coronita que las haga conscientes de que somos peque\u00f1as Reinas coronadas\u00bb<\/p><cite>(J. K. a la JF de M\u00fcnster, 18\/8\/1945, al regalarles la corona RTA).<\/cite><\/blockquote><\/figure>\n\n\n\n<p><em>\u00a1Somos tu Corona Viva!, \u00a1Hoy, ma\u00f1ana, juntas!<\/em><\/p>\n","protected":false},"excerpt":{"rendered":"<p>300 j\u00f3venes se reunieron en Samborond\u00f3n, Ecuador, para asumir el compromiso de ser Corona Viva de la MTA.<\/p>\n","protected":false},"author":3,"featured_media":63361,"comment_status":"closed","ping_status":"closed","sticky":false,"template":"","format":"standard","meta":{"footnotes":""},"categories":[864,923],"tags":[1169,726],"class_list":["post-63386","post","type-post","status-publish","format-standard","has-post-thumbnail","hentry","category-america-es","category-juventud-es","tag-juventud-femenina-jf-es","tag-schoenstatt-ecuador-es"],"yoast_head":"<!-- This site is optimized with the Yoast SEO Premium plugin v27.4 (Yoast SEO v27.4) - https:\/\/yoast.com\/product\/yoast-seo-premium-wordpress\/ -->\n<title>La jornada \u00abCorona Viva\u00bb renueva el compromiso de la Juventud Femenina de Ecuador<\/title>\n<meta name=\"description\" content=\"300 j\u00f3venes se reunieron en Samborond\u00f3n, Ecuador, para asumir el compromiso de ser Corona Viva de la MTA.\" \/>\n<meta name=\"robots\" content=\"index, follow, max-snippet:-1, max-image-preview:large, max-video-preview:-1\" \/>\n<link rel=\"canonical\" href=\"https:\/\/schoenstatt.com\/es\/la-jornada-corona-viva-renueva-el-compromiso-de-la-juventud-femenina-de-ecuador\/\" \/>\n<meta property=\"og:locale\" content=\"es_ES\" \/>\n<meta property=\"og:type\" content=\"article\" \/>\n<meta property=\"og:title\" content=\"La jornada \u00abCorona Viva\u00bb renueva el compromiso de la Juventud Femenina de Ecuador\" \/>\n<meta property=\"og:description\" content=\"300 j\u00f3venes se reunieron en Samborond\u00f3n, Ecuador, para asumir el compromiso de ser Corona Viva de la MTA.\" \/>\n<meta property=\"og:url\" content=\"https:\/\/schoenstatt.com\/es\/la-jornada-corona-viva-renueva-el-compromiso-de-la-juventud-femenina-de-ecuador\/\" \/>\n<meta property=\"og:site_name\" content=\"Schoenstatt\" \/>\n<meta property=\"article:published_time\" content=\"2025-09-04T01:03:00+00:00\" \/>\n<meta property=\"og:image\" content=\"https:\/\/schoenstatt.com\/wp-content\/uploads\/2025\/09\/Living-Crown-Girls-Youth.webp\" \/>\n\t<meta property=\"og:image:width\" content=\"2048\" \/>\n\t<meta property=\"og:image:height\" content=\"1336\" \/>\n\t<meta property=\"og:image:type\" content=\"image\/jpeg\" \/>\n<meta name=\"author\" content=\"Karen Bueno\" \/>\n<meta name=\"twitter:card\" content=\"summary_large_image\" \/>\n<meta name=\"twitter:label1\" content=\"Escrito por\" \/>\n\t<meta name=\"twitter:data1\" content=\"Karen Bueno\" \/>\n\t<meta name=\"twitter:label2\" content=\"Tiempo de lectura\" \/>\n\t<meta name=\"twitter:data2\" content=\"5 minutos\" \/>\n<script type=\"application\/ld+json\" class=\"yoast-schema-graph\">{\"@context\":\"https:\\\/\\\/schema.org\",\"@graph\":[{\"@type\":\"Article\",\"@id\":\"https:\\\/\\\/schoenstatt.com\\\/es\\\/la-jornada-corona-viva-renueva-el-compromiso-de-la-juventud-femenina-de-ecuador\\\/#article\",\"isPartOf\":{\"@id\":\"https:\\\/\\\/schoenstatt.com\\\/es\\\/la-jornada-corona-viva-renueva-el-compromiso-de-la-juventud-femenina-de-ecuador\\\/\"},\"author\":{\"name\":\"Karen Bueno\",\"@id\":\"https:\\\/\\\/schoenstatt.com\\\/es\\\/#\\\/schema\\\/person\\\/5158877ad4acae98b34daaeef2a1ce6e\"},\"headline\":\"La jornada \u00abCorona Viva\u00bb renueva el compromiso de la Juventud Femenina de Ecuador\",\"datePublished\":\"2025-09-04T01:03:00+00:00\",\"mainEntityOfPage\":{\"@id\":\"https:\\\/\\\/schoenstatt.com\\\/es\\\/la-jornada-corona-viva-renueva-el-compromiso-de-la-juventud-femenina-de-ecuador\\\/\"},\"wordCount\":820,\"publisher\":{\"@id\":\"https:\\\/\\\/schoenstatt.com\\\/es\\\/#organization\"},\"image\":{\"@id\":\"https:\\\/\\\/schoenstatt.com\\\/es\\\/la-jornada-corona-viva-renueva-el-compromiso-de-la-juventud-femenina-de-ecuador\\\/#primaryimage\"},\"thumbnailUrl\":\"https:\\\/\\\/schoenstatt.com\\\/wp-content\\\/uploads\\\/2025\\\/09\\\/Living-Crown-Girls-Youth.webp\",\"keywords\":[\"Juventud Femenina - JF\",\"Schoenstatt Ecuador\"],\"articleSection\":[\"Am\u00e9rica\",\"Juventud\"],\"inLanguage\":\"es\"},{\"@type\":\"WebPage\",\"@id\":\"https:\\\/\\\/schoenstatt.com\\\/es\\\/la-jornada-corona-viva-renueva-el-compromiso-de-la-juventud-femenina-de-ecuador\\\/\",\"url\":\"https:\\\/\\\/schoenstatt.com\\\/es\\\/la-jornada-corona-viva-renueva-el-compromiso-de-la-juventud-femenina-de-ecuador\\\/\",\"name\":\"La jornada \u00abCorona Viva\u00bb renueva el compromiso de la Juventud Femenina de Ecuador\",\"isPartOf\":{\"@id\":\"https:\\\/\\\/schoenstatt.com\\\/es\\\/#website\"},\"primaryImageOfPage\":{\"@id\":\"https:\\\/\\\/schoenstatt.com\\\/es\\\/la-jornada-corona-viva-renueva-el-compromiso-de-la-juventud-femenina-de-ecuador\\\/#primaryimage\"},\"image\":{\"@id\":\"https:\\\/\\\/schoenstatt.com\\\/es\\\/la-jornada-corona-viva-renueva-el-compromiso-de-la-juventud-femenina-de-ecuador\\\/#primaryimage\"},\"thumbnailUrl\":\"https:\\\/\\\/schoenstatt.com\\\/wp-content\\\/uploads\\\/2025\\\/09\\\/Living-Crown-Girls-Youth.webp\",\"datePublished\":\"2025-09-04T01:03:00+00:00\",\"description\":\"300 j\u00f3venes se reunieron en Samborond\u00f3n, Ecuador, para asumir el compromiso de ser Corona Viva de la MTA.\",\"breadcrumb\":{\"@id\":\"https:\\\/\\\/schoenstatt.com\\\/es\\\/la-jornada-corona-viva-renueva-el-compromiso-de-la-juventud-femenina-de-ecuador\\\/#breadcrumb\"},\"inLanguage\":\"es\",\"potentialAction\":[{\"@type\":\"ReadAction\",\"target\":[\"https:\\\/\\\/schoenstatt.com\\\/es\\\/la-jornada-corona-viva-renueva-el-compromiso-de-la-juventud-femenina-de-ecuador\\\/\"]}]},{\"@type\":\"ImageObject\",\"inLanguage\":\"es\",\"@id\":\"https:\\\/\\\/schoenstatt.com\\\/es\\\/la-jornada-corona-viva-renueva-el-compromiso-de-la-juventud-femenina-de-ecuador\\\/#primaryimage\",\"url\":\"https:\\\/\\\/schoenstatt.com\\\/wp-content\\\/uploads\\\/2025\\\/09\\\/Living-Crown-Girls-Youth.webp\",\"contentUrl\":\"https:\\\/\\\/schoenstatt.com\\\/wp-content\\\/uploads\\\/2025\\\/09\\\/Living-Crown-Girls-Youth.webp\",\"width\":2048,\"height\":1336},{\"@type\":\"BreadcrumbList\",\"@id\":\"https:\\\/\\\/schoenstatt.com\\\/es\\\/la-jornada-corona-viva-renueva-el-compromiso-de-la-juventud-femenina-de-ecuador\\\/#breadcrumb\",\"itemListElement\":[{\"@type\":\"ListItem\",\"position\":1,\"name\":\"Portada\",\"item\":\"https:\\\/\\\/schoenstatt.com\\\/es\\\/home\\\/\"},{\"@type\":\"ListItem\",\"position\":2,\"name\":\"La jornada \u00abCorona Viva\u00bb renueva el compromiso de la Juventud Femenina de Ecuador\"}]},{\"@type\":\"WebSite\",\"@id\":\"https:\\\/\\\/schoenstatt.com\\\/es\\\/#website\",\"url\":\"https:\\\/\\\/schoenstatt.com\\\/es\\\/\",\"name\":\"Schoenstatt\",\"description\":\"Apostolic Movement\",\"publisher\":{\"@id\":\"https:\\\/\\\/schoenstatt.com\\\/es\\\/#organization\"},\"potentialAction\":[{\"@type\":\"SearchAction\",\"target\":{\"@type\":\"EntryPoint\",\"urlTemplate\":\"https:\\\/\\\/schoenstatt.com\\\/es\\\/?s={search_term_string}\"},\"query-input\":{\"@type\":\"PropertyValueSpecification\",\"valueRequired\":true,\"valueName\":\"search_term_string\"}}],\"inLanguage\":\"es\"},{\"@type\":\"Organization\",\"@id\":\"https:\\\/\\\/schoenstatt.com\\\/es\\\/#organization\",\"name\":\"Schoenstatt\",\"url\":\"https:\\\/\\\/schoenstatt.com\\\/es\\\/\",\"logo\":{\"@type\":\"ImageObject\",\"inLanguage\":\"es\",\"@id\":\"https:\\\/\\\/schoenstatt.com\\\/es\\\/#\\\/schema\\\/logo\\\/image\\\/\",\"url\":\"https:\\\/\\\/schoenstatt.com\\\/wp-content\\\/uploads\\\/2025\\\/04\\\/logo-schoenstatt-white-696x696-1.png\",\"contentUrl\":\"https:\\\/\\\/schoenstatt.com\\\/wp-content\\\/uploads\\\/2025\\\/04\\\/logo-schoenstatt-white-696x696-1.png\",\"width\":696,\"height\":694,\"caption\":\"Schoenstatt\"},\"image\":{\"@id\":\"https:\\\/\\\/schoenstatt.com\\\/es\\\/#\\\/schema\\\/logo\\\/image\\\/\"}},{\"@type\":\"Person\",\"@id\":\"https:\\\/\\\/schoenstatt.com\\\/es\\\/#\\\/schema\\\/person\\\/5158877ad4acae98b34daaeef2a1ce6e\",\"name\":\"Karen Bueno\",\"image\":{\"@type\":\"ImageObject\",\"inLanguage\":\"es\",\"@id\":\"https:\\\/\\\/secure.gravatar.com\\\/avatar\\\/f9f4b823873154269d2b2130f195f6d41037dd0d7fc5f3cacb5c846bae70d66b?s=96&d=mm&r=g\",\"url\":\"https:\\\/\\\/secure.gravatar.com\\\/avatar\\\/f9f4b823873154269d2b2130f195f6d41037dd0d7fc5f3cacb5c846bae70d66b?s=96&d=mm&r=g\",\"contentUrl\":\"https:\\\/\\\/secure.gravatar.com\\\/avatar\\\/f9f4b823873154269d2b2130f195f6d41037dd0d7fc5f3cacb5c846bae70d66b?s=96&d=mm&r=g\",\"caption\":\"Karen Bueno\"},\"url\":\"https:\\\/\\\/schoenstatt.com\\\/es\\\/author\\\/karen-bueno\\\/\"}]}<\/script>\n<!-- \/ Yoast SEO Premium plugin. -->","yoast_head_json":{"title":"La jornada \u00abCorona Viva\u00bb renueva el compromiso de la Juventud Femenina de Ecuador","description":"300 j\u00f3venes se reunieron en Samborond\u00f3n, Ecuador, para asumir el compromiso de ser Corona Viva de la MTA.","robots":{"index":"index","follow":"follow","max-snippet":"max-snippet:-1","max-image-preview":"max-image-preview:large","max-video-preview":"max-video-preview:-1"},"canonical":"https:\/\/schoenstatt.com\/es\/la-jornada-corona-viva-renueva-el-compromiso-de-la-juventud-femenina-de-ecuador\/","og_locale":"es_ES","og_type":"article","og_title":"La jornada \u00abCorona Viva\u00bb renueva el compromiso de la Juventud Femenina de Ecuador","og_description":"300 j\u00f3venes se reunieron en Samborond\u00f3n, Ecuador, para asumir el compromiso de ser Corona Viva de la MTA.","og_url":"https:\/\/schoenstatt.com\/es\/la-jornada-corona-viva-renueva-el-compromiso-de-la-juventud-femenina-de-ecuador\/","og_site_name":"Schoenstatt","article_published_time":"2025-09-04T01:03:00+00:00","og_image":[{"url":"https:\/\/schoenstatt.com\/wp-content\/uploads\/2025\/09\/Living-Crown-Girls-Youth.webp","width":2048,"height":1336,"type":"image\/jpeg"}],"author":"Karen Bueno","twitter_card":"summary_large_image","twitter_misc":{"Escrito por":"Karen Bueno","Tiempo de lectura":"5 minutos"},"schema":{"@context":"https:\/\/schema.org","@graph":[{"@type":"Article","@id":"https:\/\/schoenstatt.com\/es\/la-jornada-corona-viva-renueva-el-compromiso-de-la-juventud-femenina-de-ecuador\/#article","isPartOf":{"@id":"https:\/\/schoenstatt.com\/es\/la-jornada-corona-viva-renueva-el-compromiso-de-la-juventud-femenina-de-ecuador\/"},"author":{"name":"Karen Bueno","@id":"https:\/\/schoenstatt.com\/es\/#\/schema\/person\/5158877ad4acae98b34daaeef2a1ce6e"},"headline":"La jornada \u00abCorona Viva\u00bb renueva el compromiso de la Juventud Femenina de Ecuador","datePublished":"2025-09-04T01:03:00+00:00","mainEntityOfPage":{"@id":"https:\/\/schoenstatt.com\/es\/la-jornada-corona-viva-renueva-el-compromiso-de-la-juventud-femenina-de-ecuador\/"},"wordCount":820,"publisher":{"@id":"https:\/\/schoenstatt.com\/es\/#organization"},"image":{"@id":"https:\/\/schoenstatt.com\/es\/la-jornada-corona-viva-renueva-el-compromiso-de-la-juventud-femenina-de-ecuador\/#primaryimage"},"thumbnailUrl":"https:\/\/schoenstatt.com\/wp-content\/uploads\/2025\/09\/Living-Crown-Girls-Youth.webp","keywords":["Juventud Femenina - JF","Schoenstatt Ecuador"],"articleSection":["Am\u00e9rica","Juventud"],"inLanguage":"es"},{"@type":"WebPage","@id":"https:\/\/schoenstatt.com\/es\/la-jornada-corona-viva-renueva-el-compromiso-de-la-juventud-femenina-de-ecuador\/","url":"https:\/\/schoenstatt.com\/es\/la-jornada-corona-viva-renueva-el-compromiso-de-la-juventud-femenina-de-ecuador\/","name":"La jornada \u00abCorona Viva\u00bb renueva el compromiso de la Juventud Femenina de Ecuador","isPartOf":{"@id":"https:\/\/schoenstatt.com\/es\/#website"},"primaryImageOfPage":{"@id":"https:\/\/schoenstatt.com\/es\/la-jornada-corona-viva-renueva-el-compromiso-de-la-juventud-femenina-de-ecuador\/#primaryimage"},"image":{"@id":"https:\/\/schoenstatt.com\/es\/la-jornada-corona-viva-renueva-el-compromiso-de-la-juventud-femenina-de-ecuador\/#primaryimage"},"thumbnailUrl":"https:\/\/schoenstatt.com\/wp-content\/uploads\/2025\/09\/Living-Crown-Girls-Youth.webp","datePublished":"2025-09-04T01:03:00+00:00","description":"300 j\u00f3venes se reunieron en Samborond\u00f3n, Ecuador, para asumir el compromiso de ser Corona Viva de la MTA.","breadcrumb":{"@id":"https:\/\/schoenstatt.com\/es\/la-jornada-corona-viva-renueva-el-compromiso-de-la-juventud-femenina-de-ecuador\/#breadcrumb"},"inLanguage":"es","potentialAction":[{"@type":"ReadAction","target":["https:\/\/schoenstatt.com\/es\/la-jornada-corona-viva-renueva-el-compromiso-de-la-juventud-femenina-de-ecuador\/"]}]},{"@type":"ImageObject","inLanguage":"es","@id":"https:\/\/schoenstatt.com\/es\/la-jornada-corona-viva-renueva-el-compromiso-de-la-juventud-femenina-de-ecuador\/#primaryimage","url":"https:\/\/schoenstatt.com\/wp-content\/uploads\/2025\/09\/Living-Crown-Girls-Youth.webp","contentUrl":"https:\/\/schoenstatt.com\/wp-content\/uploads\/2025\/09\/Living-Crown-Girls-Youth.webp","width":2048,"height":1336},{"@type":"BreadcrumbList","@id":"https:\/\/schoenstatt.com\/es\/la-jornada-corona-viva-renueva-el-compromiso-de-la-juventud-femenina-de-ecuador\/#breadcrumb","itemListElement":[{"@type":"ListItem","position":1,"name":"Portada","item":"https:\/\/schoenstatt.com\/es\/home\/"},{"@type":"ListItem","position":2,"name":"La jornada \u00abCorona Viva\u00bb renueva el compromiso de la Juventud Femenina de Ecuador"}]},{"@type":"WebSite","@id":"https:\/\/schoenstatt.com\/es\/#website","url":"https:\/\/schoenstatt.com\/es\/","name":"Schoenstatt","description":"Apostolic Movement","publisher":{"@id":"https:\/\/schoenstatt.com\/es\/#organization"},"potentialAction":[{"@type":"SearchAction","target":{"@type":"EntryPoint","urlTemplate":"https:\/\/schoenstatt.com\/es\/?s={search_term_string}"},"query-input":{"@type":"PropertyValueSpecification","valueRequired":true,"valueName":"search_term_string"}}],"inLanguage":"es"},{"@type":"Organization","@id":"https:\/\/schoenstatt.com\/es\/#organization","name":"Schoenstatt","url":"https:\/\/schoenstatt.com\/es\/","logo":{"@type":"ImageObject","inLanguage":"es","@id":"https:\/\/schoenstatt.com\/es\/#\/schema\/logo\/image\/","url":"https:\/\/schoenstatt.com\/wp-content\/uploads\/2025\/04\/logo-schoenstatt-white-696x696-1.png","contentUrl":"https:\/\/schoenstatt.com\/wp-content\/uploads\/2025\/04\/logo-schoenstatt-white-696x696-1.png","width":696,"height":694,"caption":"Schoenstatt"},"image":{"@id":"https:\/\/schoenstatt.com\/es\/#\/schema\/logo\/image\/"}},{"@type":"Person","@id":"https:\/\/schoenstatt.com\/es\/#\/schema\/person\/5158877ad4acae98b34daaeef2a1ce6e","name":"Karen Bueno","image":{"@type":"ImageObject","inLanguage":"es","@id":"https:\/\/secure.gravatar.com\/avatar\/f9f4b823873154269d2b2130f195f6d41037dd0d7fc5f3cacb5c846bae70d66b?s=96&d=mm&r=g","url":"https:\/\/secure.gravatar.com\/avatar\/f9f4b823873154269d2b2130f195f6d41037dd0d7fc5f3cacb5c846bae70d66b?s=96&d=mm&r=g","contentUrl":"https:\/\/secure.gravatar.com\/avatar\/f9f4b823873154269d2b2130f195f6d41037dd0d7fc5f3cacb5c846bae70d66b?s=96&d=mm&r=g","caption":"Karen Bueno"},"url":"https:\/\/schoenstatt.com\/es\/author\/karen-bueno\/"}]}},"_links":{"self":[{"href":"https:\/\/schoenstatt.com\/es\/wp-json\/wp\/v2\/posts\/63386","targetHints":{"allow":["GET"]}}],"collection":[{"href":"https:\/\/schoenstatt.com\/es\/wp-json\/wp\/v2\/posts"}],"about":[{"href":"https:\/\/schoenstatt.com\/es\/wp-json\/wp\/v2\/types\/post"}],"author":[{"embeddable":true,"href":"https:\/\/schoenstatt.com\/es\/wp-json\/wp\/v2\/users\/3"}],"replies":[{"embeddable":true,"href":"https:\/\/schoenstatt.com\/es\/wp-json\/wp\/v2\/comments?post=63386"}],"version-history":[{"count":2,"href":"https:\/\/schoenstatt.com\/es\/wp-json\/wp\/v2\/posts\/63386\/revisions"}],"predecessor-version":[{"id":63388,"href":"https:\/\/schoenstatt.com\/es\/wp-json\/wp\/v2\/posts\/63386\/revisions\/63388"}],"wp:featuredmedia":[{"embeddable":true,"href":"https:\/\/schoenstatt.com\/es\/wp-json\/wp\/v2\/media\/63361"}],"wp:attachment":[{"href":"https:\/\/schoenstatt.com\/es\/wp-json\/wp\/v2\/media?parent=63386"}],"wp:term":[{"taxonomy":"category","embeddable":true,"href":"https:\/\/schoenstatt.com\/es\/wp-json\/wp\/v2\/categories?post=63386"},{"taxonomy":"post_tag","embeddable":true,"href":"https:\/\/schoenstatt.com\/es\/wp-json\/wp\/v2\/tags?post=63386"}],"curies":[{"name":"wp","href":"https:\/\/api.w.org\/{rel}","templated":true}]}}