{"id":63349,"date":"2025-08-30T03:03:00","date_gmt":"2025-08-30T01:03:00","guid":{"rendered":"https:\/\/schoenstatt.com\/?p=63349"},"modified":"2025-08-29T21:00:57","modified_gmt":"2025-08-29T19:00:57","slug":"excavando-y-rezando","status":"publish","type":"post","link":"https:\/\/schoenstatt.com\/es\/excavando-y-rezando\/","title":{"rendered":"Excavando y rezando"},"content":{"rendered":"\n<p>A mediados de agosto, familias y, sobre todo, parejas de diferentes nacionalidades y edades se reunieron en la Casa de las Familias en Schoenstatt-Vallendar, Alemania. Durante la semana Ora et labora, ayudaron varios d\u00edas o incluso toda una semana a poner al d\u00eda la casa de formaci\u00f3n de las familias. Las tareas fueron muy variadas: limpiaron ventanas, pusieron manteles nuevos, martillearon y excavaron.<\/p>\n\n\n\n<h3 class=\"wp-block-heading\" id=\"h-internacional-y-con-todos-los-lugares-ocupados\">Internacional y con todos los lugares ocupados<\/h3>\n\n\n\n<p>La \u00abCasa de las Familias\u00bb, que desde hace tiempo se adorna con el adjetivo \u00abinternacional\u00bb, hizo honor a su nombre del 8 al 14 de agosto: parejas eslovacas y checas realizaron una gran labor, adem\u00e1s de participar en la acci\u00f3n muchas parejas y familias alemanas, as\u00ed como colaboradores polacos, austriacos y argentinos.<\/p>\n\n\n\n<p>El inter\u00e9s por los d\u00edas \u201cOra et labora\u201d, fue tan grande que, unas semanas antes de la jornada de trabajo, hubo que suspender la publicidad, ya que la casa estaba llena hasta la \u00faltima habitaci\u00f3n.<\/p>\n\n\n\n<figure class=\"wp-block-image aligncenter size-full\"><img decoding=\"async\" src=\"https:\/\/schoenstatt.com\/wp-content\/uploads\/2025\/08\/Construction-work-Ora-et-Labora-1.jpg\" alt=\"\" class=\"wp-image-63327\"\/><\/figure>\n\n\n\n<h3 class=\"wp-block-heading\" id=\"h-ora-et-labora\">Ora et labora<\/h3>\n\n\n\n<p>Adem\u00e1s del objetivo pr\u00e1ctico de poner al d\u00eda la casa y sus alrededores, se organiz\u00f3 un programa espiritual en consonancia con el pensamiento benedictino de \u00abrezar y trabajar\u00bb. Los trabajos de martilleo y pintura para la remodelaci\u00f3n del vest\u00edbulo y la cafeter\u00eda, el corte y acondicionamiento de los caminos a trav\u00e9s del bosque adyacente y la limpieza de innumerables cristales de ventanas se enmarcaron en servicios religiosos, oraciones vespertinas para ni\u00f1os, impulsos para adultos y se interrumpieron con oraciones al mediod\u00eda.<\/p>\n\n\n\n<p>Pero tampoco se descuid\u00f3 la comunidad y la alegr\u00eda de hacer cosas juntos, como resumi\u00f3 uno de los participantes al final: \u00abMe pareci\u00f3 muy bien que aqu\u00ed sinti\u00e9ramos que estamos juntos por las familias\u00bb.<\/p>\n\n\n\n<figure class=\"wp-block-gallery has-nested-images columns-default is-cropped wp-block-gallery-1 is-layout-flex wp-block-gallery-is-layout-flex\">\n<figure class=\"wp-block-image size-large\"><img decoding=\"async\" data-id=\"63332\" src=\"https:\/\/schoenstatt.com\/wp-content\/uploads\/2025\/08\/Construction-work-Ora-et-Labora-2.jpg\" alt=\"\" class=\"wp-image-63332\"\/><\/figure>\n\n\n\n<figure class=\"wp-block-image size-large\"><img decoding=\"async\" data-id=\"63337\" src=\"https:\/\/schoenstatt.com\/wp-content\/uploads\/2025\/08\/Construction-work-Ora-et-Labora-3.jpg\" alt=\"\" class=\"wp-image-63337\"\/><\/figure>\n<\/figure>\n\n\n\n<h3 class=\"wp-block-heading\" id=\"h-apto-para-familias\">Apto para familias<\/h3>\n\n\n\n<p>Para que las familias tambi\u00e9n pudieran participar en esta semana de voluntariado, por supuesto, se ofrec\u00eda la posibilidad de traer a los ni\u00f1os. Muchos de ellos tambi\u00e9n ayudaron con gusto, sobre todo en la construcci\u00f3n del parque infantil. Una atracci\u00f3n especial fue el tractor cortac\u00e9sped, con el que algunos j\u00f3venes participantes pudieron hacer realidad su sue\u00f1o de convertirse en conductores de tractores. Adem\u00e1s, se organiz\u00f3 una visita a la piscina, diversos juegos como la pesca de patos y, el domingo, incluso una excursi\u00f3n familiar al parque de aventuras en Ehrenbreitstein. Algunos de los ni\u00f1os mayores consintieron a sus padres con pasteles reci\u00e9n horneados, adem\u00e1s de una noche con un bar de c\u00f3cteles sin alcohol.<\/p>\n\n\n\n<p>\u00a1Lo repetiremos el a\u00f1o que viene!<\/p>\n\n\n\n<p>Despu\u00e9s de la semana \u201cOra et labora\u201d, viene otra semana similar: por eso ya se est\u00e1 buscando la pr\u00f3xima fecha. Quien quiera anot\u00e1rsela, la encontrar\u00e1 en breve en <a href=\"http:\/\/hausderfamilie.info\" target=\"_blank\" rel=\"noreferrer noopener\">www.hausderfamilie.info.<\/a><\/p>\n\n\n\n<p><strong>Fuente: <\/strong><a href=\"https:\/\/www.schoenstatt.de\/de\/news\/6911\/112\/Baggern-und-Beten.htm\" target=\"_blank\" rel=\"noreferrer noopener\">schoenstatt.de<\/a><\/p>\n","protected":false},"excerpt":{"rendered":"<p>Durante la \u00abSemana Ora et Labora\u00bb, padres e hijos se reunieron para renovar y reorganizar la Casa de las Familias en Schoenstatt.<\/p>\n","protected":false},"author":3,"featured_media":63326,"comment_status":"closed","ping_status":"closed","sticky":false,"template":"","format":"standard","meta":{"footnotes":""},"categories":[877],"tags":[631,1152],"class_list":["post-63349","post","type-post","status-publish","format-standard","has-post-thumbnail","hentry","category-familia-es","tag-familia-es","tag-instituto-de-familias-de-schoenstatt-es"],"yoast_head":"<!-- This site is optimized with the Yoast SEO Premium plugin v27.4 (Yoast SEO v27.4) - https:\/\/yoast.com\/product\/yoast-seo-premium-wordpress\/ -->\n<title>Excavando y rezando - Schoenstatt<\/title>\n<meta name=\"description\" content=\"Durante la \u00abSemana Ora et Labora\u00bb, padres e hijos se reunieron para renovar y reorganizar la Casa de las Familias en Schoenstatt.\" \/>\n<meta name=\"robots\" content=\"index, follow, max-snippet:-1, max-image-preview:large, max-video-preview:-1\" \/>\n<link rel=\"canonical\" href=\"https:\/\/schoenstatt.com\/es\/excavando-y-rezando\/\" \/>\n<meta property=\"og:locale\" content=\"es_ES\" \/>\n<meta property=\"og:type\" content=\"article\" \/>\n<meta property=\"og:title\" content=\"Excavando y rezando\" \/>\n<meta property=\"og:description\" content=\"Durante la \u00abSemana Ora et Labora\u00bb, padres e hijos se reunieron para renovar y reorganizar la Casa de las Familias en Schoenstatt.\" \/>\n<meta property=\"og:url\" content=\"https:\/\/schoenstatt.com\/es\/excavando-y-rezando\/\" \/>\n<meta property=\"og:site_name\" content=\"Schoenstatt\" \/>\n<meta property=\"article:published_time\" content=\"2025-08-30T01:03:00+00:00\" \/>\n<meta property=\"og:image\" content=\"https:\/\/schoenstatt.com\/wp-content\/uploads\/2025\/08\/Construction-work.webp\" \/>\n\t<meta property=\"og:image:width\" content=\"2048\" \/>\n\t<meta property=\"og:image:height\" content=\"1536\" \/>\n\t<meta property=\"og:image:type\" content=\"image\/jpeg\" \/>\n<meta name=\"author\" content=\"Karen Bueno\" \/>\n<meta name=\"twitter:card\" content=\"summary_large_image\" \/>\n<meta name=\"twitter:label1\" content=\"Escrito por\" \/>\n\t<meta name=\"twitter:data1\" content=\"Karen Bueno\" \/>\n\t<meta name=\"twitter:label2\" content=\"Tiempo de lectura\" \/>\n\t<meta name=\"twitter:data2\" content=\"4 minutos\" \/>\n<script type=\"application\/ld+json\" class=\"yoast-schema-graph\">{\"@context\":\"https:\\\/\\\/schema.org\",\"@graph\":[{\"@type\":\"Article\",\"@id\":\"https:\\\/\\\/schoenstatt.com\\\/es\\\/excavando-y-rezando\\\/#article\",\"isPartOf\":{\"@id\":\"https:\\\/\\\/schoenstatt.com\\\/es\\\/excavando-y-rezando\\\/\"},\"author\":{\"name\":\"Karen Bueno\",\"@id\":\"https:\\\/\\\/schoenstatt.com\\\/es\\\/#\\\/schema\\\/person\\\/5158877ad4acae98b34daaeef2a1ce6e\"},\"headline\":\"Excavando y rezando\",\"datePublished\":\"2025-08-30T01:03:00+00:00\",\"mainEntityOfPage\":{\"@id\":\"https:\\\/\\\/schoenstatt.com\\\/es\\\/excavando-y-rezando\\\/\"},\"wordCount\":471,\"publisher\":{\"@id\":\"https:\\\/\\\/schoenstatt.com\\\/es\\\/#organization\"},\"image\":{\"@id\":\"https:\\\/\\\/schoenstatt.com\\\/es\\\/excavando-y-rezando\\\/#primaryimage\"},\"thumbnailUrl\":\"https:\\\/\\\/schoenstatt.com\\\/wp-content\\\/uploads\\\/2025\\\/08\\\/Construction-work.webp\",\"keywords\":[\"Familia\",\"Instituto de Familias de Schoenstatt\"],\"articleSection\":[\"Familia\"],\"inLanguage\":\"es\"},{\"@type\":\"WebPage\",\"@id\":\"https:\\\/\\\/schoenstatt.com\\\/es\\\/excavando-y-rezando\\\/\",\"url\":\"https:\\\/\\\/schoenstatt.com\\\/es\\\/excavando-y-rezando\\\/\",\"name\":\"Excavando y rezando - Schoenstatt\",\"isPartOf\":{\"@id\":\"https:\\\/\\\/schoenstatt.com\\\/es\\\/#website\"},\"primaryImageOfPage\":{\"@id\":\"https:\\\/\\\/schoenstatt.com\\\/es\\\/excavando-y-rezando\\\/#primaryimage\"},\"image\":{\"@id\":\"https:\\\/\\\/schoenstatt.com\\\/es\\\/excavando-y-rezando\\\/#primaryimage\"},\"thumbnailUrl\":\"https:\\\/\\\/schoenstatt.com\\\/wp-content\\\/uploads\\\/2025\\\/08\\\/Construction-work.webp\",\"datePublished\":\"2025-08-30T01:03:00+00:00\",\"description\":\"Durante la \u00abSemana Ora et Labora\u00bb, padres e hijos se reunieron para renovar y reorganizar la Casa de las Familias en Schoenstatt.\",\"breadcrumb\":{\"@id\":\"https:\\\/\\\/schoenstatt.com\\\/es\\\/excavando-y-rezando\\\/#breadcrumb\"},\"inLanguage\":\"es\",\"potentialAction\":[{\"@type\":\"ReadAction\",\"target\":[\"https:\\\/\\\/schoenstatt.com\\\/es\\\/excavando-y-rezando\\\/\"]}]},{\"@type\":\"ImageObject\",\"inLanguage\":\"es\",\"@id\":\"https:\\\/\\\/schoenstatt.com\\\/es\\\/excavando-y-rezando\\\/#primaryimage\",\"url\":\"https:\\\/\\\/schoenstatt.com\\\/wp-content\\\/uploads\\\/2025\\\/08\\\/Construction-work.webp\",\"contentUrl\":\"https:\\\/\\\/schoenstatt.com\\\/wp-content\\\/uploads\\\/2025\\\/08\\\/Construction-work.webp\",\"width\":2048,\"height\":1536},{\"@type\":\"BreadcrumbList\",\"@id\":\"https:\\\/\\\/schoenstatt.com\\\/es\\\/excavando-y-rezando\\\/#breadcrumb\",\"itemListElement\":[{\"@type\":\"ListItem\",\"position\":1,\"name\":\"Portada\",\"item\":\"https:\\\/\\\/schoenstatt.com\\\/es\\\/home\\\/\"},{\"@type\":\"ListItem\",\"position\":2,\"name\":\"Excavando y rezando\"}]},{\"@type\":\"WebSite\",\"@id\":\"https:\\\/\\\/schoenstatt.com\\\/es\\\/#website\",\"url\":\"https:\\\/\\\/schoenstatt.com\\\/es\\\/\",\"name\":\"Schoenstatt\",\"description\":\"Apostolic Movement\",\"publisher\":{\"@id\":\"https:\\\/\\\/schoenstatt.com\\\/es\\\/#organization\"},\"potentialAction\":[{\"@type\":\"SearchAction\",\"target\":{\"@type\":\"EntryPoint\",\"urlTemplate\":\"https:\\\/\\\/schoenstatt.com\\\/es\\\/?s={search_term_string}\"},\"query-input\":{\"@type\":\"PropertyValueSpecification\",\"valueRequired\":true,\"valueName\":\"search_term_string\"}}],\"inLanguage\":\"es\"},{\"@type\":\"Organization\",\"@id\":\"https:\\\/\\\/schoenstatt.com\\\/es\\\/#organization\",\"name\":\"Schoenstatt\",\"url\":\"https:\\\/\\\/schoenstatt.com\\\/es\\\/\",\"logo\":{\"@type\":\"ImageObject\",\"inLanguage\":\"es\",\"@id\":\"https:\\\/\\\/schoenstatt.com\\\/es\\\/#\\\/schema\\\/logo\\\/image\\\/\",\"url\":\"https:\\\/\\\/schoenstatt.com\\\/wp-content\\\/uploads\\\/2025\\\/04\\\/logo-schoenstatt-white-696x696-1.png\",\"contentUrl\":\"https:\\\/\\\/schoenstatt.com\\\/wp-content\\\/uploads\\\/2025\\\/04\\\/logo-schoenstatt-white-696x696-1.png\",\"width\":696,\"height\":694,\"caption\":\"Schoenstatt\"},\"image\":{\"@id\":\"https:\\\/\\\/schoenstatt.com\\\/es\\\/#\\\/schema\\\/logo\\\/image\\\/\"}},{\"@type\":\"Person\",\"@id\":\"https:\\\/\\\/schoenstatt.com\\\/es\\\/#\\\/schema\\\/person\\\/5158877ad4acae98b34daaeef2a1ce6e\",\"name\":\"Karen Bueno\",\"image\":{\"@type\":\"ImageObject\",\"inLanguage\":\"es\",\"@id\":\"https:\\\/\\\/secure.gravatar.com\\\/avatar\\\/f9f4b823873154269d2b2130f195f6d41037dd0d7fc5f3cacb5c846bae70d66b?s=96&d=mm&r=g\",\"url\":\"https:\\\/\\\/secure.gravatar.com\\\/avatar\\\/f9f4b823873154269d2b2130f195f6d41037dd0d7fc5f3cacb5c846bae70d66b?s=96&d=mm&r=g\",\"contentUrl\":\"https:\\\/\\\/secure.gravatar.com\\\/avatar\\\/f9f4b823873154269d2b2130f195f6d41037dd0d7fc5f3cacb5c846bae70d66b?s=96&d=mm&r=g\",\"caption\":\"Karen Bueno\"},\"url\":\"https:\\\/\\\/schoenstatt.com\\\/es\\\/author\\\/karen-bueno\\\/\"}]}<\/script>\n<!-- \/ Yoast SEO Premium plugin. -->","yoast_head_json":{"title":"Excavando y rezando - Schoenstatt","description":"Durante la \u00abSemana Ora et Labora\u00bb, padres e hijos se reunieron para renovar y reorganizar la Casa de las Familias en Schoenstatt.","robots":{"index":"index","follow":"follow","max-snippet":"max-snippet:-1","max-image-preview":"max-image-preview:large","max-video-preview":"max-video-preview:-1"},"canonical":"https:\/\/schoenstatt.com\/es\/excavando-y-rezando\/","og_locale":"es_ES","og_type":"article","og_title":"Excavando y rezando","og_description":"Durante la \u00abSemana Ora et Labora\u00bb, padres e hijos se reunieron para renovar y reorganizar la Casa de las Familias en Schoenstatt.","og_url":"https:\/\/schoenstatt.com\/es\/excavando-y-rezando\/","og_site_name":"Schoenstatt","article_published_time":"2025-08-30T01:03:00+00:00","og_image":[{"width":2048,"height":1536,"url":"https:\/\/schoenstatt.com\/wp-content\/uploads\/2025\/08\/Construction-work.webp","type":"image\/jpeg"}],"author":"Karen Bueno","twitter_card":"summary_large_image","twitter_misc":{"Escrito por":"Karen Bueno","Tiempo de lectura":"4 minutos"},"schema":{"@context":"https:\/\/schema.org","@graph":[{"@type":"Article","@id":"https:\/\/schoenstatt.com\/es\/excavando-y-rezando\/#article","isPartOf":{"@id":"https:\/\/schoenstatt.com\/es\/excavando-y-rezando\/"},"author":{"name":"Karen Bueno","@id":"https:\/\/schoenstatt.com\/es\/#\/schema\/person\/5158877ad4acae98b34daaeef2a1ce6e"},"headline":"Excavando y rezando","datePublished":"2025-08-30T01:03:00+00:00","mainEntityOfPage":{"@id":"https:\/\/schoenstatt.com\/es\/excavando-y-rezando\/"},"wordCount":471,"publisher":{"@id":"https:\/\/schoenstatt.com\/es\/#organization"},"image":{"@id":"https:\/\/schoenstatt.com\/es\/excavando-y-rezando\/#primaryimage"},"thumbnailUrl":"https:\/\/schoenstatt.com\/wp-content\/uploads\/2025\/08\/Construction-work.webp","keywords":["Familia","Instituto de Familias de Schoenstatt"],"articleSection":["Familia"],"inLanguage":"es"},{"@type":"WebPage","@id":"https:\/\/schoenstatt.com\/es\/excavando-y-rezando\/","url":"https:\/\/schoenstatt.com\/es\/excavando-y-rezando\/","name":"Excavando y rezando - Schoenstatt","isPartOf":{"@id":"https:\/\/schoenstatt.com\/es\/#website"},"primaryImageOfPage":{"@id":"https:\/\/schoenstatt.com\/es\/excavando-y-rezando\/#primaryimage"},"image":{"@id":"https:\/\/schoenstatt.com\/es\/excavando-y-rezando\/#primaryimage"},"thumbnailUrl":"https:\/\/schoenstatt.com\/wp-content\/uploads\/2025\/08\/Construction-work.webp","datePublished":"2025-08-30T01:03:00+00:00","description":"Durante la \u00abSemana Ora et Labora\u00bb, padres e hijos se reunieron para renovar y reorganizar la Casa de las Familias en Schoenstatt.","breadcrumb":{"@id":"https:\/\/schoenstatt.com\/es\/excavando-y-rezando\/#breadcrumb"},"inLanguage":"es","potentialAction":[{"@type":"ReadAction","target":["https:\/\/schoenstatt.com\/es\/excavando-y-rezando\/"]}]},{"@type":"ImageObject","inLanguage":"es","@id":"https:\/\/schoenstatt.com\/es\/excavando-y-rezando\/#primaryimage","url":"https:\/\/schoenstatt.com\/wp-content\/uploads\/2025\/08\/Construction-work.webp","contentUrl":"https:\/\/schoenstatt.com\/wp-content\/uploads\/2025\/08\/Construction-work.webp","width":2048,"height":1536},{"@type":"BreadcrumbList","@id":"https:\/\/schoenstatt.com\/es\/excavando-y-rezando\/#breadcrumb","itemListElement":[{"@type":"ListItem","position":1,"name":"Portada","item":"https:\/\/schoenstatt.com\/es\/home\/"},{"@type":"ListItem","position":2,"name":"Excavando y rezando"}]},{"@type":"WebSite","@id":"https:\/\/schoenstatt.com\/es\/#website","url":"https:\/\/schoenstatt.com\/es\/","name":"Schoenstatt","description":"Apostolic Movement","publisher":{"@id":"https:\/\/schoenstatt.com\/es\/#organization"},"potentialAction":[{"@type":"SearchAction","target":{"@type":"EntryPoint","urlTemplate":"https:\/\/schoenstatt.com\/es\/?s={search_term_string}"},"query-input":{"@type":"PropertyValueSpecification","valueRequired":true,"valueName":"search_term_string"}}],"inLanguage":"es"},{"@type":"Organization","@id":"https:\/\/schoenstatt.com\/es\/#organization","name":"Schoenstatt","url":"https:\/\/schoenstatt.com\/es\/","logo":{"@type":"ImageObject","inLanguage":"es","@id":"https:\/\/schoenstatt.com\/es\/#\/schema\/logo\/image\/","url":"https:\/\/schoenstatt.com\/wp-content\/uploads\/2025\/04\/logo-schoenstatt-white-696x696-1.png","contentUrl":"https:\/\/schoenstatt.com\/wp-content\/uploads\/2025\/04\/logo-schoenstatt-white-696x696-1.png","width":696,"height":694,"caption":"Schoenstatt"},"image":{"@id":"https:\/\/schoenstatt.com\/es\/#\/schema\/logo\/image\/"}},{"@type":"Person","@id":"https:\/\/schoenstatt.com\/es\/#\/schema\/person\/5158877ad4acae98b34daaeef2a1ce6e","name":"Karen Bueno","image":{"@type":"ImageObject","inLanguage":"es","@id":"https:\/\/secure.gravatar.com\/avatar\/f9f4b823873154269d2b2130f195f6d41037dd0d7fc5f3cacb5c846bae70d66b?s=96&d=mm&r=g","url":"https:\/\/secure.gravatar.com\/avatar\/f9f4b823873154269d2b2130f195f6d41037dd0d7fc5f3cacb5c846bae70d66b?s=96&d=mm&r=g","contentUrl":"https:\/\/secure.gravatar.com\/avatar\/f9f4b823873154269d2b2130f195f6d41037dd0d7fc5f3cacb5c846bae70d66b?s=96&d=mm&r=g","caption":"Karen Bueno"},"url":"https:\/\/schoenstatt.com\/es\/author\/karen-bueno\/"}]}},"_links":{"self":[{"href":"https:\/\/schoenstatt.com\/es\/wp-json\/wp\/v2\/posts\/63349","targetHints":{"allow":["GET"]}}],"collection":[{"href":"https:\/\/schoenstatt.com\/es\/wp-json\/wp\/v2\/posts"}],"about":[{"href":"https:\/\/schoenstatt.com\/es\/wp-json\/wp\/v2\/types\/post"}],"author":[{"embeddable":true,"href":"https:\/\/schoenstatt.com\/es\/wp-json\/wp\/v2\/users\/3"}],"replies":[{"embeddable":true,"href":"https:\/\/schoenstatt.com\/es\/wp-json\/wp\/v2\/comments?post=63349"}],"version-history":[{"count":2,"href":"https:\/\/schoenstatt.com\/es\/wp-json\/wp\/v2\/posts\/63349\/revisions"}],"predecessor-version":[{"id":63351,"href":"https:\/\/schoenstatt.com\/es\/wp-json\/wp\/v2\/posts\/63349\/revisions\/63351"}],"wp:featuredmedia":[{"embeddable":true,"href":"https:\/\/schoenstatt.com\/es\/wp-json\/wp\/v2\/media\/63326"}],"wp:attachment":[{"href":"https:\/\/schoenstatt.com\/es\/wp-json\/wp\/v2\/media?parent=63349"}],"wp:term":[{"taxonomy":"category","embeddable":true,"href":"https:\/\/schoenstatt.com\/es\/wp-json\/wp\/v2\/categories?post=63349"},{"taxonomy":"post_tag","embeddable":true,"href":"https:\/\/schoenstatt.com\/es\/wp-json\/wp\/v2\/tags?post=63349"}],"curies":[{"name":"wp","href":"https:\/\/api.w.org\/{rel}","templated":true}]}}