{"id":61667,"date":"2025-08-13T03:10:00","date_gmt":"2025-08-13T01:10:00","guid":{"rendered":"https:\/\/schoenstatt.com\/?p=61667"},"modified":"2025-08-13T13:50:45","modified_gmt":"2025-08-13T11:50:45","slug":"ser-corona-viva-un-estilo-de-vida-que-marca-la-diferencia","status":"publish","type":"post","link":"https:\/\/schoenstatt.com\/es\/ser-corona-viva-un-estilo-de-vida-que-marca-la-diferencia\/","title":{"rendered":"Ser corona viva \u2013 un estilo de vida que marca la diferencia"},"content":{"rendered":"\n<p>La alegr\u00eda pura se hizo sentir en el jubileo de la Corona Viva de la Juventud Femenina Internacional de Schoenstatt, celebrado del 25 al 27 de julio en Schoenstatt. Rein\u00f3 un ambiente marcado por la internacionalidad, la fe y el esp\u00edritu comunitario. Alrededor de 700 chicas y j\u00f3venes de 22 pa\u00edses se reunieron en el lugar de origen para profundizar en lo que las une: el deseo y la realidad de ser Corona Viva. El Santuario Original y la Iglesia de la Adoraci\u00f3n: todo Schoenstatt palpitaba de vida.<\/p>\n\n\n\n<p>No es habitual encontrar j\u00f3venes que se animen mutuamente a vivir de forma diferente desde la fe. Pero en el Encuentro Internacional de la Corona Viva, eso era lo habitual. \u00abVale la pena defender aquello que es sagrado para ti\u00bb, alentaban, por ejemplo, j\u00f3venes de Polonia en un testimonio. \u00abDifundir amor\u00bb, \u00abser luz para otros\u00bb y \u00abconfiar en Dios\u00bb fueron otras formas concretas de c\u00f3mo viven \u00abdiferente\u00bb en su vida cotidiana y as\u00ed buscan marcar una diferencia. Este anhelo ya se hab\u00eda hecho realidad cuando muchas j\u00f3venes agradec\u00edan la buena comida o los pasteles preparados por incontables voluntarios, cuando los equipos centrales llevaban meses dedicando todo su coraz\u00f3n, tiempo y esfuerzo, superando sus l\u00edmites y a\u00fan as\u00ed estaban felices. Una de ellas lo expres\u00f3 as\u00ed:<em> \u00abLa semana antes del jubileo fue extremadamente exigente y nos cost\u00f3 mucho esfuerzo y nervios, pero el s\u00e1bado por la noche, durante la coronaci\u00f3n, qued\u00f3 claro que hab\u00eda merecido la pena\u00bb.<\/em><\/p>\n\n\n\n<figure class=\"wp-block-image aligncenter size-full\"><img decoding=\"async\" src=\"https:\/\/schoenstatt.com\/wp-content\/uploads\/2025\/08\/living-crown_2025-RTA-Girls-Youth-2.jpg\" alt=\"\" class=\"wp-image-61632\"\/><\/figure>\n\n\n\n<h3 class=\"wp-block-heading\" id=\"h-el-mundo-te-necesita\">\u00a1El mundo te necesita!<\/h3>\n\n\n\n<p>En un testimonio se dijo:<em> \u00abTodo lo que el mundo grita hoy en realidad muestra que falta algo. Lo que le falta al mundo son precisamente los valores que conforman nuestro ideal: pureza, fidelidad, nobleza\u2026 T\u00fa eres la respuesta para nuestro tiempo. \u00a1El mundo te necesita!\u00bb. <\/em>Esta atm\u00f3sfera de esperanza, alegr\u00eda y env\u00edo marc\u00f3 unos d\u00edas que, adem\u00e1s, estuvieron bendecidos con un clima magn\u00edfico. Hubo momentos muy variados, siempre con un toque internacional, que mostraban las distintas mentalidades: el viernes por la noche, por ejemplo, cada pa\u00eds present\u00f3 un baile, una canci\u00f3n o algo t\u00edpico, y revel\u00f3 el secreto de los \u00abpadrinazgos de oraci\u00f3n\u00bb, mediante los cuales, desde hac\u00eda meses, cada naci\u00f3n acompa\u00f1aba en oraci\u00f3n y sacrificio a otra en camino hacia el jubileo.<\/p>\n\n\n\n<p>Durante estos d\u00edas tambi\u00e9n hubo peque\u00f1os grupos de intercambio, testimonios personales ante las 700 participantes, momentos creativos, espacios para escribir experiencias, tiempos de oraci\u00f3n y mucho tiempo para encontrarse, como en el p\u00edcnic de la noche en el prado. As\u00ed se siente el estilo de vida de la Corona Viva.<\/p>\n\n\n\n<figure class=\"wp-block-image aligncenter size-full\"><img decoding=\"async\" src=\"https:\/\/schoenstatt.com\/wp-content\/uploads\/2025\/08\/living-crown_2025-RTA-Girls-Youth-4.jpg\" alt=\"\" class=\"wp-image-61642\"\/><\/figure>\n\n\n\n<h3 class=\"wp-block-heading\" id=\"h-una-mirada-historica-que-llega-hasta-hoy\">Una mirada hist\u00f3rica que llega hasta hoy<\/h3>\n\n\n\n<p>Quien asisti\u00f3 al Encuentro Internacional de la Juventud Femenina de Schoenstatt el 12 de agosto de 2000 dif\u00edcilmente habr\u00eda imaginado que, 25 a\u00f1os despu\u00e9s, seguir\u00eda vivo \u2014y a nivel mundial\u2014 lo que naci\u00f3 entonces de una situaci\u00f3n de necesidad: ser Corona Viva. La Virgen Mar\u00eda es una gran aliada: est\u00e1 muy cerca de la vida diaria y, al mismo tiempo, es de una nobleza infinita. En el deseo de ser cada vez m\u00e1s semejantes a ella, la Madre de Dios es coronada una y otra vez en el Movimiento de Schoenstatt. Sin embargo, en 1999 fue robada la corona que las j\u00f3venes quer\u00edan colocarle en se\u00f1al de honra, un regalo del fundador, el padre Jos\u00e9 Kentenich, a una generaci\u00f3n anterior. As\u00ed naci\u00f3 el impulso vital de ser \u00abCorona Viva\u00bb, inspirado en una frase suya: \u00abUstedes son mi corona (viva)\u00bb.<\/p>\n\n\n\n<h3 class=\"wp-block-heading\" id=\"h-let-s-shine-evening-como-momento-cumbre\">\u201cLet\u2019s Shine Evening\u201d como momento cumbre<\/h3>\n\n\n\n<figure class=\"wp-block-image aligncenter size-full\"><img fetchpriority=\"high\" decoding=\"async\" width=\"2045\" height=\"1150\" src=\"https:\/\/schoenstatt.com\/wp-content\/uploads\/2025\/08\/living-crown_2025-RTA-Girls-Youth.jpg\" alt=\"\" class=\"wp-image-61627\" srcset=\"https:\/\/schoenstatt.com\/wp-content\/uploads\/2025\/08\/living-crown_2025-RTA-Girls-Youth.jpg 2045w, https:\/\/schoenstatt.com\/wp-content\/uploads\/2025\/08\/living-crown_2025-RTA-Girls-Youth-768x432.jpg 768w, https:\/\/schoenstatt.com\/wp-content\/uploads\/2025\/08\/living-crown_2025-RTA-Girls-Youth-1536x864.jpg 1536w\" sizes=\"(max-width: 2045px) 100vw, 2045px\" \/><\/figure>\n\n\n\n<p>25 a\u00f1os despu\u00e9s, la Virgen Mar\u00eda fue coronada de dos maneras: con una peque\u00f1a corona dorada en el santuario original y con una corona viva formada por 700 mujeres. La fotograf\u00eda a\u00e9rea de 2000 se tom\u00f3 a plena luz del d\u00eda y bajo un calor intenso; esta vez, la imagen se tom\u00f3 la noche del s\u00e1bado, cuando las participantes iluminaron la oscuridad con velas en las manos, registradas por un dron. Ese fue uno de los momentos centrales.<\/p>\n\n\n\n<p>En estos 25 a\u00f1os han ocurrido muchos acontecimientos importantes, pero el ideal sigue siendo el mismo: RTA, Regina Ter Admirabilis, Reina tres veces admirable que tambi\u00e9n simboliza pureza, fidelidad y nobleza, valores con los que se molde\u00f3 la corona robada en 1999 y cuya forma se reprodujo en 2000 y ahora.<\/p>\n\n\n\n<p>El segundo momento clave de la noche fue la coronaci\u00f3n del cuadro de la Mater del Santuario Original con una peque\u00f1a r\u00e9plica de la corona original de P. Kentenich, que fue colocada all\u00ed en 2014, durante el jubileo de Sch\u00f6nstatt. El 26 de julio de este a\u00f1o se volvi\u00f3 a colocar no como un acto meramente formal, sino como expresi\u00f3n de que cada una, con su \u00abs\u00ed\u00bb y su vida diaria, junto a la comunidad mundial de la Juventud Femenina, reafirma: \u00abQuiero ser Corona Viva, llevar a Mar\u00eda y su estilo al mundo, brillar, unir cielo y tierra y marcar la diferencia que el mundo necesita\u00bb.<\/p>\n\n\n\n<figure class=\"wp-block-image aligncenter size-full\"><img decoding=\"async\" src=\"https:\/\/schoenstatt.com\/wp-content\/uploads\/2025\/08\/living-crown_2025-RTA-Girls-Youth-3.jpg\" alt=\"\" class=\"wp-image-61637\"\/><\/figure>\n\n\n\n<h3 class=\"wp-block-heading\" id=\"h-cuanto-mas-se-da-mas-se-recibe\">Cuanto m\u00e1s se da, m\u00e1s se recibe<\/h3>\n\n\n\n<p>Lo vivido marcar\u00e1 a las j\u00f3venes para siempre. Como dijo una de ellas:<em> \u00abUna alegr\u00eda profunda y contagiosa por nuestra Reina y por ser Corona Viva, que nos une m\u00e1s all\u00e1 de las fronteras\u00bb<\/em> (Eliana Broosch).<\/p>\n\n\n\n<p>Trabajar en algo grande hace crecer. Eso lo experimentaron tanto las j\u00f3venes como las Hermanas de Mar\u00eda que prepararon el encuentro. Hubo equipos en Alemania y en el extranjero encargados de distintas tareas y todas estaban felices a pesar del cansancio. <em>\u00abFue impresionante ver de d\u00f3nde sal\u00edan las \u00faltimas fuerzas. Ahora, el d\u00eda a d\u00eda puede vivirse con m\u00e1s alegr\u00eda\u00bb<\/em> (Helena Reich).<\/p>\n\n\n\n<p>Las j\u00f3venes experimentaron que, cuando se conf\u00eda en ellas y se respira un clima de apoyo, surgen las \u00faltimas energ\u00edas y se crece.<em> \u00abCuando cada una aporta su parte, surge algo grande. Y no importa qui\u00e9n hizo qu\u00e9, sino la uni\u00f3n y la confianza mutua\u00bb<\/em> (Elisabeth Mayer).<\/p>\n\n\n\n<figure class=\"wp-block-image aligncenter size-full\"><img decoding=\"async\" src=\"https:\/\/schoenstatt.com\/wp-content\/uploads\/2025\/08\/living-crown_2025-RTA-Girls-Youth-5.jpg\" alt=\"\" class=\"wp-image-61647\"\/><\/figure>\n\n\n\n<p>As\u00ed cambia el mundo una generaci\u00f3n de j\u00f3venes mujeres: hoy, ma\u00f1ana, juntas. No de forma ruidosa, sino sencilla y eficaz, como la peque\u00f1a corona que hay detr\u00e1s de la grande. Y con la certeza renovada: no estoy sola, estamos unidas en todo el mundo.<\/p>\n\n\n\n<p>El lema se hace realidad: We are your living crown \u2013 today, tomorrow, together (Somos tu corona viva: hoy, ma\u00f1ana, juntas)<\/p>\n","protected":false},"excerpt":{"rendered":"<p>El Encuentro Internacional de la Juventud Femenina de Schoenstatt reuni\u00f3 a 700 j\u00f3venes de 22 naciones como \u201ccorona viva\u201d de Mar\u00eda.<\/p>\n","protected":false},"author":3,"featured_media":61631,"comment_status":"closed","ping_status":"closed","sticky":false,"template":"","format":"standard","meta":{"footnotes":""},"categories":[923,921,901],"tags":[],"class_list":["post-61667","post","type-post","status-publish","format-standard","has-post-thumbnail","hentry","category-juventud-es","category-mujer-es","category-santuario-original-es"],"yoast_head":"<!-- This site is optimized with the Yoast SEO Premium plugin v27.4 (Yoast SEO v27.5) - https:\/\/yoast.com\/product\/yoast-seo-premium-wordpress\/ -->\n<title>Ser corona viva \u2013 un estilo de vida que marca la diferencia - Schoenstatt<\/title>\n<meta name=\"description\" content=\"El Encuentro Internacional de la Juventud Femenina de Schoenstatt reuni\u00f3 a 700 j\u00f3venes de 22 naciones como \u201ccorona viva\u201d de Mar\u00eda.\" \/>\n<meta name=\"robots\" content=\"index, follow, max-snippet:-1, max-image-preview:large, max-video-preview:-1\" \/>\n<link rel=\"canonical\" href=\"https:\/\/schoenstatt.com\/es\/ser-corona-viva-un-estilo-de-vida-que-marca-la-diferencia\/\" \/>\n<meta property=\"og:locale\" content=\"es_ES\" \/>\n<meta property=\"og:type\" content=\"article\" \/>\n<meta property=\"og:title\" content=\"Ser corona viva \u2013 un estilo de vida que marca la diferencia\" \/>\n<meta property=\"og:description\" content=\"El Encuentro Internacional de la Juventud Femenina de Schoenstatt reuni\u00f3 a 700 j\u00f3venes de 22 naciones como \u201ccorona viva\u201d de Mar\u00eda.\" \/>\n<meta property=\"og:url\" content=\"https:\/\/schoenstatt.com\/es\/ser-corona-viva-un-estilo-de-vida-que-marca-la-diferencia\/\" \/>\n<meta property=\"og:site_name\" content=\"Schoenstatt\" \/>\n<meta property=\"article:published_time\" content=\"2025-08-13T01:10:00+00:00\" \/>\n<meta property=\"article:modified_time\" content=\"2025-08-13T11:50:45+00:00\" \/>\n<meta property=\"og:image\" content=\"https:\/\/schoenstatt.com\/wp-content\/uploads\/2025\/08\/living-crown_2025-RTA-Girls-Youth.jpg\" \/>\n\t<meta property=\"og:image:width\" content=\"2045\" \/>\n\t<meta property=\"og:image:height\" content=\"1150\" \/>\n\t<meta property=\"og:image:type\" content=\"image\/jpeg\" \/>\n<meta name=\"author\" content=\"Karen Bueno\" \/>\n<meta name=\"twitter:card\" content=\"summary_large_image\" \/>\n<meta name=\"twitter:label1\" content=\"Escrito por\" \/>\n\t<meta name=\"twitter:data1\" content=\"Karen Bueno\" \/>\n\t<meta name=\"twitter:label2\" content=\"Tiempo de lectura\" \/>\n\t<meta name=\"twitter:data2\" content=\"7 minutos\" \/>\n<script type=\"application\/ld+json\" class=\"yoast-schema-graph\">{\"@context\":\"https:\\\/\\\/schema.org\",\"@graph\":[{\"@type\":\"Article\",\"@id\":\"https:\\\/\\\/schoenstatt.com\\\/es\\\/ser-corona-viva-un-estilo-de-vida-que-marca-la-diferencia\\\/#article\",\"isPartOf\":{\"@id\":\"https:\\\/\\\/schoenstatt.com\\\/es\\\/ser-corona-viva-un-estilo-de-vida-que-marca-la-diferencia\\\/\"},\"author\":{\"name\":\"Karen Bueno\",\"@id\":\"https:\\\/\\\/schoenstatt.com\\\/es\\\/#\\\/schema\\\/person\\\/5158877ad4acae98b34daaeef2a1ce6e\"},\"headline\":\"Ser corona viva \u2013 un estilo de vida que marca la diferencia\",\"datePublished\":\"2025-08-13T01:10:00+00:00\",\"dateModified\":\"2025-08-13T11:50:45+00:00\",\"mainEntityOfPage\":{\"@id\":\"https:\\\/\\\/schoenstatt.com\\\/es\\\/ser-corona-viva-un-estilo-de-vida-que-marca-la-diferencia\\\/\"},\"wordCount\":1110,\"publisher\":{\"@id\":\"https:\\\/\\\/schoenstatt.com\\\/es\\\/#organization\"},\"image\":{\"@id\":\"https:\\\/\\\/schoenstatt.com\\\/es\\\/ser-corona-viva-un-estilo-de-vida-que-marca-la-diferencia\\\/#primaryimage\"},\"thumbnailUrl\":\"https:\\\/\\\/schoenstatt.com\\\/wp-content\\\/uploads\\\/2025\\\/08\\\/living-crown_2025-RTA-Girls-Youth.jpg\",\"articleSection\":[\"Juventud\",\"Mujer\",\"Santuario Original\"],\"inLanguage\":\"es\"},{\"@type\":\"WebPage\",\"@id\":\"https:\\\/\\\/schoenstatt.com\\\/es\\\/ser-corona-viva-un-estilo-de-vida-que-marca-la-diferencia\\\/\",\"url\":\"https:\\\/\\\/schoenstatt.com\\\/es\\\/ser-corona-viva-un-estilo-de-vida-que-marca-la-diferencia\\\/\",\"name\":\"Ser corona viva \u2013 un estilo de vida que marca la diferencia - Schoenstatt\",\"isPartOf\":{\"@id\":\"https:\\\/\\\/schoenstatt.com\\\/es\\\/#website\"},\"primaryImageOfPage\":{\"@id\":\"https:\\\/\\\/schoenstatt.com\\\/es\\\/ser-corona-viva-un-estilo-de-vida-que-marca-la-diferencia\\\/#primaryimage\"},\"image\":{\"@id\":\"https:\\\/\\\/schoenstatt.com\\\/es\\\/ser-corona-viva-un-estilo-de-vida-que-marca-la-diferencia\\\/#primaryimage\"},\"thumbnailUrl\":\"https:\\\/\\\/schoenstatt.com\\\/wp-content\\\/uploads\\\/2025\\\/08\\\/living-crown_2025-RTA-Girls-Youth.jpg\",\"datePublished\":\"2025-08-13T01:10:00+00:00\",\"dateModified\":\"2025-08-13T11:50:45+00:00\",\"description\":\"El Encuentro Internacional de la Juventud Femenina de Schoenstatt reuni\u00f3 a 700 j\u00f3venes de 22 naciones como \u201ccorona viva\u201d de Mar\u00eda.\",\"breadcrumb\":{\"@id\":\"https:\\\/\\\/schoenstatt.com\\\/es\\\/ser-corona-viva-un-estilo-de-vida-que-marca-la-diferencia\\\/#breadcrumb\"},\"inLanguage\":\"es\",\"potentialAction\":[{\"@type\":\"ReadAction\",\"target\":[\"https:\\\/\\\/schoenstatt.com\\\/es\\\/ser-corona-viva-un-estilo-de-vida-que-marca-la-diferencia\\\/\"]}]},{\"@type\":\"ImageObject\",\"inLanguage\":\"es\",\"@id\":\"https:\\\/\\\/schoenstatt.com\\\/es\\\/ser-corona-viva-un-estilo-de-vida-que-marca-la-diferencia\\\/#primaryimage\",\"url\":\"https:\\\/\\\/schoenstatt.com\\\/wp-content\\\/uploads\\\/2025\\\/08\\\/living-crown_2025-RTA-Girls-Youth.jpg\",\"contentUrl\":\"https:\\\/\\\/schoenstatt.com\\\/wp-content\\\/uploads\\\/2025\\\/08\\\/living-crown_2025-RTA-Girls-Youth.jpg\",\"width\":2045,\"height\":1150,\"caption\":\"default\"},{\"@type\":\"BreadcrumbList\",\"@id\":\"https:\\\/\\\/schoenstatt.com\\\/es\\\/ser-corona-viva-un-estilo-de-vida-que-marca-la-diferencia\\\/#breadcrumb\",\"itemListElement\":[{\"@type\":\"ListItem\",\"position\":1,\"name\":\"Portada\",\"item\":\"https:\\\/\\\/schoenstatt.com\\\/es\\\/home\\\/\"},{\"@type\":\"ListItem\",\"position\":2,\"name\":\"Ser corona viva \u2013 un estilo de vida que marca la diferencia\"}]},{\"@type\":\"WebSite\",\"@id\":\"https:\\\/\\\/schoenstatt.com\\\/es\\\/#website\",\"url\":\"https:\\\/\\\/schoenstatt.com\\\/es\\\/\",\"name\":\"Schoenstatt\",\"description\":\"Apostolic Movement\",\"publisher\":{\"@id\":\"https:\\\/\\\/schoenstatt.com\\\/es\\\/#organization\"},\"potentialAction\":[{\"@type\":\"SearchAction\",\"target\":{\"@type\":\"EntryPoint\",\"urlTemplate\":\"https:\\\/\\\/schoenstatt.com\\\/es\\\/?s={search_term_string}\"},\"query-input\":{\"@type\":\"PropertyValueSpecification\",\"valueRequired\":true,\"valueName\":\"search_term_string\"}}],\"inLanguage\":\"es\"},{\"@type\":\"Organization\",\"@id\":\"https:\\\/\\\/schoenstatt.com\\\/es\\\/#organization\",\"name\":\"Schoenstatt\",\"url\":\"https:\\\/\\\/schoenstatt.com\\\/es\\\/\",\"logo\":{\"@type\":\"ImageObject\",\"inLanguage\":\"es\",\"@id\":\"https:\\\/\\\/schoenstatt.com\\\/es\\\/#\\\/schema\\\/logo\\\/image\\\/\",\"url\":\"https:\\\/\\\/schoenstatt.com\\\/wp-content\\\/uploads\\\/2025\\\/04\\\/logo-schoenstatt-white-696x696-1.png\",\"contentUrl\":\"https:\\\/\\\/schoenstatt.com\\\/wp-content\\\/uploads\\\/2025\\\/04\\\/logo-schoenstatt-white-696x696-1.png\",\"width\":696,\"height\":694,\"caption\":\"Schoenstatt\"},\"image\":{\"@id\":\"https:\\\/\\\/schoenstatt.com\\\/es\\\/#\\\/schema\\\/logo\\\/image\\\/\"}},{\"@type\":\"Person\",\"@id\":\"https:\\\/\\\/schoenstatt.com\\\/es\\\/#\\\/schema\\\/person\\\/5158877ad4acae98b34daaeef2a1ce6e\",\"name\":\"Karen Bueno\",\"image\":{\"@type\":\"ImageObject\",\"inLanguage\":\"es\",\"@id\":\"https:\\\/\\\/secure.gravatar.com\\\/avatar\\\/f9f4b823873154269d2b2130f195f6d41037dd0d7fc5f3cacb5c846bae70d66b?s=96&d=mm&r=g\",\"url\":\"https:\\\/\\\/secure.gravatar.com\\\/avatar\\\/f9f4b823873154269d2b2130f195f6d41037dd0d7fc5f3cacb5c846bae70d66b?s=96&d=mm&r=g\",\"contentUrl\":\"https:\\\/\\\/secure.gravatar.com\\\/avatar\\\/f9f4b823873154269d2b2130f195f6d41037dd0d7fc5f3cacb5c846bae70d66b?s=96&d=mm&r=g\",\"caption\":\"Karen Bueno\"},\"url\":\"https:\\\/\\\/schoenstatt.com\\\/es\\\/author\\\/karen-bueno\\\/\"}]}<\/script>\n<!-- \/ Yoast SEO Premium plugin. -->","yoast_head_json":{"title":"Ser corona viva \u2013 un estilo de vida que marca la diferencia - Schoenstatt","description":"El Encuentro Internacional de la Juventud Femenina de Schoenstatt reuni\u00f3 a 700 j\u00f3venes de 22 naciones como \u201ccorona viva\u201d de Mar\u00eda.","robots":{"index":"index","follow":"follow","max-snippet":"max-snippet:-1","max-image-preview":"max-image-preview:large","max-video-preview":"max-video-preview:-1"},"canonical":"https:\/\/schoenstatt.com\/es\/ser-corona-viva-un-estilo-de-vida-que-marca-la-diferencia\/","og_locale":"es_ES","og_type":"article","og_title":"Ser corona viva \u2013 un estilo de vida que marca la diferencia","og_description":"El Encuentro Internacional de la Juventud Femenina de Schoenstatt reuni\u00f3 a 700 j\u00f3venes de 22 naciones como \u201ccorona viva\u201d de Mar\u00eda.","og_url":"https:\/\/schoenstatt.com\/es\/ser-corona-viva-un-estilo-de-vida-que-marca-la-diferencia\/","og_site_name":"Schoenstatt","article_published_time":"2025-08-13T01:10:00+00:00","article_modified_time":"2025-08-13T11:50:45+00:00","og_image":[{"width":2045,"height":1150,"url":"https:\/\/schoenstatt.com\/wp-content\/uploads\/2025\/08\/living-crown_2025-RTA-Girls-Youth.jpg","type":"image\/jpeg"}],"author":"Karen Bueno","twitter_card":"summary_large_image","twitter_misc":{"Escrito por":"Karen Bueno","Tiempo de lectura":"7 minutos"},"schema":{"@context":"https:\/\/schema.org","@graph":[{"@type":"Article","@id":"https:\/\/schoenstatt.com\/es\/ser-corona-viva-un-estilo-de-vida-que-marca-la-diferencia\/#article","isPartOf":{"@id":"https:\/\/schoenstatt.com\/es\/ser-corona-viva-un-estilo-de-vida-que-marca-la-diferencia\/"},"author":{"name":"Karen Bueno","@id":"https:\/\/schoenstatt.com\/es\/#\/schema\/person\/5158877ad4acae98b34daaeef2a1ce6e"},"headline":"Ser corona viva \u2013 un estilo de vida que marca la diferencia","datePublished":"2025-08-13T01:10:00+00:00","dateModified":"2025-08-13T11:50:45+00:00","mainEntityOfPage":{"@id":"https:\/\/schoenstatt.com\/es\/ser-corona-viva-un-estilo-de-vida-que-marca-la-diferencia\/"},"wordCount":1110,"publisher":{"@id":"https:\/\/schoenstatt.com\/es\/#organization"},"image":{"@id":"https:\/\/schoenstatt.com\/es\/ser-corona-viva-un-estilo-de-vida-que-marca-la-diferencia\/#primaryimage"},"thumbnailUrl":"https:\/\/schoenstatt.com\/wp-content\/uploads\/2025\/08\/living-crown_2025-RTA-Girls-Youth.jpg","articleSection":["Juventud","Mujer","Santuario Original"],"inLanguage":"es"},{"@type":"WebPage","@id":"https:\/\/schoenstatt.com\/es\/ser-corona-viva-un-estilo-de-vida-que-marca-la-diferencia\/","url":"https:\/\/schoenstatt.com\/es\/ser-corona-viva-un-estilo-de-vida-que-marca-la-diferencia\/","name":"Ser corona viva \u2013 un estilo de vida que marca la diferencia - Schoenstatt","isPartOf":{"@id":"https:\/\/schoenstatt.com\/es\/#website"},"primaryImageOfPage":{"@id":"https:\/\/schoenstatt.com\/es\/ser-corona-viva-un-estilo-de-vida-que-marca-la-diferencia\/#primaryimage"},"image":{"@id":"https:\/\/schoenstatt.com\/es\/ser-corona-viva-un-estilo-de-vida-que-marca-la-diferencia\/#primaryimage"},"thumbnailUrl":"https:\/\/schoenstatt.com\/wp-content\/uploads\/2025\/08\/living-crown_2025-RTA-Girls-Youth.jpg","datePublished":"2025-08-13T01:10:00+00:00","dateModified":"2025-08-13T11:50:45+00:00","description":"El Encuentro Internacional de la Juventud Femenina de Schoenstatt reuni\u00f3 a 700 j\u00f3venes de 22 naciones como \u201ccorona viva\u201d de Mar\u00eda.","breadcrumb":{"@id":"https:\/\/schoenstatt.com\/es\/ser-corona-viva-un-estilo-de-vida-que-marca-la-diferencia\/#breadcrumb"},"inLanguage":"es","potentialAction":[{"@type":"ReadAction","target":["https:\/\/schoenstatt.com\/es\/ser-corona-viva-un-estilo-de-vida-que-marca-la-diferencia\/"]}]},{"@type":"ImageObject","inLanguage":"es","@id":"https:\/\/schoenstatt.com\/es\/ser-corona-viva-un-estilo-de-vida-que-marca-la-diferencia\/#primaryimage","url":"https:\/\/schoenstatt.com\/wp-content\/uploads\/2025\/08\/living-crown_2025-RTA-Girls-Youth.jpg","contentUrl":"https:\/\/schoenstatt.com\/wp-content\/uploads\/2025\/08\/living-crown_2025-RTA-Girls-Youth.jpg","width":2045,"height":1150,"caption":"default"},{"@type":"BreadcrumbList","@id":"https:\/\/schoenstatt.com\/es\/ser-corona-viva-un-estilo-de-vida-que-marca-la-diferencia\/#breadcrumb","itemListElement":[{"@type":"ListItem","position":1,"name":"Portada","item":"https:\/\/schoenstatt.com\/es\/home\/"},{"@type":"ListItem","position":2,"name":"Ser corona viva \u2013 un estilo de vida que marca la diferencia"}]},{"@type":"WebSite","@id":"https:\/\/schoenstatt.com\/es\/#website","url":"https:\/\/schoenstatt.com\/es\/","name":"Schoenstatt","description":"Apostolic Movement","publisher":{"@id":"https:\/\/schoenstatt.com\/es\/#organization"},"potentialAction":[{"@type":"SearchAction","target":{"@type":"EntryPoint","urlTemplate":"https:\/\/schoenstatt.com\/es\/?s={search_term_string}"},"query-input":{"@type":"PropertyValueSpecification","valueRequired":true,"valueName":"search_term_string"}}],"inLanguage":"es"},{"@type":"Organization","@id":"https:\/\/schoenstatt.com\/es\/#organization","name":"Schoenstatt","url":"https:\/\/schoenstatt.com\/es\/","logo":{"@type":"ImageObject","inLanguage":"es","@id":"https:\/\/schoenstatt.com\/es\/#\/schema\/logo\/image\/","url":"https:\/\/schoenstatt.com\/wp-content\/uploads\/2025\/04\/logo-schoenstatt-white-696x696-1.png","contentUrl":"https:\/\/schoenstatt.com\/wp-content\/uploads\/2025\/04\/logo-schoenstatt-white-696x696-1.png","width":696,"height":694,"caption":"Schoenstatt"},"image":{"@id":"https:\/\/schoenstatt.com\/es\/#\/schema\/logo\/image\/"}},{"@type":"Person","@id":"https:\/\/schoenstatt.com\/es\/#\/schema\/person\/5158877ad4acae98b34daaeef2a1ce6e","name":"Karen Bueno","image":{"@type":"ImageObject","inLanguage":"es","@id":"https:\/\/secure.gravatar.com\/avatar\/f9f4b823873154269d2b2130f195f6d41037dd0d7fc5f3cacb5c846bae70d66b?s=96&d=mm&r=g","url":"https:\/\/secure.gravatar.com\/avatar\/f9f4b823873154269d2b2130f195f6d41037dd0d7fc5f3cacb5c846bae70d66b?s=96&d=mm&r=g","contentUrl":"https:\/\/secure.gravatar.com\/avatar\/f9f4b823873154269d2b2130f195f6d41037dd0d7fc5f3cacb5c846bae70d66b?s=96&d=mm&r=g","caption":"Karen Bueno"},"url":"https:\/\/schoenstatt.com\/es\/author\/karen-bueno\/"}]}},"_links":{"self":[{"href":"https:\/\/schoenstatt.com\/es\/wp-json\/wp\/v2\/posts\/61667","targetHints":{"allow":["GET"]}}],"collection":[{"href":"https:\/\/schoenstatt.com\/es\/wp-json\/wp\/v2\/posts"}],"about":[{"href":"https:\/\/schoenstatt.com\/es\/wp-json\/wp\/v2\/types\/post"}],"author":[{"embeddable":true,"href":"https:\/\/schoenstatt.com\/es\/wp-json\/wp\/v2\/users\/3"}],"replies":[{"embeddable":true,"href":"https:\/\/schoenstatt.com\/es\/wp-json\/wp\/v2\/comments?post=61667"}],"version-history":[{"count":2,"href":"https:\/\/schoenstatt.com\/es\/wp-json\/wp\/v2\/posts\/61667\/revisions"}],"predecessor-version":[{"id":61669,"href":"https:\/\/schoenstatt.com\/es\/wp-json\/wp\/v2\/posts\/61667\/revisions\/61669"}],"wp:featuredmedia":[{"embeddable":true,"href":"https:\/\/schoenstatt.com\/es\/wp-json\/wp\/v2\/media\/61631"}],"wp:attachment":[{"href":"https:\/\/schoenstatt.com\/es\/wp-json\/wp\/v2\/media?parent=61667"}],"wp:term":[{"taxonomy":"category","embeddable":true,"href":"https:\/\/schoenstatt.com\/es\/wp-json\/wp\/v2\/categories?post=61667"},{"taxonomy":"post_tag","embeddable":true,"href":"https:\/\/schoenstatt.com\/es\/wp-json\/wp\/v2\/tags?post=61667"}],"curies":[{"name":"wp","href":"https:\/\/api.w.org\/{rel}","templated":true}]}}