{"id":60996,"date":"2025-07-23T14:13:37","date_gmt":"2025-07-23T12:13:37","guid":{"rendered":"https:\/\/schoenstatt.com\/?p=60996"},"modified":"2025-08-21T03:28:59","modified_gmt":"2025-08-21T01:28:59","slug":"nace-en-estados-unidos-la-liga-apostolica-de-sacerdotes-diocesanos-de-schoenstatt","status":"publish","type":"post","link":"https:\/\/schoenstatt.com\/es\/nace-en-estados-unidos-la-liga-apostolica-de-sacerdotes-diocesanos-de-schoenstatt\/","title":{"rendered":"Nace en Estados Unidos la Liga Apost\u00f3lica de Sacerdotes Diocesanos de Schoenstatt"},"content":{"rendered":"\n<p>Del 7 al 11 de julio de 2025, un momento decisivo en la historia de la Iglesia se desarroll\u00f3 silenciosamente en Waukesha, Wisconsin. Siete sacerdotes diocesanos de distintas partes de Estados Unidos se reunieron para un retiro de cinco d\u00edas, no solo para descansar y renovarse, sino para encender algo verdaderamente hist\u00f3rico: la fundaci\u00f3n de la Liga Apost\u00f3lica de Sacerdotes Diocesanos de Schoenstatt en los Estados Unidos.<\/p>\n\n\n\n<p>Cada uno de estos sacerdotes ya hab\u00eda sellado su Alianza de Amor con la MTA. Pero este retiro se transform\u00f3 en mucho m\u00e1s que una renovaci\u00f3n personal. Fue un paso audaz y fraterno hacia adelante: un compromiso de vivir el sacerdocio en profunda comuni\u00f3n con Mar\u00eda, entre ellos y con la visi\u00f3n espiritual del Padre Jos\u00e9 Kentenich, fundador del Movimiento de Schoenstatt.<\/p>\n\n\n\n<h3 class=\"wp-block-heading\" id=\"h-mas-que-un-retiro-plataforma-de-un-movimiento\">M\u00e1s que un retiro: plataforma de un movimiento<\/h3>\n\n\n\n<p>Este retiro marc\u00f3 el inicio oficial de una nueva fraternidad nacional de sacerdotes diocesanos profundamente enraizados en la espiritualidad de Schoenstatt. Es un espacio sagrado para vivir su vocaci\u00f3n con alegr\u00eda, fidelidad y valent\u00eda, fortalecidos por una misi\u00f3n mariana compartida.<\/p>\n\n\n\n<p>El grupo fundador asumi\u00f3 el reto de vivir la Alianza de Amor no solo de manera personal, sino tambi\u00e9n de insertarla en el coraz\u00f3n del sacerdocio diocesano, por medio del apoyo mutuo, el celo apost\u00f3lico y un fuerte sentido de comunidad.<\/p>\n\n\n\n<figure class=\"wp-block-image aligncenter size-full\"><img decoding=\"async\" src=\"https:\/\/schoenstatt.com\/wp-content\/uploads\/2025\/07\/League-of-Schoenstatt-Diocesan-Priests-USA.jpg\" alt=\"\" class=\"wp-image-60975\"\/><\/figure>\n\n\n\n<h3 class=\"wp-block-heading\" id=\"h-las-3-p-de-san-jose-proteger-proveer-promover\">Las 3 P de San Jos\u00e9: Proteger, Proveer, Promover<\/h3>\n\n\n\n<p>Un tema poderoso emergi\u00f3 durante el retiro: la visi\u00f3n del sacerdote diocesano como padre espiritual a ejemplo de San Jos\u00e9. Inspirados por el Padre Kentenich, los sacerdotes reflexionaron sobre las \u201c3 P de San Jos\u00e9\u201d:<\/p>\n\n\n\n<p>&#8211; Proteger la relaci\u00f3n sagrada entre Cristo y Mar\u00eda\u2014la \u201cbi-unidad\u201d que est\u00e1 en el centro de la espiritualidad de Schoenstatt.<\/p>\n\n\n\n<p>&#8211; Proveer paternidad espiritual al Pueblo de Dios con humildad, valent\u00eda y amor.<\/p>\n\n\n\n<p>&#8211; Promover la devoci\u00f3n mariana y la cultura de la Alianza en sus parroquias y di\u00f3cesis.<\/p>\n\n\n\n<p>Como San Jos\u00e9, estos sacerdotes est\u00e1n invitados a una uni\u00f3n casta y de alianza con Mar\u00eda, tom\u00e1ndola en su vida como Madre-Esposa. A trav\u00e9s de este v\u00ednculo mariano, se fortalecen en la pureza, la misi\u00f3n y el servicio paternal a la Iglesia.<\/p>\n\n\n\n<figure class=\"wp-block-image aligncenter size-full\"><img decoding=\"async\" src=\"https:\/\/schoenstatt.com\/wp-content\/uploads\/2025\/07\/League-of-Schoenstatt-Diocesan-Priests-USA-3.jpg\" alt=\"\" class=\"wp-image-60981\"\/><\/figure>\n\n\n\n<h3 class=\"wp-block-heading\" id=\"h-nace-una-hermandad\">Nace una hermandad<\/h3>\n\n\n\n<p>Lo que realmente hizo especial este retiro fue el esp\u00edritu de fraternidad vivido cada d\u00eda: en la oraci\u00f3n, las reflexiones teol\u00f3gicas, las comidas, las conversaciones, la Santa Misa y la Adoraci\u00f3n Eucar\u00edstica. El retiro culmin\u00f3 con una Santa Misa el 11 de julio, en la que los sacerdotes hicieron o renovaron su dedicaci\u00f3n como Asociados de la Liga, fundando oficialmente la Liga Apost\u00f3lica de Sacerdotes Diocesanos en los Estados Unidos.<\/p>\n\n\n\n<p>Este grupo ha puesto los cimientos de una rama nacional en crecimiento, que invita a otros sacerdotes diocesanos a experimentar esta misma hermandad basada en la Alianza de amor y en este fuego espiritual.<\/p>\n\n\n\n<h3 class=\"wp-block-heading\" id=\"h-una-invitacion-a-los-sacerdotes-diocesanos-de-todo-ee-uu\">Una invitaci\u00f3n a los sacerdotes diocesanos de todo EE. UU.<\/h3>\n\n\n\n<p>La Liga Apost\u00f3lica de Sacerdotes Diocesanos de Schoenstatt apenas comienza, y est\u00e1 llamando a otros Sacerdotes a unirse. Si eres sacerdote diocesano en los Estados Unidos y buscas una devoci\u00f3n mariana m\u00e1s profunda, una fraternidad espiritual y un renovado sentido de misi\u00f3n, esta es tu invitaci\u00f3n. La Alianza de Amor puede transformar tu sacerdocio. Mar\u00eda est\u00e1 lista para caminar contigo. Y la hermandad de la Liga est\u00e1 lista para acogerte.<\/p>\n\n\n\n<p>Tenemos un lugar para ti junto al Padre Kentenich y rodeado de sacerdotes diocesanos schoenstattianos.<\/p>\n\n\n\n<p>Cada a\u00f1o, la Liga de Sacerdotes diocesanos ofrecer\u00e1 un retiro de cinco d\u00edas durante la semana posterior al 4 de julio, en el Centro Internacional de Retiros de Schoenstatt en Waukesha, WI. El pr\u00f3ximo retiro ser\u00e1 del 6 al 10 de julio de 2026. Para participar, debes ser sacerdote diocesano en EE. UU. y haber hecho la Alianza de Amor o estar abierto a hacerla. Para m\u00e1s informaci\u00f3n, escribe a:<\/p>\n\n\n\n<p>stritareceptionfl@gmail.com<br>frcarlosmission@aol.com<br>mary.schoenstattcenter@gmail.com<\/p>\n\n\n\n<p>No tengas miedo de recibir a Mar\u00eda en tu vida sacerdotal.<\/p>\n\n\n\n<p>D\u00e9jala formarte, caminar contigo y renovar tu misi\u00f3n, como lo hizo con San Jos\u00e9, el Padre Kentenich y tantos h\u00e9roes de la Familia de Schoenstatt. La Iglesia est\u00e1 lista. La Liga de Sacerdotes diocesanos est\u00e1 creciendo. Y el fuego apenas comienza.<\/p>\n\n\n\n<figure class=\"wp-block-image aligncenter size-full\"><img decoding=\"async\" src=\"https:\/\/schoenstatt.com\/wp-content\/uploads\/2025\/07\/League-of-Schoenstatt-Diocesan-Priests-USA-2.jpg\" alt=\"\" class=\"wp-image-60986\"\/><\/figure>\n","protected":false},"excerpt":{"rendered":"<p>Un nuevo fuego en el coraz\u00f3n de la Iglesia: Estados Unidos gana una nueva rama del Movimiento de Schoenstatt, la Liga de Sacerdotes.<\/p>\n","protected":false},"author":3,"featured_media":60990,"comment_status":"closed","ping_status":"closed","sticky":false,"template":"","format":"standard","meta":{"footnotes":""},"categories":[864,909],"tags":[1098],"class_list":["post-60996","post","type-post","status-publish","format-standard","has-post-thumbnail","hentry","category-america-es","category-comunidades-de-schoenstatt-es","tag-sacerdotes-es"],"yoast_head":"<!-- This site is optimized with the Yoast SEO Premium plugin v27.4 (Yoast SEO v27.5) - https:\/\/yoast.com\/product\/yoast-seo-premium-wordpress\/ -->\n<title>Nace en Estados Unidos la Liga Apost\u00f3lica de Sacerdotes Diocesanos de Schoenstatt<\/title>\n<meta name=\"description\" content=\"Un nuevo fuego en el coraz\u00f3n de la Iglesia: Estados Unidos gana una nueva rama del Movimiento de Schoenstatt, la Liga de Sacerdotes.\" \/>\n<meta name=\"robots\" content=\"index, follow, max-snippet:-1, max-image-preview:large, max-video-preview:-1\" \/>\n<link rel=\"canonical\" href=\"https:\/\/schoenstatt.com\/es\/nace-en-estados-unidos-la-liga-apostolica-de-sacerdotes-diocesanos-de-schoenstatt\/\" \/>\n<meta property=\"og:locale\" content=\"es_ES\" \/>\n<meta property=\"og:type\" content=\"article\" \/>\n<meta property=\"og:title\" content=\"Nace en Estados Unidos la Liga Apost\u00f3lica de Sacerdotes Diocesanos de Schoenstatt\" \/>\n<meta property=\"og:description\" content=\"Un nuevo fuego en el coraz\u00f3n de la Iglesia: Estados Unidos gana una nueva rama del Movimiento de Schoenstatt, la Liga de Sacerdotes.\" \/>\n<meta property=\"og:url\" content=\"https:\/\/schoenstatt.com\/es\/nace-en-estados-unidos-la-liga-apostolica-de-sacerdotes-diocesanos-de-schoenstatt\/\" \/>\n<meta property=\"og:site_name\" content=\"Schoenstatt\" \/>\n<meta property=\"article:published_time\" content=\"2025-07-23T12:13:37+00:00\" \/>\n<meta property=\"article:modified_time\" content=\"2025-08-21T01:28:59+00:00\" \/>\n<meta property=\"og:image\" content=\"https:\/\/schoenstatt.com\/wp-content\/uploads\/2025\/07\/League-of-Schoenstatt-Diocesan-Priests-USA-2.webp\" \/>\n\t<meta property=\"og:image:width\" content=\"1555\" \/>\n\t<meta property=\"og:image:height\" content=\"1166\" \/>\n\t<meta property=\"og:image:type\" content=\"image\/jpeg\" \/>\n<meta name=\"author\" content=\"Karen Bueno\" \/>\n<meta name=\"twitter:card\" content=\"summary_large_image\" \/>\n<meta name=\"twitter:label1\" content=\"Escrito por\" \/>\n\t<meta name=\"twitter:data1\" content=\"Karen Bueno\" \/>\n\t<meta name=\"twitter:label2\" content=\"Tiempo de lectura\" \/>\n\t<meta name=\"twitter:data2\" content=\"4 minutos\" \/>\n<script type=\"application\/ld+json\" class=\"yoast-schema-graph\">{\"@context\":\"https:\\\/\\\/schema.org\",\"@graph\":[{\"@type\":\"Article\",\"@id\":\"https:\\\/\\\/schoenstatt.com\\\/es\\\/nace-en-estados-unidos-la-liga-apostolica-de-sacerdotes-diocesanos-de-schoenstatt\\\/#article\",\"isPartOf\":{\"@id\":\"https:\\\/\\\/schoenstatt.com\\\/es\\\/nace-en-estados-unidos-la-liga-apostolica-de-sacerdotes-diocesanos-de-schoenstatt\\\/\"},\"author\":{\"name\":\"Karen Bueno\",\"@id\":\"https:\\\/\\\/schoenstatt.com\\\/es\\\/#\\\/schema\\\/person\\\/5158877ad4acae98b34daaeef2a1ce6e\"},\"headline\":\"Nace en Estados Unidos la Liga Apost\u00f3lica de Sacerdotes Diocesanos de Schoenstatt\",\"datePublished\":\"2025-07-23T12:13:37+00:00\",\"dateModified\":\"2025-08-21T01:28:59+00:00\",\"mainEntityOfPage\":{\"@id\":\"https:\\\/\\\/schoenstatt.com\\\/es\\\/nace-en-estados-unidos-la-liga-apostolica-de-sacerdotes-diocesanos-de-schoenstatt\\\/\"},\"wordCount\":744,\"publisher\":{\"@id\":\"https:\\\/\\\/schoenstatt.com\\\/es\\\/#organization\"},\"image\":{\"@id\":\"https:\\\/\\\/schoenstatt.com\\\/es\\\/nace-en-estados-unidos-la-liga-apostolica-de-sacerdotes-diocesanos-de-schoenstatt\\\/#primaryimage\"},\"thumbnailUrl\":\"https:\\\/\\\/schoenstatt.com\\\/wp-content\\\/uploads\\\/2025\\\/07\\\/League-of-Schoenstatt-Diocesan-Priests-USA-2.webp\",\"keywords\":[\"Sacerdotes\"],\"articleSection\":[\"Am\u00e9rica\",\"Comunidades de Schoenstatt\"],\"inLanguage\":\"es\"},{\"@type\":\"WebPage\",\"@id\":\"https:\\\/\\\/schoenstatt.com\\\/es\\\/nace-en-estados-unidos-la-liga-apostolica-de-sacerdotes-diocesanos-de-schoenstatt\\\/\",\"url\":\"https:\\\/\\\/schoenstatt.com\\\/es\\\/nace-en-estados-unidos-la-liga-apostolica-de-sacerdotes-diocesanos-de-schoenstatt\\\/\",\"name\":\"Nace en Estados Unidos la Liga Apost\u00f3lica de Sacerdotes Diocesanos de Schoenstatt\",\"isPartOf\":{\"@id\":\"https:\\\/\\\/schoenstatt.com\\\/es\\\/#website\"},\"primaryImageOfPage\":{\"@id\":\"https:\\\/\\\/schoenstatt.com\\\/es\\\/nace-en-estados-unidos-la-liga-apostolica-de-sacerdotes-diocesanos-de-schoenstatt\\\/#primaryimage\"},\"image\":{\"@id\":\"https:\\\/\\\/schoenstatt.com\\\/es\\\/nace-en-estados-unidos-la-liga-apostolica-de-sacerdotes-diocesanos-de-schoenstatt\\\/#primaryimage\"},\"thumbnailUrl\":\"https:\\\/\\\/schoenstatt.com\\\/wp-content\\\/uploads\\\/2025\\\/07\\\/League-of-Schoenstatt-Diocesan-Priests-USA-2.webp\",\"datePublished\":\"2025-07-23T12:13:37+00:00\",\"dateModified\":\"2025-08-21T01:28:59+00:00\",\"description\":\"Un nuevo fuego en el coraz\u00f3n de la Iglesia: Estados Unidos gana una nueva rama del Movimiento de Schoenstatt, la Liga de Sacerdotes.\",\"breadcrumb\":{\"@id\":\"https:\\\/\\\/schoenstatt.com\\\/es\\\/nace-en-estados-unidos-la-liga-apostolica-de-sacerdotes-diocesanos-de-schoenstatt\\\/#breadcrumb\"},\"inLanguage\":\"es\",\"potentialAction\":[{\"@type\":\"ReadAction\",\"target\":[\"https:\\\/\\\/schoenstatt.com\\\/es\\\/nace-en-estados-unidos-la-liga-apostolica-de-sacerdotes-diocesanos-de-schoenstatt\\\/\"]}]},{\"@type\":\"ImageObject\",\"inLanguage\":\"es\",\"@id\":\"https:\\\/\\\/schoenstatt.com\\\/es\\\/nace-en-estados-unidos-la-liga-apostolica-de-sacerdotes-diocesanos-de-schoenstatt\\\/#primaryimage\",\"url\":\"https:\\\/\\\/schoenstatt.com\\\/wp-content\\\/uploads\\\/2025\\\/07\\\/League-of-Schoenstatt-Diocesan-Priests-USA-2.webp\",\"contentUrl\":\"https:\\\/\\\/schoenstatt.com\\\/wp-content\\\/uploads\\\/2025\\\/07\\\/League-of-Schoenstatt-Diocesan-Priests-USA-2.webp\",\"width\":1555,\"height\":1166},{\"@type\":\"BreadcrumbList\",\"@id\":\"https:\\\/\\\/schoenstatt.com\\\/es\\\/nace-en-estados-unidos-la-liga-apostolica-de-sacerdotes-diocesanos-de-schoenstatt\\\/#breadcrumb\",\"itemListElement\":[{\"@type\":\"ListItem\",\"position\":1,\"name\":\"Portada\",\"item\":\"https:\\\/\\\/schoenstatt.com\\\/es\\\/home\\\/\"},{\"@type\":\"ListItem\",\"position\":2,\"name\":\"Nace en Estados Unidos la Liga Apost\u00f3lica de Sacerdotes Diocesanos de Schoenstatt\"}]},{\"@type\":\"WebSite\",\"@id\":\"https:\\\/\\\/schoenstatt.com\\\/es\\\/#website\",\"url\":\"https:\\\/\\\/schoenstatt.com\\\/es\\\/\",\"name\":\"Schoenstatt\",\"description\":\"Apostolic Movement\",\"publisher\":{\"@id\":\"https:\\\/\\\/schoenstatt.com\\\/es\\\/#organization\"},\"potentialAction\":[{\"@type\":\"SearchAction\",\"target\":{\"@type\":\"EntryPoint\",\"urlTemplate\":\"https:\\\/\\\/schoenstatt.com\\\/es\\\/?s={search_term_string}\"},\"query-input\":{\"@type\":\"PropertyValueSpecification\",\"valueRequired\":true,\"valueName\":\"search_term_string\"}}],\"inLanguage\":\"es\"},{\"@type\":\"Organization\",\"@id\":\"https:\\\/\\\/schoenstatt.com\\\/es\\\/#organization\",\"name\":\"Schoenstatt\",\"url\":\"https:\\\/\\\/schoenstatt.com\\\/es\\\/\",\"logo\":{\"@type\":\"ImageObject\",\"inLanguage\":\"es\",\"@id\":\"https:\\\/\\\/schoenstatt.com\\\/es\\\/#\\\/schema\\\/logo\\\/image\\\/\",\"url\":\"https:\\\/\\\/schoenstatt.com\\\/wp-content\\\/uploads\\\/2025\\\/04\\\/logo-schoenstatt-white-696x696-1.png\",\"contentUrl\":\"https:\\\/\\\/schoenstatt.com\\\/wp-content\\\/uploads\\\/2025\\\/04\\\/logo-schoenstatt-white-696x696-1.png\",\"width\":696,\"height\":694,\"caption\":\"Schoenstatt\"},\"image\":{\"@id\":\"https:\\\/\\\/schoenstatt.com\\\/es\\\/#\\\/schema\\\/logo\\\/image\\\/\"}},{\"@type\":\"Person\",\"@id\":\"https:\\\/\\\/schoenstatt.com\\\/es\\\/#\\\/schema\\\/person\\\/5158877ad4acae98b34daaeef2a1ce6e\",\"name\":\"Karen Bueno\",\"image\":{\"@type\":\"ImageObject\",\"inLanguage\":\"es\",\"@id\":\"https:\\\/\\\/secure.gravatar.com\\\/avatar\\\/f9f4b823873154269d2b2130f195f6d41037dd0d7fc5f3cacb5c846bae70d66b?s=96&d=mm&r=g\",\"url\":\"https:\\\/\\\/secure.gravatar.com\\\/avatar\\\/f9f4b823873154269d2b2130f195f6d41037dd0d7fc5f3cacb5c846bae70d66b?s=96&d=mm&r=g\",\"contentUrl\":\"https:\\\/\\\/secure.gravatar.com\\\/avatar\\\/f9f4b823873154269d2b2130f195f6d41037dd0d7fc5f3cacb5c846bae70d66b?s=96&d=mm&r=g\",\"caption\":\"Karen Bueno\"},\"url\":\"https:\\\/\\\/schoenstatt.com\\\/es\\\/author\\\/karen-bueno\\\/\"}]}<\/script>\n<!-- \/ Yoast SEO Premium plugin. -->","yoast_head_json":{"title":"Nace en Estados Unidos la Liga Apost\u00f3lica de Sacerdotes Diocesanos de Schoenstatt","description":"Un nuevo fuego en el coraz\u00f3n de la Iglesia: Estados Unidos gana una nueva rama del Movimiento de Schoenstatt, la Liga de Sacerdotes.","robots":{"index":"index","follow":"follow","max-snippet":"max-snippet:-1","max-image-preview":"max-image-preview:large","max-video-preview":"max-video-preview:-1"},"canonical":"https:\/\/schoenstatt.com\/es\/nace-en-estados-unidos-la-liga-apostolica-de-sacerdotes-diocesanos-de-schoenstatt\/","og_locale":"es_ES","og_type":"article","og_title":"Nace en Estados Unidos la Liga Apost\u00f3lica de Sacerdotes Diocesanos de Schoenstatt","og_description":"Un nuevo fuego en el coraz\u00f3n de la Iglesia: Estados Unidos gana una nueva rama del Movimiento de Schoenstatt, la Liga de Sacerdotes.","og_url":"https:\/\/schoenstatt.com\/es\/nace-en-estados-unidos-la-liga-apostolica-de-sacerdotes-diocesanos-de-schoenstatt\/","og_site_name":"Schoenstatt","article_published_time":"2025-07-23T12:13:37+00:00","article_modified_time":"2025-08-21T01:28:59+00:00","og_image":[{"width":1555,"height":1166,"url":"https:\/\/schoenstatt.com\/wp-content\/uploads\/2025\/07\/League-of-Schoenstatt-Diocesan-Priests-USA-2.webp","type":"image\/jpeg"}],"author":"Karen Bueno","twitter_card":"summary_large_image","twitter_misc":{"Escrito por":"Karen Bueno","Tiempo de lectura":"4 minutos"},"schema":{"@context":"https:\/\/schema.org","@graph":[{"@type":"Article","@id":"https:\/\/schoenstatt.com\/es\/nace-en-estados-unidos-la-liga-apostolica-de-sacerdotes-diocesanos-de-schoenstatt\/#article","isPartOf":{"@id":"https:\/\/schoenstatt.com\/es\/nace-en-estados-unidos-la-liga-apostolica-de-sacerdotes-diocesanos-de-schoenstatt\/"},"author":{"name":"Karen Bueno","@id":"https:\/\/schoenstatt.com\/es\/#\/schema\/person\/5158877ad4acae98b34daaeef2a1ce6e"},"headline":"Nace en Estados Unidos la Liga Apost\u00f3lica de Sacerdotes Diocesanos de Schoenstatt","datePublished":"2025-07-23T12:13:37+00:00","dateModified":"2025-08-21T01:28:59+00:00","mainEntityOfPage":{"@id":"https:\/\/schoenstatt.com\/es\/nace-en-estados-unidos-la-liga-apostolica-de-sacerdotes-diocesanos-de-schoenstatt\/"},"wordCount":744,"publisher":{"@id":"https:\/\/schoenstatt.com\/es\/#organization"},"image":{"@id":"https:\/\/schoenstatt.com\/es\/nace-en-estados-unidos-la-liga-apostolica-de-sacerdotes-diocesanos-de-schoenstatt\/#primaryimage"},"thumbnailUrl":"https:\/\/schoenstatt.com\/wp-content\/uploads\/2025\/07\/League-of-Schoenstatt-Diocesan-Priests-USA-2.webp","keywords":["Sacerdotes"],"articleSection":["Am\u00e9rica","Comunidades de Schoenstatt"],"inLanguage":"es"},{"@type":"WebPage","@id":"https:\/\/schoenstatt.com\/es\/nace-en-estados-unidos-la-liga-apostolica-de-sacerdotes-diocesanos-de-schoenstatt\/","url":"https:\/\/schoenstatt.com\/es\/nace-en-estados-unidos-la-liga-apostolica-de-sacerdotes-diocesanos-de-schoenstatt\/","name":"Nace en Estados Unidos la Liga Apost\u00f3lica de Sacerdotes Diocesanos de Schoenstatt","isPartOf":{"@id":"https:\/\/schoenstatt.com\/es\/#website"},"primaryImageOfPage":{"@id":"https:\/\/schoenstatt.com\/es\/nace-en-estados-unidos-la-liga-apostolica-de-sacerdotes-diocesanos-de-schoenstatt\/#primaryimage"},"image":{"@id":"https:\/\/schoenstatt.com\/es\/nace-en-estados-unidos-la-liga-apostolica-de-sacerdotes-diocesanos-de-schoenstatt\/#primaryimage"},"thumbnailUrl":"https:\/\/schoenstatt.com\/wp-content\/uploads\/2025\/07\/League-of-Schoenstatt-Diocesan-Priests-USA-2.webp","datePublished":"2025-07-23T12:13:37+00:00","dateModified":"2025-08-21T01:28:59+00:00","description":"Un nuevo fuego en el coraz\u00f3n de la Iglesia: Estados Unidos gana una nueva rama del Movimiento de Schoenstatt, la Liga de Sacerdotes.","breadcrumb":{"@id":"https:\/\/schoenstatt.com\/es\/nace-en-estados-unidos-la-liga-apostolica-de-sacerdotes-diocesanos-de-schoenstatt\/#breadcrumb"},"inLanguage":"es","potentialAction":[{"@type":"ReadAction","target":["https:\/\/schoenstatt.com\/es\/nace-en-estados-unidos-la-liga-apostolica-de-sacerdotes-diocesanos-de-schoenstatt\/"]}]},{"@type":"ImageObject","inLanguage":"es","@id":"https:\/\/schoenstatt.com\/es\/nace-en-estados-unidos-la-liga-apostolica-de-sacerdotes-diocesanos-de-schoenstatt\/#primaryimage","url":"https:\/\/schoenstatt.com\/wp-content\/uploads\/2025\/07\/League-of-Schoenstatt-Diocesan-Priests-USA-2.webp","contentUrl":"https:\/\/schoenstatt.com\/wp-content\/uploads\/2025\/07\/League-of-Schoenstatt-Diocesan-Priests-USA-2.webp","width":1555,"height":1166},{"@type":"BreadcrumbList","@id":"https:\/\/schoenstatt.com\/es\/nace-en-estados-unidos-la-liga-apostolica-de-sacerdotes-diocesanos-de-schoenstatt\/#breadcrumb","itemListElement":[{"@type":"ListItem","position":1,"name":"Portada","item":"https:\/\/schoenstatt.com\/es\/home\/"},{"@type":"ListItem","position":2,"name":"Nace en Estados Unidos la Liga Apost\u00f3lica de Sacerdotes Diocesanos de Schoenstatt"}]},{"@type":"WebSite","@id":"https:\/\/schoenstatt.com\/es\/#website","url":"https:\/\/schoenstatt.com\/es\/","name":"Schoenstatt","description":"Apostolic Movement","publisher":{"@id":"https:\/\/schoenstatt.com\/es\/#organization"},"potentialAction":[{"@type":"SearchAction","target":{"@type":"EntryPoint","urlTemplate":"https:\/\/schoenstatt.com\/es\/?s={search_term_string}"},"query-input":{"@type":"PropertyValueSpecification","valueRequired":true,"valueName":"search_term_string"}}],"inLanguage":"es"},{"@type":"Organization","@id":"https:\/\/schoenstatt.com\/es\/#organization","name":"Schoenstatt","url":"https:\/\/schoenstatt.com\/es\/","logo":{"@type":"ImageObject","inLanguage":"es","@id":"https:\/\/schoenstatt.com\/es\/#\/schema\/logo\/image\/","url":"https:\/\/schoenstatt.com\/wp-content\/uploads\/2025\/04\/logo-schoenstatt-white-696x696-1.png","contentUrl":"https:\/\/schoenstatt.com\/wp-content\/uploads\/2025\/04\/logo-schoenstatt-white-696x696-1.png","width":696,"height":694,"caption":"Schoenstatt"},"image":{"@id":"https:\/\/schoenstatt.com\/es\/#\/schema\/logo\/image\/"}},{"@type":"Person","@id":"https:\/\/schoenstatt.com\/es\/#\/schema\/person\/5158877ad4acae98b34daaeef2a1ce6e","name":"Karen Bueno","image":{"@type":"ImageObject","inLanguage":"es","@id":"https:\/\/secure.gravatar.com\/avatar\/f9f4b823873154269d2b2130f195f6d41037dd0d7fc5f3cacb5c846bae70d66b?s=96&d=mm&r=g","url":"https:\/\/secure.gravatar.com\/avatar\/f9f4b823873154269d2b2130f195f6d41037dd0d7fc5f3cacb5c846bae70d66b?s=96&d=mm&r=g","contentUrl":"https:\/\/secure.gravatar.com\/avatar\/f9f4b823873154269d2b2130f195f6d41037dd0d7fc5f3cacb5c846bae70d66b?s=96&d=mm&r=g","caption":"Karen Bueno"},"url":"https:\/\/schoenstatt.com\/es\/author\/karen-bueno\/"}]}},"_links":{"self":[{"href":"https:\/\/schoenstatt.com\/es\/wp-json\/wp\/v2\/posts\/60996","targetHints":{"allow":["GET"]}}],"collection":[{"href":"https:\/\/schoenstatt.com\/es\/wp-json\/wp\/v2\/posts"}],"about":[{"href":"https:\/\/schoenstatt.com\/es\/wp-json\/wp\/v2\/types\/post"}],"author":[{"embeddable":true,"href":"https:\/\/schoenstatt.com\/es\/wp-json\/wp\/v2\/users\/3"}],"replies":[{"embeddable":true,"href":"https:\/\/schoenstatt.com\/es\/wp-json\/wp\/v2\/comments?post=60996"}],"version-history":[{"count":2,"href":"https:\/\/schoenstatt.com\/es\/wp-json\/wp\/v2\/posts\/60996\/revisions"}],"predecessor-version":[{"id":60998,"href":"https:\/\/schoenstatt.com\/es\/wp-json\/wp\/v2\/posts\/60996\/revisions\/60998"}],"wp:featuredmedia":[{"embeddable":true,"href":"https:\/\/schoenstatt.com\/es\/wp-json\/wp\/v2\/media\/60990"}],"wp:attachment":[{"href":"https:\/\/schoenstatt.com\/es\/wp-json\/wp\/v2\/media?parent=60996"}],"wp:term":[{"taxonomy":"category","embeddable":true,"href":"https:\/\/schoenstatt.com\/es\/wp-json\/wp\/v2\/categories?post=60996"},{"taxonomy":"post_tag","embeddable":true,"href":"https:\/\/schoenstatt.com\/es\/wp-json\/wp\/v2\/tags?post=60996"}],"curies":[{"name":"wp","href":"https:\/\/api.w.org\/{rel}","templated":true}]}}