{"id":60457,"date":"2025-07-05T03:05:00","date_gmt":"2025-07-05T01:05:00","guid":{"rendered":"https:\/\/schoenstatt.com\/?p=60457"},"modified":"2025-07-05T16:06:06","modified_gmt":"2025-07-05T14:06:06","slug":"vivir-en-la-alianza-un-verdadero-camino-de-esperanza","status":"publish","type":"post","link":"https:\/\/schoenstatt.com\/es\/vivir-en-la-alianza-un-verdadero-camino-de-esperanza\/","title":{"rendered":"Vivir en la Alianza \u2013 Un verdadero camino de esperanza"},"content":{"rendered":"\n<p>Aqu\u00ed en Austria, todav\u00eda estamos profundamente impactados por el <a href=\"https:\/\/www.vaticannews.va\/es\/mundo\/news\/2025-06\/austria-conmocionada-ataque-escuela-graz-oracion-obispos.html\" target=\"_blank\" rel=\"noreferrer noopener\">tiroteo en una escuela de Graz<\/a>. Como Movimiento de Schoenstatt y a nivel personal, este suceso nos afect\u00f3 especialmente, ya que Luzia, una joven de 15 a\u00f1os e hija de una familia de Schoenstatt, perdi\u00f3 la vida.<\/p>\n\n\n\n<p>Lo que vivimos en los d\u00edas posteriores a este acontecimiento me impresion\u00f3 profundamente. Los padres de Luzia invitaron cada d\u00eda a rezar en su jard\u00edn; una cantidad incontable de personas se reunieron cada noche hasta el entierro para orar y recordar juntos a Luzia. El entierro se transform\u00f3 en una profunda celebraci\u00f3n de resurrecci\u00f3n que dej\u00f3 una huella duradera en todos los presentes.<\/p>\n\n\n\n<p>Este es un ejemplo que muestra c\u00f3mo las personas enfrentan grandes desaf\u00edos personales y golpes del destino. La forma en que se posicionan interiormente frente a ellos var\u00eda enormemente. \u00bfPor qu\u00e9 algunas personas son capaces de desarrollar resiliencia y mantener la esperanza en medio del dolor y la incomprensi\u00f3n, mientras que otras se quiebran y quedan amargadas?<\/p>\n\n\n\n<p>Probablemente no exista una \u00fanica respuesta a esta pregunta. Pero lo que estamos experimentando especialmente este a\u00f1o en el Movimiento de Schoenstatt en Austria es la fuerza de la Alianza. Nuestro lema para este a\u00f1o, \u00abVivir en la Alianza: nuestro camino de esperanza\u00bb, nos ofrece un apoyo humano y sobrenatural cuando la vida se desmorona.<\/p>\n\n\n\n<p>El P. Jos\u00e9 Kentenich habla de la Alianza de Amor como la fuerza fundamental de nuestra espiritualidad. Una fuerza fundamental es mucho m\u00e1s que una idea bonita o tierna; es el cimiento sobre el que podemos apoyarnos y desde el que podemos construir nuestras vidas con confianza y compromiso. Compartimos una y otra vez experiencias basadas en la alianza, lo que nos da una seguridad creciente y fortalece la fe personal en un Dios amoroso.<\/p>\n\n\n\n<p>En el p\u00f3dcast pol\u00edtico de Anne Will se cit\u00f3 recientemente al embajador de Ucrania diciendo: \u00ab\u00a1No necesitamos mediadores, necesitamos aliados!\u00bb.<\/p>\n\n\n\n<p>\u00bfQui\u00e9nes son sus aliados, tanto humanos como celestiales, en quienes puede confiar en estos tiempos dif\u00edciles, quienes le dan esperanza y confianza? Este a\u00f1o estamos invitados de forma especial a dar espacio a esas relaciones y a profundizarlas conscientemente.<\/p>\n\n\n\n<p><strong>Fuente:<\/strong> <a href=\"https:\/\/www.basis-online.net\/susi-mitter_02-07-2025_leben-im-buendnis\" target=\"_blank\" rel=\"noreferrer noopener\">basis-online.net<\/a><\/p>\n\n\n\n<p><strong>Nota de la redacci\u00f3n:<\/strong> La joven Luzia Haiden, hija de una pareja de la <a href=\"https:\/\/schoenstatt.com\/es\/comunidades\/family\/liga-de-familias\/\">Liga de Familias de Schoenstatt<\/a>, muri\u00f3 el 10 de junio de 2025 en un atentado contra una escuela de Graz (Austria). El <a href=\"https:\/\/www.vaticannews.va\/es\/papa\/news\/2025-06\/tiroteo-escuela-graz-austria-oraciones-papa-leon-xiv-catequesis.html\" target=\"_blank\" rel=\"noreferrer noopener\">papa Le\u00f3n XIV record\u00f3 a las once personas<\/a> que perdieron la vida en ese ataque y asegur\u00f3 su cercan\u00eda a las familias, maestros y alumnos.<\/p>\n","protected":false},"excerpt":{"rendered":"<p>Aqu\u00ed en Austria, todav\u00eda estamos profundamente impactados por el tiroteo en una escuela de Graz. Como Movimiento de Schoenstatt y a nivel personal, este suceso nos afect\u00f3 especialmente, ya que Luzia, una joven de 15 a\u00f1os e hija de una familia de Schoenstatt, perdi\u00f3 la vida. Lo que vivimos en los d\u00edas posteriores a este [&hellip;]<\/p>\n","protected":false},"author":3,"featured_media":60453,"comment_status":"closed","ping_status":"closed","sticky":false,"template":"","format":"standard","meta":{"footnotes":""},"categories":[917],"tags":[1124],"class_list":["post-60457","post","type-post","status-publish","format-standard","has-post-thumbnail","hentry","category-espiritualidad-es","tag-schoenstatt-austria-es"],"yoast_head":"<!-- This site is optimized with the Yoast SEO Premium plugin v27.4 (Yoast SEO v27.4) - https:\/\/yoast.com\/product\/yoast-seo-premium-wordpress\/ -->\n<title>Vivir en la Alianza \u2013 Un verdadero camino de esperanza - Schoenstatt<\/title>\n<meta name=\"description\" content=\"Cuando todo parece dif\u00edcil y complicado, los testimonios y la vida compartida en la alianza nos dan fuerza.\" \/>\n<meta name=\"robots\" content=\"index, follow, max-snippet:-1, max-image-preview:large, max-video-preview:-1\" \/>\n<link rel=\"canonical\" href=\"https:\/\/schoenstatt.com\/es\/vivir-en-la-alianza-un-verdadero-camino-de-esperanza\/\" \/>\n<meta property=\"og:locale\" content=\"es_ES\" \/>\n<meta property=\"og:type\" content=\"article\" \/>\n<meta property=\"og:title\" content=\"Vivir en la Alianza \u2013 Un verdadero camino de esperanza\" \/>\n<meta property=\"og:description\" content=\"Cuando todo parece dif\u00edcil y complicado, los testimonios y la vida compartida en la alianza nos dan fuerza.\" \/>\n<meta property=\"og:url\" content=\"https:\/\/schoenstatt.com\/es\/vivir-en-la-alianza-un-verdadero-camino-de-esperanza\/\" \/>\n<meta property=\"og:site_name\" content=\"Schoenstatt\" \/>\n<meta property=\"article:published_time\" content=\"2025-07-05T01:05:00+00:00\" \/>\n<meta property=\"article:modified_time\" content=\"2025-07-05T14:06:06+00:00\" \/>\n<meta property=\"og:image\" content=\"https:\/\/schoenstatt.com\/wp-content\/uploads\/2025\/07\/Flowers.webp\" \/>\n\t<meta property=\"og:image:width\" content=\"2048\" \/>\n\t<meta property=\"og:image:height\" content=\"1365\" \/>\n\t<meta property=\"og:image:type\" content=\"image\/jpeg\" \/>\n<meta name=\"author\" content=\"Karen Bueno\" \/>\n<meta name=\"twitter:card\" content=\"summary_large_image\" \/>\n<meta name=\"twitter:label1\" content=\"Escrito por\" \/>\n\t<meta name=\"twitter:data1\" content=\"Karen Bueno\" \/>\n\t<meta name=\"twitter:label2\" content=\"Tiempo de lectura\" \/>\n\t<meta name=\"twitter:data2\" content=\"3 minutos\" \/>\n<script type=\"application\/ld+json\" class=\"yoast-schema-graph\">{\"@context\":\"https:\\\/\\\/schema.org\",\"@graph\":[{\"@type\":\"Article\",\"@id\":\"https:\\\/\\\/schoenstatt.com\\\/es\\\/vivir-en-la-alianza-un-verdadero-camino-de-esperanza\\\/#article\",\"isPartOf\":{\"@id\":\"https:\\\/\\\/schoenstatt.com\\\/es\\\/vivir-en-la-alianza-un-verdadero-camino-de-esperanza\\\/\"},\"author\":{\"name\":\"Karen Bueno\",\"@id\":\"https:\\\/\\\/schoenstatt.com\\\/es\\\/#\\\/schema\\\/person\\\/5158877ad4acae98b34daaeef2a1ce6e\"},\"headline\":\"Vivir en la Alianza \u2013 Un verdadero camino de esperanza\",\"datePublished\":\"2025-07-05T01:05:00+00:00\",\"dateModified\":\"2025-07-05T14:06:06+00:00\",\"mainEntityOfPage\":{\"@id\":\"https:\\\/\\\/schoenstatt.com\\\/es\\\/vivir-en-la-alianza-un-verdadero-camino-de-esperanza\\\/\"},\"wordCount\":447,\"publisher\":{\"@id\":\"https:\\\/\\\/schoenstatt.com\\\/es\\\/#organization\"},\"image\":{\"@id\":\"https:\\\/\\\/schoenstatt.com\\\/es\\\/vivir-en-la-alianza-un-verdadero-camino-de-esperanza\\\/#primaryimage\"},\"thumbnailUrl\":\"https:\\\/\\\/schoenstatt.com\\\/wp-content\\\/uploads\\\/2025\\\/07\\\/Flowers.webp\",\"keywords\":[\"Schoenstatt Austria\"],\"articleSection\":[\"Espiritualidad\"],\"inLanguage\":\"es\"},{\"@type\":\"WebPage\",\"@id\":\"https:\\\/\\\/schoenstatt.com\\\/es\\\/vivir-en-la-alianza-un-verdadero-camino-de-esperanza\\\/\",\"url\":\"https:\\\/\\\/schoenstatt.com\\\/es\\\/vivir-en-la-alianza-un-verdadero-camino-de-esperanza\\\/\",\"name\":\"Vivir en la Alianza \u2013 Un verdadero camino de esperanza - Schoenstatt\",\"isPartOf\":{\"@id\":\"https:\\\/\\\/schoenstatt.com\\\/es\\\/#website\"},\"primaryImageOfPage\":{\"@id\":\"https:\\\/\\\/schoenstatt.com\\\/es\\\/vivir-en-la-alianza-un-verdadero-camino-de-esperanza\\\/#primaryimage\"},\"image\":{\"@id\":\"https:\\\/\\\/schoenstatt.com\\\/es\\\/vivir-en-la-alianza-un-verdadero-camino-de-esperanza\\\/#primaryimage\"},\"thumbnailUrl\":\"https:\\\/\\\/schoenstatt.com\\\/wp-content\\\/uploads\\\/2025\\\/07\\\/Flowers.webp\",\"datePublished\":\"2025-07-05T01:05:00+00:00\",\"dateModified\":\"2025-07-05T14:06:06+00:00\",\"description\":\"Cuando todo parece dif\u00edcil y complicado, los testimonios y la vida compartida en la alianza nos dan fuerza.\",\"breadcrumb\":{\"@id\":\"https:\\\/\\\/schoenstatt.com\\\/es\\\/vivir-en-la-alianza-un-verdadero-camino-de-esperanza\\\/#breadcrumb\"},\"inLanguage\":\"es\",\"potentialAction\":[{\"@type\":\"ReadAction\",\"target\":[\"https:\\\/\\\/schoenstatt.com\\\/es\\\/vivir-en-la-alianza-un-verdadero-camino-de-esperanza\\\/\"]}]},{\"@type\":\"ImageObject\",\"inLanguage\":\"es\",\"@id\":\"https:\\\/\\\/schoenstatt.com\\\/es\\\/vivir-en-la-alianza-un-verdadero-camino-de-esperanza\\\/#primaryimage\",\"url\":\"https:\\\/\\\/schoenstatt.com\\\/wp-content\\\/uploads\\\/2025\\\/07\\\/Flowers.webp\",\"contentUrl\":\"https:\\\/\\\/schoenstatt.com\\\/wp-content\\\/uploads\\\/2025\\\/07\\\/Flowers.webp\",\"width\":2048,\"height\":1365},{\"@type\":\"BreadcrumbList\",\"@id\":\"https:\\\/\\\/schoenstatt.com\\\/es\\\/vivir-en-la-alianza-un-verdadero-camino-de-esperanza\\\/#breadcrumb\",\"itemListElement\":[{\"@type\":\"ListItem\",\"position\":1,\"name\":\"Portada\",\"item\":\"https:\\\/\\\/schoenstatt.com\\\/es\\\/home\\\/\"},{\"@type\":\"ListItem\",\"position\":2,\"name\":\"Vivir en la Alianza \u2013 Un verdadero camino de esperanza\"}]},{\"@type\":\"WebSite\",\"@id\":\"https:\\\/\\\/schoenstatt.com\\\/es\\\/#website\",\"url\":\"https:\\\/\\\/schoenstatt.com\\\/es\\\/\",\"name\":\"Schoenstatt\",\"description\":\"Apostolic Movement\",\"publisher\":{\"@id\":\"https:\\\/\\\/schoenstatt.com\\\/es\\\/#organization\"},\"potentialAction\":[{\"@type\":\"SearchAction\",\"target\":{\"@type\":\"EntryPoint\",\"urlTemplate\":\"https:\\\/\\\/schoenstatt.com\\\/es\\\/?s={search_term_string}\"},\"query-input\":{\"@type\":\"PropertyValueSpecification\",\"valueRequired\":true,\"valueName\":\"search_term_string\"}}],\"inLanguage\":\"es\"},{\"@type\":\"Organization\",\"@id\":\"https:\\\/\\\/schoenstatt.com\\\/es\\\/#organization\",\"name\":\"Schoenstatt\",\"url\":\"https:\\\/\\\/schoenstatt.com\\\/es\\\/\",\"logo\":{\"@type\":\"ImageObject\",\"inLanguage\":\"es\",\"@id\":\"https:\\\/\\\/schoenstatt.com\\\/es\\\/#\\\/schema\\\/logo\\\/image\\\/\",\"url\":\"https:\\\/\\\/schoenstatt.com\\\/wp-content\\\/uploads\\\/2025\\\/04\\\/logo-schoenstatt-white-696x696-1.png\",\"contentUrl\":\"https:\\\/\\\/schoenstatt.com\\\/wp-content\\\/uploads\\\/2025\\\/04\\\/logo-schoenstatt-white-696x696-1.png\",\"width\":696,\"height\":694,\"caption\":\"Schoenstatt\"},\"image\":{\"@id\":\"https:\\\/\\\/schoenstatt.com\\\/es\\\/#\\\/schema\\\/logo\\\/image\\\/\"}},{\"@type\":\"Person\",\"@id\":\"https:\\\/\\\/schoenstatt.com\\\/es\\\/#\\\/schema\\\/person\\\/5158877ad4acae98b34daaeef2a1ce6e\",\"name\":\"Karen Bueno\",\"image\":{\"@type\":\"ImageObject\",\"inLanguage\":\"es\",\"@id\":\"https:\\\/\\\/secure.gravatar.com\\\/avatar\\\/f9f4b823873154269d2b2130f195f6d41037dd0d7fc5f3cacb5c846bae70d66b?s=96&d=mm&r=g\",\"url\":\"https:\\\/\\\/secure.gravatar.com\\\/avatar\\\/f9f4b823873154269d2b2130f195f6d41037dd0d7fc5f3cacb5c846bae70d66b?s=96&d=mm&r=g\",\"contentUrl\":\"https:\\\/\\\/secure.gravatar.com\\\/avatar\\\/f9f4b823873154269d2b2130f195f6d41037dd0d7fc5f3cacb5c846bae70d66b?s=96&d=mm&r=g\",\"caption\":\"Karen Bueno\"},\"url\":\"https:\\\/\\\/schoenstatt.com\\\/es\\\/author\\\/karen-bueno\\\/\"}]}<\/script>\n<!-- \/ Yoast SEO Premium plugin. -->","yoast_head_json":{"title":"Vivir en la Alianza \u2013 Un verdadero camino de esperanza - Schoenstatt","description":"Cuando todo parece dif\u00edcil y complicado, los testimonios y la vida compartida en la alianza nos dan fuerza.","robots":{"index":"index","follow":"follow","max-snippet":"max-snippet:-1","max-image-preview":"max-image-preview:large","max-video-preview":"max-video-preview:-1"},"canonical":"https:\/\/schoenstatt.com\/es\/vivir-en-la-alianza-un-verdadero-camino-de-esperanza\/","og_locale":"es_ES","og_type":"article","og_title":"Vivir en la Alianza \u2013 Un verdadero camino de esperanza","og_description":"Cuando todo parece dif\u00edcil y complicado, los testimonios y la vida compartida en la alianza nos dan fuerza.","og_url":"https:\/\/schoenstatt.com\/es\/vivir-en-la-alianza-un-verdadero-camino-de-esperanza\/","og_site_name":"Schoenstatt","article_published_time":"2025-07-05T01:05:00+00:00","article_modified_time":"2025-07-05T14:06:06+00:00","og_image":[{"width":2048,"height":1365,"url":"https:\/\/schoenstatt.com\/wp-content\/uploads\/2025\/07\/Flowers.webp","type":"image\/jpeg"}],"author":"Karen Bueno","twitter_card":"summary_large_image","twitter_misc":{"Escrito por":"Karen Bueno","Tiempo de lectura":"3 minutos"},"schema":{"@context":"https:\/\/schema.org","@graph":[{"@type":"Article","@id":"https:\/\/schoenstatt.com\/es\/vivir-en-la-alianza-un-verdadero-camino-de-esperanza\/#article","isPartOf":{"@id":"https:\/\/schoenstatt.com\/es\/vivir-en-la-alianza-un-verdadero-camino-de-esperanza\/"},"author":{"name":"Karen Bueno","@id":"https:\/\/schoenstatt.com\/es\/#\/schema\/person\/5158877ad4acae98b34daaeef2a1ce6e"},"headline":"Vivir en la Alianza \u2013 Un verdadero camino de esperanza","datePublished":"2025-07-05T01:05:00+00:00","dateModified":"2025-07-05T14:06:06+00:00","mainEntityOfPage":{"@id":"https:\/\/schoenstatt.com\/es\/vivir-en-la-alianza-un-verdadero-camino-de-esperanza\/"},"wordCount":447,"publisher":{"@id":"https:\/\/schoenstatt.com\/es\/#organization"},"image":{"@id":"https:\/\/schoenstatt.com\/es\/vivir-en-la-alianza-un-verdadero-camino-de-esperanza\/#primaryimage"},"thumbnailUrl":"https:\/\/schoenstatt.com\/wp-content\/uploads\/2025\/07\/Flowers.webp","keywords":["Schoenstatt Austria"],"articleSection":["Espiritualidad"],"inLanguage":"es"},{"@type":"WebPage","@id":"https:\/\/schoenstatt.com\/es\/vivir-en-la-alianza-un-verdadero-camino-de-esperanza\/","url":"https:\/\/schoenstatt.com\/es\/vivir-en-la-alianza-un-verdadero-camino-de-esperanza\/","name":"Vivir en la Alianza \u2013 Un verdadero camino de esperanza - Schoenstatt","isPartOf":{"@id":"https:\/\/schoenstatt.com\/es\/#website"},"primaryImageOfPage":{"@id":"https:\/\/schoenstatt.com\/es\/vivir-en-la-alianza-un-verdadero-camino-de-esperanza\/#primaryimage"},"image":{"@id":"https:\/\/schoenstatt.com\/es\/vivir-en-la-alianza-un-verdadero-camino-de-esperanza\/#primaryimage"},"thumbnailUrl":"https:\/\/schoenstatt.com\/wp-content\/uploads\/2025\/07\/Flowers.webp","datePublished":"2025-07-05T01:05:00+00:00","dateModified":"2025-07-05T14:06:06+00:00","description":"Cuando todo parece dif\u00edcil y complicado, los testimonios y la vida compartida en la alianza nos dan fuerza.","breadcrumb":{"@id":"https:\/\/schoenstatt.com\/es\/vivir-en-la-alianza-un-verdadero-camino-de-esperanza\/#breadcrumb"},"inLanguage":"es","potentialAction":[{"@type":"ReadAction","target":["https:\/\/schoenstatt.com\/es\/vivir-en-la-alianza-un-verdadero-camino-de-esperanza\/"]}]},{"@type":"ImageObject","inLanguage":"es","@id":"https:\/\/schoenstatt.com\/es\/vivir-en-la-alianza-un-verdadero-camino-de-esperanza\/#primaryimage","url":"https:\/\/schoenstatt.com\/wp-content\/uploads\/2025\/07\/Flowers.webp","contentUrl":"https:\/\/schoenstatt.com\/wp-content\/uploads\/2025\/07\/Flowers.webp","width":2048,"height":1365},{"@type":"BreadcrumbList","@id":"https:\/\/schoenstatt.com\/es\/vivir-en-la-alianza-un-verdadero-camino-de-esperanza\/#breadcrumb","itemListElement":[{"@type":"ListItem","position":1,"name":"Portada","item":"https:\/\/schoenstatt.com\/es\/home\/"},{"@type":"ListItem","position":2,"name":"Vivir en la Alianza \u2013 Un verdadero camino de esperanza"}]},{"@type":"WebSite","@id":"https:\/\/schoenstatt.com\/es\/#website","url":"https:\/\/schoenstatt.com\/es\/","name":"Schoenstatt","description":"Apostolic Movement","publisher":{"@id":"https:\/\/schoenstatt.com\/es\/#organization"},"potentialAction":[{"@type":"SearchAction","target":{"@type":"EntryPoint","urlTemplate":"https:\/\/schoenstatt.com\/es\/?s={search_term_string}"},"query-input":{"@type":"PropertyValueSpecification","valueRequired":true,"valueName":"search_term_string"}}],"inLanguage":"es"},{"@type":"Organization","@id":"https:\/\/schoenstatt.com\/es\/#organization","name":"Schoenstatt","url":"https:\/\/schoenstatt.com\/es\/","logo":{"@type":"ImageObject","inLanguage":"es","@id":"https:\/\/schoenstatt.com\/es\/#\/schema\/logo\/image\/","url":"https:\/\/schoenstatt.com\/wp-content\/uploads\/2025\/04\/logo-schoenstatt-white-696x696-1.png","contentUrl":"https:\/\/schoenstatt.com\/wp-content\/uploads\/2025\/04\/logo-schoenstatt-white-696x696-1.png","width":696,"height":694,"caption":"Schoenstatt"},"image":{"@id":"https:\/\/schoenstatt.com\/es\/#\/schema\/logo\/image\/"}},{"@type":"Person","@id":"https:\/\/schoenstatt.com\/es\/#\/schema\/person\/5158877ad4acae98b34daaeef2a1ce6e","name":"Karen Bueno","image":{"@type":"ImageObject","inLanguage":"es","@id":"https:\/\/secure.gravatar.com\/avatar\/f9f4b823873154269d2b2130f195f6d41037dd0d7fc5f3cacb5c846bae70d66b?s=96&d=mm&r=g","url":"https:\/\/secure.gravatar.com\/avatar\/f9f4b823873154269d2b2130f195f6d41037dd0d7fc5f3cacb5c846bae70d66b?s=96&d=mm&r=g","contentUrl":"https:\/\/secure.gravatar.com\/avatar\/f9f4b823873154269d2b2130f195f6d41037dd0d7fc5f3cacb5c846bae70d66b?s=96&d=mm&r=g","caption":"Karen Bueno"},"url":"https:\/\/schoenstatt.com\/es\/author\/karen-bueno\/"}]}},"_links":{"self":[{"href":"https:\/\/schoenstatt.com\/es\/wp-json\/wp\/v2\/posts\/60457","targetHints":{"allow":["GET"]}}],"collection":[{"href":"https:\/\/schoenstatt.com\/es\/wp-json\/wp\/v2\/posts"}],"about":[{"href":"https:\/\/schoenstatt.com\/es\/wp-json\/wp\/v2\/types\/post"}],"author":[{"embeddable":true,"href":"https:\/\/schoenstatt.com\/es\/wp-json\/wp\/v2\/users\/3"}],"replies":[{"embeddable":true,"href":"https:\/\/schoenstatt.com\/es\/wp-json\/wp\/v2\/comments?post=60457"}],"version-history":[{"count":7,"href":"https:\/\/schoenstatt.com\/es\/wp-json\/wp\/v2\/posts\/60457\/revisions"}],"predecessor-version":[{"id":60483,"href":"https:\/\/schoenstatt.com\/es\/wp-json\/wp\/v2\/posts\/60457\/revisions\/60483"}],"wp:featuredmedia":[{"embeddable":true,"href":"https:\/\/schoenstatt.com\/es\/wp-json\/wp\/v2\/media\/60453"}],"wp:attachment":[{"href":"https:\/\/schoenstatt.com\/es\/wp-json\/wp\/v2\/media?parent=60457"}],"wp:term":[{"taxonomy":"category","embeddable":true,"href":"https:\/\/schoenstatt.com\/es\/wp-json\/wp\/v2\/categories?post=60457"},{"taxonomy":"post_tag","embeddable":true,"href":"https:\/\/schoenstatt.com\/es\/wp-json\/wp\/v2\/tags?post=60457"}],"curies":[{"name":"wp","href":"https:\/\/api.w.org\/{rel}","templated":true}]}}