{"id":60391,"date":"2025-07-03T13:48:02","date_gmt":"2025-07-03T11:48:02","guid":{"rendered":"https:\/\/schoenstatt.com\/?p=60391"},"modified":"2025-07-03T15:49:39","modified_gmt":"2025-07-03T13:49:39","slug":"ano-de-la-esperanza-las-parroquias-de-pozuelo-unidas-en-el-santuario-de-schoenstatt","status":"publish","type":"post","link":"https:\/\/schoenstatt.com\/es\/ano-de-la-esperanza-las-parroquias-de-pozuelo-unidas-en-el-santuario-de-schoenstatt\/","title":{"rendered":"A\u00f1o de la Esperanza: Las parroquias de Pozuelo unidas en el Santuario de Schoenstatt"},"content":{"rendered":"\n<p>El Santuario de Schoenstatt en Pozuelo de Alarc\u00f3n, Espa\u00f1a, fue el punto de partida de una emotiva celebraci\u00f3n conjunta de Corpus Christi, el 22 de junio, que reuni\u00f3 a las seis parroquias del municipio con motivo del Jubileo de la Esperanza. La celebraci\u00f3n congreg\u00f3 a cerca de 1.000 personas, procedentes de las distintas comunidades parroquiales, que caminaron unidas en una sola fe. La elecci\u00f3n del Santuario como inicio de la procesi\u00f3n fue acogida con profunda alegr\u00eda por la Familia de Schoenstatt local, que vio en esta oportunidad un llamado a ponerse al servicio, como Mar\u00eda, y abrir generosamente las puertas de la Casa de la Madre.<\/p>\n\n\n\n<p>Todo fue preparado con cari\u00f1o y dedicaci\u00f3n para recibir a los peregrinos. El Santuario y su explanada se transformaron en un espacio sagrado de comuni\u00f3n fraterna. Como expresi\u00f3n concreta de fe y belleza, la Familia de Schoenstatt tambi\u00e9n se moviliz\u00f3 para confeccionar, por primera vez en el Santuario, una colorida y tradicional alfombra de Corpus Christi \u2014 un gesto presente en muchas regiones del mundo cat\u00f3lico. La iniciativa atrajo la curiosidad de muchos ni\u00f1os, que siguieron con entusiasmo su elaboraci\u00f3n. Al final, fueron invitados a dejar las marcas de sus peque\u00f1as manos en la alfombra: un gesto sencillo y conmovedor, que prepar\u00f3 el camino por donde Jes\u00fas Sacramentado pasar\u00eda, dando inicio a la procesi\u00f3n por la ciudad.<\/p>\n\n\n\n<figure class=\"wp-block-image aligncenter size-full is-resized\"><img decoding=\"async\" src=\"https:\/\/schoenstatt.com\/wp-content\/uploads\/2025\/07\/jesus-eucaristy.jpg\" alt=\"\" class=\"wp-image-60383\" style=\"width:auto;height:800px\"\/><\/figure>\n\n\n\n<h3 class=\"wp-block-heading\" id=\"h-la-familia-de-schoenstatt-vivio-su-mision-de-ser-corazon-de-la-iglesia\">La Familia de Schoenstatt vivi\u00f3 su misi\u00f3n de ser \u201cCoraz\u00f3n de la Iglesia\u201d<\/h3>\n\n\n\n<p>La Casa de la Madre se adorn\u00f3 con belleza, sencillez y esp\u00edritu de oraci\u00f3n, lista para recibir a todos los que llegaban para la Santa Misa \u2014 especialmente a los ni\u00f1os, que, vestidos con sus ropas de Primera Comuni\u00f3n, ocuparon un lugar de honor y participaron con gran devoci\u00f3n, expresando con gestos simples la pureza y la fe en Jes\u00fas Sacramentado.<\/p>\n\n\n\n<p>La celebraci\u00f3n de la Santa Misa dio inicio a la tarde festiva y soleada, marcada por un profundo sentido de comuni\u00f3n. La presencia de Mar\u00eda se sinti\u00f3 de manera especial como aquella que une a todos y prepara el camino para su Hijo. La Familia de Schoenstatt vivi\u00f3 su misi\u00f3n de ser \u201cCoraz\u00f3n de la Iglesia\u201d a trav\u00e9s del servicio, la hospitalidad y la alegr\u00eda en la acogida.<\/p>\n\n\n\n<figure class=\"wp-block-gallery has-nested-images columns-default is-cropped wp-block-gallery-1 is-layout-flex wp-block-gallery-is-layout-flex\">\n<figure class=\"wp-block-image size-large\"><img decoding=\"async\" data-id=\"60372\" src=\"https:\/\/schoenstatt.com\/wp-content\/uploads\/2025\/07\/children-kids.jpg\" alt=\"\" class=\"wp-image-60372\"\/><\/figure>\n\n\n\n<figure class=\"wp-block-image size-large\"><img decoding=\"async\" data-id=\"60377\" src=\"https:\/\/schoenstatt.com\/wp-content\/uploads\/2025\/07\/Pozuelo-Spain-Sisters-of-Mary.jpg\" alt=\"\" class=\"wp-image-60377\"\/><\/figure>\n<\/figure>\n\n\n\n<h3 class=\"wp-block-heading\" id=\"h-la-procesion-con-el-santisimo-sacramento-al-son-de-una-banda\">La procesi\u00f3n con el Sant\u00edsimo Sacramento al son de una banda<\/h3>\n\n\n\n<p>Justo despu\u00e9s de la Eucarist\u00eda, la procesi\u00f3n con el Sant\u00edsimo Sacramento recorri\u00f3, al son de una banda, las calles dedicadas a grandes pont\u00edfices como San Pablo VI y San Juan Pablo II, pasando por bellos monumentos preparados por cada una de las parroquias. El ritmo solemne de la m\u00fasica acompa\u00f1\u00f3 la caminata de los fieles, creando un ambiente de oraci\u00f3n, reverencia y fiesta. El recorrido concluy\u00f3 con un momento de adoraci\u00f3n en las inmediaciones de la Avenida de Juan XXIII, donde, de manera festiva, los fieles junto a sus pastores finalizaron este momento de gracias especiales para el municipio.<\/p>\n\n\n\n<figure class=\"wp-block-gallery has-nested-images columns-default is-cropped wp-block-gallery-2 is-layout-flex wp-block-gallery-is-layout-flex\">\n<figure class=\"wp-block-image size-large\"><img decoding=\"async\" data-id=\"60399\" src=\"https:\/\/schoenstatt.com\/wp-content\/uploads\/2025\/07\/jesus-eucaristy-3.webp\" alt=\"\" class=\"wp-image-60399\"\/><\/figure>\n\n\n\n<figure class=\"wp-block-image size-large\"><img decoding=\"async\" data-id=\"60371\" src=\"https:\/\/schoenstatt.com\/wp-content\/uploads\/2025\/07\/pozuelo.webp\" alt=\"\" class=\"wp-image-60371\"\/><\/figure>\n<\/figure>\n\n\n\n<p>Esta celebraci\u00f3n fue mucho m\u00e1s que un evento religioso: fue una verdadera expresi\u00f3n de comuni\u00f3n y misi\u00f3n compartida. Para la Familia de Schoenstatt, fue una oportunidad concreta de vivir la Alianza de Amor de forma apost\u00f3lica, sirviendo a la Iglesia local con esp\u00edritu mariano.<\/p>\n\n\n\n<p>Con gratitud y corazones llenos de esperanza, todos expresaron el deseo de que esta experiencia se repita el pr\u00f3ximo a\u00f1o \u2014 como se\u00f1al de una Iglesia viva, que camina unida con Cristo Eucar\u00edstico, bajo la mirada amorosa de Mar\u00eda.<\/p>\n","protected":false},"excerpt":{"rendered":"<p>La celebraci\u00f3n del Corpus Christi uni\u00f3 a las seis parroquias de Pozuelo, en Espa\u00f1a, en el Santuario de Schoenstatt.<\/p>\n","protected":false},"author":3,"featured_media":60366,"comment_status":"closed","ping_status":"closed","sticky":false,"template":"","format":"standard","meta":{"footnotes":""},"categories":[873],"tags":[],"class_list":["post-60391","post","type-post","status-publish","format-standard","has-post-thumbnail","hentry","category-europa-es"],"yoast_head":"<!-- This site is optimized with the Yoast SEO Premium plugin v27.4 (Yoast SEO v27.4) - https:\/\/yoast.com\/product\/yoast-seo-premium-wordpress\/ -->\n<title>A\u00f1o de la Esperanza: Las parroquias de Pozuelo unidas en el Santuario de Schoenstatt<\/title>\n<meta name=\"description\" content=\"La celebraci\u00f3n del Corpus Christi uni\u00f3 a las seis parroquias de Pozuelo, en Espa\u00f1a, en el Santuario de Schoenstatt.\" \/>\n<meta name=\"robots\" content=\"index, follow, max-snippet:-1, max-image-preview:large, max-video-preview:-1\" \/>\n<link rel=\"canonical\" href=\"https:\/\/schoenstatt.com\/es\/ano-de-la-esperanza-las-parroquias-de-pozuelo-unidas-en-el-santuario-de-schoenstatt\/\" \/>\n<meta property=\"og:locale\" content=\"es_ES\" \/>\n<meta property=\"og:type\" content=\"article\" \/>\n<meta property=\"og:title\" content=\"A\u00f1o de la Esperanza: Las parroquias de Pozuelo unidas en el Santuario de Schoenstatt\" \/>\n<meta property=\"og:description\" content=\"La celebraci\u00f3n del Corpus Christi uni\u00f3 a las seis parroquias de Pozuelo, en Espa\u00f1a, en el Santuario de Schoenstatt.\" \/>\n<meta property=\"og:url\" content=\"https:\/\/schoenstatt.com\/es\/ano-de-la-esperanza-las-parroquias-de-pozuelo-unidas-en-el-santuario-de-schoenstatt\/\" \/>\n<meta property=\"og:site_name\" content=\"Schoenstatt\" \/>\n<meta property=\"article:published_time\" content=\"2025-07-03T11:48:02+00:00\" \/>\n<meta property=\"article:modified_time\" content=\"2025-07-03T13:49:39+00:00\" \/>\n<meta property=\"og:image\" content=\"https:\/\/schoenstatt.com\/wp-content\/uploads\/2025\/07\/Schoenstatt-Pozuelo-Spain.webp\" \/>\n\t<meta property=\"og:image:width\" content=\"1200\" \/>\n\t<meta property=\"og:image:height\" content=\"820\" \/>\n\t<meta property=\"og:image:type\" content=\"image\/jpeg\" \/>\n<meta name=\"author\" content=\"Karen Bueno\" \/>\n<meta name=\"twitter:card\" content=\"summary_large_image\" \/>\n<meta name=\"twitter:label1\" content=\"Escrito por\" \/>\n\t<meta name=\"twitter:data1\" content=\"Karen Bueno\" \/>\n\t<meta name=\"twitter:label2\" content=\"Tiempo de lectura\" \/>\n\t<meta name=\"twitter:data2\" content=\"5 minutos\" \/>\n<script type=\"application\/ld+json\" class=\"yoast-schema-graph\">{\"@context\":\"https:\\\/\\\/schema.org\",\"@graph\":[{\"@type\":\"Article\",\"@id\":\"https:\\\/\\\/schoenstatt.com\\\/es\\\/ano-de-la-esperanza-las-parroquias-de-pozuelo-unidas-en-el-santuario-de-schoenstatt\\\/#article\",\"isPartOf\":{\"@id\":\"https:\\\/\\\/schoenstatt.com\\\/es\\\/ano-de-la-esperanza-las-parroquias-de-pozuelo-unidas-en-el-santuario-de-schoenstatt\\\/\"},\"author\":{\"name\":\"Karen Bueno\",\"@id\":\"https:\\\/\\\/schoenstatt.com\\\/es\\\/#\\\/schema\\\/person\\\/5158877ad4acae98b34daaeef2a1ce6e\"},\"headline\":\"A\u00f1o de la Esperanza: Las parroquias de Pozuelo unidas en el Santuario de Schoenstatt\",\"datePublished\":\"2025-07-03T11:48:02+00:00\",\"dateModified\":\"2025-07-03T13:49:39+00:00\",\"mainEntityOfPage\":{\"@id\":\"https:\\\/\\\/schoenstatt.com\\\/es\\\/ano-de-la-esperanza-las-parroquias-de-pozuelo-unidas-en-el-santuario-de-schoenstatt\\\/\"},\"wordCount\":625,\"publisher\":{\"@id\":\"https:\\\/\\\/schoenstatt.com\\\/es\\\/#organization\"},\"image\":{\"@id\":\"https:\\\/\\\/schoenstatt.com\\\/es\\\/ano-de-la-esperanza-las-parroquias-de-pozuelo-unidas-en-el-santuario-de-schoenstatt\\\/#primaryimage\"},\"thumbnailUrl\":\"https:\\\/\\\/schoenstatt.com\\\/wp-content\\\/uploads\\\/2025\\\/07\\\/Schoenstatt-Pozuelo-Spain.webp\",\"articleSection\":[\"Europa\"],\"inLanguage\":\"es\"},{\"@type\":\"WebPage\",\"@id\":\"https:\\\/\\\/schoenstatt.com\\\/es\\\/ano-de-la-esperanza-las-parroquias-de-pozuelo-unidas-en-el-santuario-de-schoenstatt\\\/\",\"url\":\"https:\\\/\\\/schoenstatt.com\\\/es\\\/ano-de-la-esperanza-las-parroquias-de-pozuelo-unidas-en-el-santuario-de-schoenstatt\\\/\",\"name\":\"A\u00f1o de la Esperanza: Las parroquias de Pozuelo unidas en el Santuario de Schoenstatt\",\"isPartOf\":{\"@id\":\"https:\\\/\\\/schoenstatt.com\\\/es\\\/#website\"},\"primaryImageOfPage\":{\"@id\":\"https:\\\/\\\/schoenstatt.com\\\/es\\\/ano-de-la-esperanza-las-parroquias-de-pozuelo-unidas-en-el-santuario-de-schoenstatt\\\/#primaryimage\"},\"image\":{\"@id\":\"https:\\\/\\\/schoenstatt.com\\\/es\\\/ano-de-la-esperanza-las-parroquias-de-pozuelo-unidas-en-el-santuario-de-schoenstatt\\\/#primaryimage\"},\"thumbnailUrl\":\"https:\\\/\\\/schoenstatt.com\\\/wp-content\\\/uploads\\\/2025\\\/07\\\/Schoenstatt-Pozuelo-Spain.webp\",\"datePublished\":\"2025-07-03T11:48:02+00:00\",\"dateModified\":\"2025-07-03T13:49:39+00:00\",\"description\":\"La celebraci\u00f3n del Corpus Christi uni\u00f3 a las seis parroquias de Pozuelo, en Espa\u00f1a, en el Santuario de Schoenstatt.\",\"breadcrumb\":{\"@id\":\"https:\\\/\\\/schoenstatt.com\\\/es\\\/ano-de-la-esperanza-las-parroquias-de-pozuelo-unidas-en-el-santuario-de-schoenstatt\\\/#breadcrumb\"},\"inLanguage\":\"es\",\"potentialAction\":[{\"@type\":\"ReadAction\",\"target\":[\"https:\\\/\\\/schoenstatt.com\\\/es\\\/ano-de-la-esperanza-las-parroquias-de-pozuelo-unidas-en-el-santuario-de-schoenstatt\\\/\"]}]},{\"@type\":\"ImageObject\",\"inLanguage\":\"es\",\"@id\":\"https:\\\/\\\/schoenstatt.com\\\/es\\\/ano-de-la-esperanza-las-parroquias-de-pozuelo-unidas-en-el-santuario-de-schoenstatt\\\/#primaryimage\",\"url\":\"https:\\\/\\\/schoenstatt.com\\\/wp-content\\\/uploads\\\/2025\\\/07\\\/Schoenstatt-Pozuelo-Spain.webp\",\"contentUrl\":\"https:\\\/\\\/schoenstatt.com\\\/wp-content\\\/uploads\\\/2025\\\/07\\\/Schoenstatt-Pozuelo-Spain.webp\",\"width\":1200,\"height\":820},{\"@type\":\"BreadcrumbList\",\"@id\":\"https:\\\/\\\/schoenstatt.com\\\/es\\\/ano-de-la-esperanza-las-parroquias-de-pozuelo-unidas-en-el-santuario-de-schoenstatt\\\/#breadcrumb\",\"itemListElement\":[{\"@type\":\"ListItem\",\"position\":1,\"name\":\"Portada\",\"item\":\"https:\\\/\\\/schoenstatt.com\\\/es\\\/home\\\/\"},{\"@type\":\"ListItem\",\"position\":2,\"name\":\"A\u00f1o de la Esperanza: Las parroquias de Pozuelo unidas en el Santuario de Schoenstatt\"}]},{\"@type\":\"WebSite\",\"@id\":\"https:\\\/\\\/schoenstatt.com\\\/es\\\/#website\",\"url\":\"https:\\\/\\\/schoenstatt.com\\\/es\\\/\",\"name\":\"Schoenstatt\",\"description\":\"Apostolic Movement\",\"publisher\":{\"@id\":\"https:\\\/\\\/schoenstatt.com\\\/es\\\/#organization\"},\"potentialAction\":[{\"@type\":\"SearchAction\",\"target\":{\"@type\":\"EntryPoint\",\"urlTemplate\":\"https:\\\/\\\/schoenstatt.com\\\/es\\\/?s={search_term_string}\"},\"query-input\":{\"@type\":\"PropertyValueSpecification\",\"valueRequired\":true,\"valueName\":\"search_term_string\"}}],\"inLanguage\":\"es\"},{\"@type\":\"Organization\",\"@id\":\"https:\\\/\\\/schoenstatt.com\\\/es\\\/#organization\",\"name\":\"Schoenstatt\",\"url\":\"https:\\\/\\\/schoenstatt.com\\\/es\\\/\",\"logo\":{\"@type\":\"ImageObject\",\"inLanguage\":\"es\",\"@id\":\"https:\\\/\\\/schoenstatt.com\\\/es\\\/#\\\/schema\\\/logo\\\/image\\\/\",\"url\":\"https:\\\/\\\/schoenstatt.com\\\/wp-content\\\/uploads\\\/2025\\\/04\\\/logo-schoenstatt-white-696x696-1.png\",\"contentUrl\":\"https:\\\/\\\/schoenstatt.com\\\/wp-content\\\/uploads\\\/2025\\\/04\\\/logo-schoenstatt-white-696x696-1.png\",\"width\":696,\"height\":694,\"caption\":\"Schoenstatt\"},\"image\":{\"@id\":\"https:\\\/\\\/schoenstatt.com\\\/es\\\/#\\\/schema\\\/logo\\\/image\\\/\"}},{\"@type\":\"Person\",\"@id\":\"https:\\\/\\\/schoenstatt.com\\\/es\\\/#\\\/schema\\\/person\\\/5158877ad4acae98b34daaeef2a1ce6e\",\"name\":\"Karen Bueno\",\"image\":{\"@type\":\"ImageObject\",\"inLanguage\":\"es\",\"@id\":\"https:\\\/\\\/secure.gravatar.com\\\/avatar\\\/f9f4b823873154269d2b2130f195f6d41037dd0d7fc5f3cacb5c846bae70d66b?s=96&d=mm&r=g\",\"url\":\"https:\\\/\\\/secure.gravatar.com\\\/avatar\\\/f9f4b823873154269d2b2130f195f6d41037dd0d7fc5f3cacb5c846bae70d66b?s=96&d=mm&r=g\",\"contentUrl\":\"https:\\\/\\\/secure.gravatar.com\\\/avatar\\\/f9f4b823873154269d2b2130f195f6d41037dd0d7fc5f3cacb5c846bae70d66b?s=96&d=mm&r=g\",\"caption\":\"Karen Bueno\"},\"url\":\"https:\\\/\\\/schoenstatt.com\\\/es\\\/author\\\/karen-bueno\\\/\"}]}<\/script>\n<!-- \/ Yoast SEO Premium plugin. -->","yoast_head_json":{"title":"A\u00f1o de la Esperanza: Las parroquias de Pozuelo unidas en el Santuario de Schoenstatt","description":"La celebraci\u00f3n del Corpus Christi uni\u00f3 a las seis parroquias de Pozuelo, en Espa\u00f1a, en el Santuario de Schoenstatt.","robots":{"index":"index","follow":"follow","max-snippet":"max-snippet:-1","max-image-preview":"max-image-preview:large","max-video-preview":"max-video-preview:-1"},"canonical":"https:\/\/schoenstatt.com\/es\/ano-de-la-esperanza-las-parroquias-de-pozuelo-unidas-en-el-santuario-de-schoenstatt\/","og_locale":"es_ES","og_type":"article","og_title":"A\u00f1o de la Esperanza: Las parroquias de Pozuelo unidas en el Santuario de Schoenstatt","og_description":"La celebraci\u00f3n del Corpus Christi uni\u00f3 a las seis parroquias de Pozuelo, en Espa\u00f1a, en el Santuario de Schoenstatt.","og_url":"https:\/\/schoenstatt.com\/es\/ano-de-la-esperanza-las-parroquias-de-pozuelo-unidas-en-el-santuario-de-schoenstatt\/","og_site_name":"Schoenstatt","article_published_time":"2025-07-03T11:48:02+00:00","article_modified_time":"2025-07-03T13:49:39+00:00","og_image":[{"width":1200,"height":820,"url":"https:\/\/schoenstatt.com\/wp-content\/uploads\/2025\/07\/Schoenstatt-Pozuelo-Spain.webp","type":"image\/jpeg"}],"author":"Karen Bueno","twitter_card":"summary_large_image","twitter_misc":{"Escrito por":"Karen Bueno","Tiempo de lectura":"5 minutos"},"schema":{"@context":"https:\/\/schema.org","@graph":[{"@type":"Article","@id":"https:\/\/schoenstatt.com\/es\/ano-de-la-esperanza-las-parroquias-de-pozuelo-unidas-en-el-santuario-de-schoenstatt\/#article","isPartOf":{"@id":"https:\/\/schoenstatt.com\/es\/ano-de-la-esperanza-las-parroquias-de-pozuelo-unidas-en-el-santuario-de-schoenstatt\/"},"author":{"name":"Karen Bueno","@id":"https:\/\/schoenstatt.com\/es\/#\/schema\/person\/5158877ad4acae98b34daaeef2a1ce6e"},"headline":"A\u00f1o de la Esperanza: Las parroquias de Pozuelo unidas en el Santuario de Schoenstatt","datePublished":"2025-07-03T11:48:02+00:00","dateModified":"2025-07-03T13:49:39+00:00","mainEntityOfPage":{"@id":"https:\/\/schoenstatt.com\/es\/ano-de-la-esperanza-las-parroquias-de-pozuelo-unidas-en-el-santuario-de-schoenstatt\/"},"wordCount":625,"publisher":{"@id":"https:\/\/schoenstatt.com\/es\/#organization"},"image":{"@id":"https:\/\/schoenstatt.com\/es\/ano-de-la-esperanza-las-parroquias-de-pozuelo-unidas-en-el-santuario-de-schoenstatt\/#primaryimage"},"thumbnailUrl":"https:\/\/schoenstatt.com\/wp-content\/uploads\/2025\/07\/Schoenstatt-Pozuelo-Spain.webp","articleSection":["Europa"],"inLanguage":"es"},{"@type":"WebPage","@id":"https:\/\/schoenstatt.com\/es\/ano-de-la-esperanza-las-parroquias-de-pozuelo-unidas-en-el-santuario-de-schoenstatt\/","url":"https:\/\/schoenstatt.com\/es\/ano-de-la-esperanza-las-parroquias-de-pozuelo-unidas-en-el-santuario-de-schoenstatt\/","name":"A\u00f1o de la Esperanza: Las parroquias de Pozuelo unidas en el Santuario de Schoenstatt","isPartOf":{"@id":"https:\/\/schoenstatt.com\/es\/#website"},"primaryImageOfPage":{"@id":"https:\/\/schoenstatt.com\/es\/ano-de-la-esperanza-las-parroquias-de-pozuelo-unidas-en-el-santuario-de-schoenstatt\/#primaryimage"},"image":{"@id":"https:\/\/schoenstatt.com\/es\/ano-de-la-esperanza-las-parroquias-de-pozuelo-unidas-en-el-santuario-de-schoenstatt\/#primaryimage"},"thumbnailUrl":"https:\/\/schoenstatt.com\/wp-content\/uploads\/2025\/07\/Schoenstatt-Pozuelo-Spain.webp","datePublished":"2025-07-03T11:48:02+00:00","dateModified":"2025-07-03T13:49:39+00:00","description":"La celebraci\u00f3n del Corpus Christi uni\u00f3 a las seis parroquias de Pozuelo, en Espa\u00f1a, en el Santuario de Schoenstatt.","breadcrumb":{"@id":"https:\/\/schoenstatt.com\/es\/ano-de-la-esperanza-las-parroquias-de-pozuelo-unidas-en-el-santuario-de-schoenstatt\/#breadcrumb"},"inLanguage":"es","potentialAction":[{"@type":"ReadAction","target":["https:\/\/schoenstatt.com\/es\/ano-de-la-esperanza-las-parroquias-de-pozuelo-unidas-en-el-santuario-de-schoenstatt\/"]}]},{"@type":"ImageObject","inLanguage":"es","@id":"https:\/\/schoenstatt.com\/es\/ano-de-la-esperanza-las-parroquias-de-pozuelo-unidas-en-el-santuario-de-schoenstatt\/#primaryimage","url":"https:\/\/schoenstatt.com\/wp-content\/uploads\/2025\/07\/Schoenstatt-Pozuelo-Spain.webp","contentUrl":"https:\/\/schoenstatt.com\/wp-content\/uploads\/2025\/07\/Schoenstatt-Pozuelo-Spain.webp","width":1200,"height":820},{"@type":"BreadcrumbList","@id":"https:\/\/schoenstatt.com\/es\/ano-de-la-esperanza-las-parroquias-de-pozuelo-unidas-en-el-santuario-de-schoenstatt\/#breadcrumb","itemListElement":[{"@type":"ListItem","position":1,"name":"Portada","item":"https:\/\/schoenstatt.com\/es\/home\/"},{"@type":"ListItem","position":2,"name":"A\u00f1o de la Esperanza: Las parroquias de Pozuelo unidas en el Santuario de Schoenstatt"}]},{"@type":"WebSite","@id":"https:\/\/schoenstatt.com\/es\/#website","url":"https:\/\/schoenstatt.com\/es\/","name":"Schoenstatt","description":"Apostolic Movement","publisher":{"@id":"https:\/\/schoenstatt.com\/es\/#organization"},"potentialAction":[{"@type":"SearchAction","target":{"@type":"EntryPoint","urlTemplate":"https:\/\/schoenstatt.com\/es\/?s={search_term_string}"},"query-input":{"@type":"PropertyValueSpecification","valueRequired":true,"valueName":"search_term_string"}}],"inLanguage":"es"},{"@type":"Organization","@id":"https:\/\/schoenstatt.com\/es\/#organization","name":"Schoenstatt","url":"https:\/\/schoenstatt.com\/es\/","logo":{"@type":"ImageObject","inLanguage":"es","@id":"https:\/\/schoenstatt.com\/es\/#\/schema\/logo\/image\/","url":"https:\/\/schoenstatt.com\/wp-content\/uploads\/2025\/04\/logo-schoenstatt-white-696x696-1.png","contentUrl":"https:\/\/schoenstatt.com\/wp-content\/uploads\/2025\/04\/logo-schoenstatt-white-696x696-1.png","width":696,"height":694,"caption":"Schoenstatt"},"image":{"@id":"https:\/\/schoenstatt.com\/es\/#\/schema\/logo\/image\/"}},{"@type":"Person","@id":"https:\/\/schoenstatt.com\/es\/#\/schema\/person\/5158877ad4acae98b34daaeef2a1ce6e","name":"Karen Bueno","image":{"@type":"ImageObject","inLanguage":"es","@id":"https:\/\/secure.gravatar.com\/avatar\/f9f4b823873154269d2b2130f195f6d41037dd0d7fc5f3cacb5c846bae70d66b?s=96&d=mm&r=g","url":"https:\/\/secure.gravatar.com\/avatar\/f9f4b823873154269d2b2130f195f6d41037dd0d7fc5f3cacb5c846bae70d66b?s=96&d=mm&r=g","contentUrl":"https:\/\/secure.gravatar.com\/avatar\/f9f4b823873154269d2b2130f195f6d41037dd0d7fc5f3cacb5c846bae70d66b?s=96&d=mm&r=g","caption":"Karen Bueno"},"url":"https:\/\/schoenstatt.com\/es\/author\/karen-bueno\/"}]}},"_links":{"self":[{"href":"https:\/\/schoenstatt.com\/es\/wp-json\/wp\/v2\/posts\/60391","targetHints":{"allow":["GET"]}}],"collection":[{"href":"https:\/\/schoenstatt.com\/es\/wp-json\/wp\/v2\/posts"}],"about":[{"href":"https:\/\/schoenstatt.com\/es\/wp-json\/wp\/v2\/types\/post"}],"author":[{"embeddable":true,"href":"https:\/\/schoenstatt.com\/es\/wp-json\/wp\/v2\/users\/3"}],"replies":[{"embeddable":true,"href":"https:\/\/schoenstatt.com\/es\/wp-json\/wp\/v2\/comments?post=60391"}],"version-history":[{"count":2,"href":"https:\/\/schoenstatt.com\/es\/wp-json\/wp\/v2\/posts\/60391\/revisions"}],"predecessor-version":[{"id":60404,"href":"https:\/\/schoenstatt.com\/es\/wp-json\/wp\/v2\/posts\/60391\/revisions\/60404"}],"wp:featuredmedia":[{"embeddable":true,"href":"https:\/\/schoenstatt.com\/es\/wp-json\/wp\/v2\/media\/60366"}],"wp:attachment":[{"href":"https:\/\/schoenstatt.com\/es\/wp-json\/wp\/v2\/media?parent=60391"}],"wp:term":[{"taxonomy":"category","embeddable":true,"href":"https:\/\/schoenstatt.com\/es\/wp-json\/wp\/v2\/categories?post=60391"},{"taxonomy":"post_tag","embeddable":true,"href":"https:\/\/schoenstatt.com\/es\/wp-json\/wp\/v2\/tags?post=60391"}],"curies":[{"name":"wp","href":"https:\/\/api.w.org\/{rel}","templated":true}]}}