{"id":60165,"date":"2025-06-30T03:03:00","date_gmt":"2025-06-30T01:03:00","guid":{"rendered":"https:\/\/schoenstatt.com\/?p=60165"},"modified":"2025-07-02T20:49:52","modified_gmt":"2025-07-02T18:49:52","slug":"nuevo-grupo-de-sostenibilidad-en-schoenstatt-un-equipo-global","status":"publish","type":"post","link":"https:\/\/schoenstatt.com\/es\/nuevo-grupo-de-sostenibilidad-en-schoenstatt-un-equipo-global\/","title":{"rendered":"Nuevo grupo de sostenibilidad en Schoenstatt: Un equipo global"},"content":{"rendered":"\n<p>\u00a1Estamos felices de anunciar la creaci\u00f3n de nuestro Equipo de Sostenibilidad en Schoenstatt! Este grupo, compuesto por miembros de diversos pa\u00edses, busca integrar pr\u00e1cticas sostenibles en todas nuestras actividades. Nuestro objetivo es cuidar nuestra casa com\u00fan y asegurar un futuro m\u00e1s verde, fiel a nuestra fe.<\/p>\n\n\n\n<p>El texto de hoy fue escrito por una de nuestras integrantes, Idalys Diaz, de Puerto Rico.<\/p>\n\n\n\n<h3 class=\"wp-block-heading\" id=\"h-maria-esperanza-para-el-mundo-un-puente-entre-laudato-si-y-el-acta-de-fundacion\">Mar\u00eda, esperanza para el mundo: Un puente entre Laudato Si\u2019 y el Acta de Fundaci\u00f3n<\/h3>\n\n\n\n<p>\u00bfQu\u00e9 tienen en com\u00fan una enc\u00edclica del Papa Francisco escrita en 2015 y un texto firmado por el Padre Kentenich en 1914? A primera vista, parecen mundos distintos. Pero si miramos con ojos atentos, descubrimos un hilo invisible que los une: el amor por Mar\u00eda, la pasi\u00f3n por transformar el mundo y la certeza de que la esperanza no se negocia.<\/p>\n\n\n\n<h3 class=\"wp-block-heading\" id=\"h-una-reina-vestida-de-sol-y-muy-presente-hoy\">Una Reina vestida de sol\u2026 y muy presente hoy<\/h3>\n\n\n\n<p>En el n\u00famero 241 de Laudato Si\u2019, el Papa Francisco nos ha presentado a Mar\u00eda con una imagen poderosa: <strong>\u201cMar\u00eda es la Mujer vestida de sol\u2026 elevada al cielo, es Madre y Reina de toda la creaci\u00f3n.\u201d<\/strong> No es solo poes\u00eda. Es una manera de decir que Mar\u00eda es el coraz\u00f3n de una nueva forma de vivir, m\u00e1s conectada con Dios, con los dem\u00e1s y con la naturaleza. Ella no est\u00e1 lejos, en un altar inalcanzable. Est\u00e1 en medio nuestro, inspirando nuevos comienzos. Y justo eso so\u00f1aba el Padre Kentenich hace m\u00e1s de 100 a\u00f1os cuando, en un peque\u00f1o santuario en Vallendar, Alemania, asumi\u00f3 junto a un grupo de j\u00f3venes lo que hoy conocemos como el Acta de Fundaci\u00f3n. Juntos, so\u00f1aron con la idea:<\/p>\n\n\n\n<p><em>\u201c\u00bfNo ser\u00eda posible que la Sant\u00edsima Virgen estableciera aqu\u00ed su trono\u2026?\u201d<\/em><\/p>\n\n\n\n<figure class=\"wp-block-image size-full\"><img fetchpriority=\"high\" decoding=\"async\" width=\"2560\" height=\"1441\" src=\"https:\/\/schoenstatt.com\/wp-content\/uploads\/2022\/10\/IMG_20221001_155025-scaled-1.jpg\" alt=\"\" class=\"wp-image-50854\" srcset=\"https:\/\/schoenstatt.com\/wp-content\/uploads\/2022\/10\/IMG_20221001_155025-scaled-1.jpg 2560w, https:\/\/schoenstatt.com\/wp-content\/uploads\/2022\/10\/IMG_20221001_155025-scaled-1-768x432.jpg 768w, https:\/\/schoenstatt.com\/wp-content\/uploads\/2022\/10\/IMG_20221001_155025-scaled-1-1536x865.jpg 1536w, https:\/\/schoenstatt.com\/wp-content\/uploads\/2022\/10\/IMG_20221001_155025-scaled-1-2048x1153.jpg 2048w\" sizes=\"(max-width: 2560px) 100vw, 2560px\" \/><\/figure>\n\n\n\n<h3 class=\"wp-block-heading\" id=\"h-que-tienen-en-comun-estos-dos-textos-mucho-mas-de-lo-que-parece\">\u00bfQu\u00e9 tienen en com\u00fan estos dos textos? Mucho m\u00e1s de lo que parece<\/h3>\n\n\n\n<p><strong>1. Una mirada que abraza el mundo con esperanza.<\/strong> Ambos textos ven el mundo no como algo perdido, sino como un espacio que puede renovarse. Laudato Si\u2019 habla de \u201cuna ecolog\u00eda integral\u201d y el P. Kentenich sue\u00f1a con un lugar donde Mar\u00eda pueda actuar. Los dos creen que la gracia puede cambiarlo todo.<\/p>\n\n\n\n<p><strong>2. Mar\u00eda, protagonista en la transformaci\u00f3n. <\/strong>El Papa la llama \u201cReina de toda la creaci\u00f3n\u201d, y en Schoenstatt, la elegimos como la gran misionera que quiere obrar milagros. Esto no es solo devoci\u00f3n: es compromiso. Es dejar que Mar\u00eda nos impulse a construir un mundo m\u00e1s justo, m\u00e1s limpio, m\u00e1s humano.<\/p>\n\n\n\n<p><strong>3. Nos toca a nosotros. <\/strong>El Papa Francisco dice: \u201cNo nos dejemos robar la esperanza.\u201d El P. Kentenich dir\u00eda: \u201cNada sin ti, nada sin nosotros.\u201d Ambos nos invitan a no quedarnos mirando, sino a poner manos a la obra, dejar huella, y ser parte de algo grande.<\/p>\n\n\n\n<p>\u00bfY ahora qu\u00e9? En medio de un mundo que a veces parece ca\u00f3tico \u2014con crisis ambientales, sociales, espirituales \u2014 Mar\u00eda nos recuerda que la belleza sigue viva, que la fraternidad es posible y que, como en Schoenstatt, todo empieza en lo peque\u00f1o: en un s\u00ed personal, en una alianza viva, en una comunidad que cree que Dios sigue actuando. Nos toca a nosotros, como hijos de esta generaci\u00f3n, vivir el Acta de Fundaci\u00f3n hoy, con los desaf\u00edos de hoy. Y hacerlo desde el coraz\u00f3n de Laudato Si\u2019, con los pies en la tierra y los ojos puestos en el cielo.<\/p>\n\n\n\n<p>Desde cada Santuario, desde cada alianza, Mar\u00eda sigue diciendo: \u201cEstoy aqu\u00ed para transformar el mundo\u201d. \u00bfY t\u00fa? Y para ayudar a interiorizar el mensaje en clave mariana y misionera podemos consagrarnos a Mar\u00eda Sant\u00edsima o bien hacer esta oraci\u00f3n:<\/p>\n\n\n\n<hr class=\"wp-block-separator has-text-color has-alpha-channel-opacity has-background\" style=\"background-color:#e36e1a;color:#e36e1a\"\/>\n\n\n\n<blockquote class=\"wp-block-quote is-layout-flow wp-block-quote-is-layout-flow\">\n<p><strong><em>Oraci\u00f3n: Mar\u00eda, transforma el mundo con nosotros<\/em><\/strong><\/p>\n\n\n\n<p><em>Mar\u00eda, transforma el mundo con nosotros Madre del Sol y de la Tierra, Reina de la creaci\u00f3n, ens\u00e9\u00f1anos a mirar el mundo con tus ojos, a amar con tu coraz\u00f3n, y a cuidar con tus manos maternales todo lo que Dios nos confi\u00f3. Que, desde cada Santuario, y desde cada s\u00ed que te damos, nazca algo nuevo, limpio, lleno de luz. Haznos instrumentos de esperanza y constructores de una nueva tierra. Nada sin Ti, nada sin nosotros. Am\u00e9n.<\/em><\/p>\n<\/blockquote>\n\n\n\n<hr class=\"wp-block-separator has-text-color has-alpha-channel-opacity has-background\" style=\"background-color:#e36e1a;color:#e36e1a\"\/>\n\n\n\n<div style=\"height:27px\" aria-hidden=\"true\" class=\"wp-block-spacer\"><\/div>\n\n\n\n<p><strong>\u00bfQuieres ser parte del cambio?<\/strong><\/p>\n\n\n\n<p>Si te sientes llamado a contribuir a una visi\u00f3n sostenible en Schoenstatt, te invitamos a unirte a nosotros. \u00a1Juntos podemos hacer la diferencia!<br>\u00a1Participa con nosotros! &#8211; Whatsapp +34 604 94 52 86<br>Rosana Silva \u2013 <a href=\"https:\/\/schoenstatt.com\/es\/comunidades\/woman\/instituto-secular-nuestra-senora-de-schoenstatt\/\">Instituto de las Se\u00f1oras de Schoenstatt<\/a> &#8211; Madrid<\/p>\n\n\n\n<p>&#8211; <strong><a href=\"https:\/\/www.vatican.va\/content\/francesco\/es\/encyclicals\/documents\/papa-francesco_20150524_enciclica-laudato-si.html\" target=\"_blank\" rel=\"noreferrer noopener\">Laudato Si&#8217;<\/a><\/strong><\/p>\n","protected":false},"excerpt":{"rendered":"<p>Este grupo busca integrar pr\u00e1cticas sostenibles en todas sus actividades, a la luz de la espiritualidad de Schoenstatt.<\/p>\n","protected":false},"author":3,"featured_media":53661,"comment_status":"closed","ping_status":"closed","sticky":false,"template":"","format":"standard","meta":{"footnotes":""},"categories":[885],"tags":[549],"class_list":["post-60165","post","type-post","status-publish","format-standard","has-post-thumbnail","hentry","category-medio-ambiente-es","tag-ecologia-medio-ambiente"],"yoast_head":"<!-- This site is optimized with the Yoast SEO Premium plugin v27.4 (Yoast SEO v27.4) - https:\/\/yoast.com\/product\/yoast-seo-premium-wordpress\/ -->\n<title>Nuevo grupo de sostenibilidad en Schoenstatt: Un equipo global - Schoenstatt<\/title>\n<meta name=\"description\" content=\"Este grupo busca integrar pr\u00e1cticas sostenibles en todas sus actividades, a la luz de la espiritualidad de Schoenstatt.\" \/>\n<meta name=\"robots\" content=\"index, follow, max-snippet:-1, max-image-preview:large, max-video-preview:-1\" \/>\n<link rel=\"canonical\" href=\"https:\/\/schoenstatt.com\/es\/nuevo-grupo-de-sostenibilidad-en-schoenstatt-un-equipo-global\/\" \/>\n<meta property=\"og:locale\" content=\"es_ES\" \/>\n<meta property=\"og:type\" content=\"article\" \/>\n<meta property=\"og:title\" content=\"Nuevo grupo de sostenibilidad en Schoenstatt: Un equipo global\" \/>\n<meta property=\"og:description\" content=\"Este grupo busca integrar pr\u00e1cticas sostenibles en todas sus actividades, a la luz de la espiritualidad de Schoenstatt.\" \/>\n<meta property=\"og:url\" content=\"https:\/\/schoenstatt.com\/es\/nuevo-grupo-de-sostenibilidad-en-schoenstatt-un-equipo-global\/\" \/>\n<meta property=\"og:site_name\" content=\"Schoenstatt\" \/>\n<meta property=\"article:published_time\" content=\"2025-06-30T01:03:00+00:00\" \/>\n<meta property=\"article:modified_time\" content=\"2025-07-02T18:49:52+00:00\" \/>\n<meta property=\"og:image\" content=\"https:\/\/schoenstatt.com\/wp-content\/uploads\/2025\/05\/Sustentabilidad-Mayo-2.jpeg\" \/>\n\t<meta property=\"og:image:width\" content=\"1600\" \/>\n\t<meta property=\"og:image:height\" content=\"611\" \/>\n\t<meta property=\"og:image:type\" content=\"image\/jpeg\" \/>\n<meta name=\"author\" content=\"Karen Bueno\" \/>\n<meta name=\"twitter:card\" content=\"summary_large_image\" \/>\n<meta name=\"twitter:label1\" content=\"Escrito por\" \/>\n\t<meta name=\"twitter:data1\" content=\"Karen Bueno\" \/>\n\t<meta name=\"twitter:label2\" content=\"Tiempo de lectura\" \/>\n\t<meta name=\"twitter:data2\" content=\"4 minutos\" \/>\n<script type=\"application\/ld+json\" class=\"yoast-schema-graph\">{\"@context\":\"https:\\\/\\\/schema.org\",\"@graph\":[{\"@type\":\"Article\",\"@id\":\"https:\\\/\\\/schoenstatt.com\\\/es\\\/nuevo-grupo-de-sostenibilidad-en-schoenstatt-un-equipo-global\\\/#article\",\"isPartOf\":{\"@id\":\"https:\\\/\\\/schoenstatt.com\\\/es\\\/nuevo-grupo-de-sostenibilidad-en-schoenstatt-un-equipo-global\\\/\"},\"author\":{\"name\":\"Karen Bueno\",\"@id\":\"https:\\\/\\\/schoenstatt.com\\\/es\\\/#\\\/schema\\\/person\\\/5158877ad4acae98b34daaeef2a1ce6e\"},\"headline\":\"Nuevo grupo de sostenibilidad en Schoenstatt: Un equipo global\",\"datePublished\":\"2025-06-30T01:03:00+00:00\",\"dateModified\":\"2025-07-02T18:49:52+00:00\",\"mainEntityOfPage\":{\"@id\":\"https:\\\/\\\/schoenstatt.com\\\/es\\\/nuevo-grupo-de-sostenibilidad-en-schoenstatt-un-equipo-global\\\/\"},\"wordCount\":780,\"publisher\":{\"@id\":\"https:\\\/\\\/schoenstatt.com\\\/es\\\/#organization\"},\"image\":{\"@id\":\"https:\\\/\\\/schoenstatt.com\\\/es\\\/nuevo-grupo-de-sostenibilidad-en-schoenstatt-un-equipo-global\\\/#primaryimage\"},\"thumbnailUrl\":\"https:\\\/\\\/schoenstatt.com\\\/wp-content\\\/uploads\\\/2025\\\/05\\\/Sustentabilidad-Mayo-2.jpeg\",\"keywords\":[\"Ecolog\u00eda \\\/ Medio Ambiente\"],\"articleSection\":[\"Medio Ambiente\"],\"inLanguage\":\"es\"},{\"@type\":\"WebPage\",\"@id\":\"https:\\\/\\\/schoenstatt.com\\\/es\\\/nuevo-grupo-de-sostenibilidad-en-schoenstatt-un-equipo-global\\\/\",\"url\":\"https:\\\/\\\/schoenstatt.com\\\/es\\\/nuevo-grupo-de-sostenibilidad-en-schoenstatt-un-equipo-global\\\/\",\"name\":\"Nuevo grupo de sostenibilidad en Schoenstatt: Un equipo global - Schoenstatt\",\"isPartOf\":{\"@id\":\"https:\\\/\\\/schoenstatt.com\\\/es\\\/#website\"},\"primaryImageOfPage\":{\"@id\":\"https:\\\/\\\/schoenstatt.com\\\/es\\\/nuevo-grupo-de-sostenibilidad-en-schoenstatt-un-equipo-global\\\/#primaryimage\"},\"image\":{\"@id\":\"https:\\\/\\\/schoenstatt.com\\\/es\\\/nuevo-grupo-de-sostenibilidad-en-schoenstatt-un-equipo-global\\\/#primaryimage\"},\"thumbnailUrl\":\"https:\\\/\\\/schoenstatt.com\\\/wp-content\\\/uploads\\\/2025\\\/05\\\/Sustentabilidad-Mayo-2.jpeg\",\"datePublished\":\"2025-06-30T01:03:00+00:00\",\"dateModified\":\"2025-07-02T18:49:52+00:00\",\"description\":\"Este grupo busca integrar pr\u00e1cticas sostenibles en todas sus actividades, a la luz de la espiritualidad de Schoenstatt.\",\"breadcrumb\":{\"@id\":\"https:\\\/\\\/schoenstatt.com\\\/es\\\/nuevo-grupo-de-sostenibilidad-en-schoenstatt-un-equipo-global\\\/#breadcrumb\"},\"inLanguage\":\"es\",\"potentialAction\":[{\"@type\":\"ReadAction\",\"target\":[\"https:\\\/\\\/schoenstatt.com\\\/es\\\/nuevo-grupo-de-sostenibilidad-en-schoenstatt-un-equipo-global\\\/\"]}]},{\"@type\":\"ImageObject\",\"inLanguage\":\"es\",\"@id\":\"https:\\\/\\\/schoenstatt.com\\\/es\\\/nuevo-grupo-de-sostenibilidad-en-schoenstatt-un-equipo-global\\\/#primaryimage\",\"url\":\"https:\\\/\\\/schoenstatt.com\\\/wp-content\\\/uploads\\\/2025\\\/05\\\/Sustentabilidad-Mayo-2.jpeg\",\"contentUrl\":\"https:\\\/\\\/schoenstatt.com\\\/wp-content\\\/uploads\\\/2025\\\/05\\\/Sustentabilidad-Mayo-2.jpeg\",\"width\":1600,\"height\":611},{\"@type\":\"BreadcrumbList\",\"@id\":\"https:\\\/\\\/schoenstatt.com\\\/es\\\/nuevo-grupo-de-sostenibilidad-en-schoenstatt-un-equipo-global\\\/#breadcrumb\",\"itemListElement\":[{\"@type\":\"ListItem\",\"position\":1,\"name\":\"Portada\",\"item\":\"https:\\\/\\\/schoenstatt.com\\\/es\\\/home\\\/\"},{\"@type\":\"ListItem\",\"position\":2,\"name\":\"Nuevo grupo de sostenibilidad en Schoenstatt: Un equipo global\"}]},{\"@type\":\"WebSite\",\"@id\":\"https:\\\/\\\/schoenstatt.com\\\/es\\\/#website\",\"url\":\"https:\\\/\\\/schoenstatt.com\\\/es\\\/\",\"name\":\"Schoenstatt\",\"description\":\"Apostolic Movement\",\"publisher\":{\"@id\":\"https:\\\/\\\/schoenstatt.com\\\/es\\\/#organization\"},\"potentialAction\":[{\"@type\":\"SearchAction\",\"target\":{\"@type\":\"EntryPoint\",\"urlTemplate\":\"https:\\\/\\\/schoenstatt.com\\\/es\\\/?s={search_term_string}\"},\"query-input\":{\"@type\":\"PropertyValueSpecification\",\"valueRequired\":true,\"valueName\":\"search_term_string\"}}],\"inLanguage\":\"es\"},{\"@type\":\"Organization\",\"@id\":\"https:\\\/\\\/schoenstatt.com\\\/es\\\/#organization\",\"name\":\"Schoenstatt\",\"url\":\"https:\\\/\\\/schoenstatt.com\\\/es\\\/\",\"logo\":{\"@type\":\"ImageObject\",\"inLanguage\":\"es\",\"@id\":\"https:\\\/\\\/schoenstatt.com\\\/es\\\/#\\\/schema\\\/logo\\\/image\\\/\",\"url\":\"https:\\\/\\\/schoenstatt.com\\\/wp-content\\\/uploads\\\/2025\\\/04\\\/logo-schoenstatt-white-696x696-1.png\",\"contentUrl\":\"https:\\\/\\\/schoenstatt.com\\\/wp-content\\\/uploads\\\/2025\\\/04\\\/logo-schoenstatt-white-696x696-1.png\",\"width\":696,\"height\":694,\"caption\":\"Schoenstatt\"},\"image\":{\"@id\":\"https:\\\/\\\/schoenstatt.com\\\/es\\\/#\\\/schema\\\/logo\\\/image\\\/\"}},{\"@type\":\"Person\",\"@id\":\"https:\\\/\\\/schoenstatt.com\\\/es\\\/#\\\/schema\\\/person\\\/5158877ad4acae98b34daaeef2a1ce6e\",\"name\":\"Karen Bueno\",\"image\":{\"@type\":\"ImageObject\",\"inLanguage\":\"es\",\"@id\":\"https:\\\/\\\/secure.gravatar.com\\\/avatar\\\/f9f4b823873154269d2b2130f195f6d41037dd0d7fc5f3cacb5c846bae70d66b?s=96&d=mm&r=g\",\"url\":\"https:\\\/\\\/secure.gravatar.com\\\/avatar\\\/f9f4b823873154269d2b2130f195f6d41037dd0d7fc5f3cacb5c846bae70d66b?s=96&d=mm&r=g\",\"contentUrl\":\"https:\\\/\\\/secure.gravatar.com\\\/avatar\\\/f9f4b823873154269d2b2130f195f6d41037dd0d7fc5f3cacb5c846bae70d66b?s=96&d=mm&r=g\",\"caption\":\"Karen Bueno\"},\"url\":\"https:\\\/\\\/schoenstatt.com\\\/es\\\/author\\\/karen-bueno\\\/\"}]}<\/script>\n<!-- \/ Yoast SEO Premium plugin. -->","yoast_head_json":{"title":"Nuevo grupo de sostenibilidad en Schoenstatt: Un equipo global - Schoenstatt","description":"Este grupo busca integrar pr\u00e1cticas sostenibles en todas sus actividades, a la luz de la espiritualidad de Schoenstatt.","robots":{"index":"index","follow":"follow","max-snippet":"max-snippet:-1","max-image-preview":"max-image-preview:large","max-video-preview":"max-video-preview:-1"},"canonical":"https:\/\/schoenstatt.com\/es\/nuevo-grupo-de-sostenibilidad-en-schoenstatt-un-equipo-global\/","og_locale":"es_ES","og_type":"article","og_title":"Nuevo grupo de sostenibilidad en Schoenstatt: Un equipo global","og_description":"Este grupo busca integrar pr\u00e1cticas sostenibles en todas sus actividades, a la luz de la espiritualidad de Schoenstatt.","og_url":"https:\/\/schoenstatt.com\/es\/nuevo-grupo-de-sostenibilidad-en-schoenstatt-un-equipo-global\/","og_site_name":"Schoenstatt","article_published_time":"2025-06-30T01:03:00+00:00","article_modified_time":"2025-07-02T18:49:52+00:00","og_image":[{"width":1600,"height":611,"url":"https:\/\/schoenstatt.com\/wp-content\/uploads\/2025\/05\/Sustentabilidad-Mayo-2.jpeg","type":"image\/jpeg"}],"author":"Karen Bueno","twitter_card":"summary_large_image","twitter_misc":{"Escrito por":"Karen Bueno","Tiempo de lectura":"4 minutos"},"schema":{"@context":"https:\/\/schema.org","@graph":[{"@type":"Article","@id":"https:\/\/schoenstatt.com\/es\/nuevo-grupo-de-sostenibilidad-en-schoenstatt-un-equipo-global\/#article","isPartOf":{"@id":"https:\/\/schoenstatt.com\/es\/nuevo-grupo-de-sostenibilidad-en-schoenstatt-un-equipo-global\/"},"author":{"name":"Karen Bueno","@id":"https:\/\/schoenstatt.com\/es\/#\/schema\/person\/5158877ad4acae98b34daaeef2a1ce6e"},"headline":"Nuevo grupo de sostenibilidad en Schoenstatt: Un equipo global","datePublished":"2025-06-30T01:03:00+00:00","dateModified":"2025-07-02T18:49:52+00:00","mainEntityOfPage":{"@id":"https:\/\/schoenstatt.com\/es\/nuevo-grupo-de-sostenibilidad-en-schoenstatt-un-equipo-global\/"},"wordCount":780,"publisher":{"@id":"https:\/\/schoenstatt.com\/es\/#organization"},"image":{"@id":"https:\/\/schoenstatt.com\/es\/nuevo-grupo-de-sostenibilidad-en-schoenstatt-un-equipo-global\/#primaryimage"},"thumbnailUrl":"https:\/\/schoenstatt.com\/wp-content\/uploads\/2025\/05\/Sustentabilidad-Mayo-2.jpeg","keywords":["Ecolog\u00eda \/ Medio Ambiente"],"articleSection":["Medio Ambiente"],"inLanguage":"es"},{"@type":"WebPage","@id":"https:\/\/schoenstatt.com\/es\/nuevo-grupo-de-sostenibilidad-en-schoenstatt-un-equipo-global\/","url":"https:\/\/schoenstatt.com\/es\/nuevo-grupo-de-sostenibilidad-en-schoenstatt-un-equipo-global\/","name":"Nuevo grupo de sostenibilidad en Schoenstatt: Un equipo global - Schoenstatt","isPartOf":{"@id":"https:\/\/schoenstatt.com\/es\/#website"},"primaryImageOfPage":{"@id":"https:\/\/schoenstatt.com\/es\/nuevo-grupo-de-sostenibilidad-en-schoenstatt-un-equipo-global\/#primaryimage"},"image":{"@id":"https:\/\/schoenstatt.com\/es\/nuevo-grupo-de-sostenibilidad-en-schoenstatt-un-equipo-global\/#primaryimage"},"thumbnailUrl":"https:\/\/schoenstatt.com\/wp-content\/uploads\/2025\/05\/Sustentabilidad-Mayo-2.jpeg","datePublished":"2025-06-30T01:03:00+00:00","dateModified":"2025-07-02T18:49:52+00:00","description":"Este grupo busca integrar pr\u00e1cticas sostenibles en todas sus actividades, a la luz de la espiritualidad de Schoenstatt.","breadcrumb":{"@id":"https:\/\/schoenstatt.com\/es\/nuevo-grupo-de-sostenibilidad-en-schoenstatt-un-equipo-global\/#breadcrumb"},"inLanguage":"es","potentialAction":[{"@type":"ReadAction","target":["https:\/\/schoenstatt.com\/es\/nuevo-grupo-de-sostenibilidad-en-schoenstatt-un-equipo-global\/"]}]},{"@type":"ImageObject","inLanguage":"es","@id":"https:\/\/schoenstatt.com\/es\/nuevo-grupo-de-sostenibilidad-en-schoenstatt-un-equipo-global\/#primaryimage","url":"https:\/\/schoenstatt.com\/wp-content\/uploads\/2025\/05\/Sustentabilidad-Mayo-2.jpeg","contentUrl":"https:\/\/schoenstatt.com\/wp-content\/uploads\/2025\/05\/Sustentabilidad-Mayo-2.jpeg","width":1600,"height":611},{"@type":"BreadcrumbList","@id":"https:\/\/schoenstatt.com\/es\/nuevo-grupo-de-sostenibilidad-en-schoenstatt-un-equipo-global\/#breadcrumb","itemListElement":[{"@type":"ListItem","position":1,"name":"Portada","item":"https:\/\/schoenstatt.com\/es\/home\/"},{"@type":"ListItem","position":2,"name":"Nuevo grupo de sostenibilidad en Schoenstatt: Un equipo global"}]},{"@type":"WebSite","@id":"https:\/\/schoenstatt.com\/es\/#website","url":"https:\/\/schoenstatt.com\/es\/","name":"Schoenstatt","description":"Apostolic Movement","publisher":{"@id":"https:\/\/schoenstatt.com\/es\/#organization"},"potentialAction":[{"@type":"SearchAction","target":{"@type":"EntryPoint","urlTemplate":"https:\/\/schoenstatt.com\/es\/?s={search_term_string}"},"query-input":{"@type":"PropertyValueSpecification","valueRequired":true,"valueName":"search_term_string"}}],"inLanguage":"es"},{"@type":"Organization","@id":"https:\/\/schoenstatt.com\/es\/#organization","name":"Schoenstatt","url":"https:\/\/schoenstatt.com\/es\/","logo":{"@type":"ImageObject","inLanguage":"es","@id":"https:\/\/schoenstatt.com\/es\/#\/schema\/logo\/image\/","url":"https:\/\/schoenstatt.com\/wp-content\/uploads\/2025\/04\/logo-schoenstatt-white-696x696-1.png","contentUrl":"https:\/\/schoenstatt.com\/wp-content\/uploads\/2025\/04\/logo-schoenstatt-white-696x696-1.png","width":696,"height":694,"caption":"Schoenstatt"},"image":{"@id":"https:\/\/schoenstatt.com\/es\/#\/schema\/logo\/image\/"}},{"@type":"Person","@id":"https:\/\/schoenstatt.com\/es\/#\/schema\/person\/5158877ad4acae98b34daaeef2a1ce6e","name":"Karen Bueno","image":{"@type":"ImageObject","inLanguage":"es","@id":"https:\/\/secure.gravatar.com\/avatar\/f9f4b823873154269d2b2130f195f6d41037dd0d7fc5f3cacb5c846bae70d66b?s=96&d=mm&r=g","url":"https:\/\/secure.gravatar.com\/avatar\/f9f4b823873154269d2b2130f195f6d41037dd0d7fc5f3cacb5c846bae70d66b?s=96&d=mm&r=g","contentUrl":"https:\/\/secure.gravatar.com\/avatar\/f9f4b823873154269d2b2130f195f6d41037dd0d7fc5f3cacb5c846bae70d66b?s=96&d=mm&r=g","caption":"Karen Bueno"},"url":"https:\/\/schoenstatt.com\/es\/author\/karen-bueno\/"}]}},"_links":{"self":[{"href":"https:\/\/schoenstatt.com\/es\/wp-json\/wp\/v2\/posts\/60165","targetHints":{"allow":["GET"]}}],"collection":[{"href":"https:\/\/schoenstatt.com\/es\/wp-json\/wp\/v2\/posts"}],"about":[{"href":"https:\/\/schoenstatt.com\/es\/wp-json\/wp\/v2\/types\/post"}],"author":[{"embeddable":true,"href":"https:\/\/schoenstatt.com\/es\/wp-json\/wp\/v2\/users\/3"}],"replies":[{"embeddable":true,"href":"https:\/\/schoenstatt.com\/es\/wp-json\/wp\/v2\/comments?post=60165"}],"version-history":[{"count":7,"href":"https:\/\/schoenstatt.com\/es\/wp-json\/wp\/v2\/posts\/60165\/revisions"}],"predecessor-version":[{"id":60360,"href":"https:\/\/schoenstatt.com\/es\/wp-json\/wp\/v2\/posts\/60165\/revisions\/60360"}],"wp:featuredmedia":[{"embeddable":true,"href":"https:\/\/schoenstatt.com\/es\/wp-json\/wp\/v2\/media\/53661"}],"wp:attachment":[{"href":"https:\/\/schoenstatt.com\/es\/wp-json\/wp\/v2\/media?parent=60165"}],"wp:term":[{"taxonomy":"category","embeddable":true,"href":"https:\/\/schoenstatt.com\/es\/wp-json\/wp\/v2\/categories?post=60165"},{"taxonomy":"post_tag","embeddable":true,"href":"https:\/\/schoenstatt.com\/es\/wp-json\/wp\/v2\/tags?post=60165"}],"curies":[{"name":"wp","href":"https:\/\/api.w.org\/{rel}","templated":true}]}}