{"id":60077,"date":"2025-06-20T14:55:59","date_gmt":"2025-06-20T12:55:59","guid":{"rendered":"https:\/\/schoenstatt.com\/?p=60077"},"modified":"2025-08-19T01:56:55","modified_gmt":"2025-08-18T23:56:55","slug":"el-papa-leon-xiv-proclama-venerable-a-joao-pozzobon","status":"publish","type":"post","link":"https:\/\/schoenstatt.com\/es\/el-papa-leon-xiv-proclama-venerable-a-joao-pozzobon\/","title":{"rendered":"El Papa Le\u00f3n XIV proclama \u00abVenerable\u00bb a Joao Pozzobon"},"content":{"rendered":"\n<p>Es una noticia de gran alegr\u00eda para todo el Movimiento de Schoenstatt. Este viernes, 20 de junio de 2025, el papa Le\u00f3n XIV autoriz\u00f3 la promulgaci\u00f3n del decreto que lo declara venerable al Siervo de Dios Di\u00e1cono Jo\u00e3o Luiz Pozzobon.<\/p>\n\n\n\n<p>Esto significa que el proceso de an\u00e1lisis de la vida del Siervo de Dios ha concluido ante la Iglesia y, para la beatificaci\u00f3n, solo falta el reconocimiento de un milagro. Con motivo del 40.\u00ba aniversario de la muerte de Don Jo\u00e3o Pozzobon, el 27 de junio, esta noticia llena de alegr\u00eda y gratitud a todos los schoenstattianos.<\/p>\n\n\n\n<p>Ofrecemos a continuaci\u00f3n el comunicado de la Arquidi\u00f3cesis de Santa Mar\u00eda y de la Presidencia del Movimiento en Brasil:<\/p>\n\n\n\n<hr class=\"wp-block-separator has-text-color has-alpha-channel-opacity has-background\" style=\"background-color:#e37729;color:#e37729\"\/>\n\n\n\n<blockquote class=\"wp-block-quote is-layout-flow wp-block-quote-is-layout-flow\">\n<p class=\"has-text-align-center\"><strong>COMUNICADO OFICIAL<br>Arquidi\u00f3cesis de Santa Mar\u00eda<br>Presidencia Nacional del Movimiento de Schoenstatt en Brasil<\/strong><\/p>\n\n\n\n<p>Con gran alegr\u00eda, informamos al Pueblo de Dios de que el Santo Padre, Papa Le\u00f3n XIV, autoriz\u00f3 el 20 de junio de 2025 la promulgaci\u00f3n del decreto que reconoce las virtudes heroicas del Siervo de Dios Di\u00e1cono Jo\u00e3o Luiz Pozzobon, perteneciente a la Arquidi\u00f3cesis de Santa Maria (RS), miembro del Movimiento Apost\u00f3lico de Schoenstatt e iniciador de la Campa\u00f1a de la Virgen Peregrina.<\/p>\n\n\n\n<p>Con esta promulgaci\u00f3n, la Iglesia declara venerable a Jo\u00e3o Luiz Pozzobon, reconociendo oficialmente que vivi\u00f3 las virtudes cristianas de forma ejemplar y heroica. Se trata de un paso significativo en el proceso de su beatificaci\u00f3n y canonizaci\u00f3n.<\/p>\n\n\n\n<p>Damos gracias a Dios por este don para la Iglesia y expresamos nuestra gratitud al Santo Padre por este reconocimiento. Tambi\u00e9n queremos expresar nuestra gratitud a los miembros del Dicasterio para las Causas de los Santos, a la postuladora de la causa, la Dra. Silvia Correale, al arzobispo de Santa Mar\u00eda, Mons. Leomar Antonio Brustolin, y a todas las personas, comunidades e instituciones que, a lo largo de los a\u00f1os, han colaborado y siguen apoyando con fe y dedicaci\u00f3n la causa de canonizaci\u00f3n del Venerable Jo\u00e3o Luiz Pozzobon.<\/p>\n\n\n\n<p>Este reconocimiento llena de alegr\u00eda a toda la Iglesia, y especialmente a la Arquidi\u00f3cesis de Santa Mar\u00eda y a la Familia de Schoenstatt en todo el mundo, que ven confirmada la actualidad de su testimonio de vida y misi\u00f3n como esposo, padre de familia, di\u00e1cono permanente e incansable peregrino de la Madre y Reina.<\/p>\n\n\n\n<p class=\"has-text-align-left\"><strong>Santa Mar\u00eda, 20 de junio de 2025.<\/strong><\/p>\n\n\n\n<p class=\"has-text-align-left\"><strong>Archidi\u00f3cesis de Santa Mar\u00eda<br>Presidencia Nacional del Movimiento de Schoenstatt en Brasil<\/strong><\/p>\n\n\n\n<ul class=\"wp-block-list\">\n<li><a href=\"https:\/\/press.vatican.va\/content\/salastampa\/it\/bollettino\/pubblico\/2025\/06\/20\/0427\/00782.html\" target=\"_blank\" rel=\"noreferrer noopener\">Decreto del Vaticano<\/a><\/li>\n<\/ul>\n<\/blockquote>\n","protected":false},"excerpt":{"rendered":"<p>\u00a1Jo\u00e3o Luiz Pozzobon es ahora VENERABLE! El Papa Le\u00f3n XIV autoriz\u00f3 la promulgaci\u00f3n del decreto este viernes.<\/p>\n","protected":false},"author":3,"featured_media":60054,"comment_status":"closed","ping_status":"closed","sticky":false,"template":"","format":"standard","meta":{"footnotes":""},"categories":[889,904],"tags":[1089,1042,955,1136],"class_list":["post-60077","post","type-post","status-publish","format-standard","has-post-thumbnail","hentry","category-heroes-de-schoenstatt-es","category-virgen-peregrina-es","tag-campana-de-la-virgen-peregrina-es","tag-joao-luiz-pozzobon-es","tag-proceso-de-beatificacion-es","tag-schoenstatt-brasil-es"],"yoast_head":"<!-- This site is optimized with the Yoast SEO Premium plugin v27.4 (Yoast SEO v27.4) - https:\/\/yoast.com\/product\/yoast-seo-premium-wordpress\/ -->\n<title>El Papa Le\u00f3n XIV proclama &quot;Venerable&quot; a Joao Pozzobon - Schoenstatt<\/title>\n<meta name=\"description\" content=\"\u00a1Jo\u00e3o Luiz Pozzobon es ahora VENERABLE! El Papa Le\u00f3n XIV autoriz\u00f3 la promulgaci\u00f3n del decreto este viernes.\" \/>\n<meta name=\"robots\" content=\"index, follow, max-snippet:-1, max-image-preview:large, max-video-preview:-1\" \/>\n<link rel=\"canonical\" href=\"https:\/\/schoenstatt.com\/es\/el-papa-leon-xiv-proclama-venerable-a-joao-pozzobon\/\" \/>\n<meta property=\"og:locale\" content=\"es_ES\" \/>\n<meta property=\"og:type\" content=\"article\" \/>\n<meta property=\"og:title\" content=\"El Papa Le\u00f3n XIV proclama &quot;Venerable&quot; a Joao Pozzobon\" \/>\n<meta property=\"og:description\" content=\"\u00a1Jo\u00e3o Luiz Pozzobon es ahora VENERABLE! El Papa Le\u00f3n XIV autoriz\u00f3 la promulgaci\u00f3n del decreto este viernes.\" \/>\n<meta property=\"og:url\" content=\"https:\/\/schoenstatt.com\/es\/el-papa-leon-xiv-proclama-venerable-a-joao-pozzobon\/\" \/>\n<meta property=\"og:site_name\" content=\"Schoenstatt\" \/>\n<meta property=\"article:published_time\" content=\"2025-06-20T12:55:59+00:00\" \/>\n<meta property=\"article:modified_time\" content=\"2025-08-18T23:56:55+00:00\" \/>\n<meta property=\"og:image\" content=\"https:\/\/schoenstatt.com\/wp-content\/uploads\/2025\/06\/Joao-Luiz-Pozzobon-1.webp\" \/>\n\t<meta property=\"og:image:width\" content=\"2048\" \/>\n\t<meta property=\"og:image:height\" content=\"1056\" \/>\n\t<meta property=\"og:image:type\" content=\"image\/jpeg\" \/>\n<meta name=\"author\" content=\"Karen Bueno\" \/>\n<meta name=\"twitter:card\" content=\"summary_large_image\" \/>\n<meta name=\"twitter:label1\" content=\"Escrito por\" \/>\n\t<meta name=\"twitter:data1\" content=\"Karen Bueno\" \/>\n\t<meta name=\"twitter:label2\" content=\"Tiempo de lectura\" \/>\n\t<meta name=\"twitter:data2\" content=\"1 minuto\" \/>\n<script type=\"application\/ld+json\" class=\"yoast-schema-graph\">{\"@context\":\"https:\\\/\\\/schema.org\",\"@graph\":[{\"@type\":\"Article\",\"@id\":\"https:\\\/\\\/schoenstatt.com\\\/es\\\/el-papa-leon-xiv-proclama-venerable-a-joao-pozzobon\\\/#article\",\"isPartOf\":{\"@id\":\"https:\\\/\\\/schoenstatt.com\\\/es\\\/el-papa-leon-xiv-proclama-venerable-a-joao-pozzobon\\\/\"},\"author\":{\"name\":\"Karen Bueno\",\"@id\":\"https:\\\/\\\/schoenstatt.com\\\/es\\\/#\\\/schema\\\/person\\\/5158877ad4acae98b34daaeef2a1ce6e\"},\"headline\":\"El Papa Le\u00f3n XIV proclama \u00abVenerable\u00bb a Joao Pozzobon\",\"datePublished\":\"2025-06-20T12:55:59+00:00\",\"dateModified\":\"2025-08-18T23:56:55+00:00\",\"mainEntityOfPage\":{\"@id\":\"https:\\\/\\\/schoenstatt.com\\\/es\\\/el-papa-leon-xiv-proclama-venerable-a-joao-pozzobon\\\/\"},\"wordCount\":433,\"publisher\":{\"@id\":\"https:\\\/\\\/schoenstatt.com\\\/es\\\/#organization\"},\"image\":{\"@id\":\"https:\\\/\\\/schoenstatt.com\\\/es\\\/el-papa-leon-xiv-proclama-venerable-a-joao-pozzobon\\\/#primaryimage\"},\"thumbnailUrl\":\"https:\\\/\\\/schoenstatt.com\\\/wp-content\\\/uploads\\\/2025\\\/06\\\/Joao-Luiz-Pozzobon-1.webp\",\"keywords\":[\"Campa\u00f1a de la Virgen Peregrina\",\"Jo\u00e3o Luiz Pozzobon\",\"Proceso de Beatificaci\u00f3n\",\"Schoenstatt Brasil\"],\"articleSection\":[\"Heroes de Schoenstatt\",\"Virgen Peregrina\"],\"inLanguage\":\"es\"},{\"@type\":\"WebPage\",\"@id\":\"https:\\\/\\\/schoenstatt.com\\\/es\\\/el-papa-leon-xiv-proclama-venerable-a-joao-pozzobon\\\/\",\"url\":\"https:\\\/\\\/schoenstatt.com\\\/es\\\/el-papa-leon-xiv-proclama-venerable-a-joao-pozzobon\\\/\",\"name\":\"El Papa Le\u00f3n XIV proclama \\\"Venerable\\\" a Joao Pozzobon - Schoenstatt\",\"isPartOf\":{\"@id\":\"https:\\\/\\\/schoenstatt.com\\\/es\\\/#website\"},\"primaryImageOfPage\":{\"@id\":\"https:\\\/\\\/schoenstatt.com\\\/es\\\/el-papa-leon-xiv-proclama-venerable-a-joao-pozzobon\\\/#primaryimage\"},\"image\":{\"@id\":\"https:\\\/\\\/schoenstatt.com\\\/es\\\/el-papa-leon-xiv-proclama-venerable-a-joao-pozzobon\\\/#primaryimage\"},\"thumbnailUrl\":\"https:\\\/\\\/schoenstatt.com\\\/wp-content\\\/uploads\\\/2025\\\/06\\\/Joao-Luiz-Pozzobon-1.webp\",\"datePublished\":\"2025-06-20T12:55:59+00:00\",\"dateModified\":\"2025-08-18T23:56:55+00:00\",\"description\":\"\u00a1Jo\u00e3o Luiz Pozzobon es ahora VENERABLE! El Papa Le\u00f3n XIV autoriz\u00f3 la promulgaci\u00f3n del decreto este viernes.\",\"breadcrumb\":{\"@id\":\"https:\\\/\\\/schoenstatt.com\\\/es\\\/el-papa-leon-xiv-proclama-venerable-a-joao-pozzobon\\\/#breadcrumb\"},\"inLanguage\":\"es\",\"potentialAction\":[{\"@type\":\"ReadAction\",\"target\":[\"https:\\\/\\\/schoenstatt.com\\\/es\\\/el-papa-leon-xiv-proclama-venerable-a-joao-pozzobon\\\/\"]}]},{\"@type\":\"ImageObject\",\"inLanguage\":\"es\",\"@id\":\"https:\\\/\\\/schoenstatt.com\\\/es\\\/el-papa-leon-xiv-proclama-venerable-a-joao-pozzobon\\\/#primaryimage\",\"url\":\"https:\\\/\\\/schoenstatt.com\\\/wp-content\\\/uploads\\\/2025\\\/06\\\/Joao-Luiz-Pozzobon-1.webp\",\"contentUrl\":\"https:\\\/\\\/schoenstatt.com\\\/wp-content\\\/uploads\\\/2025\\\/06\\\/Joao-Luiz-Pozzobon-1.webp\",\"width\":2048,\"height\":1056},{\"@type\":\"BreadcrumbList\",\"@id\":\"https:\\\/\\\/schoenstatt.com\\\/es\\\/el-papa-leon-xiv-proclama-venerable-a-joao-pozzobon\\\/#breadcrumb\",\"itemListElement\":[{\"@type\":\"ListItem\",\"position\":1,\"name\":\"Portada\",\"item\":\"https:\\\/\\\/schoenstatt.com\\\/es\\\/home\\\/\"},{\"@type\":\"ListItem\",\"position\":2,\"name\":\"El Papa Le\u00f3n XIV proclama \u00abVenerable\u00bb a Joao Pozzobon\"}]},{\"@type\":\"WebSite\",\"@id\":\"https:\\\/\\\/schoenstatt.com\\\/es\\\/#website\",\"url\":\"https:\\\/\\\/schoenstatt.com\\\/es\\\/\",\"name\":\"Schoenstatt\",\"description\":\"Apostolic Movement\",\"publisher\":{\"@id\":\"https:\\\/\\\/schoenstatt.com\\\/es\\\/#organization\"},\"potentialAction\":[{\"@type\":\"SearchAction\",\"target\":{\"@type\":\"EntryPoint\",\"urlTemplate\":\"https:\\\/\\\/schoenstatt.com\\\/es\\\/?s={search_term_string}\"},\"query-input\":{\"@type\":\"PropertyValueSpecification\",\"valueRequired\":true,\"valueName\":\"search_term_string\"}}],\"inLanguage\":\"es\"},{\"@type\":\"Organization\",\"@id\":\"https:\\\/\\\/schoenstatt.com\\\/es\\\/#organization\",\"name\":\"Schoenstatt\",\"url\":\"https:\\\/\\\/schoenstatt.com\\\/es\\\/\",\"logo\":{\"@type\":\"ImageObject\",\"inLanguage\":\"es\",\"@id\":\"https:\\\/\\\/schoenstatt.com\\\/es\\\/#\\\/schema\\\/logo\\\/image\\\/\",\"url\":\"https:\\\/\\\/schoenstatt.com\\\/wp-content\\\/uploads\\\/2025\\\/04\\\/logo-schoenstatt-white-696x696-1.png\",\"contentUrl\":\"https:\\\/\\\/schoenstatt.com\\\/wp-content\\\/uploads\\\/2025\\\/04\\\/logo-schoenstatt-white-696x696-1.png\",\"width\":696,\"height\":694,\"caption\":\"Schoenstatt\"},\"image\":{\"@id\":\"https:\\\/\\\/schoenstatt.com\\\/es\\\/#\\\/schema\\\/logo\\\/image\\\/\"}},{\"@type\":\"Person\",\"@id\":\"https:\\\/\\\/schoenstatt.com\\\/es\\\/#\\\/schema\\\/person\\\/5158877ad4acae98b34daaeef2a1ce6e\",\"name\":\"Karen Bueno\",\"image\":{\"@type\":\"ImageObject\",\"inLanguage\":\"es\",\"@id\":\"https:\\\/\\\/secure.gravatar.com\\\/avatar\\\/f9f4b823873154269d2b2130f195f6d41037dd0d7fc5f3cacb5c846bae70d66b?s=96&d=mm&r=g\",\"url\":\"https:\\\/\\\/secure.gravatar.com\\\/avatar\\\/f9f4b823873154269d2b2130f195f6d41037dd0d7fc5f3cacb5c846bae70d66b?s=96&d=mm&r=g\",\"contentUrl\":\"https:\\\/\\\/secure.gravatar.com\\\/avatar\\\/f9f4b823873154269d2b2130f195f6d41037dd0d7fc5f3cacb5c846bae70d66b?s=96&d=mm&r=g\",\"caption\":\"Karen Bueno\"},\"url\":\"https:\\\/\\\/schoenstatt.com\\\/es\\\/author\\\/karen-bueno\\\/\"}]}<\/script>\n<!-- \/ Yoast SEO Premium plugin. -->","yoast_head_json":{"title":"El Papa Le\u00f3n XIV proclama \"Venerable\" a Joao Pozzobon - Schoenstatt","description":"\u00a1Jo\u00e3o Luiz Pozzobon es ahora VENERABLE! El Papa Le\u00f3n XIV autoriz\u00f3 la promulgaci\u00f3n del decreto este viernes.","robots":{"index":"index","follow":"follow","max-snippet":"max-snippet:-1","max-image-preview":"max-image-preview:large","max-video-preview":"max-video-preview:-1"},"canonical":"https:\/\/schoenstatt.com\/es\/el-papa-leon-xiv-proclama-venerable-a-joao-pozzobon\/","og_locale":"es_ES","og_type":"article","og_title":"El Papa Le\u00f3n XIV proclama \"Venerable\" a Joao Pozzobon","og_description":"\u00a1Jo\u00e3o Luiz Pozzobon es ahora VENERABLE! El Papa Le\u00f3n XIV autoriz\u00f3 la promulgaci\u00f3n del decreto este viernes.","og_url":"https:\/\/schoenstatt.com\/es\/el-papa-leon-xiv-proclama-venerable-a-joao-pozzobon\/","og_site_name":"Schoenstatt","article_published_time":"2025-06-20T12:55:59+00:00","article_modified_time":"2025-08-18T23:56:55+00:00","og_image":[{"url":"https:\/\/schoenstatt.com\/wp-content\/uploads\/2025\/06\/Joao-Luiz-Pozzobon-1.webp","width":2048,"height":1056,"type":"image\/jpeg"}],"author":"Karen Bueno","twitter_card":"summary_large_image","twitter_misc":{"Escrito por":"Karen Bueno","Tiempo de lectura":"1 minuto"},"schema":{"@context":"https:\/\/schema.org","@graph":[{"@type":"Article","@id":"https:\/\/schoenstatt.com\/es\/el-papa-leon-xiv-proclama-venerable-a-joao-pozzobon\/#article","isPartOf":{"@id":"https:\/\/schoenstatt.com\/es\/el-papa-leon-xiv-proclama-venerable-a-joao-pozzobon\/"},"author":{"name":"Karen Bueno","@id":"https:\/\/schoenstatt.com\/es\/#\/schema\/person\/5158877ad4acae98b34daaeef2a1ce6e"},"headline":"El Papa Le\u00f3n XIV proclama \u00abVenerable\u00bb a Joao Pozzobon","datePublished":"2025-06-20T12:55:59+00:00","dateModified":"2025-08-18T23:56:55+00:00","mainEntityOfPage":{"@id":"https:\/\/schoenstatt.com\/es\/el-papa-leon-xiv-proclama-venerable-a-joao-pozzobon\/"},"wordCount":433,"publisher":{"@id":"https:\/\/schoenstatt.com\/es\/#organization"},"image":{"@id":"https:\/\/schoenstatt.com\/es\/el-papa-leon-xiv-proclama-venerable-a-joao-pozzobon\/#primaryimage"},"thumbnailUrl":"https:\/\/schoenstatt.com\/wp-content\/uploads\/2025\/06\/Joao-Luiz-Pozzobon-1.webp","keywords":["Campa\u00f1a de la Virgen Peregrina","Jo\u00e3o Luiz Pozzobon","Proceso de Beatificaci\u00f3n","Schoenstatt Brasil"],"articleSection":["Heroes de Schoenstatt","Virgen Peregrina"],"inLanguage":"es"},{"@type":"WebPage","@id":"https:\/\/schoenstatt.com\/es\/el-papa-leon-xiv-proclama-venerable-a-joao-pozzobon\/","url":"https:\/\/schoenstatt.com\/es\/el-papa-leon-xiv-proclama-venerable-a-joao-pozzobon\/","name":"El Papa Le\u00f3n XIV proclama \"Venerable\" a Joao Pozzobon - Schoenstatt","isPartOf":{"@id":"https:\/\/schoenstatt.com\/es\/#website"},"primaryImageOfPage":{"@id":"https:\/\/schoenstatt.com\/es\/el-papa-leon-xiv-proclama-venerable-a-joao-pozzobon\/#primaryimage"},"image":{"@id":"https:\/\/schoenstatt.com\/es\/el-papa-leon-xiv-proclama-venerable-a-joao-pozzobon\/#primaryimage"},"thumbnailUrl":"https:\/\/schoenstatt.com\/wp-content\/uploads\/2025\/06\/Joao-Luiz-Pozzobon-1.webp","datePublished":"2025-06-20T12:55:59+00:00","dateModified":"2025-08-18T23:56:55+00:00","description":"\u00a1Jo\u00e3o Luiz Pozzobon es ahora VENERABLE! El Papa Le\u00f3n XIV autoriz\u00f3 la promulgaci\u00f3n del decreto este viernes.","breadcrumb":{"@id":"https:\/\/schoenstatt.com\/es\/el-papa-leon-xiv-proclama-venerable-a-joao-pozzobon\/#breadcrumb"},"inLanguage":"es","potentialAction":[{"@type":"ReadAction","target":["https:\/\/schoenstatt.com\/es\/el-papa-leon-xiv-proclama-venerable-a-joao-pozzobon\/"]}]},{"@type":"ImageObject","inLanguage":"es","@id":"https:\/\/schoenstatt.com\/es\/el-papa-leon-xiv-proclama-venerable-a-joao-pozzobon\/#primaryimage","url":"https:\/\/schoenstatt.com\/wp-content\/uploads\/2025\/06\/Joao-Luiz-Pozzobon-1.webp","contentUrl":"https:\/\/schoenstatt.com\/wp-content\/uploads\/2025\/06\/Joao-Luiz-Pozzobon-1.webp","width":2048,"height":1056},{"@type":"BreadcrumbList","@id":"https:\/\/schoenstatt.com\/es\/el-papa-leon-xiv-proclama-venerable-a-joao-pozzobon\/#breadcrumb","itemListElement":[{"@type":"ListItem","position":1,"name":"Portada","item":"https:\/\/schoenstatt.com\/es\/home\/"},{"@type":"ListItem","position":2,"name":"El Papa Le\u00f3n XIV proclama \u00abVenerable\u00bb a Joao Pozzobon"}]},{"@type":"WebSite","@id":"https:\/\/schoenstatt.com\/es\/#website","url":"https:\/\/schoenstatt.com\/es\/","name":"Schoenstatt","description":"Apostolic Movement","publisher":{"@id":"https:\/\/schoenstatt.com\/es\/#organization"},"potentialAction":[{"@type":"SearchAction","target":{"@type":"EntryPoint","urlTemplate":"https:\/\/schoenstatt.com\/es\/?s={search_term_string}"},"query-input":{"@type":"PropertyValueSpecification","valueRequired":true,"valueName":"search_term_string"}}],"inLanguage":"es"},{"@type":"Organization","@id":"https:\/\/schoenstatt.com\/es\/#organization","name":"Schoenstatt","url":"https:\/\/schoenstatt.com\/es\/","logo":{"@type":"ImageObject","inLanguage":"es","@id":"https:\/\/schoenstatt.com\/es\/#\/schema\/logo\/image\/","url":"https:\/\/schoenstatt.com\/wp-content\/uploads\/2025\/04\/logo-schoenstatt-white-696x696-1.png","contentUrl":"https:\/\/schoenstatt.com\/wp-content\/uploads\/2025\/04\/logo-schoenstatt-white-696x696-1.png","width":696,"height":694,"caption":"Schoenstatt"},"image":{"@id":"https:\/\/schoenstatt.com\/es\/#\/schema\/logo\/image\/"}},{"@type":"Person","@id":"https:\/\/schoenstatt.com\/es\/#\/schema\/person\/5158877ad4acae98b34daaeef2a1ce6e","name":"Karen Bueno","image":{"@type":"ImageObject","inLanguage":"es","@id":"https:\/\/secure.gravatar.com\/avatar\/f9f4b823873154269d2b2130f195f6d41037dd0d7fc5f3cacb5c846bae70d66b?s=96&d=mm&r=g","url":"https:\/\/secure.gravatar.com\/avatar\/f9f4b823873154269d2b2130f195f6d41037dd0d7fc5f3cacb5c846bae70d66b?s=96&d=mm&r=g","contentUrl":"https:\/\/secure.gravatar.com\/avatar\/f9f4b823873154269d2b2130f195f6d41037dd0d7fc5f3cacb5c846bae70d66b?s=96&d=mm&r=g","caption":"Karen Bueno"},"url":"https:\/\/schoenstatt.com\/es\/author\/karen-bueno\/"}]}},"_links":{"self":[{"href":"https:\/\/schoenstatt.com\/es\/wp-json\/wp\/v2\/posts\/60077","targetHints":{"allow":["GET"]}}],"collection":[{"href":"https:\/\/schoenstatt.com\/es\/wp-json\/wp\/v2\/posts"}],"about":[{"href":"https:\/\/schoenstatt.com\/es\/wp-json\/wp\/v2\/types\/post"}],"author":[{"embeddable":true,"href":"https:\/\/schoenstatt.com\/es\/wp-json\/wp\/v2\/users\/3"}],"replies":[{"embeddable":true,"href":"https:\/\/schoenstatt.com\/es\/wp-json\/wp\/v2\/comments?post=60077"}],"version-history":[{"count":1,"href":"https:\/\/schoenstatt.com\/es\/wp-json\/wp\/v2\/posts\/60077\/revisions"}],"predecessor-version":[{"id":60078,"href":"https:\/\/schoenstatt.com\/es\/wp-json\/wp\/v2\/posts\/60077\/revisions\/60078"}],"wp:featuredmedia":[{"embeddable":true,"href":"https:\/\/schoenstatt.com\/es\/wp-json\/wp\/v2\/media\/60054"}],"wp:attachment":[{"href":"https:\/\/schoenstatt.com\/es\/wp-json\/wp\/v2\/media?parent=60077"}],"wp:term":[{"taxonomy":"category","embeddable":true,"href":"https:\/\/schoenstatt.com\/es\/wp-json\/wp\/v2\/categories?post=60077"},{"taxonomy":"post_tag","embeddable":true,"href":"https:\/\/schoenstatt.com\/es\/wp-json\/wp\/v2\/tags?post=60077"}],"curies":[{"name":"wp","href":"https:\/\/api.w.org\/{rel}","templated":true}]}}