{"id":59767,"date":"2025-06-12T19:03:57","date_gmt":"2025-06-12T17:03:57","guid":{"rendered":"https:\/\/schoenstatt.com\/?p=59767"},"modified":"2025-08-16T03:37:08","modified_gmt":"2025-08-16T01:37:08","slug":"coronacion-de-maria-reina-mater-ecclesiae-un-dia-de-gracia-y-unidad","status":"publish","type":"post","link":"https:\/\/schoenstatt.com\/es\/coronacion-de-maria-reina-mater-ecclesiae-un-dia-de-gracia-y-unidad\/","title":{"rendered":"Coronaci\u00f3n de Mar\u00eda, Reina Mater Ecclesiae: Un d\u00eda de gracia y unidad"},"content":{"rendered":"\n<p><strong>Roma, 9 de junio de 2025 <\/strong>\u2013 En una atm\u00f3sfera de profunda espiritualidad y alegr\u00eda compartida, la Familia Internacional de Schoenstatt vivi\u00f3 un momento hist\u00f3rico: la Coronaci\u00f3n de Mar\u00eda como Reina Mater Ecclesiae, celebrada solemnemente en el Santuario Internacional de Belmonte, en Roma. El evento, enmarcado en el contexto del Jubileo 2025, reuni\u00f3 a m\u00e1s de 800 peregrinos, entre ellos m\u00e1s de 100 sacerdotes de todo el mundo.<\/p>\n\n\n\n<figure class=\"wp-block-gallery has-nested-images columns-default is-cropped wp-block-gallery-1 is-layout-flex wp-block-gallery-is-layout-flex\">\n<figure class=\"wp-block-image size-large\"><img fetchpriority=\"high\" decoding=\"async\" width=\"2048\" height=\"1152\" data-id=\"59737\" src=\"https:\/\/schoenstatt.com\/wp-content\/uploads\/2025\/06\/Belmonte-coronation-2.jpg\" alt=\"\" class=\"wp-image-59737\" srcset=\"https:\/\/schoenstatt.com\/wp-content\/uploads\/2025\/06\/Belmonte-coronation-2.jpg 2048w, https:\/\/schoenstatt.com\/wp-content\/uploads\/2025\/06\/Belmonte-coronation-2-768x432.jpg 768w, https:\/\/schoenstatt.com\/wp-content\/uploads\/2025\/06\/Belmonte-coronation-2-1536x864.jpg 1536w\" sizes=\"(max-width: 2048px) 100vw, 2048px\" \/><\/figure>\n\n\n\n<figure class=\"wp-block-image size-large\"><img decoding=\"async\" width=\"2048\" height=\"1536\" data-id=\"59740\" src=\"https:\/\/schoenstatt.com\/wp-content\/uploads\/2025\/06\/Belmonte-coronation-3.jpg\" alt=\"\" class=\"wp-image-59740\" srcset=\"https:\/\/schoenstatt.com\/wp-content\/uploads\/2025\/06\/Belmonte-coronation-3.jpg 2048w, https:\/\/schoenstatt.com\/wp-content\/uploads\/2025\/06\/Belmonte-coronation-3-768x576.jpg 768w, https:\/\/schoenstatt.com\/wp-content\/uploads\/2025\/06\/Belmonte-coronation-3-1536x1152.jpg 1536w\" sizes=\"(max-width: 2048px) 100vw, 2048px\" \/><\/figure>\n<\/figure>\n\n\n\n<p>El centro del d\u00eda fue la Santa Misa, celebrada al aire libre bajo un cielo radiante, presidida por el Obispo de la Di\u00f3cesis de Porto-Santa Rufina, Mons. Gianrico Ruzza \u2013 la di\u00f3cesis a la que pertenece el Santuario. El rito de la Coronaci\u00f3n fue conducido por el rector del Santuario, el Arzobispo Ignazio Sanna, y el Presidente de la Presidencia Internacional de Schoenstatt, el P. Alexandre Awi Mello. Mar\u00eda fue proclamada Reina Mater Ecclesiae en nombre del Santuario y de toda la Familia de Schoenstatt: un gesto de profunda fe y confianza en su gu\u00eda maternal.<\/p>\n\n\n\n<figure class=\"wp-block-image aligncenter size-full\"><img decoding=\"async\" width=\"2048\" height=\"1152\" src=\"https:\/\/schoenstatt.com\/wp-content\/uploads\/2025\/06\/Belmonte-coronation-4.jpg\" alt=\"\" class=\"wp-image-59732\" srcset=\"https:\/\/schoenstatt.com\/wp-content\/uploads\/2025\/06\/Belmonte-coronation-4.jpg 2048w, https:\/\/schoenstatt.com\/wp-content\/uploads\/2025\/06\/Belmonte-coronation-4-768x432.jpg 768w, https:\/\/schoenstatt.com\/wp-content\/uploads\/2025\/06\/Belmonte-coronation-4-1536x864.jpg 1536w\" sizes=\"(max-width: 2048px) 100vw, 2048px\" \/><\/figure>\n\n\n\n<p>La corona, bendecida por el Papa Francisco el 16 de octubre de 2024, lleg\u00f3 a Belmonte tras una peregrinaci\u00f3n llena de oraciones y ofrendas en comunidades de Italia y Alemania. Tambi\u00e9n fueron numerosos los testimonios como signo tangible del amor por Mar\u00eda.<\/p>\n\n\n\n<h3 class=\"wp-block-heading\" id=\"h-todas-las-comunidades-estuvieron-presentes\">Todas las comunidades estuvieron presentes<\/h3>\n\n\n\n<p>Los voluntarios acogieron calurosamente a los peregrinos, recogiendo las muchas coronas ofrecidas a la Madre de Dios desde todos los rincones del mundo, que fueron guardadas en la nueva Sala de Coronas, preparada especialmente para la ocasi\u00f3n. Tambi\u00e9n estuvieron presentes miembros de todas las comunidades de Schoenstatt: Hermanas de Mar\u00eda, Se\u00f1oras de Schoenstatt, Padres, Hermanos, Sacerdotes diocesanos, el Instituto de Familias y representantes de las Federaciones y Ligas.<\/p>\n\n\n\n<figure class=\"wp-block-image size-full\"><img loading=\"lazy\" decoding=\"async\" width=\"2048\" height=\"1152\" src=\"https:\/\/schoenstatt.com\/wp-content\/uploads\/2025\/06\/Belmonte-coronation.jpg\" alt=\"\" class=\"wp-image-59748\" srcset=\"https:\/\/schoenstatt.com\/wp-content\/uploads\/2025\/06\/Belmonte-coronation.jpg 2048w, https:\/\/schoenstatt.com\/wp-content\/uploads\/2025\/06\/Belmonte-coronation-768x432.jpg 768w, https:\/\/schoenstatt.com\/wp-content\/uploads\/2025\/06\/Belmonte-coronation-1536x864.jpg 1536w\" sizes=\"(max-width: 2048px) 100vw, 2048px\" \/><\/figure>\n\n\n\n<p>Un gesto conmovedor de sencillez y generosidad vino desde la Rep\u00fablica Checa: el matrimonio Veronika y Petr Zborn\u00edkovi, peregrinos de Praga, prepararon cientos de galletas en forma de corona, distribuidas con alegr\u00eda entre todos los presentes. Un acto simb\u00f3lico que hizo visible el gran esp\u00edritu de familia.<\/p>\n\n\n\n<figure class=\"wp-block-image aligncenter size-full is-resized\"><img loading=\"lazy\" decoding=\"async\" width=\"917\" height=\"1335\" src=\"https:\/\/schoenstatt.com\/wp-content\/uploads\/2025\/06\/Belmonte-coronation-5.jpg\" alt=\"\" class=\"wp-image-59753\" style=\"width:500px\" srcset=\"https:\/\/schoenstatt.com\/wp-content\/uploads\/2025\/06\/Belmonte-coronation-5.jpg 917w, https:\/\/schoenstatt.com\/wp-content\/uploads\/2025\/06\/Belmonte-coronation-5-768x1118.jpg 768w\" sizes=\"(max-width: 917px) 100vw, 917px\" \/><\/figure>\n\n\n\n<p>El evento tambi\u00e9n fue seguido a distancia gracias a la transmisi\u00f3n en vivo por Schoenstatt TV y el canal de Belmonte en YouTube, lo que permiti\u00f3 a muchos fieles del mundo unirse espiritualmente a la celebraci\u00f3n.<\/p>\n\n\n\n<p>La tarde continu\u00f3 con momentos de fraternidad, un almuerzo comunitario, encuentros y talleres, que reforzaron el sentido de comuni\u00f3n y misi\u00f3n compartida.<\/p>\n\n\n\n<p>Esta Coronaci\u00f3n no es solo un recuerdo precioso, sino un signo prof\u00e9tico para la Iglesia y todo Schoenstatt: Mar\u00eda, Reina Mater Ecclesiae, camina con nosotros. Gu\u00eda con amor nuestra peregrinaci\u00f3n de fe en la construcci\u00f3n de una Iglesia viva, unida y llena de esperanza.<\/p>\n\n\n\n<div class=\"wp-block-buttons is-content-justification-center is-layout-flex wp-container-core-buttons-is-layout-a89b3969 wp-block-buttons-is-layout-flex\">\n<div class=\"wp-block-button\"><a class=\"wp-block-button__link has-white-color has-text-color has-background has-link-color wp-element-button\" href=\"https:\/\/flic.kr\/s\/aHBqjChQDA\" style=\"background-color:#e7921b\" target=\"_blank\" rel=\"noreferrer noopener\"><strong>M\u00c1S FOTOS<\/strong><\/a><\/div>\n<\/div>\n\n\n\n<div style=\"height:35px\" aria-hidden=\"true\" class=\"wp-block-spacer\"><\/div>\n\n\n\n<figure class=\"wp-block-image aligncenter size-full\"><img loading=\"lazy\" decoding=\"async\" width=\"2048\" height=\"1357\" src=\"https:\/\/schoenstatt.com\/wp-content\/uploads\/2025\/06\/Belmonte.jpg\" alt=\"\" class=\"wp-image-59758\" srcset=\"https:\/\/schoenstatt.com\/wp-content\/uploads\/2025\/06\/Belmonte.jpg 2048w, https:\/\/schoenstatt.com\/wp-content\/uploads\/2025\/06\/Belmonte-768x509.jpg 768w, https:\/\/schoenstatt.com\/wp-content\/uploads\/2025\/06\/Belmonte-1536x1018.jpg 1536w\" sizes=\"(max-width: 2048px) 100vw, 2048px\" \/><\/figure>\n\n\n\n<p><strong>Traducci\u00f3n: <\/strong>Hna. M. Lourdes Mac\u00edas<\/p>\n","protected":false},"excerpt":{"rendered":"<p>La Madre de Dios recibe la corona y todo el amor de la Familia Internacional de Schoenstatt en Belmonte.<\/p>\n","protected":false},"author":3,"featured_media":59736,"comment_status":"closed","ping_status":"closed","sticky":false,"template":"","format":"standard","meta":{"footnotes":""},"categories":[630],"tags":[444,980],"class_list":["post-59767","post","type-post","status-publish","format-standard","has-post-thumbnail","hentry","category-eventos-es","tag-belmonte-roma-es","tag-coronacion-es"],"yoast_head":"<!-- This site is optimized with the Yoast SEO Premium plugin v27.4 (Yoast SEO v27.4) - https:\/\/yoast.com\/product\/yoast-seo-premium-wordpress\/ -->\n<title>Coronaci\u00f3n de Mar\u00eda, Reina Mater Ecclesiae: Un d\u00eda de gracia y unidad<\/title>\n<meta name=\"description\" content=\"La Madre de Dios recibe la corona y todo el amor de la Familia Internacional de Schoenstatt en Belmonte, Roma.\" \/>\n<meta name=\"robots\" content=\"index, follow, max-snippet:-1, max-image-preview:large, max-video-preview:-1\" \/>\n<link rel=\"canonical\" href=\"https:\/\/schoenstatt.com\/es\/coronacion-de-maria-reina-mater-ecclesiae-un-dia-de-gracia-y-unidad\/\" \/>\n<meta property=\"og:locale\" content=\"es_ES\" \/>\n<meta property=\"og:type\" content=\"article\" \/>\n<meta property=\"og:title\" content=\"Coronaci\u00f3n de Mar\u00eda, Reina Mater Ecclesiae: Un d\u00eda de gracia y unidad\" \/>\n<meta property=\"og:description\" content=\"La Madre de Dios recibe la corona y todo el amor de la Familia Internacional de Schoenstatt en Belmonte, Roma.\" \/>\n<meta property=\"og:url\" content=\"https:\/\/schoenstatt.com\/es\/coronacion-de-maria-reina-mater-ecclesiae-un-dia-de-gracia-y-unidad\/\" \/>\n<meta property=\"og:site_name\" content=\"Schoenstatt\" \/>\n<meta property=\"article:published_time\" content=\"2025-06-12T17:03:57+00:00\" \/>\n<meta property=\"article:modified_time\" content=\"2025-08-16T01:37:08+00:00\" \/>\n<meta property=\"og:image\" content=\"https:\/\/schoenstatt.com\/wp-content\/uploads\/2025\/06\/Belmonte-coronation-4.jpg\" \/>\n\t<meta property=\"og:image:width\" content=\"2048\" \/>\n\t<meta property=\"og:image:height\" content=\"1152\" \/>\n\t<meta property=\"og:image:type\" content=\"image\/jpeg\" \/>\n<meta name=\"author\" content=\"Karen Bueno\" \/>\n<meta name=\"twitter:card\" content=\"summary_large_image\" \/>\n<meta name=\"twitter:label1\" content=\"Escrito por\" \/>\n\t<meta name=\"twitter:data1\" content=\"Karen Bueno\" \/>\n\t<meta name=\"twitter:label2\" content=\"Tiempo de lectura\" \/>\n\t<meta name=\"twitter:data2\" content=\"4 minutos\" \/>\n<script type=\"application\/ld+json\" class=\"yoast-schema-graph\">{\"@context\":\"https:\\\/\\\/schema.org\",\"@graph\":[{\"@type\":\"Article\",\"@id\":\"https:\\\/\\\/schoenstatt.com\\\/es\\\/coronacion-de-maria-reina-mater-ecclesiae-un-dia-de-gracia-y-unidad\\\/#article\",\"isPartOf\":{\"@id\":\"https:\\\/\\\/schoenstatt.com\\\/es\\\/coronacion-de-maria-reina-mater-ecclesiae-un-dia-de-gracia-y-unidad\\\/\"},\"author\":{\"name\":\"Karen Bueno\",\"@id\":\"https:\\\/\\\/schoenstatt.com\\\/es\\\/#\\\/schema\\\/person\\\/5158877ad4acae98b34daaeef2a1ce6e\"},\"headline\":\"Coronaci\u00f3n de Mar\u00eda, Reina Mater Ecclesiae: Un d\u00eda de gracia y unidad\",\"datePublished\":\"2025-06-12T17:03:57+00:00\",\"dateModified\":\"2025-08-16T01:37:08+00:00\",\"mainEntityOfPage\":{\"@id\":\"https:\\\/\\\/schoenstatt.com\\\/es\\\/coronacion-de-maria-reina-mater-ecclesiae-un-dia-de-gracia-y-unidad\\\/\"},\"wordCount\":480,\"publisher\":{\"@id\":\"https:\\\/\\\/schoenstatt.com\\\/es\\\/#organization\"},\"image\":{\"@id\":\"https:\\\/\\\/schoenstatt.com\\\/es\\\/coronacion-de-maria-reina-mater-ecclesiae-un-dia-de-gracia-y-unidad\\\/#primaryimage\"},\"thumbnailUrl\":\"https:\\\/\\\/schoenstatt.com\\\/wp-content\\\/uploads\\\/2025\\\/06\\\/Belmonte-coronation-4.jpg\",\"keywords\":[\"Belmonte - Roma\",\"Coronaci\u00f3n\"],\"articleSection\":[\"Eventos\"],\"inLanguage\":\"es\"},{\"@type\":\"WebPage\",\"@id\":\"https:\\\/\\\/schoenstatt.com\\\/es\\\/coronacion-de-maria-reina-mater-ecclesiae-un-dia-de-gracia-y-unidad\\\/\",\"url\":\"https:\\\/\\\/schoenstatt.com\\\/es\\\/coronacion-de-maria-reina-mater-ecclesiae-un-dia-de-gracia-y-unidad\\\/\",\"name\":\"Coronaci\u00f3n de Mar\u00eda, Reina Mater Ecclesiae: Un d\u00eda de gracia y unidad\",\"isPartOf\":{\"@id\":\"https:\\\/\\\/schoenstatt.com\\\/es\\\/#website\"},\"primaryImageOfPage\":{\"@id\":\"https:\\\/\\\/schoenstatt.com\\\/es\\\/coronacion-de-maria-reina-mater-ecclesiae-un-dia-de-gracia-y-unidad\\\/#primaryimage\"},\"image\":{\"@id\":\"https:\\\/\\\/schoenstatt.com\\\/es\\\/coronacion-de-maria-reina-mater-ecclesiae-un-dia-de-gracia-y-unidad\\\/#primaryimage\"},\"thumbnailUrl\":\"https:\\\/\\\/schoenstatt.com\\\/wp-content\\\/uploads\\\/2025\\\/06\\\/Belmonte-coronation-4.jpg\",\"datePublished\":\"2025-06-12T17:03:57+00:00\",\"dateModified\":\"2025-08-16T01:37:08+00:00\",\"description\":\"La Madre de Dios recibe la corona y todo el amor de la Familia Internacional de Schoenstatt en Belmonte, Roma.\",\"breadcrumb\":{\"@id\":\"https:\\\/\\\/schoenstatt.com\\\/es\\\/coronacion-de-maria-reina-mater-ecclesiae-un-dia-de-gracia-y-unidad\\\/#breadcrumb\"},\"inLanguage\":\"es\",\"potentialAction\":[{\"@type\":\"ReadAction\",\"target\":[\"https:\\\/\\\/schoenstatt.com\\\/es\\\/coronacion-de-maria-reina-mater-ecclesiae-un-dia-de-gracia-y-unidad\\\/\"]}]},{\"@type\":\"ImageObject\",\"inLanguage\":\"es\",\"@id\":\"https:\\\/\\\/schoenstatt.com\\\/es\\\/coronacion-de-maria-reina-mater-ecclesiae-un-dia-de-gracia-y-unidad\\\/#primaryimage\",\"url\":\"https:\\\/\\\/schoenstatt.com\\\/wp-content\\\/uploads\\\/2025\\\/06\\\/Belmonte-coronation-4.jpg\",\"contentUrl\":\"https:\\\/\\\/schoenstatt.com\\\/wp-content\\\/uploads\\\/2025\\\/06\\\/Belmonte-coronation-4.jpg\",\"width\":2048,\"height\":1152},{\"@type\":\"BreadcrumbList\",\"@id\":\"https:\\\/\\\/schoenstatt.com\\\/es\\\/coronacion-de-maria-reina-mater-ecclesiae-un-dia-de-gracia-y-unidad\\\/#breadcrumb\",\"itemListElement\":[{\"@type\":\"ListItem\",\"position\":1,\"name\":\"Portada\",\"item\":\"https:\\\/\\\/schoenstatt.com\\\/es\\\/home\\\/\"},{\"@type\":\"ListItem\",\"position\":2,\"name\":\"Coronaci\u00f3n de Mar\u00eda, Reina Mater Ecclesiae: Un d\u00eda de gracia y unidad\"}]},{\"@type\":\"WebSite\",\"@id\":\"https:\\\/\\\/schoenstatt.com\\\/es\\\/#website\",\"url\":\"https:\\\/\\\/schoenstatt.com\\\/es\\\/\",\"name\":\"Schoenstatt\",\"description\":\"Apostolic Movement\",\"publisher\":{\"@id\":\"https:\\\/\\\/schoenstatt.com\\\/es\\\/#organization\"},\"potentialAction\":[{\"@type\":\"SearchAction\",\"target\":{\"@type\":\"EntryPoint\",\"urlTemplate\":\"https:\\\/\\\/schoenstatt.com\\\/es\\\/?s={search_term_string}\"},\"query-input\":{\"@type\":\"PropertyValueSpecification\",\"valueRequired\":true,\"valueName\":\"search_term_string\"}}],\"inLanguage\":\"es\"},{\"@type\":\"Organization\",\"@id\":\"https:\\\/\\\/schoenstatt.com\\\/es\\\/#organization\",\"name\":\"Schoenstatt\",\"url\":\"https:\\\/\\\/schoenstatt.com\\\/es\\\/\",\"logo\":{\"@type\":\"ImageObject\",\"inLanguage\":\"es\",\"@id\":\"https:\\\/\\\/schoenstatt.com\\\/es\\\/#\\\/schema\\\/logo\\\/image\\\/\",\"url\":\"https:\\\/\\\/schoenstatt.com\\\/wp-content\\\/uploads\\\/2025\\\/04\\\/logo-schoenstatt-white-696x696-1.png\",\"contentUrl\":\"https:\\\/\\\/schoenstatt.com\\\/wp-content\\\/uploads\\\/2025\\\/04\\\/logo-schoenstatt-white-696x696-1.png\",\"width\":696,\"height\":694,\"caption\":\"Schoenstatt\"},\"image\":{\"@id\":\"https:\\\/\\\/schoenstatt.com\\\/es\\\/#\\\/schema\\\/logo\\\/image\\\/\"}},{\"@type\":\"Person\",\"@id\":\"https:\\\/\\\/schoenstatt.com\\\/es\\\/#\\\/schema\\\/person\\\/5158877ad4acae98b34daaeef2a1ce6e\",\"name\":\"Karen Bueno\",\"image\":{\"@type\":\"ImageObject\",\"inLanguage\":\"es\",\"@id\":\"https:\\\/\\\/secure.gravatar.com\\\/avatar\\\/f9f4b823873154269d2b2130f195f6d41037dd0d7fc5f3cacb5c846bae70d66b?s=96&d=mm&r=g\",\"url\":\"https:\\\/\\\/secure.gravatar.com\\\/avatar\\\/f9f4b823873154269d2b2130f195f6d41037dd0d7fc5f3cacb5c846bae70d66b?s=96&d=mm&r=g\",\"contentUrl\":\"https:\\\/\\\/secure.gravatar.com\\\/avatar\\\/f9f4b823873154269d2b2130f195f6d41037dd0d7fc5f3cacb5c846bae70d66b?s=96&d=mm&r=g\",\"caption\":\"Karen Bueno\"},\"url\":\"https:\\\/\\\/schoenstatt.com\\\/es\\\/author\\\/karen-bueno\\\/\"}]}<\/script>\n<!-- \/ Yoast SEO Premium plugin. -->","yoast_head_json":{"title":"Coronaci\u00f3n de Mar\u00eda, Reina Mater Ecclesiae: Un d\u00eda de gracia y unidad","description":"La Madre de Dios recibe la corona y todo el amor de la Familia Internacional de Schoenstatt en Belmonte, Roma.","robots":{"index":"index","follow":"follow","max-snippet":"max-snippet:-1","max-image-preview":"max-image-preview:large","max-video-preview":"max-video-preview:-1"},"canonical":"https:\/\/schoenstatt.com\/es\/coronacion-de-maria-reina-mater-ecclesiae-un-dia-de-gracia-y-unidad\/","og_locale":"es_ES","og_type":"article","og_title":"Coronaci\u00f3n de Mar\u00eda, Reina Mater Ecclesiae: Un d\u00eda de gracia y unidad","og_description":"La Madre de Dios recibe la corona y todo el amor de la Familia Internacional de Schoenstatt en Belmonte, Roma.","og_url":"https:\/\/schoenstatt.com\/es\/coronacion-de-maria-reina-mater-ecclesiae-un-dia-de-gracia-y-unidad\/","og_site_name":"Schoenstatt","article_published_time":"2025-06-12T17:03:57+00:00","article_modified_time":"2025-08-16T01:37:08+00:00","og_image":[{"url":"https:\/\/schoenstatt.com\/wp-content\/uploads\/2025\/06\/Belmonte-coronation-4.jpg","width":2048,"height":1152,"type":"image\/jpeg"}],"author":"Karen Bueno","twitter_card":"summary_large_image","twitter_misc":{"Escrito por":"Karen Bueno","Tiempo de lectura":"4 minutos"},"schema":{"@context":"https:\/\/schema.org","@graph":[{"@type":"Article","@id":"https:\/\/schoenstatt.com\/es\/coronacion-de-maria-reina-mater-ecclesiae-un-dia-de-gracia-y-unidad\/#article","isPartOf":{"@id":"https:\/\/schoenstatt.com\/es\/coronacion-de-maria-reina-mater-ecclesiae-un-dia-de-gracia-y-unidad\/"},"author":{"name":"Karen Bueno","@id":"https:\/\/schoenstatt.com\/es\/#\/schema\/person\/5158877ad4acae98b34daaeef2a1ce6e"},"headline":"Coronaci\u00f3n de Mar\u00eda, Reina Mater Ecclesiae: Un d\u00eda de gracia y unidad","datePublished":"2025-06-12T17:03:57+00:00","dateModified":"2025-08-16T01:37:08+00:00","mainEntityOfPage":{"@id":"https:\/\/schoenstatt.com\/es\/coronacion-de-maria-reina-mater-ecclesiae-un-dia-de-gracia-y-unidad\/"},"wordCount":480,"publisher":{"@id":"https:\/\/schoenstatt.com\/es\/#organization"},"image":{"@id":"https:\/\/schoenstatt.com\/es\/coronacion-de-maria-reina-mater-ecclesiae-un-dia-de-gracia-y-unidad\/#primaryimage"},"thumbnailUrl":"https:\/\/schoenstatt.com\/wp-content\/uploads\/2025\/06\/Belmonte-coronation-4.jpg","keywords":["Belmonte - Roma","Coronaci\u00f3n"],"articleSection":["Eventos"],"inLanguage":"es"},{"@type":"WebPage","@id":"https:\/\/schoenstatt.com\/es\/coronacion-de-maria-reina-mater-ecclesiae-un-dia-de-gracia-y-unidad\/","url":"https:\/\/schoenstatt.com\/es\/coronacion-de-maria-reina-mater-ecclesiae-un-dia-de-gracia-y-unidad\/","name":"Coronaci\u00f3n de Mar\u00eda, Reina Mater Ecclesiae: Un d\u00eda de gracia y unidad","isPartOf":{"@id":"https:\/\/schoenstatt.com\/es\/#website"},"primaryImageOfPage":{"@id":"https:\/\/schoenstatt.com\/es\/coronacion-de-maria-reina-mater-ecclesiae-un-dia-de-gracia-y-unidad\/#primaryimage"},"image":{"@id":"https:\/\/schoenstatt.com\/es\/coronacion-de-maria-reina-mater-ecclesiae-un-dia-de-gracia-y-unidad\/#primaryimage"},"thumbnailUrl":"https:\/\/schoenstatt.com\/wp-content\/uploads\/2025\/06\/Belmonte-coronation-4.jpg","datePublished":"2025-06-12T17:03:57+00:00","dateModified":"2025-08-16T01:37:08+00:00","description":"La Madre de Dios recibe la corona y todo el amor de la Familia Internacional de Schoenstatt en Belmonte, Roma.","breadcrumb":{"@id":"https:\/\/schoenstatt.com\/es\/coronacion-de-maria-reina-mater-ecclesiae-un-dia-de-gracia-y-unidad\/#breadcrumb"},"inLanguage":"es","potentialAction":[{"@type":"ReadAction","target":["https:\/\/schoenstatt.com\/es\/coronacion-de-maria-reina-mater-ecclesiae-un-dia-de-gracia-y-unidad\/"]}]},{"@type":"ImageObject","inLanguage":"es","@id":"https:\/\/schoenstatt.com\/es\/coronacion-de-maria-reina-mater-ecclesiae-un-dia-de-gracia-y-unidad\/#primaryimage","url":"https:\/\/schoenstatt.com\/wp-content\/uploads\/2025\/06\/Belmonte-coronation-4.jpg","contentUrl":"https:\/\/schoenstatt.com\/wp-content\/uploads\/2025\/06\/Belmonte-coronation-4.jpg","width":2048,"height":1152},{"@type":"BreadcrumbList","@id":"https:\/\/schoenstatt.com\/es\/coronacion-de-maria-reina-mater-ecclesiae-un-dia-de-gracia-y-unidad\/#breadcrumb","itemListElement":[{"@type":"ListItem","position":1,"name":"Portada","item":"https:\/\/schoenstatt.com\/es\/home\/"},{"@type":"ListItem","position":2,"name":"Coronaci\u00f3n de Mar\u00eda, Reina Mater Ecclesiae: Un d\u00eda de gracia y unidad"}]},{"@type":"WebSite","@id":"https:\/\/schoenstatt.com\/es\/#website","url":"https:\/\/schoenstatt.com\/es\/","name":"Schoenstatt","description":"Apostolic Movement","publisher":{"@id":"https:\/\/schoenstatt.com\/es\/#organization"},"potentialAction":[{"@type":"SearchAction","target":{"@type":"EntryPoint","urlTemplate":"https:\/\/schoenstatt.com\/es\/?s={search_term_string}"},"query-input":{"@type":"PropertyValueSpecification","valueRequired":true,"valueName":"search_term_string"}}],"inLanguage":"es"},{"@type":"Organization","@id":"https:\/\/schoenstatt.com\/es\/#organization","name":"Schoenstatt","url":"https:\/\/schoenstatt.com\/es\/","logo":{"@type":"ImageObject","inLanguage":"es","@id":"https:\/\/schoenstatt.com\/es\/#\/schema\/logo\/image\/","url":"https:\/\/schoenstatt.com\/wp-content\/uploads\/2025\/04\/logo-schoenstatt-white-696x696-1.png","contentUrl":"https:\/\/schoenstatt.com\/wp-content\/uploads\/2025\/04\/logo-schoenstatt-white-696x696-1.png","width":696,"height":694,"caption":"Schoenstatt"},"image":{"@id":"https:\/\/schoenstatt.com\/es\/#\/schema\/logo\/image\/"}},{"@type":"Person","@id":"https:\/\/schoenstatt.com\/es\/#\/schema\/person\/5158877ad4acae98b34daaeef2a1ce6e","name":"Karen Bueno","image":{"@type":"ImageObject","inLanguage":"es","@id":"https:\/\/secure.gravatar.com\/avatar\/f9f4b823873154269d2b2130f195f6d41037dd0d7fc5f3cacb5c846bae70d66b?s=96&d=mm&r=g","url":"https:\/\/secure.gravatar.com\/avatar\/f9f4b823873154269d2b2130f195f6d41037dd0d7fc5f3cacb5c846bae70d66b?s=96&d=mm&r=g","contentUrl":"https:\/\/secure.gravatar.com\/avatar\/f9f4b823873154269d2b2130f195f6d41037dd0d7fc5f3cacb5c846bae70d66b?s=96&d=mm&r=g","caption":"Karen Bueno"},"url":"https:\/\/schoenstatt.com\/es\/author\/karen-bueno\/"}]}},"_links":{"self":[{"href":"https:\/\/schoenstatt.com\/es\/wp-json\/wp\/v2\/posts\/59767","targetHints":{"allow":["GET"]}}],"collection":[{"href":"https:\/\/schoenstatt.com\/es\/wp-json\/wp\/v2\/posts"}],"about":[{"href":"https:\/\/schoenstatt.com\/es\/wp-json\/wp\/v2\/types\/post"}],"author":[{"embeddable":true,"href":"https:\/\/schoenstatt.com\/es\/wp-json\/wp\/v2\/users\/3"}],"replies":[{"embeddable":true,"href":"https:\/\/schoenstatt.com\/es\/wp-json\/wp\/v2\/comments?post=59767"}],"version-history":[{"count":1,"href":"https:\/\/schoenstatt.com\/es\/wp-json\/wp\/v2\/posts\/59767\/revisions"}],"predecessor-version":[{"id":59768,"href":"https:\/\/schoenstatt.com\/es\/wp-json\/wp\/v2\/posts\/59767\/revisions\/59768"}],"wp:featuredmedia":[{"embeddable":true,"href":"https:\/\/schoenstatt.com\/es\/wp-json\/wp\/v2\/media\/59736"}],"wp:attachment":[{"href":"https:\/\/schoenstatt.com\/es\/wp-json\/wp\/v2\/media?parent=59767"}],"wp:term":[{"taxonomy":"category","embeddable":true,"href":"https:\/\/schoenstatt.com\/es\/wp-json\/wp\/v2\/categories?post=59767"},{"taxonomy":"post_tag","embeddable":true,"href":"https:\/\/schoenstatt.com\/es\/wp-json\/wp\/v2\/tags?post=59767"}],"curies":[{"name":"wp","href":"https:\/\/api.w.org\/{rel}","templated":true}]}}