{"id":58923,"date":"2025-06-01T03:03:00","date_gmt":"2025-06-01T01:03:00","guid":{"rendered":"https:\/\/schoenstatt.com\/?p=58923"},"modified":"2025-05-30T22:05:56","modified_gmt":"2025-05-30T20:05:56","slug":"juventud-de-nigeria-compartiendo-esperanza-a-traves-de-las-redes-sociales","status":"publish","type":"post","link":"https:\/\/schoenstatt.com\/es\/juventud-de-nigeria-compartiendo-esperanza-a-traves-de-las-redes-sociales\/","title":{"rendered":"Juventud de Nigeria: Compartiendo esperanza a trav\u00e9s de las redes sociales"},"content":{"rendered":"\n<p>El Santuario de la Victoria en Ibadan, Nigeria, es m\u00e1s que un nombre, es una proclamaci\u00f3n de confianza. Simboliza el triunfo de la gracia, de la presencia materna de Mar\u00eda y de la alianza de amor en el coraz\u00f3n de sus hijos. El nombre refleja el esp\u00edritu victorioso de la Juventud de Schoenstatt y la confianza de que Mar\u00eda siempre nos llevar\u00e1 a la victoria, incluso en medio de las pruebas.<\/p>\n\n\n\n<p>A la luz del Santuario de la Victoria, la Juventud de Schoenstatt comparte esperanza a trav\u00e9s de las redes sociales.<\/p>\n\n\n\n<p>Este domingo celebramos la <a href=\"https:\/\/www.vatican.va\/content\/francesco\/es\/messages\/communications\/documents\/20250124-messaggio-comunicazioni-sociali.html\">59\u00aa Jornada Mundial de las Comunicaciones Sociales<\/a>, bajo el lema: \u00abCompartan con mansedumbre la esperanza que hay en sus corazones (cf. 1 P 3,15-16)\u00bb. Sobre ello, hablamos con la joven Hannah Amarachi, tambi\u00e9n conocida como Diana, que es la Vicepresidenta de la Juventud de Ijokodo, Nigeria, y tambi\u00e9n la Directora de Bienestar de SVY.<\/p>\n\n\n\n<figure class=\"wp-block-image aligncenter size-full is-resized\"><img fetchpriority=\"high\" decoding=\"async\" width=\"1080\" height=\"1080\" src=\"https:\/\/schoenstatt.com\/wp-content\/uploads\/2025\/05\/Schoenstatt-Youth-Nigeria-2.jpg\" alt=\"\" class=\"wp-image-58915\" style=\"width:500px\" srcset=\"https:\/\/schoenstatt.com\/wp-content\/uploads\/2025\/05\/Schoenstatt-Youth-Nigeria-2.jpg 1080w, https:\/\/schoenstatt.com\/wp-content\/uploads\/2025\/05\/Schoenstatt-Youth-Nigeria-2-768x768.jpg 768w\" sizes=\"(max-width: 1080px) 100vw, 1080px\" \/><\/figure>\n\n\n\n<h3 class=\"wp-block-heading\" id=\"h-que-son-las-paginas-svy\">\u00bfQu\u00e9 son las p\u00e1ginas SVY?<\/h3>\n\n\n\n<p>Las p\u00e1ginas SVY son las plataformas de redes sociales creadas para que los J\u00f3venes de Schoenstatt Nigeria compartan su espiritualidad, actividades sociales y testimonios. Son el tiktok (SVY NIGERIA), el Instagram (Schoenstattyouthsnigeria) y la p\u00e1gina de facebook (Schoenstatt Youths Nigeria).<\/p>\n\n\n\n<p><strong>SVY son las siglas de la Juventud Victoriosa de Schoenstatt<\/strong> (en ingl\u00e9s Schoenstatt Victorious Youth). Las P\u00e1ginas SVY son una iniciativa digital liderada por los j\u00f3venes, que presenta reflexiones, historias, contenido espiritual y momentos de gracia. Es una plataforma misionera vibrante dise\u00f1ada para inspirar a otros j\u00f3venes a vivir con prop\u00f3sito y en alianza con Mar\u00eda.<\/p>\n\n\n\n<figure class=\"wp-block-gallery has-nested-images columns-default is-cropped wp-block-gallery-1 is-layout-flex wp-block-gallery-is-layout-flex\">\n<figure class=\"wp-block-image size-large\"><img decoding=\"async\" width=\"715\" height=\"953\" data-id=\"58900\" src=\"https:\/\/schoenstatt.com\/wp-content\/uploads\/2025\/05\/Schoenstatt-Shrine-Nigeria.jpg\" alt=\"\" class=\"wp-image-58900\"\/><\/figure>\n\n\n\n<figure class=\"wp-block-image size-large\"><img decoding=\"async\" width=\"715\" height=\"953\" data-id=\"58895\" src=\"https:\/\/schoenstatt.com\/wp-content\/uploads\/2025\/05\/Schoenstatt-Youth-Nigeria.jpg\" alt=\"\" class=\"wp-image-58895\"\/><\/figure>\n<\/figure>\n\n\n\n<h3 class=\"wp-block-heading\" id=\"h-como-surgio-la-idea-de-llegar-a-las-redes\">\u00bfC\u00f3mo surgi\u00f3 la idea de llegar a las redes?<\/h3>\n\n\n\n<p>La necesidad de darla a conocer surgi\u00f3 de nuestros encuentros con la gracia en el Santuario de la Victoria. No pod\u00edamos guardarnos la experiencia para nosotros mismos. Nos sentimos obligados a compartir, a trav\u00e9s de testimonios, im\u00e1genes y reflexiones, para que otros tambi\u00e9n pudieran encontrarse con Mar\u00eda y experimentar la misma transformaci\u00f3n que nosotros.<\/p>\n\n\n\n<h3 class=\"wp-block-heading\" id=\"h-cual-fue-la-primera-red-pagina-que-abrio-svy\">\u00bfCu\u00e1l fue la primera red (p\u00e1gina) que abri\u00f3 SVY?<\/h3>\n\n\n\n<p>Instagram, luego Tiktok seguido de Facebook, que era reciente.<\/p>\n\n\n\n<h3 class=\"wp-block-heading\" id=\"h-cual-es-su-publico-a-quien-quieren-llegar\">\u00bfCu\u00e1l es su p\u00fablico, a qui\u00e9n quieren llegar?<\/h3>\n\n\n\n<p>Nuestra misi\u00f3n y deseo es llegar a personas de todos los \u00e1mbitos de la vida que puedan estar luchando con sentimientos de desesperaci\u00f3n, soledad o incertidumbre, especialmente a los j\u00f3venes que a\u00fan lidian con las complejidades de la vida moderna. Queremos conectar con quienes se sienten perdidos, solos u olvidados, y ofrecerles un mensaje de esperanza, amor, el poder de la comunidad y redenci\u00f3n. Ya sea un joven que enfrenta los desaf\u00edos de la adultez, un padre que lucha por conciliar el trabajo y la familia, o una persona con problemas de salud, nuestro objetivo es brindar consuelo, reconforto e inspiraci\u00f3n. Al compartir contenido inspirador, actividades emocionantes de los j\u00f3venes, pedagog\u00eda de Schoenstatt y reflexiones, esperamos inspirar a otros a aferrarse a la esperanza, a tener personalidades libres y firmes, y a encontrar fortaleza en su relaci\u00f3n con Dios.<\/p>\n\n\n\n<figure class=\"wp-block-gallery has-nested-images columns-default is-cropped wp-block-gallery-2 is-layout-flex wp-block-gallery-is-layout-flex\">\n<figure class=\"wp-block-image size-large\"><img loading=\"lazy\" decoding=\"async\" width=\"1080\" height=\"1350\" data-id=\"58910\" src=\"https:\/\/schoenstatt.com\/wp-content\/uploads\/2025\/05\/Schoenstatt-Youth-Nigeria-3.jpg\" alt=\"\" class=\"wp-image-58910\" srcset=\"https:\/\/schoenstatt.com\/wp-content\/uploads\/2025\/05\/Schoenstatt-Youth-Nigeria-3.jpg 1080w, https:\/\/schoenstatt.com\/wp-content\/uploads\/2025\/05\/Schoenstatt-Youth-Nigeria-3-768x960.jpg 768w\" sizes=\"(max-width: 1080px) 100vw, 1080px\" \/><\/figure>\n\n\n\n<figure class=\"wp-block-image size-large\"><img loading=\"lazy\" decoding=\"async\" width=\"1080\" height=\"1350\" data-id=\"58905\" src=\"https:\/\/schoenstatt.com\/wp-content\/uploads\/2025\/05\/Schoenstatt-Youth-Nigeria-4.webp\" alt=\"\" class=\"wp-image-58905\" srcset=\"https:\/\/schoenstatt.com\/wp-content\/uploads\/2025\/05\/Schoenstatt-Youth-Nigeria-4.webp 1080w, https:\/\/schoenstatt.com\/wp-content\/uploads\/2025\/05\/Schoenstatt-Youth-Nigeria-4-768x960.webp 768w\" sizes=\"(max-width: 1080px) 100vw, 1080px\" \/><\/figure>\n<\/figure>\n\n\n\n<h3 class=\"wp-block-heading\" id=\"h-como-decidieron-lo-que-distribuirian\">\u00bfC\u00f3mo decidieron lo que distribuir\u00edan?<\/h3>\n\n\n\n<p>El equipo de creadores de contenido de SVY discierne cuidadosamente el contenido que es real, relevante, preciso y arraigado en nuestra espiritualidad de Schoenstatt. Su objetivo es hablar directamente a los corazones de los j\u00f3venes y del mundo en general, destacando lo que m\u00e1s resuena: la transformaci\u00f3n interior, los estilos pedag\u00f3gicos, la fe en la acci\u00f3n, la devoci\u00f3n mariana, la vida victoriosa en las luchas diarias y mucho m\u00e1s.<\/p>\n\n\n\n<h3 class=\"wp-block-heading\" id=\"h-como-difundir-esperanza-a-traves-de-las-redes-sociales\">\u00bfC\u00f3mo difundir esperanza a trav\u00e9s de las redes sociales?<\/h3>\n\n\n\n<p>En una era donde las redes sociales se han convertido en parte integral de nuestras vidas, tambi\u00e9n se han convertido en una poderosa herramienta para difundir esperanza, amor, comunidad e inspiraci\u00f3n. Como portadores de esperanza, en la Juventud Victoriosa de Schoenstatt Nigeria creemos que las redes sociales pueden aprovecharse para compartir mensajes de resiliencia, fe y amor. Como seguidores de Cristo, estamos llamados a ser instrumentos de esperanza en un mundo a menudo sumido en la oscuridad. Al crear y compartir contenido que anima, concientiza y motiva, buscamos inspirar a otros a aferrarse a la esperanza, incluso frente a la adversidad.<\/p>\n\n\n\n<h3 class=\"wp-block-heading\" id=\"h-how-do-you-keep-hope-alive-in-yourself-and-share-it-with-the-world\">How do you keep hope alive in yourself and share it with the world?<\/h3>\n\n\n\n<p>To keep hope alive in me and SVY youth in general, we prioritize practices that nurture our spiritual well-being, such as prayer, retreats, formation programs, camps, pilgrimages, reflection, and community activities. By standing firm in our faith and values, we cultivate a sense of purpose and meaning that fuels our passion for spreading hope. To bring hope to the world, we strive to be a source of encouragement and support for others, whether through social networking, personal interactions, or community involvement. By sharing our own experiences, struggles, and triumphs, we hope to inspire others to hold on to hope and find strength in their paths, rooted in Christ.<\/p>\n\n\n\n<p><strong>Our social media pages are:<\/strong><br><strong>Instagram<\/strong> &#8211; Schoenstatt Youth Nigeria<br><strong>TikTok<\/strong> &#8211; SVY Nigeria<br><strong>Facebook <\/strong>&#8211; Schoenstatt Youth Nigeria<\/p>\n\n\n\n<p><strong>Translation:<\/strong> Maribel Acaron<\/p>\n","protected":false},"excerpt":{"rendered":"<p>En la Jornada Mundial de las Comunicaciones Sociales, vamos a conocer el trabajo de la Juventud de Schoenstatt de Nigeria.<\/p>\n","protected":false},"author":3,"featured_media":58894,"comment_status":"closed","ping_status":"closed","sticky":false,"template":"","format":"standard","meta":{"footnotes":""},"categories":[637,923],"tags":[567],"class_list":["post-58923","post","type-post","status-publish","format-standard","has-post-thumbnail","hentry","category-africa-es","category-juventud-es","tag-juventud-de-schoenstatt-es"],"yoast_head":"<!-- This site is optimized with the Yoast SEO Premium plugin v27.4 (Yoast SEO v27.4) - https:\/\/yoast.com\/product\/yoast-seo-premium-wordpress\/ -->\n<title>Juventud de Nigeria: Compartiendo esperanza a trav\u00e9s de las redes sociales<\/title>\n<meta name=\"description\" content=\"En la Jornada Mundial de las Comunicaciones Sociales, vamos a conocer el trabajo de la Juventud de Schoenstatt de Nigeria.\" \/>\n<meta name=\"robots\" content=\"index, follow, max-snippet:-1, max-image-preview:large, max-video-preview:-1\" \/>\n<link rel=\"canonical\" href=\"https:\/\/schoenstatt.com\/es\/juventud-de-nigeria-compartiendo-esperanza-a-traves-de-las-redes-sociales\/\" \/>\n<meta property=\"og:locale\" content=\"es_ES\" \/>\n<meta property=\"og:type\" content=\"article\" \/>\n<meta property=\"og:title\" content=\"Juventud de Nigeria: Compartiendo esperanza a trav\u00e9s de las redes sociales\" \/>\n<meta property=\"og:description\" content=\"En la Jornada Mundial de las Comunicaciones Sociales, vamos a conocer el trabajo de la Juventud de Schoenstatt de Nigeria.\" \/>\n<meta property=\"og:url\" content=\"https:\/\/schoenstatt.com\/es\/juventud-de-nigeria-compartiendo-esperanza-a-traves-de-las-redes-sociales\/\" \/>\n<meta property=\"og:site_name\" content=\"Schoenstatt\" \/>\n<meta property=\"article:published_time\" content=\"2025-06-01T01:03:00+00:00\" \/>\n<meta property=\"og:image\" content=\"https:\/\/schoenstatt.com\/wp-content\/uploads\/2025\/05\/Schoenstatt-Youth-Nigeria-5.jpg\" \/>\n\t<meta property=\"og:image:width\" content=\"2048\" \/>\n\t<meta property=\"og:image:height\" content=\"1371\" \/>\n\t<meta property=\"og:image:type\" content=\"image\/jpeg\" \/>\n<meta name=\"author\" content=\"Karen Bueno\" \/>\n<meta name=\"twitter:card\" content=\"summary_large_image\" \/>\n<meta name=\"twitter:label1\" content=\"Escrito por\" \/>\n\t<meta name=\"twitter:data1\" content=\"Karen Bueno\" \/>\n\t<meta name=\"twitter:label2\" content=\"Tiempo de lectura\" \/>\n\t<meta name=\"twitter:data2\" content=\"6 minutos\" \/>\n<script type=\"application\/ld+json\" class=\"yoast-schema-graph\">{\"@context\":\"https:\\\/\\\/schema.org\",\"@graph\":[{\"@type\":\"Article\",\"@id\":\"https:\\\/\\\/schoenstatt.com\\\/es\\\/juventud-de-nigeria-compartiendo-esperanza-a-traves-de-las-redes-sociales\\\/#article\",\"isPartOf\":{\"@id\":\"https:\\\/\\\/schoenstatt.com\\\/es\\\/juventud-de-nigeria-compartiendo-esperanza-a-traves-de-las-redes-sociales\\\/\"},\"author\":{\"name\":\"Karen Bueno\",\"@id\":\"https:\\\/\\\/schoenstatt.com\\\/es\\\/#\\\/schema\\\/person\\\/5158877ad4acae98b34daaeef2a1ce6e\"},\"headline\":\"Juventud de Nigeria: Compartiendo esperanza a trav\u00e9s de las redes sociales\",\"datePublished\":\"2025-06-01T01:03:00+00:00\",\"mainEntityOfPage\":{\"@id\":\"https:\\\/\\\/schoenstatt.com\\\/es\\\/juventud-de-nigeria-compartiendo-esperanza-a-traves-de-las-redes-sociales\\\/\"},\"wordCount\":871,\"publisher\":{\"@id\":\"https:\\\/\\\/schoenstatt.com\\\/es\\\/#organization\"},\"image\":{\"@id\":\"https:\\\/\\\/schoenstatt.com\\\/es\\\/juventud-de-nigeria-compartiendo-esperanza-a-traves-de-las-redes-sociales\\\/#primaryimage\"},\"thumbnailUrl\":\"https:\\\/\\\/schoenstatt.com\\\/wp-content\\\/uploads\\\/2025\\\/05\\\/Schoenstatt-Youth-Nigeria-5.jpg\",\"keywords\":[\"Juventud de Schoenstatt\"],\"articleSection\":[\"\u00c1frica\",\"Juventud\"],\"inLanguage\":\"es\"},{\"@type\":\"WebPage\",\"@id\":\"https:\\\/\\\/schoenstatt.com\\\/es\\\/juventud-de-nigeria-compartiendo-esperanza-a-traves-de-las-redes-sociales\\\/\",\"url\":\"https:\\\/\\\/schoenstatt.com\\\/es\\\/juventud-de-nigeria-compartiendo-esperanza-a-traves-de-las-redes-sociales\\\/\",\"name\":\"Juventud de Nigeria: Compartiendo esperanza a trav\u00e9s de las redes sociales\",\"isPartOf\":{\"@id\":\"https:\\\/\\\/schoenstatt.com\\\/es\\\/#website\"},\"primaryImageOfPage\":{\"@id\":\"https:\\\/\\\/schoenstatt.com\\\/es\\\/juventud-de-nigeria-compartiendo-esperanza-a-traves-de-las-redes-sociales\\\/#primaryimage\"},\"image\":{\"@id\":\"https:\\\/\\\/schoenstatt.com\\\/es\\\/juventud-de-nigeria-compartiendo-esperanza-a-traves-de-las-redes-sociales\\\/#primaryimage\"},\"thumbnailUrl\":\"https:\\\/\\\/schoenstatt.com\\\/wp-content\\\/uploads\\\/2025\\\/05\\\/Schoenstatt-Youth-Nigeria-5.jpg\",\"datePublished\":\"2025-06-01T01:03:00+00:00\",\"description\":\"En la Jornada Mundial de las Comunicaciones Sociales, vamos a conocer el trabajo de la Juventud de Schoenstatt de Nigeria.\",\"breadcrumb\":{\"@id\":\"https:\\\/\\\/schoenstatt.com\\\/es\\\/juventud-de-nigeria-compartiendo-esperanza-a-traves-de-las-redes-sociales\\\/#breadcrumb\"},\"inLanguage\":\"es\",\"potentialAction\":[{\"@type\":\"ReadAction\",\"target\":[\"https:\\\/\\\/schoenstatt.com\\\/es\\\/juventud-de-nigeria-compartiendo-esperanza-a-traves-de-las-redes-sociales\\\/\"]}]},{\"@type\":\"ImageObject\",\"inLanguage\":\"es\",\"@id\":\"https:\\\/\\\/schoenstatt.com\\\/es\\\/juventud-de-nigeria-compartiendo-esperanza-a-traves-de-las-redes-sociales\\\/#primaryimage\",\"url\":\"https:\\\/\\\/schoenstatt.com\\\/wp-content\\\/uploads\\\/2025\\\/05\\\/Schoenstatt-Youth-Nigeria-5.jpg\",\"contentUrl\":\"https:\\\/\\\/schoenstatt.com\\\/wp-content\\\/uploads\\\/2025\\\/05\\\/Schoenstatt-Youth-Nigeria-5.jpg\",\"width\":2048,\"height\":1371},{\"@type\":\"BreadcrumbList\",\"@id\":\"https:\\\/\\\/schoenstatt.com\\\/es\\\/juventud-de-nigeria-compartiendo-esperanza-a-traves-de-las-redes-sociales\\\/#breadcrumb\",\"itemListElement\":[{\"@type\":\"ListItem\",\"position\":1,\"name\":\"Portada\",\"item\":\"https:\\\/\\\/schoenstatt.com\\\/es\\\/home\\\/\"},{\"@type\":\"ListItem\",\"position\":2,\"name\":\"Juventud de Nigeria: Compartiendo esperanza a trav\u00e9s de las redes sociales\"}]},{\"@type\":\"WebSite\",\"@id\":\"https:\\\/\\\/schoenstatt.com\\\/es\\\/#website\",\"url\":\"https:\\\/\\\/schoenstatt.com\\\/es\\\/\",\"name\":\"Schoenstatt\",\"description\":\"Apostolic Movement\",\"publisher\":{\"@id\":\"https:\\\/\\\/schoenstatt.com\\\/es\\\/#organization\"},\"potentialAction\":[{\"@type\":\"SearchAction\",\"target\":{\"@type\":\"EntryPoint\",\"urlTemplate\":\"https:\\\/\\\/schoenstatt.com\\\/es\\\/?s={search_term_string}\"},\"query-input\":{\"@type\":\"PropertyValueSpecification\",\"valueRequired\":true,\"valueName\":\"search_term_string\"}}],\"inLanguage\":\"es\"},{\"@type\":\"Organization\",\"@id\":\"https:\\\/\\\/schoenstatt.com\\\/es\\\/#organization\",\"name\":\"Schoenstatt\",\"url\":\"https:\\\/\\\/schoenstatt.com\\\/es\\\/\",\"logo\":{\"@type\":\"ImageObject\",\"inLanguage\":\"es\",\"@id\":\"https:\\\/\\\/schoenstatt.com\\\/es\\\/#\\\/schema\\\/logo\\\/image\\\/\",\"url\":\"https:\\\/\\\/schoenstatt.com\\\/wp-content\\\/uploads\\\/2025\\\/04\\\/logo-schoenstatt-white-696x696-1.png\",\"contentUrl\":\"https:\\\/\\\/schoenstatt.com\\\/wp-content\\\/uploads\\\/2025\\\/04\\\/logo-schoenstatt-white-696x696-1.png\",\"width\":696,\"height\":694,\"caption\":\"Schoenstatt\"},\"image\":{\"@id\":\"https:\\\/\\\/schoenstatt.com\\\/es\\\/#\\\/schema\\\/logo\\\/image\\\/\"}},{\"@type\":\"Person\",\"@id\":\"https:\\\/\\\/schoenstatt.com\\\/es\\\/#\\\/schema\\\/person\\\/5158877ad4acae98b34daaeef2a1ce6e\",\"name\":\"Karen Bueno\",\"image\":{\"@type\":\"ImageObject\",\"inLanguage\":\"es\",\"@id\":\"https:\\\/\\\/secure.gravatar.com\\\/avatar\\\/f9f4b823873154269d2b2130f195f6d41037dd0d7fc5f3cacb5c846bae70d66b?s=96&d=mm&r=g\",\"url\":\"https:\\\/\\\/secure.gravatar.com\\\/avatar\\\/f9f4b823873154269d2b2130f195f6d41037dd0d7fc5f3cacb5c846bae70d66b?s=96&d=mm&r=g\",\"contentUrl\":\"https:\\\/\\\/secure.gravatar.com\\\/avatar\\\/f9f4b823873154269d2b2130f195f6d41037dd0d7fc5f3cacb5c846bae70d66b?s=96&d=mm&r=g\",\"caption\":\"Karen Bueno\"},\"url\":\"https:\\\/\\\/schoenstatt.com\\\/es\\\/author\\\/karen-bueno\\\/\"}]}<\/script>\n<!-- \/ Yoast SEO Premium plugin. -->","yoast_head_json":{"title":"Juventud de Nigeria: Compartiendo esperanza a trav\u00e9s de las redes sociales","description":"En la Jornada Mundial de las Comunicaciones Sociales, vamos a conocer el trabajo de la Juventud de Schoenstatt de Nigeria.","robots":{"index":"index","follow":"follow","max-snippet":"max-snippet:-1","max-image-preview":"max-image-preview:large","max-video-preview":"max-video-preview:-1"},"canonical":"https:\/\/schoenstatt.com\/es\/juventud-de-nigeria-compartiendo-esperanza-a-traves-de-las-redes-sociales\/","og_locale":"es_ES","og_type":"article","og_title":"Juventud de Nigeria: Compartiendo esperanza a trav\u00e9s de las redes sociales","og_description":"En la Jornada Mundial de las Comunicaciones Sociales, vamos a conocer el trabajo de la Juventud de Schoenstatt de Nigeria.","og_url":"https:\/\/schoenstatt.com\/es\/juventud-de-nigeria-compartiendo-esperanza-a-traves-de-las-redes-sociales\/","og_site_name":"Schoenstatt","article_published_time":"2025-06-01T01:03:00+00:00","og_image":[{"url":"https:\/\/schoenstatt.com\/wp-content\/uploads\/2025\/05\/Schoenstatt-Youth-Nigeria-5.jpg","width":2048,"height":1371,"type":"image\/jpeg"}],"author":"Karen Bueno","twitter_card":"summary_large_image","twitter_misc":{"Escrito por":"Karen Bueno","Tiempo de lectura":"6 minutos"},"schema":{"@context":"https:\/\/schema.org","@graph":[{"@type":"Article","@id":"https:\/\/schoenstatt.com\/es\/juventud-de-nigeria-compartiendo-esperanza-a-traves-de-las-redes-sociales\/#article","isPartOf":{"@id":"https:\/\/schoenstatt.com\/es\/juventud-de-nigeria-compartiendo-esperanza-a-traves-de-las-redes-sociales\/"},"author":{"name":"Karen Bueno","@id":"https:\/\/schoenstatt.com\/es\/#\/schema\/person\/5158877ad4acae98b34daaeef2a1ce6e"},"headline":"Juventud de Nigeria: Compartiendo esperanza a trav\u00e9s de las redes sociales","datePublished":"2025-06-01T01:03:00+00:00","mainEntityOfPage":{"@id":"https:\/\/schoenstatt.com\/es\/juventud-de-nigeria-compartiendo-esperanza-a-traves-de-las-redes-sociales\/"},"wordCount":871,"publisher":{"@id":"https:\/\/schoenstatt.com\/es\/#organization"},"image":{"@id":"https:\/\/schoenstatt.com\/es\/juventud-de-nigeria-compartiendo-esperanza-a-traves-de-las-redes-sociales\/#primaryimage"},"thumbnailUrl":"https:\/\/schoenstatt.com\/wp-content\/uploads\/2025\/05\/Schoenstatt-Youth-Nigeria-5.jpg","keywords":["Juventud de Schoenstatt"],"articleSection":["\u00c1frica","Juventud"],"inLanguage":"es"},{"@type":"WebPage","@id":"https:\/\/schoenstatt.com\/es\/juventud-de-nigeria-compartiendo-esperanza-a-traves-de-las-redes-sociales\/","url":"https:\/\/schoenstatt.com\/es\/juventud-de-nigeria-compartiendo-esperanza-a-traves-de-las-redes-sociales\/","name":"Juventud de Nigeria: Compartiendo esperanza a trav\u00e9s de las redes sociales","isPartOf":{"@id":"https:\/\/schoenstatt.com\/es\/#website"},"primaryImageOfPage":{"@id":"https:\/\/schoenstatt.com\/es\/juventud-de-nigeria-compartiendo-esperanza-a-traves-de-las-redes-sociales\/#primaryimage"},"image":{"@id":"https:\/\/schoenstatt.com\/es\/juventud-de-nigeria-compartiendo-esperanza-a-traves-de-las-redes-sociales\/#primaryimage"},"thumbnailUrl":"https:\/\/schoenstatt.com\/wp-content\/uploads\/2025\/05\/Schoenstatt-Youth-Nigeria-5.jpg","datePublished":"2025-06-01T01:03:00+00:00","description":"En la Jornada Mundial de las Comunicaciones Sociales, vamos a conocer el trabajo de la Juventud de Schoenstatt de Nigeria.","breadcrumb":{"@id":"https:\/\/schoenstatt.com\/es\/juventud-de-nigeria-compartiendo-esperanza-a-traves-de-las-redes-sociales\/#breadcrumb"},"inLanguage":"es","potentialAction":[{"@type":"ReadAction","target":["https:\/\/schoenstatt.com\/es\/juventud-de-nigeria-compartiendo-esperanza-a-traves-de-las-redes-sociales\/"]}]},{"@type":"ImageObject","inLanguage":"es","@id":"https:\/\/schoenstatt.com\/es\/juventud-de-nigeria-compartiendo-esperanza-a-traves-de-las-redes-sociales\/#primaryimage","url":"https:\/\/schoenstatt.com\/wp-content\/uploads\/2025\/05\/Schoenstatt-Youth-Nigeria-5.jpg","contentUrl":"https:\/\/schoenstatt.com\/wp-content\/uploads\/2025\/05\/Schoenstatt-Youth-Nigeria-5.jpg","width":2048,"height":1371},{"@type":"BreadcrumbList","@id":"https:\/\/schoenstatt.com\/es\/juventud-de-nigeria-compartiendo-esperanza-a-traves-de-las-redes-sociales\/#breadcrumb","itemListElement":[{"@type":"ListItem","position":1,"name":"Portada","item":"https:\/\/schoenstatt.com\/es\/home\/"},{"@type":"ListItem","position":2,"name":"Juventud de Nigeria: Compartiendo esperanza a trav\u00e9s de las redes sociales"}]},{"@type":"WebSite","@id":"https:\/\/schoenstatt.com\/es\/#website","url":"https:\/\/schoenstatt.com\/es\/","name":"Schoenstatt","description":"Apostolic Movement","publisher":{"@id":"https:\/\/schoenstatt.com\/es\/#organization"},"potentialAction":[{"@type":"SearchAction","target":{"@type":"EntryPoint","urlTemplate":"https:\/\/schoenstatt.com\/es\/?s={search_term_string}"},"query-input":{"@type":"PropertyValueSpecification","valueRequired":true,"valueName":"search_term_string"}}],"inLanguage":"es"},{"@type":"Organization","@id":"https:\/\/schoenstatt.com\/es\/#organization","name":"Schoenstatt","url":"https:\/\/schoenstatt.com\/es\/","logo":{"@type":"ImageObject","inLanguage":"es","@id":"https:\/\/schoenstatt.com\/es\/#\/schema\/logo\/image\/","url":"https:\/\/schoenstatt.com\/wp-content\/uploads\/2025\/04\/logo-schoenstatt-white-696x696-1.png","contentUrl":"https:\/\/schoenstatt.com\/wp-content\/uploads\/2025\/04\/logo-schoenstatt-white-696x696-1.png","width":696,"height":694,"caption":"Schoenstatt"},"image":{"@id":"https:\/\/schoenstatt.com\/es\/#\/schema\/logo\/image\/"}},{"@type":"Person","@id":"https:\/\/schoenstatt.com\/es\/#\/schema\/person\/5158877ad4acae98b34daaeef2a1ce6e","name":"Karen Bueno","image":{"@type":"ImageObject","inLanguage":"es","@id":"https:\/\/secure.gravatar.com\/avatar\/f9f4b823873154269d2b2130f195f6d41037dd0d7fc5f3cacb5c846bae70d66b?s=96&d=mm&r=g","url":"https:\/\/secure.gravatar.com\/avatar\/f9f4b823873154269d2b2130f195f6d41037dd0d7fc5f3cacb5c846bae70d66b?s=96&d=mm&r=g","contentUrl":"https:\/\/secure.gravatar.com\/avatar\/f9f4b823873154269d2b2130f195f6d41037dd0d7fc5f3cacb5c846bae70d66b?s=96&d=mm&r=g","caption":"Karen Bueno"},"url":"https:\/\/schoenstatt.com\/es\/author\/karen-bueno\/"}]}},"_links":{"self":[{"href":"https:\/\/schoenstatt.com\/es\/wp-json\/wp\/v2\/posts\/58923","targetHints":{"allow":["GET"]}}],"collection":[{"href":"https:\/\/schoenstatt.com\/es\/wp-json\/wp\/v2\/posts"}],"about":[{"href":"https:\/\/schoenstatt.com\/es\/wp-json\/wp\/v2\/types\/post"}],"author":[{"embeddable":true,"href":"https:\/\/schoenstatt.com\/es\/wp-json\/wp\/v2\/users\/3"}],"replies":[{"embeddable":true,"href":"https:\/\/schoenstatt.com\/es\/wp-json\/wp\/v2\/comments?post=58923"}],"version-history":[{"count":1,"href":"https:\/\/schoenstatt.com\/es\/wp-json\/wp\/v2\/posts\/58923\/revisions"}],"predecessor-version":[{"id":58924,"href":"https:\/\/schoenstatt.com\/es\/wp-json\/wp\/v2\/posts\/58923\/revisions\/58924"}],"wp:featuredmedia":[{"embeddable":true,"href":"https:\/\/schoenstatt.com\/es\/wp-json\/wp\/v2\/media\/58894"}],"wp:attachment":[{"href":"https:\/\/schoenstatt.com\/es\/wp-json\/wp\/v2\/media?parent=58923"}],"wp:term":[{"taxonomy":"category","embeddable":true,"href":"https:\/\/schoenstatt.com\/es\/wp-json\/wp\/v2\/categories?post=58923"},{"taxonomy":"post_tag","embeddable":true,"href":"https:\/\/schoenstatt.com\/es\/wp-json\/wp\/v2\/tags?post=58923"}],"curies":[{"name":"wp","href":"https:\/\/api.w.org\/{rel}","templated":true}]}}