{"id":58690,"date":"2025-05-29T14:53:34","date_gmt":"2025-05-29T12:53:34","guid":{"rendered":"https:\/\/schoenstatt.com\/?p=58690"},"modified":"2025-08-21T04:09:16","modified_gmt":"2025-08-21T02:09:16","slug":"todos-juntos-en-roma-peregrinacion-de-la-familia-de-schoenstatt","status":"publish","type":"post","link":"https:\/\/schoenstatt.com\/es\/todos-juntos-en-roma-peregrinacion-de-la-familia-de-schoenstatt\/","title":{"rendered":"Todos juntos en Roma: Peregrinaci\u00f3n de la Familia de Schoenstatt"},"content":{"rendered":"\n<p>Todos los miembros del Movimiento Apost\u00f3lico de Schoenstatt que se encuentren en Roma en la solemnidad de Pentecost\u00e9s est\u00e1n invitados a peregrinar juntos para participar en el momento de oraci\u00f3n y vigilia con el Santo Padre. En la carta de la Coordinaci\u00f3n Internacional, el P. Arkadiusz Sosna explica los detalles:<\/p>\n\n\n\n<div style=\"height:30px\" aria-hidden=\"true\" class=\"wp-block-spacer\"><\/div>\n\n\n\n<hr class=\"wp-block-separator has-text-color has-alpha-channel-opacity has-background\" style=\"background-color:#d96f0d;color:#d96f0d\"\/>\n\n\n\n<div style=\"height:30px\" aria-hidden=\"true\" class=\"wp-block-spacer\"><\/div>\n\n\n\n<h3 class=\"wp-block-heading has-text-align-center\" id=\"h-peregrinacion-de-la-familia-de-schoenstatt-roma-7-de-junio-de-2025\">Peregrinaci\u00f3n de la Familia de Schoenstatt \u2013 Roma, 7 de junio de 2025<\/h3>\n\n\n\n<blockquote class=\"wp-block-quote is-layout-flow wp-block-quote-is-layout-flow\">\n<p><strong>Unidos como peregrinos de la esperanza, como Familia de Schoenstatt, nos encontraremos la v\u00edspera de la fiesta de Pentecost\u00e9s, el 7 de junio de 2025, en la Plaza de San Pedro en Roma.<\/strong><\/p>\n\n\n\n<p>Este encuentro tiene lugar en el marco del A\u00f1o Jubilar de los Movimientos, Asociaciones y Comunidades.<\/p>\n\n\n\n<p>Queremos ser parte de esta gran familia carism\u00e1tica de la Iglesia y encontrarnos con el Santo Padre Le\u00f3n XIV.<\/p>\n\n\n\n<p>Invito cordialmente a participar en el camino de peregrinaci\u00f3n por las calles de Roma, que concluir\u00e1 en la Plaza de San Pedro con la vigilia de Pentecost\u00e9s.<\/p>\n\n\n\n<p>Es posible participar en todas las estaciones de la peregrinaci\u00f3n o unirse en alguna de ellas. La invitaci\u00f3n est\u00e1 dirigida tanto a grupos organizados como a peregrinos individuales.<\/p>\n<\/blockquote>\n\n\n\n<hr class=\"wp-block-separator has-text-color has-alpha-channel-opacity has-background is-style-dots\" style=\"background-color:#d96f0d;color:#d96f0d\"\/>\n\n\n\n<blockquote class=\"wp-block-quote is-layout-flow wp-block-quote-is-layout-flow\">\n<p class=\"has-text-align-center\"><strong>Peregrinaci\u00f3n de la Familia de Schoenstatt<\/strong><\/p>\n\n\n\n<p><strong>Fecha: <\/strong>7 de junio de 2025<\/p>\n\n\n\n<p><strong>Recorrido de la peregrinaci\u00f3n:<\/strong><\/p>\n\n\n\n<p><strong>Estaci\u00f3n 1:<\/strong><br><em>Chiesa Parrocchiale dei Santi Francesco e Caterina Patroni d\u2019Italia<br><\/em>Direcci\u00f3n: Circonvallazione Gianicolense 10<br>Hora: 15:00 \u2013 Oraci\u00f3n en la iglesia, luego caminata hacia Piazza S. Vincenzo Pallotti<br>Distancia: 2,5 km, aproximadamente 40 minutos<\/p>\n\n\n\n<p><strong>Estaci\u00f3n 2:<\/strong><br><em>Chiesa di San Salvatore in Onda<br><\/em>Direcci\u00f3n: P.za S. Vincenzo Pallotti<br>Hora: 15:50 \u2013 Visita a la iglesia, oraci\u00f3n en la tumba de San Vicente Pallotti, luego peregrinaci\u00f3n a las 16:15 hacia la Plaza de San Pedro<br>Distancia: 1,8 km, aproximadamente 25 minutos<\/p>\n\n\n\n<p><strong>Estaci\u00f3n 3:<\/strong><br><em>Piazza del Sant\u2019Uffizio<\/em><br>Hora: 16:45 \u2013 Encuentro como Familia de Schoenstatt, entrada conjunta a la Plaza de San Pedro a las 17:00<br><strong>Nota: <\/strong>En este punto se unir\u00e1n los grupos de peregrinos provenientes del Santuario Cor Ecclesiae, as\u00ed como otros peregrinos individuales<\/p>\n<\/blockquote>\n\n\n\n<hr class=\"wp-block-separator has-text-color has-alpha-channel-opacity has-background is-style-dots\" style=\"background-color:#d96f0d;color:#d96f0d\"\/>\n\n\n\n<blockquote class=\"wp-block-quote is-layout-flow wp-block-quote-is-layout-flow\">\n<p><strong>Nota:<\/strong><br>Todos los peregrinos del Movimiento de Schoenstatt est\u00e1n invitados, en la medida de lo posible, a participar juntos en el encuentro de oraci\u00f3n de los Movimientos con el Santo Padre.<\/p>\n\n\n\n<p>Invito cordialmente a participar y pido llevar banderas, pa\u00f1uelos y otros s\u00edmbolos de Schoenstatt.<\/p>\n\n\n\n<p>Solicito una breve confirmaci\u00f3n de los grupos que planean participar en la peregrinaci\u00f3n desde Trastevere hasta la Plaza de San Pedro.<\/p>\n\n\n\n<p>Para confirmaciones, cualquier informaci\u00f3n o consulta, escribir a: coordination@schoenstatt.com<\/p>\n\n\n\n<p><strong>\u00a1Nos vemos pronto en el camino de peregrinaci\u00f3n en Roma!<\/strong><\/p>\n\n\n\n<p><em>P. Arkadiusz Sosna, Coordinaci\u00f3n internacional<\/em><\/p>\n<\/blockquote>\n\n\n\n<hr class=\"wp-block-separator has-text-color has-alpha-channel-opacity has-background\" style=\"background-color:#d96f0d;color:#d96f0d\"\/>\n\n\n\n<div style=\"height:42px\" aria-hidden=\"true\" class=\"wp-block-spacer\"><\/div>\n\n\n\n<p><strong>Descarga la carta en otros idiomas:<\/strong><\/p>\n\n\n\n<p>&#8211; <a href=\"https:\/\/schoenstatt.com\/wp-content\/uploads\/2025\/05\/EN-Pilgrimage-of-the-Schoenstatt-Family.pdf\" target=\"_blank\" rel=\"noreferrer noopener\">Ingl\u00e9s<\/a><\/p>\n\n\n\n<p>&#8211; <a href=\"https:\/\/schoenstatt.com\/wp-content\/uploads\/2025\/05\/ES-Peregrinacion-de-la-Familia-de-Schoenstatt.pdf\" target=\"_blank\" rel=\"noreferrer noopener\">Espa\u00f1ol<\/a><\/p>\n\n\n\n<p>&#8211; <a href=\"https:\/\/schoenstatt.com\/wp-content\/uploads\/2025\/05\/PT-Peregrinacao-da-Familia-de-Schoenstatt.pdf\" target=\"_blank\" rel=\"noreferrer noopener\">Portugu\u00e9s<\/a><\/p>\n\n\n\n<p>&#8211; <a href=\"https:\/\/schoenstatt.com\/wp-content\/uploads\/2025\/05\/DE-Wallfahrt-der-Schonstattfamilie.pdf\" target=\"_blank\" rel=\"noreferrer noopener\">Alem\u00e1n<\/a><\/p>\n\n\n\n<p>&#8211; <a href=\"https:\/\/schoenstatt.com\/wp-content\/uploads\/2025\/05\/FR-Pelerinage-de-la-Famille-de-Schonstatt.pdf\" target=\"_blank\" rel=\"noreferrer noopener\">Franc\u00e9s<\/a><\/p>\n\n\n\n<p>&#8211; <a href=\"https:\/\/schoenstatt.com\/wp-content\/uploads\/2025\/05\/PL-Pielgrzymka-Rodziny-Szensztackiej.pdf\" target=\"_blank\" rel=\"noreferrer noopener\">Polaco<\/a><\/p>\n","protected":false},"excerpt":{"rendered":"<p>Todos los schoenstattianos est\u00e1n invitados a reunirse y peregrinar juntos a Roma el 7 de junio. \u00a1Consulta el itinerario!<\/p>\n","protected":false},"author":3,"featured_media":57868,"comment_status":"closed","ping_status":"closed","sticky":false,"template":"","format":"standard","meta":{"footnotes":""},"categories":[630,683],"tags":[1108],"class_list":["post-58690","post","type-post","status-publish","format-standard","has-post-thumbnail","hentry","category-eventos-es","category-iglesia-es","tag-roma-es"],"yoast_head":"<!-- This site is optimized with the Yoast SEO Premium plugin v27.4 (Yoast SEO v27.4) - https:\/\/yoast.com\/product\/yoast-seo-premium-wordpress\/ -->\n<title>Todos juntos en Roma: Peregrinaci\u00f3n de la Familia de Schoenstatt - Schoenstatt<\/title>\n<meta name=\"description\" content=\"Todos los schoenstattianos est\u00e1n invitados a reunirse y peregrinar juntos a Roma el 7 de junio. \u00a1Consulta el itinerario!\" \/>\n<meta name=\"robots\" content=\"index, follow, max-snippet:-1, max-image-preview:large, max-video-preview:-1\" \/>\n<link rel=\"canonical\" href=\"https:\/\/schoenstatt.com\/es\/todos-juntos-en-roma-peregrinacion-de-la-familia-de-schoenstatt\/\" \/>\n<meta property=\"og:locale\" content=\"es_ES\" \/>\n<meta property=\"og:type\" content=\"article\" \/>\n<meta property=\"og:title\" content=\"Todos juntos en Roma: Peregrinaci\u00f3n de la Familia de Schoenstatt\" \/>\n<meta property=\"og:description\" content=\"Todos los schoenstattianos est\u00e1n invitados a reunirse y peregrinar juntos a Roma el 7 de junio. \u00a1Consulta el itinerario!\" \/>\n<meta property=\"og:url\" content=\"https:\/\/schoenstatt.com\/es\/todos-juntos-en-roma-peregrinacion-de-la-familia-de-schoenstatt\/\" \/>\n<meta property=\"og:site_name\" content=\"Schoenstatt\" \/>\n<meta property=\"article:published_time\" content=\"2025-05-29T12:53:34+00:00\" \/>\n<meta property=\"article:modified_time\" content=\"2025-08-21T02:09:16+00:00\" \/>\n<meta property=\"og:image\" content=\"https:\/\/schoenstatt.com\/wp-content\/uploads\/2025\/05\/Vatican-Rome.jpg\" \/>\n\t<meta property=\"og:image:width\" content=\"1448\" \/>\n\t<meta property=\"og:image:height\" content=\"1086\" \/>\n\t<meta property=\"og:image:type\" content=\"image\/jpeg\" \/>\n<meta name=\"author\" content=\"Karen Bueno\" \/>\n<meta name=\"twitter:card\" content=\"summary_large_image\" \/>\n<meta name=\"twitter:label1\" content=\"Escrito por\" \/>\n\t<meta name=\"twitter:data1\" content=\"Karen Bueno\" \/>\n\t<meta name=\"twitter:label2\" content=\"Tiempo de lectura\" \/>\n\t<meta name=\"twitter:data2\" content=\"1 minuto\" \/>\n<script type=\"application\/ld+json\" class=\"yoast-schema-graph\">{\"@context\":\"https:\\\/\\\/schema.org\",\"@graph\":[{\"@type\":\"Article\",\"@id\":\"https:\\\/\\\/schoenstatt.com\\\/es\\\/todos-juntos-en-roma-peregrinacion-de-la-familia-de-schoenstatt\\\/#article\",\"isPartOf\":{\"@id\":\"https:\\\/\\\/schoenstatt.com\\\/es\\\/todos-juntos-en-roma-peregrinacion-de-la-familia-de-schoenstatt\\\/\"},\"author\":{\"name\":\"Karen Bueno\",\"@id\":\"https:\\\/\\\/schoenstatt.com\\\/es\\\/#\\\/schema\\\/person\\\/5158877ad4acae98b34daaeef2a1ce6e\"},\"headline\":\"Todos juntos en Roma: Peregrinaci\u00f3n de la Familia de Schoenstatt\",\"datePublished\":\"2025-05-29T12:53:34+00:00\",\"dateModified\":\"2025-08-21T02:09:16+00:00\",\"mainEntityOfPage\":{\"@id\":\"https:\\\/\\\/schoenstatt.com\\\/es\\\/todos-juntos-en-roma-peregrinacion-de-la-familia-de-schoenstatt\\\/\"},\"wordCount\":464,\"publisher\":{\"@id\":\"https:\\\/\\\/schoenstatt.com\\\/es\\\/#organization\"},\"image\":{\"@id\":\"https:\\\/\\\/schoenstatt.com\\\/es\\\/todos-juntos-en-roma-peregrinacion-de-la-familia-de-schoenstatt\\\/#primaryimage\"},\"thumbnailUrl\":\"https:\\\/\\\/schoenstatt.com\\\/wp-content\\\/uploads\\\/2025\\\/05\\\/Vatican-Rome.jpg\",\"keywords\":[\"Roma\"],\"articleSection\":[\"Eventos\",\"Iglesia\"],\"inLanguage\":\"es\"},{\"@type\":\"WebPage\",\"@id\":\"https:\\\/\\\/schoenstatt.com\\\/es\\\/todos-juntos-en-roma-peregrinacion-de-la-familia-de-schoenstatt\\\/\",\"url\":\"https:\\\/\\\/schoenstatt.com\\\/es\\\/todos-juntos-en-roma-peregrinacion-de-la-familia-de-schoenstatt\\\/\",\"name\":\"Todos juntos en Roma: Peregrinaci\u00f3n de la Familia de Schoenstatt - Schoenstatt\",\"isPartOf\":{\"@id\":\"https:\\\/\\\/schoenstatt.com\\\/es\\\/#website\"},\"primaryImageOfPage\":{\"@id\":\"https:\\\/\\\/schoenstatt.com\\\/es\\\/todos-juntos-en-roma-peregrinacion-de-la-familia-de-schoenstatt\\\/#primaryimage\"},\"image\":{\"@id\":\"https:\\\/\\\/schoenstatt.com\\\/es\\\/todos-juntos-en-roma-peregrinacion-de-la-familia-de-schoenstatt\\\/#primaryimage\"},\"thumbnailUrl\":\"https:\\\/\\\/schoenstatt.com\\\/wp-content\\\/uploads\\\/2025\\\/05\\\/Vatican-Rome.jpg\",\"datePublished\":\"2025-05-29T12:53:34+00:00\",\"dateModified\":\"2025-08-21T02:09:16+00:00\",\"description\":\"Todos los schoenstattianos est\u00e1n invitados a reunirse y peregrinar juntos a Roma el 7 de junio. \u00a1Consulta el itinerario!\",\"breadcrumb\":{\"@id\":\"https:\\\/\\\/schoenstatt.com\\\/es\\\/todos-juntos-en-roma-peregrinacion-de-la-familia-de-schoenstatt\\\/#breadcrumb\"},\"inLanguage\":\"es\",\"potentialAction\":[{\"@type\":\"ReadAction\",\"target\":[\"https:\\\/\\\/schoenstatt.com\\\/es\\\/todos-juntos-en-roma-peregrinacion-de-la-familia-de-schoenstatt\\\/\"]}]},{\"@type\":\"ImageObject\",\"inLanguage\":\"es\",\"@id\":\"https:\\\/\\\/schoenstatt.com\\\/es\\\/todos-juntos-en-roma-peregrinacion-de-la-familia-de-schoenstatt\\\/#primaryimage\",\"url\":\"https:\\\/\\\/schoenstatt.com\\\/wp-content\\\/uploads\\\/2025\\\/05\\\/Vatican-Rome.jpg\",\"contentUrl\":\"https:\\\/\\\/schoenstatt.com\\\/wp-content\\\/uploads\\\/2025\\\/05\\\/Vatican-Rome.jpg\",\"width\":1448,\"height\":1086},{\"@type\":\"BreadcrumbList\",\"@id\":\"https:\\\/\\\/schoenstatt.com\\\/es\\\/todos-juntos-en-roma-peregrinacion-de-la-familia-de-schoenstatt\\\/#breadcrumb\",\"itemListElement\":[{\"@type\":\"ListItem\",\"position\":1,\"name\":\"Portada\",\"item\":\"https:\\\/\\\/schoenstatt.com\\\/es\\\/home\\\/\"},{\"@type\":\"ListItem\",\"position\":2,\"name\":\"Todos juntos en Roma: Peregrinaci\u00f3n de la Familia de Schoenstatt\"}]},{\"@type\":\"WebSite\",\"@id\":\"https:\\\/\\\/schoenstatt.com\\\/es\\\/#website\",\"url\":\"https:\\\/\\\/schoenstatt.com\\\/es\\\/\",\"name\":\"Schoenstatt\",\"description\":\"Apostolic Movement\",\"publisher\":{\"@id\":\"https:\\\/\\\/schoenstatt.com\\\/es\\\/#organization\"},\"potentialAction\":[{\"@type\":\"SearchAction\",\"target\":{\"@type\":\"EntryPoint\",\"urlTemplate\":\"https:\\\/\\\/schoenstatt.com\\\/es\\\/?s={search_term_string}\"},\"query-input\":{\"@type\":\"PropertyValueSpecification\",\"valueRequired\":true,\"valueName\":\"search_term_string\"}}],\"inLanguage\":\"es\"},{\"@type\":\"Organization\",\"@id\":\"https:\\\/\\\/schoenstatt.com\\\/es\\\/#organization\",\"name\":\"Schoenstatt\",\"url\":\"https:\\\/\\\/schoenstatt.com\\\/es\\\/\",\"logo\":{\"@type\":\"ImageObject\",\"inLanguage\":\"es\",\"@id\":\"https:\\\/\\\/schoenstatt.com\\\/es\\\/#\\\/schema\\\/logo\\\/image\\\/\",\"url\":\"https:\\\/\\\/schoenstatt.com\\\/wp-content\\\/uploads\\\/2025\\\/04\\\/logo-schoenstatt-white-696x696-1.png\",\"contentUrl\":\"https:\\\/\\\/schoenstatt.com\\\/wp-content\\\/uploads\\\/2025\\\/04\\\/logo-schoenstatt-white-696x696-1.png\",\"width\":696,\"height\":694,\"caption\":\"Schoenstatt\"},\"image\":{\"@id\":\"https:\\\/\\\/schoenstatt.com\\\/es\\\/#\\\/schema\\\/logo\\\/image\\\/\"}},{\"@type\":\"Person\",\"@id\":\"https:\\\/\\\/schoenstatt.com\\\/es\\\/#\\\/schema\\\/person\\\/5158877ad4acae98b34daaeef2a1ce6e\",\"name\":\"Karen Bueno\",\"image\":{\"@type\":\"ImageObject\",\"inLanguage\":\"es\",\"@id\":\"https:\\\/\\\/secure.gravatar.com\\\/avatar\\\/f9f4b823873154269d2b2130f195f6d41037dd0d7fc5f3cacb5c846bae70d66b?s=96&d=mm&r=g\",\"url\":\"https:\\\/\\\/secure.gravatar.com\\\/avatar\\\/f9f4b823873154269d2b2130f195f6d41037dd0d7fc5f3cacb5c846bae70d66b?s=96&d=mm&r=g\",\"contentUrl\":\"https:\\\/\\\/secure.gravatar.com\\\/avatar\\\/f9f4b823873154269d2b2130f195f6d41037dd0d7fc5f3cacb5c846bae70d66b?s=96&d=mm&r=g\",\"caption\":\"Karen Bueno\"},\"url\":\"https:\\\/\\\/schoenstatt.com\\\/es\\\/author\\\/karen-bueno\\\/\"}]}<\/script>\n<!-- \/ Yoast SEO Premium plugin. -->","yoast_head_json":{"title":"Todos juntos en Roma: Peregrinaci\u00f3n de la Familia de Schoenstatt - Schoenstatt","description":"Todos los schoenstattianos est\u00e1n invitados a reunirse y peregrinar juntos a Roma el 7 de junio. \u00a1Consulta el itinerario!","robots":{"index":"index","follow":"follow","max-snippet":"max-snippet:-1","max-image-preview":"max-image-preview:large","max-video-preview":"max-video-preview:-1"},"canonical":"https:\/\/schoenstatt.com\/es\/todos-juntos-en-roma-peregrinacion-de-la-familia-de-schoenstatt\/","og_locale":"es_ES","og_type":"article","og_title":"Todos juntos en Roma: Peregrinaci\u00f3n de la Familia de Schoenstatt","og_description":"Todos los schoenstattianos est\u00e1n invitados a reunirse y peregrinar juntos a Roma el 7 de junio. \u00a1Consulta el itinerario!","og_url":"https:\/\/schoenstatt.com\/es\/todos-juntos-en-roma-peregrinacion-de-la-familia-de-schoenstatt\/","og_site_name":"Schoenstatt","article_published_time":"2025-05-29T12:53:34+00:00","article_modified_time":"2025-08-21T02:09:16+00:00","og_image":[{"width":1448,"height":1086,"url":"https:\/\/schoenstatt.com\/wp-content\/uploads\/2025\/05\/Vatican-Rome.jpg","type":"image\/jpeg"}],"author":"Karen Bueno","twitter_card":"summary_large_image","twitter_misc":{"Escrito por":"Karen Bueno","Tiempo de lectura":"1 minuto"},"schema":{"@context":"https:\/\/schema.org","@graph":[{"@type":"Article","@id":"https:\/\/schoenstatt.com\/es\/todos-juntos-en-roma-peregrinacion-de-la-familia-de-schoenstatt\/#article","isPartOf":{"@id":"https:\/\/schoenstatt.com\/es\/todos-juntos-en-roma-peregrinacion-de-la-familia-de-schoenstatt\/"},"author":{"name":"Karen Bueno","@id":"https:\/\/schoenstatt.com\/es\/#\/schema\/person\/5158877ad4acae98b34daaeef2a1ce6e"},"headline":"Todos juntos en Roma: Peregrinaci\u00f3n de la Familia de Schoenstatt","datePublished":"2025-05-29T12:53:34+00:00","dateModified":"2025-08-21T02:09:16+00:00","mainEntityOfPage":{"@id":"https:\/\/schoenstatt.com\/es\/todos-juntos-en-roma-peregrinacion-de-la-familia-de-schoenstatt\/"},"wordCount":464,"publisher":{"@id":"https:\/\/schoenstatt.com\/es\/#organization"},"image":{"@id":"https:\/\/schoenstatt.com\/es\/todos-juntos-en-roma-peregrinacion-de-la-familia-de-schoenstatt\/#primaryimage"},"thumbnailUrl":"https:\/\/schoenstatt.com\/wp-content\/uploads\/2025\/05\/Vatican-Rome.jpg","keywords":["Roma"],"articleSection":["Eventos","Iglesia"],"inLanguage":"es"},{"@type":"WebPage","@id":"https:\/\/schoenstatt.com\/es\/todos-juntos-en-roma-peregrinacion-de-la-familia-de-schoenstatt\/","url":"https:\/\/schoenstatt.com\/es\/todos-juntos-en-roma-peregrinacion-de-la-familia-de-schoenstatt\/","name":"Todos juntos en Roma: Peregrinaci\u00f3n de la Familia de Schoenstatt - Schoenstatt","isPartOf":{"@id":"https:\/\/schoenstatt.com\/es\/#website"},"primaryImageOfPage":{"@id":"https:\/\/schoenstatt.com\/es\/todos-juntos-en-roma-peregrinacion-de-la-familia-de-schoenstatt\/#primaryimage"},"image":{"@id":"https:\/\/schoenstatt.com\/es\/todos-juntos-en-roma-peregrinacion-de-la-familia-de-schoenstatt\/#primaryimage"},"thumbnailUrl":"https:\/\/schoenstatt.com\/wp-content\/uploads\/2025\/05\/Vatican-Rome.jpg","datePublished":"2025-05-29T12:53:34+00:00","dateModified":"2025-08-21T02:09:16+00:00","description":"Todos los schoenstattianos est\u00e1n invitados a reunirse y peregrinar juntos a Roma el 7 de junio. \u00a1Consulta el itinerario!","breadcrumb":{"@id":"https:\/\/schoenstatt.com\/es\/todos-juntos-en-roma-peregrinacion-de-la-familia-de-schoenstatt\/#breadcrumb"},"inLanguage":"es","potentialAction":[{"@type":"ReadAction","target":["https:\/\/schoenstatt.com\/es\/todos-juntos-en-roma-peregrinacion-de-la-familia-de-schoenstatt\/"]}]},{"@type":"ImageObject","inLanguage":"es","@id":"https:\/\/schoenstatt.com\/es\/todos-juntos-en-roma-peregrinacion-de-la-familia-de-schoenstatt\/#primaryimage","url":"https:\/\/schoenstatt.com\/wp-content\/uploads\/2025\/05\/Vatican-Rome.jpg","contentUrl":"https:\/\/schoenstatt.com\/wp-content\/uploads\/2025\/05\/Vatican-Rome.jpg","width":1448,"height":1086},{"@type":"BreadcrumbList","@id":"https:\/\/schoenstatt.com\/es\/todos-juntos-en-roma-peregrinacion-de-la-familia-de-schoenstatt\/#breadcrumb","itemListElement":[{"@type":"ListItem","position":1,"name":"Portada","item":"https:\/\/schoenstatt.com\/es\/home\/"},{"@type":"ListItem","position":2,"name":"Todos juntos en Roma: Peregrinaci\u00f3n de la Familia de Schoenstatt"}]},{"@type":"WebSite","@id":"https:\/\/schoenstatt.com\/es\/#website","url":"https:\/\/schoenstatt.com\/es\/","name":"Schoenstatt","description":"Apostolic Movement","publisher":{"@id":"https:\/\/schoenstatt.com\/es\/#organization"},"potentialAction":[{"@type":"SearchAction","target":{"@type":"EntryPoint","urlTemplate":"https:\/\/schoenstatt.com\/es\/?s={search_term_string}"},"query-input":{"@type":"PropertyValueSpecification","valueRequired":true,"valueName":"search_term_string"}}],"inLanguage":"es"},{"@type":"Organization","@id":"https:\/\/schoenstatt.com\/es\/#organization","name":"Schoenstatt","url":"https:\/\/schoenstatt.com\/es\/","logo":{"@type":"ImageObject","inLanguage":"es","@id":"https:\/\/schoenstatt.com\/es\/#\/schema\/logo\/image\/","url":"https:\/\/schoenstatt.com\/wp-content\/uploads\/2025\/04\/logo-schoenstatt-white-696x696-1.png","contentUrl":"https:\/\/schoenstatt.com\/wp-content\/uploads\/2025\/04\/logo-schoenstatt-white-696x696-1.png","width":696,"height":694,"caption":"Schoenstatt"},"image":{"@id":"https:\/\/schoenstatt.com\/es\/#\/schema\/logo\/image\/"}},{"@type":"Person","@id":"https:\/\/schoenstatt.com\/es\/#\/schema\/person\/5158877ad4acae98b34daaeef2a1ce6e","name":"Karen Bueno","image":{"@type":"ImageObject","inLanguage":"es","@id":"https:\/\/secure.gravatar.com\/avatar\/f9f4b823873154269d2b2130f195f6d41037dd0d7fc5f3cacb5c846bae70d66b?s=96&d=mm&r=g","url":"https:\/\/secure.gravatar.com\/avatar\/f9f4b823873154269d2b2130f195f6d41037dd0d7fc5f3cacb5c846bae70d66b?s=96&d=mm&r=g","contentUrl":"https:\/\/secure.gravatar.com\/avatar\/f9f4b823873154269d2b2130f195f6d41037dd0d7fc5f3cacb5c846bae70d66b?s=96&d=mm&r=g","caption":"Karen Bueno"},"url":"https:\/\/schoenstatt.com\/es\/author\/karen-bueno\/"}]}},"_links":{"self":[{"href":"https:\/\/schoenstatt.com\/es\/wp-json\/wp\/v2\/posts\/58690","targetHints":{"allow":["GET"]}}],"collection":[{"href":"https:\/\/schoenstatt.com\/es\/wp-json\/wp\/v2\/posts"}],"about":[{"href":"https:\/\/schoenstatt.com\/es\/wp-json\/wp\/v2\/types\/post"}],"author":[{"embeddable":true,"href":"https:\/\/schoenstatt.com\/es\/wp-json\/wp\/v2\/users\/3"}],"replies":[{"embeddable":true,"href":"https:\/\/schoenstatt.com\/es\/wp-json\/wp\/v2\/comments?post=58690"}],"version-history":[{"count":1,"href":"https:\/\/schoenstatt.com\/es\/wp-json\/wp\/v2\/posts\/58690\/revisions"}],"predecessor-version":[{"id":58691,"href":"https:\/\/schoenstatt.com\/es\/wp-json\/wp\/v2\/posts\/58690\/revisions\/58691"}],"wp:featuredmedia":[{"embeddable":true,"href":"https:\/\/schoenstatt.com\/es\/wp-json\/wp\/v2\/media\/57868"}],"wp:attachment":[{"href":"https:\/\/schoenstatt.com\/es\/wp-json\/wp\/v2\/media?parent=58690"}],"wp:term":[{"taxonomy":"category","embeddable":true,"href":"https:\/\/schoenstatt.com\/es\/wp-json\/wp\/v2\/categories?post=58690"},{"taxonomy":"post_tag","embeddable":true,"href":"https:\/\/schoenstatt.com\/es\/wp-json\/wp\/v2\/tags?post=58690"}],"curies":[{"name":"wp","href":"https:\/\/api.w.org\/{rel}","templated":true}]}}