{"id":57596,"date":"2025-05-23T17:44:37","date_gmt":"2025-05-23T15:44:37","guid":{"rendered":"https:\/\/schoenstatt.com\/?p=57596"},"modified":"2025-08-21T03:33:36","modified_gmt":"2025-08-21T01:33:36","slug":"cardenales-analizaran-en-junio-la-causa-de-beatificacion-de-joao-luiz-pozzobon","status":"publish","type":"post","link":"https:\/\/schoenstatt.com\/es\/cardenales-analizaran-en-junio-la-causa-de-beatificacion-de-joao-luiz-pozzobon\/","title":{"rendered":"Cardenales analizar\u00e1n en junio la Causa de Beatificaci\u00f3n de Jo\u00e3o Luiz Pozzobon"},"content":{"rendered":"\n<p>Se ha programado para el 17 de junio la reuni\u00f3n ordinaria de Obispos y Cardenales que iniciar\u00e1 esta etapa de an\u00e1lisis y discusi\u00f3n sobre la vida, virtudes heroicas y fama de santidad del Siervo de Dios, el di\u00e1cono <a href=\"https:\/\/www.joaoluizpozzobon.com.br\/\">Jo\u00e3o Luiz Pozzobon<\/a>. <strong>Al t\u00e9rmino de esta fase, tras los estudios realizados, si el dictamen es favorable, el proceso podr\u00e1 ser remitido al Papa Le\u00f3n XIV.<\/strong><\/p>\n\n\n\n<p><em>\u201cSe trata del inicio de una nueva fase, muy importante para la Causa, que sigue los criterios y tiempos de la Iglesia, la cual conduce el proceso con prudencia y discernimiento\u201d<\/em>, afirma el vice postulador de la causa de beatificaci\u00f3n, el Padre Vitor Hugo Possetti (ISch).<\/p>\n\n\n\n<p>El <a href=\"https:\/\/schoenstatt.com\/es\/el-arzobispo-de-santa-maria-habla-sobre-el-proceso-de-beatificacion-de-joao-pozzobon\/\">arzobispo de Santa Maria<\/a>, Brasil, Mons. Leomar Brustolin, tambi\u00e9n manifest\u00f3 entusiasmo por el avance de la causa:<\/p>\n\n\n\n<p><em>\u201cRecibimos con gran alegr\u00eda y esperanza el parecer positivo de la Comisi\u00f3n Teol\u00f3gica de la Santa Sede sobre la trayectoria y el impacto de Jo\u00e3o Luiz Pozzobon. Ahora, aguardamos con fe la deliberaci\u00f3n de los Cardenales y Obispos del Dicasterio para la Causa de los Santos, que definir\u00e1 los pr\u00f3ximos pasos del proceso\u201d<\/em>, afirm\u00f3 Mons. Leomar.<\/p>\n\n\n\n<p>En este sentido, <strong>el Padre Vitor pide intensificar las oraciones<\/strong> y aclara que esta reuni\u00f3n no es la etapa final de la causa, y que puede tardarse algo de tiempo el completar todos los estudios, sin previsi\u00f3n de un plazo definido para esta fase.<\/p>\n\n\n\n<p><em>\u201cPor eso mismo, con mucha alegr\u00eda y serenidad, invitamos a todos a unirnos en oraci\u00f3n para que el Esp\u00edritu Santo conduzca e ilumine el trabajo de los miembros del Dicasterio en esta nueva etapa\u201d.<\/em><\/p>\n\n\n\n<figure class=\"wp-block-image size-full\"><img fetchpriority=\"high\" decoding=\"async\" width=\"2048\" height=\"1127\" src=\"https:\/\/schoenstatt.com\/wp-content\/uploads\/2025\/05\/Joao-Luiz-Pozzobon-Roma.jpg\" alt=\"\" class=\"wp-image-57585\" srcset=\"https:\/\/schoenstatt.com\/wp-content\/uploads\/2025\/05\/Joao-Luiz-Pozzobon-Roma.jpg 2048w, https:\/\/schoenstatt.com\/wp-content\/uploads\/2025\/05\/Joao-Luiz-Pozzobon-Roma-768x423.jpg 768w, https:\/\/schoenstatt.com\/wp-content\/uploads\/2025\/05\/Joao-Luiz-Pozzobon-Roma-1536x845.jpg 1536w\" sizes=\"(max-width: 2048px) 100vw, 2048px\" \/><\/figure>\n\n\n\n<h3 class=\"wp-block-heading\" id=\"h-una-fecha-muy-esperada\">Una fecha muy esperada<\/h3>\n\n\n\n<p>El pasado 4 de marzo, la causa de beatificaci\u00f3n recibi\u00f3 el dictamen favorable por parte de la comisi\u00f3n de te\u00f3logos que analiz\u00f3 el proceso durante todo el mes de febrero. Desde entonces, los devotos del Siervo de Dios esperaban la fecha de la reuni\u00f3n de Obispos y Cardenales que analizar\u00e1n el proceso en esta siguiente instancia.<\/p>\n\n\n\n<p>Despu\u00e9s de esta etapa, si el proceso contin\u00faa, la palabra final sobre las virtudes heroicas ser\u00e1 del Papa Le\u00f3n XIV. Si \u00e9l confirma los pareceres anteriores, podr\u00e1 autorizar el decreto de reconocimiento de la heroicidad de las virtudes y declarar al Siervo de Dios como <strong>\u201cVenerable\u201d.<\/strong><\/p>\n\n\n\n<p><strong>Paralelamente, el Dicasterio para la Causa de los Santos tambi\u00e9n est\u00e1 examinando el proceso de un posible milagro atribuido a la intercesi\u00f3n de Pozzobon. <\/strong>Este proceso se abri\u00f3 en febrero y se encuentra en una fase preliminar antes del an\u00e1lisis de los expertos.<\/p>\n\n\n\n<p><strong>Traducci\u00f3n: <\/strong>Hna. M. Lourdes Mac\u00edas<\/p>\n","protected":false},"excerpt":{"rendered":"<p>La Causa de Beatificaci\u00f3n de Jo\u00e3o Luiz Pozzobon ya tiene fecha para ser analizada por los Cardenales: el 17 de junio. \u00a1Recemos por esta intenci\u00f3n!<\/p>\n","protected":false},"author":3,"featured_media":57589,"comment_status":"closed","ping_status":"closed","sticky":false,"template":"","format":"standard","meta":{"footnotes":""},"categories":[889,904],"tags":[1089,1172,1042,955,1136],"class_list":["post-57596","post","type-post","status-publish","format-standard","has-post-thumbnail","hentry","category-heroes-de-schoenstatt-es","category-virgen-peregrina-es","tag-campana-de-la-virgen-peregrina-es","tag-heroes-de-schoenstatt-es","tag-joao-luiz-pozzobon-es","tag-proceso-de-beatificacion-es","tag-schoenstatt-brasil-es"],"yoast_head":"<!-- This site is optimized with the Yoast SEO Premium plugin v27.4 (Yoast SEO v27.4) - https:\/\/yoast.com\/product\/yoast-seo-premium-wordpress\/ -->\n<title>Cardenales analizar\u00e1n en junio la Causa de Beatificaci\u00f3n de Jo\u00e3o Luiz Pozzobon<\/title>\n<meta name=\"description\" content=\"La Causa de Beatificaci\u00f3n de Jo\u00e3o Pozzobon ya tiene fecha para ser analizada por los Cardenales: el 17 de junio. \u00a1Recemos por esta intenci\u00f3n!\" \/>\n<meta name=\"robots\" content=\"index, follow, max-snippet:-1, max-image-preview:large, max-video-preview:-1\" \/>\n<link rel=\"canonical\" href=\"https:\/\/schoenstatt.com\/es\/cardenales-analizaran-en-junio-la-causa-de-beatificacion-de-joao-luiz-pozzobon\/\" \/>\n<meta property=\"og:locale\" content=\"es_ES\" \/>\n<meta property=\"og:type\" content=\"article\" \/>\n<meta property=\"og:title\" content=\"Cardenales analizar\u00e1n en junio la Causa de Beatificaci\u00f3n de Jo\u00e3o Luiz Pozzobon\" \/>\n<meta property=\"og:description\" content=\"La Causa de Beatificaci\u00f3n de Jo\u00e3o Pozzobon ya tiene fecha para ser analizada por los Cardenales: el 17 de junio. \u00a1Recemos por esta intenci\u00f3n!\" \/>\n<meta property=\"og:url\" content=\"https:\/\/schoenstatt.com\/es\/cardenales-analizaran-en-junio-la-causa-de-beatificacion-de-joao-luiz-pozzobon\/\" \/>\n<meta property=\"og:site_name\" content=\"Schoenstatt\" \/>\n<meta property=\"article:published_time\" content=\"2025-05-23T15:44:37+00:00\" \/>\n<meta property=\"article:modified_time\" content=\"2025-08-21T01:33:36+00:00\" \/>\n<meta property=\"og:image\" content=\"https:\/\/schoenstatt.com\/wp-content\/uploads\/2025\/05\/Joao-Luiz-Pozzobon-Roma.jpg\" \/>\n\t<meta property=\"og:image:width\" content=\"2048\" \/>\n\t<meta property=\"og:image:height\" content=\"1127\" \/>\n\t<meta property=\"og:image:type\" content=\"image\/jpeg\" \/>\n<meta name=\"author\" content=\"Karen Bueno\" \/>\n<meta name=\"twitter:card\" content=\"summary_large_image\" \/>\n<meta name=\"twitter:label1\" content=\"Escrito por\" \/>\n\t<meta name=\"twitter:data1\" content=\"Karen Bueno\" \/>\n\t<meta name=\"twitter:label2\" content=\"Tiempo de lectura\" \/>\n\t<meta name=\"twitter:data2\" content=\"3 minutos\" \/>\n<script type=\"application\/ld+json\" class=\"yoast-schema-graph\">{\"@context\":\"https:\\\/\\\/schema.org\",\"@graph\":[{\"@type\":\"Article\",\"@id\":\"https:\\\/\\\/schoenstatt.com\\\/es\\\/cardenales-analizaran-en-junio-la-causa-de-beatificacion-de-joao-luiz-pozzobon\\\/#article\",\"isPartOf\":{\"@id\":\"https:\\\/\\\/schoenstatt.com\\\/es\\\/cardenales-analizaran-en-junio-la-causa-de-beatificacion-de-joao-luiz-pozzobon\\\/\"},\"author\":{\"name\":\"Karen Bueno\",\"@id\":\"https:\\\/\\\/schoenstatt.com\\\/es\\\/#\\\/schema\\\/person\\\/5158877ad4acae98b34daaeef2a1ce6e\"},\"headline\":\"Cardenales analizar\u00e1n en junio la Causa de Beatificaci\u00f3n de Jo\u00e3o Luiz Pozzobon\",\"datePublished\":\"2025-05-23T15:44:37+00:00\",\"dateModified\":\"2025-08-21T01:33:36+00:00\",\"mainEntityOfPage\":{\"@id\":\"https:\\\/\\\/schoenstatt.com\\\/es\\\/cardenales-analizaran-en-junio-la-causa-de-beatificacion-de-joao-luiz-pozzobon\\\/\"},\"wordCount\":462,\"publisher\":{\"@id\":\"https:\\\/\\\/schoenstatt.com\\\/es\\\/#organization\"},\"image\":{\"@id\":\"https:\\\/\\\/schoenstatt.com\\\/es\\\/cardenales-analizaran-en-junio-la-causa-de-beatificacion-de-joao-luiz-pozzobon\\\/#primaryimage\"},\"thumbnailUrl\":\"https:\\\/\\\/schoenstatt.com\\\/wp-content\\\/uploads\\\/2025\\\/05\\\/Joao-Luiz-Pozzobon-Roma.jpg\",\"keywords\":[\"Campa\u00f1a de la Virgen Peregrina\",\"Heroes de Schoenstatt\",\"Jo\u00e3o Luiz Pozzobon\",\"Proceso de Beatificaci\u00f3n\",\"Schoenstatt Brasil\"],\"articleSection\":[\"Heroes de Schoenstatt\",\"Virgen Peregrina\"],\"inLanguage\":\"es\"},{\"@type\":\"WebPage\",\"@id\":\"https:\\\/\\\/schoenstatt.com\\\/es\\\/cardenales-analizaran-en-junio-la-causa-de-beatificacion-de-joao-luiz-pozzobon\\\/\",\"url\":\"https:\\\/\\\/schoenstatt.com\\\/es\\\/cardenales-analizaran-en-junio-la-causa-de-beatificacion-de-joao-luiz-pozzobon\\\/\",\"name\":\"Cardenales analizar\u00e1n en junio la Causa de Beatificaci\u00f3n de Jo\u00e3o Luiz Pozzobon\",\"isPartOf\":{\"@id\":\"https:\\\/\\\/schoenstatt.com\\\/es\\\/#website\"},\"primaryImageOfPage\":{\"@id\":\"https:\\\/\\\/schoenstatt.com\\\/es\\\/cardenales-analizaran-en-junio-la-causa-de-beatificacion-de-joao-luiz-pozzobon\\\/#primaryimage\"},\"image\":{\"@id\":\"https:\\\/\\\/schoenstatt.com\\\/es\\\/cardenales-analizaran-en-junio-la-causa-de-beatificacion-de-joao-luiz-pozzobon\\\/#primaryimage\"},\"thumbnailUrl\":\"https:\\\/\\\/schoenstatt.com\\\/wp-content\\\/uploads\\\/2025\\\/05\\\/Joao-Luiz-Pozzobon-Roma.jpg\",\"datePublished\":\"2025-05-23T15:44:37+00:00\",\"dateModified\":\"2025-08-21T01:33:36+00:00\",\"description\":\"La Causa de Beatificaci\u00f3n de Jo\u00e3o Pozzobon ya tiene fecha para ser analizada por los Cardenales: el 17 de junio. \u00a1Recemos por esta intenci\u00f3n!\",\"breadcrumb\":{\"@id\":\"https:\\\/\\\/schoenstatt.com\\\/es\\\/cardenales-analizaran-en-junio-la-causa-de-beatificacion-de-joao-luiz-pozzobon\\\/#breadcrumb\"},\"inLanguage\":\"es\",\"potentialAction\":[{\"@type\":\"ReadAction\",\"target\":[\"https:\\\/\\\/schoenstatt.com\\\/es\\\/cardenales-analizaran-en-junio-la-causa-de-beatificacion-de-joao-luiz-pozzobon\\\/\"]}]},{\"@type\":\"ImageObject\",\"inLanguage\":\"es\",\"@id\":\"https:\\\/\\\/schoenstatt.com\\\/es\\\/cardenales-analizaran-en-junio-la-causa-de-beatificacion-de-joao-luiz-pozzobon\\\/#primaryimage\",\"url\":\"https:\\\/\\\/schoenstatt.com\\\/wp-content\\\/uploads\\\/2025\\\/05\\\/Joao-Luiz-Pozzobon-Roma.jpg\",\"contentUrl\":\"https:\\\/\\\/schoenstatt.com\\\/wp-content\\\/uploads\\\/2025\\\/05\\\/Joao-Luiz-Pozzobon-Roma.jpg\",\"width\":2048,\"height\":1127},{\"@type\":\"BreadcrumbList\",\"@id\":\"https:\\\/\\\/schoenstatt.com\\\/es\\\/cardenales-analizaran-en-junio-la-causa-de-beatificacion-de-joao-luiz-pozzobon\\\/#breadcrumb\",\"itemListElement\":[{\"@type\":\"ListItem\",\"position\":1,\"name\":\"Portada\",\"item\":\"https:\\\/\\\/schoenstatt.com\\\/es\\\/home\\\/\"},{\"@type\":\"ListItem\",\"position\":2,\"name\":\"Cardenales analizar\u00e1n en junio la Causa de Beatificaci\u00f3n de Jo\u00e3o Luiz Pozzobon\"}]},{\"@type\":\"WebSite\",\"@id\":\"https:\\\/\\\/schoenstatt.com\\\/es\\\/#website\",\"url\":\"https:\\\/\\\/schoenstatt.com\\\/es\\\/\",\"name\":\"Schoenstatt\",\"description\":\"Apostolic Movement\",\"publisher\":{\"@id\":\"https:\\\/\\\/schoenstatt.com\\\/es\\\/#organization\"},\"potentialAction\":[{\"@type\":\"SearchAction\",\"target\":{\"@type\":\"EntryPoint\",\"urlTemplate\":\"https:\\\/\\\/schoenstatt.com\\\/es\\\/?s={search_term_string}\"},\"query-input\":{\"@type\":\"PropertyValueSpecification\",\"valueRequired\":true,\"valueName\":\"search_term_string\"}}],\"inLanguage\":\"es\"},{\"@type\":\"Organization\",\"@id\":\"https:\\\/\\\/schoenstatt.com\\\/es\\\/#organization\",\"name\":\"Schoenstatt\",\"url\":\"https:\\\/\\\/schoenstatt.com\\\/es\\\/\",\"logo\":{\"@type\":\"ImageObject\",\"inLanguage\":\"es\",\"@id\":\"https:\\\/\\\/schoenstatt.com\\\/es\\\/#\\\/schema\\\/logo\\\/image\\\/\",\"url\":\"https:\\\/\\\/schoenstatt.com\\\/wp-content\\\/uploads\\\/2025\\\/04\\\/logo-schoenstatt-white-696x696-1.png\",\"contentUrl\":\"https:\\\/\\\/schoenstatt.com\\\/wp-content\\\/uploads\\\/2025\\\/04\\\/logo-schoenstatt-white-696x696-1.png\",\"width\":696,\"height\":694,\"caption\":\"Schoenstatt\"},\"image\":{\"@id\":\"https:\\\/\\\/schoenstatt.com\\\/es\\\/#\\\/schema\\\/logo\\\/image\\\/\"}},{\"@type\":\"Person\",\"@id\":\"https:\\\/\\\/schoenstatt.com\\\/es\\\/#\\\/schema\\\/person\\\/5158877ad4acae98b34daaeef2a1ce6e\",\"name\":\"Karen Bueno\",\"image\":{\"@type\":\"ImageObject\",\"inLanguage\":\"es\",\"@id\":\"https:\\\/\\\/secure.gravatar.com\\\/avatar\\\/f9f4b823873154269d2b2130f195f6d41037dd0d7fc5f3cacb5c846bae70d66b?s=96&d=mm&r=g\",\"url\":\"https:\\\/\\\/secure.gravatar.com\\\/avatar\\\/f9f4b823873154269d2b2130f195f6d41037dd0d7fc5f3cacb5c846bae70d66b?s=96&d=mm&r=g\",\"contentUrl\":\"https:\\\/\\\/secure.gravatar.com\\\/avatar\\\/f9f4b823873154269d2b2130f195f6d41037dd0d7fc5f3cacb5c846bae70d66b?s=96&d=mm&r=g\",\"caption\":\"Karen Bueno\"},\"url\":\"https:\\\/\\\/schoenstatt.com\\\/es\\\/author\\\/karen-bueno\\\/\"}]}<\/script>\n<!-- \/ Yoast SEO Premium plugin. -->","yoast_head_json":{"title":"Cardenales analizar\u00e1n en junio la Causa de Beatificaci\u00f3n de Jo\u00e3o Luiz Pozzobon","description":"La Causa de Beatificaci\u00f3n de Jo\u00e3o Pozzobon ya tiene fecha para ser analizada por los Cardenales: el 17 de junio. \u00a1Recemos por esta intenci\u00f3n!","robots":{"index":"index","follow":"follow","max-snippet":"max-snippet:-1","max-image-preview":"max-image-preview:large","max-video-preview":"max-video-preview:-1"},"canonical":"https:\/\/schoenstatt.com\/es\/cardenales-analizaran-en-junio-la-causa-de-beatificacion-de-joao-luiz-pozzobon\/","og_locale":"es_ES","og_type":"article","og_title":"Cardenales analizar\u00e1n en junio la Causa de Beatificaci\u00f3n de Jo\u00e3o Luiz Pozzobon","og_description":"La Causa de Beatificaci\u00f3n de Jo\u00e3o Pozzobon ya tiene fecha para ser analizada por los Cardenales: el 17 de junio. \u00a1Recemos por esta intenci\u00f3n!","og_url":"https:\/\/schoenstatt.com\/es\/cardenales-analizaran-en-junio-la-causa-de-beatificacion-de-joao-luiz-pozzobon\/","og_site_name":"Schoenstatt","article_published_time":"2025-05-23T15:44:37+00:00","article_modified_time":"2025-08-21T01:33:36+00:00","og_image":[{"width":2048,"height":1127,"url":"https:\/\/schoenstatt.com\/wp-content\/uploads\/2025\/05\/Joao-Luiz-Pozzobon-Roma.jpg","type":"image\/jpeg"}],"author":"Karen Bueno","twitter_card":"summary_large_image","twitter_misc":{"Escrito por":"Karen Bueno","Tiempo de lectura":"3 minutos"},"schema":{"@context":"https:\/\/schema.org","@graph":[{"@type":"Article","@id":"https:\/\/schoenstatt.com\/es\/cardenales-analizaran-en-junio-la-causa-de-beatificacion-de-joao-luiz-pozzobon\/#article","isPartOf":{"@id":"https:\/\/schoenstatt.com\/es\/cardenales-analizaran-en-junio-la-causa-de-beatificacion-de-joao-luiz-pozzobon\/"},"author":{"name":"Karen Bueno","@id":"https:\/\/schoenstatt.com\/es\/#\/schema\/person\/5158877ad4acae98b34daaeef2a1ce6e"},"headline":"Cardenales analizar\u00e1n en junio la Causa de Beatificaci\u00f3n de Jo\u00e3o Luiz Pozzobon","datePublished":"2025-05-23T15:44:37+00:00","dateModified":"2025-08-21T01:33:36+00:00","mainEntityOfPage":{"@id":"https:\/\/schoenstatt.com\/es\/cardenales-analizaran-en-junio-la-causa-de-beatificacion-de-joao-luiz-pozzobon\/"},"wordCount":462,"publisher":{"@id":"https:\/\/schoenstatt.com\/es\/#organization"},"image":{"@id":"https:\/\/schoenstatt.com\/es\/cardenales-analizaran-en-junio-la-causa-de-beatificacion-de-joao-luiz-pozzobon\/#primaryimage"},"thumbnailUrl":"https:\/\/schoenstatt.com\/wp-content\/uploads\/2025\/05\/Joao-Luiz-Pozzobon-Roma.jpg","keywords":["Campa\u00f1a de la Virgen Peregrina","Heroes de Schoenstatt","Jo\u00e3o Luiz Pozzobon","Proceso de Beatificaci\u00f3n","Schoenstatt Brasil"],"articleSection":["Heroes de Schoenstatt","Virgen Peregrina"],"inLanguage":"es"},{"@type":"WebPage","@id":"https:\/\/schoenstatt.com\/es\/cardenales-analizaran-en-junio-la-causa-de-beatificacion-de-joao-luiz-pozzobon\/","url":"https:\/\/schoenstatt.com\/es\/cardenales-analizaran-en-junio-la-causa-de-beatificacion-de-joao-luiz-pozzobon\/","name":"Cardenales analizar\u00e1n en junio la Causa de Beatificaci\u00f3n de Jo\u00e3o Luiz Pozzobon","isPartOf":{"@id":"https:\/\/schoenstatt.com\/es\/#website"},"primaryImageOfPage":{"@id":"https:\/\/schoenstatt.com\/es\/cardenales-analizaran-en-junio-la-causa-de-beatificacion-de-joao-luiz-pozzobon\/#primaryimage"},"image":{"@id":"https:\/\/schoenstatt.com\/es\/cardenales-analizaran-en-junio-la-causa-de-beatificacion-de-joao-luiz-pozzobon\/#primaryimage"},"thumbnailUrl":"https:\/\/schoenstatt.com\/wp-content\/uploads\/2025\/05\/Joao-Luiz-Pozzobon-Roma.jpg","datePublished":"2025-05-23T15:44:37+00:00","dateModified":"2025-08-21T01:33:36+00:00","description":"La Causa de Beatificaci\u00f3n de Jo\u00e3o Pozzobon ya tiene fecha para ser analizada por los Cardenales: el 17 de junio. \u00a1Recemos por esta intenci\u00f3n!","breadcrumb":{"@id":"https:\/\/schoenstatt.com\/es\/cardenales-analizaran-en-junio-la-causa-de-beatificacion-de-joao-luiz-pozzobon\/#breadcrumb"},"inLanguage":"es","potentialAction":[{"@type":"ReadAction","target":["https:\/\/schoenstatt.com\/es\/cardenales-analizaran-en-junio-la-causa-de-beatificacion-de-joao-luiz-pozzobon\/"]}]},{"@type":"ImageObject","inLanguage":"es","@id":"https:\/\/schoenstatt.com\/es\/cardenales-analizaran-en-junio-la-causa-de-beatificacion-de-joao-luiz-pozzobon\/#primaryimage","url":"https:\/\/schoenstatt.com\/wp-content\/uploads\/2025\/05\/Joao-Luiz-Pozzobon-Roma.jpg","contentUrl":"https:\/\/schoenstatt.com\/wp-content\/uploads\/2025\/05\/Joao-Luiz-Pozzobon-Roma.jpg","width":2048,"height":1127},{"@type":"BreadcrumbList","@id":"https:\/\/schoenstatt.com\/es\/cardenales-analizaran-en-junio-la-causa-de-beatificacion-de-joao-luiz-pozzobon\/#breadcrumb","itemListElement":[{"@type":"ListItem","position":1,"name":"Portada","item":"https:\/\/schoenstatt.com\/es\/home\/"},{"@type":"ListItem","position":2,"name":"Cardenales analizar\u00e1n en junio la Causa de Beatificaci\u00f3n de Jo\u00e3o Luiz Pozzobon"}]},{"@type":"WebSite","@id":"https:\/\/schoenstatt.com\/es\/#website","url":"https:\/\/schoenstatt.com\/es\/","name":"Schoenstatt","description":"Apostolic Movement","publisher":{"@id":"https:\/\/schoenstatt.com\/es\/#organization"},"potentialAction":[{"@type":"SearchAction","target":{"@type":"EntryPoint","urlTemplate":"https:\/\/schoenstatt.com\/es\/?s={search_term_string}"},"query-input":{"@type":"PropertyValueSpecification","valueRequired":true,"valueName":"search_term_string"}}],"inLanguage":"es"},{"@type":"Organization","@id":"https:\/\/schoenstatt.com\/es\/#organization","name":"Schoenstatt","url":"https:\/\/schoenstatt.com\/es\/","logo":{"@type":"ImageObject","inLanguage":"es","@id":"https:\/\/schoenstatt.com\/es\/#\/schema\/logo\/image\/","url":"https:\/\/schoenstatt.com\/wp-content\/uploads\/2025\/04\/logo-schoenstatt-white-696x696-1.png","contentUrl":"https:\/\/schoenstatt.com\/wp-content\/uploads\/2025\/04\/logo-schoenstatt-white-696x696-1.png","width":696,"height":694,"caption":"Schoenstatt"},"image":{"@id":"https:\/\/schoenstatt.com\/es\/#\/schema\/logo\/image\/"}},{"@type":"Person","@id":"https:\/\/schoenstatt.com\/es\/#\/schema\/person\/5158877ad4acae98b34daaeef2a1ce6e","name":"Karen Bueno","image":{"@type":"ImageObject","inLanguage":"es","@id":"https:\/\/secure.gravatar.com\/avatar\/f9f4b823873154269d2b2130f195f6d41037dd0d7fc5f3cacb5c846bae70d66b?s=96&d=mm&r=g","url":"https:\/\/secure.gravatar.com\/avatar\/f9f4b823873154269d2b2130f195f6d41037dd0d7fc5f3cacb5c846bae70d66b?s=96&d=mm&r=g","contentUrl":"https:\/\/secure.gravatar.com\/avatar\/f9f4b823873154269d2b2130f195f6d41037dd0d7fc5f3cacb5c846bae70d66b?s=96&d=mm&r=g","caption":"Karen Bueno"},"url":"https:\/\/schoenstatt.com\/es\/author\/karen-bueno\/"}]}},"_links":{"self":[{"href":"https:\/\/schoenstatt.com\/es\/wp-json\/wp\/v2\/posts\/57596","targetHints":{"allow":["GET"]}}],"collection":[{"href":"https:\/\/schoenstatt.com\/es\/wp-json\/wp\/v2\/posts"}],"about":[{"href":"https:\/\/schoenstatt.com\/es\/wp-json\/wp\/v2\/types\/post"}],"author":[{"embeddable":true,"href":"https:\/\/schoenstatt.com\/es\/wp-json\/wp\/v2\/users\/3"}],"replies":[{"embeddable":true,"href":"https:\/\/schoenstatt.com\/es\/wp-json\/wp\/v2\/comments?post=57596"}],"version-history":[{"count":4,"href":"https:\/\/schoenstatt.com\/es\/wp-json\/wp\/v2\/posts\/57596\/revisions"}],"predecessor-version":[{"id":62970,"href":"https:\/\/schoenstatt.com\/es\/wp-json\/wp\/v2\/posts\/57596\/revisions\/62970"}],"wp:featuredmedia":[{"embeddable":true,"href":"https:\/\/schoenstatt.com\/es\/wp-json\/wp\/v2\/media\/57589"}],"wp:attachment":[{"href":"https:\/\/schoenstatt.com\/es\/wp-json\/wp\/v2\/media?parent=57596"}],"wp:term":[{"taxonomy":"category","embeddable":true,"href":"https:\/\/schoenstatt.com\/es\/wp-json\/wp\/v2\/categories?post=57596"},{"taxonomy":"post_tag","embeddable":true,"href":"https:\/\/schoenstatt.com\/es\/wp-json\/wp\/v2\/tags?post=57596"}],"curies":[{"name":"wp","href":"https:\/\/api.w.org\/{rel}","templated":true}]}}