{"id":57096,"date":"2025-05-21T13:18:25","date_gmt":"2025-05-21T11:18:25","guid":{"rendered":"https:\/\/schoenstatt.com\/?p=57096"},"modified":"2025-08-21T04:09:27","modified_gmt":"2025-08-21T02:09:27","slug":"los-romanos-en-la-plaza-de-san-pedro-para-la-proclamacion-de-leon-xiv","status":"publish","type":"post","link":"https:\/\/schoenstatt.com\/es\/los-romanos-en-la-plaza-de-san-pedro-para-la-proclamacion-de-leon-xiv\/","title":{"rendered":"Los romanos en la plaza de San Pedro para la proclamaci\u00f3n de Le\u00f3n XIV"},"content":{"rendered":"\n<p><strong><strong>El camino hasta la Plaza de San Pedro y la espera<\/strong><\/strong><\/p>\n\n\n\n<p>Esa tarde del 8 de mayo, mis hijas estaban frente al televisor, mirando la imagen en directo de la chimenea de la Capilla Sixtina, esperando la humareda que anunciar\u00eda el resultado de la votaci\u00f3n del c\u00f3nclave, que pens\u00e1bamos que no tendr\u00eda \u00e9xito. <strong>\u00ab\u00a1Humo blanco!\u00bb<\/strong>, grit\u00f3 una de mis hijas, e inmediatamente nos invadi\u00f3 un sentimiento de sorpresa por la rapidez del nombramiento y de alegr\u00eda por tener un nuevo pont\u00edfice.<\/p>\n\n\n\n<p>Sin pensarlo dos veces, salimos de casa, subimos al coche y nos dirigimos a la plaza de San Pedro: es un acontecimiento tan importante para nosotros y para nuestra fe, que no nos lo pod\u00edamos perder.<\/p>\n\n\n\n<p><strong>Llegar a la plaza fue toda una aventura<\/strong>: primero nos topamos con un tr\u00e1fico surrealista y luego nos rescat\u00f3 el aparcamiento de varias plantas del Gianicolo, la colina situada frente a San Pedro, que nos permiti\u00f3 llegar a la columnata de Bernini sin m\u00e1s demora. Sab\u00edamos por la televisi\u00f3n que hab\u00eda muchos fieles y peregrinos en la plaza de San Pedro, pero nos esperaba una sorpresa: otras 150 000 personas (la estimaci\u00f3n oficial) ten\u00edan la misma idea que nosotros y se agolpaban para entrar por la Via della Conciliazione o en la plaza.<\/p>\n\n\n\n<figure class=\"wp-block-gallery has-nested-images columns-default is-cropped wp-block-gallery-1 is-layout-flex wp-block-gallery-is-layout-flex\">\n<figure class=\"wp-block-image size-large\"><img fetchpriority=\"high\" decoding=\"async\" width=\"1152\" height=\"2048\" data-id=\"57060\" src=\"https:\/\/schoenstatt.com\/wp-content\/uploads\/2025\/05\/vatican-2.jpg\" alt=\"\" class=\"wp-image-57060\" srcset=\"https:\/\/schoenstatt.com\/wp-content\/uploads\/2025\/05\/vatican-2.jpg 1152w, https:\/\/schoenstatt.com\/wp-content\/uploads\/2025\/05\/vatican-2-768x1365.jpg 768w, https:\/\/schoenstatt.com\/wp-content\/uploads\/2025\/05\/vatican-2-864x1536.jpg 864w\" sizes=\"(max-width: 1152px) 100vw, 1152px\" \/><\/figure>\n\n\n\n<figure class=\"wp-block-image size-large\"><img decoding=\"async\" width=\"1441\" height=\"2560\" data-id=\"57065\" src=\"https:\/\/schoenstatt.com\/wp-content\/uploads\/2025\/05\/vatican-1-scaled.jpg\" alt=\"\" class=\"wp-image-57065\" srcset=\"https:\/\/schoenstatt.com\/wp-content\/uploads\/2025\/05\/vatican-1-scaled.jpg 1441w, https:\/\/schoenstatt.com\/wp-content\/uploads\/2025\/05\/vatican-1-768x1364.jpg 768w, https:\/\/schoenstatt.com\/wp-content\/uploads\/2025\/05\/vatican-1-865x1536.jpg 865w, https:\/\/schoenstatt.com\/wp-content\/uploads\/2025\/05\/vatican-1-1153x2048.jpg 1153w\" sizes=\"(max-width: 1441px) 100vw, 1441px\" \/><\/figure>\n<\/figure>\n\n\n\n<p>No nos desanimamos y nos unimos al flujo de peregrinos, reuni\u00e9ndonos al final para pasar los detectores de metales y acceder a la plaza. Todav\u00eda no me lo creo, pero conseguimos llegar a la plaza, cerca del obelisco, 30 minutos antes de que anunciaran el nombre del nuevo Papa. No sab\u00edamos qui\u00e9n ser\u00eda, como todo el mundo, y la alegre expectaci\u00f3n se respiraba en el aire.<\/p>\n\n\n\n<p><strong>Todos ten\u00edamos el m\u00f3vil listo para hacer fotos o v\u00eddeos del acontecimiento<\/strong>, aunque a nadie le funcionara la conexi\u00f3n a Internet. La plaza estaba llena de peregrinos de todo el mundo, tambi\u00e9n con motivo del jubileo, y los fieles italianos esperaban que el nuevo Papa fuera italiano. Para nosotros, los romanos, la figura del Papa forma parte del \u00abpanorama de la ciudad\u00bb, de la identidad profunda de la ciudad, es una presencia de la que no podemos prescindir, incluso para los no creyentes, y el origen del pont\u00edfice no importa mucho, porque es nuestro obispo\u2026 De hecho, amamos profundamente a los pont\u00edfices anteriores y nos alegramos y rezamos por ellos.<\/p>\n\n\n\n<h3 class=\"wp-block-heading\" id=\"h-la-proclamacion\">La proclamaci\u00f3n<\/h3>\n\n\n\n<p>Finalmente, se abri\u00f3 la cortina del balc\u00f3n central de la bas\u00edlica y el Cardenal Protodi\u00e1cono pronunci\u00f3 la frase que todos conocemos:<em> Habemus Papam.<\/em><\/p>\n\n\n\n<figure class=\"wp-block-image aligncenter size-full is-resized\"><img decoding=\"async\" width=\"1124\" height=\"2048\" src=\"https:\/\/schoenstatt.com\/wp-content\/uploads\/2025\/05\/Vatican-Roma-2.jpg\" alt=\"\" class=\"wp-image-57070\" style=\"width:500px\" srcset=\"https:\/\/schoenstatt.com\/wp-content\/uploads\/2025\/05\/Vatican-Roma-2.jpg 1124w, https:\/\/schoenstatt.com\/wp-content\/uploads\/2025\/05\/Vatican-Roma-2-768x1399.jpg 768w, https:\/\/schoenstatt.com\/wp-content\/uploads\/2025\/05\/Vatican-Roma-2-843x1536.jpg 843w\" sizes=\"(max-width: 1124px) 100vw, 1124px\" \/><\/figure>\n\n\n\n<p>As\u00ed nos enteramos de que el cardenal Robert Francis Prevost hab\u00eda sido nombrado Papa con el nombre de Le\u00f3n XIV. Entre los fieles italianos se extendi\u00f3 la curiosidad por saber qui\u00e9n era el nuevo Papa y por qu\u00e9 hab\u00eda elegido ese nombre. Poco despu\u00e9s, algunos fieles, a pesar de la d\u00e9bil se\u00f1al de internet, compartieron la noticia de que el pont\u00edfice era de origen americano y apareci\u00f3 junto a los dem\u00e1s cardenales. En las pantallas gigantes de la plaza, pudimos ver en su silencio inicial y en su mirada conmovida una gran emoci\u00f3n que tambi\u00e9n nos envolvi\u00f3 a todos.<\/p>\n\n\n\n<p>Comenz\u00f3 el discurso del Papa, tan largo e intenso como quiz\u00e1 nunca hab\u00eda escuchado en las otras proclamaciones a las que hab\u00eda asistido. Algunas palabras clave resonaron en nuestras mentes y corazones como si fueran hitos: <strong>paz<\/strong> (repetida ocho veces), <strong>Papa Francisco <\/strong>(dos veces), <strong>Roma<\/strong> (cuatro veces), <strong>mundo<\/strong> (cuatro veces), <strong>Iglesia<\/strong> (nueve veces),<strong> puente\/puentes <\/strong>(tres veces), <strong>Mar\u00eda<\/strong>, a quien dedic\u00f3 las dos \u00faltimas frases finales del discurso.<\/p>\n\n\n\n<p>La declaraci\u00f3n de sus intenciones nos impact\u00f3 de inmediato: <em>\u00abQueremos ser una Iglesia sinodal, una Iglesia en camino, una Iglesia que busque siempre la paz, que busque siempre la caridad, que busque siempre la cercan\u00eda, especialmente con los que sufren\u00bb<\/em>, lo que nos record\u00f3 la expresi\u00f3n del Papa Francisco de una <em>\u00abIglesia en salida\u00bb<\/em>, que en Le\u00f3n XIV, se convierte en la Iglesia que dialoga y \u00abtiende puentes\u00bb. Estas frases llegaron a nuestros corazones como el estribillo de un largu\u00edsimo salmo que quiere continuar la Iglesia en salida de Francisco con una Iglesia que dialoga y se une a los dem\u00e1s para construir un mundo nuevo.<\/p>\n\n\n\n<h3 class=\"wp-block-heading\" id=\"h-el-nuevo-pontifice\">El nuevo pont\u00edfice<\/h3>\n\n\n\n<p>En su saludo inicial, el Papa Le\u00f3n XIV explic\u00f3 su trayectoria, sus or\u00edgenes en la Orden de San Agust\u00edn y su misi\u00f3n como sacerdote y obispo en Per\u00fa, donde obtuvo la ciudadan\u00eda, a pesar de haber nacido en Chicago (EE.UU.).<\/p>\n\n\n\n<figure class=\"wp-block-image aligncenter size-full is-resized\"><img loading=\"lazy\" decoding=\"async\" width=\"1536\" height=\"2048\" src=\"https:\/\/schoenstatt.com\/wp-content\/uploads\/2025\/05\/Family-Vatican-Roma.jpg\" alt=\"\" class=\"wp-image-57086\" style=\"width:500px;height:auto\" srcset=\"https:\/\/schoenstatt.com\/wp-content\/uploads\/2025\/05\/Family-Vatican-Roma.jpg 1536w, https:\/\/schoenstatt.com\/wp-content\/uploads\/2025\/05\/Family-Vatican-Roma-768x1024.jpg 768w, https:\/\/schoenstatt.com\/wp-content\/uploads\/2025\/05\/Family-Vatican-Roma-1152x1536.jpg 1152w\" sizes=\"(max-width: 1536px) 100vw, 1536px\" \/><figcaption class=\"wp-element-caption\">Conseguimos llegar a la plaza 30 minutos antes de que anunciaran el nombre del nuevo Papa<\/figcaption><\/figure>\n\n\n\n<p>A principios de 2023, el Papa Francisco le nombr\u00f3 prefecto del Dicasterio para los Obispos, pero tambi\u00e9n fue presidente de la Pontificia Comisi\u00f3n para Am\u00e9rica Latina, lo que le convierte un poco en romano.<\/p>\n\n\n\n<p>Quiz\u00e1s el episodio m\u00e1s llamativo es el que cuenta la <a href=\"https:\/\/www.vaticannews.va\/pt\/papa\/news\/2025-05\/diocese-de-chiclayobispo-prevost-missionario-entre-o-povo.html\" target=\"_blank\" rel=\"noreferrer noopener\">Hermana Karina Gonzales en Vatican News<\/a>, relatando c\u00f3mo el Papa Le\u00f3n XIV, cuando era misionero en Per\u00fa, para llegar a todos sus fieles dispersos por la di\u00f3cesis, incluso en zonas de dif\u00edcil acceso, part\u00eda a caballo para llegar a la Sierra del Norte, una regi\u00f3n monta\u00f1osa andina. Un pastor, pues, que lleva a sus fieles en el coraz\u00f3n y hace todo lo posible por alcanzarlos y ayudarlos.<\/p>\n\n\n\n<h3 class=\"wp-block-heading\" id=\"h-el-nombre-de-leon-xiv\">El nombre de Le\u00f3n XIV<\/h3>\n\n\n\n<p>Al o\u00edr el nombre, todos los fieles presentes en San Pedro se preguntaron el por qu\u00e9 hab\u00eda elegido ese nombre. Todos los expertos en el tema recordaron la conexi\u00f3n con el Papa Le\u00f3n XIII (Vincenzo Gioacchino Raffaele Luigi Pecci, 256\u00ba Obispo de Roma, que fue Papa de 1878 a 1903) que, en mi opini\u00f3n, destac\u00f3 por valorar la teolog\u00eda de Santo Tom\u00e1s de Aquino en los estudios teol\u00f3gicos y por haber buscado el di\u00e1logo con el mundo (est\u00e1bamos despu\u00e9s de la conquista del Estado Pontificio y en tiempos del desarrollo del modernismo, el capitalismo y, en consecuencia, el socialismo). Su obra concluy\u00f3 con la enc\u00edclica <em>Rerum Novarum<\/em> (1891), a\u00fan hoy muy importante, que constituy\u00f3 el fundamento te\u00f3rico de la doctrina social de la Iglesia cat\u00f3lica y represent\u00f3 la respuesta de la Iglesia a los problemas de la \u00e9poca (que a\u00fan nos afligen, aunque de forma diferente).<\/p>\n\n\n\n<p>A los romanos, sin embargo, nos gusta pensar que la elecci\u00f3n del nombre se inspir\u00f3 tambi\u00e9n en el recuerdo de Le\u00f3n I, pont\u00edfice de 440 a 461, al que se vincula especialmente su encuentro con Atila, soberano de los hunos, para intentar disuadirle de avanzar contra Roma (episodio representado en un fresco de Rafael de 1513 en los Museos Vaticanos) y los sucesos de 455, cuando consigui\u00f3 salvar Roma del saqueo de los v\u00e1ndalos, protegiendo a la poblaci\u00f3n y las principales bas\u00edlicas.<\/p>\n\n\n\n<figure class=\"wp-block-image size-full\"><img loading=\"lazy\" decoding=\"async\" width=\"2000\" height=\"1126\" src=\"https:\/\/schoenstatt.com\/wp-content\/uploads\/2025\/05\/Vatican-Roma-3.jpg\" alt=\"\" class=\"wp-image-57081\" srcset=\"https:\/\/schoenstatt.com\/wp-content\/uploads\/2025\/05\/Vatican-Roma-3.jpg 2000w, https:\/\/schoenstatt.com\/wp-content\/uploads\/2025\/05\/Vatican-Roma-3-768x432.jpg 768w, https:\/\/schoenstatt.com\/wp-content\/uploads\/2025\/05\/Vatican-Roma-3-1536x865.jpg 1536w\" sizes=\"(max-width: 2000px) 100vw, 2000px\" \/><\/figure>\n\n\n\n<p>Al final de esta emocionante e importante jornada, me vienen a la mente unas palabras de Mons. Prevost en una entrevista que concedi\u00f3 en mayo de 2023 al director editorial de Vatican News, como rasgo que tambi\u00e9n nos gusta pensar del pontificado: <em>\u00abMi vocaci\u00f3n, como la de todo cristiano, es ser misionero, anunciar el Evangelio all\u00ed donde se encuentre\u00bb.<\/em> Indignamente, queremos seguir este camino\u2026<\/p>\n\n\n\n<p><strong>Traducci\u00f3n:<\/strong> Hna. M. Lourdes Mac\u00edas<\/p>\n","protected":false},"excerpt":{"rendered":"<p>\u00bfC\u00f3mo vivi\u00f3 la Familia de Schoenstatt de Roma el anuncio del nuevo Papa? Prisas, expectaci\u00f3n y emoci\u00f3n en la carrera hacia la Plaza de San Pedro.<\/p>\n","protected":false},"author":3,"featured_media":57085,"comment_status":"closed","ping_status":"closed","sticky":false,"template":"","format":"standard","meta":{"footnotes":""},"categories":[877,683],"tags":[1108],"class_list":["post-57096","post","type-post","status-publish","format-standard","has-post-thumbnail","hentry","category-familia-es","category-iglesia-es","tag-roma-es"],"yoast_head":"<!-- This site is optimized with the Yoast SEO Premium plugin v27.4 (Yoast SEO v27.4) - https:\/\/yoast.com\/product\/yoast-seo-premium-wordpress\/ -->\n<title>Los romanos en la plaza de San Pedro para la proclamaci\u00f3n de Le\u00f3n XIV<\/title>\n<meta name=\"description\" content=\"\u00bfC\u00f3mo vivi\u00f3 la Familia de Schoenstatt de Roma el anuncio del nuevo Papa? Prisas, expectaci\u00f3n y emoci\u00f3n en la carrera hacia la Plaza de San Pedro.\" \/>\n<meta name=\"robots\" content=\"index, follow, max-snippet:-1, max-image-preview:large, max-video-preview:-1\" \/>\n<link rel=\"canonical\" href=\"https:\/\/schoenstatt.com\/es\/los-romanos-en-la-plaza-de-san-pedro-para-la-proclamacion-de-leon-xiv\/\" \/>\n<meta property=\"og:locale\" content=\"es_ES\" \/>\n<meta property=\"og:type\" content=\"article\" \/>\n<meta property=\"og:title\" content=\"Los romanos en la plaza de San Pedro para la proclamaci\u00f3n de Le\u00f3n XIV\" \/>\n<meta property=\"og:description\" content=\"\u00bfC\u00f3mo vivi\u00f3 la Familia de Schoenstatt de Roma el anuncio del nuevo Papa? Prisas, expectaci\u00f3n y emoci\u00f3n en la carrera hacia la Plaza de San Pedro.\" \/>\n<meta property=\"og:url\" content=\"https:\/\/schoenstatt.com\/es\/los-romanos-en-la-plaza-de-san-pedro-para-la-proclamacion-de-leon-xiv\/\" \/>\n<meta property=\"og:site_name\" content=\"Schoenstatt\" \/>\n<meta property=\"article:published_time\" content=\"2025-05-21T11:18:25+00:00\" \/>\n<meta property=\"article:modified_time\" content=\"2025-08-21T02:09:27+00:00\" \/>\n<meta property=\"og:image\" content=\"https:\/\/schoenstatt.com\/wp-content\/uploads\/2025\/05\/Vatican-Roma-3.jpg\" \/>\n\t<meta property=\"og:image:width\" content=\"2000\" \/>\n\t<meta property=\"og:image:height\" content=\"1126\" \/>\n\t<meta property=\"og:image:type\" content=\"image\/jpeg\" \/>\n<meta name=\"author\" content=\"Karen Bueno\" \/>\n<meta name=\"twitter:card\" content=\"summary_large_image\" \/>\n<meta name=\"twitter:label1\" content=\"Escrito por\" \/>\n\t<meta name=\"twitter:data1\" content=\"Karen Bueno\" \/>\n\t<meta name=\"twitter:label2\" content=\"Tiempo de lectura\" \/>\n\t<meta name=\"twitter:data2\" content=\"7 minutos\" \/>\n<script type=\"application\/ld+json\" class=\"yoast-schema-graph\">{\"@context\":\"https:\\\/\\\/schema.org\",\"@graph\":[{\"@type\":\"Article\",\"@id\":\"https:\\\/\\\/schoenstatt.com\\\/es\\\/los-romanos-en-la-plaza-de-san-pedro-para-la-proclamacion-de-leon-xiv\\\/#article\",\"isPartOf\":{\"@id\":\"https:\\\/\\\/schoenstatt.com\\\/es\\\/los-romanos-en-la-plaza-de-san-pedro-para-la-proclamacion-de-leon-xiv\\\/\"},\"author\":{\"name\":\"Karen Bueno\",\"@id\":\"https:\\\/\\\/schoenstatt.com\\\/es\\\/#\\\/schema\\\/person\\\/5158877ad4acae98b34daaeef2a1ce6e\"},\"headline\":\"Los romanos en la plaza de San Pedro para la proclamaci\u00f3n de Le\u00f3n XIV\",\"datePublished\":\"2025-05-21T11:18:25+00:00\",\"dateModified\":\"2025-08-21T02:09:27+00:00\",\"mainEntityOfPage\":{\"@id\":\"https:\\\/\\\/schoenstatt.com\\\/es\\\/los-romanos-en-la-plaza-de-san-pedro-para-la-proclamacion-de-leon-xiv\\\/\"},\"wordCount\":1257,\"publisher\":{\"@id\":\"https:\\\/\\\/schoenstatt.com\\\/es\\\/#organization\"},\"image\":{\"@id\":\"https:\\\/\\\/schoenstatt.com\\\/es\\\/los-romanos-en-la-plaza-de-san-pedro-para-la-proclamacion-de-leon-xiv\\\/#primaryimage\"},\"thumbnailUrl\":\"https:\\\/\\\/schoenstatt.com\\\/wp-content\\\/uploads\\\/2025\\\/05\\\/Vatican-Roma-3.jpg\",\"keywords\":[\"Roma\"],\"articleSection\":[\"Familia\",\"Iglesia\"],\"inLanguage\":\"es\"},{\"@type\":\"WebPage\",\"@id\":\"https:\\\/\\\/schoenstatt.com\\\/es\\\/los-romanos-en-la-plaza-de-san-pedro-para-la-proclamacion-de-leon-xiv\\\/\",\"url\":\"https:\\\/\\\/schoenstatt.com\\\/es\\\/los-romanos-en-la-plaza-de-san-pedro-para-la-proclamacion-de-leon-xiv\\\/\",\"name\":\"Los romanos en la plaza de San Pedro para la proclamaci\u00f3n de Le\u00f3n XIV\",\"isPartOf\":{\"@id\":\"https:\\\/\\\/schoenstatt.com\\\/es\\\/#website\"},\"primaryImageOfPage\":{\"@id\":\"https:\\\/\\\/schoenstatt.com\\\/es\\\/los-romanos-en-la-plaza-de-san-pedro-para-la-proclamacion-de-leon-xiv\\\/#primaryimage\"},\"image\":{\"@id\":\"https:\\\/\\\/schoenstatt.com\\\/es\\\/los-romanos-en-la-plaza-de-san-pedro-para-la-proclamacion-de-leon-xiv\\\/#primaryimage\"},\"thumbnailUrl\":\"https:\\\/\\\/schoenstatt.com\\\/wp-content\\\/uploads\\\/2025\\\/05\\\/Vatican-Roma-3.jpg\",\"datePublished\":\"2025-05-21T11:18:25+00:00\",\"dateModified\":\"2025-08-21T02:09:27+00:00\",\"description\":\"\u00bfC\u00f3mo vivi\u00f3 la Familia de Schoenstatt de Roma el anuncio del nuevo Papa? Prisas, expectaci\u00f3n y emoci\u00f3n en la carrera hacia la Plaza de San Pedro.\",\"breadcrumb\":{\"@id\":\"https:\\\/\\\/schoenstatt.com\\\/es\\\/los-romanos-en-la-plaza-de-san-pedro-para-la-proclamacion-de-leon-xiv\\\/#breadcrumb\"},\"inLanguage\":\"es\",\"potentialAction\":[{\"@type\":\"ReadAction\",\"target\":[\"https:\\\/\\\/schoenstatt.com\\\/es\\\/los-romanos-en-la-plaza-de-san-pedro-para-la-proclamacion-de-leon-xiv\\\/\"]}]},{\"@type\":\"ImageObject\",\"inLanguage\":\"es\",\"@id\":\"https:\\\/\\\/schoenstatt.com\\\/es\\\/los-romanos-en-la-plaza-de-san-pedro-para-la-proclamacion-de-leon-xiv\\\/#primaryimage\",\"url\":\"https:\\\/\\\/schoenstatt.com\\\/wp-content\\\/uploads\\\/2025\\\/05\\\/Vatican-Roma-3.jpg\",\"contentUrl\":\"https:\\\/\\\/schoenstatt.com\\\/wp-content\\\/uploads\\\/2025\\\/05\\\/Vatican-Roma-3.jpg\",\"width\":2000,\"height\":1126},{\"@type\":\"BreadcrumbList\",\"@id\":\"https:\\\/\\\/schoenstatt.com\\\/es\\\/los-romanos-en-la-plaza-de-san-pedro-para-la-proclamacion-de-leon-xiv\\\/#breadcrumb\",\"itemListElement\":[{\"@type\":\"ListItem\",\"position\":1,\"name\":\"Portada\",\"item\":\"https:\\\/\\\/schoenstatt.com\\\/es\\\/home\\\/\"},{\"@type\":\"ListItem\",\"position\":2,\"name\":\"Los romanos en la plaza de San Pedro para la proclamaci\u00f3n de Le\u00f3n XIV\"}]},{\"@type\":\"WebSite\",\"@id\":\"https:\\\/\\\/schoenstatt.com\\\/es\\\/#website\",\"url\":\"https:\\\/\\\/schoenstatt.com\\\/es\\\/\",\"name\":\"Schoenstatt\",\"description\":\"Apostolic Movement\",\"publisher\":{\"@id\":\"https:\\\/\\\/schoenstatt.com\\\/es\\\/#organization\"},\"potentialAction\":[{\"@type\":\"SearchAction\",\"target\":{\"@type\":\"EntryPoint\",\"urlTemplate\":\"https:\\\/\\\/schoenstatt.com\\\/es\\\/?s={search_term_string}\"},\"query-input\":{\"@type\":\"PropertyValueSpecification\",\"valueRequired\":true,\"valueName\":\"search_term_string\"}}],\"inLanguage\":\"es\"},{\"@type\":\"Organization\",\"@id\":\"https:\\\/\\\/schoenstatt.com\\\/es\\\/#organization\",\"name\":\"Schoenstatt\",\"url\":\"https:\\\/\\\/schoenstatt.com\\\/es\\\/\",\"logo\":{\"@type\":\"ImageObject\",\"inLanguage\":\"es\",\"@id\":\"https:\\\/\\\/schoenstatt.com\\\/es\\\/#\\\/schema\\\/logo\\\/image\\\/\",\"url\":\"https:\\\/\\\/schoenstatt.com\\\/wp-content\\\/uploads\\\/2025\\\/04\\\/logo-schoenstatt-white-696x696-1.png\",\"contentUrl\":\"https:\\\/\\\/schoenstatt.com\\\/wp-content\\\/uploads\\\/2025\\\/04\\\/logo-schoenstatt-white-696x696-1.png\",\"width\":696,\"height\":694,\"caption\":\"Schoenstatt\"},\"image\":{\"@id\":\"https:\\\/\\\/schoenstatt.com\\\/es\\\/#\\\/schema\\\/logo\\\/image\\\/\"}},{\"@type\":\"Person\",\"@id\":\"https:\\\/\\\/schoenstatt.com\\\/es\\\/#\\\/schema\\\/person\\\/5158877ad4acae98b34daaeef2a1ce6e\",\"name\":\"Karen Bueno\",\"image\":{\"@type\":\"ImageObject\",\"inLanguage\":\"es\",\"@id\":\"https:\\\/\\\/secure.gravatar.com\\\/avatar\\\/f9f4b823873154269d2b2130f195f6d41037dd0d7fc5f3cacb5c846bae70d66b?s=96&d=mm&r=g\",\"url\":\"https:\\\/\\\/secure.gravatar.com\\\/avatar\\\/f9f4b823873154269d2b2130f195f6d41037dd0d7fc5f3cacb5c846bae70d66b?s=96&d=mm&r=g\",\"contentUrl\":\"https:\\\/\\\/secure.gravatar.com\\\/avatar\\\/f9f4b823873154269d2b2130f195f6d41037dd0d7fc5f3cacb5c846bae70d66b?s=96&d=mm&r=g\",\"caption\":\"Karen Bueno\"},\"url\":\"https:\\\/\\\/schoenstatt.com\\\/es\\\/author\\\/karen-bueno\\\/\"}]}<\/script>\n<!-- \/ Yoast SEO Premium plugin. -->","yoast_head_json":{"title":"Los romanos en la plaza de San Pedro para la proclamaci\u00f3n de Le\u00f3n XIV","description":"\u00bfC\u00f3mo vivi\u00f3 la Familia de Schoenstatt de Roma el anuncio del nuevo Papa? Prisas, expectaci\u00f3n y emoci\u00f3n en la carrera hacia la Plaza de San Pedro.","robots":{"index":"index","follow":"follow","max-snippet":"max-snippet:-1","max-image-preview":"max-image-preview:large","max-video-preview":"max-video-preview:-1"},"canonical":"https:\/\/schoenstatt.com\/es\/los-romanos-en-la-plaza-de-san-pedro-para-la-proclamacion-de-leon-xiv\/","og_locale":"es_ES","og_type":"article","og_title":"Los romanos en la plaza de San Pedro para la proclamaci\u00f3n de Le\u00f3n XIV","og_description":"\u00bfC\u00f3mo vivi\u00f3 la Familia de Schoenstatt de Roma el anuncio del nuevo Papa? Prisas, expectaci\u00f3n y emoci\u00f3n en la carrera hacia la Plaza de San Pedro.","og_url":"https:\/\/schoenstatt.com\/es\/los-romanos-en-la-plaza-de-san-pedro-para-la-proclamacion-de-leon-xiv\/","og_site_name":"Schoenstatt","article_published_time":"2025-05-21T11:18:25+00:00","article_modified_time":"2025-08-21T02:09:27+00:00","og_image":[{"width":2000,"height":1126,"url":"https:\/\/schoenstatt.com\/wp-content\/uploads\/2025\/05\/Vatican-Roma-3.jpg","type":"image\/jpeg"}],"author":"Karen Bueno","twitter_card":"summary_large_image","twitter_misc":{"Escrito por":"Karen Bueno","Tiempo de lectura":"7 minutos"},"schema":{"@context":"https:\/\/schema.org","@graph":[{"@type":"Article","@id":"https:\/\/schoenstatt.com\/es\/los-romanos-en-la-plaza-de-san-pedro-para-la-proclamacion-de-leon-xiv\/#article","isPartOf":{"@id":"https:\/\/schoenstatt.com\/es\/los-romanos-en-la-plaza-de-san-pedro-para-la-proclamacion-de-leon-xiv\/"},"author":{"name":"Karen Bueno","@id":"https:\/\/schoenstatt.com\/es\/#\/schema\/person\/5158877ad4acae98b34daaeef2a1ce6e"},"headline":"Los romanos en la plaza de San Pedro para la proclamaci\u00f3n de Le\u00f3n XIV","datePublished":"2025-05-21T11:18:25+00:00","dateModified":"2025-08-21T02:09:27+00:00","mainEntityOfPage":{"@id":"https:\/\/schoenstatt.com\/es\/los-romanos-en-la-plaza-de-san-pedro-para-la-proclamacion-de-leon-xiv\/"},"wordCount":1257,"publisher":{"@id":"https:\/\/schoenstatt.com\/es\/#organization"},"image":{"@id":"https:\/\/schoenstatt.com\/es\/los-romanos-en-la-plaza-de-san-pedro-para-la-proclamacion-de-leon-xiv\/#primaryimage"},"thumbnailUrl":"https:\/\/schoenstatt.com\/wp-content\/uploads\/2025\/05\/Vatican-Roma-3.jpg","keywords":["Roma"],"articleSection":["Familia","Iglesia"],"inLanguage":"es"},{"@type":"WebPage","@id":"https:\/\/schoenstatt.com\/es\/los-romanos-en-la-plaza-de-san-pedro-para-la-proclamacion-de-leon-xiv\/","url":"https:\/\/schoenstatt.com\/es\/los-romanos-en-la-plaza-de-san-pedro-para-la-proclamacion-de-leon-xiv\/","name":"Los romanos en la plaza de San Pedro para la proclamaci\u00f3n de Le\u00f3n XIV","isPartOf":{"@id":"https:\/\/schoenstatt.com\/es\/#website"},"primaryImageOfPage":{"@id":"https:\/\/schoenstatt.com\/es\/los-romanos-en-la-plaza-de-san-pedro-para-la-proclamacion-de-leon-xiv\/#primaryimage"},"image":{"@id":"https:\/\/schoenstatt.com\/es\/los-romanos-en-la-plaza-de-san-pedro-para-la-proclamacion-de-leon-xiv\/#primaryimage"},"thumbnailUrl":"https:\/\/schoenstatt.com\/wp-content\/uploads\/2025\/05\/Vatican-Roma-3.jpg","datePublished":"2025-05-21T11:18:25+00:00","dateModified":"2025-08-21T02:09:27+00:00","description":"\u00bfC\u00f3mo vivi\u00f3 la Familia de Schoenstatt de Roma el anuncio del nuevo Papa? Prisas, expectaci\u00f3n y emoci\u00f3n en la carrera hacia la Plaza de San Pedro.","breadcrumb":{"@id":"https:\/\/schoenstatt.com\/es\/los-romanos-en-la-plaza-de-san-pedro-para-la-proclamacion-de-leon-xiv\/#breadcrumb"},"inLanguage":"es","potentialAction":[{"@type":"ReadAction","target":["https:\/\/schoenstatt.com\/es\/los-romanos-en-la-plaza-de-san-pedro-para-la-proclamacion-de-leon-xiv\/"]}]},{"@type":"ImageObject","inLanguage":"es","@id":"https:\/\/schoenstatt.com\/es\/los-romanos-en-la-plaza-de-san-pedro-para-la-proclamacion-de-leon-xiv\/#primaryimage","url":"https:\/\/schoenstatt.com\/wp-content\/uploads\/2025\/05\/Vatican-Roma-3.jpg","contentUrl":"https:\/\/schoenstatt.com\/wp-content\/uploads\/2025\/05\/Vatican-Roma-3.jpg","width":2000,"height":1126},{"@type":"BreadcrumbList","@id":"https:\/\/schoenstatt.com\/es\/los-romanos-en-la-plaza-de-san-pedro-para-la-proclamacion-de-leon-xiv\/#breadcrumb","itemListElement":[{"@type":"ListItem","position":1,"name":"Portada","item":"https:\/\/schoenstatt.com\/es\/home\/"},{"@type":"ListItem","position":2,"name":"Los romanos en la plaza de San Pedro para la proclamaci\u00f3n de Le\u00f3n XIV"}]},{"@type":"WebSite","@id":"https:\/\/schoenstatt.com\/es\/#website","url":"https:\/\/schoenstatt.com\/es\/","name":"Schoenstatt","description":"Apostolic Movement","publisher":{"@id":"https:\/\/schoenstatt.com\/es\/#organization"},"potentialAction":[{"@type":"SearchAction","target":{"@type":"EntryPoint","urlTemplate":"https:\/\/schoenstatt.com\/es\/?s={search_term_string}"},"query-input":{"@type":"PropertyValueSpecification","valueRequired":true,"valueName":"search_term_string"}}],"inLanguage":"es"},{"@type":"Organization","@id":"https:\/\/schoenstatt.com\/es\/#organization","name":"Schoenstatt","url":"https:\/\/schoenstatt.com\/es\/","logo":{"@type":"ImageObject","inLanguage":"es","@id":"https:\/\/schoenstatt.com\/es\/#\/schema\/logo\/image\/","url":"https:\/\/schoenstatt.com\/wp-content\/uploads\/2025\/04\/logo-schoenstatt-white-696x696-1.png","contentUrl":"https:\/\/schoenstatt.com\/wp-content\/uploads\/2025\/04\/logo-schoenstatt-white-696x696-1.png","width":696,"height":694,"caption":"Schoenstatt"},"image":{"@id":"https:\/\/schoenstatt.com\/es\/#\/schema\/logo\/image\/"}},{"@type":"Person","@id":"https:\/\/schoenstatt.com\/es\/#\/schema\/person\/5158877ad4acae98b34daaeef2a1ce6e","name":"Karen Bueno","image":{"@type":"ImageObject","inLanguage":"es","@id":"https:\/\/secure.gravatar.com\/avatar\/f9f4b823873154269d2b2130f195f6d41037dd0d7fc5f3cacb5c846bae70d66b?s=96&d=mm&r=g","url":"https:\/\/secure.gravatar.com\/avatar\/f9f4b823873154269d2b2130f195f6d41037dd0d7fc5f3cacb5c846bae70d66b?s=96&d=mm&r=g","contentUrl":"https:\/\/secure.gravatar.com\/avatar\/f9f4b823873154269d2b2130f195f6d41037dd0d7fc5f3cacb5c846bae70d66b?s=96&d=mm&r=g","caption":"Karen Bueno"},"url":"https:\/\/schoenstatt.com\/es\/author\/karen-bueno\/"}]}},"_links":{"self":[{"href":"https:\/\/schoenstatt.com\/es\/wp-json\/wp\/v2\/posts\/57096","targetHints":{"allow":["GET"]}}],"collection":[{"href":"https:\/\/schoenstatt.com\/es\/wp-json\/wp\/v2\/posts"}],"about":[{"href":"https:\/\/schoenstatt.com\/es\/wp-json\/wp\/v2\/types\/post"}],"author":[{"embeddable":true,"href":"https:\/\/schoenstatt.com\/es\/wp-json\/wp\/v2\/users\/3"}],"replies":[{"embeddable":true,"href":"https:\/\/schoenstatt.com\/es\/wp-json\/wp\/v2\/comments?post=57096"}],"version-history":[{"count":1,"href":"https:\/\/schoenstatt.com\/es\/wp-json\/wp\/v2\/posts\/57096\/revisions"}],"predecessor-version":[{"id":57097,"href":"https:\/\/schoenstatt.com\/es\/wp-json\/wp\/v2\/posts\/57096\/revisions\/57097"}],"wp:featuredmedia":[{"embeddable":true,"href":"https:\/\/schoenstatt.com\/es\/wp-json\/wp\/v2\/media\/57085"}],"wp:attachment":[{"href":"https:\/\/schoenstatt.com\/es\/wp-json\/wp\/v2\/media?parent=57096"}],"wp:term":[{"taxonomy":"category","embeddable":true,"href":"https:\/\/schoenstatt.com\/es\/wp-json\/wp\/v2\/categories?post=57096"},{"taxonomy":"post_tag","embeddable":true,"href":"https:\/\/schoenstatt.com\/es\/wp-json\/wp\/v2\/tags?post=57096"}],"curies":[{"name":"wp","href":"https:\/\/api.w.org\/{rel}","templated":true}]}}