{"id":57017,"date":"2025-05-20T03:03:00","date_gmt":"2025-05-20T01:03:00","guid":{"rendered":"https:\/\/schoenstatt.com\/?p=57017"},"modified":"2025-08-21T01:11:20","modified_gmt":"2025-08-20T23:11:20","slug":"ordenacion-sacerdotal-en-burundi-3000-personas-y-mas-de-60-sacerdotes","status":"publish","type":"post","link":"https:\/\/schoenstatt.com\/es\/ordenacion-sacerdotal-en-burundi-3000-personas-y-mas-de-60-sacerdotes\/","title":{"rendered":"Ordenaci\u00f3n sacerdotal en Burundi: 3.000 personas y m\u00e1s de 60 sacerdotes"},"content":{"rendered":"\n<p><em>\u00abEste es el d\u00eda que ha hecho el Se\u00f1or; Alegr\u00e9monos y regocij\u00e9monos\u00bb <\/em>(Salmo 118;24). Quiso Dios Trino, a trav\u00e9s de la Santa Iglesia, regalar a la familia de Schoenstatt dos nuevos sacerdotes en este d\u00eda de Alianza de Amor, 18 de mayo de 2025, quinto domingo de Pascua. La ordenaci\u00f3n sacerdotal de los di\u00e1conos <strong>Claver Karakura<\/strong> y <strong>Janvier Cirhuzi <\/strong>es un acontecimiento providencial que hace que este d\u00eda sea especial y diferente de todos los dem\u00e1s en la historia de la regi\u00f3n de <em>Sion Patris Africae<\/em> para la comunidad de los Padres de Schoenstatt.<\/p>\n\n\n\n<figure class=\"wp-block-image size-full\"><img fetchpriority=\"high\" decoding=\"async\" width=\"1600\" height=\"719\" src=\"https:\/\/schoenstatt.com\/wp-content\/uploads\/2025\/05\/Schoenstatt-Fathers-Burundi.jpg\" alt=\"\" class=\"wp-image-56831\" srcset=\"https:\/\/schoenstatt.com\/wp-content\/uploads\/2025\/05\/Schoenstatt-Fathers-Burundi.jpg 1600w, https:\/\/schoenstatt.com\/wp-content\/uploads\/2025\/05\/Schoenstatt-Fathers-Burundi-768x345.jpg 768w, https:\/\/schoenstatt.com\/wp-content\/uploads\/2025\/05\/Schoenstatt-Fathers-Burundi-1536x690.jpg 1536w\" sizes=\"(max-width: 1600px) 100vw, 1600px\" \/><\/figure>\n\n\n\n<p>El evento comenz\u00f3 con la celebraci\u00f3n de la Santa Misa a las 10 de la ma\u00f1ana en el Santuario Monte Si\u00f3n Gikungu, en Bujumbura, <a href=\"https:\/\/www.peres-schoenstatt.org\/\" target=\"_blank\" rel=\"noreferrer noopener\">Burundi<\/a>. El Arzobispo de la Arquidi\u00f3cesis de Bujumbura, Monse\u00f1or Gervais Banshiniyubusa, fue el Prelado Ordenante, y tambi\u00e9n estuvieron presentes el Arzobispo Em\u00e9rito, Evariste Ngoyagoye, m\u00e1s de 60 sacerdotes, entre ellos el secretario del Nuncio Apost\u00f3lico, el Superior General de los Padres de Schoenstatt, P. Alexandre Awi Mello, el Asistente de las Comunidades Libres de los Padres de Schoenstatt, P. Francisco Sobral, y el Superior delegado de la Regi\u00f3n <em>Victoria Matris<\/em>, P. Charles N. Ozioko, un di\u00e1cono y muchos dignatarios, protocolos y otras grandes personalidades que honraron nuestra invitaci\u00f3n, y el buen pueblo de Dios, que sumaba m\u00e1s de 3.000 personas.<\/p>\n\n\n\n<p>Al principio, el Superior delegado de los Padres de Schoenstatt, <em>Sion Patris Africae<\/em>, P. H\u00e9rmenegilde Coyitungiye dio la bienvenida a todos los que hab\u00edan venido de lejos y de cerca para celebrar esta ocasi\u00f3n tan especial y dio gracias a Dios y a la Madre Tres Veces Admirable (MTA) por las buenas obras y las muchas bendiciones recibidas. Tambi\u00e9n dio las gracias a quienes han contribuido en gran medida a la formaci\u00f3n de estos candidatos al sacerdocio y a quienes han hecho posible que el d\u00eda de hoy haya sido un \u00e9xito, invitando a todos a apoyarles y a rezar por ellos.<\/p>\n\n\n\n<figure class=\"wp-block-video\"><video height=\"448\" style=\"aspect-ratio: 794 \/ 448;\" width=\"794\" controls src=\"https:\/\/schoenstatt.com\/wp-content\/uploads\/2025\/05\/priestly-ordination-Burundi-video.mp4\"><\/video><\/figure>\n\n\n\n<h3 class=\"wp-block-heading\" id=\"h-ser-sacerdote-es-amar-como-cristo-amo\">Ser sacerdote es amar como Cristo am\u00f3<\/h3>\n\n\n\n<p>Durante la homil\u00eda, el arzobispo, Gervais Banshiniyubusa, se centr\u00f3 en el amor divino expresado en el evangelio del d\u00eda. El amor de Dios desprecia la percepci\u00f3n mundana del amor, que implica el inter\u00e9s propio y el beneficio ego\u00edsta como ra\u00edz del amor mutuo.<\/p>\n\n\n\n<p>As\u00ed, nos invit\u00f3, a trav\u00e9s de su reflexi\u00f3n sobre el mandato de Jes\u00fas de que cultivemos el amor de Dios, desprovistos de todo tipo de ego\u00edsmo e intereses personales, sino m\u00e1s bien abrazando la entrega total incluso en medio de la persecuci\u00f3n y la tribulaci\u00f3n, a permanecer fieles en y al amor de Dios.<\/p>\n\n\n\n<p>Les dijo a los dos candidatos al sacerdocio que el fundamento y la esencia de su vida sacerdotal es el amor y el celo ardiente por salvar las almas humanas mediante el ejercicio de su ministerio y vida sacerdotales. Les exhort\u00f3 a permanecer resueltos y fieles a su vocaci\u00f3n, y a cumplir sus deberes con diligencia y fervor en el amor divino y la alegr\u00eda sacerdotal.<\/p>\n\n\n\n<figure class=\"wp-block-image size-full\"><img decoding=\"async\" width=\"2048\" height=\"921\" src=\"https:\/\/schoenstatt.com\/wp-content\/uploads\/2025\/05\/Schoenstatt-Fathers-Burundi-2.jpg\" alt=\"\" class=\"wp-image-56836\" srcset=\"https:\/\/schoenstatt.com\/wp-content\/uploads\/2025\/05\/Schoenstatt-Fathers-Burundi-2.jpg 2048w, https:\/\/schoenstatt.com\/wp-content\/uploads\/2025\/05\/Schoenstatt-Fathers-Burundi-2-768x345.jpg 768w, https:\/\/schoenstatt.com\/wp-content\/uploads\/2025\/05\/Schoenstatt-Fathers-Burundi-2-1536x691.jpg 1536w\" sizes=\"(max-width: 2048px) 100vw, 2048px\" \/><\/figure>\n\n\n\n<h3 class=\"wp-block-heading\" id=\"h-alegria-compartida\">Alegr\u00eda compartida<\/h3>\n\n\n\n<p>Durante la recepci\u00f3n, hubo muchas celebraciones alegres y un banquete. Cada invitado tuvo algo para comer y divertirse. Algunos de los dignatarios expresaron su gratitud, alegr\u00eda y buenos deseos para los reci\u00e9n ordenados sacerdotes y toda la familia de Schoenstatt.<\/p>\n\n\n\n<p>El Rev. P. Claver Karakura, en nombre de su hermano sacerdote, expres\u00f3 su gratitud a Dios, a la Madre Tres Veces Admirable, al Padre Jos\u00e9 Kentenich y a toda la familia de Schoenstatt, as\u00ed como a sus familias biol\u00f3gicas, amigos y apoiadores, y a todos los que han contribuido a su crecimiento y bienestar. Estaban muy contentos y se sent\u00edan indignos y por ello invitaron humildemente a todos a apoyarlos y a rezar por ellos. Hubo muchos otros discursos y buenos deseos sobre los notables acontecimientos de este d\u00eda.<\/p>\n\n\n\n<figure class=\"wp-block-image size-full\"><img decoding=\"async\" width=\"2048\" height=\"921\" src=\"https:\/\/schoenstatt.com\/wp-content\/uploads\/2025\/05\/priestly-ordination-Burundi.jpg\" alt=\"\" class=\"wp-image-56841\" srcset=\"https:\/\/schoenstatt.com\/wp-content\/uploads\/2025\/05\/priestly-ordination-Burundi.jpg 2048w, https:\/\/schoenstatt.com\/wp-content\/uploads\/2025\/05\/priestly-ordination-Burundi-768x345.jpg 768w, https:\/\/schoenstatt.com\/wp-content\/uploads\/2025\/05\/priestly-ordination-Burundi-1536x691.jpg 1536w\" sizes=\"(max-width: 2048px) 100vw, 2048px\" \/><figcaption class=\"wp-element-caption\">Transmisi\u00f3n en directo de la misa por Radio Mar\u00eda<\/figcaption><\/figure>\n\n\n\n<p><strong>Traducci\u00f3n: <\/strong>Hna. M. Lourdes Mac\u00edas<\/p>\n","protected":false},"excerpt":{"rendered":"<p>El Instituto de los Padres de Schoenstatt celebr\u00f3 la ordenaci\u00f3n sacerdotal de Claver Karakura y Janvier Cirhuzi en Burundi, \u00c1frica.<\/p>\n","protected":false},"author":3,"featured_media":56835,"comment_status":"closed","ping_status":"closed","sticky":false,"template":"","format":"standard","meta":{"footnotes":""},"categories":[637,909],"tags":[684,1095,1161,1277],"class_list":["post-57017","post","type-post","status-publish","format-standard","has-post-thumbnail","hentry","category-africa-es","category-comunidades-de-schoenstatt-es","tag-africa-es","tag-ordenacion-sacerdotal-es","tag-padres-de-schoenstatt-es","tag-schoenstatt-burundi-es"],"yoast_head":"<!-- This site is optimized with the Yoast SEO Premium plugin v27.4 (Yoast SEO v27.5) - https:\/\/yoast.com\/product\/yoast-seo-premium-wordpress\/ -->\n<title>Ordenaci\u00f3n sacerdotal en Burundi: 3.000 personas y m\u00e1s de 60 sacerdotes<\/title>\n<meta name=\"description\" content=\"El Instituto de los Padres de Schoenstatt celebr\u00f3 la ordenaci\u00f3n sacerdotal de Claver Karakura y Janvier Cirhuzi en Burundi, \u00c1frica.\" \/>\n<meta name=\"robots\" content=\"index, follow, max-snippet:-1, max-image-preview:large, max-video-preview:-1\" \/>\n<link rel=\"canonical\" href=\"https:\/\/schoenstatt.com\/es\/ordenacion-sacerdotal-en-burundi-3000-personas-y-mas-de-60-sacerdotes\/\" \/>\n<meta property=\"og:locale\" content=\"es_ES\" \/>\n<meta property=\"og:type\" content=\"article\" \/>\n<meta property=\"og:title\" content=\"Ordenaci\u00f3n sacerdotal en Burundi: 3.000 personas y m\u00e1s de 60 sacerdotes\" \/>\n<meta property=\"og:description\" content=\"El Instituto de los Padres de Schoenstatt celebr\u00f3 la ordenaci\u00f3n sacerdotal de Claver Karakura y Janvier Cirhuzi en Burundi, \u00c1frica.\" \/>\n<meta property=\"og:url\" content=\"https:\/\/schoenstatt.com\/es\/ordenacion-sacerdotal-en-burundi-3000-personas-y-mas-de-60-sacerdotes\/\" \/>\n<meta property=\"og:site_name\" content=\"Schoenstatt\" \/>\n<meta property=\"article:published_time\" content=\"2025-05-20T01:03:00+00:00\" \/>\n<meta property=\"article:modified_time\" content=\"2025-08-20T23:11:20+00:00\" \/>\n<meta property=\"og:image\" content=\"https:\/\/schoenstatt.com\/wp-content\/uploads\/2025\/05\/Schoenstatt-Fathers-Burundi.jpg\" \/>\n\t<meta property=\"og:image:width\" content=\"1600\" \/>\n\t<meta property=\"og:image:height\" content=\"719\" \/>\n\t<meta property=\"og:image:type\" content=\"image\/jpeg\" \/>\n<meta name=\"author\" content=\"Karen Bueno\" \/>\n<meta name=\"twitter:card\" content=\"summary_large_image\" \/>\n<meta name=\"twitter:label1\" content=\"Escrito por\" \/>\n\t<meta name=\"twitter:data1\" content=\"Karen Bueno\" \/>\n\t<meta name=\"twitter:label2\" content=\"Tiempo de lectura\" \/>\n\t<meta name=\"twitter:data2\" content=\"4 minutos\" \/>\n<script type=\"application\/ld+json\" class=\"yoast-schema-graph\">{\"@context\":\"https:\\\/\\\/schema.org\",\"@graph\":[{\"@type\":\"Article\",\"@id\":\"https:\\\/\\\/schoenstatt.com\\\/es\\\/ordenacion-sacerdotal-en-burundi-3000-personas-y-mas-de-60-sacerdotes\\\/#article\",\"isPartOf\":{\"@id\":\"https:\\\/\\\/schoenstatt.com\\\/es\\\/ordenacion-sacerdotal-en-burundi-3000-personas-y-mas-de-60-sacerdotes\\\/\"},\"author\":{\"name\":\"Karen Bueno\",\"@id\":\"https:\\\/\\\/schoenstatt.com\\\/es\\\/#\\\/schema\\\/person\\\/5158877ad4acae98b34daaeef2a1ce6e\"},\"headline\":\"Ordenaci\u00f3n sacerdotal en Burundi: 3.000 personas y m\u00e1s de 60 sacerdotes\",\"datePublished\":\"2025-05-20T01:03:00+00:00\",\"dateModified\":\"2025-08-20T23:11:20+00:00\",\"mainEntityOfPage\":{\"@id\":\"https:\\\/\\\/schoenstatt.com\\\/es\\\/ordenacion-sacerdotal-en-burundi-3000-personas-y-mas-de-60-sacerdotes\\\/\"},\"wordCount\":696,\"publisher\":{\"@id\":\"https:\\\/\\\/schoenstatt.com\\\/es\\\/#organization\"},\"image\":{\"@id\":\"https:\\\/\\\/schoenstatt.com\\\/es\\\/ordenacion-sacerdotal-en-burundi-3000-personas-y-mas-de-60-sacerdotes\\\/#primaryimage\"},\"thumbnailUrl\":\"https:\\\/\\\/schoenstatt.com\\\/wp-content\\\/uploads\\\/2025\\\/05\\\/Schoenstatt-Fathers-Burundi.jpg\",\"keywords\":[\"\u00c1frica\",\"Ordenaci\u00f3n sacerdotal\",\"Padres de Schoenstatt\",\"Schoenstatt Burundi\"],\"articleSection\":[\"\u00c1frica\",\"Comunidades de Schoenstatt\"],\"inLanguage\":\"es\"},{\"@type\":\"WebPage\",\"@id\":\"https:\\\/\\\/schoenstatt.com\\\/es\\\/ordenacion-sacerdotal-en-burundi-3000-personas-y-mas-de-60-sacerdotes\\\/\",\"url\":\"https:\\\/\\\/schoenstatt.com\\\/es\\\/ordenacion-sacerdotal-en-burundi-3000-personas-y-mas-de-60-sacerdotes\\\/\",\"name\":\"Ordenaci\u00f3n sacerdotal en Burundi: 3.000 personas y m\u00e1s de 60 sacerdotes\",\"isPartOf\":{\"@id\":\"https:\\\/\\\/schoenstatt.com\\\/es\\\/#website\"},\"primaryImageOfPage\":{\"@id\":\"https:\\\/\\\/schoenstatt.com\\\/es\\\/ordenacion-sacerdotal-en-burundi-3000-personas-y-mas-de-60-sacerdotes\\\/#primaryimage\"},\"image\":{\"@id\":\"https:\\\/\\\/schoenstatt.com\\\/es\\\/ordenacion-sacerdotal-en-burundi-3000-personas-y-mas-de-60-sacerdotes\\\/#primaryimage\"},\"thumbnailUrl\":\"https:\\\/\\\/schoenstatt.com\\\/wp-content\\\/uploads\\\/2025\\\/05\\\/Schoenstatt-Fathers-Burundi.jpg\",\"datePublished\":\"2025-05-20T01:03:00+00:00\",\"dateModified\":\"2025-08-20T23:11:20+00:00\",\"description\":\"El Instituto de los Padres de Schoenstatt celebr\u00f3 la ordenaci\u00f3n sacerdotal de Claver Karakura y Janvier Cirhuzi en Burundi, \u00c1frica.\",\"breadcrumb\":{\"@id\":\"https:\\\/\\\/schoenstatt.com\\\/es\\\/ordenacion-sacerdotal-en-burundi-3000-personas-y-mas-de-60-sacerdotes\\\/#breadcrumb\"},\"inLanguage\":\"es\",\"potentialAction\":[{\"@type\":\"ReadAction\",\"target\":[\"https:\\\/\\\/schoenstatt.com\\\/es\\\/ordenacion-sacerdotal-en-burundi-3000-personas-y-mas-de-60-sacerdotes\\\/\"]}]},{\"@type\":\"ImageObject\",\"inLanguage\":\"es\",\"@id\":\"https:\\\/\\\/schoenstatt.com\\\/es\\\/ordenacion-sacerdotal-en-burundi-3000-personas-y-mas-de-60-sacerdotes\\\/#primaryimage\",\"url\":\"https:\\\/\\\/schoenstatt.com\\\/wp-content\\\/uploads\\\/2025\\\/05\\\/Schoenstatt-Fathers-Burundi.jpg\",\"contentUrl\":\"https:\\\/\\\/schoenstatt.com\\\/wp-content\\\/uploads\\\/2025\\\/05\\\/Schoenstatt-Fathers-Burundi.jpg\",\"width\":1600,\"height\":719},{\"@type\":\"BreadcrumbList\",\"@id\":\"https:\\\/\\\/schoenstatt.com\\\/es\\\/ordenacion-sacerdotal-en-burundi-3000-personas-y-mas-de-60-sacerdotes\\\/#breadcrumb\",\"itemListElement\":[{\"@type\":\"ListItem\",\"position\":1,\"name\":\"Portada\",\"item\":\"https:\\\/\\\/schoenstatt.com\\\/es\\\/home\\\/\"},{\"@type\":\"ListItem\",\"position\":2,\"name\":\"Ordenaci\u00f3n sacerdotal en Burundi: 3.000 personas y m\u00e1s de 60 sacerdotes\"}]},{\"@type\":\"WebSite\",\"@id\":\"https:\\\/\\\/schoenstatt.com\\\/es\\\/#website\",\"url\":\"https:\\\/\\\/schoenstatt.com\\\/es\\\/\",\"name\":\"Schoenstatt\",\"description\":\"Apostolic Movement\",\"publisher\":{\"@id\":\"https:\\\/\\\/schoenstatt.com\\\/es\\\/#organization\"},\"potentialAction\":[{\"@type\":\"SearchAction\",\"target\":{\"@type\":\"EntryPoint\",\"urlTemplate\":\"https:\\\/\\\/schoenstatt.com\\\/es\\\/?s={search_term_string}\"},\"query-input\":{\"@type\":\"PropertyValueSpecification\",\"valueRequired\":true,\"valueName\":\"search_term_string\"}}],\"inLanguage\":\"es\"},{\"@type\":\"Organization\",\"@id\":\"https:\\\/\\\/schoenstatt.com\\\/es\\\/#organization\",\"name\":\"Schoenstatt\",\"url\":\"https:\\\/\\\/schoenstatt.com\\\/es\\\/\",\"logo\":{\"@type\":\"ImageObject\",\"inLanguage\":\"es\",\"@id\":\"https:\\\/\\\/schoenstatt.com\\\/es\\\/#\\\/schema\\\/logo\\\/image\\\/\",\"url\":\"https:\\\/\\\/schoenstatt.com\\\/wp-content\\\/uploads\\\/2025\\\/04\\\/logo-schoenstatt-white-696x696-1.png\",\"contentUrl\":\"https:\\\/\\\/schoenstatt.com\\\/wp-content\\\/uploads\\\/2025\\\/04\\\/logo-schoenstatt-white-696x696-1.png\",\"width\":696,\"height\":694,\"caption\":\"Schoenstatt\"},\"image\":{\"@id\":\"https:\\\/\\\/schoenstatt.com\\\/es\\\/#\\\/schema\\\/logo\\\/image\\\/\"}},{\"@type\":\"Person\",\"@id\":\"https:\\\/\\\/schoenstatt.com\\\/es\\\/#\\\/schema\\\/person\\\/5158877ad4acae98b34daaeef2a1ce6e\",\"name\":\"Karen Bueno\",\"image\":{\"@type\":\"ImageObject\",\"inLanguage\":\"es\",\"@id\":\"https:\\\/\\\/secure.gravatar.com\\\/avatar\\\/f9f4b823873154269d2b2130f195f6d41037dd0d7fc5f3cacb5c846bae70d66b?s=96&d=mm&r=g\",\"url\":\"https:\\\/\\\/secure.gravatar.com\\\/avatar\\\/f9f4b823873154269d2b2130f195f6d41037dd0d7fc5f3cacb5c846bae70d66b?s=96&d=mm&r=g\",\"contentUrl\":\"https:\\\/\\\/secure.gravatar.com\\\/avatar\\\/f9f4b823873154269d2b2130f195f6d41037dd0d7fc5f3cacb5c846bae70d66b?s=96&d=mm&r=g\",\"caption\":\"Karen Bueno\"},\"url\":\"https:\\\/\\\/schoenstatt.com\\\/es\\\/author\\\/karen-bueno\\\/\"}]}<\/script>\n<!-- \/ Yoast SEO Premium plugin. -->","yoast_head_json":{"title":"Ordenaci\u00f3n sacerdotal en Burundi: 3.000 personas y m\u00e1s de 60 sacerdotes","description":"El Instituto de los Padres de Schoenstatt celebr\u00f3 la ordenaci\u00f3n sacerdotal de Claver Karakura y Janvier Cirhuzi en Burundi, \u00c1frica.","robots":{"index":"index","follow":"follow","max-snippet":"max-snippet:-1","max-image-preview":"max-image-preview:large","max-video-preview":"max-video-preview:-1"},"canonical":"https:\/\/schoenstatt.com\/es\/ordenacion-sacerdotal-en-burundi-3000-personas-y-mas-de-60-sacerdotes\/","og_locale":"es_ES","og_type":"article","og_title":"Ordenaci\u00f3n sacerdotal en Burundi: 3.000 personas y m\u00e1s de 60 sacerdotes","og_description":"El Instituto de los Padres de Schoenstatt celebr\u00f3 la ordenaci\u00f3n sacerdotal de Claver Karakura y Janvier Cirhuzi en Burundi, \u00c1frica.","og_url":"https:\/\/schoenstatt.com\/es\/ordenacion-sacerdotal-en-burundi-3000-personas-y-mas-de-60-sacerdotes\/","og_site_name":"Schoenstatt","article_published_time":"2025-05-20T01:03:00+00:00","article_modified_time":"2025-08-20T23:11:20+00:00","og_image":[{"width":1600,"height":719,"url":"https:\/\/schoenstatt.com\/wp-content\/uploads\/2025\/05\/Schoenstatt-Fathers-Burundi.jpg","type":"image\/jpeg"}],"author":"Karen Bueno","twitter_card":"summary_large_image","twitter_misc":{"Escrito por":"Karen Bueno","Tiempo de lectura":"4 minutos"},"schema":{"@context":"https:\/\/schema.org","@graph":[{"@type":"Article","@id":"https:\/\/schoenstatt.com\/es\/ordenacion-sacerdotal-en-burundi-3000-personas-y-mas-de-60-sacerdotes\/#article","isPartOf":{"@id":"https:\/\/schoenstatt.com\/es\/ordenacion-sacerdotal-en-burundi-3000-personas-y-mas-de-60-sacerdotes\/"},"author":{"name":"Karen Bueno","@id":"https:\/\/schoenstatt.com\/es\/#\/schema\/person\/5158877ad4acae98b34daaeef2a1ce6e"},"headline":"Ordenaci\u00f3n sacerdotal en Burundi: 3.000 personas y m\u00e1s de 60 sacerdotes","datePublished":"2025-05-20T01:03:00+00:00","dateModified":"2025-08-20T23:11:20+00:00","mainEntityOfPage":{"@id":"https:\/\/schoenstatt.com\/es\/ordenacion-sacerdotal-en-burundi-3000-personas-y-mas-de-60-sacerdotes\/"},"wordCount":696,"publisher":{"@id":"https:\/\/schoenstatt.com\/es\/#organization"},"image":{"@id":"https:\/\/schoenstatt.com\/es\/ordenacion-sacerdotal-en-burundi-3000-personas-y-mas-de-60-sacerdotes\/#primaryimage"},"thumbnailUrl":"https:\/\/schoenstatt.com\/wp-content\/uploads\/2025\/05\/Schoenstatt-Fathers-Burundi.jpg","keywords":["\u00c1frica","Ordenaci\u00f3n sacerdotal","Padres de Schoenstatt","Schoenstatt Burundi"],"articleSection":["\u00c1frica","Comunidades de Schoenstatt"],"inLanguage":"es"},{"@type":"WebPage","@id":"https:\/\/schoenstatt.com\/es\/ordenacion-sacerdotal-en-burundi-3000-personas-y-mas-de-60-sacerdotes\/","url":"https:\/\/schoenstatt.com\/es\/ordenacion-sacerdotal-en-burundi-3000-personas-y-mas-de-60-sacerdotes\/","name":"Ordenaci\u00f3n sacerdotal en Burundi: 3.000 personas y m\u00e1s de 60 sacerdotes","isPartOf":{"@id":"https:\/\/schoenstatt.com\/es\/#website"},"primaryImageOfPage":{"@id":"https:\/\/schoenstatt.com\/es\/ordenacion-sacerdotal-en-burundi-3000-personas-y-mas-de-60-sacerdotes\/#primaryimage"},"image":{"@id":"https:\/\/schoenstatt.com\/es\/ordenacion-sacerdotal-en-burundi-3000-personas-y-mas-de-60-sacerdotes\/#primaryimage"},"thumbnailUrl":"https:\/\/schoenstatt.com\/wp-content\/uploads\/2025\/05\/Schoenstatt-Fathers-Burundi.jpg","datePublished":"2025-05-20T01:03:00+00:00","dateModified":"2025-08-20T23:11:20+00:00","description":"El Instituto de los Padres de Schoenstatt celebr\u00f3 la ordenaci\u00f3n sacerdotal de Claver Karakura y Janvier Cirhuzi en Burundi, \u00c1frica.","breadcrumb":{"@id":"https:\/\/schoenstatt.com\/es\/ordenacion-sacerdotal-en-burundi-3000-personas-y-mas-de-60-sacerdotes\/#breadcrumb"},"inLanguage":"es","potentialAction":[{"@type":"ReadAction","target":["https:\/\/schoenstatt.com\/es\/ordenacion-sacerdotal-en-burundi-3000-personas-y-mas-de-60-sacerdotes\/"]}]},{"@type":"ImageObject","inLanguage":"es","@id":"https:\/\/schoenstatt.com\/es\/ordenacion-sacerdotal-en-burundi-3000-personas-y-mas-de-60-sacerdotes\/#primaryimage","url":"https:\/\/schoenstatt.com\/wp-content\/uploads\/2025\/05\/Schoenstatt-Fathers-Burundi.jpg","contentUrl":"https:\/\/schoenstatt.com\/wp-content\/uploads\/2025\/05\/Schoenstatt-Fathers-Burundi.jpg","width":1600,"height":719},{"@type":"BreadcrumbList","@id":"https:\/\/schoenstatt.com\/es\/ordenacion-sacerdotal-en-burundi-3000-personas-y-mas-de-60-sacerdotes\/#breadcrumb","itemListElement":[{"@type":"ListItem","position":1,"name":"Portada","item":"https:\/\/schoenstatt.com\/es\/home\/"},{"@type":"ListItem","position":2,"name":"Ordenaci\u00f3n sacerdotal en Burundi: 3.000 personas y m\u00e1s de 60 sacerdotes"}]},{"@type":"WebSite","@id":"https:\/\/schoenstatt.com\/es\/#website","url":"https:\/\/schoenstatt.com\/es\/","name":"Schoenstatt","description":"Apostolic Movement","publisher":{"@id":"https:\/\/schoenstatt.com\/es\/#organization"},"potentialAction":[{"@type":"SearchAction","target":{"@type":"EntryPoint","urlTemplate":"https:\/\/schoenstatt.com\/es\/?s={search_term_string}"},"query-input":{"@type":"PropertyValueSpecification","valueRequired":true,"valueName":"search_term_string"}}],"inLanguage":"es"},{"@type":"Organization","@id":"https:\/\/schoenstatt.com\/es\/#organization","name":"Schoenstatt","url":"https:\/\/schoenstatt.com\/es\/","logo":{"@type":"ImageObject","inLanguage":"es","@id":"https:\/\/schoenstatt.com\/es\/#\/schema\/logo\/image\/","url":"https:\/\/schoenstatt.com\/wp-content\/uploads\/2025\/04\/logo-schoenstatt-white-696x696-1.png","contentUrl":"https:\/\/schoenstatt.com\/wp-content\/uploads\/2025\/04\/logo-schoenstatt-white-696x696-1.png","width":696,"height":694,"caption":"Schoenstatt"},"image":{"@id":"https:\/\/schoenstatt.com\/es\/#\/schema\/logo\/image\/"}},{"@type":"Person","@id":"https:\/\/schoenstatt.com\/es\/#\/schema\/person\/5158877ad4acae98b34daaeef2a1ce6e","name":"Karen Bueno","image":{"@type":"ImageObject","inLanguage":"es","@id":"https:\/\/secure.gravatar.com\/avatar\/f9f4b823873154269d2b2130f195f6d41037dd0d7fc5f3cacb5c846bae70d66b?s=96&d=mm&r=g","url":"https:\/\/secure.gravatar.com\/avatar\/f9f4b823873154269d2b2130f195f6d41037dd0d7fc5f3cacb5c846bae70d66b?s=96&d=mm&r=g","contentUrl":"https:\/\/secure.gravatar.com\/avatar\/f9f4b823873154269d2b2130f195f6d41037dd0d7fc5f3cacb5c846bae70d66b?s=96&d=mm&r=g","caption":"Karen Bueno"},"url":"https:\/\/schoenstatt.com\/es\/author\/karen-bueno\/"}]}},"_links":{"self":[{"href":"https:\/\/schoenstatt.com\/es\/wp-json\/wp\/v2\/posts\/57017","targetHints":{"allow":["GET"]}}],"collection":[{"href":"https:\/\/schoenstatt.com\/es\/wp-json\/wp\/v2\/posts"}],"about":[{"href":"https:\/\/schoenstatt.com\/es\/wp-json\/wp\/v2\/types\/post"}],"author":[{"embeddable":true,"href":"https:\/\/schoenstatt.com\/es\/wp-json\/wp\/v2\/users\/3"}],"replies":[{"embeddable":true,"href":"https:\/\/schoenstatt.com\/es\/wp-json\/wp\/v2\/comments?post=57017"}],"version-history":[{"count":1,"href":"https:\/\/schoenstatt.com\/es\/wp-json\/wp\/v2\/posts\/57017\/revisions"}],"predecessor-version":[{"id":57018,"href":"https:\/\/schoenstatt.com\/es\/wp-json\/wp\/v2\/posts\/57017\/revisions\/57018"}],"wp:featuredmedia":[{"embeddable":true,"href":"https:\/\/schoenstatt.com\/es\/wp-json\/wp\/v2\/media\/56835"}],"wp:attachment":[{"href":"https:\/\/schoenstatt.com\/es\/wp-json\/wp\/v2\/media?parent=57017"}],"wp:term":[{"taxonomy":"category","embeddable":true,"href":"https:\/\/schoenstatt.com\/es\/wp-json\/wp\/v2\/categories?post=57017"},{"taxonomy":"post_tag","embeddable":true,"href":"https:\/\/schoenstatt.com\/es\/wp-json\/wp\/v2\/tags?post=57017"}],"curies":[{"name":"wp","href":"https:\/\/api.w.org\/{rel}","templated":true}]}}