{"id":56776,"date":"2025-05-19T15:35:31","date_gmt":"2025-05-19T13:35:31","guid":{"rendered":"https:\/\/schoenstatt.com\/?p=56776"},"modified":"2025-08-19T23:32:47","modified_gmt":"2025-08-19T21:32:47","slug":"espana-tierra-de-mision","status":"publish","type":"post","link":"https:\/\/schoenstatt.com\/es\/espana-tierra-de-mision\/","title":{"rendered":"Espa\u00f1a tierra de Misi\u00f3n"},"content":{"rendered":"\n<p>Espa\u00f1a es una tierra de misi\u00f3n. As\u00ed lo experimentamos cada vez con m\u00e1s fuerza en nuestras familias, j\u00f3venes y comunidades schoenstattianas. Desde hace a\u00f1os, los j\u00f3venes del proyecto Misi\u00f3n Pa\u00eds vienen sembrando vida en decenas de pueblos, y en este 2025 han llegado ya a m\u00e1s de 30 localidades. Durante un reciente puente de mayo, el Proyecto Despierta \u2014con j\u00f3venes ya en edad profesional\u2014 se lanz\u00f3 tambi\u00e9n a misionar en varios pueblos. Muchos de ellos ya hab\u00edan vivido la experiencia durante su etapa universitaria, y aunque ahora no disponen del mismo tiempo, cuando uno ha probado la alegr\u00eda de misionar\u2026 ya no quiere dejar de hacerlo.<\/p>\n\n\n\n<p>Tambi\u00e9n nosotros, como familias, hemos sentido el impulso de salir, y lo hacemos desde hace ya m\u00e1s de una d\u00e9cada. Pero este a\u00f1o ha sido distinto. Algo se est\u00e1 moviendo. <strong>Las Misiones Familiares se han multiplicado<\/strong>, y durante esta Semana Santa, del 12 al 20 de abril, m\u00e1s de 30 familias \u2014con hijos peque\u00f1os, adolescentes, j\u00f3venes profesionales, Hermanas y Padres\u2014 nos pusimos en camino para misionar.<\/p>\n\n\n\n<p>Nos hemos sentido enviados a sembrar el amor de Dios en distintos rincones del pa\u00eds: El Pueblo de Moriles en la Provincia de C\u00f3rdoba, el Pueblo de Santaella tambi\u00e9n en la Provincia de C\u00f3rdoba y la Isla de Formentera en las Islas Baleares fueron los lugares elegidos para la visita de los misioneros de Schoenstatt.<\/p>\n\n\n\n<h3 class=\"wp-block-heading\" id=\"h-santaella-haced-lo-que-el-os-diga\">Santaella: \u201cHaced lo que \u00c9l os diga\u201d<\/h3>\n\n\n\n<p>Bajo el lema evang\u00e9lico \u201cHaced lo que \u00c9l os diga\u201d (Jn 2,5), un grupo de familias y j\u00f3venes, provenientes de distintos rincones de Espa\u00f1a y Alemania, se reunieron para pasar la Semana Santa con una experiencia de misi\u00f3n familiar en Santaella, un hermoso y sencillo pueblo del interior de C\u00f3rdoba. Santaella, representada por su p\u00e1rroco P. Jos\u00e9 Natalino Rendo Abril, abri\u00f3 sus puertas con una enorme generosidad, acogiendo los misioneros en uno de sus lugares m\u00e1s entra\u00f1ables: el santuario de la Virgen del Valle.<\/p>\n\n\n\n<figure class=\"wp-block-gallery has-nested-images columns-default is-cropped wp-block-gallery-1 is-layout-flex wp-block-gallery-is-layout-flex\">\n<figure class=\"wp-block-image size-large\"><img fetchpriority=\"high\" decoding=\"async\" width=\"450\" height=\"593\" data-id=\"56784\" src=\"https:\/\/schoenstatt.com\/wp-content\/uploads\/2025\/05\/Schoenstatt-Family-Missions-Santaella-Spain-2025-1.jpeg\" alt=\"\" class=\"wp-image-56784\"\/><\/figure>\n\n\n\n<figure class=\"wp-block-image size-large\"><img decoding=\"async\" width=\"450\" height=\"609\" data-id=\"56782\" src=\"https:\/\/schoenstatt.com\/wp-content\/uploads\/2025\/05\/Schoenstatt-Family-Missions-Santaella-Spain-2025-1.jpg\" alt=\"\" class=\"wp-image-56782\"\/><\/figure>\n\n\n\n<figure class=\"wp-block-image size-full\"><img decoding=\"async\" width=\"456\" height=\"611\" data-id=\"56783\" src=\"https:\/\/schoenstatt.com\/wp-content\/uploads\/2025\/05\/Schoenstatt-Family-Missions-Santaella-Spain-2025-2.jpg\" alt=\"\" class=\"wp-image-56783\"\/><\/figure>\n<\/figure>\n\n\n\n<p>Pablo Aymerich y Mer Soto cuentan:<em> \u201cAll\u00ed, entre el olor a naranjos y azahar, y con la presencia constante de nuestra Madre, la gran educadora, compartimos la Semana Santa con sus gentes, en un clima de oraci\u00f3n, austeridad y fraternidad. Fueron d\u00edas marcados profundamente por la esperanza en la victoria del Se\u00f1or en este a\u00f1o jubilar. La figura de Mar\u00eda y su testimonio de esperanza impregnaron todas nuestras actividades durante los d\u00edas de misi\u00f3n: visitas a los hogares, talleres con momentos de encuentro para ni\u00f1os, j\u00f3venes y adultos, vigilias, juegos para ni\u00f1os, momentos de adoraci\u00f3n y alabanza, testimonios, visitas de los j\u00f3venes del pueblo a nuestros encuentros, participaci\u00f3n en las celebraciones lit\u00fargicas\u2026 Todo ello vivido con una enorme alegr\u00eda, altura de esp\u00edritu y sentimiento de profunda gratitud por tantos dones recibidos.\u201d<\/em><\/p>\n\n\n\n<p>En este pueblo, rico en tradici\u00f3n y fe viva, conviven m\u00e1s de diez hermandades y cofrad\u00edas con una religiosidad popular profundamente enraizada. <em>\u201cGracias a la muy generosa invitaci\u00f3n del p\u00e1rroco, Santaella ser\u00e1 durante tres a\u00f1os un pueblo de misi\u00f3n, y \u00e9sta ha sido solo la primera semilla. Nos vamos con el coraz\u00f3n lleno de gratitud, sabiendo que esta misi\u00f3n no termina, sino que apenas comienza.\u201d<\/em><\/p>\n\n\n\n<h3 class=\"wp-block-heading\" id=\"h-formentera-misiones-en-la-isla\">Formentera: Misiones en la isla<\/h3>\n\n\n\n<p>Por <a href=\"https:\/\/schoenstatt.com\/es\/las-ineditas-misiones-familiares-en-la-isla-de-formentera\/\">segundo a\u00f1o consecutivo<\/a>, la Familia de Schoenstatt visit\u00f3 la isla de Formentera. El lugar es conocido por sus playas paradis\u00edacas, por sus chiringuitos, por sus animadas fiestas\u2026 Pero tambi\u00e9n por la fe de la gente que vive all\u00ed.<\/p>\n\n\n\n<figure class=\"wp-block-image size-full\"><img loading=\"lazy\" decoding=\"async\" width=\"1600\" height=\"1067\" src=\"https:\/\/schoenstatt.com\/wp-content\/uploads\/2025\/05\/Schoenstatt-Family-Missions-Santaella-Formentera-2025-b.jpg\" alt=\"\" class=\"wp-image-56793\" srcset=\"https:\/\/schoenstatt.com\/wp-content\/uploads\/2025\/05\/Schoenstatt-Family-Missions-Santaella-Formentera-2025-b.jpg 1600w, https:\/\/schoenstatt.com\/wp-content\/uploads\/2025\/05\/Schoenstatt-Family-Missions-Santaella-Formentera-2025-b-768x512.jpg 768w, https:\/\/schoenstatt.com\/wp-content\/uploads\/2025\/05\/Schoenstatt-Family-Missions-Santaella-Formentera-2025-b-1536x1024.jpg 1536w\" sizes=\"(max-width: 1600px) 100vw, 1600px\" \/><\/figure>\n\n\n\n<p>Carlota Gil, de Madrid, cuenta:<em> \u201cHemos podido ser instrumentos de nuestra Virgen de Schoenstatt y de Jes\u00fas, con el prop\u00f3sito de ayudar al Padre Nando (P. Fernando Jes\u00fas Bay\u00f3n Plaz) y poder transmitir ese amor en comunidad, visitando a los ancianos de la residencia con qui\u00e9n hemos tenido la suerte de compartir desde un bingo hasta una misa, visitando tambi\u00e9n a personas enfermas de la isla, o yendo puerta a puerta por las casas de San Francesc, uno de los pueblos de Formentera. En esa din\u00e1mica nosotros, los misioneros, tambi\u00e9n nos hemos encontrado nuevamente con el amor de Jes\u00fas a trav\u00e9s de los lugare\u00f1os que pudimos conocer, que nos abrieron las puertas de sus casas y que con alegr\u00eda nos recib\u00edan al ver a la Virgen Peregrina, figura reconocida ya en la isla\u2026\u201d<\/em><\/p>\n\n\n\n<figure class=\"wp-block-image size-full\"><img loading=\"lazy\" decoding=\"async\" width=\"1508\" height=\"806\" src=\"https:\/\/schoenstatt.com\/wp-content\/uploads\/2025\/05\/Schoenstatt-Family-Missions-Formentera-2025-b.jpg\" alt=\"\" class=\"wp-image-56798\" srcset=\"https:\/\/schoenstatt.com\/wp-content\/uploads\/2025\/05\/Schoenstatt-Family-Missions-Formentera-2025-b.jpg 1508w, https:\/\/schoenstatt.com\/wp-content\/uploads\/2025\/05\/Schoenstatt-Family-Missions-Formentera-2025-b-768x410.jpg 768w\" sizes=\"(max-width: 1508px) 100vw, 1508px\" \/><\/figure>\n\n\n\n<h3 class=\"wp-block-heading\" id=\"h-moriles-en-cada-casa-que-se-abria-descubriamos-una-historia\">Moriles: En cada casa que se abr\u00eda, descubr\u00edamos una historia<\/h3>\n\n\n\n<p>Un grupo de familias se puso nuevamente en camino hacia Moriles, un pueblo cordob\u00e9s que durante tres a\u00f1os ha acogido con cari\u00f1o y fe viva a las Misiones Familiares.<\/p>\n\n\n\n<figure class=\"wp-block-image size-full\"><img loading=\"lazy\" decoding=\"async\" width=\"2048\" height=\"1536\" src=\"https:\/\/schoenstatt.com\/wp-content\/uploads\/2025\/05\/Schoenstatt-Family-Missions-Moriles-Spain-2025.jpg\" alt=\"\" class=\"wp-image-56803\" srcset=\"https:\/\/schoenstatt.com\/wp-content\/uploads\/2025\/05\/Schoenstatt-Family-Missions-Moriles-Spain-2025.jpg 2048w, https:\/\/schoenstatt.com\/wp-content\/uploads\/2025\/05\/Schoenstatt-Family-Missions-Moriles-Spain-2025-768x576.jpg 768w, https:\/\/schoenstatt.com\/wp-content\/uploads\/2025\/05\/Schoenstatt-Family-Missions-Moriles-Spain-2025-1536x1152.jpg 1536w\" sizes=\"(max-width: 2048px) 100vw, 2048px\" \/><\/figure>\n\n\n\n<p>Clari Roberts explica el sentido de estas visitas: <em>\u201cAl misionar no vamos a predicar, y a veces ni siquiera tenemos claro qu\u00e9 decir. Misionar es ponerse al servicio. Es dejarse enviar. Al hacerlo, nos convertimos en los pies de la Virgen peregrina, que quiere llevar a Cristo a cada hogar. Es el Ni\u00f1o en sus brazos quien obra milagros; nosotros simplemente recorremos el camino que Ella nos marca. Misionar no es tanto hacer o decir, sino estar presentes y dejar que Dios act\u00fae. Ser testigos del Amor, con humildad. Y, despu\u00e9s, llevarnos esas historias en el coraz\u00f3n, para meditarlas, rezarlas y agradecerlas.\u201d<\/em><\/p>\n\n\n\n<p>Esto fue precisamente lo que se vivi\u00f3 en cada uno de los rincones de Espa\u00f1a donde se realizaron Misiones Familiares. Una misma experiencia con m\u00faltiples rostros: familias, j\u00f3venes y comunidades dispuestas a dejarse transformar mientras llevaban la presencia viva de Dios a otros.<\/p>\n\n\n\n<figure class=\"wp-block-image size-full\"><img loading=\"lazy\" decoding=\"async\" width=\"2048\" height=\"1236\" src=\"https:\/\/schoenstatt.com\/wp-content\/uploads\/2025\/05\/family-mision-spain-pilgrim-mother-3.jpg\" alt=\"\" class=\"wp-image-56809\" srcset=\"https:\/\/schoenstatt.com\/wp-content\/uploads\/2025\/05\/family-mision-spain-pilgrim-mother-3.jpg 2048w, https:\/\/schoenstatt.com\/wp-content\/uploads\/2025\/05\/family-mision-spain-pilgrim-mother-3-768x464.jpg 768w, https:\/\/schoenstatt.com\/wp-content\/uploads\/2025\/05\/family-mision-spain-pilgrim-mother-3-1536x927.jpg 1536w\" sizes=\"(max-width: 2048px) 100vw, 2048px\" \/><\/figure>\n","protected":false},"excerpt":{"rendered":"<p>Durante la Semana Santa, la Familia de Schoenstatt en Espa\u00f1a se puso en camino con varias ediciones simult\u00e1neas de las Misiones Familiares. <\/p>\n","protected":false},"author":3,"featured_media":56809,"comment_status":"closed","ping_status":"closed","sticky":false,"template":"","format":"standard","meta":{"footnotes":""},"categories":[898,873,877],"tags":[1066],"class_list":["post-56776","post","type-post","status-publish","format-standard","has-post-thumbnail","hentry","category-en-mision-es","category-europa-es","category-familia-es","tag-misioneros-es"],"yoast_head":"<!-- This site is optimized with the Yoast SEO Premium plugin v27.4 (Yoast SEO v27.5) - https:\/\/yoast.com\/product\/yoast-seo-premium-wordpress\/ -->\n<title>Espa\u00f1a tierra de Misi\u00f3n - Schoenstatt<\/title>\n<meta name=\"description\" content=\"Durante la Semana Santa, la Familia de Schoenstatt en Espa\u00f1a se puso en camino con varias ediciones simult\u00e1neas de las Misiones Familiares.\" \/>\n<meta name=\"robots\" content=\"index, follow, max-snippet:-1, max-image-preview:large, max-video-preview:-1\" \/>\n<link rel=\"canonical\" href=\"https:\/\/schoenstatt.com\/es\/espana-tierra-de-mision\/\" \/>\n<meta property=\"og:locale\" content=\"es_ES\" \/>\n<meta property=\"og:type\" content=\"article\" \/>\n<meta property=\"og:title\" content=\"Espa\u00f1a tierra de Misi\u00f3n\" \/>\n<meta property=\"og:description\" content=\"Durante la Semana Santa, la Familia de Schoenstatt en Espa\u00f1a se puso en camino con varias ediciones simult\u00e1neas de las Misiones Familiares.\" \/>\n<meta property=\"og:url\" content=\"https:\/\/schoenstatt.com\/es\/espana-tierra-de-mision\/\" \/>\n<meta property=\"og:site_name\" content=\"Schoenstatt\" \/>\n<meta property=\"article:published_time\" content=\"2025-05-19T13:35:31+00:00\" \/>\n<meta property=\"article:modified_time\" content=\"2025-08-19T21:32:47+00:00\" \/>\n<meta property=\"og:image\" content=\"https:\/\/schoenstatt.com\/wp-content\/uploads\/2025\/05\/family-mision-spain-pilgrim-mother-3.jpg\" \/>\n\t<meta property=\"og:image:width\" content=\"2048\" \/>\n\t<meta property=\"og:image:height\" content=\"1236\" \/>\n\t<meta property=\"og:image:type\" content=\"image\/jpeg\" \/>\n<meta name=\"author\" content=\"Karen Bueno\" \/>\n<meta name=\"twitter:card\" content=\"summary_large_image\" \/>\n<meta name=\"twitter:label1\" content=\"Escrito por\" \/>\n\t<meta name=\"twitter:data1\" content=\"Karen Bueno\" \/>\n\t<meta name=\"twitter:label2\" content=\"Tiempo de lectura\" \/>\n\t<meta name=\"twitter:data2\" content=\"6 minutos\" \/>\n<script type=\"application\/ld+json\" class=\"yoast-schema-graph\">{\"@context\":\"https:\\\/\\\/schema.org\",\"@graph\":[{\"@type\":\"Article\",\"@id\":\"https:\\\/\\\/schoenstatt.com\\\/es\\\/espana-tierra-de-mision\\\/#article\",\"isPartOf\":{\"@id\":\"https:\\\/\\\/schoenstatt.com\\\/es\\\/espana-tierra-de-mision\\\/\"},\"author\":{\"name\":\"Karen Bueno\",\"@id\":\"https:\\\/\\\/schoenstatt.com\\\/es\\\/#\\\/schema\\\/person\\\/5158877ad4acae98b34daaeef2a1ce6e\"},\"headline\":\"Espa\u00f1a tierra de Misi\u00f3n\",\"datePublished\":\"2025-05-19T13:35:31+00:00\",\"dateModified\":\"2025-08-19T21:32:47+00:00\",\"mainEntityOfPage\":{\"@id\":\"https:\\\/\\\/schoenstatt.com\\\/es\\\/espana-tierra-de-mision\\\/\"},\"wordCount\":960,\"publisher\":{\"@id\":\"https:\\\/\\\/schoenstatt.com\\\/es\\\/#organization\"},\"image\":{\"@id\":\"https:\\\/\\\/schoenstatt.com\\\/es\\\/espana-tierra-de-mision\\\/#primaryimage\"},\"thumbnailUrl\":\"https:\\\/\\\/schoenstatt.com\\\/wp-content\\\/uploads\\\/2025\\\/05\\\/family-mision-spain-pilgrim-mother-3.jpg\",\"keywords\":[\"Misioneros\"],\"articleSection\":[\"En misi\u00f3n\",\"Europa\",\"Familia\"],\"inLanguage\":\"es\"},{\"@type\":\"WebPage\",\"@id\":\"https:\\\/\\\/schoenstatt.com\\\/es\\\/espana-tierra-de-mision\\\/\",\"url\":\"https:\\\/\\\/schoenstatt.com\\\/es\\\/espana-tierra-de-mision\\\/\",\"name\":\"Espa\u00f1a tierra de Misi\u00f3n - Schoenstatt\",\"isPartOf\":{\"@id\":\"https:\\\/\\\/schoenstatt.com\\\/es\\\/#website\"},\"primaryImageOfPage\":{\"@id\":\"https:\\\/\\\/schoenstatt.com\\\/es\\\/espana-tierra-de-mision\\\/#primaryimage\"},\"image\":{\"@id\":\"https:\\\/\\\/schoenstatt.com\\\/es\\\/espana-tierra-de-mision\\\/#primaryimage\"},\"thumbnailUrl\":\"https:\\\/\\\/schoenstatt.com\\\/wp-content\\\/uploads\\\/2025\\\/05\\\/family-mision-spain-pilgrim-mother-3.jpg\",\"datePublished\":\"2025-05-19T13:35:31+00:00\",\"dateModified\":\"2025-08-19T21:32:47+00:00\",\"description\":\"Durante la Semana Santa, la Familia de Schoenstatt en Espa\u00f1a se puso en camino con varias ediciones simult\u00e1neas de las Misiones Familiares.\",\"breadcrumb\":{\"@id\":\"https:\\\/\\\/schoenstatt.com\\\/es\\\/espana-tierra-de-mision\\\/#breadcrumb\"},\"inLanguage\":\"es\",\"potentialAction\":[{\"@type\":\"ReadAction\",\"target\":[\"https:\\\/\\\/schoenstatt.com\\\/es\\\/espana-tierra-de-mision\\\/\"]}]},{\"@type\":\"ImageObject\",\"inLanguage\":\"es\",\"@id\":\"https:\\\/\\\/schoenstatt.com\\\/es\\\/espana-tierra-de-mision\\\/#primaryimage\",\"url\":\"https:\\\/\\\/schoenstatt.com\\\/wp-content\\\/uploads\\\/2025\\\/05\\\/family-mision-spain-pilgrim-mother-3.jpg\",\"contentUrl\":\"https:\\\/\\\/schoenstatt.com\\\/wp-content\\\/uploads\\\/2025\\\/05\\\/family-mision-spain-pilgrim-mother-3.jpg\",\"width\":2048,\"height\":1236},{\"@type\":\"BreadcrumbList\",\"@id\":\"https:\\\/\\\/schoenstatt.com\\\/es\\\/espana-tierra-de-mision\\\/#breadcrumb\",\"itemListElement\":[{\"@type\":\"ListItem\",\"position\":1,\"name\":\"Portada\",\"item\":\"https:\\\/\\\/schoenstatt.com\\\/es\\\/home\\\/\"},{\"@type\":\"ListItem\",\"position\":2,\"name\":\"Espa\u00f1a tierra de Misi\u00f3n\"}]},{\"@type\":\"WebSite\",\"@id\":\"https:\\\/\\\/schoenstatt.com\\\/es\\\/#website\",\"url\":\"https:\\\/\\\/schoenstatt.com\\\/es\\\/\",\"name\":\"Schoenstatt\",\"description\":\"Apostolic Movement\",\"publisher\":{\"@id\":\"https:\\\/\\\/schoenstatt.com\\\/es\\\/#organization\"},\"potentialAction\":[{\"@type\":\"SearchAction\",\"target\":{\"@type\":\"EntryPoint\",\"urlTemplate\":\"https:\\\/\\\/schoenstatt.com\\\/es\\\/?s={search_term_string}\"},\"query-input\":{\"@type\":\"PropertyValueSpecification\",\"valueRequired\":true,\"valueName\":\"search_term_string\"}}],\"inLanguage\":\"es\"},{\"@type\":\"Organization\",\"@id\":\"https:\\\/\\\/schoenstatt.com\\\/es\\\/#organization\",\"name\":\"Schoenstatt\",\"url\":\"https:\\\/\\\/schoenstatt.com\\\/es\\\/\",\"logo\":{\"@type\":\"ImageObject\",\"inLanguage\":\"es\",\"@id\":\"https:\\\/\\\/schoenstatt.com\\\/es\\\/#\\\/schema\\\/logo\\\/image\\\/\",\"url\":\"https:\\\/\\\/schoenstatt.com\\\/wp-content\\\/uploads\\\/2025\\\/04\\\/logo-schoenstatt-white-696x696-1.png\",\"contentUrl\":\"https:\\\/\\\/schoenstatt.com\\\/wp-content\\\/uploads\\\/2025\\\/04\\\/logo-schoenstatt-white-696x696-1.png\",\"width\":696,\"height\":694,\"caption\":\"Schoenstatt\"},\"image\":{\"@id\":\"https:\\\/\\\/schoenstatt.com\\\/es\\\/#\\\/schema\\\/logo\\\/image\\\/\"}},{\"@type\":\"Person\",\"@id\":\"https:\\\/\\\/schoenstatt.com\\\/es\\\/#\\\/schema\\\/person\\\/5158877ad4acae98b34daaeef2a1ce6e\",\"name\":\"Karen Bueno\",\"image\":{\"@type\":\"ImageObject\",\"inLanguage\":\"es\",\"@id\":\"https:\\\/\\\/secure.gravatar.com\\\/avatar\\\/f9f4b823873154269d2b2130f195f6d41037dd0d7fc5f3cacb5c846bae70d66b?s=96&d=mm&r=g\",\"url\":\"https:\\\/\\\/secure.gravatar.com\\\/avatar\\\/f9f4b823873154269d2b2130f195f6d41037dd0d7fc5f3cacb5c846bae70d66b?s=96&d=mm&r=g\",\"contentUrl\":\"https:\\\/\\\/secure.gravatar.com\\\/avatar\\\/f9f4b823873154269d2b2130f195f6d41037dd0d7fc5f3cacb5c846bae70d66b?s=96&d=mm&r=g\",\"caption\":\"Karen Bueno\"},\"url\":\"https:\\\/\\\/schoenstatt.com\\\/es\\\/author\\\/karen-bueno\\\/\"}]}<\/script>\n<!-- \/ Yoast SEO Premium plugin. -->","yoast_head_json":{"title":"Espa\u00f1a tierra de Misi\u00f3n - Schoenstatt","description":"Durante la Semana Santa, la Familia de Schoenstatt en Espa\u00f1a se puso en camino con varias ediciones simult\u00e1neas de las Misiones Familiares.","robots":{"index":"index","follow":"follow","max-snippet":"max-snippet:-1","max-image-preview":"max-image-preview:large","max-video-preview":"max-video-preview:-1"},"canonical":"https:\/\/schoenstatt.com\/es\/espana-tierra-de-mision\/","og_locale":"es_ES","og_type":"article","og_title":"Espa\u00f1a tierra de Misi\u00f3n","og_description":"Durante la Semana Santa, la Familia de Schoenstatt en Espa\u00f1a se puso en camino con varias ediciones simult\u00e1neas de las Misiones Familiares.","og_url":"https:\/\/schoenstatt.com\/es\/espana-tierra-de-mision\/","og_site_name":"Schoenstatt","article_published_time":"2025-05-19T13:35:31+00:00","article_modified_time":"2025-08-19T21:32:47+00:00","og_image":[{"width":2048,"height":1236,"url":"https:\/\/schoenstatt.com\/wp-content\/uploads\/2025\/05\/family-mision-spain-pilgrim-mother-3.jpg","type":"image\/jpeg"}],"author":"Karen Bueno","twitter_card":"summary_large_image","twitter_misc":{"Escrito por":"Karen Bueno","Tiempo de lectura":"6 minutos"},"schema":{"@context":"https:\/\/schema.org","@graph":[{"@type":"Article","@id":"https:\/\/schoenstatt.com\/es\/espana-tierra-de-mision\/#article","isPartOf":{"@id":"https:\/\/schoenstatt.com\/es\/espana-tierra-de-mision\/"},"author":{"name":"Karen Bueno","@id":"https:\/\/schoenstatt.com\/es\/#\/schema\/person\/5158877ad4acae98b34daaeef2a1ce6e"},"headline":"Espa\u00f1a tierra de Misi\u00f3n","datePublished":"2025-05-19T13:35:31+00:00","dateModified":"2025-08-19T21:32:47+00:00","mainEntityOfPage":{"@id":"https:\/\/schoenstatt.com\/es\/espana-tierra-de-mision\/"},"wordCount":960,"publisher":{"@id":"https:\/\/schoenstatt.com\/es\/#organization"},"image":{"@id":"https:\/\/schoenstatt.com\/es\/espana-tierra-de-mision\/#primaryimage"},"thumbnailUrl":"https:\/\/schoenstatt.com\/wp-content\/uploads\/2025\/05\/family-mision-spain-pilgrim-mother-3.jpg","keywords":["Misioneros"],"articleSection":["En misi\u00f3n","Europa","Familia"],"inLanguage":"es"},{"@type":"WebPage","@id":"https:\/\/schoenstatt.com\/es\/espana-tierra-de-mision\/","url":"https:\/\/schoenstatt.com\/es\/espana-tierra-de-mision\/","name":"Espa\u00f1a tierra de Misi\u00f3n - Schoenstatt","isPartOf":{"@id":"https:\/\/schoenstatt.com\/es\/#website"},"primaryImageOfPage":{"@id":"https:\/\/schoenstatt.com\/es\/espana-tierra-de-mision\/#primaryimage"},"image":{"@id":"https:\/\/schoenstatt.com\/es\/espana-tierra-de-mision\/#primaryimage"},"thumbnailUrl":"https:\/\/schoenstatt.com\/wp-content\/uploads\/2025\/05\/family-mision-spain-pilgrim-mother-3.jpg","datePublished":"2025-05-19T13:35:31+00:00","dateModified":"2025-08-19T21:32:47+00:00","description":"Durante la Semana Santa, la Familia de Schoenstatt en Espa\u00f1a se puso en camino con varias ediciones simult\u00e1neas de las Misiones Familiares.","breadcrumb":{"@id":"https:\/\/schoenstatt.com\/es\/espana-tierra-de-mision\/#breadcrumb"},"inLanguage":"es","potentialAction":[{"@type":"ReadAction","target":["https:\/\/schoenstatt.com\/es\/espana-tierra-de-mision\/"]}]},{"@type":"ImageObject","inLanguage":"es","@id":"https:\/\/schoenstatt.com\/es\/espana-tierra-de-mision\/#primaryimage","url":"https:\/\/schoenstatt.com\/wp-content\/uploads\/2025\/05\/family-mision-spain-pilgrim-mother-3.jpg","contentUrl":"https:\/\/schoenstatt.com\/wp-content\/uploads\/2025\/05\/family-mision-spain-pilgrim-mother-3.jpg","width":2048,"height":1236},{"@type":"BreadcrumbList","@id":"https:\/\/schoenstatt.com\/es\/espana-tierra-de-mision\/#breadcrumb","itemListElement":[{"@type":"ListItem","position":1,"name":"Portada","item":"https:\/\/schoenstatt.com\/es\/home\/"},{"@type":"ListItem","position":2,"name":"Espa\u00f1a tierra de Misi\u00f3n"}]},{"@type":"WebSite","@id":"https:\/\/schoenstatt.com\/es\/#website","url":"https:\/\/schoenstatt.com\/es\/","name":"Schoenstatt","description":"Apostolic Movement","publisher":{"@id":"https:\/\/schoenstatt.com\/es\/#organization"},"potentialAction":[{"@type":"SearchAction","target":{"@type":"EntryPoint","urlTemplate":"https:\/\/schoenstatt.com\/es\/?s={search_term_string}"},"query-input":{"@type":"PropertyValueSpecification","valueRequired":true,"valueName":"search_term_string"}}],"inLanguage":"es"},{"@type":"Organization","@id":"https:\/\/schoenstatt.com\/es\/#organization","name":"Schoenstatt","url":"https:\/\/schoenstatt.com\/es\/","logo":{"@type":"ImageObject","inLanguage":"es","@id":"https:\/\/schoenstatt.com\/es\/#\/schema\/logo\/image\/","url":"https:\/\/schoenstatt.com\/wp-content\/uploads\/2025\/04\/logo-schoenstatt-white-696x696-1.png","contentUrl":"https:\/\/schoenstatt.com\/wp-content\/uploads\/2025\/04\/logo-schoenstatt-white-696x696-1.png","width":696,"height":694,"caption":"Schoenstatt"},"image":{"@id":"https:\/\/schoenstatt.com\/es\/#\/schema\/logo\/image\/"}},{"@type":"Person","@id":"https:\/\/schoenstatt.com\/es\/#\/schema\/person\/5158877ad4acae98b34daaeef2a1ce6e","name":"Karen Bueno","image":{"@type":"ImageObject","inLanguage":"es","@id":"https:\/\/secure.gravatar.com\/avatar\/f9f4b823873154269d2b2130f195f6d41037dd0d7fc5f3cacb5c846bae70d66b?s=96&d=mm&r=g","url":"https:\/\/secure.gravatar.com\/avatar\/f9f4b823873154269d2b2130f195f6d41037dd0d7fc5f3cacb5c846bae70d66b?s=96&d=mm&r=g","contentUrl":"https:\/\/secure.gravatar.com\/avatar\/f9f4b823873154269d2b2130f195f6d41037dd0d7fc5f3cacb5c846bae70d66b?s=96&d=mm&r=g","caption":"Karen Bueno"},"url":"https:\/\/schoenstatt.com\/es\/author\/karen-bueno\/"}]}},"_links":{"self":[{"href":"https:\/\/schoenstatt.com\/es\/wp-json\/wp\/v2\/posts\/56776","targetHints":{"allow":["GET"]}}],"collection":[{"href":"https:\/\/schoenstatt.com\/es\/wp-json\/wp\/v2\/posts"}],"about":[{"href":"https:\/\/schoenstatt.com\/es\/wp-json\/wp\/v2\/types\/post"}],"author":[{"embeddable":true,"href":"https:\/\/schoenstatt.com\/es\/wp-json\/wp\/v2\/users\/3"}],"replies":[{"embeddable":true,"href":"https:\/\/schoenstatt.com\/es\/wp-json\/wp\/v2\/comments?post=56776"}],"version-history":[{"count":6,"href":"https:\/\/schoenstatt.com\/es\/wp-json\/wp\/v2\/posts\/56776\/revisions"}],"predecessor-version":[{"id":56820,"href":"https:\/\/schoenstatt.com\/es\/wp-json\/wp\/v2\/posts\/56776\/revisions\/56820"}],"wp:featuredmedia":[{"embeddable":true,"href":"https:\/\/schoenstatt.com\/es\/wp-json\/wp\/v2\/media\/56809"}],"wp:attachment":[{"href":"https:\/\/schoenstatt.com\/es\/wp-json\/wp\/v2\/media?parent=56776"}],"wp:term":[{"taxonomy":"category","embeddable":true,"href":"https:\/\/schoenstatt.com\/es\/wp-json\/wp\/v2\/categories?post=56776"},{"taxonomy":"post_tag","embeddable":true,"href":"https:\/\/schoenstatt.com\/es\/wp-json\/wp\/v2\/tags?post=56776"}],"curies":[{"name":"wp","href":"https:\/\/api.w.org\/{rel}","templated":true}]}}