{"id":54416,"date":"2025-05-15T03:05:00","date_gmt":"2025-05-15T01:05:00","guid":{"rendered":"https:\/\/schoenstatt.com\/?p=54416"},"modified":"2025-08-21T03:33:44","modified_gmt":"2025-08-21T01:33:44","slug":"la-causa-de-beatificacion-de-la-hna-m-emilie-engel-tiene-una-nueva-postuladora","status":"publish","type":"post","link":"https:\/\/schoenstatt.com\/es\/la-causa-de-beatificacion-de-la-hna-m-emilie-engel-tiene-una-nueva-postuladora\/","title":{"rendered":"La Causa de Beatificaci\u00f3n de la Hna. M. Emilie Engel tiene una nueva postuladora"},"content":{"rendered":"\n<p>Las <a href=\"https:\/\/schoenstatt.com\/es\/comunidades\/woman\/hermanas-de-maria\/\">Hermanas de Mar\u00eda de Schoenstatt<\/a> informan que la Causa de Beatificaci\u00f3n de la Venerable Hna. M. Emilie Engel tiene una nueva postuladora. La Hna. M. Elizabet Parodi es la nueva responsable del proceso, que actualmente se sigue en Roma, en el <a href=\"https:\/\/www.vatican.va\/content\/romancuria\/es\/dicasteri\/dicastero-cause-santi.index.html\">Dicasterio de las Causas de los Santos<\/a>.<\/p>\n\n\n\n<p>La Hna. M. Elizabet es argentina y realiz\u00f3 su doctorado en Teolog\u00eda en Alemania, en la Facultad de Teolog\u00eda de los Padres Pallottinos, en Vallendar. Trabaj\u00f3 durante a\u00f1os en Roma, en la entonces Congregaci\u00f3n para las Causas de los Santos.<\/p>\n\n\n\n<p>En los \u00faltimos a\u00f1os estuvo trabajando en Schoenstatt, en la Casa Madre de su comunidad, contribuyendo en proyectos de investigaci\u00f3n relacionados con la causa Kentenich y la historia de Schoenstatt.<\/p>\n\n\n\n<p>La vida de la Hna. M. Emilie Engel, miembro de la comunidad de las Hermanas de Mar\u00eda, fue heroica. Dios no le ahorr\u00f3 pruebas ni cruces. Su proceso de canonizaci\u00f3n comenz\u00f3 el 12 de octubre de 1999. Su nueva postuladora nos habla de ella:<\/p>\n\n\n\n<h3 class=\"wp-block-heading\" id=\"h-una-pregunta-inesperada\">Una pregunta inesperada<\/h3>\n\n\n\n<p>Fue una tarde de invierno, el a\u00f1o pasado. Mi superiora general me llam\u00f3 y me pregunt\u00f3 si estaba dispuesta a asumir la tarea de postuladora en la causa de Emilie Engel. La Hna. M. Emilie no es desconocida para m\u00ed. Es miembro fundadora de las Hermanas de Mar\u00eda de Schoenstatt, y una figura muy querida por todas nosotras. La entrega y el hero\u00edsmo en las virtudes con el que Emilie vivi\u00f3 su alianza de amor con Mar\u00eda fueron reconocidos por la Iglesia en 2012.<\/p>\n\n\n\n<p>Para concluir su proceso de beatificaci\u00f3n hace falta comprobar que Dios ha obrado un milagro por su intercesi\u00f3n. Por eso le pregunt\u00e9 a la nuestra superiora general, Hna. M. Joanna Buckley, si hab\u00eda alg\u00fan milagro para investigar. Su respuesta: <em>\u201cNo. Y de eso se trata. De seguir ayudando a Emilie para que su mensaje y su intercesi\u00f3n llegue a muchas personas.\u201d<\/em><\/p>\n\n\n\n<figure class=\"wp-block-image aligncenter size-full is-resized\"><img fetchpriority=\"high\" decoding=\"async\" width=\"1200\" height=\"1600\" src=\"https:\/\/schoenstatt.com\/wp-content\/uploads\/2025\/05\/Sr-M-Elizabet-Parodi-2.jpg\" alt=\"\" class=\"wp-image-53894\" style=\"width:500px\" srcset=\"https:\/\/schoenstatt.com\/wp-content\/uploads\/2025\/05\/Sr-M-Elizabet-Parodi-2.jpg 1200w, https:\/\/schoenstatt.com\/wp-content\/uploads\/2025\/05\/Sr-M-Elizabet-Parodi-2-768x1024.jpg 768w, https:\/\/schoenstatt.com\/wp-content\/uploads\/2025\/05\/Sr-M-Elizabet-Parodi-2-1152x1536.jpg 1152w\" sizes=\"(max-width: 1200px) 100vw, 1200px\" \/><figcaption class=\"wp-element-caption\">Hna. M. Elizabet Parodi<\/figcaption><\/figure>\n\n\n\n<h3 class=\"wp-block-heading\" id=\"h-una-frase-motivadora\">Una frase motivadora<\/h3>\n\n\n\n<p>Su respuesta me record\u00f3 el di\u00e1logo con un colega cuando trabajaba como te\u00f3loga en el actual Dicasterio para las Causas de los Santos. Un d\u00eda, mientras le\u00edamos algunas acciones extraordinarias atribuidas al entonces Beato Juan Pablo II, le coment\u00e9 espont\u00e1neamente: <em>\u201calgunos santos median gracias extraordinarias con mucha frecuencia. Otros son perezosos.\u201d \u201dNo\u201d,<\/em> me respondi\u00f3 convencido,<em> \u201clos Siervos de Dios nunca son perezosos, los perezosos son los devotos: apenas imploran su intercesi\u00f3n\u201d.<\/em><\/p>\n\n\n\n<h3 class=\"wp-block-heading\" id=\"h-emilie-engel-una-santa-schoenstattiana\">Emilie Engel \u2013 una santa schoenstattiana<\/h3>\n\n\n\n<p>Apasionada por Schoenstatt, Emilie vivi\u00f3 su santidad en alianza de amor con Mar\u00eda, arraigada en el Santuario, a tal punto que cuando muere, en 1955, el P. Jos\u00e9 Kentenich afirma que<\/p>\n\n\n\n<p><em>\u201cel misterio de su vida se fue haciendo realidad en el esp\u00edritu de Schoenstatt a trav\u00e9s de un di\u00e1logo permanente entre un \u2018Ita Filia\u2019 (S\u00ed, hija) paternal y sol\u00edcito y un \u2018Ita Pater\u2019 (S\u00ed padre) heroico, filial y dispuesto; un di\u00e1logo inescudri\u00f1ablemente profundo, vital y alegre\u201d.<\/em><\/p>\n\n\n\n<p>Y concluye:<\/p>\n\n\n\n<p><em>\u201cDicho m\u00e1s brevemente: Fue una verdadera hija del Padre en el esp\u00edritu de Schoenstatt. Brev\u00edsimamente: una aut\u00e9ntica hija de Schoenstatt.\u201d<\/em><\/p>\n\n\n\n<figure class=\"wp-block-image aligncenter size-full\"><img decoding=\"async\" width=\"450\" height=\"720\" src=\"https:\/\/schoenstatt.com\/wp-content\/uploads\/2025\/05\/Sr-Emilie-Engel.jpeg\" alt=\"\" class=\"wp-image-53899\"\/><figcaption class=\"wp-element-caption\">Hna. M. Emilie: siempre con una sonrisa<\/figcaption><\/figure>\n\n\n\n<h3 class=\"wp-block-heading\" id=\"h-la-alianza-de-amor-nos-lleva-a-santificar-el-encuentro-con-los-demas\">La alianza de amor nos lleva a santificar el encuentro con los dem\u00e1s<\/h3>\n\n\n\n<p>Desde joven Emilie se caracteriz\u00f3 por su solidaridad, pero en la alianza de amor su coraz\u00f3n se fue abriendo cada vez m\u00e1s a los dem\u00e1s. Su vida estuvo marcada por un Dios que descubre profundamente como Padre en quien conf\u00eda absolutamente. Pero al mismo tiempo Emilie, sobria y de pocas palabras, se caracteriz\u00f3 por una mirada maternal atenta a quien estaba en dificultad, angustiado, se sent\u00eda solo. Donde ve\u00eda una necesidad, all\u00ed se hac\u00eda presente con un gesto, una palabra, aunque le costara. Desde su sencillez y Emilie fue experta en tejer una red de v\u00ednculos, un organismo solidario.<\/p>\n\n\n\n<h3 class=\"wp-block-heading\" id=\"h-siempre-sencilla-generosa-y-con-una-sonrisa\">Siempre sencilla, generosa y con una sonrisa<\/h3>\n\n\n\n<p>Emilie Engel no lleg\u00f3 a conocer el s\u00edmbolo de la tinaja delante del altar del santuario como expresi\u00f3n de lo que sus hijos le regalan a Mar\u00eda en la alianza de amor, pero entregaba cada d\u00eda sus aportes al capital de gracias, grandes o peque\u00f1os \u2013 sobre todo de aquellos que eran expresi\u00f3n de su fragilidad exterior o interior \u2013 segura de que en las manos de Mar\u00eda pod\u00edan ser fecundos para otros. Siempre con una sonrisa, expresi\u00f3n de su vida en alianza con Dios: una sonrisa sin ficci\u00f3n, sincera, incluso en medio del dolor.<\/p>\n\n\n\n<h3 class=\"wp-block-heading\" id=\"h-por-que-imploramos-un-milagro-por-su-intercesion\">Por qu\u00e9 imploramos un milagro por su intercesi\u00f3n<\/h3>\n\n\n\n<p>A veces me preguntan si realmente es necesaria su beatificaci\u00f3n o pedir un milagro por su intercesi\u00f3n. Para las Hermanas de Mar\u00eda y para muchos schoenstattianos ya es una santa, un testimonio de la alianza de amor vivida. Pero Emilie Engel nos trasciende. Su persona y su mensaje son para la Iglesia. Emilie es un regalo para todos. Y para que ese mensaje llegue a otros necesita que la demos a conocer. Lo dem\u00e1s corre por su cuenta.<\/p>\n\n\n\n<p>La Hna. Emilie no es autorreferencial para para Schoenstatt. Es un testimonio de la educaci\u00f3n concreta de Mar\u00eda desde el Santuario. Emilie Engel es una luz que refleja el resplandor de Cristo. Y en este mundo oscuro, \u00a1qu\u00e9 necesaria es cada luz!<\/p>\n\n\n\n<p><em>\u201cNo se enciende una vela para ponerla debajo de la mesa, sino para que est\u00e9 en un candelero y alumbre a todos los que est\u00e1n en la casa. As\u00ed alumbre vuestra luz delante de los hombres\u201d (Mt, 5,15-16)<\/em><\/p>\n\n\n\n<figure class=\"wp-block-embed is-type-wp-embed is-provider-schoenstatt wp-block-embed-schoenstatt\"><div class=\"wp-block-embed__wrapper\">\n<blockquote class=\"wp-embedded-content\" data-secret=\"yIoSjPWiBo\"><a href=\"https:\/\/schoenstatt.com\/sister-m-emilies-secret-to-trust-and-take-a-leap\/\">Sister M. Emilie&#8217;s secret: small and steady steps. To trust and take a leap<\/a><\/blockquote><iframe class=\"wp-embedded-content\" sandbox=\"allow-scripts\" security=\"restricted\" style=\"position: absolute; visibility: hidden;\" title=\"\u00abSister M. Emilie&#8217;s secret: small and steady steps. To trust and take a leap\u00bb \u2014 Schoenstatt\" src=\"https:\/\/schoenstatt.com\/sister-m-emilies-secret-to-trust-and-take-a-leap\/embed\/#?secret=k5MqdQextK#?secret=yIoSjPWiBo\" data-secret=\"yIoSjPWiBo\" width=\"600\" height=\"338\" frameborder=\"0\" marginwidth=\"0\" marginheight=\"0\" scrolling=\"no\"><\/iframe>\n<\/div><\/figure>\n","protected":false},"excerpt":{"rendered":"<p>La Hna. M. Elizabet Parodi es la nueva responsable del proceso, que actualmente se encuentra en Roma, en el Dicasterio de las Causas de los Santos.<\/p>\n","protected":false},"author":3,"featured_media":53893,"comment_status":"closed","ping_status":"closed","sticky":false,"template":"","format":"standard","meta":{"footnotes":""},"categories":[889],"tags":[1202,1172,1221,955],"class_list":["post-54416","post","type-post","status-publish","format-standard","has-post-thumbnail","hentry","category-heroes-de-schoenstatt-es","tag-hermanas-de-maria-de-schoenstatt-es","tag-heroes-de-schoenstatt-es","tag-hna-m-emilie-engel-es","tag-proceso-de-beatificacion-es"],"yoast_head":"<!-- This site is optimized with the Yoast SEO Premium plugin v27.4 (Yoast SEO v27.4) - https:\/\/yoast.com\/product\/yoast-seo-premium-wordpress\/ -->\n<title>La Causa de Beatificaci\u00f3n de la Hna. M. Emilie Engel tiene una nueva postuladora<\/title>\n<meta name=\"description\" content=\"La Hna. M. Elizabet Parodi es la nueva responsable del proceso, que actualmente se encuentra en Roma, en el Dicasterio de las Causas de los Santos.\" \/>\n<meta name=\"robots\" content=\"index, follow, max-snippet:-1, max-image-preview:large, max-video-preview:-1\" \/>\n<link rel=\"canonical\" href=\"https:\/\/schoenstatt.com\/es\/la-causa-de-beatificacion-de-la-hna-m-emilie-engel-tiene-una-nueva-postuladora\/\" \/>\n<meta property=\"og:locale\" content=\"es_ES\" \/>\n<meta property=\"og:type\" content=\"article\" \/>\n<meta property=\"og:title\" content=\"La Causa de Beatificaci\u00f3n de la Hna. M. Emilie Engel tiene una nueva postuladora\" \/>\n<meta property=\"og:description\" content=\"La Hna. M. Elizabet Parodi es la nueva responsable del proceso, que actualmente se encuentra en Roma, en el Dicasterio de las Causas de los Santos.\" \/>\n<meta property=\"og:url\" content=\"https:\/\/schoenstatt.com\/es\/la-causa-de-beatificacion-de-la-hna-m-emilie-engel-tiene-una-nueva-postuladora\/\" \/>\n<meta property=\"og:site_name\" content=\"Schoenstatt\" \/>\n<meta property=\"article:published_time\" content=\"2025-05-15T01:05:00+00:00\" \/>\n<meta property=\"article:modified_time\" content=\"2025-08-21T01:33:44+00:00\" \/>\n<meta property=\"og:image\" content=\"https:\/\/schoenstatt.com\/wp-content\/uploads\/2025\/05\/Sr-M-Elizabet-Parodi.jpg\" \/>\n\t<meta property=\"og:image:width\" content=\"1200\" \/>\n\t<meta property=\"og:image:height\" content=\"704\" \/>\n\t<meta property=\"og:image:type\" content=\"image\/jpeg\" \/>\n<meta name=\"author\" content=\"Karen Bueno\" \/>\n<meta name=\"twitter:card\" content=\"summary_large_image\" \/>\n<meta name=\"twitter:label1\" content=\"Escrito por\" \/>\n\t<meta name=\"twitter:data1\" content=\"Karen Bueno\" \/>\n\t<meta name=\"twitter:label2\" content=\"Tiempo de lectura\" \/>\n\t<meta name=\"twitter:data2\" content=\"5 minutos\" \/>\n<script type=\"application\/ld+json\" class=\"yoast-schema-graph\">{\"@context\":\"https:\\\/\\\/schema.org\",\"@graph\":[{\"@type\":\"Article\",\"@id\":\"https:\\\/\\\/schoenstatt.com\\\/es\\\/la-causa-de-beatificacion-de-la-hna-m-emilie-engel-tiene-una-nueva-postuladora\\\/#article\",\"isPartOf\":{\"@id\":\"https:\\\/\\\/schoenstatt.com\\\/es\\\/la-causa-de-beatificacion-de-la-hna-m-emilie-engel-tiene-una-nueva-postuladora\\\/\"},\"author\":{\"name\":\"Karen Bueno\",\"@id\":\"https:\\\/\\\/schoenstatt.com\\\/es\\\/#\\\/schema\\\/person\\\/5158877ad4acae98b34daaeef2a1ce6e\"},\"headline\":\"La Causa de Beatificaci\u00f3n de la Hna. M. Emilie Engel tiene una nueva postuladora\",\"datePublished\":\"2025-05-15T01:05:00+00:00\",\"dateModified\":\"2025-08-21T01:33:44+00:00\",\"mainEntityOfPage\":{\"@id\":\"https:\\\/\\\/schoenstatt.com\\\/es\\\/la-causa-de-beatificacion-de-la-hna-m-emilie-engel-tiene-una-nueva-postuladora\\\/\"},\"wordCount\":956,\"publisher\":{\"@id\":\"https:\\\/\\\/schoenstatt.com\\\/es\\\/#organization\"},\"image\":{\"@id\":\"https:\\\/\\\/schoenstatt.com\\\/es\\\/la-causa-de-beatificacion-de-la-hna-m-emilie-engel-tiene-una-nueva-postuladora\\\/#primaryimage\"},\"thumbnailUrl\":\"https:\\\/\\\/schoenstatt.com\\\/wp-content\\\/uploads\\\/2025\\\/05\\\/Sr-M-Elizabet-Parodi.jpg\",\"keywords\":[\"Hermanas de Mar\u00eda de Schoenstatt\",\"Heroes de Schoenstatt\",\"Hna. M. Emilie Engel\",\"Proceso de Beatificaci\u00f3n\"],\"articleSection\":[\"Heroes de Schoenstatt\"],\"inLanguage\":\"es\"},{\"@type\":\"WebPage\",\"@id\":\"https:\\\/\\\/schoenstatt.com\\\/es\\\/la-causa-de-beatificacion-de-la-hna-m-emilie-engel-tiene-una-nueva-postuladora\\\/\",\"url\":\"https:\\\/\\\/schoenstatt.com\\\/es\\\/la-causa-de-beatificacion-de-la-hna-m-emilie-engel-tiene-una-nueva-postuladora\\\/\",\"name\":\"La Causa de Beatificaci\u00f3n de la Hna. M. Emilie Engel tiene una nueva postuladora\",\"isPartOf\":{\"@id\":\"https:\\\/\\\/schoenstatt.com\\\/es\\\/#website\"},\"primaryImageOfPage\":{\"@id\":\"https:\\\/\\\/schoenstatt.com\\\/es\\\/la-causa-de-beatificacion-de-la-hna-m-emilie-engel-tiene-una-nueva-postuladora\\\/#primaryimage\"},\"image\":{\"@id\":\"https:\\\/\\\/schoenstatt.com\\\/es\\\/la-causa-de-beatificacion-de-la-hna-m-emilie-engel-tiene-una-nueva-postuladora\\\/#primaryimage\"},\"thumbnailUrl\":\"https:\\\/\\\/schoenstatt.com\\\/wp-content\\\/uploads\\\/2025\\\/05\\\/Sr-M-Elizabet-Parodi.jpg\",\"datePublished\":\"2025-05-15T01:05:00+00:00\",\"dateModified\":\"2025-08-21T01:33:44+00:00\",\"description\":\"La Hna. M. Elizabet Parodi es la nueva responsable del proceso, que actualmente se encuentra en Roma, en el Dicasterio de las Causas de los Santos.\",\"breadcrumb\":{\"@id\":\"https:\\\/\\\/schoenstatt.com\\\/es\\\/la-causa-de-beatificacion-de-la-hna-m-emilie-engel-tiene-una-nueva-postuladora\\\/#breadcrumb\"},\"inLanguage\":\"es\",\"potentialAction\":[{\"@type\":\"ReadAction\",\"target\":[\"https:\\\/\\\/schoenstatt.com\\\/es\\\/la-causa-de-beatificacion-de-la-hna-m-emilie-engel-tiene-una-nueva-postuladora\\\/\"]}]},{\"@type\":\"ImageObject\",\"inLanguage\":\"es\",\"@id\":\"https:\\\/\\\/schoenstatt.com\\\/es\\\/la-causa-de-beatificacion-de-la-hna-m-emilie-engel-tiene-una-nueva-postuladora\\\/#primaryimage\",\"url\":\"https:\\\/\\\/schoenstatt.com\\\/wp-content\\\/uploads\\\/2025\\\/05\\\/Sr-M-Elizabet-Parodi.jpg\",\"contentUrl\":\"https:\\\/\\\/schoenstatt.com\\\/wp-content\\\/uploads\\\/2025\\\/05\\\/Sr-M-Elizabet-Parodi.jpg\",\"width\":1200,\"height\":704},{\"@type\":\"BreadcrumbList\",\"@id\":\"https:\\\/\\\/schoenstatt.com\\\/es\\\/la-causa-de-beatificacion-de-la-hna-m-emilie-engel-tiene-una-nueva-postuladora\\\/#breadcrumb\",\"itemListElement\":[{\"@type\":\"ListItem\",\"position\":1,\"name\":\"Portada\",\"item\":\"https:\\\/\\\/schoenstatt.com\\\/es\\\/home\\\/\"},{\"@type\":\"ListItem\",\"position\":2,\"name\":\"La Causa de Beatificaci\u00f3n de la Hna. M. Emilie Engel tiene una nueva postuladora\"}]},{\"@type\":\"WebSite\",\"@id\":\"https:\\\/\\\/schoenstatt.com\\\/es\\\/#website\",\"url\":\"https:\\\/\\\/schoenstatt.com\\\/es\\\/\",\"name\":\"Schoenstatt\",\"description\":\"Apostolic Movement\",\"publisher\":{\"@id\":\"https:\\\/\\\/schoenstatt.com\\\/es\\\/#organization\"},\"potentialAction\":[{\"@type\":\"SearchAction\",\"target\":{\"@type\":\"EntryPoint\",\"urlTemplate\":\"https:\\\/\\\/schoenstatt.com\\\/es\\\/?s={search_term_string}\"},\"query-input\":{\"@type\":\"PropertyValueSpecification\",\"valueRequired\":true,\"valueName\":\"search_term_string\"}}],\"inLanguage\":\"es\"},{\"@type\":\"Organization\",\"@id\":\"https:\\\/\\\/schoenstatt.com\\\/es\\\/#organization\",\"name\":\"Schoenstatt\",\"url\":\"https:\\\/\\\/schoenstatt.com\\\/es\\\/\",\"logo\":{\"@type\":\"ImageObject\",\"inLanguage\":\"es\",\"@id\":\"https:\\\/\\\/schoenstatt.com\\\/es\\\/#\\\/schema\\\/logo\\\/image\\\/\",\"url\":\"https:\\\/\\\/schoenstatt.com\\\/wp-content\\\/uploads\\\/2025\\\/04\\\/logo-schoenstatt-white-696x696-1.png\",\"contentUrl\":\"https:\\\/\\\/schoenstatt.com\\\/wp-content\\\/uploads\\\/2025\\\/04\\\/logo-schoenstatt-white-696x696-1.png\",\"width\":696,\"height\":694,\"caption\":\"Schoenstatt\"},\"image\":{\"@id\":\"https:\\\/\\\/schoenstatt.com\\\/es\\\/#\\\/schema\\\/logo\\\/image\\\/\"}},{\"@type\":\"Person\",\"@id\":\"https:\\\/\\\/schoenstatt.com\\\/es\\\/#\\\/schema\\\/person\\\/5158877ad4acae98b34daaeef2a1ce6e\",\"name\":\"Karen Bueno\",\"image\":{\"@type\":\"ImageObject\",\"inLanguage\":\"es\",\"@id\":\"https:\\\/\\\/secure.gravatar.com\\\/avatar\\\/f9f4b823873154269d2b2130f195f6d41037dd0d7fc5f3cacb5c846bae70d66b?s=96&d=mm&r=g\",\"url\":\"https:\\\/\\\/secure.gravatar.com\\\/avatar\\\/f9f4b823873154269d2b2130f195f6d41037dd0d7fc5f3cacb5c846bae70d66b?s=96&d=mm&r=g\",\"contentUrl\":\"https:\\\/\\\/secure.gravatar.com\\\/avatar\\\/f9f4b823873154269d2b2130f195f6d41037dd0d7fc5f3cacb5c846bae70d66b?s=96&d=mm&r=g\",\"caption\":\"Karen Bueno\"},\"url\":\"https:\\\/\\\/schoenstatt.com\\\/es\\\/author\\\/karen-bueno\\\/\"}]}<\/script>\n<!-- \/ Yoast SEO Premium plugin. -->","yoast_head_json":{"title":"La Causa de Beatificaci\u00f3n de la Hna. M. Emilie Engel tiene una nueva postuladora","description":"La Hna. M. Elizabet Parodi es la nueva responsable del proceso, que actualmente se encuentra en Roma, en el Dicasterio de las Causas de los Santos.","robots":{"index":"index","follow":"follow","max-snippet":"max-snippet:-1","max-image-preview":"max-image-preview:large","max-video-preview":"max-video-preview:-1"},"canonical":"https:\/\/schoenstatt.com\/es\/la-causa-de-beatificacion-de-la-hna-m-emilie-engel-tiene-una-nueva-postuladora\/","og_locale":"es_ES","og_type":"article","og_title":"La Causa de Beatificaci\u00f3n de la Hna. M. Emilie Engel tiene una nueva postuladora","og_description":"La Hna. M. Elizabet Parodi es la nueva responsable del proceso, que actualmente se encuentra en Roma, en el Dicasterio de las Causas de los Santos.","og_url":"https:\/\/schoenstatt.com\/es\/la-causa-de-beatificacion-de-la-hna-m-emilie-engel-tiene-una-nueva-postuladora\/","og_site_name":"Schoenstatt","article_published_time":"2025-05-15T01:05:00+00:00","article_modified_time":"2025-08-21T01:33:44+00:00","og_image":[{"width":1200,"height":704,"url":"https:\/\/schoenstatt.com\/wp-content\/uploads\/2025\/05\/Sr-M-Elizabet-Parodi.jpg","type":"image\/jpeg"}],"author":"Karen Bueno","twitter_card":"summary_large_image","twitter_misc":{"Escrito por":"Karen Bueno","Tiempo de lectura":"5 minutos"},"schema":{"@context":"https:\/\/schema.org","@graph":[{"@type":"Article","@id":"https:\/\/schoenstatt.com\/es\/la-causa-de-beatificacion-de-la-hna-m-emilie-engel-tiene-una-nueva-postuladora\/#article","isPartOf":{"@id":"https:\/\/schoenstatt.com\/es\/la-causa-de-beatificacion-de-la-hna-m-emilie-engel-tiene-una-nueva-postuladora\/"},"author":{"name":"Karen Bueno","@id":"https:\/\/schoenstatt.com\/es\/#\/schema\/person\/5158877ad4acae98b34daaeef2a1ce6e"},"headline":"La Causa de Beatificaci\u00f3n de la Hna. M. Emilie Engel tiene una nueva postuladora","datePublished":"2025-05-15T01:05:00+00:00","dateModified":"2025-08-21T01:33:44+00:00","mainEntityOfPage":{"@id":"https:\/\/schoenstatt.com\/es\/la-causa-de-beatificacion-de-la-hna-m-emilie-engel-tiene-una-nueva-postuladora\/"},"wordCount":956,"publisher":{"@id":"https:\/\/schoenstatt.com\/es\/#organization"},"image":{"@id":"https:\/\/schoenstatt.com\/es\/la-causa-de-beatificacion-de-la-hna-m-emilie-engel-tiene-una-nueva-postuladora\/#primaryimage"},"thumbnailUrl":"https:\/\/schoenstatt.com\/wp-content\/uploads\/2025\/05\/Sr-M-Elizabet-Parodi.jpg","keywords":["Hermanas de Mar\u00eda de Schoenstatt","Heroes de Schoenstatt","Hna. M. Emilie Engel","Proceso de Beatificaci\u00f3n"],"articleSection":["Heroes de Schoenstatt"],"inLanguage":"es"},{"@type":"WebPage","@id":"https:\/\/schoenstatt.com\/es\/la-causa-de-beatificacion-de-la-hna-m-emilie-engel-tiene-una-nueva-postuladora\/","url":"https:\/\/schoenstatt.com\/es\/la-causa-de-beatificacion-de-la-hna-m-emilie-engel-tiene-una-nueva-postuladora\/","name":"La Causa de Beatificaci\u00f3n de la Hna. M. Emilie Engel tiene una nueva postuladora","isPartOf":{"@id":"https:\/\/schoenstatt.com\/es\/#website"},"primaryImageOfPage":{"@id":"https:\/\/schoenstatt.com\/es\/la-causa-de-beatificacion-de-la-hna-m-emilie-engel-tiene-una-nueva-postuladora\/#primaryimage"},"image":{"@id":"https:\/\/schoenstatt.com\/es\/la-causa-de-beatificacion-de-la-hna-m-emilie-engel-tiene-una-nueva-postuladora\/#primaryimage"},"thumbnailUrl":"https:\/\/schoenstatt.com\/wp-content\/uploads\/2025\/05\/Sr-M-Elizabet-Parodi.jpg","datePublished":"2025-05-15T01:05:00+00:00","dateModified":"2025-08-21T01:33:44+00:00","description":"La Hna. M. Elizabet Parodi es la nueva responsable del proceso, que actualmente se encuentra en Roma, en el Dicasterio de las Causas de los Santos.","breadcrumb":{"@id":"https:\/\/schoenstatt.com\/es\/la-causa-de-beatificacion-de-la-hna-m-emilie-engel-tiene-una-nueva-postuladora\/#breadcrumb"},"inLanguage":"es","potentialAction":[{"@type":"ReadAction","target":["https:\/\/schoenstatt.com\/es\/la-causa-de-beatificacion-de-la-hna-m-emilie-engel-tiene-una-nueva-postuladora\/"]}]},{"@type":"ImageObject","inLanguage":"es","@id":"https:\/\/schoenstatt.com\/es\/la-causa-de-beatificacion-de-la-hna-m-emilie-engel-tiene-una-nueva-postuladora\/#primaryimage","url":"https:\/\/schoenstatt.com\/wp-content\/uploads\/2025\/05\/Sr-M-Elizabet-Parodi.jpg","contentUrl":"https:\/\/schoenstatt.com\/wp-content\/uploads\/2025\/05\/Sr-M-Elizabet-Parodi.jpg","width":1200,"height":704},{"@type":"BreadcrumbList","@id":"https:\/\/schoenstatt.com\/es\/la-causa-de-beatificacion-de-la-hna-m-emilie-engel-tiene-una-nueva-postuladora\/#breadcrumb","itemListElement":[{"@type":"ListItem","position":1,"name":"Portada","item":"https:\/\/schoenstatt.com\/es\/home\/"},{"@type":"ListItem","position":2,"name":"La Causa de Beatificaci\u00f3n de la Hna. M. Emilie Engel tiene una nueva postuladora"}]},{"@type":"WebSite","@id":"https:\/\/schoenstatt.com\/es\/#website","url":"https:\/\/schoenstatt.com\/es\/","name":"Schoenstatt","description":"Apostolic Movement","publisher":{"@id":"https:\/\/schoenstatt.com\/es\/#organization"},"potentialAction":[{"@type":"SearchAction","target":{"@type":"EntryPoint","urlTemplate":"https:\/\/schoenstatt.com\/es\/?s={search_term_string}"},"query-input":{"@type":"PropertyValueSpecification","valueRequired":true,"valueName":"search_term_string"}}],"inLanguage":"es"},{"@type":"Organization","@id":"https:\/\/schoenstatt.com\/es\/#organization","name":"Schoenstatt","url":"https:\/\/schoenstatt.com\/es\/","logo":{"@type":"ImageObject","inLanguage":"es","@id":"https:\/\/schoenstatt.com\/es\/#\/schema\/logo\/image\/","url":"https:\/\/schoenstatt.com\/wp-content\/uploads\/2025\/04\/logo-schoenstatt-white-696x696-1.png","contentUrl":"https:\/\/schoenstatt.com\/wp-content\/uploads\/2025\/04\/logo-schoenstatt-white-696x696-1.png","width":696,"height":694,"caption":"Schoenstatt"},"image":{"@id":"https:\/\/schoenstatt.com\/es\/#\/schema\/logo\/image\/"}},{"@type":"Person","@id":"https:\/\/schoenstatt.com\/es\/#\/schema\/person\/5158877ad4acae98b34daaeef2a1ce6e","name":"Karen Bueno","image":{"@type":"ImageObject","inLanguage":"es","@id":"https:\/\/secure.gravatar.com\/avatar\/f9f4b823873154269d2b2130f195f6d41037dd0d7fc5f3cacb5c846bae70d66b?s=96&d=mm&r=g","url":"https:\/\/secure.gravatar.com\/avatar\/f9f4b823873154269d2b2130f195f6d41037dd0d7fc5f3cacb5c846bae70d66b?s=96&d=mm&r=g","contentUrl":"https:\/\/secure.gravatar.com\/avatar\/f9f4b823873154269d2b2130f195f6d41037dd0d7fc5f3cacb5c846bae70d66b?s=96&d=mm&r=g","caption":"Karen Bueno"},"url":"https:\/\/schoenstatt.com\/es\/author\/karen-bueno\/"}]}},"_links":{"self":[{"href":"https:\/\/schoenstatt.com\/es\/wp-json\/wp\/v2\/posts\/54416","targetHints":{"allow":["GET"]}}],"collection":[{"href":"https:\/\/schoenstatt.com\/es\/wp-json\/wp\/v2\/posts"}],"about":[{"href":"https:\/\/schoenstatt.com\/es\/wp-json\/wp\/v2\/types\/post"}],"author":[{"embeddable":true,"href":"https:\/\/schoenstatt.com\/es\/wp-json\/wp\/v2\/users\/3"}],"replies":[{"embeddable":true,"href":"https:\/\/schoenstatt.com\/es\/wp-json\/wp\/v2\/comments?post=54416"}],"version-history":[{"count":17,"href":"https:\/\/schoenstatt.com\/es\/wp-json\/wp\/v2\/posts\/54416\/revisions"}],"predecessor-version":[{"id":62972,"href":"https:\/\/schoenstatt.com\/es\/wp-json\/wp\/v2\/posts\/54416\/revisions\/62972"}],"wp:featuredmedia":[{"embeddable":true,"href":"https:\/\/schoenstatt.com\/es\/wp-json\/wp\/v2\/media\/53893"}],"wp:attachment":[{"href":"https:\/\/schoenstatt.com\/es\/wp-json\/wp\/v2\/media?parent=54416"}],"wp:term":[{"taxonomy":"category","embeddable":true,"href":"https:\/\/schoenstatt.com\/es\/wp-json\/wp\/v2\/categories?post=54416"},{"taxonomy":"post_tag","embeddable":true,"href":"https:\/\/schoenstatt.com\/es\/wp-json\/wp\/v2\/tags?post=54416"}],"curies":[{"name":"wp","href":"https:\/\/api.w.org\/{rel}","templated":true}]}}