{"id":53665,"date":"2025-05-12T14:38:54","date_gmt":"2025-05-12T12:38:54","guid":{"rendered":"https:\/\/schoenstatt.com\/?p=53665"},"modified":"2025-05-15T18:12:43","modified_gmt":"2025-05-15T16:12:43","slug":"el-jardin-de-maria-y-la-ecologia-de-la-resurreccion","status":"publish","type":"post","link":"https:\/\/schoenstatt.com\/es\/el-jardin-de-maria-y-la-ecologia-de-la-resurreccion\/","title":{"rendered":"El Jard\u00edn de Mar\u00eda y la Ecolog\u00eda de la Resurrecci\u00f3n"},"content":{"rendered":"\n<p>\u00abDios ama los jardines\u00bb: esto constituye una poderosa met\u00e1fora entre la acci\u00f3n divina y la creaci\u00f3n y cuidado de jardines, utilizando la Biblia como fuente principal. Podemos trazar paralelos significativos entre esta perspectiva, el concepto del Jard\u00edn de Mar\u00eda de Schoenstatt y la Ecolog\u00eda, especialmente la \u00abEcolog\u00eda de la Resurrecci\u00f3n\u00bb mencionada en el t\u00edtulo de este texto.<\/p>\n\n\n\n<p><strong>1. Dios como el Primer Jardinero y el Cultivo de la Vida:<\/strong><\/p>\n\n\n\n<p>Dios es el primer jardinero, creando el Ed\u00e9n y, subsecuentemente, \u00abcultivando jardines por todas partes\u00bb. Esta imagen resalta la acci\u00f3n divina como un acto de cuidado, orden y provisi\u00f3n de un ambiente propicio para la vida.<\/p>\n\n\n\n<p>De manera an\u00e1loga, el Jard\u00edn de Mar\u00eda de Schoenstatt invita a cada individuo a ser un \u00abjardinero espiritual\u00bb del propio coraz\u00f3n. As\u00ed como Dios cultiva la vida en el mundo, nosotros somos llamados a cultivar virtudes, oraciones y sacrificios y en el Capital de Gracias ofrecer a Mar\u00eda como \u00abflores espirituales\u00bb. Mar\u00eda, a su vez, act\u00faa como un canal de gracia, ayudando en este cultivo interior.<\/p>\n\n\n\n<p>La Ecolog\u00eda, en su esencia, tambi\u00e9n se preocupa por el \u00abcultivo\u00bb del planeta, buscando entender las interconexiones de la vida y promover una relaci\u00f3n armoniosa entre los seres vivos y el medio ambiente. La idea de Dios como jardinero puede inspirar una visi\u00f3n m\u00e1s reverente y responsable con respecto a la naturaleza, percibi\u00e9ndola como un jard\u00edn divino al cual cuidar.<\/p>\n\n\n\n<p><strong>2. Los Jardines B\u00edblicos como Escenarios de Salvaci\u00f3n y Transformaci\u00f3n:<\/strong><\/p>\n\n\n\n<p>Momentos cruciales de la historia de la salvaci\u00f3n se desarrollan en jardines: el Ed\u00e9n (Genesis), el Huerto de los Olivos (pasi\u00f3n y entrega de Jes\u00fas) y el jard\u00edn del sepulcro (resurrecci\u00f3n y nuevo comienzo). Los jardines se convierten, as\u00ed, en escenarios de encuentros con Dios y de eventos transformadores.<\/p>\n\n\n\n<p>El coraz\u00f3n que se convierte en Jard\u00edn de Mar\u00eda tambi\u00e9n se configura como un \u00ablugar de salvaci\u00f3n\u00bb y transformaci\u00f3n. Al entregarse a Mar\u00eda y cultivar las virtudes, el individuo permite que la gracia divina florezca en su vida, conduciendo a una renovaci\u00f3n interior y a una mayor conformidad con Cristo.<\/p>\n\n\n\n<p>La \u00abEcolog\u00eda de la Resurrecci\u00f3n\u00bb puede interpretarse como la esperanza de renovaci\u00f3n y restauraci\u00f3n de la creaci\u00f3n. As\u00ed como la resurrecci\u00f3n de Cristo transform\u00f3 la muerte en vida, esta perspectiva ecol\u00f3gica busca la curaci\u00f3n y la revitalizaci\u00f3n de los ecosistemas degradados, vislumbrando un futuro de armon\u00eda y abundancia. El jard\u00edn del sepulcro, mencionado en el texto, simboliza esta posibilidad de un nuevo comienzo tras la \u00abmuerte\u00bb de la degradaci\u00f3n ambiental.<\/p>\n\n\n\n<figure class=\"wp-block-image size-full\"><img fetchpriority=\"high\" decoding=\"async\" width=\"1600\" height=\"611\" src=\"https:\/\/schoenstatt.com\/wp-content\/uploads\/2025\/05\/Sustentabilidad-Mayo-2.jpeg\" alt=\"\" class=\"wp-image-53657\" srcset=\"https:\/\/schoenstatt.com\/wp-content\/uploads\/2025\/05\/Sustentabilidad-Mayo-2.jpeg 1600w, https:\/\/schoenstatt.com\/wp-content\/uploads\/2025\/05\/Sustentabilidad-Mayo-2-768x293.jpeg 768w, https:\/\/schoenstatt.com\/wp-content\/uploads\/2025\/05\/Sustentabilidad-Mayo-2-1536x587.jpeg 1536w\" sizes=\"(max-width: 1600px) 100vw, 1600px\" \/><\/figure>\n\n\n\n<p><strong>3. <strong>El Orden en Medio del Caos y la Plenitud de la Vida:<\/strong><\/strong><\/p>\n\n\n\n<p>Seg\u00fan el primer cap\u00edtulo del libro del G\u00e9nesis, el primer acto creador de Dios fue poner orden en el caos, asignar un lugar a cada cosa y luego llenar esos espacios. Los jardines b\u00edblicos representan ese orden y la manifestaci\u00f3n de la vida en su plenitud. La descripci\u00f3n del Apocalipsis con el r\u00edo de agua viva y el \u00e1rbol de la vida refuerza esta imagen de abundancia.<\/p>\n\n\n\n<p>El cultivo del Jard\u00edn de Mar\u00eda implica traer orden al \u00abcaos\u00bb interior de las pasiones e imperfecciones, dirigiendo la vida hacia la voluntad de Dios y permitiendo que la gracia florezca abundantemente. Las \u00abflores\u00bb ofrecidas a Mar\u00eda simbolizan esta b\u00fasqueda de una vida m\u00e1s plena y virtuosa.<\/p>\n\n\n\n<p>La Ecolog\u00eda busca comprender el orden natural de los ecosistemas y c\u00f3mo mantener esa armon\u00eda para garantizar la sostenibilidad de la vida. La degradaci\u00f3n ambiental se ve como una forma de \u00abcaos\u00bb que amenaza ese orden y la plenitud de la vida en el planeta. La \u00abEcolog\u00eda de la Resurrecci\u00f3n\u00bb apunta a la posibilidad de restaurar ese orden y promover una nueva abundancia.<\/p>\n\n\n\n<p><strong>4. <strong>El Encuentro con lo Divino en la Naturaleza y en el Coraz\u00f3n:<\/strong><\/strong><\/p>\n\n\n\n<p>La imagen de Dios \u00abpaseando por el jard\u00edn a la brisa de la tarde\u00bb en el Ed\u00e9n evoca una proximidad y un di\u00e1logo \u00edntimo entre el Creador y su creaci\u00f3n. El jard\u00edn se convierte en un lugar de encuentro con lo divino.<\/p>\n\n\n\n<p>El coraz\u00f3n transformado en Jard\u00edn de Mar\u00eda se convierte en un espacio privilegiado para el encuentro con Dios a trav\u00e9s de Mar\u00eda. La oraci\u00f3n y la entrega a ella facilitan esta proximidad em la vida diaria.<\/p>\n\n\n\n<p>Una perspectiva ecol\u00f3gica inspirada por la fe puede llevar a una mayor conciencia de la presencia de Dios en la belleza y la complejidad de la naturaleza. Contemplar la creaci\u00f3n como un \u00abjard\u00edn divino\u00bb puede despertar un sentido de admiraci\u00f3n, gratitud y responsabilidad hacia el medio ambiente.<\/p>\n\n\n\n<p><strong>5. <strong>Conclusi\u00f3n<\/strong><\/strong><\/p>\n\n\n\n<p>\u00abDios ama los jardines\u00bb ofrece una rica met\u00e1fora que se conecta profundamente con el concepto del Jard\u00edn de Mar\u00eda de Schoenstatt y con la urgencia de la reflexi\u00f3n ecol\u00f3gica. Ambos nos invitan a cultivar, ya sea nuestro interior para la manifestaci\u00f3n de la gracia divina, ya sea el planeta para la sostenibilidad de la vida. La \u00abEcolog\u00eda de la Resurrecci\u00f3n\u00bb hace eco de la esperanza b\u00edblica de renovaci\u00f3n y vida abundante, as\u00ed como el Jard\u00edn de Mar\u00eda simboliza la transformaci\u00f3n personal a trav\u00e9s del encuentro con el amor materno de Mar\u00eda. En \u00faltima instancia, tanto el cuidado del jard\u00edn interior como el cuidado del jard\u00edn terrestre reflejan el amor de Dios por la vida y su deseo de plenitud para toda la creaci\u00f3n.<\/p>\n\n\n\n<p>\u201cMuchas cosas tienen que reorientar su rumbo, pero ante todo la humanidad necesita cambiar. Hace falta la conciencia de un origen com\u00fan, de una pertenencia mutua y de un futuro compartido por todos.\u201d <a href=\"https:\/\/www.vatican.va\/content\/francesco\/es\/encyclicals\/documents\/papa-francesco_20150524_enciclica-laudato-si.html\" target=\"_blank\" rel=\"noreferrer noopener\">Laudato Si<\/a> &#8211; 202<\/p>\n\n\n\n<p><strong><strong>\u00bfQuieres ser parte del cambio?<\/strong><\/strong><\/p>\n\n\n\n<p>Si te sientes llamado a contribuir a una visi\u00f3n sostenible en Schoenstatt, te invitamos a unirte a nosotros. \u00a1Juntos podemos hacer la diferencia!<\/p>\n\n\n\n<p>\u00a1Participa con nosotros! &#8211; Whatsapp +34 604 94 52 86<\/p>\n\n\n\n<p>Rosana Silva \u2013 Instituto Nuestra Se\u00f1ora de Schoenstatt &#8211; Madrid<\/p>\n\n\n\n<p><strong>Env\u00eda tus flores de mayo al Santuario Original:<\/strong><\/p>\n\n\n\n<figure class=\"wp-block-embed is-type-wp-embed is-provider-schoenstatt wp-block-embed-schoenstatt\"><div class=\"wp-block-embed__wrapper\">\n<blockquote class=\"wp-embedded-content\" data-secret=\"PhYlqharnu\"><a href=\"https:\/\/schoenstatt.com\/es\/envia-tus-flores-de-mayo-al-santuario-original\/\">Env\u00eda tus \u201cFlores de Mayo\u201d al Santuario Original<\/a><\/blockquote><iframe class=\"wp-embedded-content\" sandbox=\"allow-scripts\" security=\"restricted\" style=\"position: absolute; visibility: hidden;\" title=\"&#8220;Env\u00eda tus \u201cFlores de Mayo\u201d al Santuario Original&#8221; &#8212; Schoenstatt\" src=\"https:\/\/schoenstatt.com\/es\/envia-tus-flores-de-mayo-al-santuario-original\/embed\/#?secret=VPw7KNvJhr#?secret=PhYlqharnu\" data-secret=\"PhYlqharnu\" width=\"600\" height=\"338\" frameborder=\"0\" marginwidth=\"0\" marginheight=\"0\" scrolling=\"no\"><\/iframe>\n<\/div><\/figure>\n","protected":false},"excerpt":{"rendered":"<p>\u00abDios ama los jardines\u00bb: esto constituye una poderosa met\u00e1fora entre la acci\u00f3n divina y la creaci\u00f3n y cuidado de jardines<\/p>\n","protected":false},"author":3,"featured_media":53661,"comment_status":"closed","ping_status":"closed","sticky":false,"template":"","format":"standard","meta":{"footnotes":""},"categories":[885],"tags":[549],"class_list":["post-53665","post","type-post","status-publish","format-standard","has-post-thumbnail","hentry","category-medio-ambiente-es","tag-ecologia-medio-ambiente"],"yoast_head":"<!-- This site is optimized with the Yoast SEO Premium plugin v27.4 (Yoast SEO v27.4) - https:\/\/yoast.com\/product\/yoast-seo-premium-wordpress\/ -->\n<title>El Jard\u00edn de Mar\u00eda y la Ecolog\u00eda de la Resurrecci\u00f3n - Schoenstatt<\/title>\n<meta name=\"description\" content=\"&quot;Dios ama los jardines&quot;: esto constituye una poderosa met\u00e1fora entre la acci\u00f3n divina y la creaci\u00f3n y cuidado de jardines\" \/>\n<meta name=\"robots\" content=\"index, follow, max-snippet:-1, max-image-preview:large, max-video-preview:-1\" \/>\n<link rel=\"canonical\" href=\"https:\/\/schoenstatt.com\/es\/el-jardin-de-maria-y-la-ecologia-de-la-resurreccion\/\" \/>\n<meta property=\"og:locale\" content=\"es_ES\" \/>\n<meta property=\"og:type\" content=\"article\" \/>\n<meta property=\"og:title\" content=\"El Jard\u00edn de Mar\u00eda y la Ecolog\u00eda de la Resurrecci\u00f3n\" \/>\n<meta property=\"og:description\" content=\"&quot;Dios ama los jardines&quot;: esto constituye una poderosa met\u00e1fora entre la acci\u00f3n divina y la creaci\u00f3n y cuidado de jardines\" \/>\n<meta property=\"og:url\" content=\"https:\/\/schoenstatt.com\/es\/el-jardin-de-maria-y-la-ecologia-de-la-resurreccion\/\" \/>\n<meta property=\"og:site_name\" content=\"Schoenstatt\" \/>\n<meta property=\"article:published_time\" content=\"2025-05-12T12:38:54+00:00\" \/>\n<meta property=\"article:modified_time\" content=\"2025-05-15T16:12:43+00:00\" \/>\n<meta property=\"og:image\" content=\"https:\/\/schoenstatt.com\/wp-content\/uploads\/2025\/05\/Sustentabilidad-Mayo-2.jpeg\" \/>\n\t<meta property=\"og:image:width\" content=\"1600\" \/>\n\t<meta property=\"og:image:height\" content=\"611\" \/>\n\t<meta property=\"og:image:type\" content=\"image\/jpeg\" \/>\n<meta name=\"author\" content=\"Karen Bueno\" \/>\n<meta name=\"twitter:card\" content=\"summary_large_image\" \/>\n<meta name=\"twitter:label1\" content=\"Escrito por\" \/>\n\t<meta name=\"twitter:data1\" content=\"Karen Bueno\" \/>\n\t<meta name=\"twitter:label2\" content=\"Tiempo de lectura\" \/>\n\t<meta name=\"twitter:data2\" content=\"6 minutos\" \/>\n<script type=\"application\/ld+json\" class=\"yoast-schema-graph\">{\"@context\":\"https:\\\/\\\/schema.org\",\"@graph\":[{\"@type\":\"Article\",\"@id\":\"https:\\\/\\\/schoenstatt.com\\\/es\\\/el-jardin-de-maria-y-la-ecologia-de-la-resurreccion\\\/#article\",\"isPartOf\":{\"@id\":\"https:\\\/\\\/schoenstatt.com\\\/es\\\/el-jardin-de-maria-y-la-ecologia-de-la-resurreccion\\\/\"},\"author\":{\"name\":\"Karen Bueno\",\"@id\":\"https:\\\/\\\/schoenstatt.com\\\/es\\\/#\\\/schema\\\/person\\\/5158877ad4acae98b34daaeef2a1ce6e\"},\"headline\":\"El Jard\u00edn de Mar\u00eda y la Ecolog\u00eda de la Resurrecci\u00f3n\",\"datePublished\":\"2025-05-12T12:38:54+00:00\",\"dateModified\":\"2025-05-15T16:12:43+00:00\",\"mainEntityOfPage\":{\"@id\":\"https:\\\/\\\/schoenstatt.com\\\/es\\\/el-jardin-de-maria-y-la-ecologia-de-la-resurreccion\\\/\"},\"wordCount\":1074,\"publisher\":{\"@id\":\"https:\\\/\\\/schoenstatt.com\\\/es\\\/#organization\"},\"image\":{\"@id\":\"https:\\\/\\\/schoenstatt.com\\\/es\\\/el-jardin-de-maria-y-la-ecologia-de-la-resurreccion\\\/#primaryimage\"},\"thumbnailUrl\":\"https:\\\/\\\/schoenstatt.com\\\/wp-content\\\/uploads\\\/2025\\\/05\\\/Sustentabilidad-Mayo-2.jpeg\",\"keywords\":[\"Ecolog\u00eda \\\/ Medio Ambiente\"],\"articleSection\":[\"Medio Ambiente\"],\"inLanguage\":\"es\"},{\"@type\":\"WebPage\",\"@id\":\"https:\\\/\\\/schoenstatt.com\\\/es\\\/el-jardin-de-maria-y-la-ecologia-de-la-resurreccion\\\/\",\"url\":\"https:\\\/\\\/schoenstatt.com\\\/es\\\/el-jardin-de-maria-y-la-ecologia-de-la-resurreccion\\\/\",\"name\":\"El Jard\u00edn de Mar\u00eda y la Ecolog\u00eda de la Resurrecci\u00f3n - Schoenstatt\",\"isPartOf\":{\"@id\":\"https:\\\/\\\/schoenstatt.com\\\/es\\\/#website\"},\"primaryImageOfPage\":{\"@id\":\"https:\\\/\\\/schoenstatt.com\\\/es\\\/el-jardin-de-maria-y-la-ecologia-de-la-resurreccion\\\/#primaryimage\"},\"image\":{\"@id\":\"https:\\\/\\\/schoenstatt.com\\\/es\\\/el-jardin-de-maria-y-la-ecologia-de-la-resurreccion\\\/#primaryimage\"},\"thumbnailUrl\":\"https:\\\/\\\/schoenstatt.com\\\/wp-content\\\/uploads\\\/2025\\\/05\\\/Sustentabilidad-Mayo-2.jpeg\",\"datePublished\":\"2025-05-12T12:38:54+00:00\",\"dateModified\":\"2025-05-15T16:12:43+00:00\",\"description\":\"\\\"Dios ama los jardines\\\": esto constituye una poderosa met\u00e1fora entre la acci\u00f3n divina y la creaci\u00f3n y cuidado de jardines\",\"breadcrumb\":{\"@id\":\"https:\\\/\\\/schoenstatt.com\\\/es\\\/el-jardin-de-maria-y-la-ecologia-de-la-resurreccion\\\/#breadcrumb\"},\"inLanguage\":\"es\",\"potentialAction\":[{\"@type\":\"ReadAction\",\"target\":[\"https:\\\/\\\/schoenstatt.com\\\/es\\\/el-jardin-de-maria-y-la-ecologia-de-la-resurreccion\\\/\"]}]},{\"@type\":\"ImageObject\",\"inLanguage\":\"es\",\"@id\":\"https:\\\/\\\/schoenstatt.com\\\/es\\\/el-jardin-de-maria-y-la-ecologia-de-la-resurreccion\\\/#primaryimage\",\"url\":\"https:\\\/\\\/schoenstatt.com\\\/wp-content\\\/uploads\\\/2025\\\/05\\\/Sustentabilidad-Mayo-2.jpeg\",\"contentUrl\":\"https:\\\/\\\/schoenstatt.com\\\/wp-content\\\/uploads\\\/2025\\\/05\\\/Sustentabilidad-Mayo-2.jpeg\",\"width\":1600,\"height\":611},{\"@type\":\"BreadcrumbList\",\"@id\":\"https:\\\/\\\/schoenstatt.com\\\/es\\\/el-jardin-de-maria-y-la-ecologia-de-la-resurreccion\\\/#breadcrumb\",\"itemListElement\":[{\"@type\":\"ListItem\",\"position\":1,\"name\":\"Portada\",\"item\":\"https:\\\/\\\/schoenstatt.com\\\/es\\\/home\\\/\"},{\"@type\":\"ListItem\",\"position\":2,\"name\":\"El Jard\u00edn de Mar\u00eda y la Ecolog\u00eda de la Resurrecci\u00f3n\"}]},{\"@type\":\"WebSite\",\"@id\":\"https:\\\/\\\/schoenstatt.com\\\/es\\\/#website\",\"url\":\"https:\\\/\\\/schoenstatt.com\\\/es\\\/\",\"name\":\"Schoenstatt\",\"description\":\"Apostolic Movement\",\"publisher\":{\"@id\":\"https:\\\/\\\/schoenstatt.com\\\/es\\\/#organization\"},\"potentialAction\":[{\"@type\":\"SearchAction\",\"target\":{\"@type\":\"EntryPoint\",\"urlTemplate\":\"https:\\\/\\\/schoenstatt.com\\\/es\\\/?s={search_term_string}\"},\"query-input\":{\"@type\":\"PropertyValueSpecification\",\"valueRequired\":true,\"valueName\":\"search_term_string\"}}],\"inLanguage\":\"es\"},{\"@type\":\"Organization\",\"@id\":\"https:\\\/\\\/schoenstatt.com\\\/es\\\/#organization\",\"name\":\"Schoenstatt\",\"url\":\"https:\\\/\\\/schoenstatt.com\\\/es\\\/\",\"logo\":{\"@type\":\"ImageObject\",\"inLanguage\":\"es\",\"@id\":\"https:\\\/\\\/schoenstatt.com\\\/es\\\/#\\\/schema\\\/logo\\\/image\\\/\",\"url\":\"https:\\\/\\\/schoenstatt.com\\\/wp-content\\\/uploads\\\/2025\\\/04\\\/logo-schoenstatt-white-696x696-1.png\",\"contentUrl\":\"https:\\\/\\\/schoenstatt.com\\\/wp-content\\\/uploads\\\/2025\\\/04\\\/logo-schoenstatt-white-696x696-1.png\",\"width\":696,\"height\":694,\"caption\":\"Schoenstatt\"},\"image\":{\"@id\":\"https:\\\/\\\/schoenstatt.com\\\/es\\\/#\\\/schema\\\/logo\\\/image\\\/\"}},{\"@type\":\"Person\",\"@id\":\"https:\\\/\\\/schoenstatt.com\\\/es\\\/#\\\/schema\\\/person\\\/5158877ad4acae98b34daaeef2a1ce6e\",\"name\":\"Karen Bueno\",\"image\":{\"@type\":\"ImageObject\",\"inLanguage\":\"es\",\"@id\":\"https:\\\/\\\/secure.gravatar.com\\\/avatar\\\/f9f4b823873154269d2b2130f195f6d41037dd0d7fc5f3cacb5c846bae70d66b?s=96&d=mm&r=g\",\"url\":\"https:\\\/\\\/secure.gravatar.com\\\/avatar\\\/f9f4b823873154269d2b2130f195f6d41037dd0d7fc5f3cacb5c846bae70d66b?s=96&d=mm&r=g\",\"contentUrl\":\"https:\\\/\\\/secure.gravatar.com\\\/avatar\\\/f9f4b823873154269d2b2130f195f6d41037dd0d7fc5f3cacb5c846bae70d66b?s=96&d=mm&r=g\",\"caption\":\"Karen Bueno\"},\"url\":\"https:\\\/\\\/schoenstatt.com\\\/es\\\/author\\\/karen-bueno\\\/\"}]}<\/script>\n<!-- \/ Yoast SEO Premium plugin. -->","yoast_head_json":{"title":"El Jard\u00edn de Mar\u00eda y la Ecolog\u00eda de la Resurrecci\u00f3n - Schoenstatt","description":"\"Dios ama los jardines\": esto constituye una poderosa met\u00e1fora entre la acci\u00f3n divina y la creaci\u00f3n y cuidado de jardines","robots":{"index":"index","follow":"follow","max-snippet":"max-snippet:-1","max-image-preview":"max-image-preview:large","max-video-preview":"max-video-preview:-1"},"canonical":"https:\/\/schoenstatt.com\/es\/el-jardin-de-maria-y-la-ecologia-de-la-resurreccion\/","og_locale":"es_ES","og_type":"article","og_title":"El Jard\u00edn de Mar\u00eda y la Ecolog\u00eda de la Resurrecci\u00f3n","og_description":"\"Dios ama los jardines\": esto constituye una poderosa met\u00e1fora entre la acci\u00f3n divina y la creaci\u00f3n y cuidado de jardines","og_url":"https:\/\/schoenstatt.com\/es\/el-jardin-de-maria-y-la-ecologia-de-la-resurreccion\/","og_site_name":"Schoenstatt","article_published_time":"2025-05-12T12:38:54+00:00","article_modified_time":"2025-05-15T16:12:43+00:00","og_image":[{"width":1600,"height":611,"url":"https:\/\/schoenstatt.com\/wp-content\/uploads\/2025\/05\/Sustentabilidad-Mayo-2.jpeg","type":"image\/jpeg"}],"author":"Karen Bueno","twitter_card":"summary_large_image","twitter_misc":{"Escrito por":"Karen Bueno","Tiempo de lectura":"6 minutos"},"schema":{"@context":"https:\/\/schema.org","@graph":[{"@type":"Article","@id":"https:\/\/schoenstatt.com\/es\/el-jardin-de-maria-y-la-ecologia-de-la-resurreccion\/#article","isPartOf":{"@id":"https:\/\/schoenstatt.com\/es\/el-jardin-de-maria-y-la-ecologia-de-la-resurreccion\/"},"author":{"name":"Karen Bueno","@id":"https:\/\/schoenstatt.com\/es\/#\/schema\/person\/5158877ad4acae98b34daaeef2a1ce6e"},"headline":"El Jard\u00edn de Mar\u00eda y la Ecolog\u00eda de la Resurrecci\u00f3n","datePublished":"2025-05-12T12:38:54+00:00","dateModified":"2025-05-15T16:12:43+00:00","mainEntityOfPage":{"@id":"https:\/\/schoenstatt.com\/es\/el-jardin-de-maria-y-la-ecologia-de-la-resurreccion\/"},"wordCount":1074,"publisher":{"@id":"https:\/\/schoenstatt.com\/es\/#organization"},"image":{"@id":"https:\/\/schoenstatt.com\/es\/el-jardin-de-maria-y-la-ecologia-de-la-resurreccion\/#primaryimage"},"thumbnailUrl":"https:\/\/schoenstatt.com\/wp-content\/uploads\/2025\/05\/Sustentabilidad-Mayo-2.jpeg","keywords":["Ecolog\u00eda \/ Medio Ambiente"],"articleSection":["Medio Ambiente"],"inLanguage":"es"},{"@type":"WebPage","@id":"https:\/\/schoenstatt.com\/es\/el-jardin-de-maria-y-la-ecologia-de-la-resurreccion\/","url":"https:\/\/schoenstatt.com\/es\/el-jardin-de-maria-y-la-ecologia-de-la-resurreccion\/","name":"El Jard\u00edn de Mar\u00eda y la Ecolog\u00eda de la Resurrecci\u00f3n - Schoenstatt","isPartOf":{"@id":"https:\/\/schoenstatt.com\/es\/#website"},"primaryImageOfPage":{"@id":"https:\/\/schoenstatt.com\/es\/el-jardin-de-maria-y-la-ecologia-de-la-resurreccion\/#primaryimage"},"image":{"@id":"https:\/\/schoenstatt.com\/es\/el-jardin-de-maria-y-la-ecologia-de-la-resurreccion\/#primaryimage"},"thumbnailUrl":"https:\/\/schoenstatt.com\/wp-content\/uploads\/2025\/05\/Sustentabilidad-Mayo-2.jpeg","datePublished":"2025-05-12T12:38:54+00:00","dateModified":"2025-05-15T16:12:43+00:00","description":"\"Dios ama los jardines\": esto constituye una poderosa met\u00e1fora entre la acci\u00f3n divina y la creaci\u00f3n y cuidado de jardines","breadcrumb":{"@id":"https:\/\/schoenstatt.com\/es\/el-jardin-de-maria-y-la-ecologia-de-la-resurreccion\/#breadcrumb"},"inLanguage":"es","potentialAction":[{"@type":"ReadAction","target":["https:\/\/schoenstatt.com\/es\/el-jardin-de-maria-y-la-ecologia-de-la-resurreccion\/"]}]},{"@type":"ImageObject","inLanguage":"es","@id":"https:\/\/schoenstatt.com\/es\/el-jardin-de-maria-y-la-ecologia-de-la-resurreccion\/#primaryimage","url":"https:\/\/schoenstatt.com\/wp-content\/uploads\/2025\/05\/Sustentabilidad-Mayo-2.jpeg","contentUrl":"https:\/\/schoenstatt.com\/wp-content\/uploads\/2025\/05\/Sustentabilidad-Mayo-2.jpeg","width":1600,"height":611},{"@type":"BreadcrumbList","@id":"https:\/\/schoenstatt.com\/es\/el-jardin-de-maria-y-la-ecologia-de-la-resurreccion\/#breadcrumb","itemListElement":[{"@type":"ListItem","position":1,"name":"Portada","item":"https:\/\/schoenstatt.com\/es\/home\/"},{"@type":"ListItem","position":2,"name":"El Jard\u00edn de Mar\u00eda y la Ecolog\u00eda de la Resurrecci\u00f3n"}]},{"@type":"WebSite","@id":"https:\/\/schoenstatt.com\/es\/#website","url":"https:\/\/schoenstatt.com\/es\/","name":"Schoenstatt","description":"Apostolic Movement","publisher":{"@id":"https:\/\/schoenstatt.com\/es\/#organization"},"potentialAction":[{"@type":"SearchAction","target":{"@type":"EntryPoint","urlTemplate":"https:\/\/schoenstatt.com\/es\/?s={search_term_string}"},"query-input":{"@type":"PropertyValueSpecification","valueRequired":true,"valueName":"search_term_string"}}],"inLanguage":"es"},{"@type":"Organization","@id":"https:\/\/schoenstatt.com\/es\/#organization","name":"Schoenstatt","url":"https:\/\/schoenstatt.com\/es\/","logo":{"@type":"ImageObject","inLanguage":"es","@id":"https:\/\/schoenstatt.com\/es\/#\/schema\/logo\/image\/","url":"https:\/\/schoenstatt.com\/wp-content\/uploads\/2025\/04\/logo-schoenstatt-white-696x696-1.png","contentUrl":"https:\/\/schoenstatt.com\/wp-content\/uploads\/2025\/04\/logo-schoenstatt-white-696x696-1.png","width":696,"height":694,"caption":"Schoenstatt"},"image":{"@id":"https:\/\/schoenstatt.com\/es\/#\/schema\/logo\/image\/"}},{"@type":"Person","@id":"https:\/\/schoenstatt.com\/es\/#\/schema\/person\/5158877ad4acae98b34daaeef2a1ce6e","name":"Karen Bueno","image":{"@type":"ImageObject","inLanguage":"es","@id":"https:\/\/secure.gravatar.com\/avatar\/f9f4b823873154269d2b2130f195f6d41037dd0d7fc5f3cacb5c846bae70d66b?s=96&d=mm&r=g","url":"https:\/\/secure.gravatar.com\/avatar\/f9f4b823873154269d2b2130f195f6d41037dd0d7fc5f3cacb5c846bae70d66b?s=96&d=mm&r=g","contentUrl":"https:\/\/secure.gravatar.com\/avatar\/f9f4b823873154269d2b2130f195f6d41037dd0d7fc5f3cacb5c846bae70d66b?s=96&d=mm&r=g","caption":"Karen Bueno"},"url":"https:\/\/schoenstatt.com\/es\/author\/karen-bueno\/"}]}},"_links":{"self":[{"href":"https:\/\/schoenstatt.com\/es\/wp-json\/wp\/v2\/posts\/53665","targetHints":{"allow":["GET"]}}],"collection":[{"href":"https:\/\/schoenstatt.com\/es\/wp-json\/wp\/v2\/posts"}],"about":[{"href":"https:\/\/schoenstatt.com\/es\/wp-json\/wp\/v2\/types\/post"}],"author":[{"embeddable":true,"href":"https:\/\/schoenstatt.com\/es\/wp-json\/wp\/v2\/users\/3"}],"replies":[{"embeddable":true,"href":"https:\/\/schoenstatt.com\/es\/wp-json\/wp\/v2\/comments?post=53665"}],"version-history":[{"count":2,"href":"https:\/\/schoenstatt.com\/es\/wp-json\/wp\/v2\/posts\/53665\/revisions"}],"predecessor-version":[{"id":53674,"href":"https:\/\/schoenstatt.com\/es\/wp-json\/wp\/v2\/posts\/53665\/revisions\/53674"}],"wp:featuredmedia":[{"embeddable":true,"href":"https:\/\/schoenstatt.com\/es\/wp-json\/wp\/v2\/media\/53661"}],"wp:attachment":[{"href":"https:\/\/schoenstatt.com\/es\/wp-json\/wp\/v2\/media?parent=53665"}],"wp:term":[{"taxonomy":"category","embeddable":true,"href":"https:\/\/schoenstatt.com\/es\/wp-json\/wp\/v2\/categories?post=53665"},{"taxonomy":"post_tag","embeddable":true,"href":"https:\/\/schoenstatt.com\/es\/wp-json\/wp\/v2\/tags?post=53665"}],"curies":[{"name":"wp","href":"https:\/\/api.w.org\/{rel}","templated":true}]}}