{"id":53561,"date":"2025-05-08T03:05:00","date_gmt":"2025-05-08T01:05:00","guid":{"rendered":"https:\/\/schoenstatt.com\/?p=53561"},"modified":"2025-08-16T03:56:15","modified_gmt":"2025-08-16T01:56:15","slug":"bellavista-celebra-con-gratitud-y-esperanza-el-retorno-de-la-mater-a-su-santuario","status":"publish","type":"post","link":"https:\/\/schoenstatt.com\/es\/bellavista-celebra-con-gratitud-y-esperanza-el-retorno-de-la-mater-a-su-santuario\/","title":{"rendered":"Bellavista celebra con gratitud y esperanza el retorno de la Mater a su Santuario"},"content":{"rendered":"\n<p>El pasado 12 de abril, cerca de 2 mil personas se reunieron en Bellavista para celebrar con alegr\u00eda y emoci\u00f3n el t\u00e9rmino de la primera etapa de renovaci\u00f3n de Bellavista tras <a href=\"https:\/\/schoenstatt.com\/es\/catastrofe-natural-una-tormenta-causa-graves-danos-en-el-santuario-de-bellavista\/\">los da\u00f1os sufridos por el temporal<\/a> ocurrido en agosto de 2024.<\/p>\n\n\n\n<p>No obstante, los mismos eventos que generaron el cierre del Santuario y el dolor de tantos peregrinos y miembros de la Familia, se transformaron tambi\u00e9n en un tiempo de gracias, de encuentro y renovaci\u00f3n.<\/p>\n\n\n\n<p>Lo que parec\u00eda un gran desaf\u00edo, se convirti\u00f3 en una oportunidad para fortalecer los v\u00ednculos entre personas, comunidades y familias de todo Chile y el mundo con el Cen\u00e1culo, convirti\u00e9ndose en un momento de profundo significado para toda la Familia de Schoenstatt y para muchos peregrinos.<\/p>\n\n\n\n<figure class=\"wp-block-image aligncenter size-full\"><img fetchpriority=\"high\" decoding=\"async\" width=\"2048\" height=\"1152\" src=\"https:\/\/schoenstatt.com\/wp-content\/uploads\/2025\/05\/Bellavista-Schoenstatt-Shrine-Chile.jpg\" alt=\"\" class=\"wp-image-53531\" srcset=\"https:\/\/schoenstatt.com\/wp-content\/uploads\/2025\/05\/Bellavista-Schoenstatt-Shrine-Chile.jpg 2048w, https:\/\/schoenstatt.com\/wp-content\/uploads\/2025\/05\/Bellavista-Schoenstatt-Shrine-Chile-768x432.jpg 768w, https:\/\/schoenstatt.com\/wp-content\/uploads\/2025\/05\/Bellavista-Schoenstatt-Shrine-Chile-1536x864.jpg 1536w\" sizes=\"(max-width: 2048px) 100vw, 2048px\" \/><\/figure>\n\n\n\n<h3 class=\"wp-block-heading\" id=\"h-la-familia-unida\">La Familia Unida<\/h3>\n\n\n\n<p>La reapertura del Santuario de Bellavista se celebr\u00f3 con mucha alegr\u00eda y devoci\u00f3n.<\/p>\n\n\n\n<p>Hasta la comuna de la Florida, donde se emplaza el Cen\u00e1culo, llegaron peregrinos y familias de diferentes santuarios, comunidades y ciudades de todo pa\u00eds, para reencontrarse con la Mater, su misi\u00f3n y este lugar santo e hist\u00f3rico para Schoenstatt.<\/p>\n\n\n\n<p>Vicente Riquelme, miembro de la Juventud de Bellavista y de Pastoral, recuerda este momento como un \u201cgran abrazo de la Mater y una gran alegr\u00eda volver a verla en su hogar\u201d.<\/p>\n\n\n\n<figure class=\"wp-block-image aligncenter size-full is-resized\"><img decoding=\"async\" width=\"1762\" height=\"2048\" src=\"https:\/\/schoenstatt.com\/wp-content\/uploads\/2025\/05\/MTA-Mother-of-Schoenstatt.jpg\" alt=\"\" class=\"wp-image-53536\" style=\"width:500px\" srcset=\"https:\/\/schoenstatt.com\/wp-content\/uploads\/2025\/05\/MTA-Mother-of-Schoenstatt.jpg 1762w, https:\/\/schoenstatt.com\/wp-content\/uploads\/2025\/05\/MTA-Mother-of-Schoenstatt-768x893.jpg 768w, https:\/\/schoenstatt.com\/wp-content\/uploads\/2025\/05\/MTA-Mother-of-Schoenstatt-1322x1536.jpg 1322w\" sizes=\"(max-width: 1762px) 100vw, 1762px\" \/><\/figure>\n\n\n\n<p>Yasna Aguirre y Sergio Brito, viajaron desde Curic\u00f3 con su familia y un grupo de m\u00e1s de 10 personas para estar presentes en este importante hito. \u201cNos sentimos \u00edntimamente ligados a Bellavista por ser el primer santuario de Chile. Lo que m\u00e1s me emocion\u00f3, fue imaginarme como si fuera el a\u00f1o 1949 y sentirme como un fundador, y ver c\u00f3mo las nuevas generaciones nos ponemos al servicio de Dios y de la Mater para estos nuevos tiempos\u201d, coment\u00f3 Sergio.<\/p>\n\n\n\n<p>\u201cPara mi Bellavista es nuestro hogar, de donde la Mater irradia las gracias a todos los dem\u00e1s santuarios y nos sentimos familia. Fue un d\u00eda de mucha alegr\u00eda, \u00a1como revivir el 31 de mayo!! Donde nuestra alianza se renov\u00f3 y nos llen\u00f3 de fe y esperanza\u201d, coment\u00f3 Yasna.<\/p>\n\n\n\n<p>Desde San Fernando, tambi\u00e9n lleg\u00f3 una delegaci\u00f3n de familias del Santuario Las Rosas de Mar\u00eda que se organizaron en diferentes autos para viajar hasta Santiago. \u201cPara nosotros Bellavista es lo m\u00e1s cercano al padre Kentenich. Fue impactante ver el lugar sin sus \u00e1rboles, es distinto, pero es nuestro santuario. Fue todo muy emocionante. El momento en que llega la Mater, ver la cantidad de gente. La preparaci\u00f3n estuvo maravillosa\u201d, coment\u00f3 Patricia Rivera, coordinadora de Familias.<\/p>\n\n\n\n<figure class=\"wp-block-gallery has-nested-images columns-default is-cropped wp-block-gallery-1 is-layout-flex wp-block-gallery-is-layout-flex\">\n<figure class=\"wp-block-image size-large\"><img decoding=\"async\" width=\"2048\" height=\"1536\" data-id=\"53544\" src=\"https:\/\/schoenstatt.com\/wp-content\/uploads\/2025\/05\/MTA-Mother-of-Schoenstatt-2.jpg\" alt=\"\" class=\"wp-image-53544\" srcset=\"https:\/\/schoenstatt.com\/wp-content\/uploads\/2025\/05\/MTA-Mother-of-Schoenstatt-2.jpg 2048w, https:\/\/schoenstatt.com\/wp-content\/uploads\/2025\/05\/MTA-Mother-of-Schoenstatt-2-768x576.jpg 768w, https:\/\/schoenstatt.com\/wp-content\/uploads\/2025\/05\/MTA-Mother-of-Schoenstatt-2-1536x1152.jpg 1536w\" sizes=\"(max-width: 2048px) 100vw, 2048px\" \/><\/figure>\n\n\n\n<figure class=\"wp-block-image size-large\"><img loading=\"lazy\" decoding=\"async\" width=\"2048\" height=\"1536\" data-id=\"53541\" src=\"https:\/\/schoenstatt.com\/wp-content\/uploads\/2025\/05\/MTA-Mother-of-Schoenstatt-Bellavista.jpg\" alt=\"\" class=\"wp-image-53541\" srcset=\"https:\/\/schoenstatt.com\/wp-content\/uploads\/2025\/05\/MTA-Mother-of-Schoenstatt-Bellavista.jpg 2048w, https:\/\/schoenstatt.com\/wp-content\/uploads\/2025\/05\/MTA-Mother-of-Schoenstatt-Bellavista-768x576.jpg 768w, https:\/\/schoenstatt.com\/wp-content\/uploads\/2025\/05\/MTA-Mother-of-Schoenstatt-Bellavista-1536x1152.jpg 1536w\" sizes=\"(max-width: 2048px) 100vw, 2048px\" \/><\/figure>\n<\/figure>\n\n\n\n<h3 class=\"wp-block-heading\" id=\"h-la-segunda-etapa-un-paisaje-con-sentido-y-transformacion\">La segunda etapa: un paisaje con sentido y transformaci\u00f3n<\/h3>\n\n\n\n<p>A partir de ahora, Bellavista se prepara para dar un nuevo paso en su proceso de renovaci\u00f3n. El Santuario no es solo un lugar de recogimiento, sino tambi\u00e9n un punto de encuentro vivo para familias, trabajadores, personas mayores, j\u00f3venes y ni\u00f1os, quienes encuentran aqu\u00ed una conexi\u00f3n con Dios, con la Mater, con su propia espiritualidad, y tambi\u00e9n con la naturaleza y la creaci\u00f3n.<\/p>\n\n\n\n<p>La obra central de esta segunda fase es la implementaci\u00f3n del proyecto de paisajismo, dise\u00f1ado con la intenci\u00f3n de expresar simb\u00f3licamente las tres gracias del Santuario: Acogida, Transformaci\u00f3n y Env\u00edo, que se logra mediante su composici\u00f3n y la cuidadosa selecci\u00f3n de las especies que lo conforman.<\/p>\n\n\n\n<p>Seg\u00fan explica el encargado del proyecto de paisajismo, H\u00e9ctor Reyes, a cada lado del Santuario, se dispondr\u00e1n hileras de romeros Tuscani que simb\u00f3licamente abrazar\u00e1n al peregrino, creando un gesto de acogida, con sus l\u00edneas de verde persistente y floraci\u00f3n azul cobalto, a finales del invierno. La transformaci\u00f3n se expresar\u00e1 a trav\u00e9s del crecimiento pausado de \u00e1rboles y arbustos que, con el paso de los a\u00f1os, ir\u00e1n cambiando, reflejando un paisaje que, como la vida espiritual, nunca es est\u00e1tico.<\/p>\n\n\n\n<figure class=\"wp-block-image size-full\"><img loading=\"lazy\" decoding=\"async\" width=\"1280\" height=\"552\" src=\"https:\/\/schoenstatt.com\/wp-content\/uploads\/2025\/05\/Bellavista-Schoenstatt-Shrine-Chile-2.jpg\" alt=\"\" class=\"wp-image-53551\" srcset=\"https:\/\/schoenstatt.com\/wp-content\/uploads\/2025\/05\/Bellavista-Schoenstatt-Shrine-Chile-2.jpg 1280w, https:\/\/schoenstatt.com\/wp-content\/uploads\/2025\/05\/Bellavista-Schoenstatt-Shrine-Chile-2-768x331.jpg 768w\" sizes=\"(max-width: 1280px) 100vw, 1280px\" \/><\/figure>\n\n\n\n<p><\/p>\n\n\n\n<figure class=\"wp-block-embed is-type-wp-embed is-provider-schoenstatt wp-block-embed-schoenstatt\"><div class=\"wp-block-embed__wrapper\">\n<blockquote class=\"wp-embedded-content\" data-secret=\"eQXmCVtsLd\"><a href=\"https:\/\/schoenstatt.com\/es\/catastrofe-natural-una-tormenta-causa-graves-danos-en-el-santuario-de-bellavista\/\">Cat\u00e1strofe natural: Una tormenta causa graves da\u00f1os en el Santuario de Bellavista<\/a><\/blockquote><iframe class=\"wp-embedded-content\" sandbox=\"allow-scripts\" security=\"restricted\" style=\"position: absolute; visibility: hidden;\" title=\"&#8220;Cat\u00e1strofe natural: Una tormenta causa graves da\u00f1os en el Santuario de Bellavista&#8221; &#8212; Schoenstatt\" src=\"https:\/\/schoenstatt.com\/es\/catastrofe-natural-una-tormenta-causa-graves-danos-en-el-santuario-de-bellavista\/embed\/#?secret=FVBkpAfquC#?secret=eQXmCVtsLd\" data-secret=\"eQXmCVtsLd\" width=\"600\" height=\"338\" frameborder=\"0\" marginwidth=\"0\" marginheight=\"0\" scrolling=\"no\"><\/iframe>\n<\/div><\/figure>\n","protected":false},"excerpt":{"rendered":"<p>El Santuario de Bellavista, en Chile, vuelve a abrir sus puertas en una emotiva ceremonia llena de vida y con m\u00e1s de 2000 personas.<\/p>\n","protected":false},"author":3,"featured_media":53535,"comment_status":"closed","ping_status":"closed","sticky":false,"template":"","format":"standard","meta":{"footnotes":""},"categories":[864],"tags":[959],"class_list":["post-53561","post","type-post","status-publish","format-standard","has-post-thumbnail","hentry","category-america-es","tag-bellavista-chile-es-es"],"yoast_head":"<!-- This site is optimized with the Yoast SEO Premium plugin v27.4 (Yoast SEO v27.4) - https:\/\/yoast.com\/product\/yoast-seo-premium-wordpress\/ -->\n<title>Bellavista celebra con gratitud y esperanza el retorno de la Mater a su Santuario<\/title>\n<meta name=\"description\" content=\"El Santuario de Bellavista, en Chile, vuelve a abrir sus puertas en una emotiva ceremonia llena de vida y con m\u00e1s de 2000 personas.\" \/>\n<meta name=\"robots\" content=\"index, follow, max-snippet:-1, max-image-preview:large, max-video-preview:-1\" \/>\n<link rel=\"canonical\" href=\"https:\/\/schoenstatt.com\/es\/bellavista-celebra-con-gratitud-y-esperanza-el-retorno-de-la-mater-a-su-santuario\/\" \/>\n<meta property=\"og:locale\" content=\"es_ES\" \/>\n<meta property=\"og:type\" content=\"article\" \/>\n<meta property=\"og:title\" content=\"Bellavista celebra con gratitud y esperanza el retorno de la Mater a su Santuario\" \/>\n<meta property=\"og:description\" content=\"El Santuario de Bellavista, en Chile, vuelve a abrir sus puertas en una emotiva ceremonia llena de vida y con m\u00e1s de 2000 personas.\" \/>\n<meta property=\"og:url\" content=\"https:\/\/schoenstatt.com\/es\/bellavista-celebra-con-gratitud-y-esperanza-el-retorno-de-la-mater-a-su-santuario\/\" \/>\n<meta property=\"og:site_name\" content=\"Schoenstatt\" \/>\n<meta property=\"article:published_time\" content=\"2025-05-08T01:05:00+00:00\" \/>\n<meta property=\"article:modified_time\" content=\"2025-08-16T01:56:15+00:00\" \/>\n<meta property=\"og:image\" content=\"https:\/\/schoenstatt.com\/wp-content\/uploads\/2025\/05\/Bellavista-Schoenstatt-Shrine-Chile.jpg\" \/>\n\t<meta property=\"og:image:width\" content=\"2048\" \/>\n\t<meta property=\"og:image:height\" content=\"1152\" \/>\n\t<meta property=\"og:image:type\" content=\"image\/jpeg\" \/>\n<meta name=\"author\" content=\"Karen Bueno\" \/>\n<meta name=\"twitter:card\" content=\"summary_large_image\" \/>\n<meta name=\"twitter:label1\" content=\"Escrito por\" \/>\n\t<meta name=\"twitter:data1\" content=\"Karen Bueno\" \/>\n\t<meta name=\"twitter:label2\" content=\"Tiempo de lectura\" \/>\n\t<meta name=\"twitter:data2\" content=\"4 minutos\" \/>\n<script type=\"application\/ld+json\" class=\"yoast-schema-graph\">{\"@context\":\"https:\\\/\\\/schema.org\",\"@graph\":[{\"@type\":\"Article\",\"@id\":\"https:\\\/\\\/schoenstatt.com\\\/es\\\/bellavista-celebra-con-gratitud-y-esperanza-el-retorno-de-la-mater-a-su-santuario\\\/#article\",\"isPartOf\":{\"@id\":\"https:\\\/\\\/schoenstatt.com\\\/es\\\/bellavista-celebra-con-gratitud-y-esperanza-el-retorno-de-la-mater-a-su-santuario\\\/\"},\"author\":{\"name\":\"Karen Bueno\",\"@id\":\"https:\\\/\\\/schoenstatt.com\\\/es\\\/#\\\/schema\\\/person\\\/5158877ad4acae98b34daaeef2a1ce6e\"},\"headline\":\"Bellavista celebra con gratitud y esperanza el retorno de la Mater a su Santuario\",\"datePublished\":\"2025-05-08T01:05:00+00:00\",\"dateModified\":\"2025-08-16T01:56:15+00:00\",\"mainEntityOfPage\":{\"@id\":\"https:\\\/\\\/schoenstatt.com\\\/es\\\/bellavista-celebra-con-gratitud-y-esperanza-el-retorno-de-la-mater-a-su-santuario\\\/\"},\"wordCount\":677,\"publisher\":{\"@id\":\"https:\\\/\\\/schoenstatt.com\\\/es\\\/#organization\"},\"image\":{\"@id\":\"https:\\\/\\\/schoenstatt.com\\\/es\\\/bellavista-celebra-con-gratitud-y-esperanza-el-retorno-de-la-mater-a-su-santuario\\\/#primaryimage\"},\"thumbnailUrl\":\"https:\\\/\\\/schoenstatt.com\\\/wp-content\\\/uploads\\\/2025\\\/05\\\/Bellavista-Schoenstatt-Shrine-Chile.jpg\",\"keywords\":[\"Bellavista - Chile\"],\"articleSection\":[\"Am\u00e9rica\"],\"inLanguage\":\"es\"},{\"@type\":\"WebPage\",\"@id\":\"https:\\\/\\\/schoenstatt.com\\\/es\\\/bellavista-celebra-con-gratitud-y-esperanza-el-retorno-de-la-mater-a-su-santuario\\\/\",\"url\":\"https:\\\/\\\/schoenstatt.com\\\/es\\\/bellavista-celebra-con-gratitud-y-esperanza-el-retorno-de-la-mater-a-su-santuario\\\/\",\"name\":\"Bellavista celebra con gratitud y esperanza el retorno de la Mater a su Santuario\",\"isPartOf\":{\"@id\":\"https:\\\/\\\/schoenstatt.com\\\/es\\\/#website\"},\"primaryImageOfPage\":{\"@id\":\"https:\\\/\\\/schoenstatt.com\\\/es\\\/bellavista-celebra-con-gratitud-y-esperanza-el-retorno-de-la-mater-a-su-santuario\\\/#primaryimage\"},\"image\":{\"@id\":\"https:\\\/\\\/schoenstatt.com\\\/es\\\/bellavista-celebra-con-gratitud-y-esperanza-el-retorno-de-la-mater-a-su-santuario\\\/#primaryimage\"},\"thumbnailUrl\":\"https:\\\/\\\/schoenstatt.com\\\/wp-content\\\/uploads\\\/2025\\\/05\\\/Bellavista-Schoenstatt-Shrine-Chile.jpg\",\"datePublished\":\"2025-05-08T01:05:00+00:00\",\"dateModified\":\"2025-08-16T01:56:15+00:00\",\"description\":\"El Santuario de Bellavista, en Chile, vuelve a abrir sus puertas en una emotiva ceremonia llena de vida y con m\u00e1s de 2000 personas.\",\"breadcrumb\":{\"@id\":\"https:\\\/\\\/schoenstatt.com\\\/es\\\/bellavista-celebra-con-gratitud-y-esperanza-el-retorno-de-la-mater-a-su-santuario\\\/#breadcrumb\"},\"inLanguage\":\"es\",\"potentialAction\":[{\"@type\":\"ReadAction\",\"target\":[\"https:\\\/\\\/schoenstatt.com\\\/es\\\/bellavista-celebra-con-gratitud-y-esperanza-el-retorno-de-la-mater-a-su-santuario\\\/\"]}]},{\"@type\":\"ImageObject\",\"inLanguage\":\"es\",\"@id\":\"https:\\\/\\\/schoenstatt.com\\\/es\\\/bellavista-celebra-con-gratitud-y-esperanza-el-retorno-de-la-mater-a-su-santuario\\\/#primaryimage\",\"url\":\"https:\\\/\\\/schoenstatt.com\\\/wp-content\\\/uploads\\\/2025\\\/05\\\/Bellavista-Schoenstatt-Shrine-Chile.jpg\",\"contentUrl\":\"https:\\\/\\\/schoenstatt.com\\\/wp-content\\\/uploads\\\/2025\\\/05\\\/Bellavista-Schoenstatt-Shrine-Chile.jpg\",\"width\":2048,\"height\":1152,\"caption\":\"DCIM127MEDIADJI_0981.JPG\"},{\"@type\":\"BreadcrumbList\",\"@id\":\"https:\\\/\\\/schoenstatt.com\\\/es\\\/bellavista-celebra-con-gratitud-y-esperanza-el-retorno-de-la-mater-a-su-santuario\\\/#breadcrumb\",\"itemListElement\":[{\"@type\":\"ListItem\",\"position\":1,\"name\":\"Portada\",\"item\":\"https:\\\/\\\/schoenstatt.com\\\/es\\\/home\\\/\"},{\"@type\":\"ListItem\",\"position\":2,\"name\":\"Bellavista celebra con gratitud y esperanza el retorno de la Mater a su Santuario\"}]},{\"@type\":\"WebSite\",\"@id\":\"https:\\\/\\\/schoenstatt.com\\\/es\\\/#website\",\"url\":\"https:\\\/\\\/schoenstatt.com\\\/es\\\/\",\"name\":\"Schoenstatt\",\"description\":\"Apostolic Movement\",\"publisher\":{\"@id\":\"https:\\\/\\\/schoenstatt.com\\\/es\\\/#organization\"},\"potentialAction\":[{\"@type\":\"SearchAction\",\"target\":{\"@type\":\"EntryPoint\",\"urlTemplate\":\"https:\\\/\\\/schoenstatt.com\\\/es\\\/?s={search_term_string}\"},\"query-input\":{\"@type\":\"PropertyValueSpecification\",\"valueRequired\":true,\"valueName\":\"search_term_string\"}}],\"inLanguage\":\"es\"},{\"@type\":\"Organization\",\"@id\":\"https:\\\/\\\/schoenstatt.com\\\/es\\\/#organization\",\"name\":\"Schoenstatt\",\"url\":\"https:\\\/\\\/schoenstatt.com\\\/es\\\/\",\"logo\":{\"@type\":\"ImageObject\",\"inLanguage\":\"es\",\"@id\":\"https:\\\/\\\/schoenstatt.com\\\/es\\\/#\\\/schema\\\/logo\\\/image\\\/\",\"url\":\"https:\\\/\\\/schoenstatt.com\\\/wp-content\\\/uploads\\\/2025\\\/04\\\/logo-schoenstatt-white-696x696-1.png\",\"contentUrl\":\"https:\\\/\\\/schoenstatt.com\\\/wp-content\\\/uploads\\\/2025\\\/04\\\/logo-schoenstatt-white-696x696-1.png\",\"width\":696,\"height\":694,\"caption\":\"Schoenstatt\"},\"image\":{\"@id\":\"https:\\\/\\\/schoenstatt.com\\\/es\\\/#\\\/schema\\\/logo\\\/image\\\/\"}},{\"@type\":\"Person\",\"@id\":\"https:\\\/\\\/schoenstatt.com\\\/es\\\/#\\\/schema\\\/person\\\/5158877ad4acae98b34daaeef2a1ce6e\",\"name\":\"Karen Bueno\",\"image\":{\"@type\":\"ImageObject\",\"inLanguage\":\"es\",\"@id\":\"https:\\\/\\\/secure.gravatar.com\\\/avatar\\\/f9f4b823873154269d2b2130f195f6d41037dd0d7fc5f3cacb5c846bae70d66b?s=96&d=mm&r=g\",\"url\":\"https:\\\/\\\/secure.gravatar.com\\\/avatar\\\/f9f4b823873154269d2b2130f195f6d41037dd0d7fc5f3cacb5c846bae70d66b?s=96&d=mm&r=g\",\"contentUrl\":\"https:\\\/\\\/secure.gravatar.com\\\/avatar\\\/f9f4b823873154269d2b2130f195f6d41037dd0d7fc5f3cacb5c846bae70d66b?s=96&d=mm&r=g\",\"caption\":\"Karen Bueno\"},\"url\":\"https:\\\/\\\/schoenstatt.com\\\/es\\\/author\\\/karen-bueno\\\/\"}]}<\/script>\n<!-- \/ Yoast SEO Premium plugin. -->","yoast_head_json":{"title":"Bellavista celebra con gratitud y esperanza el retorno de la Mater a su Santuario","description":"El Santuario de Bellavista, en Chile, vuelve a abrir sus puertas en una emotiva ceremonia llena de vida y con m\u00e1s de 2000 personas.","robots":{"index":"index","follow":"follow","max-snippet":"max-snippet:-1","max-image-preview":"max-image-preview:large","max-video-preview":"max-video-preview:-1"},"canonical":"https:\/\/schoenstatt.com\/es\/bellavista-celebra-con-gratitud-y-esperanza-el-retorno-de-la-mater-a-su-santuario\/","og_locale":"es_ES","og_type":"article","og_title":"Bellavista celebra con gratitud y esperanza el retorno de la Mater a su Santuario","og_description":"El Santuario de Bellavista, en Chile, vuelve a abrir sus puertas en una emotiva ceremonia llena de vida y con m\u00e1s de 2000 personas.","og_url":"https:\/\/schoenstatt.com\/es\/bellavista-celebra-con-gratitud-y-esperanza-el-retorno-de-la-mater-a-su-santuario\/","og_site_name":"Schoenstatt","article_published_time":"2025-05-08T01:05:00+00:00","article_modified_time":"2025-08-16T01:56:15+00:00","og_image":[{"url":"https:\/\/schoenstatt.com\/wp-content\/uploads\/2025\/05\/Bellavista-Schoenstatt-Shrine-Chile.jpg","width":2048,"height":1152,"type":"image\/jpeg"}],"author":"Karen Bueno","twitter_card":"summary_large_image","twitter_misc":{"Escrito por":"Karen Bueno","Tiempo de lectura":"4 minutos"},"schema":{"@context":"https:\/\/schema.org","@graph":[{"@type":"Article","@id":"https:\/\/schoenstatt.com\/es\/bellavista-celebra-con-gratitud-y-esperanza-el-retorno-de-la-mater-a-su-santuario\/#article","isPartOf":{"@id":"https:\/\/schoenstatt.com\/es\/bellavista-celebra-con-gratitud-y-esperanza-el-retorno-de-la-mater-a-su-santuario\/"},"author":{"name":"Karen Bueno","@id":"https:\/\/schoenstatt.com\/es\/#\/schema\/person\/5158877ad4acae98b34daaeef2a1ce6e"},"headline":"Bellavista celebra con gratitud y esperanza el retorno de la Mater a su Santuario","datePublished":"2025-05-08T01:05:00+00:00","dateModified":"2025-08-16T01:56:15+00:00","mainEntityOfPage":{"@id":"https:\/\/schoenstatt.com\/es\/bellavista-celebra-con-gratitud-y-esperanza-el-retorno-de-la-mater-a-su-santuario\/"},"wordCount":677,"publisher":{"@id":"https:\/\/schoenstatt.com\/es\/#organization"},"image":{"@id":"https:\/\/schoenstatt.com\/es\/bellavista-celebra-con-gratitud-y-esperanza-el-retorno-de-la-mater-a-su-santuario\/#primaryimage"},"thumbnailUrl":"https:\/\/schoenstatt.com\/wp-content\/uploads\/2025\/05\/Bellavista-Schoenstatt-Shrine-Chile.jpg","keywords":["Bellavista - Chile"],"articleSection":["Am\u00e9rica"],"inLanguage":"es"},{"@type":"WebPage","@id":"https:\/\/schoenstatt.com\/es\/bellavista-celebra-con-gratitud-y-esperanza-el-retorno-de-la-mater-a-su-santuario\/","url":"https:\/\/schoenstatt.com\/es\/bellavista-celebra-con-gratitud-y-esperanza-el-retorno-de-la-mater-a-su-santuario\/","name":"Bellavista celebra con gratitud y esperanza el retorno de la Mater a su Santuario","isPartOf":{"@id":"https:\/\/schoenstatt.com\/es\/#website"},"primaryImageOfPage":{"@id":"https:\/\/schoenstatt.com\/es\/bellavista-celebra-con-gratitud-y-esperanza-el-retorno-de-la-mater-a-su-santuario\/#primaryimage"},"image":{"@id":"https:\/\/schoenstatt.com\/es\/bellavista-celebra-con-gratitud-y-esperanza-el-retorno-de-la-mater-a-su-santuario\/#primaryimage"},"thumbnailUrl":"https:\/\/schoenstatt.com\/wp-content\/uploads\/2025\/05\/Bellavista-Schoenstatt-Shrine-Chile.jpg","datePublished":"2025-05-08T01:05:00+00:00","dateModified":"2025-08-16T01:56:15+00:00","description":"El Santuario de Bellavista, en Chile, vuelve a abrir sus puertas en una emotiva ceremonia llena de vida y con m\u00e1s de 2000 personas.","breadcrumb":{"@id":"https:\/\/schoenstatt.com\/es\/bellavista-celebra-con-gratitud-y-esperanza-el-retorno-de-la-mater-a-su-santuario\/#breadcrumb"},"inLanguage":"es","potentialAction":[{"@type":"ReadAction","target":["https:\/\/schoenstatt.com\/es\/bellavista-celebra-con-gratitud-y-esperanza-el-retorno-de-la-mater-a-su-santuario\/"]}]},{"@type":"ImageObject","inLanguage":"es","@id":"https:\/\/schoenstatt.com\/es\/bellavista-celebra-con-gratitud-y-esperanza-el-retorno-de-la-mater-a-su-santuario\/#primaryimage","url":"https:\/\/schoenstatt.com\/wp-content\/uploads\/2025\/05\/Bellavista-Schoenstatt-Shrine-Chile.jpg","contentUrl":"https:\/\/schoenstatt.com\/wp-content\/uploads\/2025\/05\/Bellavista-Schoenstatt-Shrine-Chile.jpg","width":2048,"height":1152,"caption":"DCIM127MEDIADJI_0981.JPG"},{"@type":"BreadcrumbList","@id":"https:\/\/schoenstatt.com\/es\/bellavista-celebra-con-gratitud-y-esperanza-el-retorno-de-la-mater-a-su-santuario\/#breadcrumb","itemListElement":[{"@type":"ListItem","position":1,"name":"Portada","item":"https:\/\/schoenstatt.com\/es\/home\/"},{"@type":"ListItem","position":2,"name":"Bellavista celebra con gratitud y esperanza el retorno de la Mater a su Santuario"}]},{"@type":"WebSite","@id":"https:\/\/schoenstatt.com\/es\/#website","url":"https:\/\/schoenstatt.com\/es\/","name":"Schoenstatt","description":"Apostolic Movement","publisher":{"@id":"https:\/\/schoenstatt.com\/es\/#organization"},"potentialAction":[{"@type":"SearchAction","target":{"@type":"EntryPoint","urlTemplate":"https:\/\/schoenstatt.com\/es\/?s={search_term_string}"},"query-input":{"@type":"PropertyValueSpecification","valueRequired":true,"valueName":"search_term_string"}}],"inLanguage":"es"},{"@type":"Organization","@id":"https:\/\/schoenstatt.com\/es\/#organization","name":"Schoenstatt","url":"https:\/\/schoenstatt.com\/es\/","logo":{"@type":"ImageObject","inLanguage":"es","@id":"https:\/\/schoenstatt.com\/es\/#\/schema\/logo\/image\/","url":"https:\/\/schoenstatt.com\/wp-content\/uploads\/2025\/04\/logo-schoenstatt-white-696x696-1.png","contentUrl":"https:\/\/schoenstatt.com\/wp-content\/uploads\/2025\/04\/logo-schoenstatt-white-696x696-1.png","width":696,"height":694,"caption":"Schoenstatt"},"image":{"@id":"https:\/\/schoenstatt.com\/es\/#\/schema\/logo\/image\/"}},{"@type":"Person","@id":"https:\/\/schoenstatt.com\/es\/#\/schema\/person\/5158877ad4acae98b34daaeef2a1ce6e","name":"Karen Bueno","image":{"@type":"ImageObject","inLanguage":"es","@id":"https:\/\/secure.gravatar.com\/avatar\/f9f4b823873154269d2b2130f195f6d41037dd0d7fc5f3cacb5c846bae70d66b?s=96&d=mm&r=g","url":"https:\/\/secure.gravatar.com\/avatar\/f9f4b823873154269d2b2130f195f6d41037dd0d7fc5f3cacb5c846bae70d66b?s=96&d=mm&r=g","contentUrl":"https:\/\/secure.gravatar.com\/avatar\/f9f4b823873154269d2b2130f195f6d41037dd0d7fc5f3cacb5c846bae70d66b?s=96&d=mm&r=g","caption":"Karen Bueno"},"url":"https:\/\/schoenstatt.com\/es\/author\/karen-bueno\/"}]}},"_links":{"self":[{"href":"https:\/\/schoenstatt.com\/es\/wp-json\/wp\/v2\/posts\/53561","targetHints":{"allow":["GET"]}}],"collection":[{"href":"https:\/\/schoenstatt.com\/es\/wp-json\/wp\/v2\/posts"}],"about":[{"href":"https:\/\/schoenstatt.com\/es\/wp-json\/wp\/v2\/types\/post"}],"author":[{"embeddable":true,"href":"https:\/\/schoenstatt.com\/es\/wp-json\/wp\/v2\/users\/3"}],"replies":[{"embeddable":true,"href":"https:\/\/schoenstatt.com\/es\/wp-json\/wp\/v2\/comments?post=53561"}],"version-history":[{"count":2,"href":"https:\/\/schoenstatt.com\/es\/wp-json\/wp\/v2\/posts\/53561\/revisions"}],"predecessor-version":[{"id":62079,"href":"https:\/\/schoenstatt.com\/es\/wp-json\/wp\/v2\/posts\/53561\/revisions\/62079"}],"wp:featuredmedia":[{"embeddable":true,"href":"https:\/\/schoenstatt.com\/es\/wp-json\/wp\/v2\/media\/53535"}],"wp:attachment":[{"href":"https:\/\/schoenstatt.com\/es\/wp-json\/wp\/v2\/media?parent=53561"}],"wp:term":[{"taxonomy":"category","embeddable":true,"href":"https:\/\/schoenstatt.com\/es\/wp-json\/wp\/v2\/categories?post=53561"},{"taxonomy":"post_tag","embeddable":true,"href":"https:\/\/schoenstatt.com\/es\/wp-json\/wp\/v2\/tags?post=53561"}],"curies":[{"name":"wp","href":"https:\/\/api.w.org\/{rel}","templated":true}]}}