{"id":52698,"date":"2022-01-29T08:30:11","date_gmt":"2022-01-29T07:30:11","guid":{"rendered":"https:\/\/schoenstattdev.wpenginepowered.com\/?p=23520"},"modified":"2025-05-15T01:45:31","modified_gmt":"2025-05-14T23:45:31","slug":"un-sacerdote-de-schoenstatt-suizo-construye-un-santuario-nacional-en-camerun","status":"publish","type":"post","link":"https:\/\/schoenstatt.com\/es\/un-sacerdote-de-schoenstatt-suizo-construye-un-santuario-nacional-en-camerun\/","title":{"rendered":"Un sacerdote de Schoenstatt suizo construye un santuario nacional en Camer\u00fan"},"content":{"rendered":"<p>El Padre Alois Baumberger, misionero suizo que pertenece a la<a href=\"http:\/\/www.schvivo.com\/9-federacion-de-sacerdotes-diocesanos-de-schoenstatt\/media\/2014-09-07\/213517.html\"> Federaci\u00f3n de Sacerdotes de Schoenstatt<\/a>, ha vivido y trabajado en \u00c1frica durante m\u00e1s de 40 a\u00f1os. Hace diez a\u00f1os, los obispos cameruneses le encargaron la construcci\u00f3n de un lugar de peregrinaci\u00f3n en Marza, proyecto que ya hab\u00eda sido entregado en 1949 al santo obispo Yves Plumey, quien lo inici\u00f3. Luego fue asesinado y as\u00ed el proyecto qued\u00f3 en el olvido. En los \u00faltimos diez a\u00f1os, el P. Alois ha construido este centro diocesano de peregrinaci\u00f3n Marza, lo que no solo significa construir una gran iglesia de peregrinaci\u00f3n y crear instalaciones para la peregrinaci\u00f3n y para conferencias, sino tambi\u00e9n atender a la gente en sus muchas necesidades y estar all\u00ed para sus preguntas y dificultades.<\/p>\n<p>Los peregrinos contribuyen limpiando, desbrozando, ayudando a construir, cocinando, etc.<\/p>\n<h3>La espiritualidad de Schoenstatt integrada en el lugar de peregrinaci\u00f3n de Camer\u00fan<\/h3>\n<p>El Padre Alois ha aportado mucho con la espiritualidad de Schoenstatt. Los peregrinos est\u00e1n encantados por este lugar de peregrinaci\u00f3n, que no se construy\u00f3 por una aparici\u00f3n de Mar\u00eda, sino porque la gente encontr\u00f3 curaci\u00f3n interior, liberaci\u00f3n de la corrupci\u00f3n, encontr\u00f3 la paz interior, un trabajo, un embarazo, etc. Mar\u00eda, Nuestra Se\u00f1ora de los Ap\u00f3stoles -bajo esta advocaci\u00f3n se la venera en Marza- atrae a personas de todos los colores y afiliaciones religiosas y les proporciona hogar, seguridad, humildad y energ\u00eda creativa.<\/p>\n<h3>La 45\u00aa Conferencia Episcopal de Camer\u00fan visita el santuario de Marza<\/h3>\n<p><img fetchpriority=\"high\" decoding=\"async\" class=\"alignnone size-full wp-image-23541\" src=\"https:\/\/schoenstatt.com\/wp-content\/uploads\/2022\/01\/WhatsApp-Image-2022-01-14-at-17.00.27-1.jpeg\" alt=\"Santuario Camerun\" width=\"1000\" height=\"461\" \/><\/p>\n<p>En los \u00faltimos d\u00edas, la 45\u00aa Conferencia Episcopal de Camer\u00fan visit\u00f3 el santuario y quiso que el P. Alois le diera informaci\u00f3n espiritual e hist\u00f3rica sobre el lugar. El P. Alois escribe: \u00ab<em>Les regalamos un bast\u00f3n de peregrino, un paquete de artemisia -t\u00e9 medicinal natural- con la foto y el nombre de sus respectivas di\u00f3cesis impresos, y un ejemplar de las meditaciones de nuestro V\u00eda Crucis y Pascua, peque\u00f1as muestras que apreciaron mucho. Todos quedaron muy impresionados por la residencia del obispo fundador Yves Plumey, donde falleci\u00f3 hace treinta a\u00f1os<\/em>\u00ab.<\/p>\n<h3>Palabras de bienvenida del P. Alois a los obispos de la 45\u00aa Conferencia Episcopal<\/h3>\n<p>Gracias a la Administraci\u00f3n de la Ciudad, que ha tomado valientemente la azada y el machete para allanar el camino para que vengan aqu\u00ed a Mar\u00eda, Nuestra Se\u00f1ora de los Ap\u00f3stoles, es que este encuentro es posible hoy.<\/p>\n<p>A menudo se representa a Mar\u00eda con una azada en la mano. En \u00c1frica, la azada no solo se utilizaba para escardar, sino tambi\u00e9n para amasar el barro y construir cosas nuevas.<\/p>\n<p>Como aqu\u00ed, en Marza, donde se est\u00e1 construyendo un centro de encuentro, formaci\u00f3n y peregrinaci\u00f3n en este monte santo que se presenta con sus instalaciones sociales, caritativas y culturales para un lugar de apostolado laico. Se trata del lugar para el santuario nacional.<\/p>\n<p>El Padre Alois dijo a los obispos: \u00ab<em>Ustedes y muchos otros est\u00e1n arraigados en la historia de la evangelizaci\u00f3n y saben que debe haber iglesias y santuarios &#8211; as\u00ed como templos, mezquitas y pagodas &#8211; que han sido un centro de ense\u00f1anza de la sabidur\u00eda de su religi\u00f3n en su propia historia. No son los edificios que llevan el mensaje, sino que son lugares firmemente establecidos desde los que se transmite a todas las generaciones, de generaci\u00f3n en generaci\u00f3n\u00bb<\/em>.<\/p>\n<p>El P. Alois coment\u00f3 que el obispo predecesor de esta di\u00f3cesis hab\u00eda expresado del santuario de aqu\u00ed: \u00abEsto no es un lugar de peregrinaci\u00f3n, \u00a1es la ermita del para\u00edso!\u00bb<\/p>\n<h3>La belleza del lugar eleva el alma a Dios<\/h3>\n<p><img decoding=\"async\" class=\"alignnone size-full wp-image-23545\" src=\"https:\/\/schoenstatt.com\/wp-content\/uploads\/2022\/01\/image001-1.jpg\" alt=\"Santuario Camerun\" width=\"1386\" height=\"1039\" \/><\/p>\n<p>Lo que llam\u00f3 la atenci\u00f3n en Marza, seg\u00fan el P. Alois Baumberger, es que los visitantes o peregrinos se sent\u00edan a menudo muy c\u00f3modos en ciertos lugares de este centro. Sintieron el aliento de un lugar sagrado. Se sent\u00edan atra\u00eddos y ten\u00edan el deseo de quedarse en estos lugares para regenerarse, hab\u00edan descubierto un lugar que enriquec\u00eda su alma. \u00ab<em>El hombre es un ser multidimensional y est\u00e1 envuelto en una esfera biodin\u00e1mica que le hace sensible para descubrir un lugar con el que se siente conectado o en comuni\u00f3n<\/em>\u00ab, expres\u00f3 el sacerdote.<\/p>\n<p>En este santuario nacional, dijo, se sienten las fuerzas especiales en torno al manantial que alimenta el pozo, pero tambi\u00e9n los \u00abguardianes del lugar\u00bb. Son formaciones rocosas que tienen el contorno de un rostro humano con ojos, orejas y boca. Los peregrinos dicen que cuando te acercas a ellos, te ven, te escuchan y te hacen preguntas como: \u00bfCu\u00e1l es el objetivo de tu presencia?<\/p>\n<p>Otros lugares de gracias son la Gruta de Mar\u00eda, la gran cruz, el Camino de Mar\u00eda y, sobre todo, el conjunto de picos y cuevas que se encuentran detr\u00e1s de la ermita, donde se puede encontrar muy bien la paz y la tranquilidad interior.<\/p>\n<p>Los grandes y peque\u00f1os lugares de peregrinaci\u00f3n de nuestra tierra, con sus puntos de energ\u00eda, de gracias, son como almacenes o bater\u00edas con gran poder, que se recargan una y otra vez con las visitas de los peregrinos y sus celebraciones.<\/p>\n<h3>Nada sin ti, nada sin nosotros<\/h3>\n<p><img decoding=\"async\" class=\"alignleft wp-image-23549 size-medium\" src=\"https:\/\/schoenstatt.com\/wp-content\/uploads\/2022\/01\/WhatsApp-Image-2022-01-19-at-14.15.42-1.jpeg\" alt=\"Santuario Camerun\" width=\"135\" height=\"300\" \/>En la estaci\u00f3n de las Bodas de Can\u00e1 se narra el Camino de Mar\u00eda que serpentea por la monta\u00f1a, donde los peregrinos pueden contemplar diversas estaciones de la vida de Mar\u00eda: \u00ab<em>El <a href=\"https:\/\/schoenstattdev.wpenginepowered.com\/es\/espiritualidad\/schoenstatt-en-camerun-construyendo-un-centro-de-peregrinacion-desde-el-alma-del-pueblo\/\">santuario de Marza<\/a> es un peque\u00f1o Can\u00e1, una sala de bodas donde comienza una nueva historia de amor. All\u00ed el vino nunca se agota porque muchos llenan sus tinajas; las llenan de confianza hasta que rebosan. Un Can\u00e1 donde la alegr\u00eda nunca se acaba porque muchos traen sus penas y dolores. El fuego del amor no se apaga porque muchas personas aportan su combustible, quiz\u00e1s el dolor experimentado, su valor para un nuevo comienzo. Donde el sentido m\u00e1s importante no se agota, porque el buen consejo nunca se escapa:<\/em> \u00ab<em>\u00a1Lo que te dice, hazlo!\u00bb. Porque el valor de la oraci\u00f3n confiada, el valor de nuestras m\u00e1s peque\u00f1as acciones, cuando se hacen con fe y amor, es grande. Nada es demasiado peque\u00f1o. Nada sin ti, nada sin nosotros<\/em>\u00ab.<\/p>\n<h3>Lugar donde se celebra la belleza, el silencio y la paz interior<\/h3>\n<p>El Santuario de Nuestra Se\u00f1ora de los Ap\u00f3stoles es un lugar donde se celebra la belleza, el silencio y la paz interior. Los que acuden al Santuario Mariano de Marza buscan alejarse de la monoton\u00eda de la vida cotidiana, de los acontecimientos rutinarios y dolorosos, buscan volver a los valores fundamentales. El peregrino busca orientaci\u00f3n, pide la intercesi\u00f3n para un proyecto cercano a su coraz\u00f3n, quiere ser curado de tormentos interiores o apoyado en un momento dif\u00edcil. Los peregrinos vienen por s\u00ed mismos, por las intenciones de los seres queridos o por la paz mundial. El santuario de Marza quiere ser un pelda\u00f1o en la vida, un punto de inflexi\u00f3n en el camino de los buscadores de sentido y de Dios, una historia de amor entre Dios y el hombre.<\/p>\n","protected":false},"excerpt":{"rendered":"<p>El P. Alois Baumberger recibi\u00f3 el encargo de los Obispos de Camer\u00fan de construir un centro de peregrinaci\u00f3n nacional. Trabaja con los peregrinos aplicando la espiritualidad de Schoenstatt, en cercan\u00eda con sus vivencias y necesidades.<\/p>\n","protected":false},"author":1,"featured_media":23534,"comment_status":"closed","ping_status":"closed","sticky":false,"template":"","format":"standard","meta":{"footnotes":""},"categories":[917],"tags":[],"class_list":["post-52698","post","type-post","status-publish","format-standard","has-post-thumbnail","hentry","category-espiritualidad-es"],"yoast_head":"<!-- This site is optimized with the Yoast SEO Premium plugin v27.4 (Yoast SEO v27.4) - https:\/\/yoast.com\/product\/yoast-seo-premium-wordpress\/ -->\n<title>Un sacerdote de Schoenstatt suizo construye un santuario nacional en Camer\u00fan - Schoenstatt<\/title>\n<meta name=\"description\" content=\"Lo que llam\u00f3 la atenci\u00f3n en Marza, seg\u00fan el P. Alois Baumberger, es que los peregrinos se sienten muy c\u00f3modos en este centro. Sienten el aliento de un lugar sagrado.\" \/>\n<meta name=\"robots\" content=\"index, follow, max-snippet:-1, max-image-preview:large, max-video-preview:-1\" \/>\n<link rel=\"canonical\" href=\"https:\/\/schoenstatt.com\/es\/un-sacerdote-de-schoenstatt-suizo-construye-un-santuario-nacional-en-camerun\/\" \/>\n<meta property=\"og:locale\" content=\"es_ES\" \/>\n<meta property=\"og:type\" content=\"article\" \/>\n<meta property=\"og:title\" content=\"Un sacerdote de Schoenstatt suizo construye un santuario nacional en Camer\u00fan\" \/>\n<meta property=\"og:description\" content=\"Lo que llam\u00f3 la atenci\u00f3n en Marza, seg\u00fan el P. Alois Baumberger, es que los peregrinos se sienten muy c\u00f3modos en este centro. Sienten el aliento de un lugar sagrado.\" \/>\n<meta property=\"og:url\" content=\"https:\/\/schoenstatt.com\/es\/un-sacerdote-de-schoenstatt-suizo-construye-un-santuario-nacional-en-camerun\/\" \/>\n<meta property=\"og:site_name\" content=\"Schoenstatt\" \/>\n<meta property=\"article:published_time\" content=\"2022-01-29T07:30:11+00:00\" \/>\n<meta property=\"article:modified_time\" content=\"2025-05-14T23:45:31+00:00\" \/>\n<meta property=\"og:image\" content=\"https:\/\/schoenstatt.com\/wp-content\/uploads\/2022\/01\/WhatsApp-Image-2022-01-19-at-14.22.04-1.jpeg\" \/>\n\t<meta property=\"og:image:width\" content=\"960\" \/>\n\t<meta property=\"og:image:height\" content=\"432\" \/>\n\t<meta property=\"og:image:type\" content=\"image\/jpeg\" \/>\n<meta name=\"author\" content=\"admin\" \/>\n<meta name=\"twitter:card\" content=\"summary_large_image\" \/>\n<meta name=\"twitter:label1\" content=\"Escrito por\" \/>\n\t<meta name=\"twitter:data1\" content=\"admin\" \/>\n\t<meta name=\"twitter:label2\" content=\"Tiempo de lectura\" \/>\n\t<meta name=\"twitter:data2\" content=\"6 minutos\" \/>\n<script type=\"application\/ld+json\" class=\"yoast-schema-graph\">{\"@context\":\"https:\\\/\\\/schema.org\",\"@graph\":[{\"@type\":\"Article\",\"@id\":\"https:\\\/\\\/schoenstatt.com\\\/es\\\/un-sacerdote-de-schoenstatt-suizo-construye-un-santuario-nacional-en-camerun\\\/#article\",\"isPartOf\":{\"@id\":\"https:\\\/\\\/schoenstatt.com\\\/es\\\/un-sacerdote-de-schoenstatt-suizo-construye-un-santuario-nacional-en-camerun\\\/\"},\"author\":{\"name\":\"admin\",\"@id\":\"https:\\\/\\\/schoenstatt.com\\\/es\\\/#\\\/schema\\\/person\\\/489465b1850e7b216fe2c10dfc262551\"},\"headline\":\"Un sacerdote de Schoenstatt suizo construye un santuario nacional en Camer\u00fan\",\"datePublished\":\"2022-01-29T07:30:11+00:00\",\"dateModified\":\"2025-05-14T23:45:31+00:00\",\"mainEntityOfPage\":{\"@id\":\"https:\\\/\\\/schoenstatt.com\\\/es\\\/un-sacerdote-de-schoenstatt-suizo-construye-un-santuario-nacional-en-camerun\\\/\"},\"wordCount\":1225,\"publisher\":{\"@id\":\"https:\\\/\\\/schoenstatt.com\\\/es\\\/#organization\"},\"image\":{\"@id\":\"https:\\\/\\\/schoenstatt.com\\\/es\\\/un-sacerdote-de-schoenstatt-suizo-construye-un-santuario-nacional-en-camerun\\\/#primaryimage\"},\"thumbnailUrl\":\"https:\\\/\\\/schoenstatt.com\\\/wp-content\\\/uploads\\\/2022\\\/01\\\/WhatsApp-Image-2022-01-19-at-14.22.04-1.jpeg\",\"articleSection\":[\"Espiritualidad\"],\"inLanguage\":\"es\"},{\"@type\":\"WebPage\",\"@id\":\"https:\\\/\\\/schoenstatt.com\\\/es\\\/un-sacerdote-de-schoenstatt-suizo-construye-un-santuario-nacional-en-camerun\\\/\",\"url\":\"https:\\\/\\\/schoenstatt.com\\\/es\\\/un-sacerdote-de-schoenstatt-suizo-construye-un-santuario-nacional-en-camerun\\\/\",\"name\":\"Un sacerdote de Schoenstatt suizo construye un santuario nacional en Camer\u00fan - Schoenstatt\",\"isPartOf\":{\"@id\":\"https:\\\/\\\/schoenstatt.com\\\/es\\\/#website\"},\"primaryImageOfPage\":{\"@id\":\"https:\\\/\\\/schoenstatt.com\\\/es\\\/un-sacerdote-de-schoenstatt-suizo-construye-un-santuario-nacional-en-camerun\\\/#primaryimage\"},\"image\":{\"@id\":\"https:\\\/\\\/schoenstatt.com\\\/es\\\/un-sacerdote-de-schoenstatt-suizo-construye-un-santuario-nacional-en-camerun\\\/#primaryimage\"},\"thumbnailUrl\":\"https:\\\/\\\/schoenstatt.com\\\/wp-content\\\/uploads\\\/2022\\\/01\\\/WhatsApp-Image-2022-01-19-at-14.22.04-1.jpeg\",\"datePublished\":\"2022-01-29T07:30:11+00:00\",\"dateModified\":\"2025-05-14T23:45:31+00:00\",\"description\":\"Lo que llam\u00f3 la atenci\u00f3n en Marza, seg\u00fan el P. Alois Baumberger, es que los peregrinos se sienten muy c\u00f3modos en este centro. Sienten el aliento de un lugar sagrado.\",\"breadcrumb\":{\"@id\":\"https:\\\/\\\/schoenstatt.com\\\/es\\\/un-sacerdote-de-schoenstatt-suizo-construye-un-santuario-nacional-en-camerun\\\/#breadcrumb\"},\"inLanguage\":\"es\",\"potentialAction\":[{\"@type\":\"ReadAction\",\"target\":[\"https:\\\/\\\/schoenstatt.com\\\/es\\\/un-sacerdote-de-schoenstatt-suizo-construye-un-santuario-nacional-en-camerun\\\/\"]}]},{\"@type\":\"ImageObject\",\"inLanguage\":\"es\",\"@id\":\"https:\\\/\\\/schoenstatt.com\\\/es\\\/un-sacerdote-de-schoenstatt-suizo-construye-un-santuario-nacional-en-camerun\\\/#primaryimage\",\"url\":\"https:\\\/\\\/schoenstatt.com\\\/wp-content\\\/uploads\\\/2022\\\/01\\\/WhatsApp-Image-2022-01-19-at-14.22.04-1.jpeg\",\"contentUrl\":\"https:\\\/\\\/schoenstatt.com\\\/wp-content\\\/uploads\\\/2022\\\/01\\\/WhatsApp-Image-2022-01-19-at-14.22.04-1.jpeg\",\"width\":960,\"height\":432,\"caption\":\"Heiliger Ort\"},{\"@type\":\"BreadcrumbList\",\"@id\":\"https:\\\/\\\/schoenstatt.com\\\/es\\\/un-sacerdote-de-schoenstatt-suizo-construye-un-santuario-nacional-en-camerun\\\/#breadcrumb\",\"itemListElement\":[{\"@type\":\"ListItem\",\"position\":1,\"name\":\"Portada\",\"item\":\"https:\\\/\\\/schoenstatt.com\\\/es\\\/home\\\/\"},{\"@type\":\"ListItem\",\"position\":2,\"name\":\"Un sacerdote de Schoenstatt suizo construye un santuario nacional en Camer\u00fan\"}]},{\"@type\":\"WebSite\",\"@id\":\"https:\\\/\\\/schoenstatt.com\\\/es\\\/#website\",\"url\":\"https:\\\/\\\/schoenstatt.com\\\/es\\\/\",\"name\":\"Schoenstatt\",\"description\":\"Apostolic Movement\",\"publisher\":{\"@id\":\"https:\\\/\\\/schoenstatt.com\\\/es\\\/#organization\"},\"potentialAction\":[{\"@type\":\"SearchAction\",\"target\":{\"@type\":\"EntryPoint\",\"urlTemplate\":\"https:\\\/\\\/schoenstatt.com\\\/es\\\/?s={search_term_string}\"},\"query-input\":{\"@type\":\"PropertyValueSpecification\",\"valueRequired\":true,\"valueName\":\"search_term_string\"}}],\"inLanguage\":\"es\"},{\"@type\":\"Organization\",\"@id\":\"https:\\\/\\\/schoenstatt.com\\\/es\\\/#organization\",\"name\":\"Schoenstatt\",\"url\":\"https:\\\/\\\/schoenstatt.com\\\/es\\\/\",\"logo\":{\"@type\":\"ImageObject\",\"inLanguage\":\"es\",\"@id\":\"https:\\\/\\\/schoenstatt.com\\\/es\\\/#\\\/schema\\\/logo\\\/image\\\/\",\"url\":\"https:\\\/\\\/schoenstatt.com\\\/wp-content\\\/uploads\\\/2025\\\/04\\\/logo-schoenstatt-white-696x696-1.png\",\"contentUrl\":\"https:\\\/\\\/schoenstatt.com\\\/wp-content\\\/uploads\\\/2025\\\/04\\\/logo-schoenstatt-white-696x696-1.png\",\"width\":696,\"height\":694,\"caption\":\"Schoenstatt\"},\"image\":{\"@id\":\"https:\\\/\\\/schoenstatt.com\\\/es\\\/#\\\/schema\\\/logo\\\/image\\\/\"}},{\"@type\":\"Person\",\"@id\":\"https:\\\/\\\/schoenstatt.com\\\/es\\\/#\\\/schema\\\/person\\\/489465b1850e7b216fe2c10dfc262551\",\"name\":\"admin\",\"image\":{\"@type\":\"ImageObject\",\"inLanguage\":\"es\",\"@id\":\"https:\\\/\\\/secure.gravatar.com\\\/avatar\\\/02e8345e1ec40ab0e0a2a98fdde64a684bbaf994cddcb778b25b8b024ee9dfe6?s=96&d=mm&r=g\",\"url\":\"https:\\\/\\\/secure.gravatar.com\\\/avatar\\\/02e8345e1ec40ab0e0a2a98fdde64a684bbaf994cddcb778b25b8b024ee9dfe6?s=96&d=mm&r=g\",\"contentUrl\":\"https:\\\/\\\/secure.gravatar.com\\\/avatar\\\/02e8345e1ec40ab0e0a2a98fdde64a684bbaf994cddcb778b25b8b024ee9dfe6?s=96&d=mm&r=g\",\"caption\":\"admin\"},\"sameAs\":[\"https:\\\/\\\/schoenstatt.com\"],\"url\":\"https:\\\/\\\/schoenstatt.com\\\/es\\\/author\\\/admin\\\/\"}]}<\/script>\n<!-- \/ Yoast SEO Premium plugin. -->","yoast_head_json":{"title":"Un sacerdote de Schoenstatt suizo construye un santuario nacional en Camer\u00fan - Schoenstatt","description":"Lo que llam\u00f3 la atenci\u00f3n en Marza, seg\u00fan el P. Alois Baumberger, es que los peregrinos se sienten muy c\u00f3modos en este centro. Sienten el aliento de un lugar sagrado.","robots":{"index":"index","follow":"follow","max-snippet":"max-snippet:-1","max-image-preview":"max-image-preview:large","max-video-preview":"max-video-preview:-1"},"canonical":"https:\/\/schoenstatt.com\/es\/un-sacerdote-de-schoenstatt-suizo-construye-un-santuario-nacional-en-camerun\/","og_locale":"es_ES","og_type":"article","og_title":"Un sacerdote de Schoenstatt suizo construye un santuario nacional en Camer\u00fan","og_description":"Lo que llam\u00f3 la atenci\u00f3n en Marza, seg\u00fan el P. Alois Baumberger, es que los peregrinos se sienten muy c\u00f3modos en este centro. Sienten el aliento de un lugar sagrado.","og_url":"https:\/\/schoenstatt.com\/es\/un-sacerdote-de-schoenstatt-suizo-construye-un-santuario-nacional-en-camerun\/","og_site_name":"Schoenstatt","article_published_time":"2022-01-29T07:30:11+00:00","article_modified_time":"2025-05-14T23:45:31+00:00","og_image":[{"width":960,"height":432,"url":"https:\/\/schoenstatt.com\/wp-content\/uploads\/2022\/01\/WhatsApp-Image-2022-01-19-at-14.22.04-1.jpeg","type":"image\/jpeg"}],"author":"admin","twitter_card":"summary_large_image","twitter_misc":{"Escrito por":"admin","Tiempo de lectura":"6 minutos"},"schema":{"@context":"https:\/\/schema.org","@graph":[{"@type":"Article","@id":"https:\/\/schoenstatt.com\/es\/un-sacerdote-de-schoenstatt-suizo-construye-un-santuario-nacional-en-camerun\/#article","isPartOf":{"@id":"https:\/\/schoenstatt.com\/es\/un-sacerdote-de-schoenstatt-suizo-construye-un-santuario-nacional-en-camerun\/"},"author":{"name":"admin","@id":"https:\/\/schoenstatt.com\/es\/#\/schema\/person\/489465b1850e7b216fe2c10dfc262551"},"headline":"Un sacerdote de Schoenstatt suizo construye un santuario nacional en Camer\u00fan","datePublished":"2022-01-29T07:30:11+00:00","dateModified":"2025-05-14T23:45:31+00:00","mainEntityOfPage":{"@id":"https:\/\/schoenstatt.com\/es\/un-sacerdote-de-schoenstatt-suizo-construye-un-santuario-nacional-en-camerun\/"},"wordCount":1225,"publisher":{"@id":"https:\/\/schoenstatt.com\/es\/#organization"},"image":{"@id":"https:\/\/schoenstatt.com\/es\/un-sacerdote-de-schoenstatt-suizo-construye-un-santuario-nacional-en-camerun\/#primaryimage"},"thumbnailUrl":"https:\/\/schoenstatt.com\/wp-content\/uploads\/2022\/01\/WhatsApp-Image-2022-01-19-at-14.22.04-1.jpeg","articleSection":["Espiritualidad"],"inLanguage":"es"},{"@type":"WebPage","@id":"https:\/\/schoenstatt.com\/es\/un-sacerdote-de-schoenstatt-suizo-construye-un-santuario-nacional-en-camerun\/","url":"https:\/\/schoenstatt.com\/es\/un-sacerdote-de-schoenstatt-suizo-construye-un-santuario-nacional-en-camerun\/","name":"Un sacerdote de Schoenstatt suizo construye un santuario nacional en Camer\u00fan - Schoenstatt","isPartOf":{"@id":"https:\/\/schoenstatt.com\/es\/#website"},"primaryImageOfPage":{"@id":"https:\/\/schoenstatt.com\/es\/un-sacerdote-de-schoenstatt-suizo-construye-un-santuario-nacional-en-camerun\/#primaryimage"},"image":{"@id":"https:\/\/schoenstatt.com\/es\/un-sacerdote-de-schoenstatt-suizo-construye-un-santuario-nacional-en-camerun\/#primaryimage"},"thumbnailUrl":"https:\/\/schoenstatt.com\/wp-content\/uploads\/2022\/01\/WhatsApp-Image-2022-01-19-at-14.22.04-1.jpeg","datePublished":"2022-01-29T07:30:11+00:00","dateModified":"2025-05-14T23:45:31+00:00","description":"Lo que llam\u00f3 la atenci\u00f3n en Marza, seg\u00fan el P. Alois Baumberger, es que los peregrinos se sienten muy c\u00f3modos en este centro. Sienten el aliento de un lugar sagrado.","breadcrumb":{"@id":"https:\/\/schoenstatt.com\/es\/un-sacerdote-de-schoenstatt-suizo-construye-un-santuario-nacional-en-camerun\/#breadcrumb"},"inLanguage":"es","potentialAction":[{"@type":"ReadAction","target":["https:\/\/schoenstatt.com\/es\/un-sacerdote-de-schoenstatt-suizo-construye-un-santuario-nacional-en-camerun\/"]}]},{"@type":"ImageObject","inLanguage":"es","@id":"https:\/\/schoenstatt.com\/es\/un-sacerdote-de-schoenstatt-suizo-construye-un-santuario-nacional-en-camerun\/#primaryimage","url":"https:\/\/schoenstatt.com\/wp-content\/uploads\/2022\/01\/WhatsApp-Image-2022-01-19-at-14.22.04-1.jpeg","contentUrl":"https:\/\/schoenstatt.com\/wp-content\/uploads\/2022\/01\/WhatsApp-Image-2022-01-19-at-14.22.04-1.jpeg","width":960,"height":432,"caption":"Heiliger Ort"},{"@type":"BreadcrumbList","@id":"https:\/\/schoenstatt.com\/es\/un-sacerdote-de-schoenstatt-suizo-construye-un-santuario-nacional-en-camerun\/#breadcrumb","itemListElement":[{"@type":"ListItem","position":1,"name":"Portada","item":"https:\/\/schoenstatt.com\/es\/home\/"},{"@type":"ListItem","position":2,"name":"Un sacerdote de Schoenstatt suizo construye un santuario nacional en Camer\u00fan"}]},{"@type":"WebSite","@id":"https:\/\/schoenstatt.com\/es\/#website","url":"https:\/\/schoenstatt.com\/es\/","name":"Schoenstatt","description":"Apostolic Movement","publisher":{"@id":"https:\/\/schoenstatt.com\/es\/#organization"},"potentialAction":[{"@type":"SearchAction","target":{"@type":"EntryPoint","urlTemplate":"https:\/\/schoenstatt.com\/es\/?s={search_term_string}"},"query-input":{"@type":"PropertyValueSpecification","valueRequired":true,"valueName":"search_term_string"}}],"inLanguage":"es"},{"@type":"Organization","@id":"https:\/\/schoenstatt.com\/es\/#organization","name":"Schoenstatt","url":"https:\/\/schoenstatt.com\/es\/","logo":{"@type":"ImageObject","inLanguage":"es","@id":"https:\/\/schoenstatt.com\/es\/#\/schema\/logo\/image\/","url":"https:\/\/schoenstatt.com\/wp-content\/uploads\/2025\/04\/logo-schoenstatt-white-696x696-1.png","contentUrl":"https:\/\/schoenstatt.com\/wp-content\/uploads\/2025\/04\/logo-schoenstatt-white-696x696-1.png","width":696,"height":694,"caption":"Schoenstatt"},"image":{"@id":"https:\/\/schoenstatt.com\/es\/#\/schema\/logo\/image\/"}},{"@type":"Person","@id":"https:\/\/schoenstatt.com\/es\/#\/schema\/person\/489465b1850e7b216fe2c10dfc262551","name":"admin","image":{"@type":"ImageObject","inLanguage":"es","@id":"https:\/\/secure.gravatar.com\/avatar\/02e8345e1ec40ab0e0a2a98fdde64a684bbaf994cddcb778b25b8b024ee9dfe6?s=96&d=mm&r=g","url":"https:\/\/secure.gravatar.com\/avatar\/02e8345e1ec40ab0e0a2a98fdde64a684bbaf994cddcb778b25b8b024ee9dfe6?s=96&d=mm&r=g","contentUrl":"https:\/\/secure.gravatar.com\/avatar\/02e8345e1ec40ab0e0a2a98fdde64a684bbaf994cddcb778b25b8b024ee9dfe6?s=96&d=mm&r=g","caption":"admin"},"sameAs":["https:\/\/schoenstatt.com"],"url":"https:\/\/schoenstatt.com\/es\/author\/admin\/"}]}},"_links":{"self":[{"href":"https:\/\/schoenstatt.com\/es\/wp-json\/wp\/v2\/posts\/52698","targetHints":{"allow":["GET"]}}],"collection":[{"href":"https:\/\/schoenstatt.com\/es\/wp-json\/wp\/v2\/posts"}],"about":[{"href":"https:\/\/schoenstatt.com\/es\/wp-json\/wp\/v2\/types\/post"}],"author":[{"embeddable":true,"href":"https:\/\/schoenstatt.com\/es\/wp-json\/wp\/v2\/users\/1"}],"replies":[{"embeddable":true,"href":"https:\/\/schoenstatt.com\/es\/wp-json\/wp\/v2\/comments?post=52698"}],"version-history":[{"count":2,"href":"https:\/\/schoenstatt.com\/es\/wp-json\/wp\/v2\/posts\/52698\/revisions"}],"predecessor-version":[{"id":54208,"href":"https:\/\/schoenstatt.com\/es\/wp-json\/wp\/v2\/posts\/52698\/revisions\/54208"}],"wp:featuredmedia":[{"embeddable":true,"href":"https:\/\/schoenstatt.com\/es\/wp-json\/wp\/v2\/media\/23534"}],"wp:attachment":[{"href":"https:\/\/schoenstatt.com\/es\/wp-json\/wp\/v2\/media?parent=52698"}],"wp:term":[{"taxonomy":"category","embeddable":true,"href":"https:\/\/schoenstatt.com\/es\/wp-json\/wp\/v2\/categories?post=52698"},{"taxonomy":"post_tag","embeddable":true,"href":"https:\/\/schoenstatt.com\/es\/wp-json\/wp\/v2\/tags?post=52698"}],"curies":[{"name":"wp","href":"https:\/\/api.w.org\/{rel}","templated":true}]}}