{"id":52530,"date":"2022-02-18T13:51:57","date_gmt":"2022-02-18T12:51:57","guid":{"rendered":"https:\/\/schoenstattdev.wpenginepowered.com\/espiritualidad\/der-auftrag-des-liebesbuendnisses-fuer-kinder-mit-autismus\/"},"modified":"2025-05-15T01:44:46","modified_gmt":"2025-05-14T23:44:46","slug":"la-mision-de-la-alianza-de-amor-para-ninos-con-autismo","status":"publish","type":"post","link":"https:\/\/schoenstatt.com\/es\/la-mision-de-la-alianza-de-amor-para-ninos-con-autismo\/","title":{"rendered":"La misi\u00f3n de la Alianza de Amor para ni\u00f1os con autismo"},"content":{"rendered":"<p>Los juguetes de colores son m\u00e1s que sencillos detalles que adornan y alegran la mesa de trabajo de Maria Claudia: son piezas esenciales para la tarea que realiza. Mar\u00eda Claudia Cavalcanti Vasconcelos es una psicopedagoga que trabaja en Lajedo, Pernambuco, en Brasil. Es dirigente de la Liga de Familias de Schoenstatt y sell\u00f3 su Alianza de Amor con la Madre y Reina hace ocho a\u00f1os.<\/p>\n<p>Adem\u00e1s del apostolado con las familias del Movimiento, Mar\u00eda tiene una misi\u00f3n especial con otras familias. En su labor profesional acompa\u00f1a a ni\u00f1os y adolescentes con autismo, buscando formas de ayudarles a superar las dificultades de aprendizaje y convivencia. Adem\u00e1s Claudia recibe a madres y padres, muchas veces angustiados, que le conf\u00edan sus incertidumbres y necesidades sobre la formaci\u00f3n de los ni\u00f1os.<\/p>\n<p><img fetchpriority=\"high\" decoding=\"async\" class=\"aligncenter wp-image-23774 \" src=\"https:\/\/schoenstatt.com\/wp-content\/uploads\/2022\/02\/Autismo-1-1.png\" alt=\"\" width=\"518\" height=\"340\" \/><\/p>\n<p>Hemos entrevistado a Mar\u00eda Claudia quien responde a nuestras preguntas, desde su experiencia en la <a href=\"https:\/\/schoenstattdev.wpenginepowered.com\/es\/espiritualidad\/la-alianza-de-amor-renovacion-de-nuestra-consagracion-bautismal\/\">Alianza de Amor<\/a>, fundamento de su vida y su trabajo :<\/p>\n<p><strong>Su \u00e1rea de especialidad profesional es la \u201cInclusi\u00f3n escolar en los trastornos del neurodesarrollo del <a href=\"https:\/\/www.mayoclinic.org\/es-es\/diseases-conditions\/autism-spectrum-disorder\/symptoms-causes\/syc-20352928#:~:text=El%20trastorno%20del%20espectro%20autista,interacci%C3%B3n%20social%20y%20la%20comunicaci%C3%B3n.\">autismo<\/a> y sus comorbilidades\u00bb. \u00bfPor qu\u00e9 eligi\u00f3 esta especialidad?<\/strong><\/p>\n<p>Siempre me ha interesado entender c\u00f3mo se desarrolla el aprendizaje, y sobre todo, cuando no ocurre este aprendizaje, para poder intervenir asertivamente y as\u00ed ayudar a los ni\u00f1os y adolescentes a superar sus dificultades y tener un desarrollo satisfactorio, permitiendo su \u00e9xito acad\u00e9mico. Schoenstatt tiene la misi\u00f3n de renovar el mundo. En este sentido, \u00bfde qu\u00e9 manera contribuye su trabajo a esta renovaci\u00f3n en el \u00e1mbito familiar, escolar y social?<\/p>\n<p><strong>En primer lugar, me parece admirable el trabajo y el carisma del Movimiento de Schoenstatt. Cuanto m\u00e1s lo conocemos, m\u00e1s nos encanta su misi\u00f3n y que, de hecho, tiene el poder de transformar vidas.<\/strong><\/p>\n<p>El trabajo psicopedag\u00f3gico se centra en el aprendizaje humano, que abarca patrones evolutivos normales y patol\u00f3gicos as\u00ed como la influencia del entorno, es decir, la familia, la escuela y la sociedad. As\u00ed, a trav\u00e9s de la evaluaci\u00f3n del ni\u00f1o o el adolescente que presenta un retraso en su aprendizaje, podemos se\u00f1alar la hip\u00f3tesis y luego se elabora un plan de intervenci\u00f3n. Para ello, es necesaria la participaci\u00f3n efectiva de la familia y la escuela, ya que el papel del psicopedagogo es mediar esta interacci\u00f3n con el fin de promover el desarrollo del ni\u00f1o para que en el futuro sea capaz de incorporarse en la sociedad.<\/p>\n<p><img decoding=\"async\" class=\"wp-image-23762 aligncenter\" src=\"https:\/\/schoenstatt.com\/wp-content\/uploads\/2022\/02\/Autismo-4-1.png\" alt=\"\" width=\"576\" height=\"299\" \/><\/p>\n<p><strong>Durante la pandemia, \u00bfqu\u00e9 iniciativas propuso para continuar su misi\u00f3n a pesar de los numerosos l\u00edmites del contacto virtual o la proximidad f\u00edsica?<\/strong><\/p>\n<p>En ese momento creo que todos tuvimos que reinventarnos. Lo que antes parec\u00eda algo lejano, de repente era lo que viv\u00edamos d\u00eda a d\u00eda: la interacci\u00f3n en l\u00ednea.<\/p>\n<p>Al principio hab\u00eda cierta inseguridad, pensando que los ni\u00f1os no responder\u00edan, ya que la mayor\u00eda son autistas. Pero las dificultades fueron superadas y con la dedicaci\u00f3n de los padres se obtuvieron resultados muy positivos y gratificantes para todos.<\/p>\n<p><strong>En su opini\u00f3n, \u00bfla formaci\u00f3n que recibe de Schoenstatt le proporciona algo distinto para el ejercicio de su tarea?\u00a0<\/strong><\/p>\n<p>S\u00ed, en Schoenstatt aprendemos a valorar al ser humano, apreciando los valores y debilidades de los dem\u00e1s, tratando de no hacer juicios, as\u00ed como nuestra Madre y Reina acoge a todos. En mi trabajo como psicopedagoga trato directamente con las vidas de madres y padres que llegan con conflictos e incertidumbres. Muchos incluso se sienten fracasados como padres, porque dicen que no saben qu\u00e9 hacer con su hijo y est\u00e1n buscando orientaci\u00f3n. En este momento es cuando necesito la sabidur\u00eda para guiarlos de alguna manera, y para ello, adem\u00e1s de conocimientos te\u00f3ricos y cient\u00edficos, debo poder verlos con esa mirada acogedora.<\/p>\n<p><img decoding=\"async\" class=\"wp-image-23766 size-full aligncenter\" src=\"https:\/\/schoenstatt.com\/wp-content\/uploads\/2022\/02\/Autismo-3-1.png\" alt=\"\" width=\"691\" height=\"369\" \/><\/p>\n<p><strong>Desde su experiencia profesional, \u00bfc\u00f3mo podr\u00eda la sociedad comprometerse m\u00e1s con estos ni\u00f1os y adolescentes?<\/strong><\/p>\n<p>Entendemos que la familia es el entorno donde el ni\u00f1o tiene su primer contacto social. Cuando hay un ni\u00f1o que necesita cuidados especiales, la familia debe en primer lugar aceptar y buscar las intervenciones necesarias. La escuela es entonces el entorno que proporcionar\u00e1 un contacto social m\u00e1s amplio en el que, seg\u00fan la Ley de Inclusi\u00f3n, todos, independientemente de su condici\u00f3n tienen derecho a la educaci\u00f3n.<\/p>\n<p>La escuela inclusiva debe estar basada en la \u00e9tica y sustentada en actitudes de responsabilidad con un v\u00ednculo afectivo con los dem\u00e1s, respetando las diferencias de cada ser humano. A nivel social, es necesario un mayor compromiso de las personas involucradas para exigir al gobierno la creaci\u00f3n de pol\u00edticas p\u00fablicas que puedan ofrecer una mejor calidad de vida para estos ni\u00f1os y j\u00f3venes que necesitan m\u00e1s atenci\u00f3n\u201d.<\/p>\n<p>&nbsp;<\/p>\n","protected":false},"excerpt":{"rendered":"<p>Mar\u00eda Claudia vincula su Alianza de Amor con su quehacer psicopedag\u00f3gico, permitiendo que la misi\u00f3n de Schoenstatt sea transmitida a trav\u00e9s de su profesi\u00f3n y su vocaci\u00f3n en el acompa\u00f1amiento de familias y ni\u00f1os que viven con autismo.<\/p>\n","protected":false},"author":1,"featured_media":23769,"comment_status":"closed","ping_status":"closed","sticky":false,"template":"","format":"standard","meta":{"footnotes":""},"categories":[917],"tags":[],"class_list":["post-52530","post","type-post","status-publish","format-standard","has-post-thumbnail","hentry","category-espiritualidad-es"],"yoast_head":"<!-- This site is optimized with the Yoast SEO Premium plugin v27.4 (Yoast SEO v27.4) - https:\/\/yoast.com\/product\/yoast-seo-premium-wordpress\/ -->\n<title>La misi\u00f3n de la Alianza de Amor para ni\u00f1os con autismo - Schoenstatt<\/title>\n<meta name=\"description\" content=\"Mar\u00eda Claudia Cavalcanti es psicopedagoga en Brasil, dirigente de la Liga de Familias y trabaja acompa\u00f1ando a ni\u00f1os con autismo.\" \/>\n<meta name=\"robots\" content=\"index, follow, max-snippet:-1, max-image-preview:large, max-video-preview:-1\" \/>\n<link rel=\"canonical\" href=\"https:\/\/schoenstatt.com\/es\/la-mision-de-la-alianza-de-amor-para-ninos-con-autismo\/\" \/>\n<meta property=\"og:locale\" content=\"es_ES\" \/>\n<meta property=\"og:type\" content=\"article\" \/>\n<meta property=\"og:title\" content=\"La misi\u00f3n de la Alianza de Amor para ni\u00f1os con autismo\" \/>\n<meta property=\"og:description\" content=\"Mar\u00eda Claudia Cavalcanti es psicopedagoga en Brasil, dirigente de la Liga de Familias y trabaja acompa\u00f1ando a ni\u00f1os con autismo.\" \/>\n<meta property=\"og:url\" content=\"https:\/\/schoenstatt.com\/es\/la-mision-de-la-alianza-de-amor-para-ninos-con-autismo\/\" \/>\n<meta property=\"og:site_name\" content=\"Schoenstatt\" \/>\n<meta property=\"article:published_time\" content=\"2022-02-18T12:51:57+00:00\" \/>\n<meta property=\"article:modified_time\" content=\"2025-05-14T23:44:46+00:00\" \/>\n<meta property=\"og:image\" content=\"https:\/\/schoenstatt.com\/wp-content\/uploads\/2022\/02\/Autismo-2-1.png\" \/>\n\t<meta property=\"og:image:width\" content=\"693\" \/>\n\t<meta property=\"og:image:height\" content=\"509\" \/>\n\t<meta property=\"og:image:type\" content=\"image\/png\" \/>\n<meta name=\"author\" content=\"admin\" \/>\n<meta name=\"twitter:card\" content=\"summary_large_image\" \/>\n<meta name=\"twitter:label1\" content=\"Escrito por\" \/>\n\t<meta name=\"twitter:data1\" content=\"admin\" \/>\n\t<meta name=\"twitter:label2\" content=\"Tiempo de lectura\" \/>\n\t<meta name=\"twitter:data2\" content=\"4 minutos\" \/>\n<script type=\"application\/ld+json\" class=\"yoast-schema-graph\">{\"@context\":\"https:\\\/\\\/schema.org\",\"@graph\":[{\"@type\":\"Article\",\"@id\":\"https:\\\/\\\/schoenstatt.com\\\/es\\\/la-mision-de-la-alianza-de-amor-para-ninos-con-autismo\\\/#article\",\"isPartOf\":{\"@id\":\"https:\\\/\\\/schoenstatt.com\\\/es\\\/la-mision-de-la-alianza-de-amor-para-ninos-con-autismo\\\/\"},\"author\":{\"name\":\"admin\",\"@id\":\"https:\\\/\\\/schoenstatt.com\\\/es\\\/#\\\/schema\\\/person\\\/489465b1850e7b216fe2c10dfc262551\"},\"headline\":\"La misi\u00f3n de la Alianza de Amor para ni\u00f1os con autismo\",\"datePublished\":\"2022-02-18T12:51:57+00:00\",\"dateModified\":\"2025-05-14T23:44:46+00:00\",\"mainEntityOfPage\":{\"@id\":\"https:\\\/\\\/schoenstatt.com\\\/es\\\/la-mision-de-la-alianza-de-amor-para-ninos-con-autismo\\\/\"},\"wordCount\":832,\"publisher\":{\"@id\":\"https:\\\/\\\/schoenstatt.com\\\/es\\\/#organization\"},\"image\":{\"@id\":\"https:\\\/\\\/schoenstatt.com\\\/es\\\/la-mision-de-la-alianza-de-amor-para-ninos-con-autismo\\\/#primaryimage\"},\"thumbnailUrl\":\"https:\\\/\\\/schoenstatt.com\\\/wp-content\\\/uploads\\\/2022\\\/02\\\/Autismo-2-1.png\",\"articleSection\":[\"Espiritualidad\"],\"inLanguage\":\"es\"},{\"@type\":\"WebPage\",\"@id\":\"https:\\\/\\\/schoenstatt.com\\\/es\\\/la-mision-de-la-alianza-de-amor-para-ninos-con-autismo\\\/\",\"url\":\"https:\\\/\\\/schoenstatt.com\\\/es\\\/la-mision-de-la-alianza-de-amor-para-ninos-con-autismo\\\/\",\"name\":\"La misi\u00f3n de la Alianza de Amor para ni\u00f1os con autismo - Schoenstatt\",\"isPartOf\":{\"@id\":\"https:\\\/\\\/schoenstatt.com\\\/es\\\/#website\"},\"primaryImageOfPage\":{\"@id\":\"https:\\\/\\\/schoenstatt.com\\\/es\\\/la-mision-de-la-alianza-de-amor-para-ninos-con-autismo\\\/#primaryimage\"},\"image\":{\"@id\":\"https:\\\/\\\/schoenstatt.com\\\/es\\\/la-mision-de-la-alianza-de-amor-para-ninos-con-autismo\\\/#primaryimage\"},\"thumbnailUrl\":\"https:\\\/\\\/schoenstatt.com\\\/wp-content\\\/uploads\\\/2022\\\/02\\\/Autismo-2-1.png\",\"datePublished\":\"2022-02-18T12:51:57+00:00\",\"dateModified\":\"2025-05-14T23:44:46+00:00\",\"description\":\"Mar\u00eda Claudia Cavalcanti es psicopedagoga en Brasil, dirigente de la Liga de Familias y trabaja acompa\u00f1ando a ni\u00f1os con autismo.\",\"breadcrumb\":{\"@id\":\"https:\\\/\\\/schoenstatt.com\\\/es\\\/la-mision-de-la-alianza-de-amor-para-ninos-con-autismo\\\/#breadcrumb\"},\"inLanguage\":\"es\",\"potentialAction\":[{\"@type\":\"ReadAction\",\"target\":[\"https:\\\/\\\/schoenstatt.com\\\/es\\\/la-mision-de-la-alianza-de-amor-para-ninos-con-autismo\\\/\"]}]},{\"@type\":\"ImageObject\",\"inLanguage\":\"es\",\"@id\":\"https:\\\/\\\/schoenstatt.com\\\/es\\\/la-mision-de-la-alianza-de-amor-para-ninos-con-autismo\\\/#primaryimage\",\"url\":\"https:\\\/\\\/schoenstatt.com\\\/wp-content\\\/uploads\\\/2022\\\/02\\\/Autismo-2-1.png\",\"contentUrl\":\"https:\\\/\\\/schoenstatt.com\\\/wp-content\\\/uploads\\\/2022\\\/02\\\/Autismo-2-1.png\",\"width\":693,\"height\":509,\"caption\":\"Autistas\"},{\"@type\":\"BreadcrumbList\",\"@id\":\"https:\\\/\\\/schoenstatt.com\\\/es\\\/la-mision-de-la-alianza-de-amor-para-ninos-con-autismo\\\/#breadcrumb\",\"itemListElement\":[{\"@type\":\"ListItem\",\"position\":1,\"name\":\"Portada\",\"item\":\"https:\\\/\\\/schoenstatt.com\\\/es\\\/home\\\/\"},{\"@type\":\"ListItem\",\"position\":2,\"name\":\"La misi\u00f3n de la Alianza de Amor para ni\u00f1os con autismo\"}]},{\"@type\":\"WebSite\",\"@id\":\"https:\\\/\\\/schoenstatt.com\\\/es\\\/#website\",\"url\":\"https:\\\/\\\/schoenstatt.com\\\/es\\\/\",\"name\":\"Schoenstatt\",\"description\":\"Apostolic Movement\",\"publisher\":{\"@id\":\"https:\\\/\\\/schoenstatt.com\\\/es\\\/#organization\"},\"potentialAction\":[{\"@type\":\"SearchAction\",\"target\":{\"@type\":\"EntryPoint\",\"urlTemplate\":\"https:\\\/\\\/schoenstatt.com\\\/es\\\/?s={search_term_string}\"},\"query-input\":{\"@type\":\"PropertyValueSpecification\",\"valueRequired\":true,\"valueName\":\"search_term_string\"}}],\"inLanguage\":\"es\"},{\"@type\":\"Organization\",\"@id\":\"https:\\\/\\\/schoenstatt.com\\\/es\\\/#organization\",\"name\":\"Schoenstatt\",\"url\":\"https:\\\/\\\/schoenstatt.com\\\/es\\\/\",\"logo\":{\"@type\":\"ImageObject\",\"inLanguage\":\"es\",\"@id\":\"https:\\\/\\\/schoenstatt.com\\\/es\\\/#\\\/schema\\\/logo\\\/image\\\/\",\"url\":\"https:\\\/\\\/schoenstatt.com\\\/wp-content\\\/uploads\\\/2025\\\/04\\\/logo-schoenstatt-white-696x696-1.png\",\"contentUrl\":\"https:\\\/\\\/schoenstatt.com\\\/wp-content\\\/uploads\\\/2025\\\/04\\\/logo-schoenstatt-white-696x696-1.png\",\"width\":696,\"height\":694,\"caption\":\"Schoenstatt\"},\"image\":{\"@id\":\"https:\\\/\\\/schoenstatt.com\\\/es\\\/#\\\/schema\\\/logo\\\/image\\\/\"}},{\"@type\":\"Person\",\"@id\":\"https:\\\/\\\/schoenstatt.com\\\/es\\\/#\\\/schema\\\/person\\\/489465b1850e7b216fe2c10dfc262551\",\"name\":\"admin\",\"image\":{\"@type\":\"ImageObject\",\"inLanguage\":\"es\",\"@id\":\"https:\\\/\\\/secure.gravatar.com\\\/avatar\\\/02e8345e1ec40ab0e0a2a98fdde64a684bbaf994cddcb778b25b8b024ee9dfe6?s=96&d=mm&r=g\",\"url\":\"https:\\\/\\\/secure.gravatar.com\\\/avatar\\\/02e8345e1ec40ab0e0a2a98fdde64a684bbaf994cddcb778b25b8b024ee9dfe6?s=96&d=mm&r=g\",\"contentUrl\":\"https:\\\/\\\/secure.gravatar.com\\\/avatar\\\/02e8345e1ec40ab0e0a2a98fdde64a684bbaf994cddcb778b25b8b024ee9dfe6?s=96&d=mm&r=g\",\"caption\":\"admin\"},\"sameAs\":[\"https:\\\/\\\/schoenstatt.com\"],\"url\":\"https:\\\/\\\/schoenstatt.com\\\/es\\\/author\\\/admin\\\/\"}]}<\/script>\n<!-- \/ Yoast SEO Premium plugin. -->","yoast_head_json":{"title":"La misi\u00f3n de la Alianza de Amor para ni\u00f1os con autismo - Schoenstatt","description":"Mar\u00eda Claudia Cavalcanti es psicopedagoga en Brasil, dirigente de la Liga de Familias y trabaja acompa\u00f1ando a ni\u00f1os con autismo.","robots":{"index":"index","follow":"follow","max-snippet":"max-snippet:-1","max-image-preview":"max-image-preview:large","max-video-preview":"max-video-preview:-1"},"canonical":"https:\/\/schoenstatt.com\/es\/la-mision-de-la-alianza-de-amor-para-ninos-con-autismo\/","og_locale":"es_ES","og_type":"article","og_title":"La misi\u00f3n de la Alianza de Amor para ni\u00f1os con autismo","og_description":"Mar\u00eda Claudia Cavalcanti es psicopedagoga en Brasil, dirigente de la Liga de Familias y trabaja acompa\u00f1ando a ni\u00f1os con autismo.","og_url":"https:\/\/schoenstatt.com\/es\/la-mision-de-la-alianza-de-amor-para-ninos-con-autismo\/","og_site_name":"Schoenstatt","article_published_time":"2022-02-18T12:51:57+00:00","article_modified_time":"2025-05-14T23:44:46+00:00","og_image":[{"width":693,"height":509,"url":"https:\/\/schoenstatt.com\/wp-content\/uploads\/2022\/02\/Autismo-2-1.png","type":"image\/png"}],"author":"admin","twitter_card":"summary_large_image","twitter_misc":{"Escrito por":"admin","Tiempo de lectura":"4 minutos"},"schema":{"@context":"https:\/\/schema.org","@graph":[{"@type":"Article","@id":"https:\/\/schoenstatt.com\/es\/la-mision-de-la-alianza-de-amor-para-ninos-con-autismo\/#article","isPartOf":{"@id":"https:\/\/schoenstatt.com\/es\/la-mision-de-la-alianza-de-amor-para-ninos-con-autismo\/"},"author":{"name":"admin","@id":"https:\/\/schoenstatt.com\/es\/#\/schema\/person\/489465b1850e7b216fe2c10dfc262551"},"headline":"La misi\u00f3n de la Alianza de Amor para ni\u00f1os con autismo","datePublished":"2022-02-18T12:51:57+00:00","dateModified":"2025-05-14T23:44:46+00:00","mainEntityOfPage":{"@id":"https:\/\/schoenstatt.com\/es\/la-mision-de-la-alianza-de-amor-para-ninos-con-autismo\/"},"wordCount":832,"publisher":{"@id":"https:\/\/schoenstatt.com\/es\/#organization"},"image":{"@id":"https:\/\/schoenstatt.com\/es\/la-mision-de-la-alianza-de-amor-para-ninos-con-autismo\/#primaryimage"},"thumbnailUrl":"https:\/\/schoenstatt.com\/wp-content\/uploads\/2022\/02\/Autismo-2-1.png","articleSection":["Espiritualidad"],"inLanguage":"es"},{"@type":"WebPage","@id":"https:\/\/schoenstatt.com\/es\/la-mision-de-la-alianza-de-amor-para-ninos-con-autismo\/","url":"https:\/\/schoenstatt.com\/es\/la-mision-de-la-alianza-de-amor-para-ninos-con-autismo\/","name":"La misi\u00f3n de la Alianza de Amor para ni\u00f1os con autismo - Schoenstatt","isPartOf":{"@id":"https:\/\/schoenstatt.com\/es\/#website"},"primaryImageOfPage":{"@id":"https:\/\/schoenstatt.com\/es\/la-mision-de-la-alianza-de-amor-para-ninos-con-autismo\/#primaryimage"},"image":{"@id":"https:\/\/schoenstatt.com\/es\/la-mision-de-la-alianza-de-amor-para-ninos-con-autismo\/#primaryimage"},"thumbnailUrl":"https:\/\/schoenstatt.com\/wp-content\/uploads\/2022\/02\/Autismo-2-1.png","datePublished":"2022-02-18T12:51:57+00:00","dateModified":"2025-05-14T23:44:46+00:00","description":"Mar\u00eda Claudia Cavalcanti es psicopedagoga en Brasil, dirigente de la Liga de Familias y trabaja acompa\u00f1ando a ni\u00f1os con autismo.","breadcrumb":{"@id":"https:\/\/schoenstatt.com\/es\/la-mision-de-la-alianza-de-amor-para-ninos-con-autismo\/#breadcrumb"},"inLanguage":"es","potentialAction":[{"@type":"ReadAction","target":["https:\/\/schoenstatt.com\/es\/la-mision-de-la-alianza-de-amor-para-ninos-con-autismo\/"]}]},{"@type":"ImageObject","inLanguage":"es","@id":"https:\/\/schoenstatt.com\/es\/la-mision-de-la-alianza-de-amor-para-ninos-con-autismo\/#primaryimage","url":"https:\/\/schoenstatt.com\/wp-content\/uploads\/2022\/02\/Autismo-2-1.png","contentUrl":"https:\/\/schoenstatt.com\/wp-content\/uploads\/2022\/02\/Autismo-2-1.png","width":693,"height":509,"caption":"Autistas"},{"@type":"BreadcrumbList","@id":"https:\/\/schoenstatt.com\/es\/la-mision-de-la-alianza-de-amor-para-ninos-con-autismo\/#breadcrumb","itemListElement":[{"@type":"ListItem","position":1,"name":"Portada","item":"https:\/\/schoenstatt.com\/es\/home\/"},{"@type":"ListItem","position":2,"name":"La misi\u00f3n de la Alianza de Amor para ni\u00f1os con autismo"}]},{"@type":"WebSite","@id":"https:\/\/schoenstatt.com\/es\/#website","url":"https:\/\/schoenstatt.com\/es\/","name":"Schoenstatt","description":"Apostolic Movement","publisher":{"@id":"https:\/\/schoenstatt.com\/es\/#organization"},"potentialAction":[{"@type":"SearchAction","target":{"@type":"EntryPoint","urlTemplate":"https:\/\/schoenstatt.com\/es\/?s={search_term_string}"},"query-input":{"@type":"PropertyValueSpecification","valueRequired":true,"valueName":"search_term_string"}}],"inLanguage":"es"},{"@type":"Organization","@id":"https:\/\/schoenstatt.com\/es\/#organization","name":"Schoenstatt","url":"https:\/\/schoenstatt.com\/es\/","logo":{"@type":"ImageObject","inLanguage":"es","@id":"https:\/\/schoenstatt.com\/es\/#\/schema\/logo\/image\/","url":"https:\/\/schoenstatt.com\/wp-content\/uploads\/2025\/04\/logo-schoenstatt-white-696x696-1.png","contentUrl":"https:\/\/schoenstatt.com\/wp-content\/uploads\/2025\/04\/logo-schoenstatt-white-696x696-1.png","width":696,"height":694,"caption":"Schoenstatt"},"image":{"@id":"https:\/\/schoenstatt.com\/es\/#\/schema\/logo\/image\/"}},{"@type":"Person","@id":"https:\/\/schoenstatt.com\/es\/#\/schema\/person\/489465b1850e7b216fe2c10dfc262551","name":"admin","image":{"@type":"ImageObject","inLanguage":"es","@id":"https:\/\/secure.gravatar.com\/avatar\/02e8345e1ec40ab0e0a2a98fdde64a684bbaf994cddcb778b25b8b024ee9dfe6?s=96&d=mm&r=g","url":"https:\/\/secure.gravatar.com\/avatar\/02e8345e1ec40ab0e0a2a98fdde64a684bbaf994cddcb778b25b8b024ee9dfe6?s=96&d=mm&r=g","contentUrl":"https:\/\/secure.gravatar.com\/avatar\/02e8345e1ec40ab0e0a2a98fdde64a684bbaf994cddcb778b25b8b024ee9dfe6?s=96&d=mm&r=g","caption":"admin"},"sameAs":["https:\/\/schoenstatt.com"],"url":"https:\/\/schoenstatt.com\/es\/author\/admin\/"}]}},"_links":{"self":[{"href":"https:\/\/schoenstatt.com\/es\/wp-json\/wp\/v2\/posts\/52530","targetHints":{"allow":["GET"]}}],"collection":[{"href":"https:\/\/schoenstatt.com\/es\/wp-json\/wp\/v2\/posts"}],"about":[{"href":"https:\/\/schoenstatt.com\/es\/wp-json\/wp\/v2\/types\/post"}],"author":[{"embeddable":true,"href":"https:\/\/schoenstatt.com\/es\/wp-json\/wp\/v2\/users\/1"}],"replies":[{"embeddable":true,"href":"https:\/\/schoenstatt.com\/es\/wp-json\/wp\/v2\/comments?post=52530"}],"version-history":[{"count":1,"href":"https:\/\/schoenstatt.com\/es\/wp-json\/wp\/v2\/posts\/52530\/revisions"}],"predecessor-version":[{"id":52647,"href":"https:\/\/schoenstatt.com\/es\/wp-json\/wp\/v2\/posts\/52530\/revisions\/52647"}],"wp:featuredmedia":[{"embeddable":true,"href":"https:\/\/schoenstatt.com\/es\/wp-json\/wp\/v2\/media\/23769"}],"wp:attachment":[{"href":"https:\/\/schoenstatt.com\/es\/wp-json\/wp\/v2\/media?parent=52530"}],"wp:term":[{"taxonomy":"category","embeddable":true,"href":"https:\/\/schoenstatt.com\/es\/wp-json\/wp\/v2\/categories?post=52530"},{"taxonomy":"post_tag","embeddable":true,"href":"https:\/\/schoenstatt.com\/es\/wp-json\/wp\/v2\/tags?post=52530"}],"curies":[{"name":"wp","href":"https:\/\/api.w.org\/{rel}","templated":true}]}}