{"id":52174,"date":"2022-04-29T10:00:22","date_gmt":"2022-04-29T08:00:22","guid":{"rendered":"https:\/\/schoenstattdev.wpenginepowered.com\/?p=24842"},"modified":"2025-05-15T18:27:32","modified_gmt":"2025-05-15T16:27:32","slug":"la-familia-esperanza-del-futuro","status":"publish","type":"post","link":"https:\/\/schoenstatt.com\/es\/la-familia-esperanza-del-futuro\/","title":{"rendered":"\u00abLa Familia &#8211; esperanza del futuro\u00bb"},"content":{"rendered":"<p>Representantes de Schoenstatt de siete pa\u00edses de Europa se reunieron a fines de abril en M\u00fanich en el Foro de Europa, para preparar el Congreso europeo de la Familia 2023, que tendr\u00e1 lugar en el Centro de <a href=\"https:\/\/www.schoenstattzentrum-wien.at\/\">Schoenstatt de Kahlenberg<\/a>, en Viena, que ser\u00e1 inaugurado poco antes.<\/p>\n<p>Impulsados por el matrimonio Ingeborg y Richard Sickinger, responsables del Movimiento en Austria, los delegados fueron en busca de pistas sobre los contenidos que podr\u00edan ser atractivos para las familias j\u00f3venes para estos d\u00edas, bajo el lema \u00ab<em><strong>Familia &#8211; Esperanza del futuro<\/strong><\/em>\u00ab.<\/p>\n<p><img fetchpriority=\"high\" decoding=\"async\" class=\"size-large wp-image-24509 aligncenter\" src=\"https:\/\/schoenstatt.com\/wp-content\/uploads\/2022\/04\/Ein-Lich-fur-das-Land-1.jpg\" alt=\"Hoffnung\" width=\"840\" height=\"473\" \/><\/p>\n<p>Todos los a\u00f1os las familias de Schoenstatt y sus asesores, padres y hermanas, de diferentes pa\u00edses europeos se re\u00fanen junto a un Santuario de Schoenstatt para el Foro de Europa de las Familias. La iniciativa se centra en inspirarse mutuamente, aprender de los dem\u00e1s, conocerse mejor, alegrarse de las similitudes y maravillarse de las diferencias. Este a\u00f1o el Foro Europeo se reuni\u00f3 del 22 al 24 de abril en el Centro de Schoenstatt de Munich. Los pa\u00edses de Alemania, Italia, Austria, Rep\u00fablica Checa, Polonia, Suiza y Hungr\u00eda estuvieron representados para preparar el importante congreso.<\/p>\n<p>El objetivo del Congreso de la <a href=\"https:\/\/schoenstattdev.wpenginepowered.com\/es\/espiritualidad\/el-encuentro-mundial-de-las-familias-en-un-santuario-de-schoenstatt-en-alemania\/\">Familia<\/a> es hacer posible que esta diversidad y riqueza no la vivan solo unos pocos, sino muchas familias de toda Europa. Es alentador experimentar que hay muchas familias en toda Europa que arden por el ideal del matrimonio y se comprometen con \u00e9l. Un verdadero signo de esperanza para el futuro.<\/p>\n<p>Tras varios aplazamientos debido a la pandemia, por fin ha llegado el momento en 2023: del 28 de abril al 1\u00ba de mayo, el Centro de Schoenstatt de Viena en el Kahlenberg, que para entonces estar\u00e1 renovado y ampliado, ser\u00e1 el anfitri\u00f3n de este evento que unir\u00e1 a diversos pueblos. Se esperan unas 200 familias procedentes de hasta 23 pa\u00edses de Europa en los que existe el Movimiento de Schoenstatt, ya sea como una fuerte comunidad viva o todav\u00eda como un peque\u00f1o grupo comprometido con un fuerte esp\u00edritu pionero.<\/p>\n<h3>Portadores de esperanza en una \u00e9poca de alarma permanente, cambio clim\u00e1tico y polarizaci\u00f3n<\/h3>\n<p>En la primera tarde de la reuni\u00f3n preparatoria, cada pa\u00eds inform\u00f3 de d\u00f3nde es portador de esperanza en una \u00e9poca de incertidumbres y problemas globales. Se hizo visible la forma creativa y de muchas maneras en que las familias de los distintos pa\u00edses se aseguran de preservar el valor de la familia, para que se pueda aliviar la necesidad, como ahora en tiempos de guerra, y la gente encuentre protecci\u00f3n y un hogar. Pero tambi\u00e9n se not\u00f3 c\u00f3mo durante la pandemia en Schoenstatt la comunidad se mantuvo y se nutri\u00f3 de una manera muy creativa, aunque muchas cosas no fueran posibles como de costumbre. Al final del d\u00eda, todos los equipos llevaron simb\u00f3licamente sus pa\u00edses e intenciones a la Virgen en el Santuario. Cada pa\u00eds llev\u00f3 su bandera nacional y formul\u00f3 una petici\u00f3n muy especial en su propia lengua.<\/p>\n<p>Ingeborg y Richard Sickinger, directores del Movimiento de Schoenstatt de Austria, dieron el s\u00e1bado una charla impactante e inspiradora sobre el tema \u00abHacer brillar el ideal del matrimonio\u00bb. Discernieron la realidad, observaron y encontraron respuestas a la luz del Padre Kentenich a los signos candentes de los tiempos: vivimos en un estado de alarma permanente, el cambio clim\u00e1tico se convierte visiblemente en una amenaza, la creciente polarizaci\u00f3n de la sociedad amenaza con dividir los c\u00edrculos de amigos y familias.<\/p>\n<h3>Los valores centrales del Congreso de la Familia 2023: Familia, esperanza, futuro<\/h3>\n<p><img decoding=\"async\" class=\"alignnone size-full wp-image-24505\" src=\"https:\/\/schoenstatt.com\/wp-content\/uploads\/2022\/04\/Das-Licht-fur-den-Frieden.jpg\" alt=\"Congreso Familia\" width=\"1366\" height=\"768\" \/><\/p>\n<p>Luego la idea era planificar el Congreso de 2023 con este tel\u00f3n de fondo. En las rondas de intercambio, en las discusiones individuales, pero tambi\u00e9n en las sesiones plenarias, analizamos qu\u00e9 contenidos, qu\u00e9 formas de encuentro y qu\u00e9 condiciones organizativas son necesarias para que las familias se sientan c\u00f3modas y se desarrolle un clima de alegr\u00eda y fortalecimiento entre ellas. Hubo un trabajo intenso, se aportaron muchas ideas, pero tambi\u00e9n hubo una lucha por nuestras propias ideas, pero siempre se not\u00f3 que nos une nuestra misi\u00f3n com\u00fan. Tenemos mucho que transmitir, lo que hemos aprendido en la escuela del Padre Kentenich y lo que hemos probado en nuestra vida. Al final, brillaron tres valores centrales bajo los cuales este Congreso deber\u00eda sostenerse: Familia &#8211; Esperanza &#8211; Futuro. El lema se decidir\u00e1 pronto y se incluir\u00e1 en la invitaci\u00f3n.<\/p>\n<p>A pesar del intenso trabajo, no se descuid\u00f3 la alegr\u00eda y el compa\u00f1erismo; la tarde del s\u00e1bado se dedic\u00f3 a los encuentros internacionales. Cada pa\u00eds aport\u00f3 sus especialidades culinarias. Hubo cantos, bailes, adivinanzas y muchas risas, las barreras ling\u00fc\u00edsticas se superaron con mucho humor. Un bello ejemplo de la unidad de Europa en la diversidad.<\/p>\n<p>En la ronda de la cosecha, se expres\u00f3 claramente la alegr\u00eda de la misi\u00f3n com\u00fan y la anticipaci\u00f3n del Congreso de 2023. Todos los participantes estuvieron de acuerdo: nuestra fuerza es la unidad.<\/p>\n<p>Hay una gran expectativa por el Congreso Europeo de la Familia y los preparativos est\u00e1n en marcha. La misa de clausura tendr\u00e1 lugar en la catedral de San Esteban, en el coraz\u00f3n de Viena, con la misi\u00f3n de las familias. Un signo de que, como Familia de Schoenstatt, estamos dispuestos a poner nuestro carisma a disposici\u00f3n de toda la Iglesia.<\/p>\n","protected":false},"excerpt":{"rendered":"<p>Familias de Schoenstatt preparan el Congreso Europeo de la Familia 2023. Ser\u00e1 en Austria.<\/p>\n","protected":false},"author":1,"featured_media":24497,"comment_status":"closed","ping_status":"closed","sticky":false,"template":"","format":"standard","meta":{"footnotes":""},"categories":[917,790],"tags":[],"class_list":["post-52174","post","type-post","status-publish","format-standard","has-post-thumbnail","hentry","category-espiritualidad-es","category-paises-es"],"yoast_head":"<!-- This site is optimized with the Yoast SEO Premium plugin v27.4 (Yoast SEO v27.5) - https:\/\/yoast.com\/product\/yoast-seo-premium-wordpress\/ -->\n<title>&quot;La Familia - esperanza del futuro&quot; - Schoenstatt<\/title>\n<meta name=\"description\" content=\"Las familias de Schoenstatt en Europa est\u00e1n preparando el Congreso Europeo de la Familia, que tendr\u00e1 lugar en Austria en abril 2023. Las palabras clave son familia, esperanza y futuro.\" \/>\n<meta name=\"robots\" content=\"index, follow, max-snippet:-1, max-image-preview:large, max-video-preview:-1\" \/>\n<link rel=\"canonical\" href=\"https:\/\/schoenstatt.com\/es\/la-familia-esperanza-del-futuro\/\" \/>\n<meta property=\"og:locale\" content=\"es_ES\" \/>\n<meta property=\"og:type\" content=\"article\" \/>\n<meta property=\"og:title\" content=\"&quot;La Familia - esperanza del futuro&quot;\" \/>\n<meta property=\"og:description\" content=\"Las familias de Schoenstatt en Europa est\u00e1n preparando el Congreso Europeo de la Familia, que tendr\u00e1 lugar en Austria en abril 2023. Las palabras clave son familia, esperanza y futuro.\" \/>\n<meta property=\"og:url\" content=\"https:\/\/schoenstatt.com\/es\/la-familia-esperanza-del-futuro\/\" \/>\n<meta property=\"og:site_name\" content=\"Schoenstatt\" \/>\n<meta property=\"article:published_time\" content=\"2022-04-29T08:00:22+00:00\" \/>\n<meta property=\"article:modified_time\" content=\"2025-05-15T16:27:32+00:00\" \/>\n<meta property=\"og:image\" content=\"https:\/\/schoenstatt.com\/wp-content\/uploads\/2022\/04\/das-wir-traegt-1.jpg\" \/>\n\t<meta property=\"og:image:width\" content=\"1366\" \/>\n\t<meta property=\"og:image:height\" content=\"768\" \/>\n\t<meta property=\"og:image:type\" content=\"image\/jpeg\" \/>\n<meta name=\"author\" content=\"admin\" \/>\n<meta name=\"twitter:card\" content=\"summary_large_image\" \/>\n<meta name=\"twitter:label1\" content=\"Escrito por\" \/>\n\t<meta name=\"twitter:data1\" content=\"admin\" \/>\n\t<meta name=\"twitter:label2\" content=\"Tiempo de lectura\" \/>\n\t<meta name=\"twitter:data2\" content=\"5 minutos\" \/>\n<script type=\"application\/ld+json\" class=\"yoast-schema-graph\">{\"@context\":\"https:\\\/\\\/schema.org\",\"@graph\":[{\"@type\":\"Article\",\"@id\":\"https:\\\/\\\/schoenstatt.com\\\/es\\\/la-familia-esperanza-del-futuro\\\/#article\",\"isPartOf\":{\"@id\":\"https:\\\/\\\/schoenstatt.com\\\/es\\\/la-familia-esperanza-del-futuro\\\/\"},\"author\":{\"name\":\"admin\",\"@id\":\"https:\\\/\\\/schoenstatt.com\\\/es\\\/#\\\/schema\\\/person\\\/489465b1850e7b216fe2c10dfc262551\"},\"headline\":\"\u00abLa Familia &#8211; esperanza del futuro\u00bb\",\"datePublished\":\"2022-04-29T08:00:22+00:00\",\"dateModified\":\"2025-05-15T16:27:32+00:00\",\"mainEntityOfPage\":{\"@id\":\"https:\\\/\\\/schoenstatt.com\\\/es\\\/la-familia-esperanza-del-futuro\\\/\"},\"wordCount\":911,\"publisher\":{\"@id\":\"https:\\\/\\\/schoenstatt.com\\\/es\\\/#organization\"},\"image\":{\"@id\":\"https:\\\/\\\/schoenstatt.com\\\/es\\\/la-familia-esperanza-del-futuro\\\/#primaryimage\"},\"thumbnailUrl\":\"https:\\\/\\\/schoenstatt.com\\\/wp-content\\\/uploads\\\/2022\\\/04\\\/das-wir-traegt-1.jpg\",\"articleSection\":[\"Espiritualidad\",\"Pa\u00edses\"],\"inLanguage\":\"es\"},{\"@type\":\"WebPage\",\"@id\":\"https:\\\/\\\/schoenstatt.com\\\/es\\\/la-familia-esperanza-del-futuro\\\/\",\"url\":\"https:\\\/\\\/schoenstatt.com\\\/es\\\/la-familia-esperanza-del-futuro\\\/\",\"name\":\"\\\"La Familia - esperanza del futuro\\\" - Schoenstatt\",\"isPartOf\":{\"@id\":\"https:\\\/\\\/schoenstatt.com\\\/es\\\/#website\"},\"primaryImageOfPage\":{\"@id\":\"https:\\\/\\\/schoenstatt.com\\\/es\\\/la-familia-esperanza-del-futuro\\\/#primaryimage\"},\"image\":{\"@id\":\"https:\\\/\\\/schoenstatt.com\\\/es\\\/la-familia-esperanza-del-futuro\\\/#primaryimage\"},\"thumbnailUrl\":\"https:\\\/\\\/schoenstatt.com\\\/wp-content\\\/uploads\\\/2022\\\/04\\\/das-wir-traegt-1.jpg\",\"datePublished\":\"2022-04-29T08:00:22+00:00\",\"dateModified\":\"2025-05-15T16:27:32+00:00\",\"description\":\"Las familias de Schoenstatt en Europa est\u00e1n preparando el Congreso Europeo de la Familia, que tendr\u00e1 lugar en Austria en abril 2023. Las palabras clave son familia, esperanza y futuro.\",\"breadcrumb\":{\"@id\":\"https:\\\/\\\/schoenstatt.com\\\/es\\\/la-familia-esperanza-del-futuro\\\/#breadcrumb\"},\"inLanguage\":\"es\",\"potentialAction\":[{\"@type\":\"ReadAction\",\"target\":[\"https:\\\/\\\/schoenstatt.com\\\/es\\\/la-familia-esperanza-del-futuro\\\/\"]}]},{\"@type\":\"ImageObject\",\"inLanguage\":\"es\",\"@id\":\"https:\\\/\\\/schoenstatt.com\\\/es\\\/la-familia-esperanza-del-futuro\\\/#primaryimage\",\"url\":\"https:\\\/\\\/schoenstatt.com\\\/wp-content\\\/uploads\\\/2022\\\/04\\\/das-wir-traegt-1.jpg\",\"contentUrl\":\"https:\\\/\\\/schoenstatt.com\\\/wp-content\\\/uploads\\\/2022\\\/04\\\/das-wir-traegt-1.jpg\",\"width\":1366,\"height\":768,\"caption\":\"European Family Congress\"},{\"@type\":\"BreadcrumbList\",\"@id\":\"https:\\\/\\\/schoenstatt.com\\\/es\\\/la-familia-esperanza-del-futuro\\\/#breadcrumb\",\"itemListElement\":[{\"@type\":\"ListItem\",\"position\":1,\"name\":\"Portada\",\"item\":\"https:\\\/\\\/schoenstatt.com\\\/es\\\/home\\\/\"},{\"@type\":\"ListItem\",\"position\":2,\"name\":\"\u00abLa Familia &#8211; esperanza del futuro\u00bb\"}]},{\"@type\":\"WebSite\",\"@id\":\"https:\\\/\\\/schoenstatt.com\\\/es\\\/#website\",\"url\":\"https:\\\/\\\/schoenstatt.com\\\/es\\\/\",\"name\":\"Schoenstatt\",\"description\":\"Apostolic Movement\",\"publisher\":{\"@id\":\"https:\\\/\\\/schoenstatt.com\\\/es\\\/#organization\"},\"potentialAction\":[{\"@type\":\"SearchAction\",\"target\":{\"@type\":\"EntryPoint\",\"urlTemplate\":\"https:\\\/\\\/schoenstatt.com\\\/es\\\/?s={search_term_string}\"},\"query-input\":{\"@type\":\"PropertyValueSpecification\",\"valueRequired\":true,\"valueName\":\"search_term_string\"}}],\"inLanguage\":\"es\"},{\"@type\":\"Organization\",\"@id\":\"https:\\\/\\\/schoenstatt.com\\\/es\\\/#organization\",\"name\":\"Schoenstatt\",\"url\":\"https:\\\/\\\/schoenstatt.com\\\/es\\\/\",\"logo\":{\"@type\":\"ImageObject\",\"inLanguage\":\"es\",\"@id\":\"https:\\\/\\\/schoenstatt.com\\\/es\\\/#\\\/schema\\\/logo\\\/image\\\/\",\"url\":\"https:\\\/\\\/schoenstatt.com\\\/wp-content\\\/uploads\\\/2025\\\/04\\\/logo-schoenstatt-white-696x696-1.png\",\"contentUrl\":\"https:\\\/\\\/schoenstatt.com\\\/wp-content\\\/uploads\\\/2025\\\/04\\\/logo-schoenstatt-white-696x696-1.png\",\"width\":696,\"height\":694,\"caption\":\"Schoenstatt\"},\"image\":{\"@id\":\"https:\\\/\\\/schoenstatt.com\\\/es\\\/#\\\/schema\\\/logo\\\/image\\\/\"}},{\"@type\":\"Person\",\"@id\":\"https:\\\/\\\/schoenstatt.com\\\/es\\\/#\\\/schema\\\/person\\\/489465b1850e7b216fe2c10dfc262551\",\"name\":\"admin\",\"image\":{\"@type\":\"ImageObject\",\"inLanguage\":\"es\",\"@id\":\"https:\\\/\\\/secure.gravatar.com\\\/avatar\\\/02e8345e1ec40ab0e0a2a98fdde64a684bbaf994cddcb778b25b8b024ee9dfe6?s=96&d=mm&r=g\",\"url\":\"https:\\\/\\\/secure.gravatar.com\\\/avatar\\\/02e8345e1ec40ab0e0a2a98fdde64a684bbaf994cddcb778b25b8b024ee9dfe6?s=96&d=mm&r=g\",\"contentUrl\":\"https:\\\/\\\/secure.gravatar.com\\\/avatar\\\/02e8345e1ec40ab0e0a2a98fdde64a684bbaf994cddcb778b25b8b024ee9dfe6?s=96&d=mm&r=g\",\"caption\":\"admin\"},\"sameAs\":[\"https:\\\/\\\/schoenstatt.com\"],\"url\":\"https:\\\/\\\/schoenstatt.com\\\/es\\\/author\\\/admin\\\/\"}]}<\/script>\n<!-- \/ Yoast SEO Premium plugin. -->","yoast_head_json":{"title":"\"La Familia - esperanza del futuro\" - Schoenstatt","description":"Las familias de Schoenstatt en Europa est\u00e1n preparando el Congreso Europeo de la Familia, que tendr\u00e1 lugar en Austria en abril 2023. Las palabras clave son familia, esperanza y futuro.","robots":{"index":"index","follow":"follow","max-snippet":"max-snippet:-1","max-image-preview":"max-image-preview:large","max-video-preview":"max-video-preview:-1"},"canonical":"https:\/\/schoenstatt.com\/es\/la-familia-esperanza-del-futuro\/","og_locale":"es_ES","og_type":"article","og_title":"\"La Familia - esperanza del futuro\"","og_description":"Las familias de Schoenstatt en Europa est\u00e1n preparando el Congreso Europeo de la Familia, que tendr\u00e1 lugar en Austria en abril 2023. Las palabras clave son familia, esperanza y futuro.","og_url":"https:\/\/schoenstatt.com\/es\/la-familia-esperanza-del-futuro\/","og_site_name":"Schoenstatt","article_published_time":"2022-04-29T08:00:22+00:00","article_modified_time":"2025-05-15T16:27:32+00:00","og_image":[{"width":1366,"height":768,"url":"https:\/\/schoenstatt.com\/wp-content\/uploads\/2022\/04\/das-wir-traegt-1.jpg","type":"image\/jpeg"}],"author":"admin","twitter_card":"summary_large_image","twitter_misc":{"Escrito por":"admin","Tiempo de lectura":"5 minutos"},"schema":{"@context":"https:\/\/schema.org","@graph":[{"@type":"Article","@id":"https:\/\/schoenstatt.com\/es\/la-familia-esperanza-del-futuro\/#article","isPartOf":{"@id":"https:\/\/schoenstatt.com\/es\/la-familia-esperanza-del-futuro\/"},"author":{"name":"admin","@id":"https:\/\/schoenstatt.com\/es\/#\/schema\/person\/489465b1850e7b216fe2c10dfc262551"},"headline":"\u00abLa Familia &#8211; esperanza del futuro\u00bb","datePublished":"2022-04-29T08:00:22+00:00","dateModified":"2025-05-15T16:27:32+00:00","mainEntityOfPage":{"@id":"https:\/\/schoenstatt.com\/es\/la-familia-esperanza-del-futuro\/"},"wordCount":911,"publisher":{"@id":"https:\/\/schoenstatt.com\/es\/#organization"},"image":{"@id":"https:\/\/schoenstatt.com\/es\/la-familia-esperanza-del-futuro\/#primaryimage"},"thumbnailUrl":"https:\/\/schoenstatt.com\/wp-content\/uploads\/2022\/04\/das-wir-traegt-1.jpg","articleSection":["Espiritualidad","Pa\u00edses"],"inLanguage":"es"},{"@type":"WebPage","@id":"https:\/\/schoenstatt.com\/es\/la-familia-esperanza-del-futuro\/","url":"https:\/\/schoenstatt.com\/es\/la-familia-esperanza-del-futuro\/","name":"\"La Familia - esperanza del futuro\" - Schoenstatt","isPartOf":{"@id":"https:\/\/schoenstatt.com\/es\/#website"},"primaryImageOfPage":{"@id":"https:\/\/schoenstatt.com\/es\/la-familia-esperanza-del-futuro\/#primaryimage"},"image":{"@id":"https:\/\/schoenstatt.com\/es\/la-familia-esperanza-del-futuro\/#primaryimage"},"thumbnailUrl":"https:\/\/schoenstatt.com\/wp-content\/uploads\/2022\/04\/das-wir-traegt-1.jpg","datePublished":"2022-04-29T08:00:22+00:00","dateModified":"2025-05-15T16:27:32+00:00","description":"Las familias de Schoenstatt en Europa est\u00e1n preparando el Congreso Europeo de la Familia, que tendr\u00e1 lugar en Austria en abril 2023. Las palabras clave son familia, esperanza y futuro.","breadcrumb":{"@id":"https:\/\/schoenstatt.com\/es\/la-familia-esperanza-del-futuro\/#breadcrumb"},"inLanguage":"es","potentialAction":[{"@type":"ReadAction","target":["https:\/\/schoenstatt.com\/es\/la-familia-esperanza-del-futuro\/"]}]},{"@type":"ImageObject","inLanguage":"es","@id":"https:\/\/schoenstatt.com\/es\/la-familia-esperanza-del-futuro\/#primaryimage","url":"https:\/\/schoenstatt.com\/wp-content\/uploads\/2022\/04\/das-wir-traegt-1.jpg","contentUrl":"https:\/\/schoenstatt.com\/wp-content\/uploads\/2022\/04\/das-wir-traegt-1.jpg","width":1366,"height":768,"caption":"European Family Congress"},{"@type":"BreadcrumbList","@id":"https:\/\/schoenstatt.com\/es\/la-familia-esperanza-del-futuro\/#breadcrumb","itemListElement":[{"@type":"ListItem","position":1,"name":"Portada","item":"https:\/\/schoenstatt.com\/es\/home\/"},{"@type":"ListItem","position":2,"name":"\u00abLa Familia &#8211; esperanza del futuro\u00bb"}]},{"@type":"WebSite","@id":"https:\/\/schoenstatt.com\/es\/#website","url":"https:\/\/schoenstatt.com\/es\/","name":"Schoenstatt","description":"Apostolic Movement","publisher":{"@id":"https:\/\/schoenstatt.com\/es\/#organization"},"potentialAction":[{"@type":"SearchAction","target":{"@type":"EntryPoint","urlTemplate":"https:\/\/schoenstatt.com\/es\/?s={search_term_string}"},"query-input":{"@type":"PropertyValueSpecification","valueRequired":true,"valueName":"search_term_string"}}],"inLanguage":"es"},{"@type":"Organization","@id":"https:\/\/schoenstatt.com\/es\/#organization","name":"Schoenstatt","url":"https:\/\/schoenstatt.com\/es\/","logo":{"@type":"ImageObject","inLanguage":"es","@id":"https:\/\/schoenstatt.com\/es\/#\/schema\/logo\/image\/","url":"https:\/\/schoenstatt.com\/wp-content\/uploads\/2025\/04\/logo-schoenstatt-white-696x696-1.png","contentUrl":"https:\/\/schoenstatt.com\/wp-content\/uploads\/2025\/04\/logo-schoenstatt-white-696x696-1.png","width":696,"height":694,"caption":"Schoenstatt"},"image":{"@id":"https:\/\/schoenstatt.com\/es\/#\/schema\/logo\/image\/"}},{"@type":"Person","@id":"https:\/\/schoenstatt.com\/es\/#\/schema\/person\/489465b1850e7b216fe2c10dfc262551","name":"admin","image":{"@type":"ImageObject","inLanguage":"es","@id":"https:\/\/secure.gravatar.com\/avatar\/02e8345e1ec40ab0e0a2a98fdde64a684bbaf994cddcb778b25b8b024ee9dfe6?s=96&d=mm&r=g","url":"https:\/\/secure.gravatar.com\/avatar\/02e8345e1ec40ab0e0a2a98fdde64a684bbaf994cddcb778b25b8b024ee9dfe6?s=96&d=mm&r=g","contentUrl":"https:\/\/secure.gravatar.com\/avatar\/02e8345e1ec40ab0e0a2a98fdde64a684bbaf994cddcb778b25b8b024ee9dfe6?s=96&d=mm&r=g","caption":"admin"},"sameAs":["https:\/\/schoenstatt.com"],"url":"https:\/\/schoenstatt.com\/es\/author\/admin\/"}]}},"_links":{"self":[{"href":"https:\/\/schoenstatt.com\/es\/wp-json\/wp\/v2\/posts\/52174","targetHints":{"allow":["GET"]}}],"collection":[{"href":"https:\/\/schoenstatt.com\/es\/wp-json\/wp\/v2\/posts"}],"about":[{"href":"https:\/\/schoenstatt.com\/es\/wp-json\/wp\/v2\/types\/post"}],"author":[{"embeddable":true,"href":"https:\/\/schoenstatt.com\/es\/wp-json\/wp\/v2\/users\/1"}],"replies":[{"embeddable":true,"href":"https:\/\/schoenstatt.com\/es\/wp-json\/wp\/v2\/comments?post=52174"}],"version-history":[{"count":2,"href":"https:\/\/schoenstatt.com\/es\/wp-json\/wp\/v2\/posts\/52174\/revisions"}],"predecessor-version":[{"id":54205,"href":"https:\/\/schoenstatt.com\/es\/wp-json\/wp\/v2\/posts\/52174\/revisions\/54205"}],"wp:featuredmedia":[{"embeddable":true,"href":"https:\/\/schoenstatt.com\/es\/wp-json\/wp\/v2\/media\/24497"}],"wp:attachment":[{"href":"https:\/\/schoenstatt.com\/es\/wp-json\/wp\/v2\/media?parent=52174"}],"wp:term":[{"taxonomy":"category","embeddable":true,"href":"https:\/\/schoenstatt.com\/es\/wp-json\/wp\/v2\/categories?post=52174"},{"taxonomy":"post_tag","embeddable":true,"href":"https:\/\/schoenstatt.com\/es\/wp-json\/wp\/v2\/tags?post=52174"}],"curies":[{"name":"wp","href":"https:\/\/api.w.org\/{rel}","templated":true}]}}