{"id":51938,"date":"2022-05-26T15:26:20","date_gmt":"2022-05-26T13:26:20","guid":{"rendered":"https:\/\/schoenstattdev.wpenginepowered.com\/?p=24935"},"modified":"2025-05-15T18:03:50","modified_gmt":"2025-05-15T16:03:50","slug":"congreso-de-pentecostes-te-esperamos","status":"publish","type":"post","link":"https:\/\/schoenstatt.com\/es\/congreso-de-pentecostes-te-esperamos\/","title":{"rendered":"Congreso de Pentecost\u00e9s: \u00a1Te esperamos!"},"content":{"rendered":"<p>El P. Kentenich nos muestra al reflexionar sobre la visita de Mar\u00eda a su prima Isabel: \u00abTe vemos, Madre, apresur\u00e1ndote a ir con Jes\u00fas, a servir en la casa de Isabel que, jubilosa, est\u00e1 llena del Esp\u00edritu Santo\u00bb. (RC 342) Y tambi\u00e9n en Pentecost\u00e9s, \u00abTodos perseveraban unidos en la oraci\u00f3n, junto con las mujeres, entre las cuales estaba Mar\u00eda, la madre de Jes\u00fas.\u00bb (Hechos de los Ap\u00f3stoles 2, 14)<\/p>\n<p>Entre los bastidores del Congreso de Pentecost\u00e9s, Mar\u00eda tambi\u00e9n est\u00e1 presente a trav\u00e9s de muchas personas que, desde hace tiempo, est\u00e1n sirviendo para que el evento sea realmente un Cen\u00e1culo y como Familia \u00bb El Esp\u00edritu de Dios nos mueva \u00ab.<\/p>\n<h3>\u00a1Todos te estamos esperando!<\/h3>\n<p>Para que te sientas \u00abcomo en casa\u00bb a partir de ahora, te presentamos a algunas de estas personas:<\/p>\n<p>Ella es Vanessa Sicouret de Franke y coordina la log\u00edstica y la organizaci\u00f3n del Congreso de Pentecost\u00e9s. Trabaja como Asistente de Direcci\u00f3n en la empresa ETAIN, Alemania, y pertenece a la Liga de Familias de Schoenstatt.\u00a0 Coordina los equipos de traducci\u00f3n y publicaci\u00f3n de la p\u00e1gina web oficial (Schoenstatt.com).<\/p>\n<p><img fetchpriority=\"high\" decoding=\"async\" class=\"aligncenter wp-image-24926 size-full\" src=\"https:\/\/schoenstatt.com\/wp-content\/uploads\/2022\/05\/Vanessa-1.jpeg\" alt=\"\" width=\"1600\" height=\"1066\" \/><\/p>\n<p>\u00abCuando me preguntaron si pod\u00eda ayudar en la organizaci\u00f3n del Congreso, no tuve dudas. El car\u00e1cter de internacionalidad es el punto fundamental de mi decisi\u00f3n\u00bb. Dice que una de sus expectativas es conocer tambi\u00e9n a sus compatriotas.<\/p>\n<p>Vanessa tiene literalmente el congreso en sus manos; en las hojas de c\u00e1lculo, en los nombres de los participantes y en general en toda la planificaci\u00f3n. Siempre est\u00e1 atenta a los plazos y a los compromisos. Ella ya vive en Pentecost\u00e9s:<\/p>\n<p>\u00abEl Esp\u00edritu Santo es un compa\u00f1ero fiel en el camino de mi vida. Estar aqu\u00ed dispuesta a ayudar es mi respuesta a esta fidelidad\u00bb.<\/p>\n<h3>Un nuevo Cen\u00e1culo para Schoenstatt<\/h3>\n<p>El Padre Mat\u00edas Clavijo, es del Instituto de los Padres de Schoenstatt de Tucum\u00e1n, Argentina. Tuvo su terciado (tiempo de formaci\u00f3n dentro de su comunidad)\u00a0 a principios de a\u00f1o y se qued\u00f3 en Schoenstatt como responsable de la Secretar\u00eda del Congreso:<\/p>\n<p>\u00abCon un equipo, nos encargaremos de todas las cosas pr\u00e1cticas necesarias: fotocopias, papeles, grupos, agenda, etc.\u201d\u00a0 Dios lo prepar\u00f3 para esto a trav\u00e9s de su trabajo con la Juventud Masculina.<\/p>\n<p><img decoding=\"async\" class=\"alignnone wp-image-24930 size-full\" src=\"https:\/\/schoenstatt.com\/wp-content\/uploads\/2022\/05\/Padre-Matias-1.jpeg\" alt=\"\" width=\"1280\" height=\"720\" \/><\/p>\n<p>Se dedica a su tarea actual con la confianza de que del 8 al 12 de junio \u00abescucharemos juntos la voz del Esp\u00edritu Santo para nuestra Familia de Schoenstatt\u00bb. Mirando los papeles y expedientes que tiene que manejar, m\u00e1s que textos y n\u00fameros, \u00e9l ve personas: \u00ab\u00a1Los esperamos a todos! Que este encuentro sea un nuevo Cen\u00e1culo para Schoenstatt\u00bb.<\/p>\n<h3>Y una buena canci\u00f3n forma parte de ello<\/h3>\n<p>Puede que ustedes no conozcan a la hermana M. Tabea Platzer, pero seguramente\u00a0 la han escuchado cantar. Ella es una Hermana de Mar\u00eda que vive en Schoenstatt, Alemania, y que estudi\u00f3 m\u00fasica.\u00a0 Tiene la tarea de acompa\u00f1ar a las j\u00f3venes que vienen a iniciar su camino vocacional en el Instituto de las Hermanas.<\/p>\n<p>La Hna. Tabea tambi\u00e9n est\u00e1 ya en el esp\u00edritu del Cen\u00e1culo, preparando la m\u00fasica para el Congreso:<\/p>\n<p>\u00abEstoy feliz de que podamos ayudar a que surja una atm\u00f3sfera del Esp\u00edritu Santo durante el Congreso de Pentecost\u00e9s\u00bb.<\/p>\n<p>Cree que cuando rezamos y cantamos juntos, \u00abpodemos traer al Esp\u00edritu Santo siempre de nuevo en medio de nosotros para reconocer cada vez mejor hacia d\u00f3nde quiere llevarnos Dios\u00bb.<\/p>\n<p>\u00a1Estos son s\u00f3lo tres personas de las docenas de personas m\u00e1s, que ya est\u00e1n en el Cen\u00e1culo, en Alemania y en varias partes del mundo, sirviendo y esper\u00e1ndo a todos los participantes!<\/p>\n<p>Como dijo el Papa Francisco, \u00abel Esp\u00edritu nos hace entrar en una nueva din\u00e1mica de fraternidad&#8230;. Podemos mirarnos como hermanos y nuestras diferencias s\u00f3lo hacen que se multiplique la alegr\u00eda y la maravilla de pertenecer a una \u00fanica paternidad y hermandad.\u00bb (Pentecost\u00e9s, 2016)<\/p>\n<p><img decoding=\"async\" class=\"aligncenter wp-image-24934 size-full\" src=\"https:\/\/schoenstatt.com\/wp-content\/uploads\/2022\/05\/Ir-Tabea-1.jpeg\" alt=\"\" width=\"1143\" height=\"1068\" \/><\/p>\n","protected":false},"excerpt":{"rendered":"<p>Mar\u00eda prepara el ambiente para acoger al Esp\u00edritu Santo. <\/p>\n","protected":false},"author":3,"featured_media":24936,"comment_status":"closed","ping_status":"closed","sticky":false,"template":"","format":"standard","meta":{"footnotes":""},"categories":[909,683],"tags":[],"class_list":["post-51938","post","type-post","status-publish","format-standard","has-post-thumbnail","hentry","category-comunidades-de-schoenstatt-es","category-iglesia-es"],"yoast_head":"<!-- This site is optimized with the Yoast SEO Premium plugin v27.4 (Yoast SEO v27.5) - https:\/\/yoast.com\/product\/yoast-seo-premium-wordpress\/ -->\n<title>Congreso de Pentecost\u00e9s: \u00a1Te esperamos! - Schoenstatt<\/title>\n<meta name=\"description\" content=\"Entre los bastidores del Congreso de Pentecostes Mar\u00eda est\u00e1 presente a trav\u00e9s de muchas personas que est\u00e1n al servicio del evento.\" \/>\n<meta name=\"robots\" content=\"index, follow, max-snippet:-1, max-image-preview:large, max-video-preview:-1\" \/>\n<link rel=\"canonical\" href=\"https:\/\/schoenstatt.com\/es\/congreso-de-pentecostes-te-esperamos\/\" \/>\n<meta property=\"og:locale\" content=\"es_ES\" \/>\n<meta property=\"og:type\" content=\"article\" \/>\n<meta property=\"og:title\" content=\"Congreso de Pentecost\u00e9s: \u00a1Te esperamos!\" \/>\n<meta property=\"og:description\" content=\"Entre los bastidores del Congreso de Pentecostes Mar\u00eda est\u00e1 presente a trav\u00e9s de muchas personas que est\u00e1n al servicio del evento.\" \/>\n<meta property=\"og:url\" content=\"https:\/\/schoenstatt.com\/es\/congreso-de-pentecostes-te-esperamos\/\" \/>\n<meta property=\"og:site_name\" content=\"Schoenstatt\" \/>\n<meta property=\"article:published_time\" content=\"2022-05-26T13:26:20+00:00\" \/>\n<meta property=\"article:modified_time\" content=\"2025-05-15T16:03:50+00:00\" \/>\n<meta property=\"og:image\" content=\"https:\/\/schoenstatt.com\/wp-content\/uploads\/2022\/05\/14282727204_9a3345ce40_o-1.jpg\" \/>\n\t<meta property=\"og:image:width\" content=\"1872\" \/>\n\t<meta property=\"og:image:height\" content=\"1234\" \/>\n\t<meta property=\"og:image:type\" content=\"image\/jpeg\" \/>\n<meta name=\"author\" content=\"Karen Bueno\" \/>\n<meta name=\"twitter:card\" content=\"summary_large_image\" \/>\n<meta name=\"twitter:label1\" content=\"Escrito por\" \/>\n\t<meta name=\"twitter:data1\" content=\"Karen Bueno\" \/>\n\t<meta name=\"twitter:label2\" content=\"Tiempo de lectura\" \/>\n\t<meta name=\"twitter:data2\" content=\"4 minutos\" \/>\n<script type=\"application\/ld+json\" class=\"yoast-schema-graph\">{\"@context\":\"https:\\\/\\\/schema.org\",\"@graph\":[{\"@type\":\"Article\",\"@id\":\"https:\\\/\\\/schoenstatt.com\\\/es\\\/congreso-de-pentecostes-te-esperamos\\\/#article\",\"isPartOf\":{\"@id\":\"https:\\\/\\\/schoenstatt.com\\\/es\\\/congreso-de-pentecostes-te-esperamos\\\/\"},\"author\":{\"name\":\"Karen Bueno\",\"@id\":\"https:\\\/\\\/schoenstatt.com\\\/es\\\/#\\\/schema\\\/person\\\/5158877ad4acae98b34daaeef2a1ce6e\"},\"headline\":\"Congreso de Pentecost\u00e9s: \u00a1Te esperamos!\",\"datePublished\":\"2022-05-26T13:26:20+00:00\",\"dateModified\":\"2025-05-15T16:03:50+00:00\",\"mainEntityOfPage\":{\"@id\":\"https:\\\/\\\/schoenstatt.com\\\/es\\\/congreso-de-pentecostes-te-esperamos\\\/\"},\"wordCount\":688,\"publisher\":{\"@id\":\"https:\\\/\\\/schoenstatt.com\\\/es\\\/#organization\"},\"image\":{\"@id\":\"https:\\\/\\\/schoenstatt.com\\\/es\\\/congreso-de-pentecostes-te-esperamos\\\/#primaryimage\"},\"thumbnailUrl\":\"https:\\\/\\\/schoenstatt.com\\\/wp-content\\\/uploads\\\/2022\\\/05\\\/14282727204_9a3345ce40_o-1.jpg\",\"articleSection\":[\"Comunidades de Schoenstatt\",\"Iglesia\"],\"inLanguage\":\"es\"},{\"@type\":\"WebPage\",\"@id\":\"https:\\\/\\\/schoenstatt.com\\\/es\\\/congreso-de-pentecostes-te-esperamos\\\/\",\"url\":\"https:\\\/\\\/schoenstatt.com\\\/es\\\/congreso-de-pentecostes-te-esperamos\\\/\",\"name\":\"Congreso de Pentecost\u00e9s: \u00a1Te esperamos! - Schoenstatt\",\"isPartOf\":{\"@id\":\"https:\\\/\\\/schoenstatt.com\\\/es\\\/#website\"},\"primaryImageOfPage\":{\"@id\":\"https:\\\/\\\/schoenstatt.com\\\/es\\\/congreso-de-pentecostes-te-esperamos\\\/#primaryimage\"},\"image\":{\"@id\":\"https:\\\/\\\/schoenstatt.com\\\/es\\\/congreso-de-pentecostes-te-esperamos\\\/#primaryimage\"},\"thumbnailUrl\":\"https:\\\/\\\/schoenstatt.com\\\/wp-content\\\/uploads\\\/2022\\\/05\\\/14282727204_9a3345ce40_o-1.jpg\",\"datePublished\":\"2022-05-26T13:26:20+00:00\",\"dateModified\":\"2025-05-15T16:03:50+00:00\",\"description\":\"Entre los bastidores del Congreso de Pentecostes Mar\u00eda est\u00e1 presente a trav\u00e9s de muchas personas que est\u00e1n al servicio del evento.\",\"breadcrumb\":{\"@id\":\"https:\\\/\\\/schoenstatt.com\\\/es\\\/congreso-de-pentecostes-te-esperamos\\\/#breadcrumb\"},\"inLanguage\":\"es\",\"potentialAction\":[{\"@type\":\"ReadAction\",\"target\":[\"https:\\\/\\\/schoenstatt.com\\\/es\\\/congreso-de-pentecostes-te-esperamos\\\/\"]}]},{\"@type\":\"ImageObject\",\"inLanguage\":\"es\",\"@id\":\"https:\\\/\\\/schoenstatt.com\\\/es\\\/congreso-de-pentecostes-te-esperamos\\\/#primaryimage\",\"url\":\"https:\\\/\\\/schoenstatt.com\\\/wp-content\\\/uploads\\\/2022\\\/05\\\/14282727204_9a3345ce40_o-1.jpg\",\"contentUrl\":\"https:\\\/\\\/schoenstatt.com\\\/wp-content\\\/uploads\\\/2022\\\/05\\\/14282727204_9a3345ce40_o-1.jpg\",\"width\":1872,\"height\":1234},{\"@type\":\"BreadcrumbList\",\"@id\":\"https:\\\/\\\/schoenstatt.com\\\/es\\\/congreso-de-pentecostes-te-esperamos\\\/#breadcrumb\",\"itemListElement\":[{\"@type\":\"ListItem\",\"position\":1,\"name\":\"Portada\",\"item\":\"https:\\\/\\\/schoenstatt.com\\\/es\\\/home\\\/\"},{\"@type\":\"ListItem\",\"position\":2,\"name\":\"Congreso de Pentecost\u00e9s: \u00a1Te esperamos!\"}]},{\"@type\":\"WebSite\",\"@id\":\"https:\\\/\\\/schoenstatt.com\\\/es\\\/#website\",\"url\":\"https:\\\/\\\/schoenstatt.com\\\/es\\\/\",\"name\":\"Schoenstatt\",\"description\":\"Apostolic Movement\",\"publisher\":{\"@id\":\"https:\\\/\\\/schoenstatt.com\\\/es\\\/#organization\"},\"potentialAction\":[{\"@type\":\"SearchAction\",\"target\":{\"@type\":\"EntryPoint\",\"urlTemplate\":\"https:\\\/\\\/schoenstatt.com\\\/es\\\/?s={search_term_string}\"},\"query-input\":{\"@type\":\"PropertyValueSpecification\",\"valueRequired\":true,\"valueName\":\"search_term_string\"}}],\"inLanguage\":\"es\"},{\"@type\":\"Organization\",\"@id\":\"https:\\\/\\\/schoenstatt.com\\\/es\\\/#organization\",\"name\":\"Schoenstatt\",\"url\":\"https:\\\/\\\/schoenstatt.com\\\/es\\\/\",\"logo\":{\"@type\":\"ImageObject\",\"inLanguage\":\"es\",\"@id\":\"https:\\\/\\\/schoenstatt.com\\\/es\\\/#\\\/schema\\\/logo\\\/image\\\/\",\"url\":\"https:\\\/\\\/schoenstatt.com\\\/wp-content\\\/uploads\\\/2025\\\/04\\\/logo-schoenstatt-white-696x696-1.png\",\"contentUrl\":\"https:\\\/\\\/schoenstatt.com\\\/wp-content\\\/uploads\\\/2025\\\/04\\\/logo-schoenstatt-white-696x696-1.png\",\"width\":696,\"height\":694,\"caption\":\"Schoenstatt\"},\"image\":{\"@id\":\"https:\\\/\\\/schoenstatt.com\\\/es\\\/#\\\/schema\\\/logo\\\/image\\\/\"}},{\"@type\":\"Person\",\"@id\":\"https:\\\/\\\/schoenstatt.com\\\/es\\\/#\\\/schema\\\/person\\\/5158877ad4acae98b34daaeef2a1ce6e\",\"name\":\"Karen Bueno\",\"image\":{\"@type\":\"ImageObject\",\"inLanguage\":\"es\",\"@id\":\"https:\\\/\\\/secure.gravatar.com\\\/avatar\\\/f9f4b823873154269d2b2130f195f6d41037dd0d7fc5f3cacb5c846bae70d66b?s=96&d=mm&r=g\",\"url\":\"https:\\\/\\\/secure.gravatar.com\\\/avatar\\\/f9f4b823873154269d2b2130f195f6d41037dd0d7fc5f3cacb5c846bae70d66b?s=96&d=mm&r=g\",\"contentUrl\":\"https:\\\/\\\/secure.gravatar.com\\\/avatar\\\/f9f4b823873154269d2b2130f195f6d41037dd0d7fc5f3cacb5c846bae70d66b?s=96&d=mm&r=g\",\"caption\":\"Karen Bueno\"},\"url\":\"https:\\\/\\\/schoenstatt.com\\\/es\\\/author\\\/karen-bueno\\\/\"}]}<\/script>\n<!-- \/ Yoast SEO Premium plugin. -->","yoast_head_json":{"title":"Congreso de Pentecost\u00e9s: \u00a1Te esperamos! - Schoenstatt","description":"Entre los bastidores del Congreso de Pentecostes Mar\u00eda est\u00e1 presente a trav\u00e9s de muchas personas que est\u00e1n al servicio del evento.","robots":{"index":"index","follow":"follow","max-snippet":"max-snippet:-1","max-image-preview":"max-image-preview:large","max-video-preview":"max-video-preview:-1"},"canonical":"https:\/\/schoenstatt.com\/es\/congreso-de-pentecostes-te-esperamos\/","og_locale":"es_ES","og_type":"article","og_title":"Congreso de Pentecost\u00e9s: \u00a1Te esperamos!","og_description":"Entre los bastidores del Congreso de Pentecostes Mar\u00eda est\u00e1 presente a trav\u00e9s de muchas personas que est\u00e1n al servicio del evento.","og_url":"https:\/\/schoenstatt.com\/es\/congreso-de-pentecostes-te-esperamos\/","og_site_name":"Schoenstatt","article_published_time":"2022-05-26T13:26:20+00:00","article_modified_time":"2025-05-15T16:03:50+00:00","og_image":[{"width":1872,"height":1234,"url":"https:\/\/schoenstatt.com\/wp-content\/uploads\/2022\/05\/14282727204_9a3345ce40_o-1.jpg","type":"image\/jpeg"}],"author":"Karen Bueno","twitter_card":"summary_large_image","twitter_misc":{"Escrito por":"Karen Bueno","Tiempo de lectura":"4 minutos"},"schema":{"@context":"https:\/\/schema.org","@graph":[{"@type":"Article","@id":"https:\/\/schoenstatt.com\/es\/congreso-de-pentecostes-te-esperamos\/#article","isPartOf":{"@id":"https:\/\/schoenstatt.com\/es\/congreso-de-pentecostes-te-esperamos\/"},"author":{"name":"Karen Bueno","@id":"https:\/\/schoenstatt.com\/es\/#\/schema\/person\/5158877ad4acae98b34daaeef2a1ce6e"},"headline":"Congreso de Pentecost\u00e9s: \u00a1Te esperamos!","datePublished":"2022-05-26T13:26:20+00:00","dateModified":"2025-05-15T16:03:50+00:00","mainEntityOfPage":{"@id":"https:\/\/schoenstatt.com\/es\/congreso-de-pentecostes-te-esperamos\/"},"wordCount":688,"publisher":{"@id":"https:\/\/schoenstatt.com\/es\/#organization"},"image":{"@id":"https:\/\/schoenstatt.com\/es\/congreso-de-pentecostes-te-esperamos\/#primaryimage"},"thumbnailUrl":"https:\/\/schoenstatt.com\/wp-content\/uploads\/2022\/05\/14282727204_9a3345ce40_o-1.jpg","articleSection":["Comunidades de Schoenstatt","Iglesia"],"inLanguage":"es"},{"@type":"WebPage","@id":"https:\/\/schoenstatt.com\/es\/congreso-de-pentecostes-te-esperamos\/","url":"https:\/\/schoenstatt.com\/es\/congreso-de-pentecostes-te-esperamos\/","name":"Congreso de Pentecost\u00e9s: \u00a1Te esperamos! - Schoenstatt","isPartOf":{"@id":"https:\/\/schoenstatt.com\/es\/#website"},"primaryImageOfPage":{"@id":"https:\/\/schoenstatt.com\/es\/congreso-de-pentecostes-te-esperamos\/#primaryimage"},"image":{"@id":"https:\/\/schoenstatt.com\/es\/congreso-de-pentecostes-te-esperamos\/#primaryimage"},"thumbnailUrl":"https:\/\/schoenstatt.com\/wp-content\/uploads\/2022\/05\/14282727204_9a3345ce40_o-1.jpg","datePublished":"2022-05-26T13:26:20+00:00","dateModified":"2025-05-15T16:03:50+00:00","description":"Entre los bastidores del Congreso de Pentecostes Mar\u00eda est\u00e1 presente a trav\u00e9s de muchas personas que est\u00e1n al servicio del evento.","breadcrumb":{"@id":"https:\/\/schoenstatt.com\/es\/congreso-de-pentecostes-te-esperamos\/#breadcrumb"},"inLanguage":"es","potentialAction":[{"@type":"ReadAction","target":["https:\/\/schoenstatt.com\/es\/congreso-de-pentecostes-te-esperamos\/"]}]},{"@type":"ImageObject","inLanguage":"es","@id":"https:\/\/schoenstatt.com\/es\/congreso-de-pentecostes-te-esperamos\/#primaryimage","url":"https:\/\/schoenstatt.com\/wp-content\/uploads\/2022\/05\/14282727204_9a3345ce40_o-1.jpg","contentUrl":"https:\/\/schoenstatt.com\/wp-content\/uploads\/2022\/05\/14282727204_9a3345ce40_o-1.jpg","width":1872,"height":1234},{"@type":"BreadcrumbList","@id":"https:\/\/schoenstatt.com\/es\/congreso-de-pentecostes-te-esperamos\/#breadcrumb","itemListElement":[{"@type":"ListItem","position":1,"name":"Portada","item":"https:\/\/schoenstatt.com\/es\/home\/"},{"@type":"ListItem","position":2,"name":"Congreso de Pentecost\u00e9s: \u00a1Te esperamos!"}]},{"@type":"WebSite","@id":"https:\/\/schoenstatt.com\/es\/#website","url":"https:\/\/schoenstatt.com\/es\/","name":"Schoenstatt","description":"Apostolic Movement","publisher":{"@id":"https:\/\/schoenstatt.com\/es\/#organization"},"potentialAction":[{"@type":"SearchAction","target":{"@type":"EntryPoint","urlTemplate":"https:\/\/schoenstatt.com\/es\/?s={search_term_string}"},"query-input":{"@type":"PropertyValueSpecification","valueRequired":true,"valueName":"search_term_string"}}],"inLanguage":"es"},{"@type":"Organization","@id":"https:\/\/schoenstatt.com\/es\/#organization","name":"Schoenstatt","url":"https:\/\/schoenstatt.com\/es\/","logo":{"@type":"ImageObject","inLanguage":"es","@id":"https:\/\/schoenstatt.com\/es\/#\/schema\/logo\/image\/","url":"https:\/\/schoenstatt.com\/wp-content\/uploads\/2025\/04\/logo-schoenstatt-white-696x696-1.png","contentUrl":"https:\/\/schoenstatt.com\/wp-content\/uploads\/2025\/04\/logo-schoenstatt-white-696x696-1.png","width":696,"height":694,"caption":"Schoenstatt"},"image":{"@id":"https:\/\/schoenstatt.com\/es\/#\/schema\/logo\/image\/"}},{"@type":"Person","@id":"https:\/\/schoenstatt.com\/es\/#\/schema\/person\/5158877ad4acae98b34daaeef2a1ce6e","name":"Karen Bueno","image":{"@type":"ImageObject","inLanguage":"es","@id":"https:\/\/secure.gravatar.com\/avatar\/f9f4b823873154269d2b2130f195f6d41037dd0d7fc5f3cacb5c846bae70d66b?s=96&d=mm&r=g","url":"https:\/\/secure.gravatar.com\/avatar\/f9f4b823873154269d2b2130f195f6d41037dd0d7fc5f3cacb5c846bae70d66b?s=96&d=mm&r=g","contentUrl":"https:\/\/secure.gravatar.com\/avatar\/f9f4b823873154269d2b2130f195f6d41037dd0d7fc5f3cacb5c846bae70d66b?s=96&d=mm&r=g","caption":"Karen Bueno"},"url":"https:\/\/schoenstatt.com\/es\/author\/karen-bueno\/"}]}},"_links":{"self":[{"href":"https:\/\/schoenstatt.com\/es\/wp-json\/wp\/v2\/posts\/51938","targetHints":{"allow":["GET"]}}],"collection":[{"href":"https:\/\/schoenstatt.com\/es\/wp-json\/wp\/v2\/posts"}],"about":[{"href":"https:\/\/schoenstatt.com\/es\/wp-json\/wp\/v2\/types\/post"}],"author":[{"embeddable":true,"href":"https:\/\/schoenstatt.com\/es\/wp-json\/wp\/v2\/users\/3"}],"replies":[{"embeddable":true,"href":"https:\/\/schoenstatt.com\/es\/wp-json\/wp\/v2\/comments?post=51938"}],"version-history":[{"count":1,"href":"https:\/\/schoenstatt.com\/es\/wp-json\/wp\/v2\/posts\/51938\/revisions"}],"predecessor-version":[{"id":52072,"href":"https:\/\/schoenstatt.com\/es\/wp-json\/wp\/v2\/posts\/51938\/revisions\/52072"}],"wp:featuredmedia":[{"embeddable":true,"href":"https:\/\/schoenstatt.com\/es\/wp-json\/wp\/v2\/media\/24936"}],"wp:attachment":[{"href":"https:\/\/schoenstatt.com\/es\/wp-json\/wp\/v2\/media?parent=51938"}],"wp:term":[{"taxonomy":"category","embeddable":true,"href":"https:\/\/schoenstatt.com\/es\/wp-json\/wp\/v2\/categories?post=51938"},{"taxonomy":"post_tag","embeddable":true,"href":"https:\/\/schoenstatt.com\/es\/wp-json\/wp\/v2\/tags?post=51938"}],"curies":[{"name":"wp","href":"https:\/\/api.w.org\/{rel}","templated":true}]}}