{"id":51912,"date":"2022-05-03T09:05:17","date_gmt":"2022-05-03T07:05:17","guid":{"rendered":"https:\/\/schoenstattdev.wpenginepowered.com\/?p=24621"},"modified":"2025-05-15T18:18:39","modified_gmt":"2025-05-15T16:18:39","slug":"comunicado-oficial-del-movimiento-internacional-de-schoenstatt","status":"publish","type":"post","link":"https:\/\/schoenstatt.com\/es\/comunicado-oficial-del-movimiento-internacional-de-schoenstatt\/","title":{"rendered":"Comunicado oficial del Movimiento Internacional de Schoenstatt"},"content":{"rendered":"<p>En nuestra calidad de Presidencia General de la Obra Internacional de Schoenstatt hemos tomado conocimiento de la decisi\u00f3n del Obispo, Dr. Stefan Ackermann, de suspender el proceso de beatificaci\u00f3n del fundador del Movimiento de Schoenstatt, P. Jos\u00e9 Kentenich. Acogemos esa decisi\u00f3n no sin agradecer a la di\u00f3cesis por la gesti\u00f3n hecha hasta ahora en relaci\u00f3n con dicho proceso. Schoenstatt aprovechar\u00e1 la suspensi\u00f3n del proceso de beatificaci\u00f3n para una nueva e intensa elaboraci\u00f3n de los contextos hist\u00f3ricos.<\/p>\n<p>Hace dos a\u00f1os se hicieron p\u00fablicas unas denuncias de abuso contra el P. Kentenich. En marzo de 2020 se abrieron los archivos vaticanos hasta fines del pontificado del papa P\u00edo XII, en 1958. Se pens\u00f3 que las mencionadas acusaciones habr\u00edan salido a luz en virtud de los documentos existentes en los archivos a los que ahora se ten\u00eda acceso; que de ese modo se habr\u00eda revelado el motivo verdadero y hasta entonces oculto del exilio del P. Kentenich. En realidad las acusaciones publicadas desde 2020 provienen casi por completo de los archivos de los palotinos en Limburgo &#8211; no de los archivos romanos ahora abiertos &#8211; y figuraban ya en el proceso de beatificaci\u00f3n. Los participantes de ese proceso conoc\u00edan las actas pero no pod\u00edan publicarlas. Las investigaciones hechas hasta ahora se\u00f1alan que los documentos de los archivos romanos no a\u00f1aden nada sustancialmente nuevo a las acusaciones ya conocidas en el proceso de beatificaci\u00f3n. Pero el nuevo material de archivo accesible es importante porque ayuda a iluminar la situaci\u00f3n global de las visitaciones de Schoenstatt y del tiempo del exilio del P. Kentenich.<\/p>\n<p>Sobre el trasfondo de los actuales debates en torno del P. Kentenich, en 2021 el Obispo Ackermann hizo investigar nuevamente la acusaci\u00f3n de un ciudadano norteamericano de que el P. Kentenich habr\u00eda abusado sexualmente de \u00e9l, acusaci\u00f3n ya investigada en el marco del proceso de beatificaci\u00f3n. Tomamos conocimiento del resultado por el comunicado de prensa del Obispado.<\/p>\n<p>El equipo de investigadores anunciado por el Obispo Ackermann en 2020, pensado primeramente como comisi\u00f3n de historiadores, y luego convocado como equipo de expertos, no ha trabajado en cuanto a los contenidos. No obstante el Obispo promueve una investigaci\u00f3n transparente y libre. Compartimos esa consigna. Donde hasta el momento se impon\u00eda reserva y discreci\u00f3n en consideraci\u00f3n del proceso de beatificaci\u00f3n en curso, ahora preguntas y conocimientos pueden tratarse y comunicarse con la debida franqueza. Se est\u00e1n haciendo reflexiones sobre en qu\u00e9 marco se prosiguen las investigaciones.<\/p>\n<p>La <a href=\"https:\/\/schoenstattdev.wpenginepowered.com\/es\/p-jose-kentenich\/suspension-del-proceso-de-beatificacion-del-p-kentenich\/\">decisi\u00f3n del Obispo<\/a> es para nosotros, como schoenstattianos, un impulso. La nueva investigaci\u00f3n de los contextos puede contribuir a comprender mejor al fundador de Schoenstatt, tambi\u00e9n en cuanto personalidad que, consciente de su misi\u00f3n para la <a href=\"https:\/\/www.vatican.va\/content\/vatican\/es.html\">Iglesia<\/a>, puede suscitar y soportar resistencias. Nuestra aspiraci\u00f3n a una vida aut\u00e9nticamente cristiana, adecuada a este tiempo y capaz de colaborar en la plasmaci\u00f3n de la Iglesia y de la sociedad, es el mejor camino para mantener vivo al P. Kentenich y su importancia para la actualidad.<\/p>\n<p>&nbsp;<\/p>\n<p style=\"font-size: 15px;\"><strong>Contacto<\/strong>:<br \/>\nCoordinaci\u00f3n Internacional de Schoenstatt,<br \/>\nH\u00f6hrer Stra\u00dfe 103a, 56179 Vallendar, Alemania,<br \/>\nM\u00f3vil: 0049 157 8193 4602, E-Mail: <a href=\"mailto:coordination@schoenstatt.com\">coordination@schoenstatt.com<\/a><\/p>\n","protected":false},"excerpt":{"rendered":"<p>Presidencia General de la Obra Internacional de Schoenstatt<br \/>\nSobre la comunicaci\u00f3n de prensa del Obispado de Tr\u00e9veris del 3 de mayo de 2022<br \/>\n\u201cSuspensi\u00f3n del proceso de beatificaci\u00f3n del P. Kentenich\u201d <\/p>\n","protected":false},"author":6,"featured_media":24611,"comment_status":"closed","ping_status":"closed","sticky":false,"template":"","format":"standard","meta":{"footnotes":""},"categories":[893,683,881],"tags":[],"class_list":["post-51912","post","type-post","status-publish","format-standard","has-post-thumbnail","hentry","category-causa-kentenich-es","category-iglesia-es","category-p-jose-kentenich-es"],"yoast_head":"<!-- This site is optimized with the Yoast SEO Premium plugin v27.4 (Yoast SEO v27.4) - https:\/\/yoast.com\/product\/yoast-seo-premium-wordpress\/ -->\n<title>Comunicado oficial del Movimiento Internacional de Schoenstatt<\/title>\n<meta name=\"description\" content=\"Schoenstatt aprovechar\u00e1 la suspensi\u00f3n del proceso de beatificaci\u00f3n para una nueva e intensa elaboraci\u00f3n de los contextos hist\u00f3ricos.\" \/>\n<meta name=\"robots\" content=\"index, follow, max-snippet:-1, max-image-preview:large, max-video-preview:-1\" \/>\n<link rel=\"canonical\" href=\"https:\/\/schoenstatt.com\/es\/comunicado-oficial-del-movimiento-internacional-de-schoenstatt\/\" \/>\n<meta property=\"og:locale\" content=\"es_ES\" \/>\n<meta property=\"og:type\" content=\"article\" \/>\n<meta property=\"og:title\" content=\"Comunicado oficial del Movimiento Internacional de Schoenstatt\" \/>\n<meta property=\"og:description\" content=\"Schoenstatt aprovechar\u00e1 la suspensi\u00f3n del proceso de beatificaci\u00f3n para una nueva e intensa elaboraci\u00f3n de los contextos hist\u00f3ricos.\" \/>\n<meta property=\"og:url\" content=\"https:\/\/schoenstatt.com\/es\/comunicado-oficial-del-movimiento-internacional-de-schoenstatt\/\" \/>\n<meta property=\"og:site_name\" content=\"Schoenstatt\" \/>\n<meta property=\"article:published_time\" content=\"2022-05-03T07:05:17+00:00\" \/>\n<meta property=\"article:modified_time\" content=\"2025-05-15T16:18:39+00:00\" \/>\n<meta property=\"og:image\" content=\"https:\/\/schoenstatt.com\/wp-content\/uploads\/2022\/05\/Urheiligtum-1.png\" \/>\n\t<meta property=\"og:image:width\" content=\"1024\" \/>\n\t<meta property=\"og:image:height\" content=\"500\" \/>\n\t<meta property=\"og:image:type\" content=\"image\/png\" \/>\n<meta name=\"author\" content=\"Vanessa Franke\" \/>\n<meta name=\"twitter:card\" content=\"summary_large_image\" \/>\n<meta name=\"twitter:label1\" content=\"Escrito por\" \/>\n\t<meta name=\"twitter:data1\" content=\"Vanessa Franke\" \/>\n\t<meta name=\"twitter:label2\" content=\"Tiempo de lectura\" \/>\n\t<meta name=\"twitter:data2\" content=\"3 minutos\" \/>\n<script type=\"application\/ld+json\" class=\"yoast-schema-graph\">{\"@context\":\"https:\\\/\\\/schema.org\",\"@graph\":[{\"@type\":\"Article\",\"@id\":\"https:\\\/\\\/schoenstatt.com\\\/es\\\/comunicado-oficial-del-movimiento-internacional-de-schoenstatt\\\/#article\",\"isPartOf\":{\"@id\":\"https:\\\/\\\/schoenstatt.com\\\/es\\\/comunicado-oficial-del-movimiento-internacional-de-schoenstatt\\\/\"},\"author\":{\"name\":\"Vanessa Franke\",\"@id\":\"https:\\\/\\\/schoenstatt.com\\\/es\\\/#\\\/schema\\\/person\\\/ea97a60c723e21c923e2177f0f3163f7\"},\"headline\":\"Comunicado oficial del Movimiento Internacional de Schoenstatt\",\"datePublished\":\"2022-05-03T07:05:17+00:00\",\"dateModified\":\"2025-05-15T16:18:39+00:00\",\"mainEntityOfPage\":{\"@id\":\"https:\\\/\\\/schoenstatt.com\\\/es\\\/comunicado-oficial-del-movimiento-internacional-de-schoenstatt\\\/\"},\"wordCount\":549,\"publisher\":{\"@id\":\"https:\\\/\\\/schoenstatt.com\\\/es\\\/#organization\"},\"image\":{\"@id\":\"https:\\\/\\\/schoenstatt.com\\\/es\\\/comunicado-oficial-del-movimiento-internacional-de-schoenstatt\\\/#primaryimage\"},\"thumbnailUrl\":\"https:\\\/\\\/schoenstatt.com\\\/wp-content\\\/uploads\\\/2022\\\/05\\\/Urheiligtum-1.png\",\"articleSection\":[\"Causa Kentenich\",\"Iglesia\",\"P. Jos\u00e9 Kentenich\"],\"inLanguage\":\"es\"},{\"@type\":\"WebPage\",\"@id\":\"https:\\\/\\\/schoenstatt.com\\\/es\\\/comunicado-oficial-del-movimiento-internacional-de-schoenstatt\\\/\",\"url\":\"https:\\\/\\\/schoenstatt.com\\\/es\\\/comunicado-oficial-del-movimiento-internacional-de-schoenstatt\\\/\",\"name\":\"Comunicado oficial del Movimiento Internacional de Schoenstatt\",\"isPartOf\":{\"@id\":\"https:\\\/\\\/schoenstatt.com\\\/es\\\/#website\"},\"primaryImageOfPage\":{\"@id\":\"https:\\\/\\\/schoenstatt.com\\\/es\\\/comunicado-oficial-del-movimiento-internacional-de-schoenstatt\\\/#primaryimage\"},\"image\":{\"@id\":\"https:\\\/\\\/schoenstatt.com\\\/es\\\/comunicado-oficial-del-movimiento-internacional-de-schoenstatt\\\/#primaryimage\"},\"thumbnailUrl\":\"https:\\\/\\\/schoenstatt.com\\\/wp-content\\\/uploads\\\/2022\\\/05\\\/Urheiligtum-1.png\",\"datePublished\":\"2022-05-03T07:05:17+00:00\",\"dateModified\":\"2025-05-15T16:18:39+00:00\",\"description\":\"Schoenstatt aprovechar\u00e1 la suspensi\u00f3n del proceso de beatificaci\u00f3n para una nueva e intensa elaboraci\u00f3n de los contextos hist\u00f3ricos.\",\"breadcrumb\":{\"@id\":\"https:\\\/\\\/schoenstatt.com\\\/es\\\/comunicado-oficial-del-movimiento-internacional-de-schoenstatt\\\/#breadcrumb\"},\"inLanguage\":\"es\",\"potentialAction\":[{\"@type\":\"ReadAction\",\"target\":[\"https:\\\/\\\/schoenstatt.com\\\/es\\\/comunicado-oficial-del-movimiento-internacional-de-schoenstatt\\\/\"]}]},{\"@type\":\"ImageObject\",\"inLanguage\":\"es\",\"@id\":\"https:\\\/\\\/schoenstatt.com\\\/es\\\/comunicado-oficial-del-movimiento-internacional-de-schoenstatt\\\/#primaryimage\",\"url\":\"https:\\\/\\\/schoenstatt.com\\\/wp-content\\\/uploads\\\/2022\\\/05\\\/Urheiligtum-1.png\",\"contentUrl\":\"https:\\\/\\\/schoenstatt.com\\\/wp-content\\\/uploads\\\/2022\\\/05\\\/Urheiligtum-1.png\",\"width\":1024,\"height\":500,\"caption\":\"Schoenstatt Movement\"},{\"@type\":\"BreadcrumbList\",\"@id\":\"https:\\\/\\\/schoenstatt.com\\\/es\\\/comunicado-oficial-del-movimiento-internacional-de-schoenstatt\\\/#breadcrumb\",\"itemListElement\":[{\"@type\":\"ListItem\",\"position\":1,\"name\":\"Portada\",\"item\":\"https:\\\/\\\/schoenstatt.com\\\/es\\\/home\\\/\"},{\"@type\":\"ListItem\",\"position\":2,\"name\":\"Comunicado oficial del Movimiento Internacional de Schoenstatt\"}]},{\"@type\":\"WebSite\",\"@id\":\"https:\\\/\\\/schoenstatt.com\\\/es\\\/#website\",\"url\":\"https:\\\/\\\/schoenstatt.com\\\/es\\\/\",\"name\":\"Schoenstatt\",\"description\":\"Apostolic Movement\",\"publisher\":{\"@id\":\"https:\\\/\\\/schoenstatt.com\\\/es\\\/#organization\"},\"potentialAction\":[{\"@type\":\"SearchAction\",\"target\":{\"@type\":\"EntryPoint\",\"urlTemplate\":\"https:\\\/\\\/schoenstatt.com\\\/es\\\/?s={search_term_string}\"},\"query-input\":{\"@type\":\"PropertyValueSpecification\",\"valueRequired\":true,\"valueName\":\"search_term_string\"}}],\"inLanguage\":\"es\"},{\"@type\":\"Organization\",\"@id\":\"https:\\\/\\\/schoenstatt.com\\\/es\\\/#organization\",\"name\":\"Schoenstatt\",\"url\":\"https:\\\/\\\/schoenstatt.com\\\/es\\\/\",\"logo\":{\"@type\":\"ImageObject\",\"inLanguage\":\"es\",\"@id\":\"https:\\\/\\\/schoenstatt.com\\\/es\\\/#\\\/schema\\\/logo\\\/image\\\/\",\"url\":\"https:\\\/\\\/schoenstatt.com\\\/wp-content\\\/uploads\\\/2025\\\/04\\\/logo-schoenstatt-white-696x696-1.png\",\"contentUrl\":\"https:\\\/\\\/schoenstatt.com\\\/wp-content\\\/uploads\\\/2025\\\/04\\\/logo-schoenstatt-white-696x696-1.png\",\"width\":696,\"height\":694,\"caption\":\"Schoenstatt\"},\"image\":{\"@id\":\"https:\\\/\\\/schoenstatt.com\\\/es\\\/#\\\/schema\\\/logo\\\/image\\\/\"}},{\"@type\":\"Person\",\"@id\":\"https:\\\/\\\/schoenstatt.com\\\/es\\\/#\\\/schema\\\/person\\\/ea97a60c723e21c923e2177f0f3163f7\",\"name\":\"Vanessa Franke\",\"image\":{\"@type\":\"ImageObject\",\"inLanguage\":\"es\",\"@id\":\"https:\\\/\\\/secure.gravatar.com\\\/avatar\\\/a9bcca3409928ccd3195eca11e2ccbb2e5d7c7912e9a945d4f326f81a0a5cb4a?s=96&d=mm&r=g\",\"url\":\"https:\\\/\\\/secure.gravatar.com\\\/avatar\\\/a9bcca3409928ccd3195eca11e2ccbb2e5d7c7912e9a945d4f326f81a0a5cb4a?s=96&d=mm&r=g\",\"contentUrl\":\"https:\\\/\\\/secure.gravatar.com\\\/avatar\\\/a9bcca3409928ccd3195eca11e2ccbb2e5d7c7912e9a945d4f326f81a0a5cb4a?s=96&d=mm&r=g\",\"caption\":\"Vanessa Franke\"},\"url\":\"https:\\\/\\\/schoenstatt.com\\\/es\\\/author\\\/vanessa-franke\\\/\"}]}<\/script>\n<!-- \/ Yoast SEO Premium plugin. -->","yoast_head_json":{"title":"Comunicado oficial del Movimiento Internacional de Schoenstatt","description":"Schoenstatt aprovechar\u00e1 la suspensi\u00f3n del proceso de beatificaci\u00f3n para una nueva e intensa elaboraci\u00f3n de los contextos hist\u00f3ricos.","robots":{"index":"index","follow":"follow","max-snippet":"max-snippet:-1","max-image-preview":"max-image-preview:large","max-video-preview":"max-video-preview:-1"},"canonical":"https:\/\/schoenstatt.com\/es\/comunicado-oficial-del-movimiento-internacional-de-schoenstatt\/","og_locale":"es_ES","og_type":"article","og_title":"Comunicado oficial del Movimiento Internacional de Schoenstatt","og_description":"Schoenstatt aprovechar\u00e1 la suspensi\u00f3n del proceso de beatificaci\u00f3n para una nueva e intensa elaboraci\u00f3n de los contextos hist\u00f3ricos.","og_url":"https:\/\/schoenstatt.com\/es\/comunicado-oficial-del-movimiento-internacional-de-schoenstatt\/","og_site_name":"Schoenstatt","article_published_time":"2022-05-03T07:05:17+00:00","article_modified_time":"2025-05-15T16:18:39+00:00","og_image":[{"width":1024,"height":500,"url":"https:\/\/schoenstatt.com\/wp-content\/uploads\/2022\/05\/Urheiligtum-1.png","type":"image\/png"}],"author":"Vanessa Franke","twitter_card":"summary_large_image","twitter_misc":{"Escrito por":"Vanessa Franke","Tiempo de lectura":"3 minutos"},"schema":{"@context":"https:\/\/schema.org","@graph":[{"@type":"Article","@id":"https:\/\/schoenstatt.com\/es\/comunicado-oficial-del-movimiento-internacional-de-schoenstatt\/#article","isPartOf":{"@id":"https:\/\/schoenstatt.com\/es\/comunicado-oficial-del-movimiento-internacional-de-schoenstatt\/"},"author":{"name":"Vanessa Franke","@id":"https:\/\/schoenstatt.com\/es\/#\/schema\/person\/ea97a60c723e21c923e2177f0f3163f7"},"headline":"Comunicado oficial del Movimiento Internacional de Schoenstatt","datePublished":"2022-05-03T07:05:17+00:00","dateModified":"2025-05-15T16:18:39+00:00","mainEntityOfPage":{"@id":"https:\/\/schoenstatt.com\/es\/comunicado-oficial-del-movimiento-internacional-de-schoenstatt\/"},"wordCount":549,"publisher":{"@id":"https:\/\/schoenstatt.com\/es\/#organization"},"image":{"@id":"https:\/\/schoenstatt.com\/es\/comunicado-oficial-del-movimiento-internacional-de-schoenstatt\/#primaryimage"},"thumbnailUrl":"https:\/\/schoenstatt.com\/wp-content\/uploads\/2022\/05\/Urheiligtum-1.png","articleSection":["Causa Kentenich","Iglesia","P. Jos\u00e9 Kentenich"],"inLanguage":"es"},{"@type":"WebPage","@id":"https:\/\/schoenstatt.com\/es\/comunicado-oficial-del-movimiento-internacional-de-schoenstatt\/","url":"https:\/\/schoenstatt.com\/es\/comunicado-oficial-del-movimiento-internacional-de-schoenstatt\/","name":"Comunicado oficial del Movimiento Internacional de Schoenstatt","isPartOf":{"@id":"https:\/\/schoenstatt.com\/es\/#website"},"primaryImageOfPage":{"@id":"https:\/\/schoenstatt.com\/es\/comunicado-oficial-del-movimiento-internacional-de-schoenstatt\/#primaryimage"},"image":{"@id":"https:\/\/schoenstatt.com\/es\/comunicado-oficial-del-movimiento-internacional-de-schoenstatt\/#primaryimage"},"thumbnailUrl":"https:\/\/schoenstatt.com\/wp-content\/uploads\/2022\/05\/Urheiligtum-1.png","datePublished":"2022-05-03T07:05:17+00:00","dateModified":"2025-05-15T16:18:39+00:00","description":"Schoenstatt aprovechar\u00e1 la suspensi\u00f3n del proceso de beatificaci\u00f3n para una nueva e intensa elaboraci\u00f3n de los contextos hist\u00f3ricos.","breadcrumb":{"@id":"https:\/\/schoenstatt.com\/es\/comunicado-oficial-del-movimiento-internacional-de-schoenstatt\/#breadcrumb"},"inLanguage":"es","potentialAction":[{"@type":"ReadAction","target":["https:\/\/schoenstatt.com\/es\/comunicado-oficial-del-movimiento-internacional-de-schoenstatt\/"]}]},{"@type":"ImageObject","inLanguage":"es","@id":"https:\/\/schoenstatt.com\/es\/comunicado-oficial-del-movimiento-internacional-de-schoenstatt\/#primaryimage","url":"https:\/\/schoenstatt.com\/wp-content\/uploads\/2022\/05\/Urheiligtum-1.png","contentUrl":"https:\/\/schoenstatt.com\/wp-content\/uploads\/2022\/05\/Urheiligtum-1.png","width":1024,"height":500,"caption":"Schoenstatt Movement"},{"@type":"BreadcrumbList","@id":"https:\/\/schoenstatt.com\/es\/comunicado-oficial-del-movimiento-internacional-de-schoenstatt\/#breadcrumb","itemListElement":[{"@type":"ListItem","position":1,"name":"Portada","item":"https:\/\/schoenstatt.com\/es\/home\/"},{"@type":"ListItem","position":2,"name":"Comunicado oficial del Movimiento Internacional de Schoenstatt"}]},{"@type":"WebSite","@id":"https:\/\/schoenstatt.com\/es\/#website","url":"https:\/\/schoenstatt.com\/es\/","name":"Schoenstatt","description":"Apostolic Movement","publisher":{"@id":"https:\/\/schoenstatt.com\/es\/#organization"},"potentialAction":[{"@type":"SearchAction","target":{"@type":"EntryPoint","urlTemplate":"https:\/\/schoenstatt.com\/es\/?s={search_term_string}"},"query-input":{"@type":"PropertyValueSpecification","valueRequired":true,"valueName":"search_term_string"}}],"inLanguage":"es"},{"@type":"Organization","@id":"https:\/\/schoenstatt.com\/es\/#organization","name":"Schoenstatt","url":"https:\/\/schoenstatt.com\/es\/","logo":{"@type":"ImageObject","inLanguage":"es","@id":"https:\/\/schoenstatt.com\/es\/#\/schema\/logo\/image\/","url":"https:\/\/schoenstatt.com\/wp-content\/uploads\/2025\/04\/logo-schoenstatt-white-696x696-1.png","contentUrl":"https:\/\/schoenstatt.com\/wp-content\/uploads\/2025\/04\/logo-schoenstatt-white-696x696-1.png","width":696,"height":694,"caption":"Schoenstatt"},"image":{"@id":"https:\/\/schoenstatt.com\/es\/#\/schema\/logo\/image\/"}},{"@type":"Person","@id":"https:\/\/schoenstatt.com\/es\/#\/schema\/person\/ea97a60c723e21c923e2177f0f3163f7","name":"Vanessa Franke","image":{"@type":"ImageObject","inLanguage":"es","@id":"https:\/\/secure.gravatar.com\/avatar\/a9bcca3409928ccd3195eca11e2ccbb2e5d7c7912e9a945d4f326f81a0a5cb4a?s=96&d=mm&r=g","url":"https:\/\/secure.gravatar.com\/avatar\/a9bcca3409928ccd3195eca11e2ccbb2e5d7c7912e9a945d4f326f81a0a5cb4a?s=96&d=mm&r=g","contentUrl":"https:\/\/secure.gravatar.com\/avatar\/a9bcca3409928ccd3195eca11e2ccbb2e5d7c7912e9a945d4f326f81a0a5cb4a?s=96&d=mm&r=g","caption":"Vanessa Franke"},"url":"https:\/\/schoenstatt.com\/es\/author\/vanessa-franke\/"}]}},"_links":{"self":[{"href":"https:\/\/schoenstatt.com\/es\/wp-json\/wp\/v2\/posts\/51912","targetHints":{"allow":["GET"]}}],"collection":[{"href":"https:\/\/schoenstatt.com\/es\/wp-json\/wp\/v2\/posts"}],"about":[{"href":"https:\/\/schoenstatt.com\/es\/wp-json\/wp\/v2\/types\/post"}],"author":[{"embeddable":true,"href":"https:\/\/schoenstatt.com\/es\/wp-json\/wp\/v2\/users\/6"}],"replies":[{"embeddable":true,"href":"https:\/\/schoenstatt.com\/es\/wp-json\/wp\/v2\/comments?post=51912"}],"version-history":[{"count":1,"href":"https:\/\/schoenstatt.com\/es\/wp-json\/wp\/v2\/posts\/51912\/revisions"}],"predecessor-version":[{"id":51971,"href":"https:\/\/schoenstatt.com\/es\/wp-json\/wp\/v2\/posts\/51912\/revisions\/51971"}],"wp:featuredmedia":[{"embeddable":true,"href":"https:\/\/schoenstatt.com\/es\/wp-json\/wp\/v2\/media\/24611"}],"wp:attachment":[{"href":"https:\/\/schoenstatt.com\/es\/wp-json\/wp\/v2\/media?parent=51912"}],"wp:term":[{"taxonomy":"category","embeddable":true,"href":"https:\/\/schoenstatt.com\/es\/wp-json\/wp\/v2\/categories?post=51912"},{"taxonomy":"post_tag","embeddable":true,"href":"https:\/\/schoenstatt.com\/es\/wp-json\/wp\/v2\/tags?post=51912"}],"curies":[{"name":"wp","href":"https:\/\/api.w.org\/{rel}","templated":true}]}}