{"id":51768,"date":"2022-06-30T15:38:18","date_gmt":"2022-06-30T13:38:18","guid":{"rendered":"https:\/\/schoenstattdev.wpenginepowered.com\/?p=25837"},"modified":"2025-05-15T00:37:33","modified_gmt":"2025-05-14T22:37:33","slug":"nigeria-tiene-cuatro-nuevos-padres-de-schoenstatt","status":"publish","type":"post","link":"https:\/\/schoenstatt.com\/es\/nigeria-tiene-cuatro-nuevos-padres-de-schoenstatt\/","title":{"rendered":"Nigeria tiene cuatro nuevos Padres de Schoenstatt."},"content":{"rendered":"<p>La declaraci\u00f3n anterior del P. Kentenich en 1963 parece captar el acontecimiento del 25 de junio de 2022.<\/p>\n<h3>Todos los caminos condujeron a la Comunidad de los Padres de Schoenstatt, Ijokodo, Ibadan, Nigeria<\/h3>\n<p><img fetchpriority=\"high\" decoding=\"async\" class=\"size-full wp-image-25824 aligncenter\" src=\"https:\/\/schoenstatt.com\/wp-content\/uploads\/2022\/06\/WhatsApp-Image-2022-06-27-at-16.12.02-1-1.jpeg\" alt=\"\" width=\"750\" height=\"1000\" \/><\/p>\n<p>Todos los caminos condujeron a la Comunidad de los Padres de<a href=\"https:\/\/schoenstattdev.wpenginepowered.com\/es\/espiritualidad\/schoenstatt-es-un-movimiento-de-educacion-colaboracion-al-servicio-de-la-vida\/\"> Schoenstatt<\/a>, Ijokodo, Ibadan, Nigeria, para la ordenaci\u00f3n sacerdotal de los cuatro miembros del curso, Manifestatio Misericordis Patris, Los nombres de los Padres son: <em><strong>Emmanuel E. Okeke, Stanley I. Ukasoanya, John O. Obute y Cyprian A. Avong.\u00a0<\/strong><\/em><\/p>\n<p>La Santa Misa comenz\u00f3 alrededor de las 10:05 de la ma\u00f1ana y fue presidida por<em><strong> Most. Fortunatus Nwachukwu<\/strong><\/em>, observador permanente de la Santa Sede ante la Oficina de las Naciones Unidas y las instituciones especializadas en Ginebra, Suiza.<\/p>\n<p>Durante la homil\u00eda, el obispo comenz\u00f3 recordando a todos los cristianos reunidos, la prestigiosa dignidad del sacerdocio que todos hemos recibido por nuestro bautismo y nuestra consecuente incorporaci\u00f3n a la iglesia como cristianos, (1 Pe. 2:9) A continuaci\u00f3n, habl\u00f3 de las dimensiones misionera y pastoral de la misi\u00f3n encomendada a la iglesia, subrayando la misi\u00f3n de incorporaci\u00f3n a Cristo y la misi\u00f3n de fidelidad a la autoridad en el cumplimiento de esta misi\u00f3n. Dirigi\u00e9ndose a los futuros sacerdotes, les exhort\u00f3 a tener en cuenta lo siguiente.<\/p>\n<p><em><strong>En primer lugar<\/strong><\/em>, recordar la pregunta de Dios a El\u00edas en la cueva en 1 Re. 19:9,<em><strong> \u00ab\u00bfqu\u00e9 haces aqu\u00ed?\u00bb\u00a0<\/strong><\/em><\/p>\n<p><em><strong>En segundo lugar<\/strong><\/em>, les record\u00f3 el corolario neotestamentario de la primera pregunta, tomado de la pregunta de Jes\u00fas a sus disc\u00edpulos en Jn. 1:38, <em><strong>\u00ab\u00bfqu\u00e9 buscan?\u00bb\u00a0<\/strong><\/em><\/p>\n<p>Si tienen siempre presentes estas preguntas y tratan de darles respuesta diariamente, crecer\u00e1n en<em><strong> fidelidad, lealtad y constancia<\/strong> <\/em>a la vocaci\u00f3n que hoy han abrazado.<\/p>\n<p><img decoding=\"async\" class=\"alignnone size-full wp-image-25836\" src=\"https:\/\/schoenstatt.com\/wp-content\/uploads\/2022\/06\/WhatsApp-Image-2022-06-27-at-16.11.56-1-1.jpeg\" alt=\"\" width=\"1984\" height=\"1488\" \/><\/p>\n<p>Despu\u00e9s de aclarar las dos preguntas, el Obispo<em><strong> Most. Rev. Fortunatus Nwachukwu<\/strong><\/em> les ense\u00f1\u00f3 que la pregunta de Jes\u00fas a sus disc\u00edpulos en Jn. 1:38 fue respondida con una pregunta y luego contestada por Jes\u00fas con las palabras <em><strong>`vengan y vean<\/strong><\/em>&#8216;. Los disc\u00edpulos<em><strong> vinieron, vieron y se quedaron con Jes\u00fas<\/strong><\/em>. Ver, ir y permanecer con Jes\u00fas, puede ser posible cuando dejamos que sus palabras permanezcan en nosotros, Jn. 15:7. Sus vidas, les dijo a los futuros sacerdotes, deben ser vividas en torno a la palabra de Jes\u00fas, orientadas a ella y configuradas con ella.<\/p>\n<p>Esta palabra de Jes\u00fas es triple, palabra sobre Jes\u00fas, palabra con Jes\u00fas y palabra que es Jes\u00fas. Reflexionando sobre esta palabra tridimensional de Jes\u00fas, el Obispo reflexion\u00f3 sobre el viaje de dos disc\u00edpulos a Ema\u00fas en Lc. 24:13-35. Estos disc\u00edpulos, hablaron de Jes\u00fas, luego conversaron con Jes\u00fas, y finalmente se encontraron con Jes\u00fas al partir el pan.<\/p>\n<p>El obispo anim\u00f3 a los futuros sacerdotes a esforzarse por modelar sus conversaciones en torno al discurso de Jes\u00fas, porque nos acercamos a \u00c9l cada vez que pronunciamos su nombre. Estas conversaciones conducen a una conversaci\u00f3n con Jes\u00fas, un encuentro en <em><strong>dial\u00f3go en la oraci\u00f3n<\/strong><\/em>. Las conversaciones nos preparan entonces para el encuentro con Cristo en la Eucarist\u00eda. En esta Eucarist\u00eda, nuestros ojos se abren y se reordenan a su ordenaci\u00f3n natural enfoc\u00e1ndose en Dios y rectificando la distorsi\u00f3n del enfoque producido por el pecado iniciado en Gen. 3:7.<\/p>\n<p>El Obispo hizo eco de la imagen del P. Kentenich (11-3-1963 y 2-7-1965) del sacerdote como <em><strong>constructor de puentes<\/strong><\/em>. Anim\u00f3 a los futuros sacerdotes a no olvidar nunca que los constructores de puentes deben ser \u00e1ngeles con pies humanos. Deben reconocer su falibilidad y su necesidad esencial de estar en contacto constante con lo divino. Si falta algo de \u00e9sto, ya no son un puente. Como el P. Kentenich, los constructores de puentes son aquellos que tienen la mano en el pulso del tiempo y el o\u00eddo en el coraz\u00f3n de Dios.<\/p>\n<p>Para concluir, el Obispo les dijo que esta ordenaci\u00f3n confiere a los futuros sacerdotes una nueva identidad que deben llevar con <em><strong>orgullo y responsabilidad<\/strong><\/em>. Citando 2 Cor. 5:17 y Apocalipsis 21:5, les record\u00f3 que han iniciado una nueva etapa en sus vidas.<\/p>\n<p>Esta nueva etapa debe vivirse m\u00e1s con acciones que con palabras. <em><strong>\u00abS\u00e9 el cambio que deseas ver\u00bb<\/strong><\/em>, dijo Mahatma Gandhi.<\/p>\n<p>Un \u00e1rea crucial en la que se debe experimentar ese cambio y esa novedad, es en una mentalidad cat\u00f3lica renovada de inclusividad, como lo leemos en Melquisedec en Heb. 7:3. El no ten\u00eda genealog\u00eda, sino que es s\u00f3lo hijo de Dios. Abrazar los etnocentrismos es una traici\u00f3n a este t\u00edtulo, les record\u00f3 el obispo. Deben llevar a todos a Cristo sin discriminaci\u00f3n.<\/p>\n<p>Dirigi\u00e9ndose a las familias, a los amigos y a los fieles laicos, el obispo anim\u00f3 a todos a ayudar a estos sacerdotes a ser humanos y orantes, a rezar por ellos, a corregirlos, a aconsejarlos y a llamarlos al orden cuando se equivoquen.<\/p>\n<h3>\u00a0Imposici\u00f3n de manos y la oraci\u00f3n de consagraci\u00f3n<\/h3>\n<p><img decoding=\"async\" class=\"alignnone wp-image-25828 size-full\" src=\"https:\/\/schoenstatt.com\/wp-content\/uploads\/2022\/06\/WhatsApp-Image-2022-06-27-at-16.12.00-1.jpeg\" alt=\"Nig\u00e9ria\" width=\"1984\" height=\"1488\" \/><\/p>\n<p>Alrededor de las 12:00 pm, con la imposici\u00f3n de manos y la <em><strong>oraci\u00f3n de consagraci\u00f3n<\/strong><\/em>, nuestros cuatro hermanos se convirtieron en sacerdotes para gloria de Dios y honor de nuestra querida MTA. Con nuestros nuevos cuatro sacerdotes, ya somos treinta y tres Padres de Schoenstatt nigerianos.<\/p>\n<p>Estuvieron presentes los Padres Kingsley Okereke (Superior Delegado), Charles Ozioko (Rector de Estudiantes), Herbert Opara (Maestro de Novicios), otros Padres de Schoenstatt y muchos otros sacerdotes de Nigeria junto con amigos, familiares, estudiantes y simpatizantes.<\/p>\n<p><img loading=\"lazy\" decoding=\"async\" class=\"alignnone wp-image-25832 size-full\" src=\"https:\/\/schoenstatt.com\/wp-content\/uploads\/2022\/06\/WhatsApp-Image-2022-06-27-at-16.12.02-2.jpeg\" alt=\"Nigeria\" width=\"1000\" height=\"750\" \/><\/p>\n<h3>Fue una celebraci\u00f3n alegre.<\/h3>\n<p><em><strong>\u00a1Viva la MTA!<\/strong><\/em><\/p>\n<p><em><strong>\u00a1Viva Schoenstatt Nigeria!<\/strong><\/em><\/p>\n<p><em><strong>\u00a1Viva el Arzobispo Fortunatus Nwachukwu!<\/strong><\/em><\/p>\n<p><em><strong>\u00a1Viva el curso de la Manifestatio Misericordis Patris!<\/strong><\/em><\/p>\n<p><em><strong>\u00a1Larga vida a nuestros cuatro nuevos sacerdotes!<\/strong><\/em><\/p>\n","protected":false},"excerpt":{"rendered":"<p>\u201cEn el actual orden de salvaci\u00f3n ninguna grandeza supera a la del sacerdocio\u201d Padre Jos\u00e9 Kentenich<\/p>\n","protected":false},"author":1,"featured_media":25817,"comment_status":"closed","ping_status":"closed","sticky":false,"template":"","format":"standard","meta":{"footnotes":""},"categories":[909],"tags":[],"class_list":["post-51768","post","type-post","status-publish","format-standard","has-post-thumbnail","hentry","category-comunidades-de-schoenstatt-es"],"yoast_head":"<!-- This site is optimized with the Yoast SEO Premium plugin v27.4 (Yoast SEO v27.4) - https:\/\/yoast.com\/product\/yoast-seo-premium-wordpress\/ -->\n<title>Nigeria tiene cuatro nuevos Padres de Schoenstatt. - Schoenstatt<\/title>\n<meta name=\"description\" content=\"Nigeria y el movimiento apost\u00f3lico de Schoenstatt tienen cuatro nuevos Padres de Schoenstatt ordenados por el Rev. Fortunatus Nwachukwu.\" \/>\n<meta name=\"robots\" content=\"index, follow, max-snippet:-1, max-image-preview:large, max-video-preview:-1\" \/>\n<link rel=\"canonical\" href=\"https:\/\/schoenstatt.com\/es\/nigeria-tiene-cuatro-nuevos-padres-de-schoenstatt\/\" \/>\n<meta property=\"og:locale\" content=\"es_ES\" \/>\n<meta property=\"og:type\" content=\"article\" \/>\n<meta property=\"og:title\" content=\"Nigeria tiene cuatro nuevos Padres de Schoenstatt.\" \/>\n<meta property=\"og:description\" content=\"Nigeria y el movimiento apost\u00f3lico de Schoenstatt tienen cuatro nuevos Padres de Schoenstatt ordenados por el Rev. Fortunatus Nwachukwu.\" \/>\n<meta property=\"og:url\" content=\"https:\/\/schoenstatt.com\/es\/nigeria-tiene-cuatro-nuevos-padres-de-schoenstatt\/\" \/>\n<meta property=\"og:site_name\" content=\"Schoenstatt\" \/>\n<meta property=\"article:published_time\" content=\"2022-06-30T13:38:18+00:00\" \/>\n<meta property=\"article:modified_time\" content=\"2025-05-14T22:37:33+00:00\" \/>\n<meta property=\"og:image\" content=\"https:\/\/schoenstatt.com\/wp-content\/uploads\/2022\/06\/WhatsApp-Image-2022-06-27-at-16.11.57-1.jpeg\" \/>\n\t<meta property=\"og:image:width\" content=\"1984\" \/>\n\t<meta property=\"og:image:height\" content=\"1488\" \/>\n\t<meta property=\"og:image:type\" content=\"image\/jpeg\" \/>\n<meta name=\"author\" content=\"admin\" \/>\n<meta name=\"twitter:card\" content=\"summary_large_image\" \/>\n<meta name=\"twitter:label1\" content=\"Escrito por\" \/>\n\t<meta name=\"twitter:data1\" content=\"admin\" \/>\n\t<meta name=\"twitter:label2\" content=\"Tiempo de lectura\" \/>\n\t<meta name=\"twitter:data2\" content=\"5 minutos\" \/>\n<script type=\"application\/ld+json\" class=\"yoast-schema-graph\">{\"@context\":\"https:\\\/\\\/schema.org\",\"@graph\":[{\"@type\":\"Article\",\"@id\":\"https:\\\/\\\/schoenstatt.com\\\/es\\\/nigeria-tiene-cuatro-nuevos-padres-de-schoenstatt\\\/#article\",\"isPartOf\":{\"@id\":\"https:\\\/\\\/schoenstatt.com\\\/es\\\/nigeria-tiene-cuatro-nuevos-padres-de-schoenstatt\\\/\"},\"author\":{\"name\":\"admin\",\"@id\":\"https:\\\/\\\/schoenstatt.com\\\/es\\\/#\\\/schema\\\/person\\\/489465b1850e7b216fe2c10dfc262551\"},\"headline\":\"Nigeria tiene cuatro nuevos Padres de Schoenstatt.\",\"datePublished\":\"2022-06-30T13:38:18+00:00\",\"dateModified\":\"2025-05-14T22:37:33+00:00\",\"mainEntityOfPage\":{\"@id\":\"https:\\\/\\\/schoenstatt.com\\\/es\\\/nigeria-tiene-cuatro-nuevos-padres-de-schoenstatt\\\/\"},\"wordCount\":950,\"publisher\":{\"@id\":\"https:\\\/\\\/schoenstatt.com\\\/es\\\/#organization\"},\"image\":{\"@id\":\"https:\\\/\\\/schoenstatt.com\\\/es\\\/nigeria-tiene-cuatro-nuevos-padres-de-schoenstatt\\\/#primaryimage\"},\"thumbnailUrl\":\"https:\\\/\\\/schoenstatt.com\\\/wp-content\\\/uploads\\\/2022\\\/06\\\/WhatsApp-Image-2022-06-27-at-16.11.57-1.jpeg\",\"articleSection\":[\"Comunidades de Schoenstatt\"],\"inLanguage\":\"es\"},{\"@type\":\"WebPage\",\"@id\":\"https:\\\/\\\/schoenstatt.com\\\/es\\\/nigeria-tiene-cuatro-nuevos-padres-de-schoenstatt\\\/\",\"url\":\"https:\\\/\\\/schoenstatt.com\\\/es\\\/nigeria-tiene-cuatro-nuevos-padres-de-schoenstatt\\\/\",\"name\":\"Nigeria tiene cuatro nuevos Padres de Schoenstatt. - Schoenstatt\",\"isPartOf\":{\"@id\":\"https:\\\/\\\/schoenstatt.com\\\/es\\\/#website\"},\"primaryImageOfPage\":{\"@id\":\"https:\\\/\\\/schoenstatt.com\\\/es\\\/nigeria-tiene-cuatro-nuevos-padres-de-schoenstatt\\\/#primaryimage\"},\"image\":{\"@id\":\"https:\\\/\\\/schoenstatt.com\\\/es\\\/nigeria-tiene-cuatro-nuevos-padres-de-schoenstatt\\\/#primaryimage\"},\"thumbnailUrl\":\"https:\\\/\\\/schoenstatt.com\\\/wp-content\\\/uploads\\\/2022\\\/06\\\/WhatsApp-Image-2022-06-27-at-16.11.57-1.jpeg\",\"datePublished\":\"2022-06-30T13:38:18+00:00\",\"dateModified\":\"2025-05-14T22:37:33+00:00\",\"description\":\"Nigeria y el movimiento apost\u00f3lico de Schoenstatt tienen cuatro nuevos Padres de Schoenstatt ordenados por el Rev. Fortunatus Nwachukwu.\",\"breadcrumb\":{\"@id\":\"https:\\\/\\\/schoenstatt.com\\\/es\\\/nigeria-tiene-cuatro-nuevos-padres-de-schoenstatt\\\/#breadcrumb\"},\"inLanguage\":\"es\",\"potentialAction\":[{\"@type\":\"ReadAction\",\"target\":[\"https:\\\/\\\/schoenstatt.com\\\/es\\\/nigeria-tiene-cuatro-nuevos-padres-de-schoenstatt\\\/\"]}]},{\"@type\":\"ImageObject\",\"inLanguage\":\"es\",\"@id\":\"https:\\\/\\\/schoenstatt.com\\\/es\\\/nigeria-tiene-cuatro-nuevos-padres-de-schoenstatt\\\/#primaryimage\",\"url\":\"https:\\\/\\\/schoenstatt.com\\\/wp-content\\\/uploads\\\/2022\\\/06\\\/WhatsApp-Image-2022-06-27-at-16.11.57-1.jpeg\",\"contentUrl\":\"https:\\\/\\\/schoenstatt.com\\\/wp-content\\\/uploads\\\/2022\\\/06\\\/WhatsApp-Image-2022-06-27-at-16.11.57-1.jpeg\",\"width\":1984,\"height\":1488,\"caption\":\"Nigeria\"},{\"@type\":\"BreadcrumbList\",\"@id\":\"https:\\\/\\\/schoenstatt.com\\\/es\\\/nigeria-tiene-cuatro-nuevos-padres-de-schoenstatt\\\/#breadcrumb\",\"itemListElement\":[{\"@type\":\"ListItem\",\"position\":1,\"name\":\"Portada\",\"item\":\"https:\\\/\\\/schoenstatt.com\\\/es\\\/home\\\/\"},{\"@type\":\"ListItem\",\"position\":2,\"name\":\"Nigeria tiene cuatro nuevos Padres de Schoenstatt.\"}]},{\"@type\":\"WebSite\",\"@id\":\"https:\\\/\\\/schoenstatt.com\\\/es\\\/#website\",\"url\":\"https:\\\/\\\/schoenstatt.com\\\/es\\\/\",\"name\":\"Schoenstatt\",\"description\":\"Apostolic Movement\",\"publisher\":{\"@id\":\"https:\\\/\\\/schoenstatt.com\\\/es\\\/#organization\"},\"potentialAction\":[{\"@type\":\"SearchAction\",\"target\":{\"@type\":\"EntryPoint\",\"urlTemplate\":\"https:\\\/\\\/schoenstatt.com\\\/es\\\/?s={search_term_string}\"},\"query-input\":{\"@type\":\"PropertyValueSpecification\",\"valueRequired\":true,\"valueName\":\"search_term_string\"}}],\"inLanguage\":\"es\"},{\"@type\":\"Organization\",\"@id\":\"https:\\\/\\\/schoenstatt.com\\\/es\\\/#organization\",\"name\":\"Schoenstatt\",\"url\":\"https:\\\/\\\/schoenstatt.com\\\/es\\\/\",\"logo\":{\"@type\":\"ImageObject\",\"inLanguage\":\"es\",\"@id\":\"https:\\\/\\\/schoenstatt.com\\\/es\\\/#\\\/schema\\\/logo\\\/image\\\/\",\"url\":\"https:\\\/\\\/schoenstatt.com\\\/wp-content\\\/uploads\\\/2025\\\/04\\\/logo-schoenstatt-white-696x696-1.png\",\"contentUrl\":\"https:\\\/\\\/schoenstatt.com\\\/wp-content\\\/uploads\\\/2025\\\/04\\\/logo-schoenstatt-white-696x696-1.png\",\"width\":696,\"height\":694,\"caption\":\"Schoenstatt\"},\"image\":{\"@id\":\"https:\\\/\\\/schoenstatt.com\\\/es\\\/#\\\/schema\\\/logo\\\/image\\\/\"}},{\"@type\":\"Person\",\"@id\":\"https:\\\/\\\/schoenstatt.com\\\/es\\\/#\\\/schema\\\/person\\\/489465b1850e7b216fe2c10dfc262551\",\"name\":\"admin\",\"image\":{\"@type\":\"ImageObject\",\"inLanguage\":\"es\",\"@id\":\"https:\\\/\\\/secure.gravatar.com\\\/avatar\\\/02e8345e1ec40ab0e0a2a98fdde64a684bbaf994cddcb778b25b8b024ee9dfe6?s=96&d=mm&r=g\",\"url\":\"https:\\\/\\\/secure.gravatar.com\\\/avatar\\\/02e8345e1ec40ab0e0a2a98fdde64a684bbaf994cddcb778b25b8b024ee9dfe6?s=96&d=mm&r=g\",\"contentUrl\":\"https:\\\/\\\/secure.gravatar.com\\\/avatar\\\/02e8345e1ec40ab0e0a2a98fdde64a684bbaf994cddcb778b25b8b024ee9dfe6?s=96&d=mm&r=g\",\"caption\":\"admin\"},\"sameAs\":[\"https:\\\/\\\/schoenstatt.com\"],\"url\":\"https:\\\/\\\/schoenstatt.com\\\/es\\\/author\\\/admin\\\/\"}]}<\/script>\n<!-- \/ Yoast SEO Premium plugin. -->","yoast_head_json":{"title":"Nigeria tiene cuatro nuevos Padres de Schoenstatt. - Schoenstatt","description":"Nigeria y el movimiento apost\u00f3lico de Schoenstatt tienen cuatro nuevos Padres de Schoenstatt ordenados por el Rev. Fortunatus Nwachukwu.","robots":{"index":"index","follow":"follow","max-snippet":"max-snippet:-1","max-image-preview":"max-image-preview:large","max-video-preview":"max-video-preview:-1"},"canonical":"https:\/\/schoenstatt.com\/es\/nigeria-tiene-cuatro-nuevos-padres-de-schoenstatt\/","og_locale":"es_ES","og_type":"article","og_title":"Nigeria tiene cuatro nuevos Padres de Schoenstatt.","og_description":"Nigeria y el movimiento apost\u00f3lico de Schoenstatt tienen cuatro nuevos Padres de Schoenstatt ordenados por el Rev. Fortunatus Nwachukwu.","og_url":"https:\/\/schoenstatt.com\/es\/nigeria-tiene-cuatro-nuevos-padres-de-schoenstatt\/","og_site_name":"Schoenstatt","article_published_time":"2022-06-30T13:38:18+00:00","article_modified_time":"2025-05-14T22:37:33+00:00","og_image":[{"width":1984,"height":1488,"url":"https:\/\/schoenstatt.com\/wp-content\/uploads\/2022\/06\/WhatsApp-Image-2022-06-27-at-16.11.57-1.jpeg","type":"image\/jpeg"}],"author":"admin","twitter_card":"summary_large_image","twitter_misc":{"Escrito por":"admin","Tiempo de lectura":"5 minutos"},"schema":{"@context":"https:\/\/schema.org","@graph":[{"@type":"Article","@id":"https:\/\/schoenstatt.com\/es\/nigeria-tiene-cuatro-nuevos-padres-de-schoenstatt\/#article","isPartOf":{"@id":"https:\/\/schoenstatt.com\/es\/nigeria-tiene-cuatro-nuevos-padres-de-schoenstatt\/"},"author":{"name":"admin","@id":"https:\/\/schoenstatt.com\/es\/#\/schema\/person\/489465b1850e7b216fe2c10dfc262551"},"headline":"Nigeria tiene cuatro nuevos Padres de Schoenstatt.","datePublished":"2022-06-30T13:38:18+00:00","dateModified":"2025-05-14T22:37:33+00:00","mainEntityOfPage":{"@id":"https:\/\/schoenstatt.com\/es\/nigeria-tiene-cuatro-nuevos-padres-de-schoenstatt\/"},"wordCount":950,"publisher":{"@id":"https:\/\/schoenstatt.com\/es\/#organization"},"image":{"@id":"https:\/\/schoenstatt.com\/es\/nigeria-tiene-cuatro-nuevos-padres-de-schoenstatt\/#primaryimage"},"thumbnailUrl":"https:\/\/schoenstatt.com\/wp-content\/uploads\/2022\/06\/WhatsApp-Image-2022-06-27-at-16.11.57-1.jpeg","articleSection":["Comunidades de Schoenstatt"],"inLanguage":"es"},{"@type":"WebPage","@id":"https:\/\/schoenstatt.com\/es\/nigeria-tiene-cuatro-nuevos-padres-de-schoenstatt\/","url":"https:\/\/schoenstatt.com\/es\/nigeria-tiene-cuatro-nuevos-padres-de-schoenstatt\/","name":"Nigeria tiene cuatro nuevos Padres de Schoenstatt. - Schoenstatt","isPartOf":{"@id":"https:\/\/schoenstatt.com\/es\/#website"},"primaryImageOfPage":{"@id":"https:\/\/schoenstatt.com\/es\/nigeria-tiene-cuatro-nuevos-padres-de-schoenstatt\/#primaryimage"},"image":{"@id":"https:\/\/schoenstatt.com\/es\/nigeria-tiene-cuatro-nuevos-padres-de-schoenstatt\/#primaryimage"},"thumbnailUrl":"https:\/\/schoenstatt.com\/wp-content\/uploads\/2022\/06\/WhatsApp-Image-2022-06-27-at-16.11.57-1.jpeg","datePublished":"2022-06-30T13:38:18+00:00","dateModified":"2025-05-14T22:37:33+00:00","description":"Nigeria y el movimiento apost\u00f3lico de Schoenstatt tienen cuatro nuevos Padres de Schoenstatt ordenados por el Rev. Fortunatus Nwachukwu.","breadcrumb":{"@id":"https:\/\/schoenstatt.com\/es\/nigeria-tiene-cuatro-nuevos-padres-de-schoenstatt\/#breadcrumb"},"inLanguage":"es","potentialAction":[{"@type":"ReadAction","target":["https:\/\/schoenstatt.com\/es\/nigeria-tiene-cuatro-nuevos-padres-de-schoenstatt\/"]}]},{"@type":"ImageObject","inLanguage":"es","@id":"https:\/\/schoenstatt.com\/es\/nigeria-tiene-cuatro-nuevos-padres-de-schoenstatt\/#primaryimage","url":"https:\/\/schoenstatt.com\/wp-content\/uploads\/2022\/06\/WhatsApp-Image-2022-06-27-at-16.11.57-1.jpeg","contentUrl":"https:\/\/schoenstatt.com\/wp-content\/uploads\/2022\/06\/WhatsApp-Image-2022-06-27-at-16.11.57-1.jpeg","width":1984,"height":1488,"caption":"Nigeria"},{"@type":"BreadcrumbList","@id":"https:\/\/schoenstatt.com\/es\/nigeria-tiene-cuatro-nuevos-padres-de-schoenstatt\/#breadcrumb","itemListElement":[{"@type":"ListItem","position":1,"name":"Portada","item":"https:\/\/schoenstatt.com\/es\/home\/"},{"@type":"ListItem","position":2,"name":"Nigeria tiene cuatro nuevos Padres de Schoenstatt."}]},{"@type":"WebSite","@id":"https:\/\/schoenstatt.com\/es\/#website","url":"https:\/\/schoenstatt.com\/es\/","name":"Schoenstatt","description":"Apostolic Movement","publisher":{"@id":"https:\/\/schoenstatt.com\/es\/#organization"},"potentialAction":[{"@type":"SearchAction","target":{"@type":"EntryPoint","urlTemplate":"https:\/\/schoenstatt.com\/es\/?s={search_term_string}"},"query-input":{"@type":"PropertyValueSpecification","valueRequired":true,"valueName":"search_term_string"}}],"inLanguage":"es"},{"@type":"Organization","@id":"https:\/\/schoenstatt.com\/es\/#organization","name":"Schoenstatt","url":"https:\/\/schoenstatt.com\/es\/","logo":{"@type":"ImageObject","inLanguage":"es","@id":"https:\/\/schoenstatt.com\/es\/#\/schema\/logo\/image\/","url":"https:\/\/schoenstatt.com\/wp-content\/uploads\/2025\/04\/logo-schoenstatt-white-696x696-1.png","contentUrl":"https:\/\/schoenstatt.com\/wp-content\/uploads\/2025\/04\/logo-schoenstatt-white-696x696-1.png","width":696,"height":694,"caption":"Schoenstatt"},"image":{"@id":"https:\/\/schoenstatt.com\/es\/#\/schema\/logo\/image\/"}},{"@type":"Person","@id":"https:\/\/schoenstatt.com\/es\/#\/schema\/person\/489465b1850e7b216fe2c10dfc262551","name":"admin","image":{"@type":"ImageObject","inLanguage":"es","@id":"https:\/\/secure.gravatar.com\/avatar\/02e8345e1ec40ab0e0a2a98fdde64a684bbaf994cddcb778b25b8b024ee9dfe6?s=96&d=mm&r=g","url":"https:\/\/secure.gravatar.com\/avatar\/02e8345e1ec40ab0e0a2a98fdde64a684bbaf994cddcb778b25b8b024ee9dfe6?s=96&d=mm&r=g","contentUrl":"https:\/\/secure.gravatar.com\/avatar\/02e8345e1ec40ab0e0a2a98fdde64a684bbaf994cddcb778b25b8b024ee9dfe6?s=96&d=mm&r=g","caption":"admin"},"sameAs":["https:\/\/schoenstatt.com"],"url":"https:\/\/schoenstatt.com\/es\/author\/admin\/"}]}},"_links":{"self":[{"href":"https:\/\/schoenstatt.com\/es\/wp-json\/wp\/v2\/posts\/51768","targetHints":{"allow":["GET"]}}],"collection":[{"href":"https:\/\/schoenstatt.com\/es\/wp-json\/wp\/v2\/posts"}],"about":[{"href":"https:\/\/schoenstatt.com\/es\/wp-json\/wp\/v2\/types\/post"}],"author":[{"embeddable":true,"href":"https:\/\/schoenstatt.com\/es\/wp-json\/wp\/v2\/users\/1"}],"replies":[{"embeddable":true,"href":"https:\/\/schoenstatt.com\/es\/wp-json\/wp\/v2\/comments?post=51768"}],"version-history":[{"count":1,"href":"https:\/\/schoenstatt.com\/es\/wp-json\/wp\/v2\/posts\/51768\/revisions"}],"predecessor-version":[{"id":51879,"href":"https:\/\/schoenstatt.com\/es\/wp-json\/wp\/v2\/posts\/51768\/revisions\/51879"}],"wp:featuredmedia":[{"embeddable":true,"href":"https:\/\/schoenstatt.com\/es\/wp-json\/wp\/v2\/media\/25817"}],"wp:attachment":[{"href":"https:\/\/schoenstatt.com\/es\/wp-json\/wp\/v2\/media?parent=51768"}],"wp:term":[{"taxonomy":"category","embeddable":true,"href":"https:\/\/schoenstatt.com\/es\/wp-json\/wp\/v2\/categories?post=51768"},{"taxonomy":"post_tag","embeddable":true,"href":"https:\/\/schoenstatt.com\/es\/wp-json\/wp\/v2\/tags?post=51768"}],"curies":[{"name":"wp","href":"https:\/\/api.w.org\/{rel}","templated":true}]}}