{"id":51556,"date":"2022-07-12T14:22:37","date_gmt":"2022-07-12T12:22:37","guid":{"rendered":"https:\/\/schoenstattdev.wpenginepowered.com\/?p=25945"},"modified":"2025-05-15T02:02:12","modified_gmt":"2025-05-15T00:02:12","slug":"invitacion-toma-de-tunica-de-sion","status":"publish","type":"post","link":"https:\/\/schoenstatt.com\/es\/invitacion-toma-de-tunica-de-sion\/","title":{"rendered":"Invitaci\u00f3n: Toma de T\u00fanica de Si\u00f3n"},"content":{"rendered":"<p>El 16 de julio, a las 11 horas, 16 novicios del Instituto Secular de los <a href=\"https:\/\/schoenstattdev.wpenginepowered.com\/es\/espiritualidad\/los-grupos-de-schoenstatt-estan-llamados-a-ser-semilla-de-una-nueva-iglesia\/\">Padres de Schoenstatt<\/a> recibir\u00e1n la T\u00fanica de Si\u00f3n en la Iglesia de Santa Mar\u00eda de la Trinidad, en Tuparenda, Paraguay.<\/p>\n<p>La ceremonia ser\u00e1 trasmitida por el canal de Facebook del Santuario de Tuparenda: <a href=\"https:\/\/www.facebook.com\/santuariotuparenda\/\">https:\/\/www.facebook.com\/santuariotuparenda\/<\/a><\/p>\n<p><em>El Padre Gabriel Oberle, explica lo que significa la T\u00fanica:<\/em><\/p>\n<h3>\u00bfCu\u00e1l es el significado de la T\u00fanica y de recibirla p\u00fablicamente?<\/h3>\n<p>La t\u00fanica es la vestimenta sacerdotal. Con ella nos vestimos como Cristo para servir a los dem\u00e1s. En el caso de la Comunidad de los Padres de Schoenstatt, la t\u00fanica de Si\u00f3n tiene el mismo modelo desde hace varios a\u00f1os y significa que todos formamos parte de la misma comunidad, formando la Ciudad Santa de Si\u00f3n aqu\u00ed en la tierra como hermanos en este camino. Cuando los novicios reciben la t\u00fanica aqu\u00ed en Am\u00e9rica, se unen a otros que la han recibido en todo el mundo. Recibir la T\u00fanica es revestirse de Cristo mismo, dejar que trabaje por medio de nosotros.<\/p>\n<h3>En qu\u00e9 momento se utiliza la T\u00fanica?<\/h3>\n<p>Se utiliza en los momentos lit\u00fargicos: misas, celebraciones de la palabra y en los sacramentos. Nuestra Comunidad es un Instituto Secular, por lo que nuestra vestimenta diaria es el traje com\u00fan sacerdotal (no el h\u00e1bito de las congregaciones, como los benedictinos, por ejemplo), pero nos vestimos con la T\u00fanica para los momentos lit\u00fargicos y as\u00ed asemejarnos a Cristo.<\/p>\n<h3>\u00bfQu\u00e9 significa el c\u00edngulo alrededor de la t\u00fanica?<\/h3>\n<p>El \u201c<em><strong>c\u00edngulo<\/strong><\/em>\u201d\u00a0 representa nuestra obediencia y uni\u00f3n a toda la Iglesia. Formamos parte de una Comunidad que opera en el mundo, un Instituto Secular. Sin embargo estamos en estrecha uni\u00f3n con nuestra Iglesia Cat\u00f3lica en todo momento y el c\u00edngulo nos ayuda a recordar que nuestro servicio es en unidad con la Iglesia y en la entrega al pr\u00f3jimo.<\/p>\n<h3>Los Novicios son:<\/h3>\n<p>Davi Vilarinho (Jaragu\u00e1, S\u00e3o Paulo\/Brasil)<\/p>\n<p>Fernando Rodrigues e Ricardo Ilhe (Londrina\/PR\/Brasil).<\/p>\n<p>Agust\u00edn Eichenberger (Rosario\/Argentina),<\/p>\n<p>Alex Chunda (Texas\/EUA),<\/p>\n<p>Daniel Rangel (San Luis\/M\u00e9xico),<\/p>\n<p>Felipe Su\u00e1rez (Austin\/EUA),<\/p>\n<p>Filip Kobiec (Miatzko\/Pol\u00f4nia),<\/p>\n<p>Francisco Ferreccio (Buenos Aires\/Argentina),<\/p>\n<p>Francisco Gigoux (Paine\/Chile),<\/p>\n<p>Jer\u00f3nimo Ju\u00e1rez (Tucum\u00e1n\/Argentina),<\/p>\n<p>Joaqu\u00edn Pe\u00f1a (Santiago\/Chile),<\/p>\n<p>Juli\u00e1n Salas (Texas\/EUA),<\/p>\n<p>Nicol\u00e1s Iturriaga (Los \u00c1ngeles\/Chile),<\/p>\n<p>Ram\u00f3n Santoyo e Raymundo Cervantes (Quer\u00e9taro\/M\u00e9xico).<\/p>\n<p style=\"text-align: center;\"><em><strong>Recemos por ellos!<\/strong><\/em><\/p>\n<p><img fetchpriority=\"high\" decoding=\"async\" class=\"alignnone wp-image-25952 size-full\" src=\"https:\/\/schoenstattdev.wpenginepowered.com\/wp-content\/uploads\/2022\/07\/WhatsApp-Image-2022-07-13-at-17.40.03-e1657727378588.jpeg\" alt=\"T\u00fanica de Si\u00f3n\" width=\"1055\" height=\"781\" \/><\/p>\n<p>&nbsp;<\/p>\n<p>Fuente: <a href=\"https:\/\/schoenstatt.org.br\/2022\/07\/09\/convite-tomada-de-tunica\/\">sch.org.br<\/a><\/p>\n","protected":false},"excerpt":{"rendered":"<p>Diecis\u00e9is novicios del Instituto Secular de los Padres de Schoenstatt recibir\u00e1n la T\u00fanica de Si\u00f3n.<\/p>\n","protected":false},"author":1,"featured_media":25936,"comment_status":"closed","ping_status":"closed","sticky":false,"template":"","format":"standard","meta":{"footnotes":""},"categories":[909,630],"tags":[],"class_list":["post-51556","post","type-post","status-publish","format-standard","has-post-thumbnail","hentry","category-comunidades-de-schoenstatt-es","category-eventos-es"],"yoast_head":"<!-- This site is optimized with the Yoast SEO Premium plugin v27.4 (Yoast SEO v27.4) - https:\/\/yoast.com\/product\/yoast-seo-premium-wordpress\/ -->\n<title>Invitaci\u00f3n: Toma de T\u00fanica de Si\u00f3n - Schoenstatt<\/title>\n<meta name=\"description\" content=\"Toma de T\u00fanica de Si\u00f3n: el 16 de julio de 2022, el Instituto Secular de los Padres de Schoenstatt contar\u00e1 con 16 nuevos novicios.\" \/>\n<meta name=\"robots\" content=\"index, follow, max-snippet:-1, max-image-preview:large, max-video-preview:-1\" \/>\n<link rel=\"canonical\" href=\"https:\/\/schoenstatt.com\/es\/invitacion-toma-de-tunica-de-sion\/\" \/>\n<meta property=\"og:locale\" content=\"es_ES\" \/>\n<meta property=\"og:type\" content=\"article\" \/>\n<meta property=\"og:title\" content=\"Invitaci\u00f3n: Toma de T\u00fanica de Si\u00f3n\" \/>\n<meta property=\"og:description\" content=\"Toma de T\u00fanica de Si\u00f3n: el 16 de julio de 2022, el Instituto Secular de los Padres de Schoenstatt contar\u00e1 con 16 nuevos novicios.\" \/>\n<meta property=\"og:url\" content=\"https:\/\/schoenstatt.com\/es\/invitacion-toma-de-tunica-de-sion\/\" \/>\n<meta property=\"og:site_name\" content=\"Schoenstatt\" \/>\n<meta property=\"article:published_time\" content=\"2022-07-12T12:22:37+00:00\" \/>\n<meta property=\"article:modified_time\" content=\"2025-05-15T00:02:12+00:00\" \/>\n<meta property=\"og:image\" content=\"https:\/\/schoenstatt.com\/wp-content\/uploads\/2022\/07\/Screenshot-1.png\" \/>\n\t<meta property=\"og:image:width\" content=\"710\" \/>\n\t<meta property=\"og:image:height\" content=\"369\" \/>\n\t<meta property=\"og:image:type\" content=\"image\/png\" \/>\n<meta name=\"author\" content=\"admin\" \/>\n<meta name=\"twitter:card\" content=\"summary_large_image\" \/>\n<meta name=\"twitter:label1\" content=\"Escrito por\" \/>\n\t<meta name=\"twitter:data1\" content=\"admin\" \/>\n\t<meta name=\"twitter:label2\" content=\"Tiempo de lectura\" \/>\n\t<meta name=\"twitter:data2\" content=\"2 minutos\" \/>\n<script type=\"application\/ld+json\" class=\"yoast-schema-graph\">{\"@context\":\"https:\\\/\\\/schema.org\",\"@graph\":[{\"@type\":\"Article\",\"@id\":\"https:\\\/\\\/schoenstatt.com\\\/es\\\/invitacion-toma-de-tunica-de-sion\\\/#article\",\"isPartOf\":{\"@id\":\"https:\\\/\\\/schoenstatt.com\\\/es\\\/invitacion-toma-de-tunica-de-sion\\\/\"},\"author\":{\"name\":\"admin\",\"@id\":\"https:\\\/\\\/schoenstatt.com\\\/es\\\/#\\\/schema\\\/person\\\/489465b1850e7b216fe2c10dfc262551\"},\"headline\":\"Invitaci\u00f3n: Toma de T\u00fanica de Si\u00f3n\",\"datePublished\":\"2022-07-12T12:22:37+00:00\",\"dateModified\":\"2025-05-15T00:02:12+00:00\",\"mainEntityOfPage\":{\"@id\":\"https:\\\/\\\/schoenstatt.com\\\/es\\\/invitacion-toma-de-tunica-de-sion\\\/\"},\"wordCount\":438,\"publisher\":{\"@id\":\"https:\\\/\\\/schoenstatt.com\\\/es\\\/#organization\"},\"image\":{\"@id\":\"https:\\\/\\\/schoenstatt.com\\\/es\\\/invitacion-toma-de-tunica-de-sion\\\/#primaryimage\"},\"thumbnailUrl\":\"https:\\\/\\\/schoenstatt.com\\\/wp-content\\\/uploads\\\/2022\\\/07\\\/Screenshot-1.png\",\"articleSection\":[\"Comunidades de Schoenstatt\",\"Eventos\"],\"inLanguage\":\"es\"},{\"@type\":\"WebPage\",\"@id\":\"https:\\\/\\\/schoenstatt.com\\\/es\\\/invitacion-toma-de-tunica-de-sion\\\/\",\"url\":\"https:\\\/\\\/schoenstatt.com\\\/es\\\/invitacion-toma-de-tunica-de-sion\\\/\",\"name\":\"Invitaci\u00f3n: Toma de T\u00fanica de Si\u00f3n - Schoenstatt\",\"isPartOf\":{\"@id\":\"https:\\\/\\\/schoenstatt.com\\\/es\\\/#website\"},\"primaryImageOfPage\":{\"@id\":\"https:\\\/\\\/schoenstatt.com\\\/es\\\/invitacion-toma-de-tunica-de-sion\\\/#primaryimage\"},\"image\":{\"@id\":\"https:\\\/\\\/schoenstatt.com\\\/es\\\/invitacion-toma-de-tunica-de-sion\\\/#primaryimage\"},\"thumbnailUrl\":\"https:\\\/\\\/schoenstatt.com\\\/wp-content\\\/uploads\\\/2022\\\/07\\\/Screenshot-1.png\",\"datePublished\":\"2022-07-12T12:22:37+00:00\",\"dateModified\":\"2025-05-15T00:02:12+00:00\",\"description\":\"Toma de T\u00fanica de Si\u00f3n: el 16 de julio de 2022, el Instituto Secular de los Padres de Schoenstatt contar\u00e1 con 16 nuevos novicios.\",\"breadcrumb\":{\"@id\":\"https:\\\/\\\/schoenstatt.com\\\/es\\\/invitacion-toma-de-tunica-de-sion\\\/#breadcrumb\"},\"inLanguage\":\"es\",\"potentialAction\":[{\"@type\":\"ReadAction\",\"target\":[\"https:\\\/\\\/schoenstatt.com\\\/es\\\/invitacion-toma-de-tunica-de-sion\\\/\"]}]},{\"@type\":\"ImageObject\",\"inLanguage\":\"es\",\"@id\":\"https:\\\/\\\/schoenstatt.com\\\/es\\\/invitacion-toma-de-tunica-de-sion\\\/#primaryimage\",\"url\":\"https:\\\/\\\/schoenstatt.com\\\/wp-content\\\/uploads\\\/2022\\\/07\\\/Screenshot-1.png\",\"contentUrl\":\"https:\\\/\\\/schoenstatt.com\\\/wp-content\\\/uploads\\\/2022\\\/07\\\/Screenshot-1.png\",\"width\":710,\"height\":369,\"caption\":\"Toma de t\u00fanica\"},{\"@type\":\"BreadcrumbList\",\"@id\":\"https:\\\/\\\/schoenstatt.com\\\/es\\\/invitacion-toma-de-tunica-de-sion\\\/#breadcrumb\",\"itemListElement\":[{\"@type\":\"ListItem\",\"position\":1,\"name\":\"Portada\",\"item\":\"https:\\\/\\\/schoenstatt.com\\\/es\\\/home\\\/\"},{\"@type\":\"ListItem\",\"position\":2,\"name\":\"Invitaci\u00f3n: Toma de T\u00fanica de Si\u00f3n\"}]},{\"@type\":\"WebSite\",\"@id\":\"https:\\\/\\\/schoenstatt.com\\\/es\\\/#website\",\"url\":\"https:\\\/\\\/schoenstatt.com\\\/es\\\/\",\"name\":\"Schoenstatt\",\"description\":\"Apostolic Movement\",\"publisher\":{\"@id\":\"https:\\\/\\\/schoenstatt.com\\\/es\\\/#organization\"},\"potentialAction\":[{\"@type\":\"SearchAction\",\"target\":{\"@type\":\"EntryPoint\",\"urlTemplate\":\"https:\\\/\\\/schoenstatt.com\\\/es\\\/?s={search_term_string}\"},\"query-input\":{\"@type\":\"PropertyValueSpecification\",\"valueRequired\":true,\"valueName\":\"search_term_string\"}}],\"inLanguage\":\"es\"},{\"@type\":\"Organization\",\"@id\":\"https:\\\/\\\/schoenstatt.com\\\/es\\\/#organization\",\"name\":\"Schoenstatt\",\"url\":\"https:\\\/\\\/schoenstatt.com\\\/es\\\/\",\"logo\":{\"@type\":\"ImageObject\",\"inLanguage\":\"es\",\"@id\":\"https:\\\/\\\/schoenstatt.com\\\/es\\\/#\\\/schema\\\/logo\\\/image\\\/\",\"url\":\"https:\\\/\\\/schoenstatt.com\\\/wp-content\\\/uploads\\\/2025\\\/04\\\/logo-schoenstatt-white-696x696-1.png\",\"contentUrl\":\"https:\\\/\\\/schoenstatt.com\\\/wp-content\\\/uploads\\\/2025\\\/04\\\/logo-schoenstatt-white-696x696-1.png\",\"width\":696,\"height\":694,\"caption\":\"Schoenstatt\"},\"image\":{\"@id\":\"https:\\\/\\\/schoenstatt.com\\\/es\\\/#\\\/schema\\\/logo\\\/image\\\/\"}},{\"@type\":\"Person\",\"@id\":\"https:\\\/\\\/schoenstatt.com\\\/es\\\/#\\\/schema\\\/person\\\/489465b1850e7b216fe2c10dfc262551\",\"name\":\"admin\",\"image\":{\"@type\":\"ImageObject\",\"inLanguage\":\"es\",\"@id\":\"https:\\\/\\\/secure.gravatar.com\\\/avatar\\\/02e8345e1ec40ab0e0a2a98fdde64a684bbaf994cddcb778b25b8b024ee9dfe6?s=96&d=mm&r=g\",\"url\":\"https:\\\/\\\/secure.gravatar.com\\\/avatar\\\/02e8345e1ec40ab0e0a2a98fdde64a684bbaf994cddcb778b25b8b024ee9dfe6?s=96&d=mm&r=g\",\"contentUrl\":\"https:\\\/\\\/secure.gravatar.com\\\/avatar\\\/02e8345e1ec40ab0e0a2a98fdde64a684bbaf994cddcb778b25b8b024ee9dfe6?s=96&d=mm&r=g\",\"caption\":\"admin\"},\"sameAs\":[\"https:\\\/\\\/schoenstatt.com\"],\"url\":\"https:\\\/\\\/schoenstatt.com\\\/es\\\/author\\\/admin\\\/\"}]}<\/script>\n<!-- \/ Yoast SEO Premium plugin. -->","yoast_head_json":{"title":"Invitaci\u00f3n: Toma de T\u00fanica de Si\u00f3n - Schoenstatt","description":"Toma de T\u00fanica de Si\u00f3n: el 16 de julio de 2022, el Instituto Secular de los Padres de Schoenstatt contar\u00e1 con 16 nuevos novicios.","robots":{"index":"index","follow":"follow","max-snippet":"max-snippet:-1","max-image-preview":"max-image-preview:large","max-video-preview":"max-video-preview:-1"},"canonical":"https:\/\/schoenstatt.com\/es\/invitacion-toma-de-tunica-de-sion\/","og_locale":"es_ES","og_type":"article","og_title":"Invitaci\u00f3n: Toma de T\u00fanica de Si\u00f3n","og_description":"Toma de T\u00fanica de Si\u00f3n: el 16 de julio de 2022, el Instituto Secular de los Padres de Schoenstatt contar\u00e1 con 16 nuevos novicios.","og_url":"https:\/\/schoenstatt.com\/es\/invitacion-toma-de-tunica-de-sion\/","og_site_name":"Schoenstatt","article_published_time":"2022-07-12T12:22:37+00:00","article_modified_time":"2025-05-15T00:02:12+00:00","og_image":[{"width":710,"height":369,"url":"https:\/\/schoenstatt.com\/wp-content\/uploads\/2022\/07\/Screenshot-1.png","type":"image\/png"}],"author":"admin","twitter_card":"summary_large_image","twitter_misc":{"Escrito por":"admin","Tiempo de lectura":"2 minutos"},"schema":{"@context":"https:\/\/schema.org","@graph":[{"@type":"Article","@id":"https:\/\/schoenstatt.com\/es\/invitacion-toma-de-tunica-de-sion\/#article","isPartOf":{"@id":"https:\/\/schoenstatt.com\/es\/invitacion-toma-de-tunica-de-sion\/"},"author":{"name":"admin","@id":"https:\/\/schoenstatt.com\/es\/#\/schema\/person\/489465b1850e7b216fe2c10dfc262551"},"headline":"Invitaci\u00f3n: Toma de T\u00fanica de Si\u00f3n","datePublished":"2022-07-12T12:22:37+00:00","dateModified":"2025-05-15T00:02:12+00:00","mainEntityOfPage":{"@id":"https:\/\/schoenstatt.com\/es\/invitacion-toma-de-tunica-de-sion\/"},"wordCount":438,"publisher":{"@id":"https:\/\/schoenstatt.com\/es\/#organization"},"image":{"@id":"https:\/\/schoenstatt.com\/es\/invitacion-toma-de-tunica-de-sion\/#primaryimage"},"thumbnailUrl":"https:\/\/schoenstatt.com\/wp-content\/uploads\/2022\/07\/Screenshot-1.png","articleSection":["Comunidades de Schoenstatt","Eventos"],"inLanguage":"es"},{"@type":"WebPage","@id":"https:\/\/schoenstatt.com\/es\/invitacion-toma-de-tunica-de-sion\/","url":"https:\/\/schoenstatt.com\/es\/invitacion-toma-de-tunica-de-sion\/","name":"Invitaci\u00f3n: Toma de T\u00fanica de Si\u00f3n - Schoenstatt","isPartOf":{"@id":"https:\/\/schoenstatt.com\/es\/#website"},"primaryImageOfPage":{"@id":"https:\/\/schoenstatt.com\/es\/invitacion-toma-de-tunica-de-sion\/#primaryimage"},"image":{"@id":"https:\/\/schoenstatt.com\/es\/invitacion-toma-de-tunica-de-sion\/#primaryimage"},"thumbnailUrl":"https:\/\/schoenstatt.com\/wp-content\/uploads\/2022\/07\/Screenshot-1.png","datePublished":"2022-07-12T12:22:37+00:00","dateModified":"2025-05-15T00:02:12+00:00","description":"Toma de T\u00fanica de Si\u00f3n: el 16 de julio de 2022, el Instituto Secular de los Padres de Schoenstatt contar\u00e1 con 16 nuevos novicios.","breadcrumb":{"@id":"https:\/\/schoenstatt.com\/es\/invitacion-toma-de-tunica-de-sion\/#breadcrumb"},"inLanguage":"es","potentialAction":[{"@type":"ReadAction","target":["https:\/\/schoenstatt.com\/es\/invitacion-toma-de-tunica-de-sion\/"]}]},{"@type":"ImageObject","inLanguage":"es","@id":"https:\/\/schoenstatt.com\/es\/invitacion-toma-de-tunica-de-sion\/#primaryimage","url":"https:\/\/schoenstatt.com\/wp-content\/uploads\/2022\/07\/Screenshot-1.png","contentUrl":"https:\/\/schoenstatt.com\/wp-content\/uploads\/2022\/07\/Screenshot-1.png","width":710,"height":369,"caption":"Toma de t\u00fanica"},{"@type":"BreadcrumbList","@id":"https:\/\/schoenstatt.com\/es\/invitacion-toma-de-tunica-de-sion\/#breadcrumb","itemListElement":[{"@type":"ListItem","position":1,"name":"Portada","item":"https:\/\/schoenstatt.com\/es\/home\/"},{"@type":"ListItem","position":2,"name":"Invitaci\u00f3n: Toma de T\u00fanica de Si\u00f3n"}]},{"@type":"WebSite","@id":"https:\/\/schoenstatt.com\/es\/#website","url":"https:\/\/schoenstatt.com\/es\/","name":"Schoenstatt","description":"Apostolic Movement","publisher":{"@id":"https:\/\/schoenstatt.com\/es\/#organization"},"potentialAction":[{"@type":"SearchAction","target":{"@type":"EntryPoint","urlTemplate":"https:\/\/schoenstatt.com\/es\/?s={search_term_string}"},"query-input":{"@type":"PropertyValueSpecification","valueRequired":true,"valueName":"search_term_string"}}],"inLanguage":"es"},{"@type":"Organization","@id":"https:\/\/schoenstatt.com\/es\/#organization","name":"Schoenstatt","url":"https:\/\/schoenstatt.com\/es\/","logo":{"@type":"ImageObject","inLanguage":"es","@id":"https:\/\/schoenstatt.com\/es\/#\/schema\/logo\/image\/","url":"https:\/\/schoenstatt.com\/wp-content\/uploads\/2025\/04\/logo-schoenstatt-white-696x696-1.png","contentUrl":"https:\/\/schoenstatt.com\/wp-content\/uploads\/2025\/04\/logo-schoenstatt-white-696x696-1.png","width":696,"height":694,"caption":"Schoenstatt"},"image":{"@id":"https:\/\/schoenstatt.com\/es\/#\/schema\/logo\/image\/"}},{"@type":"Person","@id":"https:\/\/schoenstatt.com\/es\/#\/schema\/person\/489465b1850e7b216fe2c10dfc262551","name":"admin","image":{"@type":"ImageObject","inLanguage":"es","@id":"https:\/\/secure.gravatar.com\/avatar\/02e8345e1ec40ab0e0a2a98fdde64a684bbaf994cddcb778b25b8b024ee9dfe6?s=96&d=mm&r=g","url":"https:\/\/secure.gravatar.com\/avatar\/02e8345e1ec40ab0e0a2a98fdde64a684bbaf994cddcb778b25b8b024ee9dfe6?s=96&d=mm&r=g","contentUrl":"https:\/\/secure.gravatar.com\/avatar\/02e8345e1ec40ab0e0a2a98fdde64a684bbaf994cddcb778b25b8b024ee9dfe6?s=96&d=mm&r=g","caption":"admin"},"sameAs":["https:\/\/schoenstatt.com"],"url":"https:\/\/schoenstatt.com\/es\/author\/admin\/"}]}},"_links":{"self":[{"href":"https:\/\/schoenstatt.com\/es\/wp-json\/wp\/v2\/posts\/51556","targetHints":{"allow":["GET"]}}],"collection":[{"href":"https:\/\/schoenstatt.com\/es\/wp-json\/wp\/v2\/posts"}],"about":[{"href":"https:\/\/schoenstatt.com\/es\/wp-json\/wp\/v2\/types\/post"}],"author":[{"embeddable":true,"href":"https:\/\/schoenstatt.com\/es\/wp-json\/wp\/v2\/users\/1"}],"replies":[{"embeddable":true,"href":"https:\/\/schoenstatt.com\/es\/wp-json\/wp\/v2\/comments?post=51556"}],"version-history":[{"count":1,"href":"https:\/\/schoenstatt.com\/es\/wp-json\/wp\/v2\/posts\/51556\/revisions"}],"predecessor-version":[{"id":51634,"href":"https:\/\/schoenstatt.com\/es\/wp-json\/wp\/v2\/posts\/51556\/revisions\/51634"}],"wp:featuredmedia":[{"embeddable":true,"href":"https:\/\/schoenstatt.com\/es\/wp-json\/wp\/v2\/media\/25936"}],"wp:attachment":[{"href":"https:\/\/schoenstatt.com\/es\/wp-json\/wp\/v2\/media?parent=51556"}],"wp:term":[{"taxonomy":"category","embeddable":true,"href":"https:\/\/schoenstatt.com\/es\/wp-json\/wp\/v2\/categories?post=51556"},{"taxonomy":"post_tag","embeddable":true,"href":"https:\/\/schoenstatt.com\/es\/wp-json\/wp\/v2\/tags?post=51556"}],"curies":[{"name":"wp","href":"https:\/\/api.w.org\/{rel}","templated":true}]}}