{"id":51548,"date":"2022-07-05T11:00:03","date_gmt":"2022-07-05T09:00:03","guid":{"rendered":"https:\/\/schoenstattdev.wpenginepowered.com\/?p=25887"},"modified":"2025-05-15T18:18:34","modified_gmt":"2025-05-15T16:18:34","slug":"padre-kentenich-ningun-nuevo-resultado-nueva-investigacion-de-las-denuncias-de-un-ciudadano-norteamericano","status":"publish","type":"post","link":"https:\/\/schoenstatt.com\/es\/padre-kentenich-ningun-nuevo-resultado-nueva-investigacion-de-las-denuncias-de-un-ciudadano-norteamericano\/","title":{"rendered":"Padre Kentenich &#8211; ning\u00fan nuevo resultado &#8211; Nueva investigaci\u00f3n de las denuncias de un ciudadano norteamericano"},"content":{"rendered":"<p>El 3 de mayo de 2022 un <a href=\"https:\/\/www.bistum-trier.de\/news-details\/pressedienst\/detail\/News\/seligsprechungsverfahren-fuer-pater-kentenich-ausgesetzt\/?L=0&amp;cHash=07d94cd195ec45aa0bd26d6816a259e3\">comunicado de prensa del Obispado de Tr\u00e9veris<\/a> anunci\u00f3 que el Obispo, Dr. Stephan Ackermann, por el momento no proseguir\u00eda de manera activa el proceso de beatificaci\u00f3n del Padre\u00a0 Kentenich, <a href=\"https:\/\/schoenstattdev.wpenginepowered.com\/es\/acerca-de\/fundador\/\">fundador de la Obra Internacional de Schoenstatt<\/a>. Mons. Ackermann alent\u00f3 a que se realizaran nuevas indagaciones para aclarar cuestiones pendientes. En ese contexto comunic\u00f3 tambi\u00e9n que hab\u00eda promovido una nueva investigaci\u00f3n de las denuncias de un ciudadano norteamericano que denuncia al Padre Kentenich por abuso sexual. (Link)<\/p>\n<p>Tal como el Obispo de Tr\u00e9veris lo hab\u00eda dicho ya <a href=\"https:\/\/www.bistum-trier.de\/bistum-bischof\/bischof\/im-wortlaut\/in-den-medien\/schoenstatt\/\">en una entrevista del 10 de marzo de 2021<\/a> concedida al diario diocesano \u201cPaulinus\u201d, esa denuncia ya hab\u00eda sido investigada en 1994\/95 en la arquidi\u00f3cesis de Milwaukee. En la entrevista el Obispo lo resumi\u00f3 de la siguiente manera: \u201cLa investigaci\u00f3n de las denuncias llevada a cabo por la arquidi\u00f3cesis de Milwaukee concluy\u00f3 con un informe confeccionado por el tribunal eclesi\u00e1stico del lugar. En \u00e9l se expresa la convicci\u00f3n de que hasta ese momento no exist\u00eda motivo alguno para continuar investigando el asunto. En el marco de la fase diocesana, se nos envi\u00f3 toda la documentaci\u00f3n pertinente. El resultado que arroj\u00f3 su examen es que la investigaci\u00f3n de la arquidi\u00f3cesis de Milwaukee es coherente y debe ser considerada como concluyente.\u201d<\/p>\n<p>No obstante, alrededor de 25 a\u00f1os m\u00e1s tarde, el Obispo se pregunt\u00f3 \u201csi la investigaci\u00f3n de entonces puede ser considerada como suficiente a la luz de los criterios actuales, o si falt\u00f3 contemplar algunos aspectos que necesariamente deben ser integrados para una valoraci\u00f3n concluyente.\u201d<\/p>\n<p>Mons. Ackermann encarg\u00f3 entonces al abogado Steven M. Biskupic, ex fiscal norteamericano, la realizaci\u00f3n de una nueva investigaci\u00f3n de las mencionadas denuncias. A comienzos de a\u00f1o el Obispo recibi\u00f3 un detallado Informe y un resumen de sus resultados elaborado por el mismo abogado. Dicho resumen fue comunicado a la Presidencia General de la Obra Internacional de Schoenstatt y, publicado en la Website de las Di\u00f3cesis.<\/p>\n<p>En sus declaraciones el abogado explica que ya la minuciosa investigaci\u00f3n llevada a cabo en 1994\/95 en Milwaukee hab\u00eda dado m\u00e1s pasos para el esclarecimiento de los que en aquel momento eran jur\u00eddicamente necesarios. Seg\u00fan opini\u00f3n del abogado, la gran distancia temporal existente entre los presuntos acontecimientos y hoy hace que \u201clamentablemente para todos los involucrados, a causa del paso del tiempo y fallecimiento de testigos clave no se pudo arribar a un \u2018resultado concluyente\u2019. Por ende propone que las denuncias cuya veracidad no ha sido probada \u201csean consideradas como un factor en un estudio m\u00e1s amplio de la vida del Padre Kentenich\u201d. En su resumen el abogado se\u00f1ala que \u201centre tanto se han hecho p\u00fablicas denuncias adicionales contra el P. Kentenich relativas a su tiempo en Sudam\u00e9rica\u201d. De ese modo se refiere evidentemente a las denuncias hechas por la Hna. Georgia Wagner, relativas a encuentros con el P. Kentenich en Chile. \u00c9stas eran ya conocidas en el proceso de beatificaci\u00f3n.<\/p>\n<p>Por su parte el Movimiento de Schoenstatt ofrece aqu\u00ed el acceso al resumen del abogado. Tal como es costumbre en los EE.UU., por razones legales en \u00e9l no se brindan datos sobre la persona del denunciante: la persona es designada con un nombre ficticio. Por razones de protecci\u00f3n de la persona, legalmente no es posible la publicaci\u00f3n del Informe del abogado.<\/p>\n<p>&nbsp;<\/p>\n<p><a href=\"https:\/\/www.bistum-trier.de\/fileadmin\/user_upload\/220705_Biskupic_Summary_EN_DE_ES_Josef_Kentenich.pdf\">Link del archivo pdf &#8211; Obispado<\/a><\/p>\n<p>&nbsp;<\/p>\n","protected":false},"excerpt":{"rendered":"<p>Padre Kentenich &#8211; publicaci\u00f3n del resumen escrito por Steven M. Biskupic con las conclusiones de la investigaci\u00f3n de  supuestos abusos.<\/p>\n","protected":false},"author":1,"featured_media":25880,"comment_status":"closed","ping_status":"closed","sticky":false,"template":"","format":"standard","meta":{"footnotes":""},"categories":[893,881],"tags":[],"class_list":["post-51548","post","type-post","status-publish","format-standard","has-post-thumbnail","hentry","category-causa-kentenich-es","category-p-jose-kentenich-es"],"yoast_head":"<!-- This site is optimized with the Yoast SEO Premium plugin v27.4 (Yoast SEO v27.4) - https:\/\/yoast.com\/product\/yoast-seo-premium-wordpress\/ -->\n<title>Padre Kentenich - ning\u00fan nuevo resultado - Nueva investigaci\u00f3n de las denuncias de un ciudadano norteamericano<\/title>\n<meta name=\"description\" content=\"Padre Kentenich - publicaci\u00f3n del resumen escrito por Steven M. Biskupic con las conclusiones de la investigaci\u00f3n de supuestos abusos.\" \/>\n<meta name=\"robots\" content=\"index, follow, max-snippet:-1, max-image-preview:large, max-video-preview:-1\" \/>\n<link rel=\"canonical\" href=\"https:\/\/schoenstatt.com\/es\/padre-kentenich-ningun-nuevo-resultado-nueva-investigacion-de-las-denuncias-de-un-ciudadano-norteamericano\/\" \/>\n<meta property=\"og:locale\" content=\"es_ES\" \/>\n<meta property=\"og:type\" content=\"article\" \/>\n<meta property=\"og:title\" content=\"Padre Kentenich - ning\u00fan nuevo resultado - Nueva investigaci\u00f3n de las denuncias de un ciudadano norteamericano\" \/>\n<meta property=\"og:description\" content=\"Padre Kentenich - publicaci\u00f3n del resumen escrito por Steven M. Biskupic con las conclusiones de la investigaci\u00f3n de supuestos abusos.\" \/>\n<meta property=\"og:url\" content=\"https:\/\/schoenstatt.com\/es\/padre-kentenich-ningun-nuevo-resultado-nueva-investigacion-de-las-denuncias-de-un-ciudadano-norteamericano\/\" \/>\n<meta property=\"og:site_name\" content=\"Schoenstatt\" \/>\n<meta property=\"article:published_time\" content=\"2022-07-05T09:00:03+00:00\" \/>\n<meta property=\"article:modified_time\" content=\"2025-05-15T16:18:34+00:00\" \/>\n<meta property=\"og:image\" content=\"https:\/\/schoenstatt.com\/wp-content\/uploads\/2022\/07\/WhatsApp-Image-2022-07-04-at-13.03.25-3.jpeg\" \/>\n\t<meta property=\"og:image:width\" content=\"680\" \/>\n\t<meta property=\"og:image:height\" content=\"340\" \/>\n\t<meta property=\"og:image:type\" content=\"image\/jpeg\" \/>\n<meta name=\"author\" content=\"admin\" \/>\n<meta name=\"twitter:card\" content=\"summary_large_image\" \/>\n<meta name=\"twitter:label1\" content=\"Escrito por\" \/>\n\t<meta name=\"twitter:data1\" content=\"admin\" \/>\n\t<meta name=\"twitter:label2\" content=\"Tiempo de lectura\" \/>\n\t<meta name=\"twitter:data2\" content=\"3 minutos\" \/>\n<script type=\"application\/ld+json\" class=\"yoast-schema-graph\">{\"@context\":\"https:\\\/\\\/schema.org\",\"@graph\":[{\"@type\":\"Article\",\"@id\":\"https:\\\/\\\/schoenstatt.com\\\/es\\\/padre-kentenich-ningun-nuevo-resultado-nueva-investigacion-de-las-denuncias-de-un-ciudadano-norteamericano\\\/#article\",\"isPartOf\":{\"@id\":\"https:\\\/\\\/schoenstatt.com\\\/es\\\/padre-kentenich-ningun-nuevo-resultado-nueva-investigacion-de-las-denuncias-de-un-ciudadano-norteamericano\\\/\"},\"author\":{\"name\":\"admin\",\"@id\":\"https:\\\/\\\/schoenstatt.com\\\/es\\\/#\\\/schema\\\/person\\\/489465b1850e7b216fe2c10dfc262551\"},\"headline\":\"Padre Kentenich &#8211; ning\u00fan nuevo resultado &#8211; Nueva investigaci\u00f3n de las denuncias de un ciudadano norteamericano\",\"datePublished\":\"2022-07-05T09:00:03+00:00\",\"dateModified\":\"2025-05-15T16:18:34+00:00\",\"mainEntityOfPage\":{\"@id\":\"https:\\\/\\\/schoenstatt.com\\\/es\\\/padre-kentenich-ningun-nuevo-resultado-nueva-investigacion-de-las-denuncias-de-un-ciudadano-norteamericano\\\/\"},\"wordCount\":602,\"publisher\":{\"@id\":\"https:\\\/\\\/schoenstatt.com\\\/es\\\/#organization\"},\"image\":{\"@id\":\"https:\\\/\\\/schoenstatt.com\\\/es\\\/padre-kentenich-ningun-nuevo-resultado-nueva-investigacion-de-las-denuncias-de-un-ciudadano-norteamericano\\\/#primaryimage\"},\"thumbnailUrl\":\"https:\\\/\\\/schoenstatt.com\\\/wp-content\\\/uploads\\\/2022\\\/07\\\/WhatsApp-Image-2022-07-04-at-13.03.25-3.jpeg\",\"articleSection\":[\"Causa Kentenich\",\"P. Jos\u00e9 Kentenich\"],\"inLanguage\":\"es\"},{\"@type\":\"WebPage\",\"@id\":\"https:\\\/\\\/schoenstatt.com\\\/es\\\/padre-kentenich-ningun-nuevo-resultado-nueva-investigacion-de-las-denuncias-de-un-ciudadano-norteamericano\\\/\",\"url\":\"https:\\\/\\\/schoenstatt.com\\\/es\\\/padre-kentenich-ningun-nuevo-resultado-nueva-investigacion-de-las-denuncias-de-un-ciudadano-norteamericano\\\/\",\"name\":\"Padre Kentenich - ning\u00fan nuevo resultado - Nueva investigaci\u00f3n de las denuncias de un ciudadano norteamericano\",\"isPartOf\":{\"@id\":\"https:\\\/\\\/schoenstatt.com\\\/es\\\/#website\"},\"primaryImageOfPage\":{\"@id\":\"https:\\\/\\\/schoenstatt.com\\\/es\\\/padre-kentenich-ningun-nuevo-resultado-nueva-investigacion-de-las-denuncias-de-un-ciudadano-norteamericano\\\/#primaryimage\"},\"image\":{\"@id\":\"https:\\\/\\\/schoenstatt.com\\\/es\\\/padre-kentenich-ningun-nuevo-resultado-nueva-investigacion-de-las-denuncias-de-un-ciudadano-norteamericano\\\/#primaryimage\"},\"thumbnailUrl\":\"https:\\\/\\\/schoenstatt.com\\\/wp-content\\\/uploads\\\/2022\\\/07\\\/WhatsApp-Image-2022-07-04-at-13.03.25-3.jpeg\",\"datePublished\":\"2022-07-05T09:00:03+00:00\",\"dateModified\":\"2025-05-15T16:18:34+00:00\",\"description\":\"Padre Kentenich - publicaci\u00f3n del resumen escrito por Steven M. Biskupic con las conclusiones de la investigaci\u00f3n de supuestos abusos.\",\"breadcrumb\":{\"@id\":\"https:\\\/\\\/schoenstatt.com\\\/es\\\/padre-kentenich-ningun-nuevo-resultado-nueva-investigacion-de-las-denuncias-de-un-ciudadano-norteamericano\\\/#breadcrumb\"},\"inLanguage\":\"es\",\"potentialAction\":[{\"@type\":\"ReadAction\",\"target\":[\"https:\\\/\\\/schoenstatt.com\\\/es\\\/padre-kentenich-ningun-nuevo-resultado-nueva-investigacion-de-las-denuncias-de-un-ciudadano-norteamericano\\\/\"]}]},{\"@type\":\"ImageObject\",\"inLanguage\":\"es\",\"@id\":\"https:\\\/\\\/schoenstatt.com\\\/es\\\/padre-kentenich-ningun-nuevo-resultado-nueva-investigacion-de-las-denuncias-de-un-ciudadano-norteamericano\\\/#primaryimage\",\"url\":\"https:\\\/\\\/schoenstatt.com\\\/wp-content\\\/uploads\\\/2022\\\/07\\\/WhatsApp-Image-2022-07-04-at-13.03.25-3.jpeg\",\"contentUrl\":\"https:\\\/\\\/schoenstatt.com\\\/wp-content\\\/uploads\\\/2022\\\/07\\\/WhatsApp-Image-2022-07-04-at-13.03.25-3.jpeg\",\"width\":680,\"height\":340,\"caption\":\"In this building in Milwaukee, USA, Father Joseph Kentenich lived from June 1952 to September 1965\"},{\"@type\":\"BreadcrumbList\",\"@id\":\"https:\\\/\\\/schoenstatt.com\\\/es\\\/padre-kentenich-ningun-nuevo-resultado-nueva-investigacion-de-las-denuncias-de-un-ciudadano-norteamericano\\\/#breadcrumb\",\"itemListElement\":[{\"@type\":\"ListItem\",\"position\":1,\"name\":\"Portada\",\"item\":\"https:\\\/\\\/schoenstatt.com\\\/es\\\/home\\\/\"},{\"@type\":\"ListItem\",\"position\":2,\"name\":\"Padre Kentenich &#8211; ning\u00fan nuevo resultado &#8211; Nueva investigaci\u00f3n de las denuncias de un ciudadano norteamericano\"}]},{\"@type\":\"WebSite\",\"@id\":\"https:\\\/\\\/schoenstatt.com\\\/es\\\/#website\",\"url\":\"https:\\\/\\\/schoenstatt.com\\\/es\\\/\",\"name\":\"Schoenstatt\",\"description\":\"Apostolic Movement\",\"publisher\":{\"@id\":\"https:\\\/\\\/schoenstatt.com\\\/es\\\/#organization\"},\"potentialAction\":[{\"@type\":\"SearchAction\",\"target\":{\"@type\":\"EntryPoint\",\"urlTemplate\":\"https:\\\/\\\/schoenstatt.com\\\/es\\\/?s={search_term_string}\"},\"query-input\":{\"@type\":\"PropertyValueSpecification\",\"valueRequired\":true,\"valueName\":\"search_term_string\"}}],\"inLanguage\":\"es\"},{\"@type\":\"Organization\",\"@id\":\"https:\\\/\\\/schoenstatt.com\\\/es\\\/#organization\",\"name\":\"Schoenstatt\",\"url\":\"https:\\\/\\\/schoenstatt.com\\\/es\\\/\",\"logo\":{\"@type\":\"ImageObject\",\"inLanguage\":\"es\",\"@id\":\"https:\\\/\\\/schoenstatt.com\\\/es\\\/#\\\/schema\\\/logo\\\/image\\\/\",\"url\":\"https:\\\/\\\/schoenstatt.com\\\/wp-content\\\/uploads\\\/2025\\\/04\\\/logo-schoenstatt-white-696x696-1.png\",\"contentUrl\":\"https:\\\/\\\/schoenstatt.com\\\/wp-content\\\/uploads\\\/2025\\\/04\\\/logo-schoenstatt-white-696x696-1.png\",\"width\":696,\"height\":694,\"caption\":\"Schoenstatt\"},\"image\":{\"@id\":\"https:\\\/\\\/schoenstatt.com\\\/es\\\/#\\\/schema\\\/logo\\\/image\\\/\"}},{\"@type\":\"Person\",\"@id\":\"https:\\\/\\\/schoenstatt.com\\\/es\\\/#\\\/schema\\\/person\\\/489465b1850e7b216fe2c10dfc262551\",\"name\":\"admin\",\"image\":{\"@type\":\"ImageObject\",\"inLanguage\":\"es\",\"@id\":\"https:\\\/\\\/secure.gravatar.com\\\/avatar\\\/02e8345e1ec40ab0e0a2a98fdde64a684bbaf994cddcb778b25b8b024ee9dfe6?s=96&d=mm&r=g\",\"url\":\"https:\\\/\\\/secure.gravatar.com\\\/avatar\\\/02e8345e1ec40ab0e0a2a98fdde64a684bbaf994cddcb778b25b8b024ee9dfe6?s=96&d=mm&r=g\",\"contentUrl\":\"https:\\\/\\\/secure.gravatar.com\\\/avatar\\\/02e8345e1ec40ab0e0a2a98fdde64a684bbaf994cddcb778b25b8b024ee9dfe6?s=96&d=mm&r=g\",\"caption\":\"admin\"},\"sameAs\":[\"https:\\\/\\\/schoenstatt.com\"],\"url\":\"https:\\\/\\\/schoenstatt.com\\\/es\\\/author\\\/admin\\\/\"}]}<\/script>\n<!-- \/ Yoast SEO Premium plugin. -->","yoast_head_json":{"title":"Padre Kentenich - ning\u00fan nuevo resultado - Nueva investigaci\u00f3n de las denuncias de un ciudadano norteamericano","description":"Padre Kentenich - publicaci\u00f3n del resumen escrito por Steven M. Biskupic con las conclusiones de la investigaci\u00f3n de supuestos abusos.","robots":{"index":"index","follow":"follow","max-snippet":"max-snippet:-1","max-image-preview":"max-image-preview:large","max-video-preview":"max-video-preview:-1"},"canonical":"https:\/\/schoenstatt.com\/es\/padre-kentenich-ningun-nuevo-resultado-nueva-investigacion-de-las-denuncias-de-un-ciudadano-norteamericano\/","og_locale":"es_ES","og_type":"article","og_title":"Padre Kentenich - ning\u00fan nuevo resultado - Nueva investigaci\u00f3n de las denuncias de un ciudadano norteamericano","og_description":"Padre Kentenich - publicaci\u00f3n del resumen escrito por Steven M. Biskupic con las conclusiones de la investigaci\u00f3n de supuestos abusos.","og_url":"https:\/\/schoenstatt.com\/es\/padre-kentenich-ningun-nuevo-resultado-nueva-investigacion-de-las-denuncias-de-un-ciudadano-norteamericano\/","og_site_name":"Schoenstatt","article_published_time":"2022-07-05T09:00:03+00:00","article_modified_time":"2025-05-15T16:18:34+00:00","og_image":[{"width":680,"height":340,"url":"https:\/\/schoenstatt.com\/wp-content\/uploads\/2022\/07\/WhatsApp-Image-2022-07-04-at-13.03.25-3.jpeg","type":"image\/jpeg"}],"author":"admin","twitter_card":"summary_large_image","twitter_misc":{"Escrito por":"admin","Tiempo de lectura":"3 minutos"},"schema":{"@context":"https:\/\/schema.org","@graph":[{"@type":"Article","@id":"https:\/\/schoenstatt.com\/es\/padre-kentenich-ningun-nuevo-resultado-nueva-investigacion-de-las-denuncias-de-un-ciudadano-norteamericano\/#article","isPartOf":{"@id":"https:\/\/schoenstatt.com\/es\/padre-kentenich-ningun-nuevo-resultado-nueva-investigacion-de-las-denuncias-de-un-ciudadano-norteamericano\/"},"author":{"name":"admin","@id":"https:\/\/schoenstatt.com\/es\/#\/schema\/person\/489465b1850e7b216fe2c10dfc262551"},"headline":"Padre Kentenich &#8211; ning\u00fan nuevo resultado &#8211; Nueva investigaci\u00f3n de las denuncias de un ciudadano norteamericano","datePublished":"2022-07-05T09:00:03+00:00","dateModified":"2025-05-15T16:18:34+00:00","mainEntityOfPage":{"@id":"https:\/\/schoenstatt.com\/es\/padre-kentenich-ningun-nuevo-resultado-nueva-investigacion-de-las-denuncias-de-un-ciudadano-norteamericano\/"},"wordCount":602,"publisher":{"@id":"https:\/\/schoenstatt.com\/es\/#organization"},"image":{"@id":"https:\/\/schoenstatt.com\/es\/padre-kentenich-ningun-nuevo-resultado-nueva-investigacion-de-las-denuncias-de-un-ciudadano-norteamericano\/#primaryimage"},"thumbnailUrl":"https:\/\/schoenstatt.com\/wp-content\/uploads\/2022\/07\/WhatsApp-Image-2022-07-04-at-13.03.25-3.jpeg","articleSection":["Causa Kentenich","P. Jos\u00e9 Kentenich"],"inLanguage":"es"},{"@type":"WebPage","@id":"https:\/\/schoenstatt.com\/es\/padre-kentenich-ningun-nuevo-resultado-nueva-investigacion-de-las-denuncias-de-un-ciudadano-norteamericano\/","url":"https:\/\/schoenstatt.com\/es\/padre-kentenich-ningun-nuevo-resultado-nueva-investigacion-de-las-denuncias-de-un-ciudadano-norteamericano\/","name":"Padre Kentenich - ning\u00fan nuevo resultado - Nueva investigaci\u00f3n de las denuncias de un ciudadano norteamericano","isPartOf":{"@id":"https:\/\/schoenstatt.com\/es\/#website"},"primaryImageOfPage":{"@id":"https:\/\/schoenstatt.com\/es\/padre-kentenich-ningun-nuevo-resultado-nueva-investigacion-de-las-denuncias-de-un-ciudadano-norteamericano\/#primaryimage"},"image":{"@id":"https:\/\/schoenstatt.com\/es\/padre-kentenich-ningun-nuevo-resultado-nueva-investigacion-de-las-denuncias-de-un-ciudadano-norteamericano\/#primaryimage"},"thumbnailUrl":"https:\/\/schoenstatt.com\/wp-content\/uploads\/2022\/07\/WhatsApp-Image-2022-07-04-at-13.03.25-3.jpeg","datePublished":"2022-07-05T09:00:03+00:00","dateModified":"2025-05-15T16:18:34+00:00","description":"Padre Kentenich - publicaci\u00f3n del resumen escrito por Steven M. Biskupic con las conclusiones de la investigaci\u00f3n de supuestos abusos.","breadcrumb":{"@id":"https:\/\/schoenstatt.com\/es\/padre-kentenich-ningun-nuevo-resultado-nueva-investigacion-de-las-denuncias-de-un-ciudadano-norteamericano\/#breadcrumb"},"inLanguage":"es","potentialAction":[{"@type":"ReadAction","target":["https:\/\/schoenstatt.com\/es\/padre-kentenich-ningun-nuevo-resultado-nueva-investigacion-de-las-denuncias-de-un-ciudadano-norteamericano\/"]}]},{"@type":"ImageObject","inLanguage":"es","@id":"https:\/\/schoenstatt.com\/es\/padre-kentenich-ningun-nuevo-resultado-nueva-investigacion-de-las-denuncias-de-un-ciudadano-norteamericano\/#primaryimage","url":"https:\/\/schoenstatt.com\/wp-content\/uploads\/2022\/07\/WhatsApp-Image-2022-07-04-at-13.03.25-3.jpeg","contentUrl":"https:\/\/schoenstatt.com\/wp-content\/uploads\/2022\/07\/WhatsApp-Image-2022-07-04-at-13.03.25-3.jpeg","width":680,"height":340,"caption":"In this building in Milwaukee, USA, Father Joseph Kentenich lived from June 1952 to September 1965"},{"@type":"BreadcrumbList","@id":"https:\/\/schoenstatt.com\/es\/padre-kentenich-ningun-nuevo-resultado-nueva-investigacion-de-las-denuncias-de-un-ciudadano-norteamericano\/#breadcrumb","itemListElement":[{"@type":"ListItem","position":1,"name":"Portada","item":"https:\/\/schoenstatt.com\/es\/home\/"},{"@type":"ListItem","position":2,"name":"Padre Kentenich &#8211; ning\u00fan nuevo resultado &#8211; Nueva investigaci\u00f3n de las denuncias de un ciudadano norteamericano"}]},{"@type":"WebSite","@id":"https:\/\/schoenstatt.com\/es\/#website","url":"https:\/\/schoenstatt.com\/es\/","name":"Schoenstatt","description":"Apostolic Movement","publisher":{"@id":"https:\/\/schoenstatt.com\/es\/#organization"},"potentialAction":[{"@type":"SearchAction","target":{"@type":"EntryPoint","urlTemplate":"https:\/\/schoenstatt.com\/es\/?s={search_term_string}"},"query-input":{"@type":"PropertyValueSpecification","valueRequired":true,"valueName":"search_term_string"}}],"inLanguage":"es"},{"@type":"Organization","@id":"https:\/\/schoenstatt.com\/es\/#organization","name":"Schoenstatt","url":"https:\/\/schoenstatt.com\/es\/","logo":{"@type":"ImageObject","inLanguage":"es","@id":"https:\/\/schoenstatt.com\/es\/#\/schema\/logo\/image\/","url":"https:\/\/schoenstatt.com\/wp-content\/uploads\/2025\/04\/logo-schoenstatt-white-696x696-1.png","contentUrl":"https:\/\/schoenstatt.com\/wp-content\/uploads\/2025\/04\/logo-schoenstatt-white-696x696-1.png","width":696,"height":694,"caption":"Schoenstatt"},"image":{"@id":"https:\/\/schoenstatt.com\/es\/#\/schema\/logo\/image\/"}},{"@type":"Person","@id":"https:\/\/schoenstatt.com\/es\/#\/schema\/person\/489465b1850e7b216fe2c10dfc262551","name":"admin","image":{"@type":"ImageObject","inLanguage":"es","@id":"https:\/\/secure.gravatar.com\/avatar\/02e8345e1ec40ab0e0a2a98fdde64a684bbaf994cddcb778b25b8b024ee9dfe6?s=96&d=mm&r=g","url":"https:\/\/secure.gravatar.com\/avatar\/02e8345e1ec40ab0e0a2a98fdde64a684bbaf994cddcb778b25b8b024ee9dfe6?s=96&d=mm&r=g","contentUrl":"https:\/\/secure.gravatar.com\/avatar\/02e8345e1ec40ab0e0a2a98fdde64a684bbaf994cddcb778b25b8b024ee9dfe6?s=96&d=mm&r=g","caption":"admin"},"sameAs":["https:\/\/schoenstatt.com"],"url":"https:\/\/schoenstatt.com\/es\/author\/admin\/"}]}},"_links":{"self":[{"href":"https:\/\/schoenstatt.com\/es\/wp-json\/wp\/v2\/posts\/51548","targetHints":{"allow":["GET"]}}],"collection":[{"href":"https:\/\/schoenstatt.com\/es\/wp-json\/wp\/v2\/posts"}],"about":[{"href":"https:\/\/schoenstatt.com\/es\/wp-json\/wp\/v2\/types\/post"}],"author":[{"embeddable":true,"href":"https:\/\/schoenstatt.com\/es\/wp-json\/wp\/v2\/users\/1"}],"replies":[{"embeddable":true,"href":"https:\/\/schoenstatt.com\/es\/wp-json\/wp\/v2\/comments?post=51548"}],"version-history":[{"count":1,"href":"https:\/\/schoenstatt.com\/es\/wp-json\/wp\/v2\/posts\/51548\/revisions"}],"predecessor-version":[{"id":51603,"href":"https:\/\/schoenstatt.com\/es\/wp-json\/wp\/v2\/posts\/51548\/revisions\/51603"}],"wp:featuredmedia":[{"embeddable":true,"href":"https:\/\/schoenstatt.com\/es\/wp-json\/wp\/v2\/media\/25880"}],"wp:attachment":[{"href":"https:\/\/schoenstatt.com\/es\/wp-json\/wp\/v2\/media?parent=51548"}],"wp:term":[{"taxonomy":"category","embeddable":true,"href":"https:\/\/schoenstatt.com\/es\/wp-json\/wp\/v2\/categories?post=51548"},{"taxonomy":"post_tag","embeddable":true,"href":"https:\/\/schoenstatt.com\/es\/wp-json\/wp\/v2\/tags?post=51548"}],"curies":[{"name":"wp","href":"https:\/\/api.w.org\/{rel}","templated":true}]}}