{"id":51264,"date":"2022-08-04T17:03:14","date_gmt":"2022-08-04T15:03:14","guid":{"rendered":"https:\/\/schoenstattdev.wpenginepowered.com\/?p=26245"},"modified":"2025-05-15T18:46:31","modified_gmt":"2025-05-15T16:46:31","slug":"el-papa-un-sano-equilibrio-entre-modernidad-y-culturas-ancestrales","status":"publish","type":"post","link":"https:\/\/schoenstatt.com\/es\/el-papa-un-sano-equilibrio-entre-modernidad-y-culturas-ancestrales\/","title":{"rendered":"El Papa: Un sano equilibrio entre modernidad y culturas ancestrales"},"content":{"rendered":"<p>El camino junto a los pueblos ind\u00edgenas ha constituido la espina dorsal del viaje apost\u00f3lico a Canad\u00e1. Lo dijo el Papa esta ma\u00f1ana, en su primera audiencia general tras el per\u00edodo de vacaciones y a su regreso de lo que \u00e9l mismo describi\u00f3 como \u201cun viaje diferente a los otros\u201d y cuya motivaci\u00f3n principal era la de expresar su cercan\u00eda y pedir perd\u00f3n a los pueblos originarios por el da\u00f1o causado por las pol\u00edticas de asimilaci\u00f3n forzada y liberaci\u00f3n en las que participaron muchos cat\u00f3licos.<\/p>\n<p>\u201c<em><strong>Caminar juntos<\/strong><\/em>\u201d, lema del viaje apost\u00f3lico, es \u201cun camino de reconciliaci\u00f3n y de sanaci\u00f3n, que presupone la conciencia hist\u00f3rica, la escucha de los supervivientes, la toma de conciencia y sobre todo la conversi\u00f3n, el cambio de mentalidad\u201d. Una profundizaci\u00f3n que se viene realizando en Canad\u00e1 y que revela que junto a hombres y mujeres de Iglesia valientes defensores de la dignidad de las poblaciones aut\u00f3ctonas, no han faltado los que han participado en programas \u201cinaceptables y contrarios al Evangelio\u201d.<\/p>\n<p><img fetchpriority=\"high\" decoding=\"async\" class=\"size-full wp-image-26237 aligncenter\" src=\"https:\/\/schoenstatt.com\/wp-content\/uploads\/2022\/08\/AP-3-1-1.png\" alt=\"Generalaudienz\" width=\"708\" height=\"411\" \/><\/p>\n<h3>La memoria<\/h3>\n<p>Esta <a href=\"https:\/\/schoenstattdev.wpenginepowered.com\/es\/iglesia\/a-canada-para-abrazar-a-los-indigenas-en-una-peregrinacion-penitencial\/\">\u201cperegrinaci\u00f3n penitencial<\/a>\u201d como la defini\u00f3 desde un principio el Santo Padre se desarroll\u00f3 en tres grandes etapas: en Edmonton, en la parte occidental del pa\u00eds; en Quebec, en la parte oriental y en el norte, en Iqaluit.<\/p>\n<blockquote><p>\u201cEl primer encuentro tuvo lugar en Masqwacis \u2013 \u201cLa colina del oso\u201d \u2013 donde se dieron cita jefes y miembros de los principales grupos ind\u00edgenas de todo el pa\u00eds: Primeras naciones, M\u00e9tis e Inuit. Juntos hemos hecho memoria: la buena memoria de la historia milenaria de estos pueblos, en armon\u00eda con su tierra, y la memoria dolorosa de los abusos sufridos, tambi\u00e9n en las escuelas residenciales, a causa de las pol\u00edticas de asimilaci\u00f3n cultural\u201d.<\/p><\/blockquote>\n<p>Momentos en los que no faltaron el silencio y la oraci\u00f3n \u201cpara que\u00a0 la memoria pueda volver a iniciar un nuevo camino, ya sin dominadores y s\u00fabditos, sino solo hermanos y hermanas\u201d afirm\u00f3 el Papa antes de pasar a la segunda etapa del viaje.<\/p>\n<p><img decoding=\"async\" class=\"aligncenter wp-image-26241 size-full\" src=\"https:\/\/schoenstatt.com\/wp-content\/uploads\/2022\/08\/AP-1-1.png\" alt=\"Pope at audience\" width=\"686\" height=\"383\" \/><\/p>\n<h3>La reconciliaci\u00f3n<\/h3>\n<p>\u201cDespu\u00e9s de la memoria, el segundo paso de nuestro camino fue el de la reconciliaci\u00f3n. No un acuerdo entre nosotros \u2013 ser\u00eda una ilusi\u00f3n, una puesta en escena \u2013 sino un dejarse reconciliar por Cristo, que es nuestra paz\u201d. El s\u00edmbolo de esta etapa como explic\u00f3 el Pont\u00edfice fue la figura del \u00e1rbol, central en la vida y en la simbolog\u00eda de los pueblos ind\u00edgenas. \u201cEl \u00e1rbol, cuyo sentido nuevo y pleno se desvela en la Cruz de Cristo\u201d y que transforma \u201cel dolor en amor, la muerte en vida, la desilusi\u00f3n en esperanza, el abandono en comuni\u00f3n, la distancia en unidad\u201d.<\/p>\n<blockquote><p>\u201cLas comunidades ind\u00edgenas que han acogido y asimilado el Evangelio nos ayudan a recuperar la dimensi\u00f3n c\u00f3smica del misterio cristiano, en particular de la Cruz y de la Eucarist\u00eda. En torno a este centro se forma la comunidad, la Iglesia, llamada a ser una tienda abierta, espaciosa y acogedora, la tienda de la reconciliaci\u00f3n y de la paz\u201d.<\/p><\/blockquote>\n<h3>La sanaci\u00f3n<\/h3>\n<p>Este tercer momento de su viaje apost\u00f3lico a Canad\u00e1 fue descrito por el Papa como l de la sanaci\u00f3n que se realiz\u00f3 en la orilla del lago Santa Ana, precisamente en el d\u00eda de la fiesta de santos Joaqu\u00edn y Ana. Un lugar significativo, explic\u00f3 Francisco porque para Jes\u00fas el lago era un ambiente familiar y que en el lago de Galilea vivi\u00f3 buena parte de su vida p\u00fablica.<\/p>\n<blockquote><p>\u201cTodos podemos tomar de Cristo, fuente de agua viva, la Gracia que sana nuestras heridas: a \u00c9l, que encarna la cercan\u00eda, la compasi\u00f3n y la ternura del Padre, hemos llevado los traumas y las violencias sufridas por los pueblos ind\u00edgenas de Canad\u00e1 y del mundo entero; hemos llevado las heridas de todos los pobres y los excluidos de nuestras sociedades; y tambi\u00e9n las heridas de las comunidades cristianas, que siempre necesitan dejarse resanar por el Se\u00f1or\u201d.<\/p><\/blockquote>\n<h3>Superar la mentalidad colonizadora<\/h3>\n<p>Seguidamente, el Santo Padre se refiri\u00f3 a los encuentros con las comunidades eclesiales y las autoridades del pa\u00eds, a quienes expres\u00f3 \u201cla voluntad activa de la Santa Sede y de las Comunidades cat\u00f3licas locales de promover las culturas originarias, con recorridos espirituales apropiados y con la atenci\u00f3n a las costumbres y a las lenguas de los pueblos.<\/p>\n<blockquote><p>\u201cAl mismo tiempo, se\u00f1al\u00e9 c\u00f3mo la mentalidad colonizadora se presenta hoy bajo varias formas de colonizaciones ideol\u00f3gicas, que amenazan a las tradiciones, la historia y los v\u00ednculos religiosos de los pueblos, aplanando las diferencias, concentr\u00e1ndose solo en el presente y descuidando a menudo los deberes hacia los m\u00e1s d\u00e9biles y fr\u00e1giles. Se trata por tanto de recuperar un sano equilibrio, una armon\u00eda entre la modernidad y las culturas ancestrales, entre la secularizaci\u00f3n y los valores espirituales\u201d.<\/p><\/blockquote>\n<h3>La esperanza<\/h3>\n<p>El Papa concluy\u00f3 su catequesis hablando de del \u00faltimo encuentro que tuvo en Canad\u00e1 con la poblaci\u00f3n de los Inuit, donde el encuentro entre los j\u00f3venes y los ancianos es un signo de esperanza.<\/p>\n<blockquote><p>\u201cTambi\u00e9n en <a href=\"https:\/\/www.vaticannews.va\/es.html\">Canad\u00e1<\/a> es un binomio-clave, es un signo de los tiempos: j\u00f3venes y ancianos en di\u00e1logo para caminar juntos en la historia entre memoria y profec\u00eda. La fortaleza y la acci\u00f3n pac\u00edfica de los pueblos ind\u00edgenas de Canad\u00e1 sea de ejemplo para todas las poblaciones originarias a no cerrarse, sino a ofrecer su indispensable contribuci\u00f3n para una humanidad m\u00e1s fraterna, que sepa amar a la creaci\u00f3n y al Creador\u201d<\/p><\/blockquote>\n<p><iframe title=\"Audiencia General 3 de agosto de 2022 Papa Francisco\" width=\"800\" height=\"450\" src=\"https:\/\/www.youtube.com\/embed\/9_jaPyJ8c8E?feature=oembed\" frameborder=\"0\" allow=\"accelerometer; autoplay; clipboard-write; encrypted-media; gyroscope; picture-in-picture; web-share\" referrerpolicy=\"strict-origin-when-cross-origin\" allowfullscreen><\/iframe><\/p>\n","protected":false},"excerpt":{"rendered":"<p>Memoria, reconciliaci\u00f3n y sanaci\u00f3n, las tres etapas de su reciente viaje apost\u00f3lico a Canad\u00e1, fueron descritas por el Pont\u00edfice en la audiencia general de este mi\u00e9rcoles, la primera tras sus vacaciones de verano. Nuevamente la advertencia ante la mentalidad colonizadora actual que amenaza tradiciones, culturas y v\u00ednculos religiosos.<\/p>\n","protected":false},"author":1,"featured_media":26232,"comment_status":"closed","ping_status":"closed","sticky":false,"template":"","format":"standard","meta":{"footnotes":""},"categories":[800,913],"tags":[],"class_list":["post-51264","post","type-post","status-publish","format-standard","has-post-thumbnail","hentry","category-papa-francisco-es","category-sociedad-es"],"yoast_head":"<!-- This site is optimized with the Yoast SEO Premium plugin v27.4 (Yoast SEO v27.4) - https:\/\/yoast.com\/product\/yoast-seo-premium-wordpress\/ -->\n<title>El Papa: Un sano equilibrio entre modernidad y culturas ancestrales - Schoenstatt<\/title>\n<meta name=\"description\" content=\"El Papa - Memoria, reconciliaci\u00f3n y sanaci\u00f3n, las tres etapas de su reciente viaje apost\u00f3lico a Canad\u00e1, en la audiencia general.\" \/>\n<meta name=\"robots\" content=\"index, follow, max-snippet:-1, max-image-preview:large, max-video-preview:-1\" \/>\n<link rel=\"canonical\" href=\"https:\/\/schoenstatt.com\/es\/el-papa-un-sano-equilibrio-entre-modernidad-y-culturas-ancestrales\/\" \/>\n<meta property=\"og:locale\" content=\"es_ES\" \/>\n<meta property=\"og:type\" content=\"article\" \/>\n<meta property=\"og:title\" content=\"El Papa: Un sano equilibrio entre modernidad y culturas ancestrales\" \/>\n<meta property=\"og:description\" content=\"El Papa - Memoria, reconciliaci\u00f3n y sanaci\u00f3n, las tres etapas de su reciente viaje apost\u00f3lico a Canad\u00e1, en la audiencia general.\" \/>\n<meta property=\"og:url\" content=\"https:\/\/schoenstatt.com\/es\/el-papa-un-sano-equilibrio-entre-modernidad-y-culturas-ancestrales\/\" \/>\n<meta property=\"og:site_name\" content=\"Schoenstatt\" \/>\n<meta property=\"article:published_time\" content=\"2022-08-04T15:03:14+00:00\" \/>\n<meta property=\"article:modified_time\" content=\"2025-05-15T16:46:31+00:00\" \/>\n<meta property=\"og:image\" content=\"https:\/\/schoenstatt.com\/wp-content\/uploads\/2022\/08\/AP-2-1.png\" \/>\n\t<meta property=\"og:image:width\" content=\"685\" \/>\n\t<meta property=\"og:image:height\" content=\"380\" \/>\n\t<meta property=\"og:image:type\" content=\"image\/png\" \/>\n<meta name=\"author\" content=\"admin\" \/>\n<meta name=\"twitter:card\" content=\"summary_large_image\" \/>\n<meta name=\"twitter:label1\" content=\"Escrito por\" \/>\n\t<meta name=\"twitter:data1\" content=\"admin\" \/>\n\t<meta name=\"twitter:label2\" content=\"Tiempo de lectura\" \/>\n\t<meta name=\"twitter:data2\" content=\"5 minutos\" \/>\n<script type=\"application\/ld+json\" class=\"yoast-schema-graph\">{\"@context\":\"https:\\\/\\\/schema.org\",\"@graph\":[{\"@type\":\"Article\",\"@id\":\"https:\\\/\\\/schoenstatt.com\\\/es\\\/el-papa-un-sano-equilibrio-entre-modernidad-y-culturas-ancestrales\\\/#article\",\"isPartOf\":{\"@id\":\"https:\\\/\\\/schoenstatt.com\\\/es\\\/el-papa-un-sano-equilibrio-entre-modernidad-y-culturas-ancestrales\\\/\"},\"author\":{\"name\":\"admin\",\"@id\":\"https:\\\/\\\/schoenstatt.com\\\/es\\\/#\\\/schema\\\/person\\\/489465b1850e7b216fe2c10dfc262551\"},\"headline\":\"El Papa: Un sano equilibrio entre modernidad y culturas ancestrales\",\"datePublished\":\"2022-08-04T15:03:14+00:00\",\"dateModified\":\"2025-05-15T16:46:31+00:00\",\"mainEntityOfPage\":{\"@id\":\"https:\\\/\\\/schoenstatt.com\\\/es\\\/el-papa-un-sano-equilibrio-entre-modernidad-y-culturas-ancestrales\\\/\"},\"wordCount\":969,\"publisher\":{\"@id\":\"https:\\\/\\\/schoenstatt.com\\\/es\\\/#organization\"},\"image\":{\"@id\":\"https:\\\/\\\/schoenstatt.com\\\/es\\\/el-papa-un-sano-equilibrio-entre-modernidad-y-culturas-ancestrales\\\/#primaryimage\"},\"thumbnailUrl\":\"https:\\\/\\\/schoenstatt.com\\\/wp-content\\\/uploads\\\/2022\\\/08\\\/AP-2-1.png\",\"articleSection\":[\"Papa Francisco\",\"Sociedad\"],\"inLanguage\":\"es\"},{\"@type\":\"WebPage\",\"@id\":\"https:\\\/\\\/schoenstatt.com\\\/es\\\/el-papa-un-sano-equilibrio-entre-modernidad-y-culturas-ancestrales\\\/\",\"url\":\"https:\\\/\\\/schoenstatt.com\\\/es\\\/el-papa-un-sano-equilibrio-entre-modernidad-y-culturas-ancestrales\\\/\",\"name\":\"El Papa: Un sano equilibrio entre modernidad y culturas ancestrales - Schoenstatt\",\"isPartOf\":{\"@id\":\"https:\\\/\\\/schoenstatt.com\\\/es\\\/#website\"},\"primaryImageOfPage\":{\"@id\":\"https:\\\/\\\/schoenstatt.com\\\/es\\\/el-papa-un-sano-equilibrio-entre-modernidad-y-culturas-ancestrales\\\/#primaryimage\"},\"image\":{\"@id\":\"https:\\\/\\\/schoenstatt.com\\\/es\\\/el-papa-un-sano-equilibrio-entre-modernidad-y-culturas-ancestrales\\\/#primaryimage\"},\"thumbnailUrl\":\"https:\\\/\\\/schoenstatt.com\\\/wp-content\\\/uploads\\\/2022\\\/08\\\/AP-2-1.png\",\"datePublished\":\"2022-08-04T15:03:14+00:00\",\"dateModified\":\"2025-05-15T16:46:31+00:00\",\"description\":\"El Papa - Memoria, reconciliaci\u00f3n y sanaci\u00f3n, las tres etapas de su reciente viaje apost\u00f3lico a Canad\u00e1, en la audiencia general.\",\"breadcrumb\":{\"@id\":\"https:\\\/\\\/schoenstatt.com\\\/es\\\/el-papa-un-sano-equilibrio-entre-modernidad-y-culturas-ancestrales\\\/#breadcrumb\"},\"inLanguage\":\"es\",\"potentialAction\":[{\"@type\":\"ReadAction\",\"target\":[\"https:\\\/\\\/schoenstatt.com\\\/es\\\/el-papa-un-sano-equilibrio-entre-modernidad-y-culturas-ancestrales\\\/\"]}]},{\"@type\":\"ImageObject\",\"inLanguage\":\"es\",\"@id\":\"https:\\\/\\\/schoenstatt.com\\\/es\\\/el-papa-un-sano-equilibrio-entre-modernidad-y-culturas-ancestrales\\\/#primaryimage\",\"url\":\"https:\\\/\\\/schoenstatt.com\\\/wp-content\\\/uploads\\\/2022\\\/08\\\/AP-2-1.png\",\"contentUrl\":\"https:\\\/\\\/schoenstatt.com\\\/wp-content\\\/uploads\\\/2022\\\/08\\\/AP-2-1.png\",\"width\":685,\"height\":380,\"caption\":\"O Papa\"},{\"@type\":\"BreadcrumbList\",\"@id\":\"https:\\\/\\\/schoenstatt.com\\\/es\\\/el-papa-un-sano-equilibrio-entre-modernidad-y-culturas-ancestrales\\\/#breadcrumb\",\"itemListElement\":[{\"@type\":\"ListItem\",\"position\":1,\"name\":\"Portada\",\"item\":\"https:\\\/\\\/schoenstatt.com\\\/es\\\/home\\\/\"},{\"@type\":\"ListItem\",\"position\":2,\"name\":\"El Papa: Un sano equilibrio entre modernidad y culturas ancestrales\"}]},{\"@type\":\"WebSite\",\"@id\":\"https:\\\/\\\/schoenstatt.com\\\/es\\\/#website\",\"url\":\"https:\\\/\\\/schoenstatt.com\\\/es\\\/\",\"name\":\"Schoenstatt\",\"description\":\"Apostolic Movement\",\"publisher\":{\"@id\":\"https:\\\/\\\/schoenstatt.com\\\/es\\\/#organization\"},\"potentialAction\":[{\"@type\":\"SearchAction\",\"target\":{\"@type\":\"EntryPoint\",\"urlTemplate\":\"https:\\\/\\\/schoenstatt.com\\\/es\\\/?s={search_term_string}\"},\"query-input\":{\"@type\":\"PropertyValueSpecification\",\"valueRequired\":true,\"valueName\":\"search_term_string\"}}],\"inLanguage\":\"es\"},{\"@type\":\"Organization\",\"@id\":\"https:\\\/\\\/schoenstatt.com\\\/es\\\/#organization\",\"name\":\"Schoenstatt\",\"url\":\"https:\\\/\\\/schoenstatt.com\\\/es\\\/\",\"logo\":{\"@type\":\"ImageObject\",\"inLanguage\":\"es\",\"@id\":\"https:\\\/\\\/schoenstatt.com\\\/es\\\/#\\\/schema\\\/logo\\\/image\\\/\",\"url\":\"https:\\\/\\\/schoenstatt.com\\\/wp-content\\\/uploads\\\/2025\\\/04\\\/logo-schoenstatt-white-696x696-1.png\",\"contentUrl\":\"https:\\\/\\\/schoenstatt.com\\\/wp-content\\\/uploads\\\/2025\\\/04\\\/logo-schoenstatt-white-696x696-1.png\",\"width\":696,\"height\":694,\"caption\":\"Schoenstatt\"},\"image\":{\"@id\":\"https:\\\/\\\/schoenstatt.com\\\/es\\\/#\\\/schema\\\/logo\\\/image\\\/\"}},{\"@type\":\"Person\",\"@id\":\"https:\\\/\\\/schoenstatt.com\\\/es\\\/#\\\/schema\\\/person\\\/489465b1850e7b216fe2c10dfc262551\",\"name\":\"admin\",\"image\":{\"@type\":\"ImageObject\",\"inLanguage\":\"es\",\"@id\":\"https:\\\/\\\/secure.gravatar.com\\\/avatar\\\/02e8345e1ec40ab0e0a2a98fdde64a684bbaf994cddcb778b25b8b024ee9dfe6?s=96&d=mm&r=g\",\"url\":\"https:\\\/\\\/secure.gravatar.com\\\/avatar\\\/02e8345e1ec40ab0e0a2a98fdde64a684bbaf994cddcb778b25b8b024ee9dfe6?s=96&d=mm&r=g\",\"contentUrl\":\"https:\\\/\\\/secure.gravatar.com\\\/avatar\\\/02e8345e1ec40ab0e0a2a98fdde64a684bbaf994cddcb778b25b8b024ee9dfe6?s=96&d=mm&r=g\",\"caption\":\"admin\"},\"sameAs\":[\"https:\\\/\\\/schoenstatt.com\"],\"url\":\"https:\\\/\\\/schoenstatt.com\\\/es\\\/author\\\/admin\\\/\"}]}<\/script>\n<!-- \/ Yoast SEO Premium plugin. -->","yoast_head_json":{"title":"El Papa: Un sano equilibrio entre modernidad y culturas ancestrales - Schoenstatt","description":"El Papa - Memoria, reconciliaci\u00f3n y sanaci\u00f3n, las tres etapas de su reciente viaje apost\u00f3lico a Canad\u00e1, en la audiencia general.","robots":{"index":"index","follow":"follow","max-snippet":"max-snippet:-1","max-image-preview":"max-image-preview:large","max-video-preview":"max-video-preview:-1"},"canonical":"https:\/\/schoenstatt.com\/es\/el-papa-un-sano-equilibrio-entre-modernidad-y-culturas-ancestrales\/","og_locale":"es_ES","og_type":"article","og_title":"El Papa: Un sano equilibrio entre modernidad y culturas ancestrales","og_description":"El Papa - Memoria, reconciliaci\u00f3n y sanaci\u00f3n, las tres etapas de su reciente viaje apost\u00f3lico a Canad\u00e1, en la audiencia general.","og_url":"https:\/\/schoenstatt.com\/es\/el-papa-un-sano-equilibrio-entre-modernidad-y-culturas-ancestrales\/","og_site_name":"Schoenstatt","article_published_time":"2022-08-04T15:03:14+00:00","article_modified_time":"2025-05-15T16:46:31+00:00","og_image":[{"width":685,"height":380,"url":"https:\/\/schoenstatt.com\/wp-content\/uploads\/2022\/08\/AP-2-1.png","type":"image\/png"}],"author":"admin","twitter_card":"summary_large_image","twitter_misc":{"Escrito por":"admin","Tiempo de lectura":"5 minutos"},"schema":{"@context":"https:\/\/schema.org","@graph":[{"@type":"Article","@id":"https:\/\/schoenstatt.com\/es\/el-papa-un-sano-equilibrio-entre-modernidad-y-culturas-ancestrales\/#article","isPartOf":{"@id":"https:\/\/schoenstatt.com\/es\/el-papa-un-sano-equilibrio-entre-modernidad-y-culturas-ancestrales\/"},"author":{"name":"admin","@id":"https:\/\/schoenstatt.com\/es\/#\/schema\/person\/489465b1850e7b216fe2c10dfc262551"},"headline":"El Papa: Un sano equilibrio entre modernidad y culturas ancestrales","datePublished":"2022-08-04T15:03:14+00:00","dateModified":"2025-05-15T16:46:31+00:00","mainEntityOfPage":{"@id":"https:\/\/schoenstatt.com\/es\/el-papa-un-sano-equilibrio-entre-modernidad-y-culturas-ancestrales\/"},"wordCount":969,"publisher":{"@id":"https:\/\/schoenstatt.com\/es\/#organization"},"image":{"@id":"https:\/\/schoenstatt.com\/es\/el-papa-un-sano-equilibrio-entre-modernidad-y-culturas-ancestrales\/#primaryimage"},"thumbnailUrl":"https:\/\/schoenstatt.com\/wp-content\/uploads\/2022\/08\/AP-2-1.png","articleSection":["Papa Francisco","Sociedad"],"inLanguage":"es"},{"@type":"WebPage","@id":"https:\/\/schoenstatt.com\/es\/el-papa-un-sano-equilibrio-entre-modernidad-y-culturas-ancestrales\/","url":"https:\/\/schoenstatt.com\/es\/el-papa-un-sano-equilibrio-entre-modernidad-y-culturas-ancestrales\/","name":"El Papa: Un sano equilibrio entre modernidad y culturas ancestrales - Schoenstatt","isPartOf":{"@id":"https:\/\/schoenstatt.com\/es\/#website"},"primaryImageOfPage":{"@id":"https:\/\/schoenstatt.com\/es\/el-papa-un-sano-equilibrio-entre-modernidad-y-culturas-ancestrales\/#primaryimage"},"image":{"@id":"https:\/\/schoenstatt.com\/es\/el-papa-un-sano-equilibrio-entre-modernidad-y-culturas-ancestrales\/#primaryimage"},"thumbnailUrl":"https:\/\/schoenstatt.com\/wp-content\/uploads\/2022\/08\/AP-2-1.png","datePublished":"2022-08-04T15:03:14+00:00","dateModified":"2025-05-15T16:46:31+00:00","description":"El Papa - Memoria, reconciliaci\u00f3n y sanaci\u00f3n, las tres etapas de su reciente viaje apost\u00f3lico a Canad\u00e1, en la audiencia general.","breadcrumb":{"@id":"https:\/\/schoenstatt.com\/es\/el-papa-un-sano-equilibrio-entre-modernidad-y-culturas-ancestrales\/#breadcrumb"},"inLanguage":"es","potentialAction":[{"@type":"ReadAction","target":["https:\/\/schoenstatt.com\/es\/el-papa-un-sano-equilibrio-entre-modernidad-y-culturas-ancestrales\/"]}]},{"@type":"ImageObject","inLanguage":"es","@id":"https:\/\/schoenstatt.com\/es\/el-papa-un-sano-equilibrio-entre-modernidad-y-culturas-ancestrales\/#primaryimage","url":"https:\/\/schoenstatt.com\/wp-content\/uploads\/2022\/08\/AP-2-1.png","contentUrl":"https:\/\/schoenstatt.com\/wp-content\/uploads\/2022\/08\/AP-2-1.png","width":685,"height":380,"caption":"O Papa"},{"@type":"BreadcrumbList","@id":"https:\/\/schoenstatt.com\/es\/el-papa-un-sano-equilibrio-entre-modernidad-y-culturas-ancestrales\/#breadcrumb","itemListElement":[{"@type":"ListItem","position":1,"name":"Portada","item":"https:\/\/schoenstatt.com\/es\/home\/"},{"@type":"ListItem","position":2,"name":"El Papa: Un sano equilibrio entre modernidad y culturas ancestrales"}]},{"@type":"WebSite","@id":"https:\/\/schoenstatt.com\/es\/#website","url":"https:\/\/schoenstatt.com\/es\/","name":"Schoenstatt","description":"Apostolic Movement","publisher":{"@id":"https:\/\/schoenstatt.com\/es\/#organization"},"potentialAction":[{"@type":"SearchAction","target":{"@type":"EntryPoint","urlTemplate":"https:\/\/schoenstatt.com\/es\/?s={search_term_string}"},"query-input":{"@type":"PropertyValueSpecification","valueRequired":true,"valueName":"search_term_string"}}],"inLanguage":"es"},{"@type":"Organization","@id":"https:\/\/schoenstatt.com\/es\/#organization","name":"Schoenstatt","url":"https:\/\/schoenstatt.com\/es\/","logo":{"@type":"ImageObject","inLanguage":"es","@id":"https:\/\/schoenstatt.com\/es\/#\/schema\/logo\/image\/","url":"https:\/\/schoenstatt.com\/wp-content\/uploads\/2025\/04\/logo-schoenstatt-white-696x696-1.png","contentUrl":"https:\/\/schoenstatt.com\/wp-content\/uploads\/2025\/04\/logo-schoenstatt-white-696x696-1.png","width":696,"height":694,"caption":"Schoenstatt"},"image":{"@id":"https:\/\/schoenstatt.com\/es\/#\/schema\/logo\/image\/"}},{"@type":"Person","@id":"https:\/\/schoenstatt.com\/es\/#\/schema\/person\/489465b1850e7b216fe2c10dfc262551","name":"admin","image":{"@type":"ImageObject","inLanguage":"es","@id":"https:\/\/secure.gravatar.com\/avatar\/02e8345e1ec40ab0e0a2a98fdde64a684bbaf994cddcb778b25b8b024ee9dfe6?s=96&d=mm&r=g","url":"https:\/\/secure.gravatar.com\/avatar\/02e8345e1ec40ab0e0a2a98fdde64a684bbaf994cddcb778b25b8b024ee9dfe6?s=96&d=mm&r=g","contentUrl":"https:\/\/secure.gravatar.com\/avatar\/02e8345e1ec40ab0e0a2a98fdde64a684bbaf994cddcb778b25b8b024ee9dfe6?s=96&d=mm&r=g","caption":"admin"},"sameAs":["https:\/\/schoenstatt.com"],"url":"https:\/\/schoenstatt.com\/es\/author\/admin\/"}]}},"_links":{"self":[{"href":"https:\/\/schoenstatt.com\/es\/wp-json\/wp\/v2\/posts\/51264","targetHints":{"allow":["GET"]}}],"collection":[{"href":"https:\/\/schoenstatt.com\/es\/wp-json\/wp\/v2\/posts"}],"about":[{"href":"https:\/\/schoenstatt.com\/es\/wp-json\/wp\/v2\/types\/post"}],"author":[{"embeddable":true,"href":"https:\/\/schoenstatt.com\/es\/wp-json\/wp\/v2\/users\/1"}],"replies":[{"embeddable":true,"href":"https:\/\/schoenstatt.com\/es\/wp-json\/wp\/v2\/comments?post=51264"}],"version-history":[{"count":1,"href":"https:\/\/schoenstatt.com\/es\/wp-json\/wp\/v2\/posts\/51264\/revisions"}],"predecessor-version":[{"id":51366,"href":"https:\/\/schoenstatt.com\/es\/wp-json\/wp\/v2\/posts\/51264\/revisions\/51366"}],"wp:featuredmedia":[{"embeddable":true,"href":"https:\/\/schoenstatt.com\/es\/wp-json\/wp\/v2\/media\/26232"}],"wp:attachment":[{"href":"https:\/\/schoenstatt.com\/es\/wp-json\/wp\/v2\/media?parent=51264"}],"wp:term":[{"taxonomy":"category","embeddable":true,"href":"https:\/\/schoenstatt.com\/es\/wp-json\/wp\/v2\/categories?post=51264"},{"taxonomy":"post_tag","embeddable":true,"href":"https:\/\/schoenstatt.com\/es\/wp-json\/wp\/v2\/tags?post=51264"}],"curies":[{"name":"wp","href":"https:\/\/api.w.org\/{rel}","templated":true}]}}