{"id":51258,"date":"2022-08-02T17:01:23","date_gmt":"2022-08-02T15:01:23","guid":{"rendered":"https:\/\/schoenstattdev.wpenginepowered.com\/?p=26177"},"modified":"2025-05-15T18:46:32","modified_gmt":"2025-05-15T16:46:32","slug":"agosto-por-los-pequen%cc%83os-y-medianos-empresarios","status":"publish","type":"post","link":"https:\/\/schoenstatt.com\/es\/agosto-por-los-pequen%cc%83os-y-medianos-empresarios\/","title":{"rendered":"AGOSTO | Por los pequen\u0303os y medianos empresarios"},"content":{"rendered":"<p>Como consecuencia de la pandemia y de las guerras, el mundo se enfrenta a una grave crisis socioecon\u00f3mica. \u00a1Todav\u00eda no nos dimos cuenta!<br \/>\nY entre los grandes perjudicados est\u00e1n los peque\u00f1os y medianos empresarios.<br \/>\nLos de los comercios, los talleres, la limpieza, el transporte y tantos otros.<br \/>\nLos que no salen en las listas de los m\u00e1s ricos y poderosos y, a pesar de las dificultades, crean puestos de trabajo manteniendo su responsabilidad social.<br \/>\nLos que invierten en el bien com\u00fan en lugar de esconder su dinero en para\u00edsos fiscales.<br \/>\nTodos ellos dedican una enorme capacidad creativa a cambiar las cosas desde abajo, desde donde siempre sale la mejor creatividad.<br \/>\nY con valor, con esfuerzo, con sacrificio, invierten en la vida generando bienestar, oportunidades y trabajo.<br \/>\nRecemos para que los peque\u00f1os y medianos empresarios, duramente afectados por la crisis econ\u00f3mica y social, encuentren los medios necesarios para continuar su actividad al servicio de las comunidades en las que viven.<\/p>\n<p><img fetchpriority=\"high\" decoding=\"async\" class=\"alignnone size-full wp-image-26178\" src=\"https:\/\/schoenstatt.com\/wp-content\/uploads\/2022\/08\/ES-small-business-1.png\" alt=\"Agosto\" width=\"1071\" height=\"491\" srcset=\"https:\/\/schoenstatt.com\/wp-content\/uploads\/2022\/08\/ES-small-business-1.png 1071w, https:\/\/schoenstatt.com\/wp-content\/uploads\/2022\/08\/ES-small-business-1-768x352.png 768w\" sizes=\"(max-width: 1071px) 100vw, 1071px\" \/><\/p>\n<p>&nbsp;<\/p>\n<h3>El Papa destaca el \u201cvalor, esfuerzo y sacrificio\u201d de los peque\u00f1os y medianos empresarios<\/h3>\n<p>En su mensaje, el Santo Padre ensalza la responsabilidad social de los peque\u00f1os y medianos empresarios.<br \/>\nAquellos que, por ejemplo, tienen un taller o un comercio \u201cinvierten en la vida generando bienestar, oportunidades y trabajo\u201d, dice el Papa.<br \/>\nEl Papa Francisco subraya el impacto negativo que tienen las crisis en las peque\u00f1as y medianas empresas.<\/p>\n<p>El\u00a0Video del Papa\u00a0de agosto acaba de publicarse con la intenci\u00f3n de oraci\u00f3n que\u00a0Francisco\u00a0conf\u00eda a toda la\u00a0Iglesia Cat\u00f3lica\u00a0a trav\u00e9s de la\u00a0Red Mundial de Oraci\u00f3n del Papa. Este mes, el\u00a0Santo Padre\u00a0pide \u201cpara que los peque\u00f1os y medianos empresarios, duramente afectados por la crisis econ\u00f3mica y social, encuentren los medios necesarios para continuar su actividad al servicio de las comunidades en las que viven\u201d.<\/p>\n<h3>La crisis que vivimos<\/h3>\n<p>\u201cComo consecuencia de la pandemia y las guerras, el mundo se enfrenta a una grave crisis socioecon\u00f3mica\u201d, dice el\u00a0Papa\u00a0y se\u00f1ala que los\u00a0peque\u00f1os y medianos empresarios\u00a0son unos de los principales afectados. Seg\u00fan datos del Banco Mundial de 2021, una de cada cuatro empresas perdi\u00f3 la mitad de su volumen de ventas a causa de la pandemia a nivel global. Adem\u00e1s, las ayudas p\u00fablicas son d\u00e9biles precisamente donde m\u00e1s se necesitan: en los pa\u00edses pobres y para las peque\u00f1as empresas.<\/p>\n<p>En este sentido, el\u00a0Papa Francisco\u00a0elogia a los que \u201ccon valor, esfuerzo y sacrificio, invierten en la vida generando bienestar, oportunidades y trabajo\u201d. Entre los peque\u00f1os y medianos empresarios est\u00e1n incluidos los que regentan un comercio, un restaurante o un taller. Pero tambi\u00e9n aquellos que se dedican a tareas de limpieza o transporte, los artesanos, entre tantos otros. Ellos son \u201clos que no salen en las listas de los m\u00e1s ricos y poderosos y, a pesar de las dificultades, crean puestos de trabajo manteniendo su responsabilidad social\u201d.<\/p>\n<p>El\u00a0P. Fr\u00e9d\u00e9ric Fornos S.J., Director Internacional de la\u00a0Red Mundial de Oraci\u00f3n del Papa, coment\u00f3 a prop\u00f3sito de esta intenci\u00f3n: \u201cLas crisis que estamos viviendo, son -como dice el Papa- un \u2018momento No\u00e9\u2019, una oportunidad para construir algo diferente. En este sentido son de gran importancia los peque\u00f1os y medianos empresarios, su fuerza creativa, su capacidad de aportar soluciones desde abajo. Sin ellos no hubiera sido posible atravesar la crisis del Covid y siguen siendo necesarios ahora. Por eso es importante rezar por ellos\u201d.<\/p>\n<p><iframe title=\"Por los peque\u00f1os y medianos empresarios \u2013 El Video del Papa 08 \u2013 Agosto 2022\" width=\"800\" height=\"450\" src=\"https:\/\/www.youtube.com\/embed\/FqtvRPToHMs?feature=oembed\" frameborder=\"0\" allow=\"accelerometer; autoplay; clipboard-write; encrypted-media; gyroscope; picture-in-picture; web-share\" referrerpolicy=\"strict-origin-when-cross-origin\" allowfullscreen><\/iframe><\/p>\n","protected":false},"excerpt":{"rendered":"<p>\nRecemos para que los peque\u00f1os y medianos empresarios, duramente afectados por la crisis econ\u00f3mica y social, encuentren los medios necesarios para continuar su actividad al servicio de las comunidades en las que viven.<\/p>\n","protected":false},"author":1,"featured_media":26173,"comment_status":"closed","ping_status":"closed","sticky":false,"template":"","format":"standard","meta":{"footnotes":""},"categories":[683,913],"tags":[],"class_list":["post-51258","post","type-post","status-publish","format-standard","has-post-thumbnail","hentry","category-iglesia-es","category-sociedad-es"],"yoast_head":"<!-- This site is optimized with the Yoast SEO Premium plugin v27.4 (Yoast SEO v27.4) - https:\/\/yoast.com\/product\/yoast-seo-premium-wordpress\/ -->\n<title>AGOSTO | Por los pequen\u0303os y medianos empresarios - Schoenstatt<\/title>\n<meta name=\"description\" content=\"Agosto - Recemos para que los peque\u00f1os y medianos empresarios, para que encuentren los medios para continuar su actividad de servicio.\" \/>\n<meta name=\"robots\" content=\"index, follow, max-snippet:-1, max-image-preview:large, max-video-preview:-1\" \/>\n<link rel=\"canonical\" href=\"https:\/\/schoenstatt.com\/es\/agosto-por-los-pequen%cc%83os-y-medianos-empresarios\/\" \/>\n<meta property=\"og:locale\" content=\"es_ES\" \/>\n<meta property=\"og:type\" content=\"article\" \/>\n<meta property=\"og:title\" content=\"AGOSTO | Por los pequen\u0303os y medianos empresarios\" \/>\n<meta property=\"og:description\" content=\"Agosto - Recemos para que los peque\u00f1os y medianos empresarios, para que encuentren los medios para continuar su actividad de servicio.\" \/>\n<meta property=\"og:url\" content=\"https:\/\/schoenstatt.com\/es\/agosto-por-los-pequen%cc%83os-y-medianos-empresarios\/\" \/>\n<meta property=\"og:site_name\" content=\"Schoenstatt\" \/>\n<meta property=\"article:published_time\" content=\"2022-08-02T15:01:23+00:00\" \/>\n<meta property=\"article:modified_time\" content=\"2025-05-15T16:46:32+00:00\" \/>\n<meta property=\"og:image\" content=\"https:\/\/schoenstatt.com\/wp-content\/uploads\/2022\/08\/papa-Fco-1.png\" \/>\n\t<meta property=\"og:image:width\" content=\"477\" \/>\n\t<meta property=\"og:image:height\" content=\"228\" \/>\n\t<meta property=\"og:image:type\" content=\"image\/png\" \/>\n<meta name=\"author\" content=\"admin\" \/>\n<meta name=\"twitter:card\" content=\"summary_large_image\" \/>\n<meta name=\"twitter:label1\" content=\"Escrito por\" \/>\n\t<meta name=\"twitter:data1\" content=\"admin\" \/>\n\t<meta name=\"twitter:label2\" content=\"Tiempo de lectura\" \/>\n\t<meta name=\"twitter:data2\" content=\"3 minutos\" \/>\n<script type=\"application\/ld+json\" class=\"yoast-schema-graph\">{\"@context\":\"https:\\\/\\\/schema.org\",\"@graph\":[{\"@type\":\"Article\",\"@id\":\"https:\\\/\\\/schoenstatt.com\\\/es\\\/agosto-por-los-pequen%cc%83os-y-medianos-empresarios\\\/#article\",\"isPartOf\":{\"@id\":\"https:\\\/\\\/schoenstatt.com\\\/es\\\/agosto-por-los-pequen%cc%83os-y-medianos-empresarios\\\/\"},\"author\":{\"name\":\"admin\",\"@id\":\"https:\\\/\\\/schoenstatt.com\\\/es\\\/#\\\/schema\\\/person\\\/489465b1850e7b216fe2c10dfc262551\"},\"headline\":\"AGOSTO | Por los pequen\u0303os y medianos empresarios\",\"datePublished\":\"2022-08-02T15:01:23+00:00\",\"dateModified\":\"2025-05-15T16:46:32+00:00\",\"mainEntityOfPage\":{\"@id\":\"https:\\\/\\\/schoenstatt.com\\\/es\\\/agosto-por-los-pequen%cc%83os-y-medianos-empresarios\\\/\"},\"wordCount\":610,\"publisher\":{\"@id\":\"https:\\\/\\\/schoenstatt.com\\\/es\\\/#organization\"},\"image\":{\"@id\":\"https:\\\/\\\/schoenstatt.com\\\/es\\\/agosto-por-los-pequen%cc%83os-y-medianos-empresarios\\\/#primaryimage\"},\"thumbnailUrl\":\"https:\\\/\\\/schoenstatt.com\\\/wp-content\\\/uploads\\\/2022\\\/08\\\/papa-Fco-1.png\",\"articleSection\":[\"Iglesia\",\"Sociedad\"],\"inLanguage\":\"es\"},{\"@type\":\"WebPage\",\"@id\":\"https:\\\/\\\/schoenstatt.com\\\/es\\\/agosto-por-los-pequen%cc%83os-y-medianos-empresarios\\\/\",\"url\":\"https:\\\/\\\/schoenstatt.com\\\/es\\\/agosto-por-los-pequen%cc%83os-y-medianos-empresarios\\\/\",\"name\":\"AGOSTO | Por los pequen\u0303os y medianos empresarios - Schoenstatt\",\"isPartOf\":{\"@id\":\"https:\\\/\\\/schoenstatt.com\\\/es\\\/#website\"},\"primaryImageOfPage\":{\"@id\":\"https:\\\/\\\/schoenstatt.com\\\/es\\\/agosto-por-los-pequen%cc%83os-y-medianos-empresarios\\\/#primaryimage\"},\"image\":{\"@id\":\"https:\\\/\\\/schoenstatt.com\\\/es\\\/agosto-por-los-pequen%cc%83os-y-medianos-empresarios\\\/#primaryimage\"},\"thumbnailUrl\":\"https:\\\/\\\/schoenstatt.com\\\/wp-content\\\/uploads\\\/2022\\\/08\\\/papa-Fco-1.png\",\"datePublished\":\"2022-08-02T15:01:23+00:00\",\"dateModified\":\"2025-05-15T16:46:32+00:00\",\"description\":\"Agosto - Recemos para que los peque\u00f1os y medianos empresarios, para que encuentren los medios para continuar su actividad de servicio.\",\"breadcrumb\":{\"@id\":\"https:\\\/\\\/schoenstatt.com\\\/es\\\/agosto-por-los-pequen%cc%83os-y-medianos-empresarios\\\/#breadcrumb\"},\"inLanguage\":\"es\",\"potentialAction\":[{\"@type\":\"ReadAction\",\"target\":[\"https:\\\/\\\/schoenstatt.com\\\/es\\\/agosto-por-los-pequen%cc%83os-y-medianos-empresarios\\\/\"]}]},{\"@type\":\"ImageObject\",\"inLanguage\":\"es\",\"@id\":\"https:\\\/\\\/schoenstatt.com\\\/es\\\/agosto-por-los-pequen%cc%83os-y-medianos-empresarios\\\/#primaryimage\",\"url\":\"https:\\\/\\\/schoenstatt.com\\\/wp-content\\\/uploads\\\/2022\\\/08\\\/papa-Fco-1.png\",\"contentUrl\":\"https:\\\/\\\/schoenstatt.com\\\/wp-content\\\/uploads\\\/2022\\\/08\\\/papa-Fco-1.png\",\"width\":477,\"height\":228,\"caption\":\"August\"},{\"@type\":\"BreadcrumbList\",\"@id\":\"https:\\\/\\\/schoenstatt.com\\\/es\\\/agosto-por-los-pequen%cc%83os-y-medianos-empresarios\\\/#breadcrumb\",\"itemListElement\":[{\"@type\":\"ListItem\",\"position\":1,\"name\":\"Portada\",\"item\":\"https:\\\/\\\/schoenstatt.com\\\/es\\\/home\\\/\"},{\"@type\":\"ListItem\",\"position\":2,\"name\":\"AGOSTO | Por los pequen\u0303os y medianos empresarios\"}]},{\"@type\":\"WebSite\",\"@id\":\"https:\\\/\\\/schoenstatt.com\\\/es\\\/#website\",\"url\":\"https:\\\/\\\/schoenstatt.com\\\/es\\\/\",\"name\":\"Schoenstatt\",\"description\":\"Apostolic Movement\",\"publisher\":{\"@id\":\"https:\\\/\\\/schoenstatt.com\\\/es\\\/#organization\"},\"potentialAction\":[{\"@type\":\"SearchAction\",\"target\":{\"@type\":\"EntryPoint\",\"urlTemplate\":\"https:\\\/\\\/schoenstatt.com\\\/es\\\/?s={search_term_string}\"},\"query-input\":{\"@type\":\"PropertyValueSpecification\",\"valueRequired\":true,\"valueName\":\"search_term_string\"}}],\"inLanguage\":\"es\"},{\"@type\":\"Organization\",\"@id\":\"https:\\\/\\\/schoenstatt.com\\\/es\\\/#organization\",\"name\":\"Schoenstatt\",\"url\":\"https:\\\/\\\/schoenstatt.com\\\/es\\\/\",\"logo\":{\"@type\":\"ImageObject\",\"inLanguage\":\"es\",\"@id\":\"https:\\\/\\\/schoenstatt.com\\\/es\\\/#\\\/schema\\\/logo\\\/image\\\/\",\"url\":\"https:\\\/\\\/schoenstatt.com\\\/wp-content\\\/uploads\\\/2025\\\/04\\\/logo-schoenstatt-white-696x696-1.png\",\"contentUrl\":\"https:\\\/\\\/schoenstatt.com\\\/wp-content\\\/uploads\\\/2025\\\/04\\\/logo-schoenstatt-white-696x696-1.png\",\"width\":696,\"height\":694,\"caption\":\"Schoenstatt\"},\"image\":{\"@id\":\"https:\\\/\\\/schoenstatt.com\\\/es\\\/#\\\/schema\\\/logo\\\/image\\\/\"}},{\"@type\":\"Person\",\"@id\":\"https:\\\/\\\/schoenstatt.com\\\/es\\\/#\\\/schema\\\/person\\\/489465b1850e7b216fe2c10dfc262551\",\"name\":\"admin\",\"image\":{\"@type\":\"ImageObject\",\"inLanguage\":\"es\",\"@id\":\"https:\\\/\\\/secure.gravatar.com\\\/avatar\\\/02e8345e1ec40ab0e0a2a98fdde64a684bbaf994cddcb778b25b8b024ee9dfe6?s=96&d=mm&r=g\",\"url\":\"https:\\\/\\\/secure.gravatar.com\\\/avatar\\\/02e8345e1ec40ab0e0a2a98fdde64a684bbaf994cddcb778b25b8b024ee9dfe6?s=96&d=mm&r=g\",\"contentUrl\":\"https:\\\/\\\/secure.gravatar.com\\\/avatar\\\/02e8345e1ec40ab0e0a2a98fdde64a684bbaf994cddcb778b25b8b024ee9dfe6?s=96&d=mm&r=g\",\"caption\":\"admin\"},\"sameAs\":[\"https:\\\/\\\/schoenstatt.com\"],\"url\":\"https:\\\/\\\/schoenstatt.com\\\/es\\\/author\\\/admin\\\/\"}]}<\/script>\n<!-- \/ Yoast SEO Premium plugin. -->","yoast_head_json":{"title":"AGOSTO | Por los pequen\u0303os y medianos empresarios - Schoenstatt","description":"Agosto - Recemos para que los peque\u00f1os y medianos empresarios, para que encuentren los medios para continuar su actividad de servicio.","robots":{"index":"index","follow":"follow","max-snippet":"max-snippet:-1","max-image-preview":"max-image-preview:large","max-video-preview":"max-video-preview:-1"},"canonical":"https:\/\/schoenstatt.com\/es\/agosto-por-los-pequen%cc%83os-y-medianos-empresarios\/","og_locale":"es_ES","og_type":"article","og_title":"AGOSTO | Por los pequen\u0303os y medianos empresarios","og_description":"Agosto - Recemos para que los peque\u00f1os y medianos empresarios, para que encuentren los medios para continuar su actividad de servicio.","og_url":"https:\/\/schoenstatt.com\/es\/agosto-por-los-pequen%cc%83os-y-medianos-empresarios\/","og_site_name":"Schoenstatt","article_published_time":"2022-08-02T15:01:23+00:00","article_modified_time":"2025-05-15T16:46:32+00:00","og_image":[{"width":477,"height":228,"url":"https:\/\/schoenstatt.com\/wp-content\/uploads\/2022\/08\/papa-Fco-1.png","type":"image\/png"}],"author":"admin","twitter_card":"summary_large_image","twitter_misc":{"Escrito por":"admin","Tiempo de lectura":"3 minutos"},"schema":{"@context":"https:\/\/schema.org","@graph":[{"@type":"Article","@id":"https:\/\/schoenstatt.com\/es\/agosto-por-los-pequen%cc%83os-y-medianos-empresarios\/#article","isPartOf":{"@id":"https:\/\/schoenstatt.com\/es\/agosto-por-los-pequen%cc%83os-y-medianos-empresarios\/"},"author":{"name":"admin","@id":"https:\/\/schoenstatt.com\/es\/#\/schema\/person\/489465b1850e7b216fe2c10dfc262551"},"headline":"AGOSTO | Por los pequen\u0303os y medianos empresarios","datePublished":"2022-08-02T15:01:23+00:00","dateModified":"2025-05-15T16:46:32+00:00","mainEntityOfPage":{"@id":"https:\/\/schoenstatt.com\/es\/agosto-por-los-pequen%cc%83os-y-medianos-empresarios\/"},"wordCount":610,"publisher":{"@id":"https:\/\/schoenstatt.com\/es\/#organization"},"image":{"@id":"https:\/\/schoenstatt.com\/es\/agosto-por-los-pequen%cc%83os-y-medianos-empresarios\/#primaryimage"},"thumbnailUrl":"https:\/\/schoenstatt.com\/wp-content\/uploads\/2022\/08\/papa-Fco-1.png","articleSection":["Iglesia","Sociedad"],"inLanguage":"es"},{"@type":"WebPage","@id":"https:\/\/schoenstatt.com\/es\/agosto-por-los-pequen%cc%83os-y-medianos-empresarios\/","url":"https:\/\/schoenstatt.com\/es\/agosto-por-los-pequen%cc%83os-y-medianos-empresarios\/","name":"AGOSTO | Por los pequen\u0303os y medianos empresarios - Schoenstatt","isPartOf":{"@id":"https:\/\/schoenstatt.com\/es\/#website"},"primaryImageOfPage":{"@id":"https:\/\/schoenstatt.com\/es\/agosto-por-los-pequen%cc%83os-y-medianos-empresarios\/#primaryimage"},"image":{"@id":"https:\/\/schoenstatt.com\/es\/agosto-por-los-pequen%cc%83os-y-medianos-empresarios\/#primaryimage"},"thumbnailUrl":"https:\/\/schoenstatt.com\/wp-content\/uploads\/2022\/08\/papa-Fco-1.png","datePublished":"2022-08-02T15:01:23+00:00","dateModified":"2025-05-15T16:46:32+00:00","description":"Agosto - Recemos para que los peque\u00f1os y medianos empresarios, para que encuentren los medios para continuar su actividad de servicio.","breadcrumb":{"@id":"https:\/\/schoenstatt.com\/es\/agosto-por-los-pequen%cc%83os-y-medianos-empresarios\/#breadcrumb"},"inLanguage":"es","potentialAction":[{"@type":"ReadAction","target":["https:\/\/schoenstatt.com\/es\/agosto-por-los-pequen%cc%83os-y-medianos-empresarios\/"]}]},{"@type":"ImageObject","inLanguage":"es","@id":"https:\/\/schoenstatt.com\/es\/agosto-por-los-pequen%cc%83os-y-medianos-empresarios\/#primaryimage","url":"https:\/\/schoenstatt.com\/wp-content\/uploads\/2022\/08\/papa-Fco-1.png","contentUrl":"https:\/\/schoenstatt.com\/wp-content\/uploads\/2022\/08\/papa-Fco-1.png","width":477,"height":228,"caption":"August"},{"@type":"BreadcrumbList","@id":"https:\/\/schoenstatt.com\/es\/agosto-por-los-pequen%cc%83os-y-medianos-empresarios\/#breadcrumb","itemListElement":[{"@type":"ListItem","position":1,"name":"Portada","item":"https:\/\/schoenstatt.com\/es\/home\/"},{"@type":"ListItem","position":2,"name":"AGOSTO | Por los pequen\u0303os y medianos empresarios"}]},{"@type":"WebSite","@id":"https:\/\/schoenstatt.com\/es\/#website","url":"https:\/\/schoenstatt.com\/es\/","name":"Schoenstatt","description":"Apostolic Movement","publisher":{"@id":"https:\/\/schoenstatt.com\/es\/#organization"},"potentialAction":[{"@type":"SearchAction","target":{"@type":"EntryPoint","urlTemplate":"https:\/\/schoenstatt.com\/es\/?s={search_term_string}"},"query-input":{"@type":"PropertyValueSpecification","valueRequired":true,"valueName":"search_term_string"}}],"inLanguage":"es"},{"@type":"Organization","@id":"https:\/\/schoenstatt.com\/es\/#organization","name":"Schoenstatt","url":"https:\/\/schoenstatt.com\/es\/","logo":{"@type":"ImageObject","inLanguage":"es","@id":"https:\/\/schoenstatt.com\/es\/#\/schema\/logo\/image\/","url":"https:\/\/schoenstatt.com\/wp-content\/uploads\/2025\/04\/logo-schoenstatt-white-696x696-1.png","contentUrl":"https:\/\/schoenstatt.com\/wp-content\/uploads\/2025\/04\/logo-schoenstatt-white-696x696-1.png","width":696,"height":694,"caption":"Schoenstatt"},"image":{"@id":"https:\/\/schoenstatt.com\/es\/#\/schema\/logo\/image\/"}},{"@type":"Person","@id":"https:\/\/schoenstatt.com\/es\/#\/schema\/person\/489465b1850e7b216fe2c10dfc262551","name":"admin","image":{"@type":"ImageObject","inLanguage":"es","@id":"https:\/\/secure.gravatar.com\/avatar\/02e8345e1ec40ab0e0a2a98fdde64a684bbaf994cddcb778b25b8b024ee9dfe6?s=96&d=mm&r=g","url":"https:\/\/secure.gravatar.com\/avatar\/02e8345e1ec40ab0e0a2a98fdde64a684bbaf994cddcb778b25b8b024ee9dfe6?s=96&d=mm&r=g","contentUrl":"https:\/\/secure.gravatar.com\/avatar\/02e8345e1ec40ab0e0a2a98fdde64a684bbaf994cddcb778b25b8b024ee9dfe6?s=96&d=mm&r=g","caption":"admin"},"sameAs":["https:\/\/schoenstatt.com"],"url":"https:\/\/schoenstatt.com\/es\/author\/admin\/"}]}},"_links":{"self":[{"href":"https:\/\/schoenstatt.com\/es\/wp-json\/wp\/v2\/posts\/51258","targetHints":{"allow":["GET"]}}],"collection":[{"href":"https:\/\/schoenstatt.com\/es\/wp-json\/wp\/v2\/posts"}],"about":[{"href":"https:\/\/schoenstatt.com\/es\/wp-json\/wp\/v2\/types\/post"}],"author":[{"embeddable":true,"href":"https:\/\/schoenstatt.com\/es\/wp-json\/wp\/v2\/users\/1"}],"replies":[{"embeddable":true,"href":"https:\/\/schoenstatt.com\/es\/wp-json\/wp\/v2\/comments?post=51258"}],"version-history":[{"count":1,"href":"https:\/\/schoenstatt.com\/es\/wp-json\/wp\/v2\/posts\/51258\/revisions"}],"predecessor-version":[{"id":51344,"href":"https:\/\/schoenstatt.com\/es\/wp-json\/wp\/v2\/posts\/51258\/revisions\/51344"}],"wp:featuredmedia":[{"embeddable":true,"href":"https:\/\/schoenstatt.com\/es\/wp-json\/wp\/v2\/media\/26173"}],"wp:attachment":[{"href":"https:\/\/schoenstatt.com\/es\/wp-json\/wp\/v2\/media?parent=51258"}],"wp:term":[{"taxonomy":"category","embeddable":true,"href":"https:\/\/schoenstatt.com\/es\/wp-json\/wp\/v2\/categories?post=51258"},{"taxonomy":"post_tag","embeddable":true,"href":"https:\/\/schoenstatt.com\/es\/wp-json\/wp\/v2\/tags?post=51258"}],"curies":[{"name":"wp","href":"https:\/\/api.w.org\/{rel}","templated":true}]}}