{"id":51015,"date":"2022-09-29T08:00:01","date_gmt":"2022-09-29T06:00:01","guid":{"rendered":"https:\/\/schoenstattdev.wpenginepowered.com\/?p=26791"},"modified":"2025-05-15T01:41:12","modified_gmt":"2025-05-14T23:41:12","slug":"franz-reinisch-heroe-de-la-conciencia-ejecutado-por-no-jurar-por-hitler","status":"publish","type":"post","link":"https:\/\/schoenstatt.com\/es\/franz-reinisch-heroe-de-la-conciencia-ejecutado-por-no-jurar-por-hitler\/","title":{"rendered":"Franz Reinisch, h\u00e9roe de la conciencia, ejecutado por no jurar por Hitler"},"content":{"rendered":"<h3>&#8211; P. Breitinger, \u00bfqu\u00e9 importancia tuvo Schoenstatt para el P. Franz Reinisch?<\/h3>\n<p>P. Breitinger: Para responder a esta pregunta, creo que lo mejor es dar la palabra al propio P. Franz Reinisch. Una vez busqu\u00e9 en su diario y vi algunas de sus declaraciones y all\u00ed encontr\u00e9 c\u00f3mo \u00e9l mismo comenta esta cuesti\u00f3n.<\/p>\n<p>Pero quiz\u00e1s en primer lugar, como contexto, el<a href=\"https:\/\/schoenstattdev.wpenginepowered.com\/es\/espiritualidad\/franz-reinisch-su-camino-al-sacerdocio\/\"> padre<\/a> Reinisch conoci\u00f3 Schoenstatt en 1933, entiendo, cuando lleg\u00f3 a Friedberg, y all\u00ed entr\u00f3 en contacto en el Consejo Provincial con revistas schoenstattianas, especialmente con la revista SalTerrae, de aquel tiempo, editada por los Sacerdotes Diocesanos de Schoenstatt.<\/p>\n<p>All\u00ed volvi\u00f3 a encontrar todo lo que hab\u00eda sido importante para \u00e9l: su relaci\u00f3n con Mar\u00eda y lo que era importante para \u00e9l de su comunidad, de la Sociedad de los Palotinos, es decir, el mundo de las ideas de Vicente Pallotti.<\/p>\n<p>Devor\u00f3 estos escritos y creci\u00f3 su anhelo de venir a Schoenstatt. Le fue posible un a\u00f1o despu\u00e9s. Estuvo en Schoenstatt por primera vez en 1934, en el mes de agosto, y all\u00ed tambi\u00e9n tuvo contacto con la capilla del valle, con el santuario, y desde entonces se entusiasm\u00f3 con Schoenstatt, y en realidad, ya era schoenstattiano de coraz\u00f3n, podr\u00eda decirse.<\/p>\n<h3>En palabras del P. Franz Renisch<\/h3>\n<p>All\u00ed encontr\u00f3 realizado, o en los fundamentos realizado, lo que Vincente Pallotti ten\u00eda en mente. Y ahora un extracto de lo que el propio Franz Reinisch dijo sobre su relaci\u00f3n con Schoenstatt o lo que Schoenstatt significaba para \u00e9l:<\/p>\n<p>\u00abEn qu\u00e9 se hab\u00eda convertido el lugar de gracias Schoenstatt para m\u00ed&#8230;\u00bb escribi\u00f3 en su diario y dio la respuesta: \u00abHogar, donde me sent\u00ed en mi terru\u00f1o. En primer lugar, una paz natural: por el hermoso lugar y las condiciones de vida acogedoras. Luego tambi\u00e9n una paz, un bienestar espiritual: por la personalidad extraordinariamente profunda del Padre Kentenich, por el ambiente elevado y la atm\u00f3sfera espiritual, por el amor que me rodeaba all\u00ed: Paz espiritual sobre todo tambi\u00e9n a trav\u00e9s de toda la familia de los sacerdotes, de las hermanas, de toda la comunidad, desde la capillita: aqu\u00ed puedo mencionar con gran gratitud la gracia&#8230;\u00bb, escribi\u00f3, \u00ab&#8230;de que nunca dud\u00e9 de Schoenstatt ni un momento, sino que, por el contrario, a trav\u00e9s de las dificultades solo me arraigu\u00e9 a\u00fan m\u00e1s en \u00e9l. Y esto me da la mayor paz interior, libertad, confianza y firmeza, especialmente en esta \u00faltima fase de la vida\u00bb.<\/p>\n<p>Hay que a\u00f1adir que estos apuntes en su diario los escribi\u00f3 unas semanas antes de su muerte, en julio de 1942. El Padre Kentenich desempe\u00f1\u00f3 un papel muy importante para \u00e9l. Una vez dijo, supongo que fue en una conversaci\u00f3n con el cl\u00e9rigo de la prisi\u00f3n en ese momento, el Padre Kreuzberg; dijo en ese momento: el Padre Kentenich habr\u00eda sido probablemente el \u00fanico que podr\u00eda haberle hecho cambiar de opini\u00f3n sobre su \u00faltima decisi\u00f3n. As\u00ed que el Padre Kentenich habr\u00eda sido el que podr\u00eda haber cuestionado esta \u00faltima decisi\u00f3n. Pero Kentenich le dio fuerzas.<\/p>\n<h3>\u00bfQu\u00e9 le dijo el P. Kentenich?<\/h3>\n<p>Hay dos cartas del Padre Kentenich a Reinisch, que tambi\u00e9n he le\u00eddo, donde le escribe a la celda de la prisi\u00f3n en ese momento en Berl\u00edn. Fue el 14 de julio de 1942, unas semanas antes de su muerte. El Padre Kentenich le dice: \u00abTengo su carta delante de m\u00ed todo el tiempo. Parece que hay una cierta tragedia en su vida, pero llegar\u00e1 el momento en que el sol brillar\u00e1 sobre ella. Tiene raz\u00f3n cuando escribe que se abandona por completo a la querida voluntad del Padre que est\u00e1 en los cielos, y si permanece fiel a la querida Virgen Mar\u00eda, entonces lograr\u00e1 tomar la decisi\u00f3n final, ya sea ahora o ante la muerte.<\/p>\n<p>Si pudiera soltarse por completo y entregarse a Mar\u00eda, entonces la sangre caliente tirolesa se calmar\u00eda ciertamente un poco para poder liberarse para una tarea concreta. \u00bfEn qu\u00e9 puede consistir esta tarea concreta? Aqu\u00ed tengo que hacerle otra pregunta: \u00bfHacia d\u00f3nde va su coraz\u00f3n y qu\u00e9 posibilidades hay para usted en las circunstancias actuales? Debe ofrecer su vida al m\u00e1s alto precio, y as\u00ed, su camino de vida no se habr\u00e1 cruzado con Schoenstatt en vano\u201c.<\/p>\n<h3>\u00bfQu\u00e9 significa Reinisch para la juventud de hoy y para Schoenstatt?<\/h3>\n<p>Esto le escribi\u00f3 el Padre Kentenich a<a href=\"https:\/\/www.pallottiner.org\/gedenken-an-pater-franz-reinisch\/\"> Reinisch<\/a> y le anim\u00f3 a mantener su decisi\u00f3n y a seguir fielmente su camino, su convicci\u00f3n.<\/p>\n<p>Lo que observo en el Movimiento de Schoenstatt, especialmente en la generaci\u00f3n joven, es que lo encuentra a Reinisch con gran inter\u00e9s. Los j\u00f3venes se orientan hacia \u00e9l, sobre todo se entusiasman por su coherencia, por su fidelidad, por su determinaci\u00f3n, por la rectitud con la que sigue su camino.<\/p>\n<p>Y lo que es importante para nosotros, para el Movimiento de Schoenstatt, cuando miramos a Reinisch: Reinisch era completamente schoenstattiano, por un lado, y completamente palotino, por otro; y es, por as\u00ed decirlo, como un puente vivo, un signo del v\u00ednculo entre nuestras comunidades: schoenstattianos y palotinos. Y desde este punto de vista tambi\u00e9n puede ayudar hoy en d\u00eda a que la uni\u00f3n entre las comunidades palotinas y las comunidades de Schoenstatt sea fruct\u00edfera para la Iglesia.<\/p>\n<p><iframe title=\"Interview mit P  Theo Breitinger ISch aus der Doku  Pater Franz Reinisch (DE, EN, ES, PT)\" width=\"800\" height=\"450\" src=\"https:\/\/www.youtube.com\/embed\/MLlA4fzYusE?feature=oembed\" frameborder=\"0\" allow=\"accelerometer; autoplay; clipboard-write; encrypted-media; gyroscope; picture-in-picture; web-share\" referrerpolicy=\"strict-origin-when-cross-origin\" allowfullscreen><\/iframe><\/p>\n","protected":false},"excerpt":{"rendered":"<p>En un corto video de siete minutos el P. Theo Breitinger comparte sobre la personalidad del P. Franz Reinisch, quien en 1942, luego de duras luchas de conciencia, decidiera no jurar por Hitler, como le era exigido. Esta determinaci\u00f3n, discernida en el Santuario de Schoenstatt, y con el pleno apoyo del P. Kentenich, quien lo motiv\u00f3 a tener una profunda libertad interior, le cost\u00f3 la vida. Fue decapitado por los nazis.<\/p>\n","protected":false},"author":3,"featured_media":26949,"comment_status":"closed","ping_status":"closed","sticky":false,"template":"","format":"standard","meta":{"footnotes":""},"categories":[917],"tags":[],"class_list":["post-51015","post","type-post","status-publish","format-standard","has-post-thumbnail","hentry","category-espiritualidad-es"],"yoast_head":"<!-- This site is optimized with the Yoast SEO Premium plugin v27.4 (Yoast SEO v27.4) - https:\/\/yoast.com\/product\/yoast-seo-premium-wordpress\/ -->\n<title>Franz Reinisch, h\u00e9roe de la conciencia, ejecutado por no jurar por Hitler - Schoenstatt<\/title>\n<meta name=\"description\" content=\"El P. Franz Reinisch fue decapitado por no jurar a Hitler. La decisi\u00f3n de no hacerlo fue muy dif\u00edcil. Fue fortalecido por el P. Kentenich.\" \/>\n<meta name=\"robots\" content=\"index, follow, max-snippet:-1, max-image-preview:large, max-video-preview:-1\" \/>\n<link rel=\"canonical\" href=\"https:\/\/schoenstatt.com\/es\/franz-reinisch-heroe-de-la-conciencia-ejecutado-por-no-jurar-por-hitler\/\" \/>\n<meta property=\"og:locale\" content=\"es_ES\" \/>\n<meta property=\"og:type\" content=\"article\" \/>\n<meta property=\"og:title\" content=\"Franz Reinisch, h\u00e9roe de la conciencia, ejecutado por no jurar por Hitler\" \/>\n<meta property=\"og:description\" content=\"El P. Franz Reinisch fue decapitado por no jurar a Hitler. La decisi\u00f3n de no hacerlo fue muy dif\u00edcil. Fue fortalecido por el P. Kentenich.\" \/>\n<meta property=\"og:url\" content=\"https:\/\/schoenstatt.com\/es\/franz-reinisch-heroe-de-la-conciencia-ejecutado-por-no-jurar-por-hitler\/\" \/>\n<meta property=\"og:site_name\" content=\"Schoenstatt\" \/>\n<meta property=\"article:published_time\" content=\"2022-09-29T06:00:01+00:00\" \/>\n<meta property=\"article:modified_time\" content=\"2025-05-14T23:41:12+00:00\" \/>\n<meta property=\"og:image\" content=\"https:\/\/schoenstatt.com\/wp-content\/uploads\/2022\/09\/Breitinger-1.png\" \/>\n\t<meta property=\"og:image:width\" content=\"601\" \/>\n\t<meta property=\"og:image:height\" content=\"385\" \/>\n\t<meta property=\"og:image:type\" content=\"image\/png\" \/>\n<meta name=\"author\" content=\"Karen Bueno\" \/>\n<meta name=\"twitter:card\" content=\"summary_large_image\" \/>\n<meta name=\"twitter:label1\" content=\"Escrito por\" \/>\n\t<meta name=\"twitter:data1\" content=\"Karen Bueno\" \/>\n\t<meta name=\"twitter:label2\" content=\"Tiempo de lectura\" \/>\n\t<meta name=\"twitter:data2\" content=\"4 minutos\" \/>\n<script type=\"application\/ld+json\" class=\"yoast-schema-graph\">{\"@context\":\"https:\\\/\\\/schema.org\",\"@graph\":[{\"@type\":\"Article\",\"@id\":\"https:\\\/\\\/schoenstatt.com\\\/es\\\/franz-reinisch-heroe-de-la-conciencia-ejecutado-por-no-jurar-por-hitler\\\/#article\",\"isPartOf\":{\"@id\":\"https:\\\/\\\/schoenstatt.com\\\/es\\\/franz-reinisch-heroe-de-la-conciencia-ejecutado-por-no-jurar-por-hitler\\\/\"},\"author\":{\"name\":\"Karen Bueno\",\"@id\":\"https:\\\/\\\/schoenstatt.com\\\/es\\\/#\\\/schema\\\/person\\\/5158877ad4acae98b34daaeef2a1ce6e\"},\"headline\":\"Franz Reinisch, h\u00e9roe de la conciencia, ejecutado por no jurar por Hitler\",\"datePublished\":\"2022-09-29T06:00:01+00:00\",\"dateModified\":\"2025-05-14T23:41:12+00:00\",\"mainEntityOfPage\":{\"@id\":\"https:\\\/\\\/schoenstatt.com\\\/es\\\/franz-reinisch-heroe-de-la-conciencia-ejecutado-por-no-jurar-por-hitler\\\/\"},\"wordCount\":920,\"publisher\":{\"@id\":\"https:\\\/\\\/schoenstatt.com\\\/es\\\/#organization\"},\"image\":{\"@id\":\"https:\\\/\\\/schoenstatt.com\\\/es\\\/franz-reinisch-heroe-de-la-conciencia-ejecutado-por-no-jurar-por-hitler\\\/#primaryimage\"},\"thumbnailUrl\":\"https:\\\/\\\/schoenstatt.com\\\/wp-content\\\/uploads\\\/2022\\\/09\\\/Breitinger-1.png\",\"articleSection\":[\"Espiritualidad\"],\"inLanguage\":\"es\"},{\"@type\":\"WebPage\",\"@id\":\"https:\\\/\\\/schoenstatt.com\\\/es\\\/franz-reinisch-heroe-de-la-conciencia-ejecutado-por-no-jurar-por-hitler\\\/\",\"url\":\"https:\\\/\\\/schoenstatt.com\\\/es\\\/franz-reinisch-heroe-de-la-conciencia-ejecutado-por-no-jurar-por-hitler\\\/\",\"name\":\"Franz Reinisch, h\u00e9roe de la conciencia, ejecutado por no jurar por Hitler - Schoenstatt\",\"isPartOf\":{\"@id\":\"https:\\\/\\\/schoenstatt.com\\\/es\\\/#website\"},\"primaryImageOfPage\":{\"@id\":\"https:\\\/\\\/schoenstatt.com\\\/es\\\/franz-reinisch-heroe-de-la-conciencia-ejecutado-por-no-jurar-por-hitler\\\/#primaryimage\"},\"image\":{\"@id\":\"https:\\\/\\\/schoenstatt.com\\\/es\\\/franz-reinisch-heroe-de-la-conciencia-ejecutado-por-no-jurar-por-hitler\\\/#primaryimage\"},\"thumbnailUrl\":\"https:\\\/\\\/schoenstatt.com\\\/wp-content\\\/uploads\\\/2022\\\/09\\\/Breitinger-1.png\",\"datePublished\":\"2022-09-29T06:00:01+00:00\",\"dateModified\":\"2025-05-14T23:41:12+00:00\",\"description\":\"El P. Franz Reinisch fue decapitado por no jurar a Hitler. La decisi\u00f3n de no hacerlo fue muy dif\u00edcil. Fue fortalecido por el P. Kentenich.\",\"breadcrumb\":{\"@id\":\"https:\\\/\\\/schoenstatt.com\\\/es\\\/franz-reinisch-heroe-de-la-conciencia-ejecutado-por-no-jurar-por-hitler\\\/#breadcrumb\"},\"inLanguage\":\"es\",\"potentialAction\":[{\"@type\":\"ReadAction\",\"target\":[\"https:\\\/\\\/schoenstatt.com\\\/es\\\/franz-reinisch-heroe-de-la-conciencia-ejecutado-por-no-jurar-por-hitler\\\/\"]}]},{\"@type\":\"ImageObject\",\"inLanguage\":\"es\",\"@id\":\"https:\\\/\\\/schoenstatt.com\\\/es\\\/franz-reinisch-heroe-de-la-conciencia-ejecutado-por-no-jurar-por-hitler\\\/#primaryimage\",\"url\":\"https:\\\/\\\/schoenstatt.com\\\/wp-content\\\/uploads\\\/2022\\\/09\\\/Breitinger-1.png\",\"contentUrl\":\"https:\\\/\\\/schoenstatt.com\\\/wp-content\\\/uploads\\\/2022\\\/09\\\/Breitinger-1.png\",\"width\":601,\"height\":385,\"caption\":\"P. Theo Breitinger\"},{\"@type\":\"BreadcrumbList\",\"@id\":\"https:\\\/\\\/schoenstatt.com\\\/es\\\/franz-reinisch-heroe-de-la-conciencia-ejecutado-por-no-jurar-por-hitler\\\/#breadcrumb\",\"itemListElement\":[{\"@type\":\"ListItem\",\"position\":1,\"name\":\"Portada\",\"item\":\"https:\\\/\\\/schoenstatt.com\\\/es\\\/home\\\/\"},{\"@type\":\"ListItem\",\"position\":2,\"name\":\"Franz Reinisch, h\u00e9roe de la conciencia, ejecutado por no jurar por Hitler\"}]},{\"@type\":\"WebSite\",\"@id\":\"https:\\\/\\\/schoenstatt.com\\\/es\\\/#website\",\"url\":\"https:\\\/\\\/schoenstatt.com\\\/es\\\/\",\"name\":\"Schoenstatt\",\"description\":\"Apostolic Movement\",\"publisher\":{\"@id\":\"https:\\\/\\\/schoenstatt.com\\\/es\\\/#organization\"},\"potentialAction\":[{\"@type\":\"SearchAction\",\"target\":{\"@type\":\"EntryPoint\",\"urlTemplate\":\"https:\\\/\\\/schoenstatt.com\\\/es\\\/?s={search_term_string}\"},\"query-input\":{\"@type\":\"PropertyValueSpecification\",\"valueRequired\":true,\"valueName\":\"search_term_string\"}}],\"inLanguage\":\"es\"},{\"@type\":\"Organization\",\"@id\":\"https:\\\/\\\/schoenstatt.com\\\/es\\\/#organization\",\"name\":\"Schoenstatt\",\"url\":\"https:\\\/\\\/schoenstatt.com\\\/es\\\/\",\"logo\":{\"@type\":\"ImageObject\",\"inLanguage\":\"es\",\"@id\":\"https:\\\/\\\/schoenstatt.com\\\/es\\\/#\\\/schema\\\/logo\\\/image\\\/\",\"url\":\"https:\\\/\\\/schoenstatt.com\\\/wp-content\\\/uploads\\\/2025\\\/04\\\/logo-schoenstatt-white-696x696-1.png\",\"contentUrl\":\"https:\\\/\\\/schoenstatt.com\\\/wp-content\\\/uploads\\\/2025\\\/04\\\/logo-schoenstatt-white-696x696-1.png\",\"width\":696,\"height\":694,\"caption\":\"Schoenstatt\"},\"image\":{\"@id\":\"https:\\\/\\\/schoenstatt.com\\\/es\\\/#\\\/schema\\\/logo\\\/image\\\/\"}},{\"@type\":\"Person\",\"@id\":\"https:\\\/\\\/schoenstatt.com\\\/es\\\/#\\\/schema\\\/person\\\/5158877ad4acae98b34daaeef2a1ce6e\",\"name\":\"Karen Bueno\",\"image\":{\"@type\":\"ImageObject\",\"inLanguage\":\"es\",\"@id\":\"https:\\\/\\\/secure.gravatar.com\\\/avatar\\\/f9f4b823873154269d2b2130f195f6d41037dd0d7fc5f3cacb5c846bae70d66b?s=96&d=mm&r=g\",\"url\":\"https:\\\/\\\/secure.gravatar.com\\\/avatar\\\/f9f4b823873154269d2b2130f195f6d41037dd0d7fc5f3cacb5c846bae70d66b?s=96&d=mm&r=g\",\"contentUrl\":\"https:\\\/\\\/secure.gravatar.com\\\/avatar\\\/f9f4b823873154269d2b2130f195f6d41037dd0d7fc5f3cacb5c846bae70d66b?s=96&d=mm&r=g\",\"caption\":\"Karen Bueno\"},\"url\":\"https:\\\/\\\/schoenstatt.com\\\/es\\\/author\\\/karen-bueno\\\/\"}]}<\/script>\n<!-- \/ Yoast SEO Premium plugin. -->","yoast_head_json":{"title":"Franz Reinisch, h\u00e9roe de la conciencia, ejecutado por no jurar por Hitler - Schoenstatt","description":"El P. Franz Reinisch fue decapitado por no jurar a Hitler. La decisi\u00f3n de no hacerlo fue muy dif\u00edcil. Fue fortalecido por el P. Kentenich.","robots":{"index":"index","follow":"follow","max-snippet":"max-snippet:-1","max-image-preview":"max-image-preview:large","max-video-preview":"max-video-preview:-1"},"canonical":"https:\/\/schoenstatt.com\/es\/franz-reinisch-heroe-de-la-conciencia-ejecutado-por-no-jurar-por-hitler\/","og_locale":"es_ES","og_type":"article","og_title":"Franz Reinisch, h\u00e9roe de la conciencia, ejecutado por no jurar por Hitler","og_description":"El P. Franz Reinisch fue decapitado por no jurar a Hitler. La decisi\u00f3n de no hacerlo fue muy dif\u00edcil. Fue fortalecido por el P. Kentenich.","og_url":"https:\/\/schoenstatt.com\/es\/franz-reinisch-heroe-de-la-conciencia-ejecutado-por-no-jurar-por-hitler\/","og_site_name":"Schoenstatt","article_published_time":"2022-09-29T06:00:01+00:00","article_modified_time":"2025-05-14T23:41:12+00:00","og_image":[{"width":601,"height":385,"url":"https:\/\/schoenstatt.com\/wp-content\/uploads\/2022\/09\/Breitinger-1.png","type":"image\/png"}],"author":"Karen Bueno","twitter_card":"summary_large_image","twitter_misc":{"Escrito por":"Karen Bueno","Tiempo de lectura":"4 minutos"},"schema":{"@context":"https:\/\/schema.org","@graph":[{"@type":"Article","@id":"https:\/\/schoenstatt.com\/es\/franz-reinisch-heroe-de-la-conciencia-ejecutado-por-no-jurar-por-hitler\/#article","isPartOf":{"@id":"https:\/\/schoenstatt.com\/es\/franz-reinisch-heroe-de-la-conciencia-ejecutado-por-no-jurar-por-hitler\/"},"author":{"name":"Karen Bueno","@id":"https:\/\/schoenstatt.com\/es\/#\/schema\/person\/5158877ad4acae98b34daaeef2a1ce6e"},"headline":"Franz Reinisch, h\u00e9roe de la conciencia, ejecutado por no jurar por Hitler","datePublished":"2022-09-29T06:00:01+00:00","dateModified":"2025-05-14T23:41:12+00:00","mainEntityOfPage":{"@id":"https:\/\/schoenstatt.com\/es\/franz-reinisch-heroe-de-la-conciencia-ejecutado-por-no-jurar-por-hitler\/"},"wordCount":920,"publisher":{"@id":"https:\/\/schoenstatt.com\/es\/#organization"},"image":{"@id":"https:\/\/schoenstatt.com\/es\/franz-reinisch-heroe-de-la-conciencia-ejecutado-por-no-jurar-por-hitler\/#primaryimage"},"thumbnailUrl":"https:\/\/schoenstatt.com\/wp-content\/uploads\/2022\/09\/Breitinger-1.png","articleSection":["Espiritualidad"],"inLanguage":"es"},{"@type":"WebPage","@id":"https:\/\/schoenstatt.com\/es\/franz-reinisch-heroe-de-la-conciencia-ejecutado-por-no-jurar-por-hitler\/","url":"https:\/\/schoenstatt.com\/es\/franz-reinisch-heroe-de-la-conciencia-ejecutado-por-no-jurar-por-hitler\/","name":"Franz Reinisch, h\u00e9roe de la conciencia, ejecutado por no jurar por Hitler - Schoenstatt","isPartOf":{"@id":"https:\/\/schoenstatt.com\/es\/#website"},"primaryImageOfPage":{"@id":"https:\/\/schoenstatt.com\/es\/franz-reinisch-heroe-de-la-conciencia-ejecutado-por-no-jurar-por-hitler\/#primaryimage"},"image":{"@id":"https:\/\/schoenstatt.com\/es\/franz-reinisch-heroe-de-la-conciencia-ejecutado-por-no-jurar-por-hitler\/#primaryimage"},"thumbnailUrl":"https:\/\/schoenstatt.com\/wp-content\/uploads\/2022\/09\/Breitinger-1.png","datePublished":"2022-09-29T06:00:01+00:00","dateModified":"2025-05-14T23:41:12+00:00","description":"El P. Franz Reinisch fue decapitado por no jurar a Hitler. La decisi\u00f3n de no hacerlo fue muy dif\u00edcil. Fue fortalecido por el P. Kentenich.","breadcrumb":{"@id":"https:\/\/schoenstatt.com\/es\/franz-reinisch-heroe-de-la-conciencia-ejecutado-por-no-jurar-por-hitler\/#breadcrumb"},"inLanguage":"es","potentialAction":[{"@type":"ReadAction","target":["https:\/\/schoenstatt.com\/es\/franz-reinisch-heroe-de-la-conciencia-ejecutado-por-no-jurar-por-hitler\/"]}]},{"@type":"ImageObject","inLanguage":"es","@id":"https:\/\/schoenstatt.com\/es\/franz-reinisch-heroe-de-la-conciencia-ejecutado-por-no-jurar-por-hitler\/#primaryimage","url":"https:\/\/schoenstatt.com\/wp-content\/uploads\/2022\/09\/Breitinger-1.png","contentUrl":"https:\/\/schoenstatt.com\/wp-content\/uploads\/2022\/09\/Breitinger-1.png","width":601,"height":385,"caption":"P. Theo Breitinger"},{"@type":"BreadcrumbList","@id":"https:\/\/schoenstatt.com\/es\/franz-reinisch-heroe-de-la-conciencia-ejecutado-por-no-jurar-por-hitler\/#breadcrumb","itemListElement":[{"@type":"ListItem","position":1,"name":"Portada","item":"https:\/\/schoenstatt.com\/es\/home\/"},{"@type":"ListItem","position":2,"name":"Franz Reinisch, h\u00e9roe de la conciencia, ejecutado por no jurar por Hitler"}]},{"@type":"WebSite","@id":"https:\/\/schoenstatt.com\/es\/#website","url":"https:\/\/schoenstatt.com\/es\/","name":"Schoenstatt","description":"Apostolic Movement","publisher":{"@id":"https:\/\/schoenstatt.com\/es\/#organization"},"potentialAction":[{"@type":"SearchAction","target":{"@type":"EntryPoint","urlTemplate":"https:\/\/schoenstatt.com\/es\/?s={search_term_string}"},"query-input":{"@type":"PropertyValueSpecification","valueRequired":true,"valueName":"search_term_string"}}],"inLanguage":"es"},{"@type":"Organization","@id":"https:\/\/schoenstatt.com\/es\/#organization","name":"Schoenstatt","url":"https:\/\/schoenstatt.com\/es\/","logo":{"@type":"ImageObject","inLanguage":"es","@id":"https:\/\/schoenstatt.com\/es\/#\/schema\/logo\/image\/","url":"https:\/\/schoenstatt.com\/wp-content\/uploads\/2025\/04\/logo-schoenstatt-white-696x696-1.png","contentUrl":"https:\/\/schoenstatt.com\/wp-content\/uploads\/2025\/04\/logo-schoenstatt-white-696x696-1.png","width":696,"height":694,"caption":"Schoenstatt"},"image":{"@id":"https:\/\/schoenstatt.com\/es\/#\/schema\/logo\/image\/"}},{"@type":"Person","@id":"https:\/\/schoenstatt.com\/es\/#\/schema\/person\/5158877ad4acae98b34daaeef2a1ce6e","name":"Karen Bueno","image":{"@type":"ImageObject","inLanguage":"es","@id":"https:\/\/secure.gravatar.com\/avatar\/f9f4b823873154269d2b2130f195f6d41037dd0d7fc5f3cacb5c846bae70d66b?s=96&d=mm&r=g","url":"https:\/\/secure.gravatar.com\/avatar\/f9f4b823873154269d2b2130f195f6d41037dd0d7fc5f3cacb5c846bae70d66b?s=96&d=mm&r=g","contentUrl":"https:\/\/secure.gravatar.com\/avatar\/f9f4b823873154269d2b2130f195f6d41037dd0d7fc5f3cacb5c846bae70d66b?s=96&d=mm&r=g","caption":"Karen Bueno"},"url":"https:\/\/schoenstatt.com\/es\/author\/karen-bueno\/"}]}},"_links":{"self":[{"href":"https:\/\/schoenstatt.com\/es\/wp-json\/wp\/v2\/posts\/51015","targetHints":{"allow":["GET"]}}],"collection":[{"href":"https:\/\/schoenstatt.com\/es\/wp-json\/wp\/v2\/posts"}],"about":[{"href":"https:\/\/schoenstatt.com\/es\/wp-json\/wp\/v2\/types\/post"}],"author":[{"embeddable":true,"href":"https:\/\/schoenstatt.com\/es\/wp-json\/wp\/v2\/users\/3"}],"replies":[{"embeddable":true,"href":"https:\/\/schoenstatt.com\/es\/wp-json\/wp\/v2\/comments?post=51015"}],"version-history":[{"count":1,"href":"https:\/\/schoenstatt.com\/es\/wp-json\/wp\/v2\/posts\/51015\/revisions"}],"predecessor-version":[{"id":51213,"href":"https:\/\/schoenstatt.com\/es\/wp-json\/wp\/v2\/posts\/51015\/revisions\/51213"}],"wp:featuredmedia":[{"embeddable":true,"href":"https:\/\/schoenstatt.com\/es\/wp-json\/wp\/v2\/media\/26949"}],"wp:attachment":[{"href":"https:\/\/schoenstatt.com\/es\/wp-json\/wp\/v2\/media?parent=51015"}],"wp:term":[{"taxonomy":"category","embeddable":true,"href":"https:\/\/schoenstatt.com\/es\/wp-json\/wp\/v2\/categories?post=51015"},{"taxonomy":"post_tag","embeddable":true,"href":"https:\/\/schoenstatt.com\/es\/wp-json\/wp\/v2\/tags?post=51015"}],"curies":[{"name":"wp","href":"https:\/\/api.w.org\/{rel}","templated":true}]}}