{"id":50999,"date":"2022-09-16T19:48:14","date_gmt":"2022-09-16T17:48:14","guid":{"rendered":"https:\/\/schoenstattdev.wpenginepowered.com\/?p=26944"},"modified":"2025-05-15T18:14:34","modified_gmt":"2025-05-15T16:14:34","slug":"ver-sacrum-patris-una-corriente-de-vida-de-la-juventud-femenina-de-usa","status":"publish","type":"post","link":"https:\/\/schoenstatt.com\/es\/ver-sacrum-patris-una-corriente-de-vida-de-la-juventud-femenina-de-usa\/","title":{"rendered":"Ver Sacrum Patris &#8211; Una corriente de vida de la Juventud Femenina de USA"},"content":{"rendered":"<h3>Chicas y J\u00f3venes de Schoenstatt<\/h3>\n<p>Cada a\u00f1o, las dirigentes de las chicas y j\u00f3venes de Schoenstatt son invitadas al Centro Internacional de Retiros en Waukesha, Wisconsin, para la Convenci\u00f3n anual de dirigentes. La convenci\u00f3n se celebra siempre a principios de agosto, despu\u00e9s de que terminan los campamentos de verano en cada estado, y suele durar tres d\u00edas. Esta convenci\u00f3n es un momento en el que nos reunimos para discutir el a\u00f1o pasado, experimentar el compa\u00f1erismo y formular un lema eficaz y motivador para nuestro esfuerzo en el pr\u00f3ximo a\u00f1o. Tambi\u00e9n es un momento de formaci\u00f3n a nivel nacional. Durante la convenci\u00f3n de cada a\u00f1o, las dirigentes tambi\u00e9n hacen una mini-peregrinaci\u00f3n a Milwaukee, a treinta minutos en coche, para visitar el Santuario del Exilio y la casa del Movimiento. Para muchas dirigentes, este es un momento en el que pueden experimentar, algunas por primera vez, los lugares donde el Padre Kentenich vivi\u00f3 y trabaj\u00f3 durante los a\u00f1os de su exilio.<\/p>\n<figure id=\"attachment_26895\" aria-describedby=\"caption-attachment-26895\" style=\"width: 840px\" class=\"wp-caption aligncenter\"><img fetchpriority=\"high\" decoding=\"async\" class=\"wp-image-26895 size-large\" src=\"https:\/\/schoenstattdev.wpenginepowered.com\/wp-content\/uploads\/2022\/09\/20220802_173759-1024x461.jpg\" alt=\"Father Kentenich's Shoes at Lake Michigan\" width=\"840\" height=\"378\" \/><figcaption id=\"caption-attachment-26895\" class=\"wp-caption-text\">Tras las huellas del Padre Kentenich en el Lago Michigan<\/figcaption><\/figure>\n<h3>Esta reuni\u00f3n es un tiempo de oraci\u00f3n, discusi\u00f3n y discernimiento<\/h3>\n<p>Est\u00e1n invitadas todas las dirigentes de la rama de Juventud Femenina y j\u00f3venes adultas de<a href=\"https:\/\/schoenstatt-movement.us\/\"> Estados Unidos<\/a>. Se trata de las dirigentes juveniles de la rama, que suelen tener entre 16 y 22 a\u00f1os. Hay tres \u00e1reas principales en los Estados Unidos con ramas juveniles establecidas: el \u00e1rea de Wisconsin-Illinois, Minnesota y Texas. Normalmente, hay muchas dirigentes de cada uno de estos estados, y este a\u00f1o hemos dado la bienvenida a las dirigentes de Florida. La convenci\u00f3n est\u00e1 moderada por el equipo nacional y las l\u00edderes estatales de cada una de las tres \u00e1reas principales.<\/p>\n<p>Este encuentro es un tiempo de oraci\u00f3n, discusi\u00f3n y discernimiento. Cada d\u00eda comienza con la misa y la oraci\u00f3n de la ma\u00f1ana en el Santuario, seguida de una meditaci\u00f3n. El proceso de discernimiento comienza entonces con una mirada a las necesidades y signos de los tiempos en general y de las mujeres j\u00f3venes en particular. Al ver estos signos, los l\u00edderes se dividen en grupos m\u00e1s peque\u00f1os y discuten los principales problemas con los que ven a la juventud luchar y las formas en que Schoenstatt podr\u00eda dar una respuesta a estas dificultades. Revisan los esfuerzos y las luchas del a\u00f1o pasado, como estados o regiones, para ver qu\u00e9 inspir\u00f3 a los j\u00f3venes y qu\u00e9 \u00e1reas necesitan ser mejoradas o abordadas de manera diferente. Luego se re\u00fanen para compartir sus experiencias e ideas.<\/p>\n<figure id=\"attachment_26903\" aria-describedby=\"caption-attachment-26903\" style=\"width: 840px\" class=\"wp-caption aligncenter\"><img decoding=\"async\" class=\"wp-image-26903 size-large\" src=\"https:\/\/schoenstattdev.wpenginepowered.com\/wp-content\/uploads\/2022\/09\/PXL_20220803_131658804.PORTRAIT-1024x768.jpg\" alt=\"Juventud Femenina\" width=\"840\" height=\"630\" \/><figcaption id=\"caption-attachment-26903\" class=\"wp-caption-text\">La Reina de la Juventud nos acompa\u00f1a en la convenci\u00f3n<\/figcaption><\/figure>\n<h3>Formulaci\u00f3n del nuevo lema<\/h3>\n<p>A partir de estas corrientes y experiencias, las j\u00f3venes tratan de formular un nuevo lema que exprese el esfuerzo y la misi\u00f3n que est\u00e1n llamadas a realizar en el pr\u00f3ximo a\u00f1o. Es un proceso muy sinodal, ya que cada una debe practicar la escucha humilde y abierta, as\u00ed como la audacia para compartir lo que hay en su coraz\u00f3n. El lema de cada a\u00f1o es una breve expresi\u00f3n que pretende captar y transmitir la respuesta de las chicas y las j\u00f3venes a las necesidades de los tiempos desde el lugar en que se encuentran en la vida. Este lema se convierte en la declaraci\u00f3n de la misi\u00f3n de cada una de ellas para el a\u00f1o siguiente, su misi\u00f3n para las chicas que dirigen pero tambi\u00e9n para todos aquellos con los que entran en contacto.<\/p>\n<figure id=\"attachment_26907\" aria-describedby=\"caption-attachment-26907\" style=\"width: 840px\" class=\"wp-caption aligncenter\"><img decoding=\"async\" class=\"wp-image-26907 size-large\" src=\"https:\/\/schoenstattdev.wpenginepowered.com\/wp-content\/uploads\/2022\/09\/20220801_193751-1024x576.jpg\" alt=\"Girls youth\" width=\"840\" height=\"473\" \/><figcaption id=\"caption-attachment-26907\" class=\"wp-caption-text\">Las dirigentes disfrutando una fogata<\/figcaption><\/figure>\n<p>El lema del a\u00f1o pasado fue: <em><strong>\u00abReavivar la primavera\u00bb<\/strong><\/em>. La pandemia golpe\u00f3 muy fuerte a la juventud femenina de los Estados Unidos. Estos dos \u00faltimos a\u00f1os han sido una verdadera prueba, por lo que nos consolamos con la estabilidad de quienes pudieron seguir trabajando para la rama. Con este lema, nos esforzamos por fortalecer nuestro propio fuego interior por Schoenstatt y por Mar\u00eda para poder atraer a otros hacia ella a trav\u00e9s de nuestro Apostolado del Ser.<\/p>\n<p>Hemos trabajado interiormente para fortalecer nuestra autoeducaci\u00f3n, y ahora la Virgen nos env\u00eda al exterior. Nuestro nuevo lema es: \u201cHija de la Alianza, levanta los ojos y baila.\u201d Aqu\u00ed est\u00e1 la explicaci\u00f3n de nuestro lema:<\/p>\n<blockquote><p>\u00ab\u00bfQu\u00e9 significa ser mujer hoy? Encontramos nuestra identidad como hija de la alianza, hija del Rey y de la Reina. Esta seguridad nos invita a elevar nuestra mirada y nuestro coraz\u00f3n a las alturas, llenos de confianza filial en Dios y en Mar\u00eda. La nobleza edificante de nuestro ser impregnar\u00e1 nuestro entorno e invitar\u00e1 a los dem\u00e1s a mirar tambi\u00e9n hacia el cielo. Levantamos la mirada porque tenemos esperanza y una confianza ilimitadas en que el Padre celestial nunca\u00a0 permitir\u00e1 que nos extravi\u00e9mos, sino que nos transformar\u00e1 en reflejos m\u00e1s perfectos de s\u00ed mismo. Esta certeza nos llena de una alegr\u00eda contagiosa, una alegr\u00eda que anhelamos compartir con los dem\u00e1s, una alegr\u00eda que nos hace bailar. Es esta alegr\u00eda en nuestra fe la que nosotras, como Chicas y J\u00f3venes de Schoenstatt, estamos encargadas de compartir con los dem\u00e1s a trav\u00e9s de nuestro lema del a\u00f1o\u00bb.<\/p><\/blockquote>\n<p><em>\u00abQue alaben su nombre con danzas y le hagan m\u00fasica con el timbal y el arpa. Porque el Se\u00f1or se complace en su pueblo; corona de victoria a los humildes\u201d<\/em>. ~Ps. 149<\/p>\n","protected":false},"excerpt":{"rendered":"<p>Todos los a\u00f1os, las dirigentes de la Juventud Femenina de Schoenstatt son invitadas al Centro Internacional de Retiros en Waukesha, Wisconsin, para la Convenci\u00f3n anual de Dirigentes.<\/p>\n","protected":false},"author":1,"featured_media":26908,"comment_status":"closed","ping_status":"closed","sticky":false,"template":"","format":"standard","meta":{"footnotes":""},"categories":[917,923,921],"tags":[],"class_list":["post-50999","post","type-post","status-publish","format-standard","has-post-thumbnail","hentry","category-espiritualidad-es","category-juventud-es","category-mujer-es"],"yoast_head":"<!-- This site is optimized with the Yoast SEO Premium plugin v27.4 (Yoast SEO v27.4) - https:\/\/yoast.com\/product\/yoast-seo-premium-wordpress\/ -->\n<title>Ver Sacrum Patris - Una corriente de vida de la Juventud Femenina de USA - Schoenstatt<\/title>\n<meta name=\"description\" content=\"La Juventud Femenina de USA, celebr\u00f3 recientemente su Convenci\u00f3n anual de L\u00edderes para crecer en compa\u00f1erismo y elegir un esfuerzo com\u00fan.\" \/>\n<meta name=\"robots\" content=\"index, follow, max-snippet:-1, max-image-preview:large, max-video-preview:-1\" \/>\n<link rel=\"canonical\" href=\"https:\/\/schoenstatt.com\/es\/ver-sacrum-patris-una-corriente-de-vida-de-la-juventud-femenina-de-usa\/\" \/>\n<meta property=\"og:locale\" content=\"es_ES\" \/>\n<meta property=\"og:type\" content=\"article\" \/>\n<meta property=\"og:title\" content=\"Ver Sacrum Patris - Una corriente de vida de la Juventud Femenina de USA\" \/>\n<meta property=\"og:description\" content=\"La Juventud Femenina de USA, celebr\u00f3 recientemente su Convenci\u00f3n anual de L\u00edderes para crecer en compa\u00f1erismo y elegir un esfuerzo com\u00fan.\" \/>\n<meta property=\"og:url\" content=\"https:\/\/schoenstatt.com\/es\/ver-sacrum-patris-una-corriente-de-vida-de-la-juventud-femenina-de-usa\/\" \/>\n<meta property=\"og:site_name\" content=\"Schoenstatt\" \/>\n<meta property=\"article:published_time\" content=\"2022-09-16T17:48:14+00:00\" \/>\n<meta property=\"article:modified_time\" content=\"2025-05-15T16:14:34+00:00\" \/>\n<meta property=\"og:image\" content=\"https:\/\/schoenstatt.com\/wp-content\/uploads\/2022\/09\/cover-photo-cropped-scaled-1.jpg\" \/>\n\t<meta property=\"og:image:width\" content=\"2560\" \/>\n\t<meta property=\"og:image:height\" content=\"1682\" \/>\n\t<meta property=\"og:image:type\" content=\"image\/jpeg\" \/>\n<meta name=\"author\" content=\"admin\" \/>\n<meta name=\"twitter:card\" content=\"summary_large_image\" \/>\n<meta name=\"twitter:label1\" content=\"Escrito por\" \/>\n\t<meta name=\"twitter:data1\" content=\"admin\" \/>\n\t<meta name=\"twitter:label2\" content=\"Tiempo de lectura\" \/>\n\t<meta name=\"twitter:data2\" content=\"5 minutos\" \/>\n<script type=\"application\/ld+json\" class=\"yoast-schema-graph\">{\"@context\":\"https:\\\/\\\/schema.org\",\"@graph\":[{\"@type\":\"Article\",\"@id\":\"https:\\\/\\\/schoenstatt.com\\\/es\\\/ver-sacrum-patris-una-corriente-de-vida-de-la-juventud-femenina-de-usa\\\/#article\",\"isPartOf\":{\"@id\":\"https:\\\/\\\/schoenstatt.com\\\/es\\\/ver-sacrum-patris-una-corriente-de-vida-de-la-juventud-femenina-de-usa\\\/\"},\"author\":{\"name\":\"admin\",\"@id\":\"https:\\\/\\\/schoenstatt.com\\\/es\\\/#\\\/schema\\\/person\\\/489465b1850e7b216fe2c10dfc262551\"},\"headline\":\"Ver Sacrum Patris &#8211; Una corriente de vida de la Juventud Femenina de USA\",\"datePublished\":\"2022-09-16T17:48:14+00:00\",\"dateModified\":\"2025-05-15T16:14:34+00:00\",\"mainEntityOfPage\":{\"@id\":\"https:\\\/\\\/schoenstatt.com\\\/es\\\/ver-sacrum-patris-una-corriente-de-vida-de-la-juventud-femenina-de-usa\\\/\"},\"wordCount\":964,\"publisher\":{\"@id\":\"https:\\\/\\\/schoenstatt.com\\\/es\\\/#organization\"},\"image\":{\"@id\":\"https:\\\/\\\/schoenstatt.com\\\/es\\\/ver-sacrum-patris-una-corriente-de-vida-de-la-juventud-femenina-de-usa\\\/#primaryimage\"},\"thumbnailUrl\":\"https:\\\/\\\/schoenstatt.com\\\/wp-content\\\/uploads\\\/2022\\\/09\\\/cover-photo-cropped-scaled-1.jpg\",\"articleSection\":[\"Espiritualidad\",\"Juventud\",\"Mujer\"],\"inLanguage\":\"es\"},{\"@type\":\"WebPage\",\"@id\":\"https:\\\/\\\/schoenstatt.com\\\/es\\\/ver-sacrum-patris-una-corriente-de-vida-de-la-juventud-femenina-de-usa\\\/\",\"url\":\"https:\\\/\\\/schoenstatt.com\\\/es\\\/ver-sacrum-patris-una-corriente-de-vida-de-la-juventud-femenina-de-usa\\\/\",\"name\":\"Ver Sacrum Patris - Una corriente de vida de la Juventud Femenina de USA - Schoenstatt\",\"isPartOf\":{\"@id\":\"https:\\\/\\\/schoenstatt.com\\\/es\\\/#website\"},\"primaryImageOfPage\":{\"@id\":\"https:\\\/\\\/schoenstatt.com\\\/es\\\/ver-sacrum-patris-una-corriente-de-vida-de-la-juventud-femenina-de-usa\\\/#primaryimage\"},\"image\":{\"@id\":\"https:\\\/\\\/schoenstatt.com\\\/es\\\/ver-sacrum-patris-una-corriente-de-vida-de-la-juventud-femenina-de-usa\\\/#primaryimage\"},\"thumbnailUrl\":\"https:\\\/\\\/schoenstatt.com\\\/wp-content\\\/uploads\\\/2022\\\/09\\\/cover-photo-cropped-scaled-1.jpg\",\"datePublished\":\"2022-09-16T17:48:14+00:00\",\"dateModified\":\"2025-05-15T16:14:34+00:00\",\"description\":\"La Juventud Femenina de USA, celebr\u00f3 recientemente su Convenci\u00f3n anual de L\u00edderes para crecer en compa\u00f1erismo y elegir un esfuerzo com\u00fan.\",\"breadcrumb\":{\"@id\":\"https:\\\/\\\/schoenstatt.com\\\/es\\\/ver-sacrum-patris-una-corriente-de-vida-de-la-juventud-femenina-de-usa\\\/#breadcrumb\"},\"inLanguage\":\"es\",\"potentialAction\":[{\"@type\":\"ReadAction\",\"target\":[\"https:\\\/\\\/schoenstatt.com\\\/es\\\/ver-sacrum-patris-una-corriente-de-vida-de-la-juventud-femenina-de-usa\\\/\"]}]},{\"@type\":\"ImageObject\",\"inLanguage\":\"es\",\"@id\":\"https:\\\/\\\/schoenstatt.com\\\/es\\\/ver-sacrum-patris-una-corriente-de-vida-de-la-juventud-femenina-de-usa\\\/#primaryimage\",\"url\":\"https:\\\/\\\/schoenstatt.com\\\/wp-content\\\/uploads\\\/2022\\\/09\\\/cover-photo-cropped-scaled-1.jpg\",\"contentUrl\":\"https:\\\/\\\/schoenstatt.com\\\/wp-content\\\/uploads\\\/2022\\\/09\\\/cover-photo-cropped-scaled-1.jpg\",\"width\":2560,\"height\":1682,\"caption\":\"Juventude Feminina\"},{\"@type\":\"BreadcrumbList\",\"@id\":\"https:\\\/\\\/schoenstatt.com\\\/es\\\/ver-sacrum-patris-una-corriente-de-vida-de-la-juventud-femenina-de-usa\\\/#breadcrumb\",\"itemListElement\":[{\"@type\":\"ListItem\",\"position\":1,\"name\":\"Portada\",\"item\":\"https:\\\/\\\/schoenstatt.com\\\/es\\\/home\\\/\"},{\"@type\":\"ListItem\",\"position\":2,\"name\":\"Ver Sacrum Patris &#8211; Una corriente de vida de la Juventud Femenina de USA\"}]},{\"@type\":\"WebSite\",\"@id\":\"https:\\\/\\\/schoenstatt.com\\\/es\\\/#website\",\"url\":\"https:\\\/\\\/schoenstatt.com\\\/es\\\/\",\"name\":\"Schoenstatt\",\"description\":\"Apostolic Movement\",\"publisher\":{\"@id\":\"https:\\\/\\\/schoenstatt.com\\\/es\\\/#organization\"},\"potentialAction\":[{\"@type\":\"SearchAction\",\"target\":{\"@type\":\"EntryPoint\",\"urlTemplate\":\"https:\\\/\\\/schoenstatt.com\\\/es\\\/?s={search_term_string}\"},\"query-input\":{\"@type\":\"PropertyValueSpecification\",\"valueRequired\":true,\"valueName\":\"search_term_string\"}}],\"inLanguage\":\"es\"},{\"@type\":\"Organization\",\"@id\":\"https:\\\/\\\/schoenstatt.com\\\/es\\\/#organization\",\"name\":\"Schoenstatt\",\"url\":\"https:\\\/\\\/schoenstatt.com\\\/es\\\/\",\"logo\":{\"@type\":\"ImageObject\",\"inLanguage\":\"es\",\"@id\":\"https:\\\/\\\/schoenstatt.com\\\/es\\\/#\\\/schema\\\/logo\\\/image\\\/\",\"url\":\"https:\\\/\\\/schoenstatt.com\\\/wp-content\\\/uploads\\\/2025\\\/04\\\/logo-schoenstatt-white-696x696-1.png\",\"contentUrl\":\"https:\\\/\\\/schoenstatt.com\\\/wp-content\\\/uploads\\\/2025\\\/04\\\/logo-schoenstatt-white-696x696-1.png\",\"width\":696,\"height\":694,\"caption\":\"Schoenstatt\"},\"image\":{\"@id\":\"https:\\\/\\\/schoenstatt.com\\\/es\\\/#\\\/schema\\\/logo\\\/image\\\/\"}},{\"@type\":\"Person\",\"@id\":\"https:\\\/\\\/schoenstatt.com\\\/es\\\/#\\\/schema\\\/person\\\/489465b1850e7b216fe2c10dfc262551\",\"name\":\"admin\",\"image\":{\"@type\":\"ImageObject\",\"inLanguage\":\"es\",\"@id\":\"https:\\\/\\\/secure.gravatar.com\\\/avatar\\\/02e8345e1ec40ab0e0a2a98fdde64a684bbaf994cddcb778b25b8b024ee9dfe6?s=96&d=mm&r=g\",\"url\":\"https:\\\/\\\/secure.gravatar.com\\\/avatar\\\/02e8345e1ec40ab0e0a2a98fdde64a684bbaf994cddcb778b25b8b024ee9dfe6?s=96&d=mm&r=g\",\"contentUrl\":\"https:\\\/\\\/secure.gravatar.com\\\/avatar\\\/02e8345e1ec40ab0e0a2a98fdde64a684bbaf994cddcb778b25b8b024ee9dfe6?s=96&d=mm&r=g\",\"caption\":\"admin\"},\"sameAs\":[\"https:\\\/\\\/schoenstatt.com\"],\"url\":\"https:\\\/\\\/schoenstatt.com\\\/es\\\/author\\\/admin\\\/\"}]}<\/script>\n<!-- \/ Yoast SEO Premium plugin. -->","yoast_head_json":{"title":"Ver Sacrum Patris - Una corriente de vida de la Juventud Femenina de USA - Schoenstatt","description":"La Juventud Femenina de USA, celebr\u00f3 recientemente su Convenci\u00f3n anual de L\u00edderes para crecer en compa\u00f1erismo y elegir un esfuerzo com\u00fan.","robots":{"index":"index","follow":"follow","max-snippet":"max-snippet:-1","max-image-preview":"max-image-preview:large","max-video-preview":"max-video-preview:-1"},"canonical":"https:\/\/schoenstatt.com\/es\/ver-sacrum-patris-una-corriente-de-vida-de-la-juventud-femenina-de-usa\/","og_locale":"es_ES","og_type":"article","og_title":"Ver Sacrum Patris - Una corriente de vida de la Juventud Femenina de USA","og_description":"La Juventud Femenina de USA, celebr\u00f3 recientemente su Convenci\u00f3n anual de L\u00edderes para crecer en compa\u00f1erismo y elegir un esfuerzo com\u00fan.","og_url":"https:\/\/schoenstatt.com\/es\/ver-sacrum-patris-una-corriente-de-vida-de-la-juventud-femenina-de-usa\/","og_site_name":"Schoenstatt","article_published_time":"2022-09-16T17:48:14+00:00","article_modified_time":"2025-05-15T16:14:34+00:00","og_image":[{"width":2560,"height":1682,"url":"https:\/\/schoenstatt.com\/wp-content\/uploads\/2022\/09\/cover-photo-cropped-scaled-1.jpg","type":"image\/jpeg"}],"author":"admin","twitter_card":"summary_large_image","twitter_misc":{"Escrito por":"admin","Tiempo de lectura":"5 minutos"},"schema":{"@context":"https:\/\/schema.org","@graph":[{"@type":"Article","@id":"https:\/\/schoenstatt.com\/es\/ver-sacrum-patris-una-corriente-de-vida-de-la-juventud-femenina-de-usa\/#article","isPartOf":{"@id":"https:\/\/schoenstatt.com\/es\/ver-sacrum-patris-una-corriente-de-vida-de-la-juventud-femenina-de-usa\/"},"author":{"name":"admin","@id":"https:\/\/schoenstatt.com\/es\/#\/schema\/person\/489465b1850e7b216fe2c10dfc262551"},"headline":"Ver Sacrum Patris &#8211; Una corriente de vida de la Juventud Femenina de USA","datePublished":"2022-09-16T17:48:14+00:00","dateModified":"2025-05-15T16:14:34+00:00","mainEntityOfPage":{"@id":"https:\/\/schoenstatt.com\/es\/ver-sacrum-patris-una-corriente-de-vida-de-la-juventud-femenina-de-usa\/"},"wordCount":964,"publisher":{"@id":"https:\/\/schoenstatt.com\/es\/#organization"},"image":{"@id":"https:\/\/schoenstatt.com\/es\/ver-sacrum-patris-una-corriente-de-vida-de-la-juventud-femenina-de-usa\/#primaryimage"},"thumbnailUrl":"https:\/\/schoenstatt.com\/wp-content\/uploads\/2022\/09\/cover-photo-cropped-scaled-1.jpg","articleSection":["Espiritualidad","Juventud","Mujer"],"inLanguage":"es"},{"@type":"WebPage","@id":"https:\/\/schoenstatt.com\/es\/ver-sacrum-patris-una-corriente-de-vida-de-la-juventud-femenina-de-usa\/","url":"https:\/\/schoenstatt.com\/es\/ver-sacrum-patris-una-corriente-de-vida-de-la-juventud-femenina-de-usa\/","name":"Ver Sacrum Patris - Una corriente de vida de la Juventud Femenina de USA - Schoenstatt","isPartOf":{"@id":"https:\/\/schoenstatt.com\/es\/#website"},"primaryImageOfPage":{"@id":"https:\/\/schoenstatt.com\/es\/ver-sacrum-patris-una-corriente-de-vida-de-la-juventud-femenina-de-usa\/#primaryimage"},"image":{"@id":"https:\/\/schoenstatt.com\/es\/ver-sacrum-patris-una-corriente-de-vida-de-la-juventud-femenina-de-usa\/#primaryimage"},"thumbnailUrl":"https:\/\/schoenstatt.com\/wp-content\/uploads\/2022\/09\/cover-photo-cropped-scaled-1.jpg","datePublished":"2022-09-16T17:48:14+00:00","dateModified":"2025-05-15T16:14:34+00:00","description":"La Juventud Femenina de USA, celebr\u00f3 recientemente su Convenci\u00f3n anual de L\u00edderes para crecer en compa\u00f1erismo y elegir un esfuerzo com\u00fan.","breadcrumb":{"@id":"https:\/\/schoenstatt.com\/es\/ver-sacrum-patris-una-corriente-de-vida-de-la-juventud-femenina-de-usa\/#breadcrumb"},"inLanguage":"es","potentialAction":[{"@type":"ReadAction","target":["https:\/\/schoenstatt.com\/es\/ver-sacrum-patris-una-corriente-de-vida-de-la-juventud-femenina-de-usa\/"]}]},{"@type":"ImageObject","inLanguage":"es","@id":"https:\/\/schoenstatt.com\/es\/ver-sacrum-patris-una-corriente-de-vida-de-la-juventud-femenina-de-usa\/#primaryimage","url":"https:\/\/schoenstatt.com\/wp-content\/uploads\/2022\/09\/cover-photo-cropped-scaled-1.jpg","contentUrl":"https:\/\/schoenstatt.com\/wp-content\/uploads\/2022\/09\/cover-photo-cropped-scaled-1.jpg","width":2560,"height":1682,"caption":"Juventude Feminina"},{"@type":"BreadcrumbList","@id":"https:\/\/schoenstatt.com\/es\/ver-sacrum-patris-una-corriente-de-vida-de-la-juventud-femenina-de-usa\/#breadcrumb","itemListElement":[{"@type":"ListItem","position":1,"name":"Portada","item":"https:\/\/schoenstatt.com\/es\/home\/"},{"@type":"ListItem","position":2,"name":"Ver Sacrum Patris &#8211; Una corriente de vida de la Juventud Femenina de USA"}]},{"@type":"WebSite","@id":"https:\/\/schoenstatt.com\/es\/#website","url":"https:\/\/schoenstatt.com\/es\/","name":"Schoenstatt","description":"Apostolic Movement","publisher":{"@id":"https:\/\/schoenstatt.com\/es\/#organization"},"potentialAction":[{"@type":"SearchAction","target":{"@type":"EntryPoint","urlTemplate":"https:\/\/schoenstatt.com\/es\/?s={search_term_string}"},"query-input":{"@type":"PropertyValueSpecification","valueRequired":true,"valueName":"search_term_string"}}],"inLanguage":"es"},{"@type":"Organization","@id":"https:\/\/schoenstatt.com\/es\/#organization","name":"Schoenstatt","url":"https:\/\/schoenstatt.com\/es\/","logo":{"@type":"ImageObject","inLanguage":"es","@id":"https:\/\/schoenstatt.com\/es\/#\/schema\/logo\/image\/","url":"https:\/\/schoenstatt.com\/wp-content\/uploads\/2025\/04\/logo-schoenstatt-white-696x696-1.png","contentUrl":"https:\/\/schoenstatt.com\/wp-content\/uploads\/2025\/04\/logo-schoenstatt-white-696x696-1.png","width":696,"height":694,"caption":"Schoenstatt"},"image":{"@id":"https:\/\/schoenstatt.com\/es\/#\/schema\/logo\/image\/"}},{"@type":"Person","@id":"https:\/\/schoenstatt.com\/es\/#\/schema\/person\/489465b1850e7b216fe2c10dfc262551","name":"admin","image":{"@type":"ImageObject","inLanguage":"es","@id":"https:\/\/secure.gravatar.com\/avatar\/02e8345e1ec40ab0e0a2a98fdde64a684bbaf994cddcb778b25b8b024ee9dfe6?s=96&d=mm&r=g","url":"https:\/\/secure.gravatar.com\/avatar\/02e8345e1ec40ab0e0a2a98fdde64a684bbaf994cddcb778b25b8b024ee9dfe6?s=96&d=mm&r=g","contentUrl":"https:\/\/secure.gravatar.com\/avatar\/02e8345e1ec40ab0e0a2a98fdde64a684bbaf994cddcb778b25b8b024ee9dfe6?s=96&d=mm&r=g","caption":"admin"},"sameAs":["https:\/\/schoenstatt.com"],"url":"https:\/\/schoenstatt.com\/es\/author\/admin\/"}]}},"_links":{"self":[{"href":"https:\/\/schoenstatt.com\/es\/wp-json\/wp\/v2\/posts\/50999","targetHints":{"allow":["GET"]}}],"collection":[{"href":"https:\/\/schoenstatt.com\/es\/wp-json\/wp\/v2\/posts"}],"about":[{"href":"https:\/\/schoenstatt.com\/es\/wp-json\/wp\/v2\/types\/post"}],"author":[{"embeddable":true,"href":"https:\/\/schoenstatt.com\/es\/wp-json\/wp\/v2\/users\/1"}],"replies":[{"embeddable":true,"href":"https:\/\/schoenstatt.com\/es\/wp-json\/wp\/v2\/comments?post=50999"}],"version-history":[{"count":1,"href":"https:\/\/schoenstatt.com\/es\/wp-json\/wp\/v2\/posts\/50999\/revisions"}],"predecessor-version":[{"id":51147,"href":"https:\/\/schoenstatt.com\/es\/wp-json\/wp\/v2\/posts\/50999\/revisions\/51147"}],"wp:featuredmedia":[{"embeddable":true,"href":"https:\/\/schoenstatt.com\/es\/wp-json\/wp\/v2\/media\/26908"}],"wp:attachment":[{"href":"https:\/\/schoenstatt.com\/es\/wp-json\/wp\/v2\/media?parent=50999"}],"wp:term":[{"taxonomy":"category","embeddable":true,"href":"https:\/\/schoenstatt.com\/es\/wp-json\/wp\/v2\/categories?post=50999"},{"taxonomy":"post_tag","embeddable":true,"href":"https:\/\/schoenstatt.com\/es\/wp-json\/wp\/v2\/tags?post=50999"}],"curies":[{"name":"wp","href":"https:\/\/api.w.org\/{rel}","templated":true}]}}