{"id":50997,"date":"2022-09-15T13:59:21","date_gmt":"2022-09-15T11:59:21","guid":{"rendered":"https:\/\/schoenstattdev.wpenginepowered.com\/?p=26939"},"modified":"2025-05-15T01:42:16","modified_gmt":"2025-05-14T23:42:16","slug":"el-padre-kentenich-testimonio-de-la-audacia-de-la-confianza","status":"publish","type":"post","link":"https:\/\/schoenstatt.com\/es\/el-padre-kentenich-testimonio-de-la-audacia-de-la-confianza\/","title":{"rendered":"El Padre Kentenich, testimonio  de la audacia de la CONFIANZA"},"content":{"rendered":"<h3>15 de septiembre de 1968<\/h3>\n<p>15 de septiembre de 1968. Despu\u00e9s de una larga vida dedicada a la Obra y a la misi\u00f3n que Dios le hab\u00eda confiado, el Padre Jos\u00e9 Kentenich parti\u00f3 a la eternidad. En la fe, creemos que est\u00e1 con Dios, y en Dios, permanece con nosotros. Permanece con nosotros en la Obra que fund\u00f3, con sus ense\u00f1anzas, su ejemplo, su testimonio. \u00a1Un testimonio de la audacia de la CONFIANZA!<\/p>\n<p>Nos ense\u00f1\u00f3 que \u00ab\u00a1<em><strong>El ser ni\u00f1os ante Dios es el camino al cielo! La filialidad es simplemente el camino para superar los problemas de nuestro tiempo<\/strong><\/em>\u00ab[1].<\/p>\n<p>Si observamos su bendita vida sacerdotal -que no estuvo exenta de sacrificios, privaciones y sufrimientos-, veremos c\u00f3mo fue el hijo que se confi\u00f3 enteramente a los cuidados divinos, arroj\u00e1ndose sin miedo a los brazos del Padre.<\/p>\n<p><img fetchpriority=\"high\" decoding=\"async\" class=\"alignnone wp-image-26936 size-full\" src=\"https:\/\/schoenstatt.com\/wp-content\/uploads\/2022\/09\/IMG-0777-scaled-1.jpg\" alt=\"Padre Jos\u00e9 Kentenich\" width=\"1920\" height=\"2560\" \/><\/p>\n<h3>El <a href=\"https:\/\/schoenstattdev.wpenginepowered.com\/es\/acerca-de\/fundador\/\">P. Kentenich<\/a> vivi\u00f3 una confianza profunda en Dios<\/h3>\n<p>El P. Kentenich vivi\u00f3 con la m\u00e1s profunda confianza, incluso en el infierno del campo de concentraci\u00f3n de Dachau. \u00c9l dijo una vez en una de sus giras mundiales: \u00abNo conoc\u00ed el m\u00e1s m\u00ednimo miedo. Esto es bastante comprensible: \u00a1lo hab\u00eda regalado todo! Esta actitud requiere cierta audacia. El desprendimiento interior de las cosas nos hace encontrar la medida justa, que no muestra el menor temor. Tampoco sent\u00ed miedo en mi coraz\u00f3n. Pens\u00e9: todo lo que pasa en el Campo de concentraci\u00f3n no tiene importancia, no es lo esencial de las cosas. Lo central es el desprendimiento total de uno mismo y el abandono radical en Dios. Esto constituye la personalidad libre [&#8230;].<\/p>\n<blockquote><p>\u00a0\u00bfDe d\u00f3nde viene esta victoria? La fuente es la conciencia de instrumento y el desapego a todo. Despu\u00e9s de haberme desprendido de todo: de las personas, del \u00e9xito, de la existencia de la Familia, no me quedaba m\u00e1s que la convicci\u00f3n: ahora voy a encontrarme con una \u00e9poca de maravillas, con la magnificencia divina, como nunca antes lo he experimentado\u00bb.<\/p><\/blockquote>\n<p>Desde la eternidad, quiere mostrarnos que la seguridad \u00faltima est\u00e1 en Dios, nuestro Padre.\u00a0 Nos ense\u00f1\u00f3 con su vida que la filialidad es la condici\u00f3n para alcanzar la confianza victoriosa.<\/p>\n<p>En este d\u00eda de su muerte, damos gracias por el ejemplo de su vida y pedimos al P. Kentenich que interceda ante Dios por las preocupaciones y aflicciones de todas las personas que hablan con nosotros o que peregrinan a un santuario de Schoenstatt.<\/p>\n<blockquote><p>\u00a1Que nosotros tambi\u00e9n seamos hijos sencillos y osados de un padre que vivi\u00f3 la OSCURIDAD DE LA CONFIANZA!<\/p><\/blockquote>\n<p>[1] Kentenich, Joseph. Ser hijo ante Dios, vol. 1, p. 38<\/p>\n<p>Fuente: <a href=\"https:\/\/www.s-ms.org\/\">s-ms.org<\/a><\/p>\n","protected":false},"excerpt":{"rendered":"<p>15 de septiembre de 1968. Despu\u00e9s de una larga vida dedicada a la Obra y a la misi\u00f3n que Dios le hab\u00eda confiado, el Padre Jos\u00e9 Kentenich parti\u00f3 a la eternidad.<\/p>\n","protected":false},"author":1,"featured_media":26929,"comment_status":"closed","ping_status":"closed","sticky":false,"template":"","format":"standard","meta":{"footnotes":""},"categories":[917],"tags":[],"class_list":["post-50997","post","type-post","status-publish","format-standard","has-post-thumbnail","hentry","category-espiritualidad-es"],"yoast_head":"<!-- This site is optimized with the Yoast SEO Premium plugin v27.4 (Yoast SEO v27.4) - https:\/\/yoast.com\/product\/yoast-seo-premium-wordpress\/ -->\n<title>El Padre Kentenich, testimonio de la audacia de la CONFIANZA - Schoenstatt<\/title>\n<meta name=\"description\" content=\"15 de septiembre de 1968. Despu\u00e9s de una vida dedicada a la Obra que Dios le hab\u00eda confiado, el Padre Jos\u00e9 Kentenich parti\u00f3 a la eternidad.\" \/>\n<meta name=\"robots\" content=\"index, follow, max-snippet:-1, max-image-preview:large, max-video-preview:-1\" \/>\n<link rel=\"canonical\" href=\"https:\/\/schoenstatt.com\/es\/el-padre-kentenich-testimonio-de-la-audacia-de-la-confianza\/\" \/>\n<meta property=\"og:locale\" content=\"es_ES\" \/>\n<meta property=\"og:type\" content=\"article\" \/>\n<meta property=\"og:title\" content=\"El Padre Kentenich, testimonio de la audacia de la CONFIANZA\" \/>\n<meta property=\"og:description\" content=\"15 de septiembre de 1968. Despu\u00e9s de una vida dedicada a la Obra que Dios le hab\u00eda confiado, el Padre Jos\u00e9 Kentenich parti\u00f3 a la eternidad.\" \/>\n<meta property=\"og:url\" content=\"https:\/\/schoenstatt.com\/es\/el-padre-kentenich-testimonio-de-la-audacia-de-la-confianza\/\" \/>\n<meta property=\"og:site_name\" content=\"Schoenstatt\" \/>\n<meta property=\"article:published_time\" content=\"2022-09-15T11:59:21+00:00\" \/>\n<meta property=\"article:modified_time\" content=\"2025-05-14T23:42:16+00:00\" \/>\n<meta property=\"og:image\" content=\"https:\/\/schoenstatt.com\/wp-content\/uploads\/2022\/09\/Father-1.png\" \/>\n\t<meta property=\"og:image:width\" content=\"598\" \/>\n\t<meta property=\"og:image:height\" content=\"517\" \/>\n\t<meta property=\"og:image:type\" content=\"image\/png\" \/>\n<meta name=\"author\" content=\"admin\" \/>\n<meta name=\"twitter:card\" content=\"summary_large_image\" \/>\n<meta name=\"twitter:label1\" content=\"Escrito por\" \/>\n\t<meta name=\"twitter:data1\" content=\"admin\" \/>\n\t<meta name=\"twitter:label2\" content=\"Tiempo de lectura\" \/>\n\t<meta name=\"twitter:data2\" content=\"3 minutos\" \/>\n<script type=\"application\/ld+json\" class=\"yoast-schema-graph\">{\"@context\":\"https:\\\/\\\/schema.org\",\"@graph\":[{\"@type\":\"Article\",\"@id\":\"https:\\\/\\\/schoenstatt.com\\\/es\\\/el-padre-kentenich-testimonio-de-la-audacia-de-la-confianza\\\/#article\",\"isPartOf\":{\"@id\":\"https:\\\/\\\/schoenstatt.com\\\/es\\\/el-padre-kentenich-testimonio-de-la-audacia-de-la-confianza\\\/\"},\"author\":{\"name\":\"admin\",\"@id\":\"https:\\\/\\\/schoenstatt.com\\\/es\\\/#\\\/schema\\\/person\\\/489465b1850e7b216fe2c10dfc262551\"},\"headline\":\"El Padre Kentenich, testimonio de la audacia de la CONFIANZA\",\"datePublished\":\"2022-09-15T11:59:21+00:00\",\"dateModified\":\"2025-05-14T23:42:16+00:00\",\"mainEntityOfPage\":{\"@id\":\"https:\\\/\\\/schoenstatt.com\\\/es\\\/el-padre-kentenich-testimonio-de-la-audacia-de-la-confianza\\\/\"},\"wordCount\":446,\"publisher\":{\"@id\":\"https:\\\/\\\/schoenstatt.com\\\/es\\\/#organization\"},\"image\":{\"@id\":\"https:\\\/\\\/schoenstatt.com\\\/es\\\/el-padre-kentenich-testimonio-de-la-audacia-de-la-confianza\\\/#primaryimage\"},\"thumbnailUrl\":\"https:\\\/\\\/schoenstatt.com\\\/wp-content\\\/uploads\\\/2022\\\/09\\\/Father-1.png\",\"articleSection\":[\"Espiritualidad\"],\"inLanguage\":\"es\"},{\"@type\":\"WebPage\",\"@id\":\"https:\\\/\\\/schoenstatt.com\\\/es\\\/el-padre-kentenich-testimonio-de-la-audacia-de-la-confianza\\\/\",\"url\":\"https:\\\/\\\/schoenstatt.com\\\/es\\\/el-padre-kentenich-testimonio-de-la-audacia-de-la-confianza\\\/\",\"name\":\"El Padre Kentenich, testimonio de la audacia de la CONFIANZA - Schoenstatt\",\"isPartOf\":{\"@id\":\"https:\\\/\\\/schoenstatt.com\\\/es\\\/#website\"},\"primaryImageOfPage\":{\"@id\":\"https:\\\/\\\/schoenstatt.com\\\/es\\\/el-padre-kentenich-testimonio-de-la-audacia-de-la-confianza\\\/#primaryimage\"},\"image\":{\"@id\":\"https:\\\/\\\/schoenstatt.com\\\/es\\\/el-padre-kentenich-testimonio-de-la-audacia-de-la-confianza\\\/#primaryimage\"},\"thumbnailUrl\":\"https:\\\/\\\/schoenstatt.com\\\/wp-content\\\/uploads\\\/2022\\\/09\\\/Father-1.png\",\"datePublished\":\"2022-09-15T11:59:21+00:00\",\"dateModified\":\"2025-05-14T23:42:16+00:00\",\"description\":\"15 de septiembre de 1968. Despu\u00e9s de una vida dedicada a la Obra que Dios le hab\u00eda confiado, el Padre Jos\u00e9 Kentenich parti\u00f3 a la eternidad.\",\"breadcrumb\":{\"@id\":\"https:\\\/\\\/schoenstatt.com\\\/es\\\/el-padre-kentenich-testimonio-de-la-audacia-de-la-confianza\\\/#breadcrumb\"},\"inLanguage\":\"es\",\"potentialAction\":[{\"@type\":\"ReadAction\",\"target\":[\"https:\\\/\\\/schoenstatt.com\\\/es\\\/el-padre-kentenich-testimonio-de-la-audacia-de-la-confianza\\\/\"]}]},{\"@type\":\"ImageObject\",\"inLanguage\":\"es\",\"@id\":\"https:\\\/\\\/schoenstatt.com\\\/es\\\/el-padre-kentenich-testimonio-de-la-audacia-de-la-confianza\\\/#primaryimage\",\"url\":\"https:\\\/\\\/schoenstatt.com\\\/wp-content\\\/uploads\\\/2022\\\/09\\\/Father-1.png\",\"contentUrl\":\"https:\\\/\\\/schoenstatt.com\\\/wp-content\\\/uploads\\\/2022\\\/09\\\/Father-1.png\",\"width\":598,\"height\":517,\"caption\":\"Father\"},{\"@type\":\"BreadcrumbList\",\"@id\":\"https:\\\/\\\/schoenstatt.com\\\/es\\\/el-padre-kentenich-testimonio-de-la-audacia-de-la-confianza\\\/#breadcrumb\",\"itemListElement\":[{\"@type\":\"ListItem\",\"position\":1,\"name\":\"Portada\",\"item\":\"https:\\\/\\\/schoenstatt.com\\\/es\\\/home\\\/\"},{\"@type\":\"ListItem\",\"position\":2,\"name\":\"El Padre Kentenich, testimonio de la audacia de la CONFIANZA\"}]},{\"@type\":\"WebSite\",\"@id\":\"https:\\\/\\\/schoenstatt.com\\\/es\\\/#website\",\"url\":\"https:\\\/\\\/schoenstatt.com\\\/es\\\/\",\"name\":\"Schoenstatt\",\"description\":\"Apostolic Movement\",\"publisher\":{\"@id\":\"https:\\\/\\\/schoenstatt.com\\\/es\\\/#organization\"},\"potentialAction\":[{\"@type\":\"SearchAction\",\"target\":{\"@type\":\"EntryPoint\",\"urlTemplate\":\"https:\\\/\\\/schoenstatt.com\\\/es\\\/?s={search_term_string}\"},\"query-input\":{\"@type\":\"PropertyValueSpecification\",\"valueRequired\":true,\"valueName\":\"search_term_string\"}}],\"inLanguage\":\"es\"},{\"@type\":\"Organization\",\"@id\":\"https:\\\/\\\/schoenstatt.com\\\/es\\\/#organization\",\"name\":\"Schoenstatt\",\"url\":\"https:\\\/\\\/schoenstatt.com\\\/es\\\/\",\"logo\":{\"@type\":\"ImageObject\",\"inLanguage\":\"es\",\"@id\":\"https:\\\/\\\/schoenstatt.com\\\/es\\\/#\\\/schema\\\/logo\\\/image\\\/\",\"url\":\"https:\\\/\\\/schoenstatt.com\\\/wp-content\\\/uploads\\\/2025\\\/04\\\/logo-schoenstatt-white-696x696-1.png\",\"contentUrl\":\"https:\\\/\\\/schoenstatt.com\\\/wp-content\\\/uploads\\\/2025\\\/04\\\/logo-schoenstatt-white-696x696-1.png\",\"width\":696,\"height\":694,\"caption\":\"Schoenstatt\"},\"image\":{\"@id\":\"https:\\\/\\\/schoenstatt.com\\\/es\\\/#\\\/schema\\\/logo\\\/image\\\/\"}},{\"@type\":\"Person\",\"@id\":\"https:\\\/\\\/schoenstatt.com\\\/es\\\/#\\\/schema\\\/person\\\/489465b1850e7b216fe2c10dfc262551\",\"name\":\"admin\",\"image\":{\"@type\":\"ImageObject\",\"inLanguage\":\"es\",\"@id\":\"https:\\\/\\\/secure.gravatar.com\\\/avatar\\\/02e8345e1ec40ab0e0a2a98fdde64a684bbaf994cddcb778b25b8b024ee9dfe6?s=96&d=mm&r=g\",\"url\":\"https:\\\/\\\/secure.gravatar.com\\\/avatar\\\/02e8345e1ec40ab0e0a2a98fdde64a684bbaf994cddcb778b25b8b024ee9dfe6?s=96&d=mm&r=g\",\"contentUrl\":\"https:\\\/\\\/secure.gravatar.com\\\/avatar\\\/02e8345e1ec40ab0e0a2a98fdde64a684bbaf994cddcb778b25b8b024ee9dfe6?s=96&d=mm&r=g\",\"caption\":\"admin\"},\"sameAs\":[\"https:\\\/\\\/schoenstatt.com\"],\"url\":\"https:\\\/\\\/schoenstatt.com\\\/es\\\/author\\\/admin\\\/\"}]}<\/script>\n<!-- \/ Yoast SEO Premium plugin. -->","yoast_head_json":{"title":"El Padre Kentenich, testimonio de la audacia de la CONFIANZA - Schoenstatt","description":"15 de septiembre de 1968. Despu\u00e9s de una vida dedicada a la Obra que Dios le hab\u00eda confiado, el Padre Jos\u00e9 Kentenich parti\u00f3 a la eternidad.","robots":{"index":"index","follow":"follow","max-snippet":"max-snippet:-1","max-image-preview":"max-image-preview:large","max-video-preview":"max-video-preview:-1"},"canonical":"https:\/\/schoenstatt.com\/es\/el-padre-kentenich-testimonio-de-la-audacia-de-la-confianza\/","og_locale":"es_ES","og_type":"article","og_title":"El Padre Kentenich, testimonio de la audacia de la CONFIANZA","og_description":"15 de septiembre de 1968. Despu\u00e9s de una vida dedicada a la Obra que Dios le hab\u00eda confiado, el Padre Jos\u00e9 Kentenich parti\u00f3 a la eternidad.","og_url":"https:\/\/schoenstatt.com\/es\/el-padre-kentenich-testimonio-de-la-audacia-de-la-confianza\/","og_site_name":"Schoenstatt","article_published_time":"2022-09-15T11:59:21+00:00","article_modified_time":"2025-05-14T23:42:16+00:00","og_image":[{"width":598,"height":517,"url":"https:\/\/schoenstatt.com\/wp-content\/uploads\/2022\/09\/Father-1.png","type":"image\/png"}],"author":"admin","twitter_card":"summary_large_image","twitter_misc":{"Escrito por":"admin","Tiempo de lectura":"3 minutos"},"schema":{"@context":"https:\/\/schema.org","@graph":[{"@type":"Article","@id":"https:\/\/schoenstatt.com\/es\/el-padre-kentenich-testimonio-de-la-audacia-de-la-confianza\/#article","isPartOf":{"@id":"https:\/\/schoenstatt.com\/es\/el-padre-kentenich-testimonio-de-la-audacia-de-la-confianza\/"},"author":{"name":"admin","@id":"https:\/\/schoenstatt.com\/es\/#\/schema\/person\/489465b1850e7b216fe2c10dfc262551"},"headline":"El Padre Kentenich, testimonio de la audacia de la CONFIANZA","datePublished":"2022-09-15T11:59:21+00:00","dateModified":"2025-05-14T23:42:16+00:00","mainEntityOfPage":{"@id":"https:\/\/schoenstatt.com\/es\/el-padre-kentenich-testimonio-de-la-audacia-de-la-confianza\/"},"wordCount":446,"publisher":{"@id":"https:\/\/schoenstatt.com\/es\/#organization"},"image":{"@id":"https:\/\/schoenstatt.com\/es\/el-padre-kentenich-testimonio-de-la-audacia-de-la-confianza\/#primaryimage"},"thumbnailUrl":"https:\/\/schoenstatt.com\/wp-content\/uploads\/2022\/09\/Father-1.png","articleSection":["Espiritualidad"],"inLanguage":"es"},{"@type":"WebPage","@id":"https:\/\/schoenstatt.com\/es\/el-padre-kentenich-testimonio-de-la-audacia-de-la-confianza\/","url":"https:\/\/schoenstatt.com\/es\/el-padre-kentenich-testimonio-de-la-audacia-de-la-confianza\/","name":"El Padre Kentenich, testimonio de la audacia de la CONFIANZA - Schoenstatt","isPartOf":{"@id":"https:\/\/schoenstatt.com\/es\/#website"},"primaryImageOfPage":{"@id":"https:\/\/schoenstatt.com\/es\/el-padre-kentenich-testimonio-de-la-audacia-de-la-confianza\/#primaryimage"},"image":{"@id":"https:\/\/schoenstatt.com\/es\/el-padre-kentenich-testimonio-de-la-audacia-de-la-confianza\/#primaryimage"},"thumbnailUrl":"https:\/\/schoenstatt.com\/wp-content\/uploads\/2022\/09\/Father-1.png","datePublished":"2022-09-15T11:59:21+00:00","dateModified":"2025-05-14T23:42:16+00:00","description":"15 de septiembre de 1968. Despu\u00e9s de una vida dedicada a la Obra que Dios le hab\u00eda confiado, el Padre Jos\u00e9 Kentenich parti\u00f3 a la eternidad.","breadcrumb":{"@id":"https:\/\/schoenstatt.com\/es\/el-padre-kentenich-testimonio-de-la-audacia-de-la-confianza\/#breadcrumb"},"inLanguage":"es","potentialAction":[{"@type":"ReadAction","target":["https:\/\/schoenstatt.com\/es\/el-padre-kentenich-testimonio-de-la-audacia-de-la-confianza\/"]}]},{"@type":"ImageObject","inLanguage":"es","@id":"https:\/\/schoenstatt.com\/es\/el-padre-kentenich-testimonio-de-la-audacia-de-la-confianza\/#primaryimage","url":"https:\/\/schoenstatt.com\/wp-content\/uploads\/2022\/09\/Father-1.png","contentUrl":"https:\/\/schoenstatt.com\/wp-content\/uploads\/2022\/09\/Father-1.png","width":598,"height":517,"caption":"Father"},{"@type":"BreadcrumbList","@id":"https:\/\/schoenstatt.com\/es\/el-padre-kentenich-testimonio-de-la-audacia-de-la-confianza\/#breadcrumb","itemListElement":[{"@type":"ListItem","position":1,"name":"Portada","item":"https:\/\/schoenstatt.com\/es\/home\/"},{"@type":"ListItem","position":2,"name":"El Padre Kentenich, testimonio de la audacia de la CONFIANZA"}]},{"@type":"WebSite","@id":"https:\/\/schoenstatt.com\/es\/#website","url":"https:\/\/schoenstatt.com\/es\/","name":"Schoenstatt","description":"Apostolic Movement","publisher":{"@id":"https:\/\/schoenstatt.com\/es\/#organization"},"potentialAction":[{"@type":"SearchAction","target":{"@type":"EntryPoint","urlTemplate":"https:\/\/schoenstatt.com\/es\/?s={search_term_string}"},"query-input":{"@type":"PropertyValueSpecification","valueRequired":true,"valueName":"search_term_string"}}],"inLanguage":"es"},{"@type":"Organization","@id":"https:\/\/schoenstatt.com\/es\/#organization","name":"Schoenstatt","url":"https:\/\/schoenstatt.com\/es\/","logo":{"@type":"ImageObject","inLanguage":"es","@id":"https:\/\/schoenstatt.com\/es\/#\/schema\/logo\/image\/","url":"https:\/\/schoenstatt.com\/wp-content\/uploads\/2025\/04\/logo-schoenstatt-white-696x696-1.png","contentUrl":"https:\/\/schoenstatt.com\/wp-content\/uploads\/2025\/04\/logo-schoenstatt-white-696x696-1.png","width":696,"height":694,"caption":"Schoenstatt"},"image":{"@id":"https:\/\/schoenstatt.com\/es\/#\/schema\/logo\/image\/"}},{"@type":"Person","@id":"https:\/\/schoenstatt.com\/es\/#\/schema\/person\/489465b1850e7b216fe2c10dfc262551","name":"admin","image":{"@type":"ImageObject","inLanguage":"es","@id":"https:\/\/secure.gravatar.com\/avatar\/02e8345e1ec40ab0e0a2a98fdde64a684bbaf994cddcb778b25b8b024ee9dfe6?s=96&d=mm&r=g","url":"https:\/\/secure.gravatar.com\/avatar\/02e8345e1ec40ab0e0a2a98fdde64a684bbaf994cddcb778b25b8b024ee9dfe6?s=96&d=mm&r=g","contentUrl":"https:\/\/secure.gravatar.com\/avatar\/02e8345e1ec40ab0e0a2a98fdde64a684bbaf994cddcb778b25b8b024ee9dfe6?s=96&d=mm&r=g","caption":"admin"},"sameAs":["https:\/\/schoenstatt.com"],"url":"https:\/\/schoenstatt.com\/es\/author\/admin\/"}]}},"_links":{"self":[{"href":"https:\/\/schoenstatt.com\/es\/wp-json\/wp\/v2\/posts\/50997","targetHints":{"allow":["GET"]}}],"collection":[{"href":"https:\/\/schoenstatt.com\/es\/wp-json\/wp\/v2\/posts"}],"about":[{"href":"https:\/\/schoenstatt.com\/es\/wp-json\/wp\/v2\/types\/post"}],"author":[{"embeddable":true,"href":"https:\/\/schoenstatt.com\/es\/wp-json\/wp\/v2\/users\/1"}],"replies":[{"embeddable":true,"href":"https:\/\/schoenstatt.com\/es\/wp-json\/wp\/v2\/comments?post=50997"}],"version-history":[{"count":1,"href":"https:\/\/schoenstatt.com\/es\/wp-json\/wp\/v2\/posts\/50997\/revisions"}],"predecessor-version":[{"id":51139,"href":"https:\/\/schoenstatt.com\/es\/wp-json\/wp\/v2\/posts\/50997\/revisions\/51139"}],"wp:featuredmedia":[{"embeddable":true,"href":"https:\/\/schoenstatt.com\/es\/wp-json\/wp\/v2\/media\/26929"}],"wp:attachment":[{"href":"https:\/\/schoenstatt.com\/es\/wp-json\/wp\/v2\/media?parent=50997"}],"wp:term":[{"taxonomy":"category","embeddable":true,"href":"https:\/\/schoenstatt.com\/es\/wp-json\/wp\/v2\/categories?post=50997"},{"taxonomy":"post_tag","embeddable":true,"href":"https:\/\/schoenstatt.com\/es\/wp-json\/wp\/v2\/tags?post=50997"}],"curies":[{"name":"wp","href":"https:\/\/api.w.org\/{rel}","templated":true}]}}