{"id":50983,"date":"2022-09-03T22:10:09","date_gmt":"2022-09-03T20:10:09","guid":{"rendered":"https:\/\/schoenstattdev.wpenginepowered.com\/?p=26685"},"modified":"2025-05-15T01:42:20","modified_gmt":"2025-05-14T23:42:20","slug":"humildad-significa-servicio","status":"publish","type":"post","link":"https:\/\/schoenstatt.com\/es\/humildad-significa-servicio\/","title":{"rendered":"Humildad significa servicio"},"content":{"rendered":"<p><em>\u00abUn s\u00e1bado Jes\u00fas fue a comer a la casa de uno de los fariseos m\u00e1s importantes, y ellos lo observaban. Jes\u00fas not\u00f3 que los invitados trataban de ocupar los puestos de honor, por lo que les dio esta lecci\u00f3n: Cuando alguien te invite a un banquete de bodas, no escojas el mejor lugar. Puede ocurrir que haya sido invitado otro m\u00e1s importante que t\u00fa, y el que los invit\u00f3 a los dos venga y te diga: Deja tu lugar a esta persona. Y con gran verg\u00fcenza tendr\u00e1s que ir a ocupar el \u00faltimo lugar.<\/em><\/p>\n<p><em>Al contrario, cuando te inviten, ponte en el \u00faltimo lugar y as\u00ed, cuando llegue el que te invit\u00f3, te dir\u00e1: Amigo, ven m\u00e1s arriba. Esto ser\u00e1 un gran honor para ti ante los dem\u00e1s invitados. Porque el que se ensalza ser\u00e1 humillado y el que se humilla ser\u00e1 ensalzado.\u00bb Jes\u00fas dijo tambi\u00e9n al que lo hab\u00eda invitado: \u00abCuando des un almuerzo o una comida, no invites a tus amigos, hermanos, parientes o vecinos ricos, porque ellos a su vez te invitar\u00e1n a ti y as\u00ed quedar\u00e1s compensado. Cuando des un banquete, invita m\u00e1s bien a los pobres, a los inv\u00e1lidos, a los cojos y a los ciegos. \u00a1Qu\u00e9 suerte para ti, si ellos no pueden compensarte! Pues tu recompensa la recibir\u00e1s en la resurrecci\u00f3n de los justos.\u00bb <a href=\"https:\/\/www.vatican.va\/archive\/ESL0506\/_PVW.HTM\">(Lucas 14,1; 7-14)<\/a><\/em><\/p>\n<h3>Carrera por los mejores asientos<\/h3>\n<p>Queridas hermanas, queridos hermanos, conocemos la carrera por los mejores asientos. Tal vez no tan espectaculares como aqu\u00ed en la boda, pero cuando se trata de conciertos, deportes o lo que sea, quieres tener un asiento donde puedas ver lo que sucede y donde est\u00e9s justo en el centro.<\/p>\n<p>Lo experimento constantemente, porque vivo en Roma. La gente me pregunta: \u00bfD\u00f3nde hay que estar en la Plaza de San Pedro para poder ver mejor al Papa? Y luego tambi\u00e9n est\u00e1 la pugna, incluso en los lugares sagrados: se quiere tener el mejor lugar. Y entonces leemos aqu\u00ed, s\u00ed, no debe ser as\u00ed con ustedes los cristianos; permanezcan humildes, tomen el \u00faltimo lugar, o como acabamos de escuchar, hagan lugar para este. Hazle sitio al otro.<\/p>\n<h3>Los primeros en servir<\/h3>\n<p>Cuando le\u00ed esto, pens\u00e9 en la elevaci\u00f3n de los cardenales este fin de semana y me llam\u00f3 la atenci\u00f3n que entre los que ahora tienen los \u00abmejores asientos\u00bb, los cardenales deben ser los primeros en servir.<\/p>\n<figure id=\"attachment_26653\" aria-describedby=\"caption-attachment-26653\" style=\"width: 750px\" class=\"wp-caption aligncenter\"><img fetchpriority=\"high\" decoding=\"async\" class=\"size-full wp-image-26656\" src=\"https:\/\/schoenstatt.com\/wp-content\/uploads\/2022\/09\/Cardenales-en-Roma-1.jpeg\" alt=\"Demut\" width=\"750\" height=\"422\" \/><figcaption id=\"caption-attachment-26653\" class=\"wp-caption-text\">Foto: Vatican media<\/figcaption><\/figure>\n<p>Esos asientos no son los mejores para el Papa Francisco, \u00e9l ve las cosas de manera un poco diferente. Ayer en su homil\u00eda habl\u00f3 principalmente de servicio. Tambi\u00e9n los cardenales deben ser los primeros, cuando se trata de servir. El color rojo se debe en realidad a la disposici\u00f3n al martirio por Cristo. Se supone que son los primeros en estar dispuestos a morir por Cristo.<\/p>\n<h3>El cardenal m\u00e1s j\u00f3ven del mundo vive en Mongolia<\/h3>\n<p>Entre ellos se encuentra un cardenal, el m\u00e1s joven, de 48 a\u00f1os, el padre Giorgio Marengo, de Italia, que vive en Mongolia. Este es un s\u00edmbolo de este proceso. Probablemente tiene el primer lugar en Mongolia. Ustedes saben aproximadamente donde est\u00e1. Hay 3 millones de habitantes y hay 1500 cat\u00f3licos. Y el jefe de estos 1500 cat\u00f3licos pasa a ser un cardenal y no los obispos de las grandes ciudades del mundo.<\/p>\n<p>Por supuesto, el obispo ha sido entrevistado sin descanso. Se puede leer en todas partes, y habla de la humildad que esto significa para \u00e9l. Y habla de estar abierto al di\u00e1logo, ocupando el \u00faltimo lugar, y de que como \u00e9l, 1500 cat\u00f3licos quieren estar al servicio de los 3 millones de habitantes en Mongolia. Eso tiene que ver con el Evangelio de hoy, que alguien en quien nadie piensa realmente, en la periferia del mundo, es elevado al rango de cardenal.<\/p>\n<h3>Y nosotros\u2026 \u00bfbuscamos los primeros lugares?<\/h3>\n<p>Ahora, cuando pensamos en nosotros mismos, se trata de la <a href=\"https:\/\/schoenstattdev.wpenginepowered.com\/es\/acerca-de\/espiritualidad\/santidad-cotidiana\/\">vida cotidiana<\/a>. \u00bfBuscamos los mejores lugares? \u00bfQueremos el primer lugar? \u00bfO queremos simplemente ser humilde, tomando el lugar m\u00e1s bajo, para hacer espacio para los dem\u00e1s, como acabamos de escuchar?: \u00abhacer espacio para este\u00bb.<\/p>\n<p>\u00bfNo es cierto que estamos tan atiborrados de todo tipo de cosas, que nuestros corazones est\u00e1n atiborrados de pensamientos, nuestros armarios est\u00e1n atiborrados de ropa y otras cosas, que nuestros tel\u00e9fonos m\u00f3viles est\u00e1n atiborrados de comunicaci\u00f3n, de modo que no tenemos espacio para lo que viene?<\/p>\n<h3>Hacer lugar para el otro<\/h3>\n<p>El otro d\u00eda, alguien me dijo: \u00abAhora he borrado Facebook de mi ordenador, porque me doy cuenta de que todo eso me determina demasiado y que ya no tengo espacio para dedicarme a las cosas de verdad\u00bb.<\/p>\n<p>A veces me siento as\u00ed cuando visito a las familias y les traigo algo a los ni\u00f1os, est\u00e1n contentos, un breve brillo en los ojos y luego la cosa vuela hacia el rinc\u00f3n. S\u00ed, tienen tanto; no hay m\u00e1s espacio para lo que acaba de traer el nuevo hu\u00e9sped. As\u00ed que creo que eso podr\u00eda significar para nosotros, ocupar el lugar m\u00e1s bajo, practicar la humildad significa hacer lugar y liberarnos de todo aquello de lo que estamos tan llenos, que nuestra sociedad est\u00e1 tan llena.<\/p>\n<p>Poder recibir a alguien, tener atenci\u00f3n para algo, para alguien, incluso recibir a Dios conmigo, a veces incluso siendo buenos cat\u00f3licos uno no tiene m\u00e1s tiempo ni espacio. \u00abSolo los humildes pueden recibir un regalo\u00bb, nos dice el Evangelio, solo los que tienen poco pueden alegrarse inmensamente por un pu\u00f1ado de arroz en estos pa\u00edses donde la supervivencia est\u00e1 en juego, porque pueden aceptar este regalo en la experiencia de la humildad interior.<\/p>\n<p>El Evangelio dice que hay que hacer sitio, que hay que hacer sitio, quiz\u00e1s tambi\u00e9n en mi propia casa. El Evangelio me motiva a hacer un poco de sitio en mi casa para que puedan entrar otras cosas; a hacer sitio en mi coraz\u00f3n, liber\u00e1ndome de tantas cosas, para que yo tenga sitio para dar a otras personas la oportunidad de tener un hogar en m\u00ed.<\/p>\n<h3>Humildad significa decirle a Dios: T\u00fa eres lo esencial<\/h3>\n<p>La humildad no es posible sin la limpieza. Si lo miramos espiritual y religiosamente, humildad significa, en realidad, valor para servir, coraje para servir; esto est\u00e1 relacionado con el hecho de que me experimento como criatura en relaci\u00f3n con el Creador. Entonces, vengo de Dios, vengo del Creador, que es el primero y es todo, y quiero servirle con mi vida. Ese es el profundo significado de la humildad.<\/p>\n<p>Humildad significa la actitud interior hacia Dios: T\u00fa eres lo esencial, T\u00fa eres el amor, T\u00fa eres la fuerza, T\u00fa eres el poder; y yo quiero dirigirme a ti, quiero darte espacio: quiero darte espacio, buen Dios, quiero hacerte sitio en mi vida, en mis ocupaciones, en lo que me impulsa; y si te hago sitio, entonces T\u00fa har\u00e1s de m\u00ed y de mi coraz\u00f3n un peque\u00f1o para\u00edso a trav\u00e9s de tu presencia.<\/p>\n<p>Donde podamos practicar esto, estaremos en el lugar correcto: con Mar\u00eda. Creo que Mar\u00eda y las experiencias aqu\u00ed con el santuario nos aclaran una y otra vez: Mar\u00eda, ese es el lugar de aprendizaje para una sana humildad.<\/p>\n<h3>El coraz\u00f3n de Mar\u00eda es un coraz\u00f3n plenamente humilde<\/h3>\n<p>Enseguida me viene a la mente el Magnificat: s\u00ed, los arrogantes -la arrogancia, que es lo contrario de la humildad- son dispersados; los poderosos son derribados de sus tronos, los ricos se van con las manos vac\u00edas y los sedientos, los hambrientos, los necesitados reciben regalos, pueden recibir regalos. S\u00ed, \u00bfqu\u00e9 clase de coraz\u00f3n deb\u00eda tener Mar\u00eda para que Dios pudiera encontrar un lugar en ella?<\/p>\n<p>No solo un poco y al margen y una peque\u00f1a oraci\u00f3n matutina o una breve oraci\u00f3n por la noche, sino de tal manera que Dios pueda llenar completamente a una persona. S\u00ed, eso solo es posible cuando hay mucho espacio, mucho espacio libre, cuando se ha vaciado de lo que no es necesario, para que Dios pueda entrar completamente con su presencia.<\/p>\n<h3>P. Kentenich: del orgullo juvenil a la humildad<\/h3>\n<p>Son pensamientos sobre este Evangelio y luego record\u00e9 que al final de su vida, despu\u00e9s de sus 14 a\u00f1os de exilio, el Padre Kentenich habl\u00f3 sobre la misericordia y luego dijo: \u00abS\u00ed, hemos hablado tanto de la misericordia en el pasado, pero que la misericordia puede ser tan grande, tan profunda, tan abarcadora, no lo sab\u00edamos\u00bb.<\/p>\n<p>Y esto lo dice alguien que, a los 25 a\u00f1os, escribe en su diario que el orgullo ser\u00e1 probablemente su verdadero trabajo, su verdadera obra, durante el resto de su vida, que el orgullo es probablemente la limitaci\u00f3n que tendr\u00e1 que trabajar durante el resto de su vida.<\/p>\n<p>Que tambi\u00e9n sea un regalo para nosotros que al final de la vida podamos decir con toda humildad, s\u00ed, que la misericordia, la piedad de Dios, el amor de Dios es tan grande, que no me lo pod\u00eda imaginar. Am\u00e9n<\/p>\n<figure id=\"attachment_26687\" aria-describedby=\"caption-attachment-26687\" style=\"width: 300px\" class=\"wp-caption alignleft\"><img decoding=\"async\" class=\"wp-image-26687 size-medium\" src=\"https:\/\/schoenstatt.com\/wp-content\/uploads\/2022\/09\/Screenshot-57-1.png\" alt=\"\" width=\"300\" height=\"159\" \/><figcaption id=\"caption-attachment-26687\" class=\"wp-caption-text\">P.Heinrich Walter<\/figcaption><\/figure>\n<p>Esta homil\u00eda fue dada por el P. Heinrich Walter el domingo 28 de agosto 2022 en el Santuario Original de Schoenstatt.<\/p>\n<p><a href=\"https:\/\/youtu.be\/Gk74zo69j4E?t=3593\">Video de la homil\u00eda en alem\u00e1n<\/a><\/p>\n","protected":false},"excerpt":{"rendered":"<p>El P. Heinrich Walter expres\u00f3 en su homil\u00eda en el Santuario Original la importancia de la humildad para que Dios tome posesi\u00f3n de nosotros con toda su misericordia.<\/p>\n","protected":false},"author":6,"featured_media":26649,"comment_status":"closed","ping_status":"closed","sticky":false,"template":"","format":"standard","meta":{"footnotes":""},"categories":[917],"tags":[],"class_list":["post-50983","post","type-post","status-publish","format-standard","has-post-thumbnail","hentry","category-espiritualidad-es"],"yoast_head":"<!-- This site is optimized with the Yoast SEO Premium plugin v27.4 (Yoast SEO v27.4) - https:\/\/yoast.com\/product\/yoast-seo-premium-wordpress\/ -->\n<title>Humildad significa servicio - Schoenstatt<\/title>\n<meta name=\"description\" content=\"el P. Heinrich Walter desarroll\u00f3 la importancia de la humildad para estar llenos de Dios, en consonancia con el Evangelio del d\u00eda.\" \/>\n<meta name=\"robots\" content=\"index, follow, max-snippet:-1, max-image-preview:large, max-video-preview:-1\" \/>\n<link rel=\"canonical\" href=\"https:\/\/schoenstatt.com\/es\/humildad-significa-servicio\/\" \/>\n<meta property=\"og:locale\" content=\"es_ES\" \/>\n<meta property=\"og:type\" content=\"article\" \/>\n<meta property=\"og:title\" content=\"Humildad significa servicio\" \/>\n<meta property=\"og:description\" content=\"el P. Heinrich Walter desarroll\u00f3 la importancia de la humildad para estar llenos de Dios, en consonancia con el Evangelio del d\u00eda.\" \/>\n<meta property=\"og:url\" content=\"https:\/\/schoenstatt.com\/es\/humildad-significa-servicio\/\" \/>\n<meta property=\"og:site_name\" content=\"Schoenstatt\" \/>\n<meta property=\"article:published_time\" content=\"2022-09-03T20:10:09+00:00\" \/>\n<meta property=\"article:modified_time\" content=\"2025-05-14T23:42:20+00:00\" \/>\n<meta property=\"og:image\" content=\"https:\/\/schoenstatt.com\/wp-content\/uploads\/2022\/09\/cathopic_1542557330742730-scaled-1.jpg\" \/>\n\t<meta property=\"og:image:width\" content=\"2560\" \/>\n\t<meta property=\"og:image:height\" content=\"1920\" \/>\n\t<meta property=\"og:image:type\" content=\"image\/jpeg\" \/>\n<meta name=\"author\" content=\"Vanessa Franke\" \/>\n<meta name=\"twitter:card\" content=\"summary_large_image\" \/>\n<meta name=\"twitter:label1\" content=\"Escrito por\" \/>\n\t<meta name=\"twitter:data1\" content=\"Vanessa Franke\" \/>\n\t<meta name=\"twitter:label2\" content=\"Tiempo de lectura\" \/>\n\t<meta name=\"twitter:data2\" content=\"7 minutos\" \/>\n<script type=\"application\/ld+json\" class=\"yoast-schema-graph\">{\"@context\":\"https:\\\/\\\/schema.org\",\"@graph\":[{\"@type\":\"Article\",\"@id\":\"https:\\\/\\\/schoenstatt.com\\\/es\\\/humildad-significa-servicio\\\/#article\",\"isPartOf\":{\"@id\":\"https:\\\/\\\/schoenstatt.com\\\/es\\\/humildad-significa-servicio\\\/\"},\"author\":{\"name\":\"Vanessa Franke\",\"@id\":\"https:\\\/\\\/schoenstatt.com\\\/es\\\/#\\\/schema\\\/person\\\/ea97a60c723e21c923e2177f0f3163f7\"},\"headline\":\"Humildad significa servicio\",\"datePublished\":\"2022-09-03T20:10:09+00:00\",\"dateModified\":\"2025-05-14T23:42:20+00:00\",\"mainEntityOfPage\":{\"@id\":\"https:\\\/\\\/schoenstatt.com\\\/es\\\/humildad-significa-servicio\\\/\"},\"wordCount\":1594,\"publisher\":{\"@id\":\"https:\\\/\\\/schoenstatt.com\\\/es\\\/#organization\"},\"image\":{\"@id\":\"https:\\\/\\\/schoenstatt.com\\\/es\\\/humildad-significa-servicio\\\/#primaryimage\"},\"thumbnailUrl\":\"https:\\\/\\\/schoenstatt.com\\\/wp-content\\\/uploads\\\/2022\\\/09\\\/cathopic_1542557330742730-scaled-1.jpg\",\"articleSection\":[\"Espiritualidad\"],\"inLanguage\":\"es\"},{\"@type\":\"WebPage\",\"@id\":\"https:\\\/\\\/schoenstatt.com\\\/es\\\/humildad-significa-servicio\\\/\",\"url\":\"https:\\\/\\\/schoenstatt.com\\\/es\\\/humildad-significa-servicio\\\/\",\"name\":\"Humildad significa servicio - Schoenstatt\",\"isPartOf\":{\"@id\":\"https:\\\/\\\/schoenstatt.com\\\/es\\\/#website\"},\"primaryImageOfPage\":{\"@id\":\"https:\\\/\\\/schoenstatt.com\\\/es\\\/humildad-significa-servicio\\\/#primaryimage\"},\"image\":{\"@id\":\"https:\\\/\\\/schoenstatt.com\\\/es\\\/humildad-significa-servicio\\\/#primaryimage\"},\"thumbnailUrl\":\"https:\\\/\\\/schoenstatt.com\\\/wp-content\\\/uploads\\\/2022\\\/09\\\/cathopic_1542557330742730-scaled-1.jpg\",\"datePublished\":\"2022-09-03T20:10:09+00:00\",\"dateModified\":\"2025-05-14T23:42:20+00:00\",\"description\":\"el P. Heinrich Walter desarroll\u00f3 la importancia de la humildad para estar llenos de Dios, en consonancia con el Evangelio del d\u00eda.\",\"breadcrumb\":{\"@id\":\"https:\\\/\\\/schoenstatt.com\\\/es\\\/humildad-significa-servicio\\\/#breadcrumb\"},\"inLanguage\":\"es\",\"potentialAction\":[{\"@type\":\"ReadAction\",\"target\":[\"https:\\\/\\\/schoenstatt.com\\\/es\\\/humildad-significa-servicio\\\/\"]}]},{\"@type\":\"ImageObject\",\"inLanguage\":\"es\",\"@id\":\"https:\\\/\\\/schoenstatt.com\\\/es\\\/humildad-significa-servicio\\\/#primaryimage\",\"url\":\"https:\\\/\\\/schoenstatt.com\\\/wp-content\\\/uploads\\\/2022\\\/09\\\/cathopic_1542557330742730-scaled-1.jpg\",\"contentUrl\":\"https:\\\/\\\/schoenstatt.com\\\/wp-content\\\/uploads\\\/2022\\\/09\\\/cathopic_1542557330742730-scaled-1.jpg\",\"width\":2560,\"height\":1920,\"caption\":\"by Cathopic\"},{\"@type\":\"BreadcrumbList\",\"@id\":\"https:\\\/\\\/schoenstatt.com\\\/es\\\/humildad-significa-servicio\\\/#breadcrumb\",\"itemListElement\":[{\"@type\":\"ListItem\",\"position\":1,\"name\":\"Portada\",\"item\":\"https:\\\/\\\/schoenstatt.com\\\/es\\\/home\\\/\"},{\"@type\":\"ListItem\",\"position\":2,\"name\":\"Humildad significa servicio\"}]},{\"@type\":\"WebSite\",\"@id\":\"https:\\\/\\\/schoenstatt.com\\\/es\\\/#website\",\"url\":\"https:\\\/\\\/schoenstatt.com\\\/es\\\/\",\"name\":\"Schoenstatt\",\"description\":\"Apostolic Movement\",\"publisher\":{\"@id\":\"https:\\\/\\\/schoenstatt.com\\\/es\\\/#organization\"},\"potentialAction\":[{\"@type\":\"SearchAction\",\"target\":{\"@type\":\"EntryPoint\",\"urlTemplate\":\"https:\\\/\\\/schoenstatt.com\\\/es\\\/?s={search_term_string}\"},\"query-input\":{\"@type\":\"PropertyValueSpecification\",\"valueRequired\":true,\"valueName\":\"search_term_string\"}}],\"inLanguage\":\"es\"},{\"@type\":\"Organization\",\"@id\":\"https:\\\/\\\/schoenstatt.com\\\/es\\\/#organization\",\"name\":\"Schoenstatt\",\"url\":\"https:\\\/\\\/schoenstatt.com\\\/es\\\/\",\"logo\":{\"@type\":\"ImageObject\",\"inLanguage\":\"es\",\"@id\":\"https:\\\/\\\/schoenstatt.com\\\/es\\\/#\\\/schema\\\/logo\\\/image\\\/\",\"url\":\"https:\\\/\\\/schoenstatt.com\\\/wp-content\\\/uploads\\\/2025\\\/04\\\/logo-schoenstatt-white-696x696-1.png\",\"contentUrl\":\"https:\\\/\\\/schoenstatt.com\\\/wp-content\\\/uploads\\\/2025\\\/04\\\/logo-schoenstatt-white-696x696-1.png\",\"width\":696,\"height\":694,\"caption\":\"Schoenstatt\"},\"image\":{\"@id\":\"https:\\\/\\\/schoenstatt.com\\\/es\\\/#\\\/schema\\\/logo\\\/image\\\/\"}},{\"@type\":\"Person\",\"@id\":\"https:\\\/\\\/schoenstatt.com\\\/es\\\/#\\\/schema\\\/person\\\/ea97a60c723e21c923e2177f0f3163f7\",\"name\":\"Vanessa Franke\",\"image\":{\"@type\":\"ImageObject\",\"inLanguage\":\"es\",\"@id\":\"https:\\\/\\\/secure.gravatar.com\\\/avatar\\\/a9bcca3409928ccd3195eca11e2ccbb2e5d7c7912e9a945d4f326f81a0a5cb4a?s=96&d=mm&r=g\",\"url\":\"https:\\\/\\\/secure.gravatar.com\\\/avatar\\\/a9bcca3409928ccd3195eca11e2ccbb2e5d7c7912e9a945d4f326f81a0a5cb4a?s=96&d=mm&r=g\",\"contentUrl\":\"https:\\\/\\\/secure.gravatar.com\\\/avatar\\\/a9bcca3409928ccd3195eca11e2ccbb2e5d7c7912e9a945d4f326f81a0a5cb4a?s=96&d=mm&r=g\",\"caption\":\"Vanessa Franke\"},\"url\":\"https:\\\/\\\/schoenstatt.com\\\/es\\\/author\\\/vanessa-franke\\\/\"}]}<\/script>\n<!-- \/ Yoast SEO Premium plugin. -->","yoast_head_json":{"title":"Humildad significa servicio - Schoenstatt","description":"el P. Heinrich Walter desarroll\u00f3 la importancia de la humildad para estar llenos de Dios, en consonancia con el Evangelio del d\u00eda.","robots":{"index":"index","follow":"follow","max-snippet":"max-snippet:-1","max-image-preview":"max-image-preview:large","max-video-preview":"max-video-preview:-1"},"canonical":"https:\/\/schoenstatt.com\/es\/humildad-significa-servicio\/","og_locale":"es_ES","og_type":"article","og_title":"Humildad significa servicio","og_description":"el P. Heinrich Walter desarroll\u00f3 la importancia de la humildad para estar llenos de Dios, en consonancia con el Evangelio del d\u00eda.","og_url":"https:\/\/schoenstatt.com\/es\/humildad-significa-servicio\/","og_site_name":"Schoenstatt","article_published_time":"2022-09-03T20:10:09+00:00","article_modified_time":"2025-05-14T23:42:20+00:00","og_image":[{"width":2560,"height":1920,"url":"https:\/\/schoenstatt.com\/wp-content\/uploads\/2022\/09\/cathopic_1542557330742730-scaled-1.jpg","type":"image\/jpeg"}],"author":"Vanessa Franke","twitter_card":"summary_large_image","twitter_misc":{"Escrito por":"Vanessa Franke","Tiempo de lectura":"7 minutos"},"schema":{"@context":"https:\/\/schema.org","@graph":[{"@type":"Article","@id":"https:\/\/schoenstatt.com\/es\/humildad-significa-servicio\/#article","isPartOf":{"@id":"https:\/\/schoenstatt.com\/es\/humildad-significa-servicio\/"},"author":{"name":"Vanessa Franke","@id":"https:\/\/schoenstatt.com\/es\/#\/schema\/person\/ea97a60c723e21c923e2177f0f3163f7"},"headline":"Humildad significa servicio","datePublished":"2022-09-03T20:10:09+00:00","dateModified":"2025-05-14T23:42:20+00:00","mainEntityOfPage":{"@id":"https:\/\/schoenstatt.com\/es\/humildad-significa-servicio\/"},"wordCount":1594,"publisher":{"@id":"https:\/\/schoenstatt.com\/es\/#organization"},"image":{"@id":"https:\/\/schoenstatt.com\/es\/humildad-significa-servicio\/#primaryimage"},"thumbnailUrl":"https:\/\/schoenstatt.com\/wp-content\/uploads\/2022\/09\/cathopic_1542557330742730-scaled-1.jpg","articleSection":["Espiritualidad"],"inLanguage":"es"},{"@type":"WebPage","@id":"https:\/\/schoenstatt.com\/es\/humildad-significa-servicio\/","url":"https:\/\/schoenstatt.com\/es\/humildad-significa-servicio\/","name":"Humildad significa servicio - Schoenstatt","isPartOf":{"@id":"https:\/\/schoenstatt.com\/es\/#website"},"primaryImageOfPage":{"@id":"https:\/\/schoenstatt.com\/es\/humildad-significa-servicio\/#primaryimage"},"image":{"@id":"https:\/\/schoenstatt.com\/es\/humildad-significa-servicio\/#primaryimage"},"thumbnailUrl":"https:\/\/schoenstatt.com\/wp-content\/uploads\/2022\/09\/cathopic_1542557330742730-scaled-1.jpg","datePublished":"2022-09-03T20:10:09+00:00","dateModified":"2025-05-14T23:42:20+00:00","description":"el P. Heinrich Walter desarroll\u00f3 la importancia de la humildad para estar llenos de Dios, en consonancia con el Evangelio del d\u00eda.","breadcrumb":{"@id":"https:\/\/schoenstatt.com\/es\/humildad-significa-servicio\/#breadcrumb"},"inLanguage":"es","potentialAction":[{"@type":"ReadAction","target":["https:\/\/schoenstatt.com\/es\/humildad-significa-servicio\/"]}]},{"@type":"ImageObject","inLanguage":"es","@id":"https:\/\/schoenstatt.com\/es\/humildad-significa-servicio\/#primaryimage","url":"https:\/\/schoenstatt.com\/wp-content\/uploads\/2022\/09\/cathopic_1542557330742730-scaled-1.jpg","contentUrl":"https:\/\/schoenstatt.com\/wp-content\/uploads\/2022\/09\/cathopic_1542557330742730-scaled-1.jpg","width":2560,"height":1920,"caption":"by Cathopic"},{"@type":"BreadcrumbList","@id":"https:\/\/schoenstatt.com\/es\/humildad-significa-servicio\/#breadcrumb","itemListElement":[{"@type":"ListItem","position":1,"name":"Portada","item":"https:\/\/schoenstatt.com\/es\/home\/"},{"@type":"ListItem","position":2,"name":"Humildad significa servicio"}]},{"@type":"WebSite","@id":"https:\/\/schoenstatt.com\/es\/#website","url":"https:\/\/schoenstatt.com\/es\/","name":"Schoenstatt","description":"Apostolic Movement","publisher":{"@id":"https:\/\/schoenstatt.com\/es\/#organization"},"potentialAction":[{"@type":"SearchAction","target":{"@type":"EntryPoint","urlTemplate":"https:\/\/schoenstatt.com\/es\/?s={search_term_string}"},"query-input":{"@type":"PropertyValueSpecification","valueRequired":true,"valueName":"search_term_string"}}],"inLanguage":"es"},{"@type":"Organization","@id":"https:\/\/schoenstatt.com\/es\/#organization","name":"Schoenstatt","url":"https:\/\/schoenstatt.com\/es\/","logo":{"@type":"ImageObject","inLanguage":"es","@id":"https:\/\/schoenstatt.com\/es\/#\/schema\/logo\/image\/","url":"https:\/\/schoenstatt.com\/wp-content\/uploads\/2025\/04\/logo-schoenstatt-white-696x696-1.png","contentUrl":"https:\/\/schoenstatt.com\/wp-content\/uploads\/2025\/04\/logo-schoenstatt-white-696x696-1.png","width":696,"height":694,"caption":"Schoenstatt"},"image":{"@id":"https:\/\/schoenstatt.com\/es\/#\/schema\/logo\/image\/"}},{"@type":"Person","@id":"https:\/\/schoenstatt.com\/es\/#\/schema\/person\/ea97a60c723e21c923e2177f0f3163f7","name":"Vanessa Franke","image":{"@type":"ImageObject","inLanguage":"es","@id":"https:\/\/secure.gravatar.com\/avatar\/a9bcca3409928ccd3195eca11e2ccbb2e5d7c7912e9a945d4f326f81a0a5cb4a?s=96&d=mm&r=g","url":"https:\/\/secure.gravatar.com\/avatar\/a9bcca3409928ccd3195eca11e2ccbb2e5d7c7912e9a945d4f326f81a0a5cb4a?s=96&d=mm&r=g","contentUrl":"https:\/\/secure.gravatar.com\/avatar\/a9bcca3409928ccd3195eca11e2ccbb2e5d7c7912e9a945d4f326f81a0a5cb4a?s=96&d=mm&r=g","caption":"Vanessa Franke"},"url":"https:\/\/schoenstatt.com\/es\/author\/vanessa-franke\/"}]}},"_links":{"self":[{"href":"https:\/\/schoenstatt.com\/es\/wp-json\/wp\/v2\/posts\/50983","targetHints":{"allow":["GET"]}}],"collection":[{"href":"https:\/\/schoenstatt.com\/es\/wp-json\/wp\/v2\/posts"}],"about":[{"href":"https:\/\/schoenstatt.com\/es\/wp-json\/wp\/v2\/types\/post"}],"author":[{"embeddable":true,"href":"https:\/\/schoenstatt.com\/es\/wp-json\/wp\/v2\/users\/6"}],"replies":[{"embeddable":true,"href":"https:\/\/schoenstatt.com\/es\/wp-json\/wp\/v2\/comments?post=50983"}],"version-history":[{"count":2,"href":"https:\/\/schoenstatt.com\/es\/wp-json\/wp\/v2\/posts\/50983\/revisions"}],"predecessor-version":[{"id":54201,"href":"https:\/\/schoenstatt.com\/es\/wp-json\/wp\/v2\/posts\/50983\/revisions\/54201"}],"wp:featuredmedia":[{"embeddable":true,"href":"https:\/\/schoenstatt.com\/es\/wp-json\/wp\/v2\/media\/26649"}],"wp:attachment":[{"href":"https:\/\/schoenstatt.com\/es\/wp-json\/wp\/v2\/media?parent=50983"}],"wp:term":[{"taxonomy":"category","embeddable":true,"href":"https:\/\/schoenstatt.com\/es\/wp-json\/wp\/v2\/categories?post=50983"},{"taxonomy":"post_tag","embeddable":true,"href":"https:\/\/schoenstatt.com\/es\/wp-json\/wp\/v2\/tags?post=50983"}],"curies":[{"name":"wp","href":"https:\/\/api.w.org\/{rel}","templated":true}]}}