{"id":50981,"date":"2022-09-05T16:20:49","date_gmt":"2022-09-05T14:20:49","guid":{"rendered":"https:\/\/schoenstattdev.wpenginepowered.com\/?p=26683"},"modified":"2025-05-15T02:07:22","modified_gmt":"2025-05-15T00:07:22","slug":"escuchando-la-voz-de-dios","status":"publish","type":"post","link":"https:\/\/schoenstatt.com\/es\/escuchando-la-voz-de-dios\/","title":{"rendered":"Escuchando la voz de Dios"},"content":{"rendered":"<p>El IV Cap\u00edtulo General de la Federaci\u00f3n Apost\u00f3lica Internacional de <a href=\"https:\/\/schoenstattdev.wpenginepowered.com\/es\/comunidades-de-schoenstatt\/comunidades-internacionales-del-movimiento-de-schoenstatt-se-preparan-para-su-capitulo-general\/\">Familias<\/a> de Schoenstatt se re\u00fane entre el 1ro. y el 11 de septiembre en el Josef-Kentenich-Hof, en Hillscheid, su sede central, ubicado a siete kil\u00f3metros del Santuario Original.<\/p>\n<p><img fetchpriority=\"high\" decoding=\"async\" class=\"size-medium wp-image-26681 alignleft\" src=\"https:\/\/schoenstatt.com\/wp-content\/uploads\/2022\/09\/65abdaeb-6ac9-4252-bf15-1b92667bd706-1.jpg\" alt=\"Stimme Gottes\" width=\"225\" height=\"300\" \/>Su \u00faltimo Cap\u00edtulo General tuvo lugar hace siete a\u00f1os. Debido a la pandemia, el presente cap\u00edtulo tuvo que posponerse un a\u00f1o.<\/p>\n<p>Hay 23 matrimonios que participan en el Cap\u00edtulo como capitulares, procedentes de 12 pa\u00edses. Los capitulares representan a unas 2.000 familias de un total de 20 pa\u00edses. 10 matrimonios representantes son de Europa y 13 de Am\u00e9rica Latina. Con seis idiomas (alem\u00e1n, espa\u00f1ol, portugu\u00e9s, polaco, checo y h\u00fangaro), se moviliza un gran trabajo de traducci\u00f3n, lo cual expresa la diversidad de la comunidad de la Federaci\u00f3n. Un total de 26 voluntarios y personal apoya a los capitulares.<\/p>\n<h3><\/h3>\n<h3>Revisi\u00f3n y perspectivas<\/h3>\n<p>El per\u00edodo de direcci\u00f3n que ahora termina estuvo marcado por el desarrollo y la expansi\u00f3n de la <a href=\"https:\/\/federacionfamilias.schoenstatt.es\/\">Federaci\u00f3n<\/a> de Familias de Schoenstatt en varios pa\u00edses y por el acompa\u00f1amiento de las comunidades en la fase de fundaci\u00f3n. Hasta la fecha, ocho territorios han alcanzado la autonom\u00eda.<\/p>\n<figure id=\"attachment_26628\" aria-describedby=\"caption-attachment-26628\" style=\"width: 840px\" class=\"wp-caption alignright\"><img decoding=\"async\" class=\"wp-image-26628 size-large\" src=\"https:\/\/schoenstatt.com\/wp-content\/uploads\/2022\/09\/HIllscheid-Foto-Brehm-1.png\" alt=\"\" width=\"840\" height=\"418\" \/><figcaption id=\"caption-attachment-26628\" class=\"wp-caption-text\">Foto: H. Brehm<\/figcaption><\/figure>\n<p>Los temas a tratar en el Cap\u00edtulo General son: los informes de los territorios, la revisi\u00f3n de los estatutos internacionales y el tratamiento de las mociones, as\u00ed como la elecci\u00f3n de una nueva Direcci\u00f3n Internacional. Pero de manera especial, la comunidad busca escuchar la voz de Dios en el esp\u00edritu de la sinodalidad a trav\u00e9s de un intercambio sobre temas candentes de la comunidad, como la causa Kentenich o la colaboraci\u00f3n de las comunidades familiares de Schoenstatt.<\/p>\n<p>Las reflexiones sobre el acompa\u00f1amiento y la educaci\u00f3n de las familias candidatas son un punto clave, junto con otros temas, como la misi\u00f3n de la comunidad en la Iglesia y para la Iglesia.<\/p>\n<h3>Apertura mutua escuchando la voz de Dios<\/h3>\n<p><img decoding=\"async\" class=\"wp-image-26675 size-large aligncenter\" src=\"https:\/\/schoenstatt.com\/wp-content\/uploads\/2022\/09\/43d3cf49-5489-4758-aa8d-d7b1860023d8-1-768x1024.jpg\" alt=\"\" width=\"768\" height=\"1024\" \/><\/p>\n<p>\u00abPara todas las deliberaciones y temas, las familias de la Federaci\u00f3n imploramos los dones del Esp\u00edritu Santo\u00bb, expresaron Rosa-Mar\u00eda y Josef Wieland, familia dirigente internacional, \u00aby esperamos una gran apertura de unos con otros, y el estar atentos a la voz de Dios, para que del Cap\u00edtulo surja un fuerte impulso para el futuro de la Federaci\u00f3n Apost\u00f3lica Internacional de Familias de Schoenstatt.\u00bb La comunidad agradece las oraciones de todo el Movimiento de Schoenstatt por el Cap\u00edtulo General.<\/p>\n","protected":false},"excerpt":{"rendered":"<p>23 matrimonios representando a 20 pa\u00edses de Europa y Am\u00e9rica Latina se encuentran participando en el IV Cap\u00edtulo General de la Federaci\u00f3n Internacional de Familias de Schoenstatt en Hillscheid, en Josef-Kentenich-Hof, su sede central, a pocos kil\u00f3metros del Santuario Original.<\/p>\n","protected":false},"author":6,"featured_media":26670,"comment_status":"closed","ping_status":"closed","sticky":false,"template":"","format":"standard","meta":{"footnotes":""},"categories":[909,877],"tags":[],"class_list":["post-50981","post","type-post","status-publish","format-standard","has-post-thumbnail","hentry","category-comunidades-de-schoenstatt-es","category-familia-es"],"yoast_head":"<!-- This site is optimized with the Yoast SEO Premium plugin v27.4 (Yoast SEO v27.5) - https:\/\/yoast.com\/product\/yoast-seo-premium-wordpress\/ -->\n<title>Escuchando la voz de Dios - Schoenstatt<\/title>\n<meta name=\"description\" content=\"La Federaci\u00f3n Internacional de Familias de Schoenstatt se encuentra reunida en Cap\u00edtulo General en Josef-Kentenich-Hof, su sede central.\" \/>\n<meta name=\"robots\" content=\"index, follow, max-snippet:-1, max-image-preview:large, max-video-preview:-1\" \/>\n<link rel=\"canonical\" href=\"https:\/\/schoenstatt.com\/es\/escuchando-la-voz-de-dios\/\" \/>\n<meta property=\"og:locale\" content=\"es_ES\" \/>\n<meta property=\"og:type\" content=\"article\" \/>\n<meta property=\"og:title\" content=\"Escuchando la voz de Dios\" \/>\n<meta property=\"og:description\" content=\"La Federaci\u00f3n Internacional de Familias de Schoenstatt se encuentra reunida en Cap\u00edtulo General en Josef-Kentenich-Hof, su sede central.\" \/>\n<meta property=\"og:url\" content=\"https:\/\/schoenstatt.com\/es\/escuchando-la-voz-de-dios\/\" \/>\n<meta property=\"og:site_name\" content=\"Schoenstatt\" \/>\n<meta property=\"article:published_time\" content=\"2022-09-05T14:20:49+00:00\" \/>\n<meta property=\"article:modified_time\" content=\"2025-05-15T00:07:22+00:00\" \/>\n<meta property=\"og:image\" content=\"https:\/\/schoenstatt.com\/wp-content\/uploads\/2022\/09\/5164ced1-10c5-4b2f-85d0-14c32059e5b7-1.jpg\" \/>\n\t<meta property=\"og:image:width\" content=\"2048\" \/>\n\t<meta property=\"og:image:height\" content=\"1536\" \/>\n\t<meta property=\"og:image:type\" content=\"image\/jpeg\" \/>\n<meta name=\"author\" content=\"Vanessa Franke\" \/>\n<meta name=\"twitter:card\" content=\"summary_large_image\" \/>\n<meta name=\"twitter:label1\" content=\"Escrito por\" \/>\n\t<meta name=\"twitter:data1\" content=\"Vanessa Franke\" \/>\n\t<meta name=\"twitter:label2\" content=\"Tiempo de lectura\" \/>\n\t<meta name=\"twitter:data2\" content=\"2 minutos\" \/>\n<script type=\"application\/ld+json\" class=\"yoast-schema-graph\">{\"@context\":\"https:\\\/\\\/schema.org\",\"@graph\":[{\"@type\":\"Article\",\"@id\":\"https:\\\/\\\/schoenstatt.com\\\/es\\\/escuchando-la-voz-de-dios\\\/#article\",\"isPartOf\":{\"@id\":\"https:\\\/\\\/schoenstatt.com\\\/es\\\/escuchando-la-voz-de-dios\\\/\"},\"author\":{\"name\":\"Vanessa Franke\",\"@id\":\"https:\\\/\\\/schoenstatt.com\\\/es\\\/#\\\/schema\\\/person\\\/ea97a60c723e21c923e2177f0f3163f7\"},\"headline\":\"Escuchando la voz de Dios\",\"datePublished\":\"2022-09-05T14:20:49+00:00\",\"dateModified\":\"2025-05-15T00:07:22+00:00\",\"mainEntityOfPage\":{\"@id\":\"https:\\\/\\\/schoenstatt.com\\\/es\\\/escuchando-la-voz-de-dios\\\/\"},\"wordCount\":432,\"publisher\":{\"@id\":\"https:\\\/\\\/schoenstatt.com\\\/es\\\/#organization\"},\"image\":{\"@id\":\"https:\\\/\\\/schoenstatt.com\\\/es\\\/escuchando-la-voz-de-dios\\\/#primaryimage\"},\"thumbnailUrl\":\"https:\\\/\\\/schoenstatt.com\\\/wp-content\\\/uploads\\\/2022\\\/09\\\/5164ced1-10c5-4b2f-85d0-14c32059e5b7-1.jpg\",\"articleSection\":[\"Comunidades de Schoenstatt\",\"Familia\"],\"inLanguage\":\"es\"},{\"@type\":\"WebPage\",\"@id\":\"https:\\\/\\\/schoenstatt.com\\\/es\\\/escuchando-la-voz-de-dios\\\/\",\"url\":\"https:\\\/\\\/schoenstatt.com\\\/es\\\/escuchando-la-voz-de-dios\\\/\",\"name\":\"Escuchando la voz de Dios - Schoenstatt\",\"isPartOf\":{\"@id\":\"https:\\\/\\\/schoenstatt.com\\\/es\\\/#website\"},\"primaryImageOfPage\":{\"@id\":\"https:\\\/\\\/schoenstatt.com\\\/es\\\/escuchando-la-voz-de-dios\\\/#primaryimage\"},\"image\":{\"@id\":\"https:\\\/\\\/schoenstatt.com\\\/es\\\/escuchando-la-voz-de-dios\\\/#primaryimage\"},\"thumbnailUrl\":\"https:\\\/\\\/schoenstatt.com\\\/wp-content\\\/uploads\\\/2022\\\/09\\\/5164ced1-10c5-4b2f-85d0-14c32059e5b7-1.jpg\",\"datePublished\":\"2022-09-05T14:20:49+00:00\",\"dateModified\":\"2025-05-15T00:07:22+00:00\",\"description\":\"La Federaci\u00f3n Internacional de Familias de Schoenstatt se encuentra reunida en Cap\u00edtulo General en Josef-Kentenich-Hof, su sede central.\",\"breadcrumb\":{\"@id\":\"https:\\\/\\\/schoenstatt.com\\\/es\\\/escuchando-la-voz-de-dios\\\/#breadcrumb\"},\"inLanguage\":\"es\",\"potentialAction\":[{\"@type\":\"ReadAction\",\"target\":[\"https:\\\/\\\/schoenstatt.com\\\/es\\\/escuchando-la-voz-de-dios\\\/\"]}]},{\"@type\":\"ImageObject\",\"inLanguage\":\"es\",\"@id\":\"https:\\\/\\\/schoenstatt.com\\\/es\\\/escuchando-la-voz-de-dios\\\/#primaryimage\",\"url\":\"https:\\\/\\\/schoenstatt.com\\\/wp-content\\\/uploads\\\/2022\\\/09\\\/5164ced1-10c5-4b2f-85d0-14c32059e5b7-1.jpg\",\"contentUrl\":\"https:\\\/\\\/schoenstatt.com\\\/wp-content\\\/uploads\\\/2022\\\/09\\\/5164ced1-10c5-4b2f-85d0-14c32059e5b7-1.jpg\",\"width\":2048,\"height\":1536,\"caption\":\"H\u00f6ren auf die Stimme Gottes\"},{\"@type\":\"BreadcrumbList\",\"@id\":\"https:\\\/\\\/schoenstatt.com\\\/es\\\/escuchando-la-voz-de-dios\\\/#breadcrumb\",\"itemListElement\":[{\"@type\":\"ListItem\",\"position\":1,\"name\":\"Portada\",\"item\":\"https:\\\/\\\/schoenstatt.com\\\/es\\\/home\\\/\"},{\"@type\":\"ListItem\",\"position\":2,\"name\":\"Escuchando la voz de Dios\"}]},{\"@type\":\"WebSite\",\"@id\":\"https:\\\/\\\/schoenstatt.com\\\/es\\\/#website\",\"url\":\"https:\\\/\\\/schoenstatt.com\\\/es\\\/\",\"name\":\"Schoenstatt\",\"description\":\"Apostolic Movement\",\"publisher\":{\"@id\":\"https:\\\/\\\/schoenstatt.com\\\/es\\\/#organization\"},\"potentialAction\":[{\"@type\":\"SearchAction\",\"target\":{\"@type\":\"EntryPoint\",\"urlTemplate\":\"https:\\\/\\\/schoenstatt.com\\\/es\\\/?s={search_term_string}\"},\"query-input\":{\"@type\":\"PropertyValueSpecification\",\"valueRequired\":true,\"valueName\":\"search_term_string\"}}],\"inLanguage\":\"es\"},{\"@type\":\"Organization\",\"@id\":\"https:\\\/\\\/schoenstatt.com\\\/es\\\/#organization\",\"name\":\"Schoenstatt\",\"url\":\"https:\\\/\\\/schoenstatt.com\\\/es\\\/\",\"logo\":{\"@type\":\"ImageObject\",\"inLanguage\":\"es\",\"@id\":\"https:\\\/\\\/schoenstatt.com\\\/es\\\/#\\\/schema\\\/logo\\\/image\\\/\",\"url\":\"https:\\\/\\\/schoenstatt.com\\\/wp-content\\\/uploads\\\/2025\\\/04\\\/logo-schoenstatt-white-696x696-1.png\",\"contentUrl\":\"https:\\\/\\\/schoenstatt.com\\\/wp-content\\\/uploads\\\/2025\\\/04\\\/logo-schoenstatt-white-696x696-1.png\",\"width\":696,\"height\":694,\"caption\":\"Schoenstatt\"},\"image\":{\"@id\":\"https:\\\/\\\/schoenstatt.com\\\/es\\\/#\\\/schema\\\/logo\\\/image\\\/\"}},{\"@type\":\"Person\",\"@id\":\"https:\\\/\\\/schoenstatt.com\\\/es\\\/#\\\/schema\\\/person\\\/ea97a60c723e21c923e2177f0f3163f7\",\"name\":\"Vanessa Franke\",\"image\":{\"@type\":\"ImageObject\",\"inLanguage\":\"es\",\"@id\":\"https:\\\/\\\/secure.gravatar.com\\\/avatar\\\/a9bcca3409928ccd3195eca11e2ccbb2e5d7c7912e9a945d4f326f81a0a5cb4a?s=96&d=mm&r=g\",\"url\":\"https:\\\/\\\/secure.gravatar.com\\\/avatar\\\/a9bcca3409928ccd3195eca11e2ccbb2e5d7c7912e9a945d4f326f81a0a5cb4a?s=96&d=mm&r=g\",\"contentUrl\":\"https:\\\/\\\/secure.gravatar.com\\\/avatar\\\/a9bcca3409928ccd3195eca11e2ccbb2e5d7c7912e9a945d4f326f81a0a5cb4a?s=96&d=mm&r=g\",\"caption\":\"Vanessa Franke\"},\"url\":\"https:\\\/\\\/schoenstatt.com\\\/es\\\/author\\\/vanessa-franke\\\/\"}]}<\/script>\n<!-- \/ Yoast SEO Premium plugin. -->","yoast_head_json":{"title":"Escuchando la voz de Dios - Schoenstatt","description":"La Federaci\u00f3n Internacional de Familias de Schoenstatt se encuentra reunida en Cap\u00edtulo General en Josef-Kentenich-Hof, su sede central.","robots":{"index":"index","follow":"follow","max-snippet":"max-snippet:-1","max-image-preview":"max-image-preview:large","max-video-preview":"max-video-preview:-1"},"canonical":"https:\/\/schoenstatt.com\/es\/escuchando-la-voz-de-dios\/","og_locale":"es_ES","og_type":"article","og_title":"Escuchando la voz de Dios","og_description":"La Federaci\u00f3n Internacional de Familias de Schoenstatt se encuentra reunida en Cap\u00edtulo General en Josef-Kentenich-Hof, su sede central.","og_url":"https:\/\/schoenstatt.com\/es\/escuchando-la-voz-de-dios\/","og_site_name":"Schoenstatt","article_published_time":"2022-09-05T14:20:49+00:00","article_modified_time":"2025-05-15T00:07:22+00:00","og_image":[{"width":2048,"height":1536,"url":"https:\/\/schoenstatt.com\/wp-content\/uploads\/2022\/09\/5164ced1-10c5-4b2f-85d0-14c32059e5b7-1.jpg","type":"image\/jpeg"}],"author":"Vanessa Franke","twitter_card":"summary_large_image","twitter_misc":{"Escrito por":"Vanessa Franke","Tiempo de lectura":"2 minutos"},"schema":{"@context":"https:\/\/schema.org","@graph":[{"@type":"Article","@id":"https:\/\/schoenstatt.com\/es\/escuchando-la-voz-de-dios\/#article","isPartOf":{"@id":"https:\/\/schoenstatt.com\/es\/escuchando-la-voz-de-dios\/"},"author":{"name":"Vanessa Franke","@id":"https:\/\/schoenstatt.com\/es\/#\/schema\/person\/ea97a60c723e21c923e2177f0f3163f7"},"headline":"Escuchando la voz de Dios","datePublished":"2022-09-05T14:20:49+00:00","dateModified":"2025-05-15T00:07:22+00:00","mainEntityOfPage":{"@id":"https:\/\/schoenstatt.com\/es\/escuchando-la-voz-de-dios\/"},"wordCount":432,"publisher":{"@id":"https:\/\/schoenstatt.com\/es\/#organization"},"image":{"@id":"https:\/\/schoenstatt.com\/es\/escuchando-la-voz-de-dios\/#primaryimage"},"thumbnailUrl":"https:\/\/schoenstatt.com\/wp-content\/uploads\/2022\/09\/5164ced1-10c5-4b2f-85d0-14c32059e5b7-1.jpg","articleSection":["Comunidades de Schoenstatt","Familia"],"inLanguage":"es"},{"@type":"WebPage","@id":"https:\/\/schoenstatt.com\/es\/escuchando-la-voz-de-dios\/","url":"https:\/\/schoenstatt.com\/es\/escuchando-la-voz-de-dios\/","name":"Escuchando la voz de Dios - Schoenstatt","isPartOf":{"@id":"https:\/\/schoenstatt.com\/es\/#website"},"primaryImageOfPage":{"@id":"https:\/\/schoenstatt.com\/es\/escuchando-la-voz-de-dios\/#primaryimage"},"image":{"@id":"https:\/\/schoenstatt.com\/es\/escuchando-la-voz-de-dios\/#primaryimage"},"thumbnailUrl":"https:\/\/schoenstatt.com\/wp-content\/uploads\/2022\/09\/5164ced1-10c5-4b2f-85d0-14c32059e5b7-1.jpg","datePublished":"2022-09-05T14:20:49+00:00","dateModified":"2025-05-15T00:07:22+00:00","description":"La Federaci\u00f3n Internacional de Familias de Schoenstatt se encuentra reunida en Cap\u00edtulo General en Josef-Kentenich-Hof, su sede central.","breadcrumb":{"@id":"https:\/\/schoenstatt.com\/es\/escuchando-la-voz-de-dios\/#breadcrumb"},"inLanguage":"es","potentialAction":[{"@type":"ReadAction","target":["https:\/\/schoenstatt.com\/es\/escuchando-la-voz-de-dios\/"]}]},{"@type":"ImageObject","inLanguage":"es","@id":"https:\/\/schoenstatt.com\/es\/escuchando-la-voz-de-dios\/#primaryimage","url":"https:\/\/schoenstatt.com\/wp-content\/uploads\/2022\/09\/5164ced1-10c5-4b2f-85d0-14c32059e5b7-1.jpg","contentUrl":"https:\/\/schoenstatt.com\/wp-content\/uploads\/2022\/09\/5164ced1-10c5-4b2f-85d0-14c32059e5b7-1.jpg","width":2048,"height":1536,"caption":"H\u00f6ren auf die Stimme Gottes"},{"@type":"BreadcrumbList","@id":"https:\/\/schoenstatt.com\/es\/escuchando-la-voz-de-dios\/#breadcrumb","itemListElement":[{"@type":"ListItem","position":1,"name":"Portada","item":"https:\/\/schoenstatt.com\/es\/home\/"},{"@type":"ListItem","position":2,"name":"Escuchando la voz de Dios"}]},{"@type":"WebSite","@id":"https:\/\/schoenstatt.com\/es\/#website","url":"https:\/\/schoenstatt.com\/es\/","name":"Schoenstatt","description":"Apostolic Movement","publisher":{"@id":"https:\/\/schoenstatt.com\/es\/#organization"},"potentialAction":[{"@type":"SearchAction","target":{"@type":"EntryPoint","urlTemplate":"https:\/\/schoenstatt.com\/es\/?s={search_term_string}"},"query-input":{"@type":"PropertyValueSpecification","valueRequired":true,"valueName":"search_term_string"}}],"inLanguage":"es"},{"@type":"Organization","@id":"https:\/\/schoenstatt.com\/es\/#organization","name":"Schoenstatt","url":"https:\/\/schoenstatt.com\/es\/","logo":{"@type":"ImageObject","inLanguage":"es","@id":"https:\/\/schoenstatt.com\/es\/#\/schema\/logo\/image\/","url":"https:\/\/schoenstatt.com\/wp-content\/uploads\/2025\/04\/logo-schoenstatt-white-696x696-1.png","contentUrl":"https:\/\/schoenstatt.com\/wp-content\/uploads\/2025\/04\/logo-schoenstatt-white-696x696-1.png","width":696,"height":694,"caption":"Schoenstatt"},"image":{"@id":"https:\/\/schoenstatt.com\/es\/#\/schema\/logo\/image\/"}},{"@type":"Person","@id":"https:\/\/schoenstatt.com\/es\/#\/schema\/person\/ea97a60c723e21c923e2177f0f3163f7","name":"Vanessa Franke","image":{"@type":"ImageObject","inLanguage":"es","@id":"https:\/\/secure.gravatar.com\/avatar\/a9bcca3409928ccd3195eca11e2ccbb2e5d7c7912e9a945d4f326f81a0a5cb4a?s=96&d=mm&r=g","url":"https:\/\/secure.gravatar.com\/avatar\/a9bcca3409928ccd3195eca11e2ccbb2e5d7c7912e9a945d4f326f81a0a5cb4a?s=96&d=mm&r=g","contentUrl":"https:\/\/secure.gravatar.com\/avatar\/a9bcca3409928ccd3195eca11e2ccbb2e5d7c7912e9a945d4f326f81a0a5cb4a?s=96&d=mm&r=g","caption":"Vanessa Franke"},"url":"https:\/\/schoenstatt.com\/es\/author\/vanessa-franke\/"}]}},"_links":{"self":[{"href":"https:\/\/schoenstatt.com\/es\/wp-json\/wp\/v2\/posts\/50981","targetHints":{"allow":["GET"]}}],"collection":[{"href":"https:\/\/schoenstatt.com\/es\/wp-json\/wp\/v2\/posts"}],"about":[{"href":"https:\/\/schoenstatt.com\/es\/wp-json\/wp\/v2\/types\/post"}],"author":[{"embeddable":true,"href":"https:\/\/schoenstatt.com\/es\/wp-json\/wp\/v2\/users\/6"}],"replies":[{"embeddable":true,"href":"https:\/\/schoenstatt.com\/es\/wp-json\/wp\/v2\/comments?post=50981"}],"version-history":[{"count":2,"href":"https:\/\/schoenstatt.com\/es\/wp-json\/wp\/v2\/posts\/50981\/revisions"}],"predecessor-version":[{"id":54095,"href":"https:\/\/schoenstatt.com\/es\/wp-json\/wp\/v2\/posts\/50981\/revisions\/54095"}],"wp:featuredmedia":[{"embeddable":true,"href":"https:\/\/schoenstatt.com\/es\/wp-json\/wp\/v2\/media\/26670"}],"wp:attachment":[{"href":"https:\/\/schoenstatt.com\/es\/wp-json\/wp\/v2\/media?parent=50981"}],"wp:term":[{"taxonomy":"category","embeddable":true,"href":"https:\/\/schoenstatt.com\/es\/wp-json\/wp\/v2\/categories?post=50981"},{"taxonomy":"post_tag","embeddable":true,"href":"https:\/\/schoenstatt.com\/es\/wp-json\/wp\/v2\/tags?post=50981"}],"curies":[{"name":"wp","href":"https:\/\/api.w.org\/{rel}","templated":true}]}}