{"id":50973,"date":"2022-09-01T17:29:15","date_gmt":"2022-09-01T15:29:15","guid":{"rendered":"https:\/\/schoenstattdev.wpenginepowered.com\/?p=26559"},"modified":"2025-05-15T18:09:42","modified_gmt":"2025-05-15T16:09:42","slug":"hay-vida-en-schoenstatt-despues-de-las-ramas-de-la-juventud-femenina-y-masculina","status":"publish","type":"post","link":"https:\/\/schoenstatt.com\/es\/hay-vida-en-schoenstatt-despues-de-las-ramas-de-la-juventud-femenina-y-masculina\/","title":{"rendered":"Hay vida en Schoenstatt despu\u00e9s de las Ramas de la Juventud Femenina y Masculina"},"content":{"rendered":"<p>&nbsp;<\/p>\n<p>La juventud es, sin duda, una de las fases de la vida en la que conocer Schoenstatt y dejarse inflamar por los grandes ideales es mucho m\u00e1s f\u00e1cil y contagioso.\u00a0 La transici\u00f3n org\u00e1nica de los j\u00f3venes a las dem\u00e1s comunidades del Movimiento fue uno de los retos identificados durante el Congreso de Pentecost\u00e9s celebrado del 8 al 12 de junio de 2022 en Schoenstatt, lugar de origen del Movimiento de Schoenstatt.<\/p>\n<p>Hoy observamos la realidad de que muchos j\u00f3venes que han participado efectivamente durante a\u00f1os en los grupos de la Juventud Femenina y Masculina de Schoenstatt en sus di\u00f3cesis, al llegar a la edad adulta, tienen dificultades para hacer la transici\u00f3n a otras comunidades de manera org\u00e1nica. Ya no se sienten completamente satisfechos con el contenido y las actividades de los j\u00f3venes. Aunque los ideales se mantienen, su estilo de vida y sus retos son diferentes. Con ello, este cambio necesario, que deber\u00eda ser algo natural, puede convertirse en un momento de discernimiento.<\/p>\n<h3><img fetchpriority=\"high\" decoding=\"async\" class=\"aligncenter wp-image-26550 size-full\" src=\"https:\/\/schoenstatt.com\/wp-content\/uploads\/2022\/09\/unnamed-3.jpg\" alt=\"\" width=\"499\" height=\"512\" \/><\/h3>\n<h3>De la Juventud Femenina (Jufem) a la Liga Femenina (LAFS)<\/h3>\n<p>Jaqueline Montoya, ahora en la Liga Femenina (LAFS), nos cuenta c\u00f3mo fue esa transici\u00f3n tras a\u00f1os de Jufem:<\/p>\n<p>\u201cParticip\u00e9 en Jufem durante muchos a\u00f1os y, obviamente, cuando lleg\u00f3 el momento de decir adi\u00f3s no fue f\u00e1cil. Todos los cambios provocan inseguridad y en mi caso no fue diferente. Aunque sab\u00eda de la existencia de la Lafs (Liga Apost\u00f3lica Femenina de Schoenstatt) y conoc\u00eda a algunos de sus miembros, el cambio de rama tambi\u00e9n ten\u00eda sus retos. Para muchos, el primer impedimento es pensar en la edad, ya que la Liga cuenta con mujeres en diversas etapas de la vida, algunas ya mayores. Sin embargo, este fue un punto que me sorprendi\u00f3 positivamente.<\/p>\n<p>La acogida que recibimos de ellas fue muy especial. En todos los momentos compartidos hasta ahora, hemos visto la apertura de las generaciones mayores hacia las m\u00e1s j\u00f3venes. \u00a1Hemos visto en ellas la alegr\u00eda de reencontrarse con el nuevo fuego que ha ido naciendo poco a poco y al mismo tiempo compartir las incre\u00edbles experiencias que los a\u00f1os en la liga les han proporcionado!<\/p>\n<p>Llegamos a Lafs con el Centenario Internacional de la Rama y poco despu\u00e9s las Bodas de Oro &#8211; \u00a150 a\u00f1os de fundaci\u00f3n en Brasil! As\u00ed que est\u00e1bamos bebiendo de la historia &#8211; Nota: Digo llegado en plural porque no s\u00f3lo fui yo, sino tambi\u00e9n otras &#8216; Sempre Jufens&#8217; que pasaron por este cambio conmigo.<\/p>\n<h3>Los desaf\u00edos<\/h3>\n<p>Creo que el mayor desaf\u00edo fue entender este nuevo lugar en Schoenstatt, absorber y comprender la belleza del ideal del &#8216;Tabern\u00e1culo Viviente&#8217;. En realidad, no se trata de \u00abgirar una llave en la cabeza\u00bb y borrar el ideal de \u00ab\u00a1Lirio del Padre, Tabor para el mundo! Pero, es entender que en esta nueva etapa de la vida estamos llamados a una nueva misi\u00f3n.<\/p>\n<p>Otro desaf\u00edo es que, como j\u00f3venes, estamos acostumbradas a ser reconocidas por toda la Familia de Schoenstatt, etc. Ahora bien, cuando hablamos de lafs (Liga de Mujeres), no siempre nos conocen y reconocen o saben de nuestra rama. Esto no es una realidad en todos los lugares, pero esto fue un poco de lo que pasamos. Tambi\u00e9n es una buena oportunidad para contar qui\u00e9nes somos, desmitificar algunas cosas y explicar que s\u00ed, que existe la Juventud Lafs, que s\u00ed, que los que est\u00e1n en Lafs se pueden casar, entre tantos mitos que escuchamos a menudo.<\/p>\n<h3>Estar abierto a lo nuevo<\/h3>\n<p>Como todos los \u00abprincipiantes\u00bb, en este camino de transici\u00f3n tambi\u00e9n nos hemos propuesto ir despacio. Actualmente, estoy en un grupo formado \u00fanicamente por j\u00f3venes que pertenec\u00edan a Jufem. A mediados de a\u00f1o juntas conquistamos la camiseta de Lafs, aprendiendo sobre el ideal, el s\u00edmbolo, y s\u00f3lo ahora vamos a renovar nuestra Alianza de Amor con el ideal del Tabern\u00e1culo Vivo.<\/p>\n<p>Creo que lo m\u00e1s importante en este proceso de transici\u00f3n a otro rama es estar abierto a lo nuevo, dar a la gente la oportunidad de conocerse sin prejuicios y encontrar su espacio. La juventud es una fase de nuestra vida, pero no es la final. Una vez me pidieron que grabara un video explicando a Lafs y empec\u00e9 con la frase: &#8216;Hay vida en Schoenstatt despu\u00e9s de Jufem&#8217;. Creo que esta afirmaci\u00f3n sigue siendo muy v\u00e1lida. Cada uno debe conocerlo y tratar de encontrar su espacio\u00bb.<br \/>\n<img decoding=\"async\" class=\"aligncenter wp-image-26554 size-full\" src=\"https:\/\/schoenstatt.com\/wp-content\/uploads\/2022\/09\/unnamed-1-1.jpg\" alt=\"\" width=\"481\" height=\"512\" \/><\/p>\n<h3>De la Juventud Masculina (Jumas)\u00a0 a la Liga masculina<\/h3>\n<p>Y para los chicos, esta transici\u00f3n puede ser m\u00e1s dif\u00edcil. En muchas regiones todav\u00eda no existe una liga de hombres, como nos cuenta Ariel Stival, que hoy est\u00e1 involucrado en la fundaci\u00f3n de la Liga de Hombres de Schoenstatt en Frederico Westphalen\/RS:<\/p>\n<p>\u00abNo es f\u00e1cil llegar a un momento de la vida y abandonar la Jumas. Los ideales de la juventud se viven de una manera muy fuerte, y para m\u00ed especialmente, la Jumas fue un parteaguas. Pero llega un momento en nuestra vida en el que los anhelos de la juventud ya no tienen cabida. Ya estamos pensando en nuestra vida profesional, en formar una familia y echamos de menos estos aspectos en nuestro camino. Es en este momento cuando el fuego de Jumas empieza a ser peque\u00f1o.<\/p>\n<p>Pero al contrario de lo que muchos piensan, no es necesario abandonar Schoenstatt, ingresar en la comunidad de hermanos o casarse para tener la oportunidad de elegir una de las ramas de la obra de las familias. La opci\u00f3n para estos j\u00f3venes, que ya no encajan en las Jumas, es la Liga Masculina.<\/p>\n<p>S\u00ed, la transici\u00f3n es dif\u00edcil, y en mi caso lo fue a\u00fan m\u00e1s, porque aqu\u00ed, en Frederico Westphalen, no exist\u00eda esta rama, y tuve que fundarla. Sigue en proceso de fundaci\u00f3n y apenas da sus primeros pasos. Sin embargo, ya siento que encajo en los ideales de los hombres.<\/p>\n<h3>Vivir en la pr\u00e1ctica profesional lo aprendido en la Juventud Masculina<\/h3>\n<p>La Liga de los Hombres nos presenta a la presencia de Mar\u00eda en la nueva sociedad. \u00bfC\u00f3mo ser los hombres nuevos, que tanto predica la JM, dentro de nuestra realidad social, en nuestras obras? Lo que en la Juventud Masculina se aplicaba a la vida escolar y dentro del grupo, ahora avanza a nuevas fronteras para ser verdaderos schoenstattianos en la sociedad en general. Esto me encant\u00f3, porque veo en estos ideales un gran desaf\u00edo. No es f\u00e1cil, pero tenemos los medios para lograr estos aspectos en nuestra vida.<\/p>\n<p>Estoy muy agradecido a la Juventud Masculina de Schoenstatt. Pero, hoy me siento realizado siendo miembro de la Liga Apost\u00f3lica de los Hombres\u00bb.<\/p>\n<h3>Liga de Hombres de Schoenstatt<\/h3>\n<p>La Liga Apost\u00f3lica Masculina de Schoenstatt tiene la misma aspiraci\u00f3n que la Juventud Masculina: formar nuevos hombres, educados por Mar\u00eda, que sean \u00abel Rostro Visible del Padre\u00bb aqu\u00ed en la tierra. Pero con un enfoque especial en el \u00e1rea profesional: en sus entornos de trabajo, con sus colegas y superiores.<\/p>\n<p>En resumen, los miembros est\u00e1n llamados a vivir la santidad de la vida diaria a trav\u00e9s de la Alianza de Amor con la Madre y Reina y la vinculaci\u00f3n al Santuario. De este modo, colaboran en la misi\u00f3n de Mar\u00eda de llevar a Cristo al mundo, con el objetivo de formar aut\u00e9nticas identidades masculinas con una postura de hijo ante Dios y de padre ante los hombres.<\/p>\n<h3><img decoding=\"async\" class=\"aligncenter wp-image-26558 size-full\" src=\"https:\/\/schoenstatt.com\/wp-content\/uploads\/2022\/09\/unnamed-2-1.jpg\" alt=\"\" width=\"332\" height=\"255\" \/><br \/>\nLiga Feminina de Schoenstatt<\/h3>\n<p>La Liga Apost\u00f3lica Femenina de Schoenstatt est\u00e1 formada por mujeres de coraz\u00f3n joven, profesionales insertadas y activas en la sociedad.<br \/>\nSellamos una <a href=\"https:\/\/schoenstattdev.wpenginepowered.com\/es\/espiritualidad\/alianza-de-amor-cual-es-el-misterio-de-schoenstatt\/\">Alianza de Amor<\/a> con la Madre Tres Veces Admirable, Reina y Victoriosa de Schoenstatt y descubrimos en ella a la Mujer por excelencia, la Bendita entre las Mujeres y la tenemos como nuestra Educadora.<\/p>\n<h3>Conclusi\u00f3n:<\/h3>\n<p>La entrada en la edad adulta implica una negociaci\u00f3n entre la dependencia y la autonom\u00eda. Dentro de un contexto sociocultural m\u00e1s amplio, los procesos que impregnan la transici\u00f3n de la juventud a la edad adulta hoy en d\u00eda son bastante complejos. Pero, en Schoenstatt es posible obtener ayuda para esto.<\/p>\n<p>Si eres miembro de la Juventud Masculina o de la Juventud Femenina y quieres integrarte en la sociedad, busca las ramas de adultos -la Liga Apost\u00f3lica Femenina y la Liga Apost\u00f3lica Masculina-, ya que este proceso te ayudar\u00e1 sin duda en tu trayectoria social.<\/p>\n<p>Fuente: <a href=\"https:\/\/schoenstatt.org.br\/\">Schoenstatt Brasil\u00a0<\/a><\/p>\n","protected":false},"excerpt":{"rendered":"<p> \u201cQueremos ofrecer un apoyo activo y un acompa\u00f1amiento atento a los j\u00f3venes para hacer posible la transicion org\u00e1nica de los j\u00f3venes a otras ramas o comunidades de Schoenstatt\u201d<\/p>\n<p>(Carta Fraterna \u2013 Congreso de Pentecostes 2022)<\/p>\n","protected":false},"author":3,"featured_media":26547,"comment_status":"closed","ping_status":"closed","sticky":false,"template":"","format":"standard","meta":{"footnotes":""},"categories":[909,923],"tags":[],"class_list":["post-50973","post","type-post","status-publish","format-standard","has-post-thumbnail","hentry","category-comunidades-de-schoenstatt-es","category-juventud-es"],"yoast_head":"<!-- This site is optimized with the Yoast SEO Premium plugin v27.4 (Yoast SEO v27.4) - https:\/\/yoast.com\/product\/yoast-seo-premium-wordpress\/ -->\n<title>Hay vida en Schoenstatt despu\u00e9s de la Juventud Femenina y Masculina<\/title>\n<meta name=\"description\" content=\"Queremos ofrecer un apoyo atento a los j\u00f3venes para hacer posible la transici\u00f3n de los j\u00f3venes a otras ramas o comunidades de Schoenstatt\" \/>\n<meta name=\"robots\" content=\"index, follow, max-snippet:-1, max-image-preview:large, max-video-preview:-1\" \/>\n<link rel=\"canonical\" href=\"https:\/\/schoenstatt.com\/es\/hay-vida-en-schoenstatt-despues-de-las-ramas-de-la-juventud-femenina-y-masculina\/\" \/>\n<meta property=\"og:locale\" content=\"es_ES\" \/>\n<meta property=\"og:type\" content=\"article\" \/>\n<meta property=\"og:title\" content=\"Hay vida en Schoenstatt despu\u00e9s de las Ramas de la Juventud Femenina y Masculina\" \/>\n<meta property=\"og:description\" content=\"Queremos ofrecer un apoyo atento a los j\u00f3venes para hacer posible la transici\u00f3n de los j\u00f3venes a otras ramas o comunidades de Schoenstatt\" \/>\n<meta property=\"og:url\" content=\"https:\/\/schoenstatt.com\/es\/hay-vida-en-schoenstatt-despues-de-las-ramas-de-la-juventud-femenina-y-masculina\/\" \/>\n<meta property=\"og:site_name\" content=\"Schoenstatt\" \/>\n<meta property=\"article:published_time\" content=\"2022-09-01T15:29:15+00:00\" \/>\n<meta property=\"article:modified_time\" content=\"2025-05-15T16:09:42+00:00\" \/>\n<meta property=\"og:image\" content=\"https:\/\/schoenstatt.com\/wp-content\/uploads\/2022\/09\/unnamed-3.jpg\" \/>\n\t<meta property=\"og:image:width\" content=\"499\" \/>\n\t<meta property=\"og:image:height\" content=\"512\" \/>\n\t<meta property=\"og:image:type\" content=\"image\/jpeg\" \/>\n<meta name=\"author\" content=\"Karen Bueno\" \/>\n<meta name=\"twitter:card\" content=\"summary_large_image\" \/>\n<meta name=\"twitter:label1\" content=\"Escrito por\" \/>\n\t<meta name=\"twitter:data1\" content=\"Karen Bueno\" \/>\n\t<meta name=\"twitter:label2\" content=\"Tiempo de lectura\" \/>\n\t<meta name=\"twitter:data2\" content=\"7 minutos\" \/>\n<script type=\"application\/ld+json\" class=\"yoast-schema-graph\">{\"@context\":\"https:\\\/\\\/schema.org\",\"@graph\":[{\"@type\":\"Article\",\"@id\":\"https:\\\/\\\/schoenstatt.com\\\/es\\\/hay-vida-en-schoenstatt-despues-de-las-ramas-de-la-juventud-femenina-y-masculina\\\/#article\",\"isPartOf\":{\"@id\":\"https:\\\/\\\/schoenstatt.com\\\/es\\\/hay-vida-en-schoenstatt-despues-de-las-ramas-de-la-juventud-femenina-y-masculina\\\/\"},\"author\":{\"name\":\"Karen Bueno\",\"@id\":\"https:\\\/\\\/schoenstatt.com\\\/es\\\/#\\\/schema\\\/person\\\/5158877ad4acae98b34daaeef2a1ce6e\"},\"headline\":\"Hay vida en Schoenstatt despu\u00e9s de las Ramas de la Juventud Femenina y Masculina\",\"datePublished\":\"2022-09-01T15:29:15+00:00\",\"dateModified\":\"2025-05-15T16:09:42+00:00\",\"mainEntityOfPage\":{\"@id\":\"https:\\\/\\\/schoenstatt.com\\\/es\\\/hay-vida-en-schoenstatt-despues-de-las-ramas-de-la-juventud-femenina-y-masculina\\\/\"},\"wordCount\":1468,\"publisher\":{\"@id\":\"https:\\\/\\\/schoenstatt.com\\\/es\\\/#organization\"},\"image\":{\"@id\":\"https:\\\/\\\/schoenstatt.com\\\/es\\\/hay-vida-en-schoenstatt-despues-de-las-ramas-de-la-juventud-femenina-y-masculina\\\/#primaryimage\"},\"thumbnailUrl\":\"https:\\\/\\\/schoenstatt.com\\\/wp-content\\\/uploads\\\/2022\\\/09\\\/unnamed-3.jpg\",\"articleSection\":[\"Comunidades de Schoenstatt\",\"Juventud\"],\"inLanguage\":\"es\"},{\"@type\":\"WebPage\",\"@id\":\"https:\\\/\\\/schoenstatt.com\\\/es\\\/hay-vida-en-schoenstatt-despues-de-las-ramas-de-la-juventud-femenina-y-masculina\\\/\",\"url\":\"https:\\\/\\\/schoenstatt.com\\\/es\\\/hay-vida-en-schoenstatt-despues-de-las-ramas-de-la-juventud-femenina-y-masculina\\\/\",\"name\":\"Hay vida en Schoenstatt despu\u00e9s de la Juventud Femenina y Masculina\",\"isPartOf\":{\"@id\":\"https:\\\/\\\/schoenstatt.com\\\/es\\\/#website\"},\"primaryImageOfPage\":{\"@id\":\"https:\\\/\\\/schoenstatt.com\\\/es\\\/hay-vida-en-schoenstatt-despues-de-las-ramas-de-la-juventud-femenina-y-masculina\\\/#primaryimage\"},\"image\":{\"@id\":\"https:\\\/\\\/schoenstatt.com\\\/es\\\/hay-vida-en-schoenstatt-despues-de-las-ramas-de-la-juventud-femenina-y-masculina\\\/#primaryimage\"},\"thumbnailUrl\":\"https:\\\/\\\/schoenstatt.com\\\/wp-content\\\/uploads\\\/2022\\\/09\\\/unnamed-3.jpg\",\"datePublished\":\"2022-09-01T15:29:15+00:00\",\"dateModified\":\"2025-05-15T16:09:42+00:00\",\"description\":\"Queremos ofrecer un apoyo atento a los j\u00f3venes para hacer posible la transici\u00f3n de los j\u00f3venes a otras ramas o comunidades de Schoenstatt\",\"breadcrumb\":{\"@id\":\"https:\\\/\\\/schoenstatt.com\\\/es\\\/hay-vida-en-schoenstatt-despues-de-las-ramas-de-la-juventud-femenina-y-masculina\\\/#breadcrumb\"},\"inLanguage\":\"es\",\"potentialAction\":[{\"@type\":\"ReadAction\",\"target\":[\"https:\\\/\\\/schoenstatt.com\\\/es\\\/hay-vida-en-schoenstatt-despues-de-las-ramas-de-la-juventud-femenina-y-masculina\\\/\"]}]},{\"@type\":\"ImageObject\",\"inLanguage\":\"es\",\"@id\":\"https:\\\/\\\/schoenstatt.com\\\/es\\\/hay-vida-en-schoenstatt-despues-de-las-ramas-de-la-juventud-femenina-y-masculina\\\/#primaryimage\",\"url\":\"https:\\\/\\\/schoenstatt.com\\\/wp-content\\\/uploads\\\/2022\\\/09\\\/unnamed-3.jpg\",\"contentUrl\":\"https:\\\/\\\/schoenstatt.com\\\/wp-content\\\/uploads\\\/2022\\\/09\\\/unnamed-3.jpg\",\"width\":499,\"height\":512,\"caption\":\"Juventude\"},{\"@type\":\"BreadcrumbList\",\"@id\":\"https:\\\/\\\/schoenstatt.com\\\/es\\\/hay-vida-en-schoenstatt-despues-de-las-ramas-de-la-juventud-femenina-y-masculina\\\/#breadcrumb\",\"itemListElement\":[{\"@type\":\"ListItem\",\"position\":1,\"name\":\"Portada\",\"item\":\"https:\\\/\\\/schoenstatt.com\\\/es\\\/home\\\/\"},{\"@type\":\"ListItem\",\"position\":2,\"name\":\"Hay vida en Schoenstatt despu\u00e9s de las Ramas de la Juventud Femenina y Masculina\"}]},{\"@type\":\"WebSite\",\"@id\":\"https:\\\/\\\/schoenstatt.com\\\/es\\\/#website\",\"url\":\"https:\\\/\\\/schoenstatt.com\\\/es\\\/\",\"name\":\"Schoenstatt\",\"description\":\"Apostolic Movement\",\"publisher\":{\"@id\":\"https:\\\/\\\/schoenstatt.com\\\/es\\\/#organization\"},\"potentialAction\":[{\"@type\":\"SearchAction\",\"target\":{\"@type\":\"EntryPoint\",\"urlTemplate\":\"https:\\\/\\\/schoenstatt.com\\\/es\\\/?s={search_term_string}\"},\"query-input\":{\"@type\":\"PropertyValueSpecification\",\"valueRequired\":true,\"valueName\":\"search_term_string\"}}],\"inLanguage\":\"es\"},{\"@type\":\"Organization\",\"@id\":\"https:\\\/\\\/schoenstatt.com\\\/es\\\/#organization\",\"name\":\"Schoenstatt\",\"url\":\"https:\\\/\\\/schoenstatt.com\\\/es\\\/\",\"logo\":{\"@type\":\"ImageObject\",\"inLanguage\":\"es\",\"@id\":\"https:\\\/\\\/schoenstatt.com\\\/es\\\/#\\\/schema\\\/logo\\\/image\\\/\",\"url\":\"https:\\\/\\\/schoenstatt.com\\\/wp-content\\\/uploads\\\/2025\\\/04\\\/logo-schoenstatt-white-696x696-1.png\",\"contentUrl\":\"https:\\\/\\\/schoenstatt.com\\\/wp-content\\\/uploads\\\/2025\\\/04\\\/logo-schoenstatt-white-696x696-1.png\",\"width\":696,\"height\":694,\"caption\":\"Schoenstatt\"},\"image\":{\"@id\":\"https:\\\/\\\/schoenstatt.com\\\/es\\\/#\\\/schema\\\/logo\\\/image\\\/\"}},{\"@type\":\"Person\",\"@id\":\"https:\\\/\\\/schoenstatt.com\\\/es\\\/#\\\/schema\\\/person\\\/5158877ad4acae98b34daaeef2a1ce6e\",\"name\":\"Karen Bueno\",\"image\":{\"@type\":\"ImageObject\",\"inLanguage\":\"es\",\"@id\":\"https:\\\/\\\/secure.gravatar.com\\\/avatar\\\/f9f4b823873154269d2b2130f195f6d41037dd0d7fc5f3cacb5c846bae70d66b?s=96&d=mm&r=g\",\"url\":\"https:\\\/\\\/secure.gravatar.com\\\/avatar\\\/f9f4b823873154269d2b2130f195f6d41037dd0d7fc5f3cacb5c846bae70d66b?s=96&d=mm&r=g\",\"contentUrl\":\"https:\\\/\\\/secure.gravatar.com\\\/avatar\\\/f9f4b823873154269d2b2130f195f6d41037dd0d7fc5f3cacb5c846bae70d66b?s=96&d=mm&r=g\",\"caption\":\"Karen Bueno\"},\"url\":\"https:\\\/\\\/schoenstatt.com\\\/es\\\/author\\\/karen-bueno\\\/\"}]}<\/script>\n<!-- \/ Yoast SEO Premium plugin. -->","yoast_head_json":{"title":"Hay vida en Schoenstatt despu\u00e9s de la Juventud Femenina y Masculina","description":"Queremos ofrecer un apoyo atento a los j\u00f3venes para hacer posible la transici\u00f3n de los j\u00f3venes a otras ramas o comunidades de Schoenstatt","robots":{"index":"index","follow":"follow","max-snippet":"max-snippet:-1","max-image-preview":"max-image-preview:large","max-video-preview":"max-video-preview:-1"},"canonical":"https:\/\/schoenstatt.com\/es\/hay-vida-en-schoenstatt-despues-de-las-ramas-de-la-juventud-femenina-y-masculina\/","og_locale":"es_ES","og_type":"article","og_title":"Hay vida en Schoenstatt despu\u00e9s de las Ramas de la Juventud Femenina y Masculina","og_description":"Queremos ofrecer un apoyo atento a los j\u00f3venes para hacer posible la transici\u00f3n de los j\u00f3venes a otras ramas o comunidades de Schoenstatt","og_url":"https:\/\/schoenstatt.com\/es\/hay-vida-en-schoenstatt-despues-de-las-ramas-de-la-juventud-femenina-y-masculina\/","og_site_name":"Schoenstatt","article_published_time":"2022-09-01T15:29:15+00:00","article_modified_time":"2025-05-15T16:09:42+00:00","og_image":[{"width":499,"height":512,"url":"https:\/\/schoenstatt.com\/wp-content\/uploads\/2022\/09\/unnamed-3.jpg","type":"image\/jpeg"}],"author":"Karen Bueno","twitter_card":"summary_large_image","twitter_misc":{"Escrito por":"Karen Bueno","Tiempo de lectura":"7 minutos"},"schema":{"@context":"https:\/\/schema.org","@graph":[{"@type":"Article","@id":"https:\/\/schoenstatt.com\/es\/hay-vida-en-schoenstatt-despues-de-las-ramas-de-la-juventud-femenina-y-masculina\/#article","isPartOf":{"@id":"https:\/\/schoenstatt.com\/es\/hay-vida-en-schoenstatt-despues-de-las-ramas-de-la-juventud-femenina-y-masculina\/"},"author":{"name":"Karen Bueno","@id":"https:\/\/schoenstatt.com\/es\/#\/schema\/person\/5158877ad4acae98b34daaeef2a1ce6e"},"headline":"Hay vida en Schoenstatt despu\u00e9s de las Ramas de la Juventud Femenina y Masculina","datePublished":"2022-09-01T15:29:15+00:00","dateModified":"2025-05-15T16:09:42+00:00","mainEntityOfPage":{"@id":"https:\/\/schoenstatt.com\/es\/hay-vida-en-schoenstatt-despues-de-las-ramas-de-la-juventud-femenina-y-masculina\/"},"wordCount":1468,"publisher":{"@id":"https:\/\/schoenstatt.com\/es\/#organization"},"image":{"@id":"https:\/\/schoenstatt.com\/es\/hay-vida-en-schoenstatt-despues-de-las-ramas-de-la-juventud-femenina-y-masculina\/#primaryimage"},"thumbnailUrl":"https:\/\/schoenstatt.com\/wp-content\/uploads\/2022\/09\/unnamed-3.jpg","articleSection":["Comunidades de Schoenstatt","Juventud"],"inLanguage":"es"},{"@type":"WebPage","@id":"https:\/\/schoenstatt.com\/es\/hay-vida-en-schoenstatt-despues-de-las-ramas-de-la-juventud-femenina-y-masculina\/","url":"https:\/\/schoenstatt.com\/es\/hay-vida-en-schoenstatt-despues-de-las-ramas-de-la-juventud-femenina-y-masculina\/","name":"Hay vida en Schoenstatt despu\u00e9s de la Juventud Femenina y Masculina","isPartOf":{"@id":"https:\/\/schoenstatt.com\/es\/#website"},"primaryImageOfPage":{"@id":"https:\/\/schoenstatt.com\/es\/hay-vida-en-schoenstatt-despues-de-las-ramas-de-la-juventud-femenina-y-masculina\/#primaryimage"},"image":{"@id":"https:\/\/schoenstatt.com\/es\/hay-vida-en-schoenstatt-despues-de-las-ramas-de-la-juventud-femenina-y-masculina\/#primaryimage"},"thumbnailUrl":"https:\/\/schoenstatt.com\/wp-content\/uploads\/2022\/09\/unnamed-3.jpg","datePublished":"2022-09-01T15:29:15+00:00","dateModified":"2025-05-15T16:09:42+00:00","description":"Queremos ofrecer un apoyo atento a los j\u00f3venes para hacer posible la transici\u00f3n de los j\u00f3venes a otras ramas o comunidades de Schoenstatt","breadcrumb":{"@id":"https:\/\/schoenstatt.com\/es\/hay-vida-en-schoenstatt-despues-de-las-ramas-de-la-juventud-femenina-y-masculina\/#breadcrumb"},"inLanguage":"es","potentialAction":[{"@type":"ReadAction","target":["https:\/\/schoenstatt.com\/es\/hay-vida-en-schoenstatt-despues-de-las-ramas-de-la-juventud-femenina-y-masculina\/"]}]},{"@type":"ImageObject","inLanguage":"es","@id":"https:\/\/schoenstatt.com\/es\/hay-vida-en-schoenstatt-despues-de-las-ramas-de-la-juventud-femenina-y-masculina\/#primaryimage","url":"https:\/\/schoenstatt.com\/wp-content\/uploads\/2022\/09\/unnamed-3.jpg","contentUrl":"https:\/\/schoenstatt.com\/wp-content\/uploads\/2022\/09\/unnamed-3.jpg","width":499,"height":512,"caption":"Juventude"},{"@type":"BreadcrumbList","@id":"https:\/\/schoenstatt.com\/es\/hay-vida-en-schoenstatt-despues-de-las-ramas-de-la-juventud-femenina-y-masculina\/#breadcrumb","itemListElement":[{"@type":"ListItem","position":1,"name":"Portada","item":"https:\/\/schoenstatt.com\/es\/home\/"},{"@type":"ListItem","position":2,"name":"Hay vida en Schoenstatt despu\u00e9s de las Ramas de la Juventud Femenina y Masculina"}]},{"@type":"WebSite","@id":"https:\/\/schoenstatt.com\/es\/#website","url":"https:\/\/schoenstatt.com\/es\/","name":"Schoenstatt","description":"Apostolic Movement","publisher":{"@id":"https:\/\/schoenstatt.com\/es\/#organization"},"potentialAction":[{"@type":"SearchAction","target":{"@type":"EntryPoint","urlTemplate":"https:\/\/schoenstatt.com\/es\/?s={search_term_string}"},"query-input":{"@type":"PropertyValueSpecification","valueRequired":true,"valueName":"search_term_string"}}],"inLanguage":"es"},{"@type":"Organization","@id":"https:\/\/schoenstatt.com\/es\/#organization","name":"Schoenstatt","url":"https:\/\/schoenstatt.com\/es\/","logo":{"@type":"ImageObject","inLanguage":"es","@id":"https:\/\/schoenstatt.com\/es\/#\/schema\/logo\/image\/","url":"https:\/\/schoenstatt.com\/wp-content\/uploads\/2025\/04\/logo-schoenstatt-white-696x696-1.png","contentUrl":"https:\/\/schoenstatt.com\/wp-content\/uploads\/2025\/04\/logo-schoenstatt-white-696x696-1.png","width":696,"height":694,"caption":"Schoenstatt"},"image":{"@id":"https:\/\/schoenstatt.com\/es\/#\/schema\/logo\/image\/"}},{"@type":"Person","@id":"https:\/\/schoenstatt.com\/es\/#\/schema\/person\/5158877ad4acae98b34daaeef2a1ce6e","name":"Karen Bueno","image":{"@type":"ImageObject","inLanguage":"es","@id":"https:\/\/secure.gravatar.com\/avatar\/f9f4b823873154269d2b2130f195f6d41037dd0d7fc5f3cacb5c846bae70d66b?s=96&d=mm&r=g","url":"https:\/\/secure.gravatar.com\/avatar\/f9f4b823873154269d2b2130f195f6d41037dd0d7fc5f3cacb5c846bae70d66b?s=96&d=mm&r=g","contentUrl":"https:\/\/secure.gravatar.com\/avatar\/f9f4b823873154269d2b2130f195f6d41037dd0d7fc5f3cacb5c846bae70d66b?s=96&d=mm&r=g","caption":"Karen Bueno"},"url":"https:\/\/schoenstatt.com\/es\/author\/karen-bueno\/"}]}},"_links":{"self":[{"href":"https:\/\/schoenstatt.com\/es\/wp-json\/wp\/v2\/posts\/50973","targetHints":{"allow":["GET"]}}],"collection":[{"href":"https:\/\/schoenstatt.com\/es\/wp-json\/wp\/v2\/posts"}],"about":[{"href":"https:\/\/schoenstatt.com\/es\/wp-json\/wp\/v2\/types\/post"}],"author":[{"embeddable":true,"href":"https:\/\/schoenstatt.com\/es\/wp-json\/wp\/v2\/users\/3"}],"replies":[{"embeddable":true,"href":"https:\/\/schoenstatt.com\/es\/wp-json\/wp\/v2\/comments?post=50973"}],"version-history":[{"count":1,"href":"https:\/\/schoenstatt.com\/es\/wp-json\/wp\/v2\/posts\/50973\/revisions"}],"predecessor-version":[{"id":51030,"href":"https:\/\/schoenstatt.com\/es\/wp-json\/wp\/v2\/posts\/50973\/revisions\/51030"}],"wp:featuredmedia":[{"embeddable":true,"href":"https:\/\/schoenstatt.com\/es\/wp-json\/wp\/v2\/media\/26547"}],"wp:attachment":[{"href":"https:\/\/schoenstatt.com\/es\/wp-json\/wp\/v2\/media?parent=50973"}],"wp:term":[{"taxonomy":"category","embeddable":true,"href":"https:\/\/schoenstatt.com\/es\/wp-json\/wp\/v2\/categories?post=50973"},{"taxonomy":"post_tag","embeddable":true,"href":"https:\/\/schoenstatt.com\/es\/wp-json\/wp\/v2\/tags?post=50973"}],"curies":[{"name":"wp","href":"https:\/\/api.w.org\/{rel}","templated":true}]}}