{"id":50539,"date":"2022-11-14T16:17:38","date_gmt":"2022-11-14T15:17:38","guid":{"rendered":"https:\/\/schoenstattdev.wpenginepowered.com\/?p=27824"},"modified":"2025-05-15T18:46:25","modified_gmt":"2025-05-15T16:46:25","slug":"jesus-se-muda-aqui","status":"publish","type":"post","link":"https:\/\/schoenstatt.com\/es\/jesus-se-muda-aqui\/","title":{"rendered":"Jes\u00fas se muda aqu\u00ed"},"content":{"rendered":"<h3>Primeros pasos en la pastoral de la ciudad<\/h3>\n<blockquote><p>\u00abEsta fue la primera vez en mi vida que habl\u00e9 con una monja\u00bb,<\/p><\/blockquote>\n<p>expresa una empleada de Welthungerhilfe, instituci\u00f3n alemana dedicada a luchar contra el hambre y la pobreza en el mundo. Se encontraba con su stand en la zona peatonal de Kempten, en <a href=\"https:\/\/www.wikiwand.com\/es\/Baviera\">Baviera<\/a>, desde hace una semana.<\/p>\n<p>Mi nuevo lugar de residencia es Schoenstatt auf&#8217;m Berg, (en espa\u00f1ol: Schoenstatt en la monta\u00f1a), cerca de Memh\u00f6lz, tambi\u00e9n en Bavaria, y mi comunidad me hace posible que vaya una o dos veces por semana a la ciudad, a la zona peatonal, a misionar.<\/p>\n<p>Muchos me reconocen como hermana o religiosa, muchos me saludan conscientemente \u201c\u00a1Hola!\u00bb, o \u201c\u00bfC\u00f3mo le va?\u201d Pero otros miran hacia otro lado, ignoran, pasan de largo. Pero estoy segura de que todos los que me ven en medio de la ciudad se acuerdan de pronto de Dios. Y esa es justamente la cuesti\u00f3n.<\/p>\n<h3>Pastoral de la ciudad: nada nuevo<\/h3>\n<p>Si bien la pastoral de la ciudad no es nada nuevo, no es algo cotidiano para nosotras las <a href=\"https:\/\/schoenstattdev.wpenginepowered.com\/es\/comunidades-de-schoenstatt\/el-capitulo-general-de-las-hermanas-de-maria-de-schoenstatt-ha-elegido-el-consejo-general\/\">Hermanas de Mar\u00eda<\/a> en Alemania.<\/p>\n<figure id=\"attachment_27802\" aria-describedby=\"caption-attachment-27802\" style=\"width: 768px\" class=\"wp-caption alignnone\"><img fetchpriority=\"high\" decoding=\"async\" class=\"wp-image-27802 size-large\" src=\"https:\/\/schoenstatt.com\/wp-content\/uploads\/2022\/11\/Web-IMG_3159-1-768x1024.jpg\" alt=\"\" width=\"768\" height=\"1024\" srcset=\"https:\/\/schoenstatt.com\/wp-content\/uploads\/2022\/11\/Web-IMG_3159-1-768x1024.jpg 768w, https:\/\/schoenstatt.com\/wp-content\/uploads\/2022\/11\/Web-IMG_3159-1-1152x1536.jpg 1152w, https:\/\/schoenstatt.com\/wp-content\/uploads\/2022\/11\/Web-IMG_3159-1.jpg 1350w\" sizes=\"(max-width: 768px) 100vw, 768px\" \/><figcaption id=\"caption-attachment-27802\" class=\"wp-caption-text\">\u00abJes\u00fas se muda aqu\u00ed\u00bb<\/figcaption><\/figure>\n<p>Durante los primeros intentos, a finales de abril, me concentr\u00e9 en los puntos de partida del trabajo pastoral en la ciudad. Kempten tiene 70.000 habitantes, y 2 kil\u00f3metros de zona peatonal.<\/p>\n<ul>\n<li>All\u00ed encuentro la cafeter\u00eda oficial del Citypastoral con su equipo,<\/li>\n<li>all\u00ed visito la pizarra de Caritas-Tafel, que est\u00e1 totalmente sobrecargada en este momento,<\/li>\n<li>Registro la bas\u00edlica al principio y en la iglesia protestante al final de la zona peatonal,<\/li>\n<li>La \u00abIglesia para todos\u00bb (muy al exterior) resulta ser un mero edificio residencial y de trabajo,<\/li>\n<li>Me encuentro con un escaparate de lo m\u00e1s original \u00abJes\u00fas se muda aqu\u00ed\u00bb, voy al primer piso, encuentro a j\u00f3venes simp\u00e1ticos y activos que acaban de renovar una sala para celebrar aqu\u00ed el culto, etc. (Freikirche -iglesia independiente del Estado-).<\/li>\n<\/ul>\n<h3>Citypastoral: \u00bfc\u00f3mo funciona la Iglesia en salida?<\/h3>\n<p><strong><img decoding=\"async\" class=\"alignnone size-large wp-image-27814\" src=\"https:\/\/schoenstatt.com\/wp-content\/uploads\/2022\/11\/Web-IMG_3236-1.jpg\" alt=\"Jesus Moves\" width=\"840\" height=\"630\" srcset=\"https:\/\/schoenstatt.com\/wp-content\/uploads\/2022\/11\/Web-IMG_3236-1.jpg 2400w, https:\/\/schoenstatt.com\/wp-content\/uploads\/2022\/11\/Web-IMG_3236-1-768x576.jpg 768w, https:\/\/schoenstatt.com\/wp-content\/uploads\/2022\/11\/Web-IMG_3236-1-1536x1152.jpg 1536w, https:\/\/schoenstatt.com\/wp-content\/uploads\/2022\/11\/Web-IMG_3236-1-2048x1536.jpg 2048w\" sizes=\"(max-width: 840px) 100vw, 840px\" \/><\/strong><\/p>\n<p><strong>Relato 1<\/strong><\/p>\n<p>En la plaza frente a la iglesia protestante, muchas personas disfrutan del sol. Miro a mi alrededor y estudio las dos vitrinas. Una joven sentada frente a ellas me hace sitio. Inmediatamente se desarrolla una conversaci\u00f3n, al principio algo trivial. Me pregunta si he le\u00eddo la frase (b\u00edblica) que hay a la entrada de la iglesia.\u00a0 \u00ab\u00a1S\u00ed!\u00bb \u00abT\u00fa tambi\u00e9n eres creyente.\u00bb Le comento lo que pienso de las par\u00e1bolas en la Biblia. Respondo positivamente, enumero algunas -pero ella se inclina por el Apocalipsis- y lo dejo as\u00ed.<\/p>\n<p>Habla de la profec\u00eda y de que el reino de Dios viene ahora y ya est\u00e1 presente entre nosotros. Se re\u00fane a menudo en grupo, el l\u00edder de su reuni\u00f3n fue elegido por Dios, no se eligi\u00f3 a s\u00ed mismo.<\/p>\n<p>Cuando le explico que estoy involucrada en la pastoral de la ciudad y que simplemente quiero hacer presente a Dios en la ciudad, me dice: \u00abS\u00ed, la Biblia dice: Nosotros tambi\u00e9n somos templos de Dios. As\u00ed podemos poner a la gente en contacto con Dios\u00bb. Me pide mi n\u00famero de tel\u00e9fono y le doy mi direcci\u00f3n de correo electr\u00f3nico.<\/p>\n<p><strong>Relato 2<\/strong><\/p>\n<p>En el D\u00eda de la Movilidad, dedicado a mejorar la circulaci\u00f3n de quienes usan sillas de rueda o bicicleta, hay mucho que hacer en la ciudad. Me encuentro con un puesto de bicicletas con cuadros de madera, \u00a1muy poco habitual! As\u00ed que entablo una conversaci\u00f3n con la mujer que est\u00e1 all\u00ed. Dice que el fabricante es una persona muy creativa. En este momento, dirijo la conversaci\u00f3n hacia los carismas, los talentos, etc. La Sra. X. me cuenta algo sobre su familia -sobre su hijo y su hija- y que nunca oblig\u00f3 a sus hijos a hacer nada, ellos pod\u00edan elegir seg\u00fan su carisma. \u00ab\u00bfY cu\u00e1l es su regalo especial?\u00bb, pregunto. Por el momento se siente abrumada, pero quiere pensar en ello.\u00a0 M\u00e1s adelante en la conversaci\u00f3n dice que cree que su sensibilidad es algo espec\u00edfico de su ser. Podr\u00eda utilizarlo para ayudar a su familia y a otras personas.<\/p>\n<p><strong>Relato 3<\/strong><\/p>\n<p>Cuando llego a la plaza del ayuntamiento, veo a un par de hombres sentados en las escaleras. De repente, uno de ellos me saluda amistosamente. Como tambi\u00e9n tienen botellas a su lado, no s\u00e9 realmente &#8211; si ahora deber\u00eda tratar con borrachos. Pero no, no es el caso. Me dice que acaban de terminar su trabajo (s\u00e1bado, a las 15:30). Me agradece la agradable conversaci\u00f3n del otro d\u00eda en la ciudad, cuando me hab\u00eda dado indicaciones sobre la ciudad. Le doy las gracias de nuevo y le explico que no sab\u00eda muy bien c\u00f3mo llegar y que me alegro mucho de que existan los navegadores por sat\u00e9lite y los GPS. &#8211; \u00ab\u00bfY qui\u00e9n es su navegador por sat\u00e9lite y su GPS? Ese es el Salvador, \u00bfno?\u00bb \u00abOh\u00bb, digo, \u00abs\u00ed, podr\u00eda ser cierto\u00bb.\u00a0 \u00abDebes estar muy cerca del Salvador, \u00a1yo no lo estoy!\u00bb \u00ab\u00a1No puedo creerlo!\u00bb \u00ab\u00a1S\u00ed, soy demasiado descarado!\u00bb \u00abNo importa, no tienes que ser buenito o perfecto, \u00a1eso no es lo que importa al final.\u00bb<\/p>\n<h3>Una experiencia hermosa<\/h3>\n<p>Es maravilloso experimentar que la Mater va conmigo desde el santuario a la ciudad, y que puede trabajar de la misma manera desde el santuario del coraz\u00f3n.<\/p>\n<p>No pocas veces nuestro broche de la MTA es tambi\u00e9n un puente para esto. Muchas personas se fijan en \u00e9l y al menos lo reconocen como un signo religioso.<\/p>\n<p>Incluso m\u00e1s que antes, pasajes sorprendentes de nuestras oraciones diarias siguen viniendo a mis labios durante este apostolado:<\/p>\n<blockquote><p><em>\u00abSeamos ap\u00f3stoles de tu amor en medio del mundo\u00bb. &#8211; \u00abDeja que el mundo vea tu acci\u00f3n&#8230;\u00bb\u00a0 (Hacia el Padre)<\/em><\/p><\/blockquote>\n","protected":false},"excerpt":{"rendered":"<p>La hermana M. Monika M\u00e4rz, hermana de Mar\u00eda de Schoenstatt, nos cuenta sus primeros intentos de ministerio pastoral en una ciudad de Baviera. <\/p>\n","protected":false},"author":6,"featured_media":27818,"comment_status":"closed","ping_status":"closed","sticky":false,"template":"","format":"standard","meta":{"footnotes":""},"categories":[909,917,913],"tags":[],"class_list":["post-50539","post","type-post","status-publish","format-standard","has-post-thumbnail","hentry","category-comunidades-de-schoenstatt-es","category-espiritualidad-es","category-sociedad-es"],"yoast_head":"<!-- This site is optimized with the Yoast SEO Premium plugin v27.4 (Yoast SEO v27.4) - https:\/\/yoast.com\/product\/yoast-seo-premium-wordpress\/ -->\n<title>Jes\u00fas se muda aqu\u00ed - Schoenstatt<\/title>\n<meta name=\"description\" content=\"La hermana M. Monika M\u00e4rz, Hermana de Mar\u00eda de Schoenstatt, nos cuenta sus primeros intentos de ministerio pastoral en una ciudad de Baviera.\" \/>\n<meta name=\"robots\" content=\"index, follow, max-snippet:-1, max-image-preview:large, max-video-preview:-1\" \/>\n<link rel=\"canonical\" href=\"https:\/\/schoenstatt.com\/es\/jesus-se-muda-aqui\/\" \/>\n<meta property=\"og:locale\" content=\"es_ES\" \/>\n<meta property=\"og:type\" content=\"article\" \/>\n<meta property=\"og:title\" content=\"Jes\u00fas se muda aqu\u00ed\" \/>\n<meta property=\"og:description\" content=\"La hermana M. Monika M\u00e4rz, Hermana de Mar\u00eda de Schoenstatt, nos cuenta sus primeros intentos de ministerio pastoral en una ciudad de Baviera.\" \/>\n<meta property=\"og:url\" content=\"https:\/\/schoenstatt.com\/es\/jesus-se-muda-aqui\/\" \/>\n<meta property=\"og:site_name\" content=\"Schoenstatt\" \/>\n<meta property=\"article:published_time\" content=\"2022-11-14T15:17:38+00:00\" \/>\n<meta property=\"article:modified_time\" content=\"2025-05-15T16:46:25+00:00\" \/>\n<meta property=\"og:image\" content=\"https:\/\/schoenstatt.com\/wp-content\/uploads\/2022\/11\/Web-IMG_3242-1.jpg\" \/>\n\t<meta property=\"og:image:width\" content=\"2400\" \/>\n\t<meta property=\"og:image:height\" content=\"1800\" \/>\n\t<meta property=\"og:image:type\" content=\"image\/jpeg\" \/>\n<meta name=\"author\" content=\"Vanessa Franke\" \/>\n<meta name=\"twitter:card\" content=\"summary_large_image\" \/>\n<meta name=\"twitter:label1\" content=\"Escrito por\" \/>\n\t<meta name=\"twitter:data1\" content=\"Vanessa Franke\" \/>\n\t<meta name=\"twitter:label2\" content=\"Tiempo de lectura\" \/>\n\t<meta name=\"twitter:data2\" content=\"5 minutos\" \/>\n<script type=\"application\/ld+json\" class=\"yoast-schema-graph\">{\"@context\":\"https:\\\/\\\/schema.org\",\"@graph\":[{\"@type\":\"Article\",\"@id\":\"https:\\\/\\\/schoenstatt.com\\\/es\\\/jesus-se-muda-aqui\\\/#article\",\"isPartOf\":{\"@id\":\"https:\\\/\\\/schoenstatt.com\\\/es\\\/jesus-se-muda-aqui\\\/\"},\"author\":{\"name\":\"Vanessa Franke\",\"@id\":\"https:\\\/\\\/schoenstatt.com\\\/es\\\/#\\\/schema\\\/person\\\/ea97a60c723e21c923e2177f0f3163f7\"},\"headline\":\"Jes\u00fas se muda aqu\u00ed\",\"datePublished\":\"2022-11-14T15:17:38+00:00\",\"dateModified\":\"2025-05-15T16:46:25+00:00\",\"mainEntityOfPage\":{\"@id\":\"https:\\\/\\\/schoenstatt.com\\\/es\\\/jesus-se-muda-aqui\\\/\"},\"wordCount\":990,\"publisher\":{\"@id\":\"https:\\\/\\\/schoenstatt.com\\\/es\\\/#organization\"},\"image\":{\"@id\":\"https:\\\/\\\/schoenstatt.com\\\/es\\\/jesus-se-muda-aqui\\\/#primaryimage\"},\"thumbnailUrl\":\"https:\\\/\\\/schoenstatt.com\\\/wp-content\\\/uploads\\\/2022\\\/11\\\/Web-IMG_3242-1.jpg\",\"articleSection\":[\"Comunidades de Schoenstatt\",\"Espiritualidad\",\"Sociedad\"],\"inLanguage\":\"es\"},{\"@type\":\"WebPage\",\"@id\":\"https:\\\/\\\/schoenstatt.com\\\/es\\\/jesus-se-muda-aqui\\\/\",\"url\":\"https:\\\/\\\/schoenstatt.com\\\/es\\\/jesus-se-muda-aqui\\\/\",\"name\":\"Jes\u00fas se muda aqu\u00ed - Schoenstatt\",\"isPartOf\":{\"@id\":\"https:\\\/\\\/schoenstatt.com\\\/es\\\/#website\"},\"primaryImageOfPage\":{\"@id\":\"https:\\\/\\\/schoenstatt.com\\\/es\\\/jesus-se-muda-aqui\\\/#primaryimage\"},\"image\":{\"@id\":\"https:\\\/\\\/schoenstatt.com\\\/es\\\/jesus-se-muda-aqui\\\/#primaryimage\"},\"thumbnailUrl\":\"https:\\\/\\\/schoenstatt.com\\\/wp-content\\\/uploads\\\/2022\\\/11\\\/Web-IMG_3242-1.jpg\",\"datePublished\":\"2022-11-14T15:17:38+00:00\",\"dateModified\":\"2025-05-15T16:46:25+00:00\",\"description\":\"La hermana M. Monika M\u00e4rz, Hermana de Mar\u00eda de Schoenstatt, nos cuenta sus primeros intentos de ministerio pastoral en una ciudad de Baviera.\",\"breadcrumb\":{\"@id\":\"https:\\\/\\\/schoenstatt.com\\\/es\\\/jesus-se-muda-aqui\\\/#breadcrumb\"},\"inLanguage\":\"es\",\"potentialAction\":[{\"@type\":\"ReadAction\",\"target\":[\"https:\\\/\\\/schoenstatt.com\\\/es\\\/jesus-se-muda-aqui\\\/\"]}]},{\"@type\":\"ImageObject\",\"inLanguage\":\"es\",\"@id\":\"https:\\\/\\\/schoenstatt.com\\\/es\\\/jesus-se-muda-aqui\\\/#primaryimage\",\"url\":\"https:\\\/\\\/schoenstatt.com\\\/wp-content\\\/uploads\\\/2022\\\/11\\\/Web-IMG_3242-1.jpg\",\"contentUrl\":\"https:\\\/\\\/schoenstatt.com\\\/wp-content\\\/uploads\\\/2022\\\/11\\\/Web-IMG_3242-1.jpg\",\"width\":2400,\"height\":1800,\"caption\":\"Jesus Moves\"},{\"@type\":\"BreadcrumbList\",\"@id\":\"https:\\\/\\\/schoenstatt.com\\\/es\\\/jesus-se-muda-aqui\\\/#breadcrumb\",\"itemListElement\":[{\"@type\":\"ListItem\",\"position\":1,\"name\":\"Portada\",\"item\":\"https:\\\/\\\/schoenstatt.com\\\/es\\\/home\\\/\"},{\"@type\":\"ListItem\",\"position\":2,\"name\":\"Jes\u00fas se muda aqu\u00ed\"}]},{\"@type\":\"WebSite\",\"@id\":\"https:\\\/\\\/schoenstatt.com\\\/es\\\/#website\",\"url\":\"https:\\\/\\\/schoenstatt.com\\\/es\\\/\",\"name\":\"Schoenstatt\",\"description\":\"Apostolic Movement\",\"publisher\":{\"@id\":\"https:\\\/\\\/schoenstatt.com\\\/es\\\/#organization\"},\"potentialAction\":[{\"@type\":\"SearchAction\",\"target\":{\"@type\":\"EntryPoint\",\"urlTemplate\":\"https:\\\/\\\/schoenstatt.com\\\/es\\\/?s={search_term_string}\"},\"query-input\":{\"@type\":\"PropertyValueSpecification\",\"valueRequired\":true,\"valueName\":\"search_term_string\"}}],\"inLanguage\":\"es\"},{\"@type\":\"Organization\",\"@id\":\"https:\\\/\\\/schoenstatt.com\\\/es\\\/#organization\",\"name\":\"Schoenstatt\",\"url\":\"https:\\\/\\\/schoenstatt.com\\\/es\\\/\",\"logo\":{\"@type\":\"ImageObject\",\"inLanguage\":\"es\",\"@id\":\"https:\\\/\\\/schoenstatt.com\\\/es\\\/#\\\/schema\\\/logo\\\/image\\\/\",\"url\":\"https:\\\/\\\/schoenstatt.com\\\/wp-content\\\/uploads\\\/2025\\\/04\\\/logo-schoenstatt-white-696x696-1.png\",\"contentUrl\":\"https:\\\/\\\/schoenstatt.com\\\/wp-content\\\/uploads\\\/2025\\\/04\\\/logo-schoenstatt-white-696x696-1.png\",\"width\":696,\"height\":694,\"caption\":\"Schoenstatt\"},\"image\":{\"@id\":\"https:\\\/\\\/schoenstatt.com\\\/es\\\/#\\\/schema\\\/logo\\\/image\\\/\"}},{\"@type\":\"Person\",\"@id\":\"https:\\\/\\\/schoenstatt.com\\\/es\\\/#\\\/schema\\\/person\\\/ea97a60c723e21c923e2177f0f3163f7\",\"name\":\"Vanessa Franke\",\"image\":{\"@type\":\"ImageObject\",\"inLanguage\":\"es\",\"@id\":\"https:\\\/\\\/secure.gravatar.com\\\/avatar\\\/a9bcca3409928ccd3195eca11e2ccbb2e5d7c7912e9a945d4f326f81a0a5cb4a?s=96&d=mm&r=g\",\"url\":\"https:\\\/\\\/secure.gravatar.com\\\/avatar\\\/a9bcca3409928ccd3195eca11e2ccbb2e5d7c7912e9a945d4f326f81a0a5cb4a?s=96&d=mm&r=g\",\"contentUrl\":\"https:\\\/\\\/secure.gravatar.com\\\/avatar\\\/a9bcca3409928ccd3195eca11e2ccbb2e5d7c7912e9a945d4f326f81a0a5cb4a?s=96&d=mm&r=g\",\"caption\":\"Vanessa Franke\"},\"url\":\"https:\\\/\\\/schoenstatt.com\\\/es\\\/author\\\/vanessa-franke\\\/\"}]}<\/script>\n<!-- \/ Yoast SEO Premium plugin. -->","yoast_head_json":{"title":"Jes\u00fas se muda aqu\u00ed - Schoenstatt","description":"La hermana M. Monika M\u00e4rz, Hermana de Mar\u00eda de Schoenstatt, nos cuenta sus primeros intentos de ministerio pastoral en una ciudad de Baviera.","robots":{"index":"index","follow":"follow","max-snippet":"max-snippet:-1","max-image-preview":"max-image-preview:large","max-video-preview":"max-video-preview:-1"},"canonical":"https:\/\/schoenstatt.com\/es\/jesus-se-muda-aqui\/","og_locale":"es_ES","og_type":"article","og_title":"Jes\u00fas se muda aqu\u00ed","og_description":"La hermana M. Monika M\u00e4rz, Hermana de Mar\u00eda de Schoenstatt, nos cuenta sus primeros intentos de ministerio pastoral en una ciudad de Baviera.","og_url":"https:\/\/schoenstatt.com\/es\/jesus-se-muda-aqui\/","og_site_name":"Schoenstatt","article_published_time":"2022-11-14T15:17:38+00:00","article_modified_time":"2025-05-15T16:46:25+00:00","og_image":[{"width":2400,"height":1800,"url":"https:\/\/schoenstatt.com\/wp-content\/uploads\/2022\/11\/Web-IMG_3242-1.jpg","type":"image\/jpeg"}],"author":"Vanessa Franke","twitter_card":"summary_large_image","twitter_misc":{"Escrito por":"Vanessa Franke","Tiempo de lectura":"5 minutos"},"schema":{"@context":"https:\/\/schema.org","@graph":[{"@type":"Article","@id":"https:\/\/schoenstatt.com\/es\/jesus-se-muda-aqui\/#article","isPartOf":{"@id":"https:\/\/schoenstatt.com\/es\/jesus-se-muda-aqui\/"},"author":{"name":"Vanessa Franke","@id":"https:\/\/schoenstatt.com\/es\/#\/schema\/person\/ea97a60c723e21c923e2177f0f3163f7"},"headline":"Jes\u00fas se muda aqu\u00ed","datePublished":"2022-11-14T15:17:38+00:00","dateModified":"2025-05-15T16:46:25+00:00","mainEntityOfPage":{"@id":"https:\/\/schoenstatt.com\/es\/jesus-se-muda-aqui\/"},"wordCount":990,"publisher":{"@id":"https:\/\/schoenstatt.com\/es\/#organization"},"image":{"@id":"https:\/\/schoenstatt.com\/es\/jesus-se-muda-aqui\/#primaryimage"},"thumbnailUrl":"https:\/\/schoenstatt.com\/wp-content\/uploads\/2022\/11\/Web-IMG_3242-1.jpg","articleSection":["Comunidades de Schoenstatt","Espiritualidad","Sociedad"],"inLanguage":"es"},{"@type":"WebPage","@id":"https:\/\/schoenstatt.com\/es\/jesus-se-muda-aqui\/","url":"https:\/\/schoenstatt.com\/es\/jesus-se-muda-aqui\/","name":"Jes\u00fas se muda aqu\u00ed - Schoenstatt","isPartOf":{"@id":"https:\/\/schoenstatt.com\/es\/#website"},"primaryImageOfPage":{"@id":"https:\/\/schoenstatt.com\/es\/jesus-se-muda-aqui\/#primaryimage"},"image":{"@id":"https:\/\/schoenstatt.com\/es\/jesus-se-muda-aqui\/#primaryimage"},"thumbnailUrl":"https:\/\/schoenstatt.com\/wp-content\/uploads\/2022\/11\/Web-IMG_3242-1.jpg","datePublished":"2022-11-14T15:17:38+00:00","dateModified":"2025-05-15T16:46:25+00:00","description":"La hermana M. Monika M\u00e4rz, Hermana de Mar\u00eda de Schoenstatt, nos cuenta sus primeros intentos de ministerio pastoral en una ciudad de Baviera.","breadcrumb":{"@id":"https:\/\/schoenstatt.com\/es\/jesus-se-muda-aqui\/#breadcrumb"},"inLanguage":"es","potentialAction":[{"@type":"ReadAction","target":["https:\/\/schoenstatt.com\/es\/jesus-se-muda-aqui\/"]}]},{"@type":"ImageObject","inLanguage":"es","@id":"https:\/\/schoenstatt.com\/es\/jesus-se-muda-aqui\/#primaryimage","url":"https:\/\/schoenstatt.com\/wp-content\/uploads\/2022\/11\/Web-IMG_3242-1.jpg","contentUrl":"https:\/\/schoenstatt.com\/wp-content\/uploads\/2022\/11\/Web-IMG_3242-1.jpg","width":2400,"height":1800,"caption":"Jesus Moves"},{"@type":"BreadcrumbList","@id":"https:\/\/schoenstatt.com\/es\/jesus-se-muda-aqui\/#breadcrumb","itemListElement":[{"@type":"ListItem","position":1,"name":"Portada","item":"https:\/\/schoenstatt.com\/es\/home\/"},{"@type":"ListItem","position":2,"name":"Jes\u00fas se muda aqu\u00ed"}]},{"@type":"WebSite","@id":"https:\/\/schoenstatt.com\/es\/#website","url":"https:\/\/schoenstatt.com\/es\/","name":"Schoenstatt","description":"Apostolic Movement","publisher":{"@id":"https:\/\/schoenstatt.com\/es\/#organization"},"potentialAction":[{"@type":"SearchAction","target":{"@type":"EntryPoint","urlTemplate":"https:\/\/schoenstatt.com\/es\/?s={search_term_string}"},"query-input":{"@type":"PropertyValueSpecification","valueRequired":true,"valueName":"search_term_string"}}],"inLanguage":"es"},{"@type":"Organization","@id":"https:\/\/schoenstatt.com\/es\/#organization","name":"Schoenstatt","url":"https:\/\/schoenstatt.com\/es\/","logo":{"@type":"ImageObject","inLanguage":"es","@id":"https:\/\/schoenstatt.com\/es\/#\/schema\/logo\/image\/","url":"https:\/\/schoenstatt.com\/wp-content\/uploads\/2025\/04\/logo-schoenstatt-white-696x696-1.png","contentUrl":"https:\/\/schoenstatt.com\/wp-content\/uploads\/2025\/04\/logo-schoenstatt-white-696x696-1.png","width":696,"height":694,"caption":"Schoenstatt"},"image":{"@id":"https:\/\/schoenstatt.com\/es\/#\/schema\/logo\/image\/"}},{"@type":"Person","@id":"https:\/\/schoenstatt.com\/es\/#\/schema\/person\/ea97a60c723e21c923e2177f0f3163f7","name":"Vanessa Franke","image":{"@type":"ImageObject","inLanguage":"es","@id":"https:\/\/secure.gravatar.com\/avatar\/a9bcca3409928ccd3195eca11e2ccbb2e5d7c7912e9a945d4f326f81a0a5cb4a?s=96&d=mm&r=g","url":"https:\/\/secure.gravatar.com\/avatar\/a9bcca3409928ccd3195eca11e2ccbb2e5d7c7912e9a945d4f326f81a0a5cb4a?s=96&d=mm&r=g","contentUrl":"https:\/\/secure.gravatar.com\/avatar\/a9bcca3409928ccd3195eca11e2ccbb2e5d7c7912e9a945d4f326f81a0a5cb4a?s=96&d=mm&r=g","caption":"Vanessa Franke"},"url":"https:\/\/schoenstatt.com\/es\/author\/vanessa-franke\/"}]}},"_links":{"self":[{"href":"https:\/\/schoenstatt.com\/es\/wp-json\/wp\/v2\/posts\/50539","targetHints":{"allow":["GET"]}}],"collection":[{"href":"https:\/\/schoenstatt.com\/es\/wp-json\/wp\/v2\/posts"}],"about":[{"href":"https:\/\/schoenstatt.com\/es\/wp-json\/wp\/v2\/types\/post"}],"author":[{"embeddable":true,"href":"https:\/\/schoenstatt.com\/es\/wp-json\/wp\/v2\/users\/6"}],"replies":[{"embeddable":true,"href":"https:\/\/schoenstatt.com\/es\/wp-json\/wp\/v2\/comments?post=50539"}],"version-history":[{"count":2,"href":"https:\/\/schoenstatt.com\/es\/wp-json\/wp\/v2\/posts\/50539\/revisions"}],"predecessor-version":[{"id":54078,"href":"https:\/\/schoenstatt.com\/es\/wp-json\/wp\/v2\/posts\/50539\/revisions\/54078"}],"wp:featuredmedia":[{"embeddable":true,"href":"https:\/\/schoenstatt.com\/es\/wp-json\/wp\/v2\/media\/27818"}],"wp:attachment":[{"href":"https:\/\/schoenstatt.com\/es\/wp-json\/wp\/v2\/media?parent=50539"}],"wp:term":[{"taxonomy":"category","embeddable":true,"href":"https:\/\/schoenstatt.com\/es\/wp-json\/wp\/v2\/categories?post=50539"},{"taxonomy":"post_tag","embeddable":true,"href":"https:\/\/schoenstatt.com\/es\/wp-json\/wp\/v2\/tags?post=50539"}],"curies":[{"name":"wp","href":"https:\/\/api.w.org\/{rel}","templated":true}]}}