{"id":50537,"date":"2022-11-11T11:27:42","date_gmt":"2022-11-11T10:27:42","guid":{"rendered":"https:\/\/schoenstattdev.wpenginepowered.com\/?p=27795"},"modified":"2025-05-15T17:56:10","modified_gmt":"2025-05-15T15:56:10","slug":"conmemoracion-de-la-muerte-del-p-albert-eise-sac","status":"publish","type":"post","link":"https:\/\/schoenstatt.com\/es\/conmemoracion-de-la-muerte-del-p-albert-eise-sac\/","title":{"rendered":"Conmemoraci\u00f3n de la muerte del P. Albert Eise SAC"},"content":{"rendered":"<p>Al cumplirse 80 a\u00f1os del fallecimiento del P. Albert Eise en el <a href=\"https:\/\/www.kz-gedenkstaette-dachau.de\/es\/sitio-historico\/campo-de-concentracion-1933-1945\/\">campo de concentraci\u00f3n de Dachau<\/a>, peregrinos se reunieron en el campo para recordarlo por su entrega heroica, honrarlo, y acercarse a su misterio de entrega incondicional por Jes\u00fas y Mar\u00eda, y por la expansi\u00f3n de la misi\u00f3n del Movimiento de Schoenstatt.<\/p>\n<p>Tras un acto en el memorial del campo de concentraci\u00f3n de Dachau el 3 de septiembre, aniversario de la muerte del P. Albert Eise, el s\u00e1bado 5 de noviembre tuvo lugar un segundo evento a petici\u00f3n de personas interesadas. 15 personas de diferentes edades y nacionalidades -entre ellas varios schoenstattianos- acudieron a la visita del campo a pesar de la llovizna y el fr\u00edo.<\/p>\n<p>Quisieron rendir homenaje en torno al d\u00eda de su onom\u00e1stico al sacerdote que, por su compromiso con el Movimiento de Schoenstatt y por declararse p\u00fablicamente contra Hitler, hab\u00eda sido enviado al campo de concentraci\u00f3n de Dachau en 1941.<\/p>\n<p>Durante el recorrido por varias estaciones del Monumento Conmemorativo del campo de concentraci\u00f3n, los asistentes pudieron conocer un poco mejor a la personalidad de Albert Eise.<\/p>\n<figure id=\"attachment_27720\" aria-describedby=\"caption-attachment-27720\" style=\"width: 1024px\" class=\"wp-caption aligncenter\"><img fetchpriority=\"high\" decoding=\"async\" class=\"wp-image-27720 size-full\" src=\"https:\/\/schoenstatt.com\/wp-content\/uploads\/2022\/11\/Dachau-1-1.jpg\" alt=\"P. Eise\" width=\"1024\" height=\"768\" \/><figcaption id=\"caption-attachment-27720\" class=\"wp-caption-text\">Tablero de informaci\u00f3n- Foto Paffenzeller<\/figcaption><\/figure>\n<h3>Compromiso con Schoenstatt hasta el final<\/h3>\n<p>Ya de joven Albert se encendi\u00f3 por Schoenstatt. Perteneci\u00f3 a la generaci\u00f3n fundadora del joven Movimiento y m\u00e1s tarde, como Padre Pallottino, fue liberado para trabajar con el Movimiento de Schoenstatt. En 1931 el P. Kentenich le encomend\u00f3 la tarea de construir un movimiento familiar dentro de Schoenstatt. Al mismo tiempo, trabaj\u00f3 como misionero popular y en el Movimiento Estudiantil de Schoenstatt.<\/p>\n<p>Una conferencia que dio all\u00ed fue la ocasi\u00f3n para detenerlo, porque los nazis lo estaban espiando. Y all\u00ed sigui\u00f3 trabajando por Schoenstatt en el campo de concentraci\u00f3n de Dachau. Fue testigo de la fundaci\u00f3n del Instituto de las Familias y del Instituto de los Hermanos de Mar\u00eda, que el P. Kentenich llev\u00f3 a cabo en el campo de concentraci\u00f3n el 16 de julio.<\/p>\n<p>Albert Eise hab\u00eda erigido un peque\u00f1o altar sobre su pa\u00f1uelo blanco, camuflado tras sacos de paja, para la ceremonia de fundaci\u00f3n. No faltaron una foto de la MTA y velas. El Sant\u00edsimo Sacramento estaba en un peque\u00f1o recipiente. \u00c9l hab\u00eda organizado una sencilla celebraci\u00f3n espiritual. En cierto sentido, pudo cumplir con su misi\u00f3n de construir el movimiento familiar en el campo. La semilla, esparcida en circunstancias adversas en el campo de concentraci\u00f3n no pereci\u00f3. Hoy en d\u00eda, ambas comunidades se extienden a nivel internacional.<\/p>\n<figure id=\"attachment_27783\" aria-describedby=\"caption-attachment-27783\" style=\"width: 714px\" class=\"wp-caption aligncenter\"><img decoding=\"async\" class=\"wp-image-27783 size-full\" src=\"https:\/\/schoenstatt.com\/wp-content\/uploads\/2022\/11\/Pater-Eise-2-1.png\" alt=\"\" width=\"714\" height=\"470\" \/><figcaption id=\"caption-attachment-27783\" class=\"wp-caption-text\">Padre Eise &#8211; Google picture<\/figcaption><\/figure>\n<h3>Ofreci\u00f3 su vida para la expansi\u00f3n de la misi\u00f3n del Movimiento<\/h3>\n<p>Albert Eise no solo trabaj\u00f3 para Schoenstatt en el campo de concentraci\u00f3n, sino que ofreci\u00f3 su vida y su sufrimiento como prisionero para el crecimiento del Movimiento. El cielo lo tom\u00f3 en serio. Cay\u00f3 enfermo de tifus del hambre. Tras semanas de sufrimiento en las terribles condiciones de la enfermer\u00eda, muri\u00f3 miserablemente el 3 de septiembre de 1942. Gracias al Dr. Edi Pesendorfer, un Hermano de Mar\u00eda, pudo ser trasladado a una enfermer\u00eda un tanto mejor equipada. Pesendorfer era el enfermero jefe del departamento de cirug\u00eda y ten\u00eda una gran influencia. Adem\u00e1s, consigui\u00f3 que el padre Fischer, que tambi\u00e9n se encontraba en la enfermer\u00eda, pero ya en v\u00edas de recuperaci\u00f3n, administrara en secreto la unci\u00f3n de los enfermos al padre Eise.<\/p>\n<figure id=\"attachment_27787\" aria-describedby=\"caption-attachment-27787\" style=\"width: 682px\" class=\"wp-caption aligncenter\"><img decoding=\"async\" class=\"wp-image-27787 size-full\" src=\"https:\/\/schoenstatt.com\/wp-content\/uploads\/2022\/11\/Pater-Eise-Dachau-1.png\" alt=\"Albert Eise\" width=\"682\" height=\"348\" \/><figcaption id=\"caption-attachment-27787\" class=\"wp-caption-text\">Google picture<\/figcaption><\/figure>\n<h3>Un testimonio que es relevante hoy en d\u00eda<\/h3>\n<p>Los visitantes del campo coincidieron: el testimonio de Albert Eise es actual y puede inspirar el testimonio del cristiano de hoy. Las palabras que figuran en la pared del monumento ante el que se reuni\u00f3 el grupo son como un resumen de lo que transmiti\u00f3 este recorrido:<\/p>\n<blockquote><p>\u00abQue el ejemplo de los que dieron su vida aqu\u00ed de 1933 a 1945 por su lucha contra los nazis una a los vivos en defensa de la paz y la libertad y en el respeto a la dignidad humana\u00bb.<\/p><\/blockquote>\n<h3>Hacer lugar para la esperanza<\/h3>\n<p>La tarde concluy\u00f3 con una misa mariana en la iglesia del Carmelo. Seg\u00fan la liturgia de la misa \u00ab<em>Madre de la Esperanza<\/em>\u00ab, el celebrante, el P. Helmut M\u00fcller, de Munich, present\u00f3 en su homil\u00eda c\u00f3mo Mar\u00eda, que ha soportado y sufrido tanto, puede tambi\u00e9n darnos esperanza, especialmente en vista de tantos sufrimientos y las guerras en el mundo. La transformaci\u00f3n tambi\u00e9n puede ocurrir hoy, como ocurri\u00f3 en Can\u00e1. Si damos nuestra agua -nuestras peque\u00f1as contribuciones- Jes\u00fas puede hacer vino con ella.<\/p>\n<p>El P. M\u00fcller subray\u00f3 lo importante y valiosa que es la interacci\u00f3n humana: una buena palabra, una mirada amistosa y compasiva. Toda conversaci\u00f3n deja huellas. En aquel momento, se trataba de una ayuda a la supervivencia de los presos, gui\u00e1ndolos a la Virgen del campo. Cu\u00e1nto consuelo y esperanza habr\u00e1n experimentado tambi\u00e9n los presos a trav\u00e9s de esta sencilla figura de Mar\u00eda. En 1943, fue transportada en secreto desde Sudetenland hasta el campo.<\/p>\n<blockquote><p>La promesa del P. Eise tambi\u00e9n es esperanzadora: \u00abSi ya no vivo y estoy en la eternidad y tienes grandes dificultades, si no sabes c\u00f3mo decidirte, ll\u00e1mame, te ayudar\u00e9\u00bb.<\/p>\n<figure id=\"attachment_27724\" aria-describedby=\"caption-attachment-27724\" style=\"width: 1024px\" class=\"wp-caption aligncenter\"><img loading=\"lazy\" decoding=\"async\" class=\"wp-image-27724 size-full\" src=\"https:\/\/schoenstatt.com\/wp-content\/uploads\/2022\/11\/Dachau-2-1.jpg\" alt=\"\" width=\"1024\" height=\"679\" \/><figcaption id=\"caption-attachment-27724\" class=\"wp-caption-text\">Sala conmemorativa &#8211; Photo Paffenzeller<\/figcaption><\/figure><\/blockquote>\n<p>Para los interesados en saber m\u00e1s sobre Albert Eise, pueden conectarse en los d\u00edas 16 y 20 de noviembre.<\/p>\n<p><em><strong>Presentaci\u00f3n en l\u00ednea, en alem\u00e1n:\u00a0\u00a0<\/strong><\/em><br \/>\nRetrato de la vida del P. Albert Eise &#8211; un heraldo de Mar\u00eda (Eugen Schmidt)<\/p>\n<p>Mi\u00e9rcoles 16 de noviembre, 20.00 hrs., domingo, 20 de noviembre, 16.00 hrs., hora de Alemania.<br \/>\nHna. M. Elinor Grimm, ponente sobre el campo de concentraci\u00f3n Dachau, Monumento Conmemorativo; y equipo<br \/>\nEnlace para acceder al zoom:<a href=\"https:\/\/us06web.zoom.us\/j\/84145308337?pwd=UjhRc0dVKzdDWUlHMUNoUDZaZ1Y5dz09\"> https:\/\/us06web.zoom.us\/j\/84145308337?pwd=UjhRc0dVKzdDWUlHMUNoUDZaZ1Y5dz09<\/a><\/p>\n","protected":false},"excerpt":{"rendered":"<p>Peregrinos de Schoenstatt se reunieron en el campo de concentraci\u00f3n de Dachau para recordar la memoria del P. Albert Eise, a 80 a\u00f1os de su partida en el mismo campo, y presentarlo como ejemplo de entrega incondicional por los valores cristianos y la misi\u00f3n del Movimiento de Schoenstatt.<\/p>\n","protected":false},"author":1,"featured_media":27779,"comment_status":"closed","ping_status":"closed","sticky":false,"template":"","format":"standard","meta":{"footnotes":""},"categories":[917,889],"tags":[],"class_list":["post-50537","post","type-post","status-publish","format-standard","has-post-thumbnail","hentry","category-espiritualidad-es","category-heroes-de-schoenstatt-es"],"yoast_head":"<!-- This site is optimized with the Yoast SEO Premium plugin v27.4 (Yoast SEO v27.4) - https:\/\/yoast.com\/product\/yoast-seo-premium-wordpress\/ -->\n<title>Conmemoraci\u00f3n de la muerte del P. Albert Eise SAC - Schoenstatt<\/title>\n<meta name=\"description\" content=\"Son ya 60 a\u00f1os de la partida del P. Eise, quien falleciera en el campo de concentraci\u00f3n de Dachau. Entreg\u00f3 su vida por Schoenstatt.\" \/>\n<meta name=\"robots\" content=\"index, follow, max-snippet:-1, max-image-preview:large, max-video-preview:-1\" \/>\n<link rel=\"canonical\" href=\"https:\/\/schoenstatt.com\/es\/conmemoracion-de-la-muerte-del-p-albert-eise-sac\/\" \/>\n<meta property=\"og:locale\" content=\"es_ES\" \/>\n<meta property=\"og:type\" content=\"article\" \/>\n<meta property=\"og:title\" content=\"Conmemoraci\u00f3n de la muerte del P. Albert Eise SAC\" \/>\n<meta property=\"og:description\" content=\"Son ya 60 a\u00f1os de la partida del P. Eise, quien falleciera en el campo de concentraci\u00f3n de Dachau. Entreg\u00f3 su vida por Schoenstatt.\" \/>\n<meta property=\"og:url\" content=\"https:\/\/schoenstatt.com\/es\/conmemoracion-de-la-muerte-del-p-albert-eise-sac\/\" \/>\n<meta property=\"og:site_name\" content=\"Schoenstatt\" \/>\n<meta property=\"article:published_time\" content=\"2022-11-11T10:27:42+00:00\" \/>\n<meta property=\"article:modified_time\" content=\"2025-05-15T15:56:10+00:00\" \/>\n<meta property=\"og:image\" content=\"https:\/\/schoenstatt.com\/wp-content\/uploads\/2022\/11\/Dachau-1.png\" \/>\n\t<meta property=\"og:image:width\" content=\"793\" \/>\n\t<meta property=\"og:image:height\" content=\"545\" \/>\n\t<meta property=\"og:image:type\" content=\"image\/png\" \/>\n<meta name=\"author\" content=\"admin\" \/>\n<meta name=\"twitter:card\" content=\"summary_large_image\" \/>\n<meta name=\"twitter:label1\" content=\"Escrito por\" \/>\n\t<meta name=\"twitter:data1\" content=\"admin\" \/>\n\t<meta name=\"twitter:label2\" content=\"Tiempo de lectura\" \/>\n\t<meta name=\"twitter:data2\" content=\"5 minutos\" \/>\n<script type=\"application\/ld+json\" class=\"yoast-schema-graph\">{\"@context\":\"https:\\\/\\\/schema.org\",\"@graph\":[{\"@type\":\"Article\",\"@id\":\"https:\\\/\\\/schoenstatt.com\\\/es\\\/conmemoracion-de-la-muerte-del-p-albert-eise-sac\\\/#article\",\"isPartOf\":{\"@id\":\"https:\\\/\\\/schoenstatt.com\\\/es\\\/conmemoracion-de-la-muerte-del-p-albert-eise-sac\\\/\"},\"author\":{\"name\":\"admin\",\"@id\":\"https:\\\/\\\/schoenstatt.com\\\/es\\\/#\\\/schema\\\/person\\\/489465b1850e7b216fe2c10dfc262551\"},\"headline\":\"Conmemoraci\u00f3n de la muerte del P. Albert Eise SAC\",\"datePublished\":\"2022-11-11T10:27:42+00:00\",\"dateModified\":\"2025-05-15T15:56:10+00:00\",\"mainEntityOfPage\":{\"@id\":\"https:\\\/\\\/schoenstatt.com\\\/es\\\/conmemoracion-de-la-muerte-del-p-albert-eise-sac\\\/\"},\"wordCount\":1013,\"publisher\":{\"@id\":\"https:\\\/\\\/schoenstatt.com\\\/es\\\/#organization\"},\"image\":{\"@id\":\"https:\\\/\\\/schoenstatt.com\\\/es\\\/conmemoracion-de-la-muerte-del-p-albert-eise-sac\\\/#primaryimage\"},\"thumbnailUrl\":\"https:\\\/\\\/schoenstatt.com\\\/wp-content\\\/uploads\\\/2022\\\/11\\\/Dachau-1.png\",\"articleSection\":[\"Espiritualidad\",\"Heroes de Schoenstatt\"],\"inLanguage\":\"es\"},{\"@type\":\"WebPage\",\"@id\":\"https:\\\/\\\/schoenstatt.com\\\/es\\\/conmemoracion-de-la-muerte-del-p-albert-eise-sac\\\/\",\"url\":\"https:\\\/\\\/schoenstatt.com\\\/es\\\/conmemoracion-de-la-muerte-del-p-albert-eise-sac\\\/\",\"name\":\"Conmemoraci\u00f3n de la muerte del P. Albert Eise SAC - Schoenstatt\",\"isPartOf\":{\"@id\":\"https:\\\/\\\/schoenstatt.com\\\/es\\\/#website\"},\"primaryImageOfPage\":{\"@id\":\"https:\\\/\\\/schoenstatt.com\\\/es\\\/conmemoracion-de-la-muerte-del-p-albert-eise-sac\\\/#primaryimage\"},\"image\":{\"@id\":\"https:\\\/\\\/schoenstatt.com\\\/es\\\/conmemoracion-de-la-muerte-del-p-albert-eise-sac\\\/#primaryimage\"},\"thumbnailUrl\":\"https:\\\/\\\/schoenstatt.com\\\/wp-content\\\/uploads\\\/2022\\\/11\\\/Dachau-1.png\",\"datePublished\":\"2022-11-11T10:27:42+00:00\",\"dateModified\":\"2025-05-15T15:56:10+00:00\",\"description\":\"Son ya 60 a\u00f1os de la partida del P. Eise, quien falleciera en el campo de concentraci\u00f3n de Dachau. Entreg\u00f3 su vida por Schoenstatt.\",\"breadcrumb\":{\"@id\":\"https:\\\/\\\/schoenstatt.com\\\/es\\\/conmemoracion-de-la-muerte-del-p-albert-eise-sac\\\/#breadcrumb\"},\"inLanguage\":\"es\",\"potentialAction\":[{\"@type\":\"ReadAction\",\"target\":[\"https:\\\/\\\/schoenstatt.com\\\/es\\\/conmemoracion-de-la-muerte-del-p-albert-eise-sac\\\/\"]}]},{\"@type\":\"ImageObject\",\"inLanguage\":\"es\",\"@id\":\"https:\\\/\\\/schoenstatt.com\\\/es\\\/conmemoracion-de-la-muerte-del-p-albert-eise-sac\\\/#primaryimage\",\"url\":\"https:\\\/\\\/schoenstatt.com\\\/wp-content\\\/uploads\\\/2022\\\/11\\\/Dachau-1.png\",\"contentUrl\":\"https:\\\/\\\/schoenstatt.com\\\/wp-content\\\/uploads\\\/2022\\\/11\\\/Dachau-1.png\",\"width\":793,\"height\":545,\"caption\":\"P. Eise\"},{\"@type\":\"BreadcrumbList\",\"@id\":\"https:\\\/\\\/schoenstatt.com\\\/es\\\/conmemoracion-de-la-muerte-del-p-albert-eise-sac\\\/#breadcrumb\",\"itemListElement\":[{\"@type\":\"ListItem\",\"position\":1,\"name\":\"Portada\",\"item\":\"https:\\\/\\\/schoenstatt.com\\\/es\\\/home\\\/\"},{\"@type\":\"ListItem\",\"position\":2,\"name\":\"Conmemoraci\u00f3n de la muerte del P. Albert Eise SAC\"}]},{\"@type\":\"WebSite\",\"@id\":\"https:\\\/\\\/schoenstatt.com\\\/es\\\/#website\",\"url\":\"https:\\\/\\\/schoenstatt.com\\\/es\\\/\",\"name\":\"Schoenstatt\",\"description\":\"Apostolic Movement\",\"publisher\":{\"@id\":\"https:\\\/\\\/schoenstatt.com\\\/es\\\/#organization\"},\"potentialAction\":[{\"@type\":\"SearchAction\",\"target\":{\"@type\":\"EntryPoint\",\"urlTemplate\":\"https:\\\/\\\/schoenstatt.com\\\/es\\\/?s={search_term_string}\"},\"query-input\":{\"@type\":\"PropertyValueSpecification\",\"valueRequired\":true,\"valueName\":\"search_term_string\"}}],\"inLanguage\":\"es\"},{\"@type\":\"Organization\",\"@id\":\"https:\\\/\\\/schoenstatt.com\\\/es\\\/#organization\",\"name\":\"Schoenstatt\",\"url\":\"https:\\\/\\\/schoenstatt.com\\\/es\\\/\",\"logo\":{\"@type\":\"ImageObject\",\"inLanguage\":\"es\",\"@id\":\"https:\\\/\\\/schoenstatt.com\\\/es\\\/#\\\/schema\\\/logo\\\/image\\\/\",\"url\":\"https:\\\/\\\/schoenstatt.com\\\/wp-content\\\/uploads\\\/2025\\\/04\\\/logo-schoenstatt-white-696x696-1.png\",\"contentUrl\":\"https:\\\/\\\/schoenstatt.com\\\/wp-content\\\/uploads\\\/2025\\\/04\\\/logo-schoenstatt-white-696x696-1.png\",\"width\":696,\"height\":694,\"caption\":\"Schoenstatt\"},\"image\":{\"@id\":\"https:\\\/\\\/schoenstatt.com\\\/es\\\/#\\\/schema\\\/logo\\\/image\\\/\"}},{\"@type\":\"Person\",\"@id\":\"https:\\\/\\\/schoenstatt.com\\\/es\\\/#\\\/schema\\\/person\\\/489465b1850e7b216fe2c10dfc262551\",\"name\":\"admin\",\"image\":{\"@type\":\"ImageObject\",\"inLanguage\":\"es\",\"@id\":\"https:\\\/\\\/secure.gravatar.com\\\/avatar\\\/02e8345e1ec40ab0e0a2a98fdde64a684bbaf994cddcb778b25b8b024ee9dfe6?s=96&d=mm&r=g\",\"url\":\"https:\\\/\\\/secure.gravatar.com\\\/avatar\\\/02e8345e1ec40ab0e0a2a98fdde64a684bbaf994cddcb778b25b8b024ee9dfe6?s=96&d=mm&r=g\",\"contentUrl\":\"https:\\\/\\\/secure.gravatar.com\\\/avatar\\\/02e8345e1ec40ab0e0a2a98fdde64a684bbaf994cddcb778b25b8b024ee9dfe6?s=96&d=mm&r=g\",\"caption\":\"admin\"},\"sameAs\":[\"https:\\\/\\\/schoenstatt.com\"],\"url\":\"https:\\\/\\\/schoenstatt.com\\\/es\\\/author\\\/admin\\\/\"}]}<\/script>\n<!-- \/ Yoast SEO Premium plugin. -->","yoast_head_json":{"title":"Conmemoraci\u00f3n de la muerte del P. Albert Eise SAC - Schoenstatt","description":"Son ya 60 a\u00f1os de la partida del P. Eise, quien falleciera en el campo de concentraci\u00f3n de Dachau. Entreg\u00f3 su vida por Schoenstatt.","robots":{"index":"index","follow":"follow","max-snippet":"max-snippet:-1","max-image-preview":"max-image-preview:large","max-video-preview":"max-video-preview:-1"},"canonical":"https:\/\/schoenstatt.com\/es\/conmemoracion-de-la-muerte-del-p-albert-eise-sac\/","og_locale":"es_ES","og_type":"article","og_title":"Conmemoraci\u00f3n de la muerte del P. Albert Eise SAC","og_description":"Son ya 60 a\u00f1os de la partida del P. Eise, quien falleciera en el campo de concentraci\u00f3n de Dachau. Entreg\u00f3 su vida por Schoenstatt.","og_url":"https:\/\/schoenstatt.com\/es\/conmemoracion-de-la-muerte-del-p-albert-eise-sac\/","og_site_name":"Schoenstatt","article_published_time":"2022-11-11T10:27:42+00:00","article_modified_time":"2025-05-15T15:56:10+00:00","og_image":[{"width":793,"height":545,"url":"https:\/\/schoenstatt.com\/wp-content\/uploads\/2022\/11\/Dachau-1.png","type":"image\/png"}],"author":"admin","twitter_card":"summary_large_image","twitter_misc":{"Escrito por":"admin","Tiempo de lectura":"5 minutos"},"schema":{"@context":"https:\/\/schema.org","@graph":[{"@type":"Article","@id":"https:\/\/schoenstatt.com\/es\/conmemoracion-de-la-muerte-del-p-albert-eise-sac\/#article","isPartOf":{"@id":"https:\/\/schoenstatt.com\/es\/conmemoracion-de-la-muerte-del-p-albert-eise-sac\/"},"author":{"name":"admin","@id":"https:\/\/schoenstatt.com\/es\/#\/schema\/person\/489465b1850e7b216fe2c10dfc262551"},"headline":"Conmemoraci\u00f3n de la muerte del P. Albert Eise SAC","datePublished":"2022-11-11T10:27:42+00:00","dateModified":"2025-05-15T15:56:10+00:00","mainEntityOfPage":{"@id":"https:\/\/schoenstatt.com\/es\/conmemoracion-de-la-muerte-del-p-albert-eise-sac\/"},"wordCount":1013,"publisher":{"@id":"https:\/\/schoenstatt.com\/es\/#organization"},"image":{"@id":"https:\/\/schoenstatt.com\/es\/conmemoracion-de-la-muerte-del-p-albert-eise-sac\/#primaryimage"},"thumbnailUrl":"https:\/\/schoenstatt.com\/wp-content\/uploads\/2022\/11\/Dachau-1.png","articleSection":["Espiritualidad","Heroes de Schoenstatt"],"inLanguage":"es"},{"@type":"WebPage","@id":"https:\/\/schoenstatt.com\/es\/conmemoracion-de-la-muerte-del-p-albert-eise-sac\/","url":"https:\/\/schoenstatt.com\/es\/conmemoracion-de-la-muerte-del-p-albert-eise-sac\/","name":"Conmemoraci\u00f3n de la muerte del P. Albert Eise SAC - Schoenstatt","isPartOf":{"@id":"https:\/\/schoenstatt.com\/es\/#website"},"primaryImageOfPage":{"@id":"https:\/\/schoenstatt.com\/es\/conmemoracion-de-la-muerte-del-p-albert-eise-sac\/#primaryimage"},"image":{"@id":"https:\/\/schoenstatt.com\/es\/conmemoracion-de-la-muerte-del-p-albert-eise-sac\/#primaryimage"},"thumbnailUrl":"https:\/\/schoenstatt.com\/wp-content\/uploads\/2022\/11\/Dachau-1.png","datePublished":"2022-11-11T10:27:42+00:00","dateModified":"2025-05-15T15:56:10+00:00","description":"Son ya 60 a\u00f1os de la partida del P. Eise, quien falleciera en el campo de concentraci\u00f3n de Dachau. Entreg\u00f3 su vida por Schoenstatt.","breadcrumb":{"@id":"https:\/\/schoenstatt.com\/es\/conmemoracion-de-la-muerte-del-p-albert-eise-sac\/#breadcrumb"},"inLanguage":"es","potentialAction":[{"@type":"ReadAction","target":["https:\/\/schoenstatt.com\/es\/conmemoracion-de-la-muerte-del-p-albert-eise-sac\/"]}]},{"@type":"ImageObject","inLanguage":"es","@id":"https:\/\/schoenstatt.com\/es\/conmemoracion-de-la-muerte-del-p-albert-eise-sac\/#primaryimage","url":"https:\/\/schoenstatt.com\/wp-content\/uploads\/2022\/11\/Dachau-1.png","contentUrl":"https:\/\/schoenstatt.com\/wp-content\/uploads\/2022\/11\/Dachau-1.png","width":793,"height":545,"caption":"P. Eise"},{"@type":"BreadcrumbList","@id":"https:\/\/schoenstatt.com\/es\/conmemoracion-de-la-muerte-del-p-albert-eise-sac\/#breadcrumb","itemListElement":[{"@type":"ListItem","position":1,"name":"Portada","item":"https:\/\/schoenstatt.com\/es\/home\/"},{"@type":"ListItem","position":2,"name":"Conmemoraci\u00f3n de la muerte del P. Albert Eise SAC"}]},{"@type":"WebSite","@id":"https:\/\/schoenstatt.com\/es\/#website","url":"https:\/\/schoenstatt.com\/es\/","name":"Schoenstatt","description":"Apostolic Movement","publisher":{"@id":"https:\/\/schoenstatt.com\/es\/#organization"},"potentialAction":[{"@type":"SearchAction","target":{"@type":"EntryPoint","urlTemplate":"https:\/\/schoenstatt.com\/es\/?s={search_term_string}"},"query-input":{"@type":"PropertyValueSpecification","valueRequired":true,"valueName":"search_term_string"}}],"inLanguage":"es"},{"@type":"Organization","@id":"https:\/\/schoenstatt.com\/es\/#organization","name":"Schoenstatt","url":"https:\/\/schoenstatt.com\/es\/","logo":{"@type":"ImageObject","inLanguage":"es","@id":"https:\/\/schoenstatt.com\/es\/#\/schema\/logo\/image\/","url":"https:\/\/schoenstatt.com\/wp-content\/uploads\/2025\/04\/logo-schoenstatt-white-696x696-1.png","contentUrl":"https:\/\/schoenstatt.com\/wp-content\/uploads\/2025\/04\/logo-schoenstatt-white-696x696-1.png","width":696,"height":694,"caption":"Schoenstatt"},"image":{"@id":"https:\/\/schoenstatt.com\/es\/#\/schema\/logo\/image\/"}},{"@type":"Person","@id":"https:\/\/schoenstatt.com\/es\/#\/schema\/person\/489465b1850e7b216fe2c10dfc262551","name":"admin","image":{"@type":"ImageObject","inLanguage":"es","@id":"https:\/\/secure.gravatar.com\/avatar\/02e8345e1ec40ab0e0a2a98fdde64a684bbaf994cddcb778b25b8b024ee9dfe6?s=96&d=mm&r=g","url":"https:\/\/secure.gravatar.com\/avatar\/02e8345e1ec40ab0e0a2a98fdde64a684bbaf994cddcb778b25b8b024ee9dfe6?s=96&d=mm&r=g","contentUrl":"https:\/\/secure.gravatar.com\/avatar\/02e8345e1ec40ab0e0a2a98fdde64a684bbaf994cddcb778b25b8b024ee9dfe6?s=96&d=mm&r=g","caption":"admin"},"sameAs":["https:\/\/schoenstatt.com"],"url":"https:\/\/schoenstatt.com\/es\/author\/admin\/"}]}},"_links":{"self":[{"href":"https:\/\/schoenstatt.com\/es\/wp-json\/wp\/v2\/posts\/50537","targetHints":{"allow":["GET"]}}],"collection":[{"href":"https:\/\/schoenstatt.com\/es\/wp-json\/wp\/v2\/posts"}],"about":[{"href":"https:\/\/schoenstatt.com\/es\/wp-json\/wp\/v2\/types\/post"}],"author":[{"embeddable":true,"href":"https:\/\/schoenstatt.com\/es\/wp-json\/wp\/v2\/users\/1"}],"replies":[{"embeddable":true,"href":"https:\/\/schoenstatt.com\/es\/wp-json\/wp\/v2\/comments?post=50537"}],"version-history":[{"count":1,"href":"https:\/\/schoenstatt.com\/es\/wp-json\/wp\/v2\/posts\/50537\/revisions"}],"predecessor-version":[{"id":50652,"href":"https:\/\/schoenstatt.com\/es\/wp-json\/wp\/v2\/posts\/50537\/revisions\/50652"}],"wp:featuredmedia":[{"embeddable":true,"href":"https:\/\/schoenstatt.com\/es\/wp-json\/wp\/v2\/media\/27779"}],"wp:attachment":[{"href":"https:\/\/schoenstatt.com\/es\/wp-json\/wp\/v2\/media?parent=50537"}],"wp:term":[{"taxonomy":"category","embeddable":true,"href":"https:\/\/schoenstatt.com\/es\/wp-json\/wp\/v2\/categories?post=50537"},{"taxonomy":"post_tag","embeddable":true,"href":"https:\/\/schoenstatt.com\/es\/wp-json\/wp\/v2\/tags?post=50537"}],"curies":[{"name":"wp","href":"https:\/\/api.w.org\/{rel}","templated":true}]}}