{"id":50355,"date":"2022-12-16T17:15:20","date_gmt":"2022-12-16T16:15:20","guid":{"rendered":"https:\/\/schoenstattdev.wpenginepowered.com\/?p=28439"},"modified":"2025-05-15T17:56:07","modified_gmt":"2025-05-15T15:56:07","slug":"la-casa-donde-nacio-jose-engling-revive-la-historia-en-los-visitantes","status":"publish","type":"post","link":"https:\/\/schoenstatt.com\/es\/la-casa-donde-nacio-jose-engling-revive-la-historia-en-los-visitantes\/","title":{"rendered":"La casa donde naci\u00f3 Jos\u00e9 Engling revive la historia en los visitantes"},"content":{"rendered":"<p>El 8 de diciembre se public\u00f3 una nueva edici\u00f3n de la \u00abInfo Engling\u00bb. La Dra. Alicja Kostka, vicepostuladora del proceso de beatificaci\u00f3n de Jos\u00e9 Engling, informa all\u00ed sobre la situaci\u00f3n en Prosity, lugar de nacimiento del joven de la generaci\u00f3n cofundadora del Movimiento de Schoenstatt. \u00ab<em>Miramos con gratitud el a\u00f1o que termina con muchos buenos encuentros y pasos de crecimiento en la casa paterna de Jos\u00e9 Engling y en el edificio de su antiguo colegio, que la Familia de Schoenstatt local pudo adquirir en 2021 con mucho apoyo de la Familia de Schoenstatt mundial<\/em>\u00ab, expresa Kostka.<\/p>\n<h3>La naturaleza agreste se ofrece como lugar de retiro<\/h3>\n<figure id=\"attachment_28381\" aria-describedby=\"caption-attachment-28381\" style=\"width: 485px\" class=\"wp-caption aligncenter\"><img fetchpriority=\"high\" decoding=\"async\" class=\"wp-image-28381 size-full\" src=\"https:\/\/schoenstatt.com\/wp-content\/uploads\/2022\/12\/JE-1-1.png\" alt=\"casa\" width=\"485\" height=\"484\" \/><figcaption id=\"caption-attachment-28381\" class=\"wp-caption-text\">Amistad entre familias ucranianas y polacas (Foto: Kostka)<\/figcaption><\/figure>\n<p>Inmediatamente despu\u00e9s del acuerdo de compra, el edificio de la escuela pudo acoger temporalmente a tres familias ucranianas. Despu\u00e9s de que estas familias regresaran a sus casas, varios visitantes, familias e individuos, pasaron sus vacaciones en la casa de los padres Engling y en la antigua escuela durante los meses de verano. Prosity, con su naturaleza agreste, prob\u00f3 ser un lugar de retiro y renovaci\u00f3n para el cuerpo y el alma.<\/p>\n<h3>Un lugar para conocer m\u00e1s de cerca un original de Schoenstatt<\/h3>\n<p>El matrimonio de Eva y Erich Berger, de Austria, iba de camino a Lituania, donde acompa\u00f1an a familias como parte de la Academia de Familias, del Movimiento de Schoenstatt, situada en Kahlenberg, Austria.<\/p>\n<p>Yendo a Lituania hicieron\u00a0 escala en Prosity, lo que motiv\u00f3 la visita a esta ciudad de una familia de Lituania que quer\u00eda saber m\u00e1s de Jos\u00e9 Engling, como roca original de Schoenstatt.<\/p>\n<figure id=\"attachment_28385\" aria-describedby=\"caption-attachment-28385\" style=\"width: 660px\" class=\"wp-caption aligncenter\"><img decoding=\"async\" class=\"wp-image-28385 size-full\" src=\"https:\/\/schoenstatt.com\/wp-content\/uploads\/2022\/12\/JE-2-1.png\" alt=\"\" width=\"660\" height=\"329\" \/><figcaption id=\"caption-attachment-28385\" class=\"wp-caption-text\">El Sr. y la Sra. Berger, Austria, con Alicja Kostka (Foto: Kostka)<\/figcaption><\/figure>\n<h3>\u00abLazos ascendentes\u00bb, fuente de inspiraci\u00f3n<\/h3>\n<p>La idea de los \u00ab<em>D\u00edas padre-hija<\/em>\u00bb en Prosity llev\u00f3 a Klemens Ramolla, de la Federaci\u00f3n de Familias, junto con su hija peque\u00f1a, a pasar unos d\u00edas en casa de los padres de <a href=\"https:\/\/schoenstattdev.wpenginepowered.com\/es\/espiritualidad\/surgen-preguntas-sobre-jose-engling-en-roma-ocasion-para-conocerlo-mejor\">Jos\u00e9 Engling<\/a>. El encuentro con Jos\u00e9 y el relato del \u00ab<em>v\u00ednculo edificante<\/em>\u00bb que el joven schoenstattiano hab\u00eda experimentado a trav\u00e9s de su mentor, el P. Jos\u00e9 Kentenich, fueron una rica fuente de inspiraci\u00f3n para el padre de familia.<\/p>\n<h3>La Virgen visita la casa paterna de Jos\u00e9<\/h3>\n<figure id=\"attachment_28389\" aria-describedby=\"caption-attachment-28389\" style=\"width: 440px\" class=\"wp-caption aligncenter\"><img decoding=\"async\" class=\"wp-image-28389 size-full\" src=\"https:\/\/schoenstatt.com\/wp-content\/uploads\/2022\/12\/JE-3-1.png\" alt=\"casa\" width=\"440\" height=\"582\" \/><figcaption id=\"caption-attachment-28389\" class=\"wp-caption-text\">El altar del santuario en el granero de la casa natal de Jos\u00e9 Engling (foto: Kostka)<\/figcaption><\/figure>\n<p>Un acontecimiento importante en torno al 15 de agosto \u00faltimo hab\u00eda sido el traslado del \u201caltar de Schoenstatt\u201d de la iglesia parroquial de Prosity a casa de Jos\u00e9 Engling. <em>\u00abLa Virgen visit\u00f3 a Jos\u00e9 en su casa<\/em>\u00ab, expres\u00f3 Kostka. Se trat\u00f3 de un \u00ab<em>acontecimiento hist\u00f3rico y probablemente el cumplimiento del sue\u00f1o de Jos\u00e9\u00bb<\/em>. De esta forma, ahora se encuentra un un santuario hogar peculiar de una dimensi\u00f3n XXL, muy especial\u00bb en el antiguo granero de la casa de los padres de Jos\u00e9, un \u00absantuario en la casa y, por tanto, con una zona de asientos donde uno puede sentirse completamente en casa\u00bb, seg\u00fan la carta informativa.<\/p>\n<h3>Obras de renovaci\u00f3n y necesidad de apoyo<\/h3>\n<figure id=\"attachment_28393\" aria-describedby=\"caption-attachment-28393\" style=\"width: 587px\" class=\"wp-caption aligncenter\"><img loading=\"lazy\" decoding=\"async\" class=\"wp-image-28393 size-full\" src=\"https:\/\/schoenstatt.com\/wp-content\/uploads\/2022\/12\/JE-4-1.png\" alt=\"\" width=\"587\" height=\"439\" \/><figcaption id=\"caption-attachment-28393\" class=\"wp-caption-text\">El edificio de la antigua escuela, parcialmente renovado. La parte trasera necesita reformas. (foto: Kostka)<\/figcaption><\/figure>\n<p>En la zona escolar, ya se han realizado obras de renovaci\u00f3n en una de las dos aulas grandes y en la zona de entrada. Esto ya ha permitido celebrar las primeras reuniones en las salas en un ambiente acogedor. Pero las obras de renovaci\u00f3n requerir\u00edan un esfuerzo considerablemente mayor, ya que el estado de esta parte del edificio se encuentra en malas condiciones. Para el gran proyecto de aislamiento t\u00e9rmico del edificio de la antigua escuela, as\u00ed como de la casa de los padres de Jos\u00e9 Engling, la asociaci\u00f3n responsable de este proyecto necesita de apoyo adicional. Para ello, debe obtenerse la colaboraci\u00f3n de fondos y patrocinadores sin \u00e1nimo de lucro. Apoyar este proyecto podr\u00eda ser un maravilloso regalo de Navidad para Jos\u00e9, expres\u00f3 Alicja Kostka.<\/p>\n","protected":false},"excerpt":{"rendered":"<p>El P. Kentenich dijo de Jos\u00e9 Engling que era el Acta de Fundaci\u00f3n de Schoenstatt vivida. Vivi\u00f3 heroicamente la Alianza de Amor con Mar\u00eda. La casa en que naci\u00f3 y su escuela, hoy Prosity, Polonia, son lugares hist\u00f3ricos que podemos visitar y donde incluso podemos hospedarnos. Se publica nueva edici\u00f3n de \u201cJos\u00e9 Engling Info-Brief\u201d.<\/p>\n","protected":false},"author":1,"featured_media":25989,"comment_status":"closed","ping_status":"closed","sticky":false,"template":"","format":"standard","meta":{"footnotes":""},"categories":[917,889],"tags":[],"class_list":["post-50355","post","type-post","status-publish","format-standard","has-post-thumbnail","hentry","category-espiritualidad-es","category-heroes-de-schoenstatt-es"],"yoast_head":"<!-- This site is optimized with the Yoast SEO Premium plugin v27.4 (Yoast SEO v27.5) - https:\/\/yoast.com\/product\/yoast-seo-premium-wordpress\/ -->\n<title>La casa donde naci\u00f3 Jos\u00e9 Engling revive la historia en los visitantes - Schoenstatt<\/title>\n<meta name=\"description\" content=\"En Prosity, se encuentran de pie tanto la casa natal de Jos\u00e9 Engling, como su escuela. Hoy podemos visitarlas e incluso hospedarnos en ellas.\" \/>\n<meta name=\"robots\" content=\"index, follow, max-snippet:-1, max-image-preview:large, max-video-preview:-1\" \/>\n<link rel=\"canonical\" href=\"https:\/\/schoenstatt.com\/es\/la-casa-donde-nacio-jose-engling-revive-la-historia-en-los-visitantes\/\" \/>\n<meta property=\"og:locale\" content=\"es_ES\" \/>\n<meta property=\"og:type\" content=\"article\" \/>\n<meta property=\"og:title\" content=\"La casa donde naci\u00f3 Jos\u00e9 Engling revive la historia en los visitantes\" \/>\n<meta property=\"og:description\" content=\"En Prosity, se encuentran de pie tanto la casa natal de Jos\u00e9 Engling, como su escuela. Hoy podemos visitarlas e incluso hospedarnos en ellas.\" \/>\n<meta property=\"og:url\" content=\"https:\/\/schoenstatt.com\/es\/la-casa-donde-nacio-jose-engling-revive-la-historia-en-los-visitantes\/\" \/>\n<meta property=\"og:site_name\" content=\"Schoenstatt\" \/>\n<meta property=\"article:published_time\" content=\"2022-12-16T16:15:20+00:00\" \/>\n<meta property=\"article:modified_time\" content=\"2025-05-15T15:56:07+00:00\" \/>\n<meta property=\"og:image\" content=\"https:\/\/schoenstatt.com\/wp-content\/uploads\/2022\/07\/Josef-Engling-Gemaelde-1.png\" \/>\n\t<meta property=\"og:image:width\" content=\"676\" \/>\n\t<meta property=\"og:image:height\" content=\"339\" \/>\n\t<meta property=\"og:image:type\" content=\"image\/png\" \/>\n<meta name=\"author\" content=\"admin\" \/>\n<meta name=\"twitter:card\" content=\"summary_large_image\" \/>\n<meta name=\"twitter:label1\" content=\"Escrito por\" \/>\n\t<meta name=\"twitter:data1\" content=\"admin\" \/>\n\t<meta name=\"twitter:label2\" content=\"Tiempo de lectura\" \/>\n\t<meta name=\"twitter:data2\" content=\"4 minutos\" \/>\n<script type=\"application\/ld+json\" class=\"yoast-schema-graph\">{\"@context\":\"https:\\\/\\\/schema.org\",\"@graph\":[{\"@type\":\"Article\",\"@id\":\"https:\\\/\\\/schoenstatt.com\\\/es\\\/la-casa-donde-nacio-jose-engling-revive-la-historia-en-los-visitantes\\\/#article\",\"isPartOf\":{\"@id\":\"https:\\\/\\\/schoenstatt.com\\\/es\\\/la-casa-donde-nacio-jose-engling-revive-la-historia-en-los-visitantes\\\/\"},\"author\":{\"name\":\"admin\",\"@id\":\"https:\\\/\\\/schoenstatt.com\\\/es\\\/#\\\/schema\\\/person\\\/489465b1850e7b216fe2c10dfc262551\"},\"headline\":\"La casa donde naci\u00f3 Jos\u00e9 Engling revive la historia en los visitantes\",\"datePublished\":\"2022-12-16T16:15:20+00:00\",\"dateModified\":\"2025-05-15T15:56:07+00:00\",\"mainEntityOfPage\":{\"@id\":\"https:\\\/\\\/schoenstatt.com\\\/es\\\/la-casa-donde-nacio-jose-engling-revive-la-historia-en-los-visitantes\\\/\"},\"wordCount\":696,\"publisher\":{\"@id\":\"https:\\\/\\\/schoenstatt.com\\\/es\\\/#organization\"},\"image\":{\"@id\":\"https:\\\/\\\/schoenstatt.com\\\/es\\\/la-casa-donde-nacio-jose-engling-revive-la-historia-en-los-visitantes\\\/#primaryimage\"},\"thumbnailUrl\":\"https:\\\/\\\/schoenstatt.com\\\/wp-content\\\/uploads\\\/2022\\\/07\\\/Josef-Engling-Gemaelde-1.png\",\"articleSection\":[\"Espiritualidad\",\"Heroes de Schoenstatt\"],\"inLanguage\":\"es\"},{\"@type\":\"WebPage\",\"@id\":\"https:\\\/\\\/schoenstatt.com\\\/es\\\/la-casa-donde-nacio-jose-engling-revive-la-historia-en-los-visitantes\\\/\",\"url\":\"https:\\\/\\\/schoenstatt.com\\\/es\\\/la-casa-donde-nacio-jose-engling-revive-la-historia-en-los-visitantes\\\/\",\"name\":\"La casa donde naci\u00f3 Jos\u00e9 Engling revive la historia en los visitantes - Schoenstatt\",\"isPartOf\":{\"@id\":\"https:\\\/\\\/schoenstatt.com\\\/es\\\/#website\"},\"primaryImageOfPage\":{\"@id\":\"https:\\\/\\\/schoenstatt.com\\\/es\\\/la-casa-donde-nacio-jose-engling-revive-la-historia-en-los-visitantes\\\/#primaryimage\"},\"image\":{\"@id\":\"https:\\\/\\\/schoenstatt.com\\\/es\\\/la-casa-donde-nacio-jose-engling-revive-la-historia-en-los-visitantes\\\/#primaryimage\"},\"thumbnailUrl\":\"https:\\\/\\\/schoenstatt.com\\\/wp-content\\\/uploads\\\/2022\\\/07\\\/Josef-Engling-Gemaelde-1.png\",\"datePublished\":\"2022-12-16T16:15:20+00:00\",\"dateModified\":\"2025-05-15T15:56:07+00:00\",\"description\":\"En Prosity, se encuentran de pie tanto la casa natal de Jos\u00e9 Engling, como su escuela. Hoy podemos visitarlas e incluso hospedarnos en ellas.\",\"breadcrumb\":{\"@id\":\"https:\\\/\\\/schoenstatt.com\\\/es\\\/la-casa-donde-nacio-jose-engling-revive-la-historia-en-los-visitantes\\\/#breadcrumb\"},\"inLanguage\":\"es\",\"potentialAction\":[{\"@type\":\"ReadAction\",\"target\":[\"https:\\\/\\\/schoenstatt.com\\\/es\\\/la-casa-donde-nacio-jose-engling-revive-la-historia-en-los-visitantes\\\/\"]}]},{\"@type\":\"ImageObject\",\"inLanguage\":\"es\",\"@id\":\"https:\\\/\\\/schoenstatt.com\\\/es\\\/la-casa-donde-nacio-jose-engling-revive-la-historia-en-los-visitantes\\\/#primaryimage\",\"url\":\"https:\\\/\\\/schoenstatt.com\\\/wp-content\\\/uploads\\\/2022\\\/07\\\/Josef-Engling-Gemaelde-1.png\",\"contentUrl\":\"https:\\\/\\\/schoenstatt.com\\\/wp-content\\\/uploads\\\/2022\\\/07\\\/Josef-Engling-Gemaelde-1.png\",\"width\":676,\"height\":339,\"caption\":\"casa onde\"},{\"@type\":\"BreadcrumbList\",\"@id\":\"https:\\\/\\\/schoenstatt.com\\\/es\\\/la-casa-donde-nacio-jose-engling-revive-la-historia-en-los-visitantes\\\/#breadcrumb\",\"itemListElement\":[{\"@type\":\"ListItem\",\"position\":1,\"name\":\"Portada\",\"item\":\"https:\\\/\\\/schoenstatt.com\\\/es\\\/home\\\/\"},{\"@type\":\"ListItem\",\"position\":2,\"name\":\"La casa donde naci\u00f3 Jos\u00e9 Engling revive la historia en los visitantes\"}]},{\"@type\":\"WebSite\",\"@id\":\"https:\\\/\\\/schoenstatt.com\\\/es\\\/#website\",\"url\":\"https:\\\/\\\/schoenstatt.com\\\/es\\\/\",\"name\":\"Schoenstatt\",\"description\":\"Apostolic Movement\",\"publisher\":{\"@id\":\"https:\\\/\\\/schoenstatt.com\\\/es\\\/#organization\"},\"potentialAction\":[{\"@type\":\"SearchAction\",\"target\":{\"@type\":\"EntryPoint\",\"urlTemplate\":\"https:\\\/\\\/schoenstatt.com\\\/es\\\/?s={search_term_string}\"},\"query-input\":{\"@type\":\"PropertyValueSpecification\",\"valueRequired\":true,\"valueName\":\"search_term_string\"}}],\"inLanguage\":\"es\"},{\"@type\":\"Organization\",\"@id\":\"https:\\\/\\\/schoenstatt.com\\\/es\\\/#organization\",\"name\":\"Schoenstatt\",\"url\":\"https:\\\/\\\/schoenstatt.com\\\/es\\\/\",\"logo\":{\"@type\":\"ImageObject\",\"inLanguage\":\"es\",\"@id\":\"https:\\\/\\\/schoenstatt.com\\\/es\\\/#\\\/schema\\\/logo\\\/image\\\/\",\"url\":\"https:\\\/\\\/schoenstatt.com\\\/wp-content\\\/uploads\\\/2025\\\/04\\\/logo-schoenstatt-white-696x696-1.png\",\"contentUrl\":\"https:\\\/\\\/schoenstatt.com\\\/wp-content\\\/uploads\\\/2025\\\/04\\\/logo-schoenstatt-white-696x696-1.png\",\"width\":696,\"height\":694,\"caption\":\"Schoenstatt\"},\"image\":{\"@id\":\"https:\\\/\\\/schoenstatt.com\\\/es\\\/#\\\/schema\\\/logo\\\/image\\\/\"}},{\"@type\":\"Person\",\"@id\":\"https:\\\/\\\/schoenstatt.com\\\/es\\\/#\\\/schema\\\/person\\\/489465b1850e7b216fe2c10dfc262551\",\"name\":\"admin\",\"image\":{\"@type\":\"ImageObject\",\"inLanguage\":\"es\",\"@id\":\"https:\\\/\\\/secure.gravatar.com\\\/avatar\\\/02e8345e1ec40ab0e0a2a98fdde64a684bbaf994cddcb778b25b8b024ee9dfe6?s=96&d=mm&r=g\",\"url\":\"https:\\\/\\\/secure.gravatar.com\\\/avatar\\\/02e8345e1ec40ab0e0a2a98fdde64a684bbaf994cddcb778b25b8b024ee9dfe6?s=96&d=mm&r=g\",\"contentUrl\":\"https:\\\/\\\/secure.gravatar.com\\\/avatar\\\/02e8345e1ec40ab0e0a2a98fdde64a684bbaf994cddcb778b25b8b024ee9dfe6?s=96&d=mm&r=g\",\"caption\":\"admin\"},\"sameAs\":[\"https:\\\/\\\/schoenstatt.com\"],\"url\":\"https:\\\/\\\/schoenstatt.com\\\/es\\\/author\\\/admin\\\/\"}]}<\/script>\n<!-- \/ Yoast SEO Premium plugin. -->","yoast_head_json":{"title":"La casa donde naci\u00f3 Jos\u00e9 Engling revive la historia en los visitantes - Schoenstatt","description":"En Prosity, se encuentran de pie tanto la casa natal de Jos\u00e9 Engling, como su escuela. Hoy podemos visitarlas e incluso hospedarnos en ellas.","robots":{"index":"index","follow":"follow","max-snippet":"max-snippet:-1","max-image-preview":"max-image-preview:large","max-video-preview":"max-video-preview:-1"},"canonical":"https:\/\/schoenstatt.com\/es\/la-casa-donde-nacio-jose-engling-revive-la-historia-en-los-visitantes\/","og_locale":"es_ES","og_type":"article","og_title":"La casa donde naci\u00f3 Jos\u00e9 Engling revive la historia en los visitantes","og_description":"En Prosity, se encuentran de pie tanto la casa natal de Jos\u00e9 Engling, como su escuela. Hoy podemos visitarlas e incluso hospedarnos en ellas.","og_url":"https:\/\/schoenstatt.com\/es\/la-casa-donde-nacio-jose-engling-revive-la-historia-en-los-visitantes\/","og_site_name":"Schoenstatt","article_published_time":"2022-12-16T16:15:20+00:00","article_modified_time":"2025-05-15T15:56:07+00:00","og_image":[{"width":676,"height":339,"url":"https:\/\/schoenstatt.com\/wp-content\/uploads\/2022\/07\/Josef-Engling-Gemaelde-1.png","type":"image\/png"}],"author":"admin","twitter_card":"summary_large_image","twitter_misc":{"Escrito por":"admin","Tiempo de lectura":"4 minutos"},"schema":{"@context":"https:\/\/schema.org","@graph":[{"@type":"Article","@id":"https:\/\/schoenstatt.com\/es\/la-casa-donde-nacio-jose-engling-revive-la-historia-en-los-visitantes\/#article","isPartOf":{"@id":"https:\/\/schoenstatt.com\/es\/la-casa-donde-nacio-jose-engling-revive-la-historia-en-los-visitantes\/"},"author":{"name":"admin","@id":"https:\/\/schoenstatt.com\/es\/#\/schema\/person\/489465b1850e7b216fe2c10dfc262551"},"headline":"La casa donde naci\u00f3 Jos\u00e9 Engling revive la historia en los visitantes","datePublished":"2022-12-16T16:15:20+00:00","dateModified":"2025-05-15T15:56:07+00:00","mainEntityOfPage":{"@id":"https:\/\/schoenstatt.com\/es\/la-casa-donde-nacio-jose-engling-revive-la-historia-en-los-visitantes\/"},"wordCount":696,"publisher":{"@id":"https:\/\/schoenstatt.com\/es\/#organization"},"image":{"@id":"https:\/\/schoenstatt.com\/es\/la-casa-donde-nacio-jose-engling-revive-la-historia-en-los-visitantes\/#primaryimage"},"thumbnailUrl":"https:\/\/schoenstatt.com\/wp-content\/uploads\/2022\/07\/Josef-Engling-Gemaelde-1.png","articleSection":["Espiritualidad","Heroes de Schoenstatt"],"inLanguage":"es"},{"@type":"WebPage","@id":"https:\/\/schoenstatt.com\/es\/la-casa-donde-nacio-jose-engling-revive-la-historia-en-los-visitantes\/","url":"https:\/\/schoenstatt.com\/es\/la-casa-donde-nacio-jose-engling-revive-la-historia-en-los-visitantes\/","name":"La casa donde naci\u00f3 Jos\u00e9 Engling revive la historia en los visitantes - Schoenstatt","isPartOf":{"@id":"https:\/\/schoenstatt.com\/es\/#website"},"primaryImageOfPage":{"@id":"https:\/\/schoenstatt.com\/es\/la-casa-donde-nacio-jose-engling-revive-la-historia-en-los-visitantes\/#primaryimage"},"image":{"@id":"https:\/\/schoenstatt.com\/es\/la-casa-donde-nacio-jose-engling-revive-la-historia-en-los-visitantes\/#primaryimage"},"thumbnailUrl":"https:\/\/schoenstatt.com\/wp-content\/uploads\/2022\/07\/Josef-Engling-Gemaelde-1.png","datePublished":"2022-12-16T16:15:20+00:00","dateModified":"2025-05-15T15:56:07+00:00","description":"En Prosity, se encuentran de pie tanto la casa natal de Jos\u00e9 Engling, como su escuela. Hoy podemos visitarlas e incluso hospedarnos en ellas.","breadcrumb":{"@id":"https:\/\/schoenstatt.com\/es\/la-casa-donde-nacio-jose-engling-revive-la-historia-en-los-visitantes\/#breadcrumb"},"inLanguage":"es","potentialAction":[{"@type":"ReadAction","target":["https:\/\/schoenstatt.com\/es\/la-casa-donde-nacio-jose-engling-revive-la-historia-en-los-visitantes\/"]}]},{"@type":"ImageObject","inLanguage":"es","@id":"https:\/\/schoenstatt.com\/es\/la-casa-donde-nacio-jose-engling-revive-la-historia-en-los-visitantes\/#primaryimage","url":"https:\/\/schoenstatt.com\/wp-content\/uploads\/2022\/07\/Josef-Engling-Gemaelde-1.png","contentUrl":"https:\/\/schoenstatt.com\/wp-content\/uploads\/2022\/07\/Josef-Engling-Gemaelde-1.png","width":676,"height":339,"caption":"casa onde"},{"@type":"BreadcrumbList","@id":"https:\/\/schoenstatt.com\/es\/la-casa-donde-nacio-jose-engling-revive-la-historia-en-los-visitantes\/#breadcrumb","itemListElement":[{"@type":"ListItem","position":1,"name":"Portada","item":"https:\/\/schoenstatt.com\/es\/home\/"},{"@type":"ListItem","position":2,"name":"La casa donde naci\u00f3 Jos\u00e9 Engling revive la historia en los visitantes"}]},{"@type":"WebSite","@id":"https:\/\/schoenstatt.com\/es\/#website","url":"https:\/\/schoenstatt.com\/es\/","name":"Schoenstatt","description":"Apostolic Movement","publisher":{"@id":"https:\/\/schoenstatt.com\/es\/#organization"},"potentialAction":[{"@type":"SearchAction","target":{"@type":"EntryPoint","urlTemplate":"https:\/\/schoenstatt.com\/es\/?s={search_term_string}"},"query-input":{"@type":"PropertyValueSpecification","valueRequired":true,"valueName":"search_term_string"}}],"inLanguage":"es"},{"@type":"Organization","@id":"https:\/\/schoenstatt.com\/es\/#organization","name":"Schoenstatt","url":"https:\/\/schoenstatt.com\/es\/","logo":{"@type":"ImageObject","inLanguage":"es","@id":"https:\/\/schoenstatt.com\/es\/#\/schema\/logo\/image\/","url":"https:\/\/schoenstatt.com\/wp-content\/uploads\/2025\/04\/logo-schoenstatt-white-696x696-1.png","contentUrl":"https:\/\/schoenstatt.com\/wp-content\/uploads\/2025\/04\/logo-schoenstatt-white-696x696-1.png","width":696,"height":694,"caption":"Schoenstatt"},"image":{"@id":"https:\/\/schoenstatt.com\/es\/#\/schema\/logo\/image\/"}},{"@type":"Person","@id":"https:\/\/schoenstatt.com\/es\/#\/schema\/person\/489465b1850e7b216fe2c10dfc262551","name":"admin","image":{"@type":"ImageObject","inLanguage":"es","@id":"https:\/\/secure.gravatar.com\/avatar\/02e8345e1ec40ab0e0a2a98fdde64a684bbaf994cddcb778b25b8b024ee9dfe6?s=96&d=mm&r=g","url":"https:\/\/secure.gravatar.com\/avatar\/02e8345e1ec40ab0e0a2a98fdde64a684bbaf994cddcb778b25b8b024ee9dfe6?s=96&d=mm&r=g","contentUrl":"https:\/\/secure.gravatar.com\/avatar\/02e8345e1ec40ab0e0a2a98fdde64a684bbaf994cddcb778b25b8b024ee9dfe6?s=96&d=mm&r=g","caption":"admin"},"sameAs":["https:\/\/schoenstatt.com"],"url":"https:\/\/schoenstatt.com\/es\/author\/admin\/"}]}},"_links":{"self":[{"href":"https:\/\/schoenstatt.com\/es\/wp-json\/wp\/v2\/posts\/50355","targetHints":{"allow":["GET"]}}],"collection":[{"href":"https:\/\/schoenstatt.com\/es\/wp-json\/wp\/v2\/posts"}],"about":[{"href":"https:\/\/schoenstatt.com\/es\/wp-json\/wp\/v2\/types\/post"}],"author":[{"embeddable":true,"href":"https:\/\/schoenstatt.com\/es\/wp-json\/wp\/v2\/users\/1"}],"replies":[{"embeddable":true,"href":"https:\/\/schoenstatt.com\/es\/wp-json\/wp\/v2\/comments?post=50355"}],"version-history":[{"count":1,"href":"https:\/\/schoenstatt.com\/es\/wp-json\/wp\/v2\/posts\/50355\/revisions"}],"predecessor-version":[{"id":50471,"href":"https:\/\/schoenstatt.com\/es\/wp-json\/wp\/v2\/posts\/50355\/revisions\/50471"}],"wp:featuredmedia":[{"embeddable":true,"href":"https:\/\/schoenstatt.com\/es\/wp-json\/wp\/v2\/media\/25989"}],"wp:attachment":[{"href":"https:\/\/schoenstatt.com\/es\/wp-json\/wp\/v2\/media?parent=50355"}],"wp:term":[{"taxonomy":"category","embeddable":true,"href":"https:\/\/schoenstatt.com\/es\/wp-json\/wp\/v2\/categories?post=50355"},{"taxonomy":"post_tag","embeddable":true,"href":"https:\/\/schoenstatt.com\/es\/wp-json\/wp\/v2\/tags?post=50355"}],"curies":[{"name":"wp","href":"https:\/\/api.w.org\/{rel}","templated":true}]}}