{"id":50077,"date":"2023-01-01T10:45:57","date_gmt":"2023-01-01T09:45:57","guid":{"rendered":"https:\/\/schoenstattdev.wpenginepowered.com\/?p=28603"},"modified":"2025-05-15T18:02:49","modified_gmt":"2025-05-15T16:02:49","slug":"la-vida-de-benedicto-xvi-biografia-del-papa-emerito","status":"publish","type":"post","link":"https:\/\/schoenstatt.com\/es\/la-vida-de-benedicto-xvi-biografia-del-papa-emerito\/","title":{"rendered":"La vida de Benedicto XVI: biograf\u00eda del Papa em\u00e9rito"},"content":{"rendered":"<h3>El cardenal Joseph Ratzinger<\/h3>\n<p>El cardenal Joseph Ratzinger, Papa Benedicto XVI, naci\u00f3 en Marktl am Inn, di\u00f3cesis de Passau (Alemania), el 16 de abril de 1927 (S\u00e1bado Santo), y fue bautizado ese mismo d\u00eda. Su padre, comisario de la gendarmer\u00eda, proven\u00eda de una antigua familia de agricultores de la Baja Baviera, de condiciones econ\u00f3micas m\u00e1s bien modestas. Su madre era hija de artesanos de Rimsting, en el lago Chiem, y antes de casarse trabaj\u00f3 de cocinera en varios hoteles.<\/p>\n<p>Pas\u00f3 su infancia y su adolescencia en Traunstein, una peque\u00f1a localidad cerca de la frontera con Austria, a treinta kil\u00f3metros de Salzburgo. En ese marco, que \u00e9l mismo ha definido \u201cmozartiano\u201d, recibi\u00f3 su formaci\u00f3n cristiana, humana y cultural.<\/p>\n<p>El per\u00edodo de su juventud no fue f\u00e1cil. La fe y la educaci\u00f3n de su familia lo prepar\u00f3 para afrontar la dura experiencia de aquellos tiempos en los que el r\u00e9gimen nazi manten\u00eda un clima de fuerte hostilidad contra la Iglesia cat\u00f3lica. El joven Joseph vio como los nazis golpeaban al p\u00e1rroco antes de la celebraci\u00f3n de la Santa Misa.<\/p>\n<p>Precisamente en esa compleja situaci\u00f3n, descubri\u00f3 la belleza y la verdad de la fe en Cristo; para ello fue fundamental la actitud de su familia, que siempre dio un claro testimonio de bondad y esperanza, con una arraigada pertenencia a la Iglesia.<\/p>\n<p>Hasta el mes de septiembre de 1944 estuvo enrolado\u00a0en los servicios auxiliares antia\u00e9reos.<\/p>\n<h3>Recibi\u00f3 la Ordenaci\u00f3n Sacerdotal el\u00a0 29 de junio de 1951<\/h3>\n<p><img fetchpriority=\"high\" decoding=\"async\" class=\"aligncenter wp-image-28590 size-full\" src=\"https:\/\/schoenstatt.com\/wp-content\/uploads\/2022\/12\/Beno-young-1.png\" alt=\"Pope Emeritus\" width=\"909\" height=\"573\" srcset=\"https:\/\/schoenstatt.com\/wp-content\/uploads\/2022\/12\/Beno-young-1.png 909w, https:\/\/schoenstatt.com\/wp-content\/uploads\/2022\/12\/Beno-young-1-768x484.png 768w\" sizes=\"(max-width: 909px) 100vw, 909px\" \/><\/p>\n<p>De 1946 a 1951 estudi\u00f3 filosof\u00eda y teolog\u00eda en la Escuela superior de filosof\u00eda y teolog\u00eda de Freising y en la universidad de Munich, en Baviera.<\/p>\n<p>Recibi\u00f3 la ordenaci\u00f3n sacerdotal el 29 de junio de 1951.<\/p>\n<p>Un a\u00f1o despu\u00e9s, inici\u00f3 su actividad como profesor en la Escuela superior de Freising.<\/p>\n<p>En el a\u00f1o 1953 se doctor\u00f3 en teolog\u00eda con la tesis: \u201cPueblo y casa de Dios en la doctrina de la Iglesia de san Agust\u00edn\u201d. Cuatro a\u00f1os m\u00e1s tarde, bajo la direcci\u00f3n del conocido profesor de teolog\u00eda fundamental Gottlieb S\u00f6hngen, obtuvo la habilitaci\u00f3n para la ense\u00f1anza con una disertaci\u00f3n sobre: \u201cLa teolog\u00eda de la historia de san Buenaventura\u201d.<\/p>\n<p>Tras ejercer como profesor de teolog\u00eda dogm\u00e1tica y fundamental en la Escuela superior de filosof\u00eda y teolog\u00eda de Freising, prosigui\u00f3 su actividad docente en Bona, de 1959 a 1963; en Mu\u00f1iste, de 1963 a 1966; y en Tubinga, de 1966 a 1969. En este \u00faltimo a\u00f1o pas\u00f3 a ser catedr\u00e1tico de dogm\u00e1tica e historia del dogma en la Universidad de Ratisbona, donde ocup\u00f3 tambi\u00e9n el cargo de vicerrector de la Universidad.<\/p>\n<p>De 1962 a 1965 hizo notables aportaciones al Concilio Vaticano II como \u201cexperto\u201d; asisti\u00f3 como te\u00f3logo consultor del cardenal Joseph Frings, arzobispo de Colonia.<\/p>\n<p>Su intensa actividad cient\u00edfica lo llev\u00f3 a desempe\u00f1ar importantes cargos al servicio de la Conferencia Episcopal Alemana y de la Comisi\u00f3n Teol\u00f3gica Internacional.<\/p>\n<p>En 1972, juntamente con Hans Urs von Balthasar, Henri de Lubac y otros grandes te\u00f3logos, fund\u00f3 la revista de teolog\u00eda \u201cCommunio\u201d.<\/p>\n<p>El 25 de marzo de 1977, el Papa Pablo VI lo nombr\u00f3 arzobispo de Munich y Freising. El 28 de mayo recibi\u00f3 la Ordenaci\u00f3n episcopal. Fue el primer sacerdote diocesano, despu\u00e9s de 80 a\u00f1os, que asumi\u00f3 el gobierno pastoral de la gran archidi\u00f3cesis b\u00e1vara. Escogi\u00f3 como lema episcopal: \u201cColaborador de la verdad\u201d y \u00e9l mismo lo explic\u00f3: \u201cPor un lado, me parec\u00eda que expresaba la relaci\u00f3n entre mi tarea previa como profesor y mi nueva misi\u00f3n. Aunque de diferentes modos, lo que estaba y segu\u00eda estando en juego era seguir la verdad, estar a su servicio. Y, por otro, escog\u00ed este lema porque en el mundo de hoy el tema de la verdad es acallado casi totalmente; pues se presenta como algo demasiado grande para el hombre y, sin embargo, si falta la verdad todo se desmorona\u201d.<\/p>\n<h3>Obispo y Cardenal<\/h3>\n<p><img decoding=\"async\" class=\"aligncenter wp-image-28594 size-full\" src=\"https:\/\/schoenstatt.com\/wp-content\/uploads\/2022\/12\/Beno-Cardinal-1.png\" alt=\"Papa em\u00e9rito\" width=\"706\" height=\"579\" \/><\/p>\n<p>Pablo VI lo cre\u00f3 cardenal, con el t\u00edtulo presbiteral de \u201cNuestra Se\u00f1ora de la Consolaci\u00f3n en el Tiburtino\u201d, en el consistorio del 27 de junio del mismo a\u00f1o.<\/p>\n<p>En 1978, el Cardenal Ratzinger particip\u00f3 en el C\u00f3nclave, celebrado del 25 al 26 de agosto, que eligi\u00f3 a Juan Pablo I, el cual lo nombr\u00f3 su Enviado Especial al III Congreso mariol\u00f3gico internacional, que tuvo lugar en Guayaquil (Ecuador), del 16 al 24 de septiembre. En el mes de octubre del mismo a\u00f1o, particip\u00f3 tambi\u00e9n en el C\u00f3nclave que eligi\u00f3 a Juan Pablo II.<\/p>\n<p>Fue Relator en la V Asamblea general ordinaria del S\u00ednodo de los Obispos de 1980, sobre el tema: \u201cMisi\u00f3n de la familia cristiana en el mundo contempor\u00e1neo\u201d y Presidente delegado de la VI Asamblea general ordinaria, de 1983, sobre \u201cLa reconciliaci\u00f3n y la penitencia en la misi\u00f3n de la Iglesia\u201d.<\/p>\n<p>Juan Pablo II lo nombr\u00f3 Prefecto de la Congregaci\u00f3n para la Doctrina de la Fe y Presidente de la Pontificia Comisi\u00f3n B\u00edblica y de la Comisi\u00f3n Teol\u00f3gica Internacional, el 25 de noviembre de 1981. El 15 de febrero de 1982 renunci\u00f3 al gobierno pastoral de la archidi\u00f3cesis de Munich y Freising. El 5 de abril de 1993, lo elev\u00f3 al Orden de los Obispos, asign\u00e1ndole la sede suburbicaria de Velletri-Segni.<\/p>\n<p>Fue Presidente de la Comisi\u00f3n para la preparaci\u00f3n del Catecismo de la Iglesia cat\u00f3lica, que, despu\u00e9s de seis a\u00f1os de trabajo (1986-1992), present\u00f3 al Papa el nuevo Catecismo.<\/p>\n<h3>Prefecto<\/h3>\n<p><img decoding=\"async\" class=\"aligncenter wp-image-28586 size-full\" src=\"https:\/\/schoenstatt.com\/wp-content\/uploads\/2022\/12\/Beno-Priest-1.png\" alt=\"\" width=\"495\" height=\"364\" \/><\/p>\n<p>Juan Pablo II, el 6 de noviembre de 1998, aprob\u00f3 la elecci\u00f3n del cardenal Ratzinger como Vicedecano del Colegio cardenalicio, realizada por los Cardenales del Orden de los Obispos. Y el 30 de noviembre de 2002, aprob\u00f3 su elecci\u00f3n como Decano; con dicho cargo le fue asignada, adem\u00e1s, la sede suburbicaria de Ostia.<\/p>\n<p>En 1999 fue Enviado Especial del Papa a las celebraciones con ocasi\u00f3n del XII centenario de la creaci\u00f3n de la di\u00f3cesis de Paderborn, Alemania, que tuvieron lugar el 3 de enero.<\/p>\n<p>Desde el 13 de noviembre de 2000 fue Acad\u00e9mico honorario de la Academia Pontificia de las Ciencias.<\/p>\n<p>En la Curia romana, fue miembro del Consejo de la Secretaria de Estado para las Relaciones con los Estados; de las Congregaciones para las Iglesias Orientales, para el Culto Divino y la Disciplina de los Sacramentos, para los Obispos, para la Evangelizaci\u00f3n de los Pueblos, para la Educaci\u00f3n Cat\u00f3lica, para el Clero y para las Causas de los Santos; de los Consejos pontificios para la Promoci\u00f3n de la Unidad de los Cristianos y para la Cultura; del Tribunal Supremo de la Signatura Apost\u00f3lica; y de las Comisiones pontificias para Am\u00e9rica Latina, \u201cEcclesia Dei\u201d, para la Interpretaci\u00f3n aut\u00e9ntica del C\u00f3digo de Derecho Can\u00f3nico y para la Revisi\u00f3n del C\u00f3digo de Derecho Can\u00f3nico Oriental.<\/p>\n<h3>Publicaciones<\/h3>\n<p><img loading=\"lazy\" decoding=\"async\" class=\"aligncenter wp-image-28566 size-full\" src=\"https:\/\/schoenstatt.com\/wp-content\/uploads\/2022\/12\/Bento-3-1.png\" alt=\"Papa em\u00e9rito\" width=\"746\" height=\"383\" \/><\/p>\n<p>Entre sus numerosas publicaciones ocupa un lugar destacado el libro: \u00abIntroducci\u00f3n al Cristianismo\u00bb, recopilaci\u00f3n de lecciones universitarias publicadas en 1968 sobre la profesi\u00f3n de fe apost\u00f3lica; \u00abPalabra en la Iglesia\u00bb (1973), antolog\u00eda de ensayos, predicaciones y reflexiones dedicadas a la pastoral.<\/p>\n<p>Tuvo gran resonancia el discurso que pronunci\u00f3 ante la Academia b\u00e1vara sobre el tema \u201c\u00bfPor qu\u00e9 sigo a\u00fan en la Iglesia?\u201d, en el que, con su habitual claridad, afirm\u00f3: \u201cS\u00f3lo en la Iglesia es posible ser cristiano y no al margen de la Iglesia\u201d.<\/p>\n<p>Sus publicaciones fueron abundantes a lo largo de los a\u00f1os, constituyendo un punto de referencia para muchas personas, especialmente para los que quer\u00edan profundizar en el estudio de la teolog\u00eda. En 1985 public\u00f3 el libro-entrevista \u201cInforme sobre la fe\u201d y, en 1996 \u201cLa sal de la tierra\u201d. Asimismo, con ocasi\u00f3n de su 70\u00b0 cumplea\u00f1os, se public\u00f3 el libro: \u201cEn la escuela de la verdad\u201d, en el que varios autores ilustran diversos aspectos de su personalidad y de su obra.<\/p>\n<p>Ha recibido numerosos doctorados \u201chonoris causa\u201d: por el College of St. Thomas in St. Paul (Minnesota, Estados Unidos), en 1984; por la Universidad cat\u00f3lica de Eichst\u00e4tt (Alemania) en 1985; por la Universidad cat\u00f3lica de Lima (Per\u00fa), en 1986; por la Universidad cat\u00f3lica de Lublin (Polonia), en 1988; por la Universidad de Navarra (Pamplona, Espa\u00f1a), en 1998; por la Libre Universidad Mar\u00eda Sant\u00edsima Asunta (LUMSA) Roma, en 1999; por la Facultad de Teolog\u00eda de la Universidad de Wroclaw (Polonia), en 2000.<\/p>\n<p>Source: <a href=\"https:\/\/www.vaticannews.va\/es\/papa\/news\/2022-12\/la-vida-de-benedicto-xvi-biografia-del-papa-emerito-2022.html\">www.vaticanews.va\/en<\/a><\/p>\n","protected":false},"excerpt":{"rendered":"<p>Reconocido te\u00f3logo y prelado alem\u00e1n, elegido Papa de la Iglesia Cat\u00f3lica el 19 de abril de 2005, sucesor de Juan Pablo II. La historia de vida de Joseph Ratzinger-Benedicto XVI, 265 Papa de la Iglesia cat\u00f3lica, es la de un hombre que ha vivido por y para la Iglesia, sosteni\u00e9ndola tambi\u00e9n con la oraci\u00f3n, en silencio, en sus \u00faltimos a\u00f1os de vida.<\/p>\n","protected":false},"author":1,"featured_media":28574,"comment_status":"closed","ping_status":"closed","sticky":false,"template":"","format":"standard","meta":{"footnotes":""},"categories":[917,683],"tags":[],"class_list":["post-50077","post","type-post","status-publish","format-standard","has-post-thumbnail","hentry","category-espiritualidad-es","category-iglesia-es"],"yoast_head":"<!-- This site is optimized with the Yoast SEO Premium plugin v27.4 (Yoast SEO v27.4) - https:\/\/yoast.com\/product\/yoast-seo-premium-wordpress\/ -->\n<title>La vida de Benedicto XVI: biograf\u00eda del Papa em\u00e9rito - Schoenstatt<\/title>\n<meta name=\"description\" content=\"La vida de Benedicto XVI: biograf\u00eda del Papa em\u00e9rito - Fallecido el s\u00e1bado a los 95 a\u00f1os, repasamos su larga vida y sus principales momentos.\" \/>\n<meta name=\"robots\" content=\"index, follow, max-snippet:-1, max-image-preview:large, max-video-preview:-1\" \/>\n<link rel=\"canonical\" href=\"https:\/\/schoenstatt.com\/es\/la-vida-de-benedicto-xvi-biografia-del-papa-emerito\/\" \/>\n<meta property=\"og:locale\" content=\"es_ES\" \/>\n<meta property=\"og:type\" content=\"article\" \/>\n<meta property=\"og:title\" content=\"La vida de Benedicto XVI: biograf\u00eda del Papa em\u00e9rito\" \/>\n<meta property=\"og:description\" content=\"La vida de Benedicto XVI: biograf\u00eda del Papa em\u00e9rito - Fallecido el s\u00e1bado a los 95 a\u00f1os, repasamos su larga vida y sus principales momentos.\" \/>\n<meta property=\"og:url\" content=\"https:\/\/schoenstatt.com\/es\/la-vida-de-benedicto-xvi-biografia-del-papa-emerito\/\" \/>\n<meta property=\"og:site_name\" content=\"Schoenstatt\" \/>\n<meta property=\"article:published_time\" content=\"2023-01-01T09:45:57+00:00\" \/>\n<meta property=\"article:modified_time\" content=\"2025-05-15T16:02:49+00:00\" \/>\n<meta property=\"og:image\" content=\"https:\/\/schoenstatt.com\/wp-content\/uploads\/2022\/12\/Bento-5-1.png\" \/>\n\t<meta property=\"og:image:width\" content=\"748\" \/>\n\t<meta property=\"og:image:height\" content=\"383\" \/>\n\t<meta property=\"og:image:type\" content=\"image\/png\" \/>\n<meta name=\"author\" content=\"admin\" \/>\n<meta name=\"twitter:card\" content=\"summary_large_image\" \/>\n<meta name=\"twitter:label1\" content=\"Escrito por\" \/>\n\t<meta name=\"twitter:data1\" content=\"admin\" \/>\n\t<meta name=\"twitter:label2\" content=\"Tiempo de lectura\" \/>\n\t<meta name=\"twitter:data2\" content=\"7 minutos\" \/>\n<script type=\"application\/ld+json\" class=\"yoast-schema-graph\">{\"@context\":\"https:\\\/\\\/schema.org\",\"@graph\":[{\"@type\":\"Article\",\"@id\":\"https:\\\/\\\/schoenstatt.com\\\/es\\\/la-vida-de-benedicto-xvi-biografia-del-papa-emerito\\\/#article\",\"isPartOf\":{\"@id\":\"https:\\\/\\\/schoenstatt.com\\\/es\\\/la-vida-de-benedicto-xvi-biografia-del-papa-emerito\\\/\"},\"author\":{\"name\":\"admin\",\"@id\":\"https:\\\/\\\/schoenstatt.com\\\/es\\\/#\\\/schema\\\/person\\\/489465b1850e7b216fe2c10dfc262551\"},\"headline\":\"La vida de Benedicto XVI: biograf\u00eda del Papa em\u00e9rito\",\"datePublished\":\"2023-01-01T09:45:57+00:00\",\"dateModified\":\"2025-05-15T16:02:49+00:00\",\"mainEntityOfPage\":{\"@id\":\"https:\\\/\\\/schoenstatt.com\\\/es\\\/la-vida-de-benedicto-xvi-biografia-del-papa-emerito\\\/\"},\"wordCount\":1421,\"publisher\":{\"@id\":\"https:\\\/\\\/schoenstatt.com\\\/es\\\/#organization\"},\"image\":{\"@id\":\"https:\\\/\\\/schoenstatt.com\\\/es\\\/la-vida-de-benedicto-xvi-biografia-del-papa-emerito\\\/#primaryimage\"},\"thumbnailUrl\":\"https:\\\/\\\/schoenstatt.com\\\/wp-content\\\/uploads\\\/2022\\\/12\\\/Bento-5-1.png\",\"articleSection\":[\"Espiritualidad\",\"Iglesia\"],\"inLanguage\":\"es\"},{\"@type\":\"WebPage\",\"@id\":\"https:\\\/\\\/schoenstatt.com\\\/es\\\/la-vida-de-benedicto-xvi-biografia-del-papa-emerito\\\/\",\"url\":\"https:\\\/\\\/schoenstatt.com\\\/es\\\/la-vida-de-benedicto-xvi-biografia-del-papa-emerito\\\/\",\"name\":\"La vida de Benedicto XVI: biograf\u00eda del Papa em\u00e9rito - Schoenstatt\",\"isPartOf\":{\"@id\":\"https:\\\/\\\/schoenstatt.com\\\/es\\\/#website\"},\"primaryImageOfPage\":{\"@id\":\"https:\\\/\\\/schoenstatt.com\\\/es\\\/la-vida-de-benedicto-xvi-biografia-del-papa-emerito\\\/#primaryimage\"},\"image\":{\"@id\":\"https:\\\/\\\/schoenstatt.com\\\/es\\\/la-vida-de-benedicto-xvi-biografia-del-papa-emerito\\\/#primaryimage\"},\"thumbnailUrl\":\"https:\\\/\\\/schoenstatt.com\\\/wp-content\\\/uploads\\\/2022\\\/12\\\/Bento-5-1.png\",\"datePublished\":\"2023-01-01T09:45:57+00:00\",\"dateModified\":\"2025-05-15T16:02:49+00:00\",\"description\":\"La vida de Benedicto XVI: biograf\u00eda del Papa em\u00e9rito - Fallecido el s\u00e1bado a los 95 a\u00f1os, repasamos su larga vida y sus principales momentos.\",\"breadcrumb\":{\"@id\":\"https:\\\/\\\/schoenstatt.com\\\/es\\\/la-vida-de-benedicto-xvi-biografia-del-papa-emerito\\\/#breadcrumb\"},\"inLanguage\":\"es\",\"potentialAction\":[{\"@type\":\"ReadAction\",\"target\":[\"https:\\\/\\\/schoenstatt.com\\\/es\\\/la-vida-de-benedicto-xvi-biografia-del-papa-emerito\\\/\"]}]},{\"@type\":\"ImageObject\",\"inLanguage\":\"es\",\"@id\":\"https:\\\/\\\/schoenstatt.com\\\/es\\\/la-vida-de-benedicto-xvi-biografia-del-papa-emerito\\\/#primaryimage\",\"url\":\"https:\\\/\\\/schoenstatt.com\\\/wp-content\\\/uploads\\\/2022\\\/12\\\/Bento-5-1.png\",\"contentUrl\":\"https:\\\/\\\/schoenstatt.com\\\/wp-content\\\/uploads\\\/2022\\\/12\\\/Bento-5-1.png\",\"width\":748,\"height\":383,\"caption\":\"Papa em\u00e9rito\"},{\"@type\":\"BreadcrumbList\",\"@id\":\"https:\\\/\\\/schoenstatt.com\\\/es\\\/la-vida-de-benedicto-xvi-biografia-del-papa-emerito\\\/#breadcrumb\",\"itemListElement\":[{\"@type\":\"ListItem\",\"position\":1,\"name\":\"Portada\",\"item\":\"https:\\\/\\\/schoenstatt.com\\\/es\\\/home\\\/\"},{\"@type\":\"ListItem\",\"position\":2,\"name\":\"La vida de Benedicto XVI: biograf\u00eda del Papa em\u00e9rito\"}]},{\"@type\":\"WebSite\",\"@id\":\"https:\\\/\\\/schoenstatt.com\\\/es\\\/#website\",\"url\":\"https:\\\/\\\/schoenstatt.com\\\/es\\\/\",\"name\":\"Schoenstatt\",\"description\":\"Apostolic Movement\",\"publisher\":{\"@id\":\"https:\\\/\\\/schoenstatt.com\\\/es\\\/#organization\"},\"potentialAction\":[{\"@type\":\"SearchAction\",\"target\":{\"@type\":\"EntryPoint\",\"urlTemplate\":\"https:\\\/\\\/schoenstatt.com\\\/es\\\/?s={search_term_string}\"},\"query-input\":{\"@type\":\"PropertyValueSpecification\",\"valueRequired\":true,\"valueName\":\"search_term_string\"}}],\"inLanguage\":\"es\"},{\"@type\":\"Organization\",\"@id\":\"https:\\\/\\\/schoenstatt.com\\\/es\\\/#organization\",\"name\":\"Schoenstatt\",\"url\":\"https:\\\/\\\/schoenstatt.com\\\/es\\\/\",\"logo\":{\"@type\":\"ImageObject\",\"inLanguage\":\"es\",\"@id\":\"https:\\\/\\\/schoenstatt.com\\\/es\\\/#\\\/schema\\\/logo\\\/image\\\/\",\"url\":\"https:\\\/\\\/schoenstatt.com\\\/wp-content\\\/uploads\\\/2025\\\/04\\\/logo-schoenstatt-white-696x696-1.png\",\"contentUrl\":\"https:\\\/\\\/schoenstatt.com\\\/wp-content\\\/uploads\\\/2025\\\/04\\\/logo-schoenstatt-white-696x696-1.png\",\"width\":696,\"height\":694,\"caption\":\"Schoenstatt\"},\"image\":{\"@id\":\"https:\\\/\\\/schoenstatt.com\\\/es\\\/#\\\/schema\\\/logo\\\/image\\\/\"}},{\"@type\":\"Person\",\"@id\":\"https:\\\/\\\/schoenstatt.com\\\/es\\\/#\\\/schema\\\/person\\\/489465b1850e7b216fe2c10dfc262551\",\"name\":\"admin\",\"image\":{\"@type\":\"ImageObject\",\"inLanguage\":\"es\",\"@id\":\"https:\\\/\\\/secure.gravatar.com\\\/avatar\\\/02e8345e1ec40ab0e0a2a98fdde64a684bbaf994cddcb778b25b8b024ee9dfe6?s=96&d=mm&r=g\",\"url\":\"https:\\\/\\\/secure.gravatar.com\\\/avatar\\\/02e8345e1ec40ab0e0a2a98fdde64a684bbaf994cddcb778b25b8b024ee9dfe6?s=96&d=mm&r=g\",\"contentUrl\":\"https:\\\/\\\/secure.gravatar.com\\\/avatar\\\/02e8345e1ec40ab0e0a2a98fdde64a684bbaf994cddcb778b25b8b024ee9dfe6?s=96&d=mm&r=g\",\"caption\":\"admin\"},\"sameAs\":[\"https:\\\/\\\/schoenstatt.com\"],\"url\":\"https:\\\/\\\/schoenstatt.com\\\/es\\\/author\\\/admin\\\/\"}]}<\/script>\n<!-- \/ Yoast SEO Premium plugin. -->","yoast_head_json":{"title":"La vida de Benedicto XVI: biograf\u00eda del Papa em\u00e9rito - Schoenstatt","description":"La vida de Benedicto XVI: biograf\u00eda del Papa em\u00e9rito - Fallecido el s\u00e1bado a los 95 a\u00f1os, repasamos su larga vida y sus principales momentos.","robots":{"index":"index","follow":"follow","max-snippet":"max-snippet:-1","max-image-preview":"max-image-preview:large","max-video-preview":"max-video-preview:-1"},"canonical":"https:\/\/schoenstatt.com\/es\/la-vida-de-benedicto-xvi-biografia-del-papa-emerito\/","og_locale":"es_ES","og_type":"article","og_title":"La vida de Benedicto XVI: biograf\u00eda del Papa em\u00e9rito","og_description":"La vida de Benedicto XVI: biograf\u00eda del Papa em\u00e9rito - Fallecido el s\u00e1bado a los 95 a\u00f1os, repasamos su larga vida y sus principales momentos.","og_url":"https:\/\/schoenstatt.com\/es\/la-vida-de-benedicto-xvi-biografia-del-papa-emerito\/","og_site_name":"Schoenstatt","article_published_time":"2023-01-01T09:45:57+00:00","article_modified_time":"2025-05-15T16:02:49+00:00","og_image":[{"width":748,"height":383,"url":"https:\/\/schoenstatt.com\/wp-content\/uploads\/2022\/12\/Bento-5-1.png","type":"image\/png"}],"author":"admin","twitter_card":"summary_large_image","twitter_misc":{"Escrito por":"admin","Tiempo de lectura":"7 minutos"},"schema":{"@context":"https:\/\/schema.org","@graph":[{"@type":"Article","@id":"https:\/\/schoenstatt.com\/es\/la-vida-de-benedicto-xvi-biografia-del-papa-emerito\/#article","isPartOf":{"@id":"https:\/\/schoenstatt.com\/es\/la-vida-de-benedicto-xvi-biografia-del-papa-emerito\/"},"author":{"name":"admin","@id":"https:\/\/schoenstatt.com\/es\/#\/schema\/person\/489465b1850e7b216fe2c10dfc262551"},"headline":"La vida de Benedicto XVI: biograf\u00eda del Papa em\u00e9rito","datePublished":"2023-01-01T09:45:57+00:00","dateModified":"2025-05-15T16:02:49+00:00","mainEntityOfPage":{"@id":"https:\/\/schoenstatt.com\/es\/la-vida-de-benedicto-xvi-biografia-del-papa-emerito\/"},"wordCount":1421,"publisher":{"@id":"https:\/\/schoenstatt.com\/es\/#organization"},"image":{"@id":"https:\/\/schoenstatt.com\/es\/la-vida-de-benedicto-xvi-biografia-del-papa-emerito\/#primaryimage"},"thumbnailUrl":"https:\/\/schoenstatt.com\/wp-content\/uploads\/2022\/12\/Bento-5-1.png","articleSection":["Espiritualidad","Iglesia"],"inLanguage":"es"},{"@type":"WebPage","@id":"https:\/\/schoenstatt.com\/es\/la-vida-de-benedicto-xvi-biografia-del-papa-emerito\/","url":"https:\/\/schoenstatt.com\/es\/la-vida-de-benedicto-xvi-biografia-del-papa-emerito\/","name":"La vida de Benedicto XVI: biograf\u00eda del Papa em\u00e9rito - Schoenstatt","isPartOf":{"@id":"https:\/\/schoenstatt.com\/es\/#website"},"primaryImageOfPage":{"@id":"https:\/\/schoenstatt.com\/es\/la-vida-de-benedicto-xvi-biografia-del-papa-emerito\/#primaryimage"},"image":{"@id":"https:\/\/schoenstatt.com\/es\/la-vida-de-benedicto-xvi-biografia-del-papa-emerito\/#primaryimage"},"thumbnailUrl":"https:\/\/schoenstatt.com\/wp-content\/uploads\/2022\/12\/Bento-5-1.png","datePublished":"2023-01-01T09:45:57+00:00","dateModified":"2025-05-15T16:02:49+00:00","description":"La vida de Benedicto XVI: biograf\u00eda del Papa em\u00e9rito - Fallecido el s\u00e1bado a los 95 a\u00f1os, repasamos su larga vida y sus principales momentos.","breadcrumb":{"@id":"https:\/\/schoenstatt.com\/es\/la-vida-de-benedicto-xvi-biografia-del-papa-emerito\/#breadcrumb"},"inLanguage":"es","potentialAction":[{"@type":"ReadAction","target":["https:\/\/schoenstatt.com\/es\/la-vida-de-benedicto-xvi-biografia-del-papa-emerito\/"]}]},{"@type":"ImageObject","inLanguage":"es","@id":"https:\/\/schoenstatt.com\/es\/la-vida-de-benedicto-xvi-biografia-del-papa-emerito\/#primaryimage","url":"https:\/\/schoenstatt.com\/wp-content\/uploads\/2022\/12\/Bento-5-1.png","contentUrl":"https:\/\/schoenstatt.com\/wp-content\/uploads\/2022\/12\/Bento-5-1.png","width":748,"height":383,"caption":"Papa em\u00e9rito"},{"@type":"BreadcrumbList","@id":"https:\/\/schoenstatt.com\/es\/la-vida-de-benedicto-xvi-biografia-del-papa-emerito\/#breadcrumb","itemListElement":[{"@type":"ListItem","position":1,"name":"Portada","item":"https:\/\/schoenstatt.com\/es\/home\/"},{"@type":"ListItem","position":2,"name":"La vida de Benedicto XVI: biograf\u00eda del Papa em\u00e9rito"}]},{"@type":"WebSite","@id":"https:\/\/schoenstatt.com\/es\/#website","url":"https:\/\/schoenstatt.com\/es\/","name":"Schoenstatt","description":"Apostolic Movement","publisher":{"@id":"https:\/\/schoenstatt.com\/es\/#organization"},"potentialAction":[{"@type":"SearchAction","target":{"@type":"EntryPoint","urlTemplate":"https:\/\/schoenstatt.com\/es\/?s={search_term_string}"},"query-input":{"@type":"PropertyValueSpecification","valueRequired":true,"valueName":"search_term_string"}}],"inLanguage":"es"},{"@type":"Organization","@id":"https:\/\/schoenstatt.com\/es\/#organization","name":"Schoenstatt","url":"https:\/\/schoenstatt.com\/es\/","logo":{"@type":"ImageObject","inLanguage":"es","@id":"https:\/\/schoenstatt.com\/es\/#\/schema\/logo\/image\/","url":"https:\/\/schoenstatt.com\/wp-content\/uploads\/2025\/04\/logo-schoenstatt-white-696x696-1.png","contentUrl":"https:\/\/schoenstatt.com\/wp-content\/uploads\/2025\/04\/logo-schoenstatt-white-696x696-1.png","width":696,"height":694,"caption":"Schoenstatt"},"image":{"@id":"https:\/\/schoenstatt.com\/es\/#\/schema\/logo\/image\/"}},{"@type":"Person","@id":"https:\/\/schoenstatt.com\/es\/#\/schema\/person\/489465b1850e7b216fe2c10dfc262551","name":"admin","image":{"@type":"ImageObject","inLanguage":"es","@id":"https:\/\/secure.gravatar.com\/avatar\/02e8345e1ec40ab0e0a2a98fdde64a684bbaf994cddcb778b25b8b024ee9dfe6?s=96&d=mm&r=g","url":"https:\/\/secure.gravatar.com\/avatar\/02e8345e1ec40ab0e0a2a98fdde64a684bbaf994cddcb778b25b8b024ee9dfe6?s=96&d=mm&r=g","contentUrl":"https:\/\/secure.gravatar.com\/avatar\/02e8345e1ec40ab0e0a2a98fdde64a684bbaf994cddcb778b25b8b024ee9dfe6?s=96&d=mm&r=g","caption":"admin"},"sameAs":["https:\/\/schoenstatt.com"],"url":"https:\/\/schoenstatt.com\/es\/author\/admin\/"}]}},"_links":{"self":[{"href":"https:\/\/schoenstatt.com\/es\/wp-json\/wp\/v2\/posts\/50077","targetHints":{"allow":["GET"]}}],"collection":[{"href":"https:\/\/schoenstatt.com\/es\/wp-json\/wp\/v2\/posts"}],"about":[{"href":"https:\/\/schoenstatt.com\/es\/wp-json\/wp\/v2\/types\/post"}],"author":[{"embeddable":true,"href":"https:\/\/schoenstatt.com\/es\/wp-json\/wp\/v2\/users\/1"}],"replies":[{"embeddable":true,"href":"https:\/\/schoenstatt.com\/es\/wp-json\/wp\/v2\/comments?post=50077"}],"version-history":[{"count":1,"href":"https:\/\/schoenstatt.com\/es\/wp-json\/wp\/v2\/posts\/50077\/revisions"}],"predecessor-version":[{"id":50139,"href":"https:\/\/schoenstatt.com\/es\/wp-json\/wp\/v2\/posts\/50077\/revisions\/50139"}],"wp:featuredmedia":[{"embeddable":true,"href":"https:\/\/schoenstatt.com\/es\/wp-json\/wp\/v2\/media\/28574"}],"wp:attachment":[{"href":"https:\/\/schoenstatt.com\/es\/wp-json\/wp\/v2\/media?parent=50077"}],"wp:term":[{"taxonomy":"category","embeddable":true,"href":"https:\/\/schoenstatt.com\/es\/wp-json\/wp\/v2\/categories?post=50077"},{"taxonomy":"post_tag","embeddable":true,"href":"https:\/\/schoenstatt.com\/es\/wp-json\/wp\/v2\/tags?post=50077"}],"curies":[{"name":"wp","href":"https:\/\/api.w.org\/{rel}","templated":true}]}}