{"id":50007,"date":"2023-02-27T15:08:26","date_gmt":"2023-02-27T14:08:26","guid":{"rendered":"https:\/\/schoenstattdev.wpenginepowered.com\/?p=29415"},"modified":"2025-05-15T18:42:32","modified_gmt":"2025-05-15T16:42:32","slug":"ucrania-es-posible-la-sinodalidad-en-medio-de-la-guerra","status":"publish","type":"post","link":"https:\/\/schoenstatt.com\/es\/ucrania-es-posible-la-sinodalidad-en-medio-de-la-guerra\/","title":{"rendered":"Ucrania: \u00bfEs posible la sinodalidad en medio de la guerra?"},"content":{"rendered":"<p>El prelado, presente en los trabajos de la Asamblea Continental Europea en Praga, cuenta c\u00f3mo el conflicto ha interrumpido el camino emprendido por las comunidades de la <a href=\"https:\/\/schoenstattdev.wpenginepowered.com\/es\/iglesia\/octubre-por-una-iglesia-abierta-a-todos\/\">di\u00f3cesis<\/a> para el documento preparatorio del S\u00ednodo, pero ha sacado a la superficie una manera de actuar juntos, entre el pueblo, los agentes pastorales y los sacerdotes, para ayudarse mutuamente y fortalecerse en el esp\u00edritu a trav\u00e9s de la oraci\u00f3n<\/p>\n<p>Despu\u00e9s de Praga, el intercambio sobre los frutos de los trabajos del <a href=\"https:\/\/schoenstattdev.wpenginepowered.com\/es\/iglesia\/europa-se-reune-en-praga-para-discernir-en-la-etapa-continental-del-sinodo\/\">S\u00ednodo<\/a> continuar\u00e1 a nivel local. La Iglesia ucraniana, afectada por la invasi\u00f3n militar rusa, no ha podido profundizar en los temas propuestos en las di\u00f3cesis. Sin embargo, en la tragedia de la guerra, ha descubierto un rostro concreto de cercan\u00eda y de aut\u00e9ntica sinodalidad.<\/p>\n<p>Monse\u00f1or Oleksandr Yazlovetskiy, obispo auxiliar de Kiev-Zhytomyr, nos habla de ello. Confiesa que entre los 200 delegados se encontr\u00f3 en un estado de limbo, de desorientaci\u00f3n, como si, seg\u00fan dice, \u00aben medio de tantas realidades que hablan de armon\u00eda, hubiera en m\u00ed una tristeza constante\u00bb.<\/p>\n<p>Transcribimos aqu\u00ed un di\u00e1logo con Mons. Yazlovetskiy.<\/p>\n<p>El encuentro se abri\u00f3 con las palabras de Monse\u00f1or Gru\u0161as, que expres\u00f3 su esperanza de que se ponga fin a la agresi\u00f3n rusa en Ucrania, para que la verdadera paz y la reconciliaci\u00f3n puedan reinar en Europa.<\/p>\n<h2>\u00bfC\u00f3mo le afectaron estas palabras?<\/h2>\n<p>Mons.Yazlovetskiy: Lo esper\u00e1bamos un poco, porque cuando est\u00e1s en un ambiente cat\u00f3lico, siempre encuentras solidaridad, consuelo y oraciones all\u00e1 donde vas. Suelo estar en Kiev, pero de vez en cuando voy a Italia, justo antes de venir aqu\u00ed estuve en Estados Unidos, y siempre recib\u00ed palabras de solidaridad.<\/p>\n<h2>Pero, \u00bfqu\u00e9 significa para usted la sinodalidad, un a\u00f1o despu\u00e9s del comienzo del conflicto?<\/h2>\n<p>Mons.Yazlovetskiy: A decir verdad, es dif\u00edcil hablar de sinodalidad. Cuando comenz\u00f3 el S\u00ednodo, se me encomend\u00f3 la tarea de coordinar el trabajo de las siete di\u00f3cesis cat\u00f3licas romanas que tenemos. Empezamos como todos, con nuestras esperanzas y nuestros temores. Pero cuando estall\u00f3 la guerra, evidentemente otra cosa tuvo prioridad. Nos resulta dif\u00edcil continuar esta labor y, a decir verdad, no ten\u00eda muchas ganas de venir. Comprendo que el mundo sigue adelante, que la Iglesia tiene que hacer frente a todos los desaf\u00edos, pero nuestras realidades y pensamientos est\u00e1n desgraciadamente muy lejos.<\/p>\n<p>Por otra parte, si queremos fijarnos en una cosa \u00abbuena\u00bb que nos ha aportado vivir en guerra, es precisamente esta cercan\u00eda a la gente: en los refugios, tomando el t\u00e9 con ellos, ayudando con voluntarios. Cada parroquia se ha convertido en una peque\u00f1a C\u00e1ritas, con tantos desplazados y tantas necesidades. En resumen, esta guerra ha ayudado a muchos sacerdotes de Ucrania a salir de sus casas e ir entre la gente con la oraci\u00f3n y la ayuda. Han sido realmente muy buenos. Nuestra di\u00f3cesis es muy grande, estaba parcialmente ocupada por los rusos en la \u00e9poca de las masacres de Bucha e Irpin. Aqu\u00ed estoy muy orgulloso de c\u00f3mo los sacerdotes se ocuparon de la gente que hu\u00eda. Espero que esta solidaridad que tenemos y vivimos hoy no se pierda,\u00a0 que se conserve.<\/p>\n<h2>Entonces, \u00bfel conflicto no ha dividido a la Iglesia?<\/h2>\n<p>Mons.Yazlovetskiy: No, no ha dividido. Debo decir que al principio ten\u00eda muchos temores. Los j\u00f3venes y la gente de mediana edad no hab\u00edamos vivido la guerra. Pero nuestra gente era muy buena. Hay excepciones, pero la mayor\u00eda de la gente se ha acercado mucho a la Iglesia. Incluso entre nosotros, hay muchas parejas que solo se casan por lo civil, y cuando llega la llamada para alistarse en el ej\u00e9rcito para luchar, tambi\u00e9n deciden casarse, por miedo a que los hombres no vuelvan. Es hermoso, hay tantos matrimonios, tantos bautizos, tantas situaciones en las que la gente intenta arreglar su relaci\u00f3n con la Iglesia.<\/p>\n<p>Fuente: <a href=\"https:\/\/www.vaticannews.va\/es.html\">Vatican News<\/a><\/p>\n","protected":false},"excerpt":{"rendered":"<p>Mons. Yazlovetskiy, obispo auxiliar de Kiev, afirma que la guerra no dividi\u00f3 a la Iglesia en Ucrania, y que no han podido trabajar con el documento de la Etapa Continental sobre el S\u00ednodo, pero que viven la sinodalidad en la cercan\u00eda con los que sufren. <\/p>\n","protected":false},"author":6,"featured_media":29411,"comment_status":"closed","ping_status":"closed","sticky":false,"template":"","format":"standard","meta":{"footnotes":""},"categories":[917,683,913],"tags":[],"class_list":["post-50007","post","type-post","status-publish","format-standard","has-post-thumbnail","hentry","category-espiritualidad-es","category-iglesia-es","category-sociedad-es"],"yoast_head":"<!-- This site is optimized with the Yoast SEO Premium plugin v27.4 (Yoast SEO v27.4) - https:\/\/yoast.com\/product\/yoast-seo-premium-wordpress\/ -->\n<title>Ucrania: \u00bfEs posible la sinodalidad en medio de la guerra?<\/title>\n<meta name=\"description\" content=\"El obispo Yazlovetskiy, auxiliar de Kiev, relata la situaci\u00f3n de Ucrania: la guerra es una oportunidad para vivir en esp\u00edritu sinodal.\" \/>\n<meta name=\"robots\" content=\"index, follow, max-snippet:-1, max-image-preview:large, max-video-preview:-1\" \/>\n<link rel=\"canonical\" href=\"https:\/\/schoenstatt.com\/es\/ucrania-es-posible-la-sinodalidad-en-medio-de-la-guerra\/\" \/>\n<meta property=\"og:locale\" content=\"es_ES\" \/>\n<meta property=\"og:type\" content=\"article\" \/>\n<meta property=\"og:title\" content=\"Ucrania: \u00bfEs posible la sinodalidad en medio de la guerra?\" \/>\n<meta property=\"og:description\" content=\"El obispo Yazlovetskiy, auxiliar de Kiev, relata la situaci\u00f3n de Ucrania: la guerra es una oportunidad para vivir en esp\u00edritu sinodal.\" \/>\n<meta property=\"og:url\" content=\"https:\/\/schoenstatt.com\/es\/ucrania-es-posible-la-sinodalidad-en-medio-de-la-guerra\/\" \/>\n<meta property=\"og:site_name\" content=\"Schoenstatt\" \/>\n<meta property=\"article:published_time\" content=\"2023-02-27T14:08:26+00:00\" \/>\n<meta property=\"article:modified_time\" content=\"2025-05-15T16:42:32+00:00\" \/>\n<meta property=\"og:image\" content=\"https:\/\/schoenstatt.com\/wp-content\/uploads\/2023\/02\/Bispo-Yazlovetskiy-VaticanNews-1.jpeg\" \/>\n\t<meta property=\"og:image:width\" content=\"750\" \/>\n\t<meta property=\"og:image:height\" content=\"422\" \/>\n\t<meta property=\"og:image:type\" content=\"image\/jpeg\" \/>\n<meta name=\"author\" content=\"Vanessa Franke\" \/>\n<meta name=\"twitter:card\" content=\"summary_large_image\" \/>\n<meta name=\"twitter:label1\" content=\"Escrito por\" \/>\n\t<meta name=\"twitter:data1\" content=\"Vanessa Franke\" \/>\n\t<meta name=\"twitter:label2\" content=\"Tiempo de lectura\" \/>\n\t<meta name=\"twitter:data2\" content=\"3 minutos\" \/>\n<script type=\"application\/ld+json\" class=\"yoast-schema-graph\">{\"@context\":\"https:\\\/\\\/schema.org\",\"@graph\":[{\"@type\":\"Article\",\"@id\":\"https:\\\/\\\/schoenstatt.com\\\/es\\\/ucrania-es-posible-la-sinodalidad-en-medio-de-la-guerra\\\/#article\",\"isPartOf\":{\"@id\":\"https:\\\/\\\/schoenstatt.com\\\/es\\\/ucrania-es-posible-la-sinodalidad-en-medio-de-la-guerra\\\/\"},\"author\":{\"name\":\"Vanessa Franke\",\"@id\":\"https:\\\/\\\/schoenstatt.com\\\/es\\\/#\\\/schema\\\/person\\\/ea97a60c723e21c923e2177f0f3163f7\"},\"headline\":\"Ucrania: \u00bfEs posible la sinodalidad en medio de la guerra?\",\"datePublished\":\"2023-02-27T14:08:26+00:00\",\"dateModified\":\"2025-05-15T16:42:32+00:00\",\"mainEntityOfPage\":{\"@id\":\"https:\\\/\\\/schoenstatt.com\\\/es\\\/ucrania-es-posible-la-sinodalidad-en-medio-de-la-guerra\\\/\"},\"wordCount\":680,\"publisher\":{\"@id\":\"https:\\\/\\\/schoenstatt.com\\\/es\\\/#organization\"},\"image\":{\"@id\":\"https:\\\/\\\/schoenstatt.com\\\/es\\\/ucrania-es-posible-la-sinodalidad-en-medio-de-la-guerra\\\/#primaryimage\"},\"thumbnailUrl\":\"https:\\\/\\\/schoenstatt.com\\\/wp-content\\\/uploads\\\/2023\\\/02\\\/Bispo-Yazlovetskiy-VaticanNews-1.jpeg\",\"articleSection\":[\"Espiritualidad\",\"Iglesia\",\"Sociedad\"],\"inLanguage\":\"es\"},{\"@type\":\"WebPage\",\"@id\":\"https:\\\/\\\/schoenstatt.com\\\/es\\\/ucrania-es-posible-la-sinodalidad-en-medio-de-la-guerra\\\/\",\"url\":\"https:\\\/\\\/schoenstatt.com\\\/es\\\/ucrania-es-posible-la-sinodalidad-en-medio-de-la-guerra\\\/\",\"name\":\"Ucrania: \u00bfEs posible la sinodalidad en medio de la guerra?\",\"isPartOf\":{\"@id\":\"https:\\\/\\\/schoenstatt.com\\\/es\\\/#website\"},\"primaryImageOfPage\":{\"@id\":\"https:\\\/\\\/schoenstatt.com\\\/es\\\/ucrania-es-posible-la-sinodalidad-en-medio-de-la-guerra\\\/#primaryimage\"},\"image\":{\"@id\":\"https:\\\/\\\/schoenstatt.com\\\/es\\\/ucrania-es-posible-la-sinodalidad-en-medio-de-la-guerra\\\/#primaryimage\"},\"thumbnailUrl\":\"https:\\\/\\\/schoenstatt.com\\\/wp-content\\\/uploads\\\/2023\\\/02\\\/Bispo-Yazlovetskiy-VaticanNews-1.jpeg\",\"datePublished\":\"2023-02-27T14:08:26+00:00\",\"dateModified\":\"2025-05-15T16:42:32+00:00\",\"description\":\"El obispo Yazlovetskiy, auxiliar de Kiev, relata la situaci\u00f3n de Ucrania: la guerra es una oportunidad para vivir en esp\u00edritu sinodal.\",\"breadcrumb\":{\"@id\":\"https:\\\/\\\/schoenstatt.com\\\/es\\\/ucrania-es-posible-la-sinodalidad-en-medio-de-la-guerra\\\/#breadcrumb\"},\"inLanguage\":\"es\",\"potentialAction\":[{\"@type\":\"ReadAction\",\"target\":[\"https:\\\/\\\/schoenstatt.com\\\/es\\\/ucrania-es-posible-la-sinodalidad-en-medio-de-la-guerra\\\/\"]}]},{\"@type\":\"ImageObject\",\"inLanguage\":\"es\",\"@id\":\"https:\\\/\\\/schoenstatt.com\\\/es\\\/ucrania-es-posible-la-sinodalidad-en-medio-de-la-guerra\\\/#primaryimage\",\"url\":\"https:\\\/\\\/schoenstatt.com\\\/wp-content\\\/uploads\\\/2023\\\/02\\\/Bispo-Yazlovetskiy-VaticanNews-1.jpeg\",\"contentUrl\":\"https:\\\/\\\/schoenstatt.com\\\/wp-content\\\/uploads\\\/2023\\\/02\\\/Bispo-Yazlovetskiy-VaticanNews-1.jpeg\",\"width\":750,\"height\":422,\"caption\":\"Bispo Yazlovetskiy - Quelle - VaticanNews\"},{\"@type\":\"BreadcrumbList\",\"@id\":\"https:\\\/\\\/schoenstatt.com\\\/es\\\/ucrania-es-posible-la-sinodalidad-en-medio-de-la-guerra\\\/#breadcrumb\",\"itemListElement\":[{\"@type\":\"ListItem\",\"position\":1,\"name\":\"Portada\",\"item\":\"https:\\\/\\\/schoenstatt.com\\\/es\\\/home\\\/\"},{\"@type\":\"ListItem\",\"position\":2,\"name\":\"Ucrania: \u00bfEs posible la sinodalidad en medio de la guerra?\"}]},{\"@type\":\"WebSite\",\"@id\":\"https:\\\/\\\/schoenstatt.com\\\/es\\\/#website\",\"url\":\"https:\\\/\\\/schoenstatt.com\\\/es\\\/\",\"name\":\"Schoenstatt\",\"description\":\"Apostolic Movement\",\"publisher\":{\"@id\":\"https:\\\/\\\/schoenstatt.com\\\/es\\\/#organization\"},\"potentialAction\":[{\"@type\":\"SearchAction\",\"target\":{\"@type\":\"EntryPoint\",\"urlTemplate\":\"https:\\\/\\\/schoenstatt.com\\\/es\\\/?s={search_term_string}\"},\"query-input\":{\"@type\":\"PropertyValueSpecification\",\"valueRequired\":true,\"valueName\":\"search_term_string\"}}],\"inLanguage\":\"es\"},{\"@type\":\"Organization\",\"@id\":\"https:\\\/\\\/schoenstatt.com\\\/es\\\/#organization\",\"name\":\"Schoenstatt\",\"url\":\"https:\\\/\\\/schoenstatt.com\\\/es\\\/\",\"logo\":{\"@type\":\"ImageObject\",\"inLanguage\":\"es\",\"@id\":\"https:\\\/\\\/schoenstatt.com\\\/es\\\/#\\\/schema\\\/logo\\\/image\\\/\",\"url\":\"https:\\\/\\\/schoenstatt.com\\\/wp-content\\\/uploads\\\/2025\\\/04\\\/logo-schoenstatt-white-696x696-1.png\",\"contentUrl\":\"https:\\\/\\\/schoenstatt.com\\\/wp-content\\\/uploads\\\/2025\\\/04\\\/logo-schoenstatt-white-696x696-1.png\",\"width\":696,\"height\":694,\"caption\":\"Schoenstatt\"},\"image\":{\"@id\":\"https:\\\/\\\/schoenstatt.com\\\/es\\\/#\\\/schema\\\/logo\\\/image\\\/\"}},{\"@type\":\"Person\",\"@id\":\"https:\\\/\\\/schoenstatt.com\\\/es\\\/#\\\/schema\\\/person\\\/ea97a60c723e21c923e2177f0f3163f7\",\"name\":\"Vanessa Franke\",\"image\":{\"@type\":\"ImageObject\",\"inLanguage\":\"es\",\"@id\":\"https:\\\/\\\/secure.gravatar.com\\\/avatar\\\/a9bcca3409928ccd3195eca11e2ccbb2e5d7c7912e9a945d4f326f81a0a5cb4a?s=96&d=mm&r=g\",\"url\":\"https:\\\/\\\/secure.gravatar.com\\\/avatar\\\/a9bcca3409928ccd3195eca11e2ccbb2e5d7c7912e9a945d4f326f81a0a5cb4a?s=96&d=mm&r=g\",\"contentUrl\":\"https:\\\/\\\/secure.gravatar.com\\\/avatar\\\/a9bcca3409928ccd3195eca11e2ccbb2e5d7c7912e9a945d4f326f81a0a5cb4a?s=96&d=mm&r=g\",\"caption\":\"Vanessa Franke\"},\"url\":\"https:\\\/\\\/schoenstatt.com\\\/es\\\/author\\\/vanessa-franke\\\/\"}]}<\/script>\n<!-- \/ Yoast SEO Premium plugin. -->","yoast_head_json":{"title":"Ucrania: \u00bfEs posible la sinodalidad en medio de la guerra?","description":"El obispo Yazlovetskiy, auxiliar de Kiev, relata la situaci\u00f3n de Ucrania: la guerra es una oportunidad para vivir en esp\u00edritu sinodal.","robots":{"index":"index","follow":"follow","max-snippet":"max-snippet:-1","max-image-preview":"max-image-preview:large","max-video-preview":"max-video-preview:-1"},"canonical":"https:\/\/schoenstatt.com\/es\/ucrania-es-posible-la-sinodalidad-en-medio-de-la-guerra\/","og_locale":"es_ES","og_type":"article","og_title":"Ucrania: \u00bfEs posible la sinodalidad en medio de la guerra?","og_description":"El obispo Yazlovetskiy, auxiliar de Kiev, relata la situaci\u00f3n de Ucrania: la guerra es una oportunidad para vivir en esp\u00edritu sinodal.","og_url":"https:\/\/schoenstatt.com\/es\/ucrania-es-posible-la-sinodalidad-en-medio-de-la-guerra\/","og_site_name":"Schoenstatt","article_published_time":"2023-02-27T14:08:26+00:00","article_modified_time":"2025-05-15T16:42:32+00:00","og_image":[{"width":750,"height":422,"url":"https:\/\/schoenstatt.com\/wp-content\/uploads\/2023\/02\/Bispo-Yazlovetskiy-VaticanNews-1.jpeg","type":"image\/jpeg"}],"author":"Vanessa Franke","twitter_card":"summary_large_image","twitter_misc":{"Escrito por":"Vanessa Franke","Tiempo de lectura":"3 minutos"},"schema":{"@context":"https:\/\/schema.org","@graph":[{"@type":"Article","@id":"https:\/\/schoenstatt.com\/es\/ucrania-es-posible-la-sinodalidad-en-medio-de-la-guerra\/#article","isPartOf":{"@id":"https:\/\/schoenstatt.com\/es\/ucrania-es-posible-la-sinodalidad-en-medio-de-la-guerra\/"},"author":{"name":"Vanessa Franke","@id":"https:\/\/schoenstatt.com\/es\/#\/schema\/person\/ea97a60c723e21c923e2177f0f3163f7"},"headline":"Ucrania: \u00bfEs posible la sinodalidad en medio de la guerra?","datePublished":"2023-02-27T14:08:26+00:00","dateModified":"2025-05-15T16:42:32+00:00","mainEntityOfPage":{"@id":"https:\/\/schoenstatt.com\/es\/ucrania-es-posible-la-sinodalidad-en-medio-de-la-guerra\/"},"wordCount":680,"publisher":{"@id":"https:\/\/schoenstatt.com\/es\/#organization"},"image":{"@id":"https:\/\/schoenstatt.com\/es\/ucrania-es-posible-la-sinodalidad-en-medio-de-la-guerra\/#primaryimage"},"thumbnailUrl":"https:\/\/schoenstatt.com\/wp-content\/uploads\/2023\/02\/Bispo-Yazlovetskiy-VaticanNews-1.jpeg","articleSection":["Espiritualidad","Iglesia","Sociedad"],"inLanguage":"es"},{"@type":"WebPage","@id":"https:\/\/schoenstatt.com\/es\/ucrania-es-posible-la-sinodalidad-en-medio-de-la-guerra\/","url":"https:\/\/schoenstatt.com\/es\/ucrania-es-posible-la-sinodalidad-en-medio-de-la-guerra\/","name":"Ucrania: \u00bfEs posible la sinodalidad en medio de la guerra?","isPartOf":{"@id":"https:\/\/schoenstatt.com\/es\/#website"},"primaryImageOfPage":{"@id":"https:\/\/schoenstatt.com\/es\/ucrania-es-posible-la-sinodalidad-en-medio-de-la-guerra\/#primaryimage"},"image":{"@id":"https:\/\/schoenstatt.com\/es\/ucrania-es-posible-la-sinodalidad-en-medio-de-la-guerra\/#primaryimage"},"thumbnailUrl":"https:\/\/schoenstatt.com\/wp-content\/uploads\/2023\/02\/Bispo-Yazlovetskiy-VaticanNews-1.jpeg","datePublished":"2023-02-27T14:08:26+00:00","dateModified":"2025-05-15T16:42:32+00:00","description":"El obispo Yazlovetskiy, auxiliar de Kiev, relata la situaci\u00f3n de Ucrania: la guerra es una oportunidad para vivir en esp\u00edritu sinodal.","breadcrumb":{"@id":"https:\/\/schoenstatt.com\/es\/ucrania-es-posible-la-sinodalidad-en-medio-de-la-guerra\/#breadcrumb"},"inLanguage":"es","potentialAction":[{"@type":"ReadAction","target":["https:\/\/schoenstatt.com\/es\/ucrania-es-posible-la-sinodalidad-en-medio-de-la-guerra\/"]}]},{"@type":"ImageObject","inLanguage":"es","@id":"https:\/\/schoenstatt.com\/es\/ucrania-es-posible-la-sinodalidad-en-medio-de-la-guerra\/#primaryimage","url":"https:\/\/schoenstatt.com\/wp-content\/uploads\/2023\/02\/Bispo-Yazlovetskiy-VaticanNews-1.jpeg","contentUrl":"https:\/\/schoenstatt.com\/wp-content\/uploads\/2023\/02\/Bispo-Yazlovetskiy-VaticanNews-1.jpeg","width":750,"height":422,"caption":"Bispo Yazlovetskiy - Quelle - VaticanNews"},{"@type":"BreadcrumbList","@id":"https:\/\/schoenstatt.com\/es\/ucrania-es-posible-la-sinodalidad-en-medio-de-la-guerra\/#breadcrumb","itemListElement":[{"@type":"ListItem","position":1,"name":"Portada","item":"https:\/\/schoenstatt.com\/es\/home\/"},{"@type":"ListItem","position":2,"name":"Ucrania: \u00bfEs posible la sinodalidad en medio de la guerra?"}]},{"@type":"WebSite","@id":"https:\/\/schoenstatt.com\/es\/#website","url":"https:\/\/schoenstatt.com\/es\/","name":"Schoenstatt","description":"Apostolic Movement","publisher":{"@id":"https:\/\/schoenstatt.com\/es\/#organization"},"potentialAction":[{"@type":"SearchAction","target":{"@type":"EntryPoint","urlTemplate":"https:\/\/schoenstatt.com\/es\/?s={search_term_string}"},"query-input":{"@type":"PropertyValueSpecification","valueRequired":true,"valueName":"search_term_string"}}],"inLanguage":"es"},{"@type":"Organization","@id":"https:\/\/schoenstatt.com\/es\/#organization","name":"Schoenstatt","url":"https:\/\/schoenstatt.com\/es\/","logo":{"@type":"ImageObject","inLanguage":"es","@id":"https:\/\/schoenstatt.com\/es\/#\/schema\/logo\/image\/","url":"https:\/\/schoenstatt.com\/wp-content\/uploads\/2025\/04\/logo-schoenstatt-white-696x696-1.png","contentUrl":"https:\/\/schoenstatt.com\/wp-content\/uploads\/2025\/04\/logo-schoenstatt-white-696x696-1.png","width":696,"height":694,"caption":"Schoenstatt"},"image":{"@id":"https:\/\/schoenstatt.com\/es\/#\/schema\/logo\/image\/"}},{"@type":"Person","@id":"https:\/\/schoenstatt.com\/es\/#\/schema\/person\/ea97a60c723e21c923e2177f0f3163f7","name":"Vanessa Franke","image":{"@type":"ImageObject","inLanguage":"es","@id":"https:\/\/secure.gravatar.com\/avatar\/a9bcca3409928ccd3195eca11e2ccbb2e5d7c7912e9a945d4f326f81a0a5cb4a?s=96&d=mm&r=g","url":"https:\/\/secure.gravatar.com\/avatar\/a9bcca3409928ccd3195eca11e2ccbb2e5d7c7912e9a945d4f326f81a0a5cb4a?s=96&d=mm&r=g","contentUrl":"https:\/\/secure.gravatar.com\/avatar\/a9bcca3409928ccd3195eca11e2ccbb2e5d7c7912e9a945d4f326f81a0a5cb4a?s=96&d=mm&r=g","caption":"Vanessa Franke"},"url":"https:\/\/schoenstatt.com\/es\/author\/vanessa-franke\/"}]}},"_links":{"self":[{"href":"https:\/\/schoenstatt.com\/es\/wp-json\/wp\/v2\/posts\/50007","targetHints":{"allow":["GET"]}}],"collection":[{"href":"https:\/\/schoenstatt.com\/es\/wp-json\/wp\/v2\/posts"}],"about":[{"href":"https:\/\/schoenstatt.com\/es\/wp-json\/wp\/v2\/types\/post"}],"author":[{"embeddable":true,"href":"https:\/\/schoenstatt.com\/es\/wp-json\/wp\/v2\/users\/6"}],"replies":[{"embeddable":true,"href":"https:\/\/schoenstatt.com\/es\/wp-json\/wp\/v2\/comments?post=50007"}],"version-history":[{"count":1,"href":"https:\/\/schoenstatt.com\/es\/wp-json\/wp\/v2\/posts\/50007\/revisions"}],"predecessor-version":[{"id":50074,"href":"https:\/\/schoenstatt.com\/es\/wp-json\/wp\/v2\/posts\/50007\/revisions\/50074"}],"wp:featuredmedia":[{"embeddable":true,"href":"https:\/\/schoenstatt.com\/es\/wp-json\/wp\/v2\/media\/29411"}],"wp:attachment":[{"href":"https:\/\/schoenstatt.com\/es\/wp-json\/wp\/v2\/media?parent=50007"}],"wp:term":[{"taxonomy":"category","embeddable":true,"href":"https:\/\/schoenstatt.com\/es\/wp-json\/wp\/v2\/categories?post=50007"},{"taxonomy":"post_tag","embeddable":true,"href":"https:\/\/schoenstatt.com\/es\/wp-json\/wp\/v2\/tags?post=50007"}],"curies":[{"name":"wp","href":"https:\/\/api.w.org\/{rel}","templated":true}]}}