{"id":49814,"date":"2023-03-15T15:44:45","date_gmt":"2023-03-15T14:44:45","guid":{"rendered":"https:\/\/schoenstattdev.wpenginepowered.com\/?p=29663"},"modified":"2025-05-15T02:00:21","modified_gmt":"2025-05-15T00:00:21","slug":"abundancia-de-desafios-una-perspectiva-espiritual","status":"publish","type":"post","link":"https:\/\/schoenstatt.com\/es\/abundancia-de-desafios-una-perspectiva-espiritual\/","title":{"rendered":"Abundancia de desaf\u00edos: una perspectiva espiritual"},"content":{"rendered":"<p>Invit\u00f3 a cada miembro de la audiencia a reflexionar sobre sus desaf\u00edos personales en este momento. Es importante preguntarse qu\u00e9 horizontes se abren actualmente en la vida personal. Sigue siendo un \u00abreto prof\u00e9tico\u00bb no perder de vista lo que se vislumbra en el horizonte. Su amigo, el fabricante de violines Martin Schleske, habl\u00f3 de un \u00abtiempo de sagrada incertidumbre\u00bb con respecto a la actualidad. \u00abLos tiempos de crisis pueden ser una perturbaci\u00f3n sanadora\u00bb, dijo Falk. Se trata de \u00abdescubrir lo que es nuestro en la crisis\u00bb. Los tiempos de crisis, dijo el ponente, son tiempos en los que las personas se \u00abperturban\u00bb para aprender a volar y descubrir algo nuevo. \u00abNo tenemos la soluci\u00f3n, sobre todo no la soluci\u00f3n perfecta, pero tenemos el reto de buscar soluciones, y las soluciones temporales tambi\u00e9n son soluciones\u00bb. En tal contexto, el <a href=\"https:\/\/schoenstattdev.wpenginepowered.com\/es\/espiritualidad\/el-padre-kentenich-testimonio-de-la-audacia-de-la-confianza\/\">Padre Kentenich<\/a> hab\u00eda pedido a un curso de sacerdotes que experimentaran en 1967.<\/p>\n<h2>Pisando la grieta<\/h2>\n<p>El telar de Cuaresma de este a\u00f1o en su parroquia, un gran pa\u00f1o blanco con una grieta respaldada por un pa\u00f1o rojo, arroja h\u00e1bilmente un destello luminoso\u00a0 sobre los tiempos actuales: \u00abGrietas en todos los \u00e1mbitos\u00bb. Gerhard Pro\u00df, de la red \u00abJuntos por Europa\u00bb, dijo a modo de invitaci\u00f3n: \u00ab\u00a1Es hora de meterse en la grieta!\u00bb. Al padre Peter Falk le viene a la mente el Padre Kentenich, quien entr\u00f3 en las grietas de almas y descubri\u00f3 lo que estaba oculto. \u00abAlgo nuevo nos espera en la grieta. Las grietas son nuevos espacios de aprendizaje. Las grietas son lugares sagrados\u00bb, dijo Falk.<\/p>\n<figure id=\"attachment_29651\" aria-describedby=\"caption-attachment-29651\" style=\"width: 680px\" class=\"wp-caption alignnone\"><img fetchpriority=\"high\" decoding=\"async\" class=\"wp-image-29651 size-full\" src=\"https:\/\/schoenstatt.com\/wp-content\/uploads\/2023\/03\/Uberfulle-von-Herausforderungen-2-1.jpg\" alt=\"abundancia de retos\" width=\"680\" height=\"340\" \/><figcaption id=\"caption-attachment-29651\" class=\"wp-caption-text\">Una reproducci\u00f3n del cuadro \u00abMar\u00eda del Telar\u00bb y un telar real decoran el espacio esc\u00e9nico de la Casa Padre Kentenich (Foto: Brehm)<\/figcaption><\/figure>\n<p>Tres momentos ejemplares, que siente como una intercesi\u00f3n del cielo, se han convertido para \u00e9l en lugares de aprendizaje, dijo:<\/p>\n<h2>El telar<\/h2>\n<p>En primer lugar, el cuadro \u00abMar\u00eda del telar\u00bb, que se encuentra en Spello, una peque\u00f1a ciudad de Umbr\u00eda, cerca de As\u00eds, en la pared de una antigua tejedur\u00eda. Mar\u00eda est\u00e1 tejiendo. El tejido muestra hilos enredados en el reverso y armon\u00eda en el anverso. Es importante aplicarlo a la propia vida: \u00ab\u00bfNo encuentro ya una maravillosa armon\u00eda detr\u00e1s de los hilos enredados de la historia de mi vida? Es necesario descubrir la nueva tela que Mar\u00eda est\u00e1 tejiendo y cada uno tiene el reto de descubrir los hilos -y no s\u00f3lo los dorados- de su propia vida con los que la Virgen est\u00e1 tejiendo nuevos motivos.<\/p>\n<h2>Cuerda, llave, tachuela<\/h2>\n<p>Como segundo lugar de aprendizaje, Peter Falk habl\u00f3 de un ejercicio de seguridad con un p\u00e9ndulo. Dijo que hab\u00eda aprendido de un Padre de Schoenstatt suizo c\u00f3mo hacer un p\u00e9ndulo de forma sencilla: con un cord\u00f3n, una llave atada en la parte inferior y sujeta al techo con una tachuela en la parte superior. Mientras est\u00e9s convencido de que la tachuela aguantar\u00e1, puedes imaginarte oscilando de un lado a otro feliz y confiadamente en el lugar de la llave. \u00abPero si ahora te asustas, si te vuelves inseguro y te preguntas: \u00bfla tachuela de arriba aguantar\u00e1 de verdad?\u00bb. Por razones de seguridad uno se mover\u00e1 cada vez menos hasta que finalmente se detenga. \u00abQuien renuncia a la libertad por la seguridad acabar\u00e1 perdiendo ambas\u00bb, est\u00e1 convencido el sacerdote Falk.<\/p>\n<h2>Efecto de una palabra clave<\/h2>\n<p>El tercer ejemplo es el del sacerdote cat\u00f3lico sirio Jaques Mourad, al que conoci\u00f3 en Siria en 2005 y que fue secuestrado por los yihadistas del IS en 2015 y retenido durante cinco meses. \u00ab\u00bfQu\u00e9 le dio la fuerza y la energ\u00eda para soportar el ser reh\u00e9n?\u00bb, habr\u00eda preguntado a Jaques Mourad durante una visita al colegio Benno de Dresde en octubre de 2022. Mourad cont\u00f3 ante su pregunta \u00ab\u00bfpor qu\u00e9 estoy aqu\u00ed?\u00bb, el jefe del IS habr\u00eda respondido : \u00ab\u00a1Considere este tiempo como un retiro espiritual!\u00bb. Esta declaraci\u00f3n cambi\u00f3 su vida espiritual. A partir de entonces, descubri\u00f3 su carisma, su terreno: \u00abNo quiero portar armas y trato a todos con mucho amor\u00bb. Al cabo de los 5 meses de secuestro, habr\u00eda preguntado: \u00ab\u00bfPor qu\u00e9 no me decapitaron?\u00bb. La Respuesta: \u00abPorque no llevabas armas y nos trataste con amor\u00bb. Seg\u00fan Peter Falk, Jaques Mourad descubri\u00f3 durante su cautiverio el sentido por el que quer\u00eda vivir. \u00abNo podemos vivir s\u00f3lo en contra, cada uno de nosotros necesita un &#8216;para&#8217; \u00ab.<\/p>\n<figure id=\"attachment_29655\" aria-describedby=\"caption-attachment-29655\" style=\"width: 680px\" class=\"wp-caption alignnone\"><img decoding=\"async\" class=\"wp-image-29655 size-full\" src=\"https:\/\/schoenstatt.com\/wp-content\/uploads\/2023\/03\/Uberfulle-von-Herausforderungen-3-1.jpg\" alt=\"abundancia de retos\" width=\"680\" height=\"340\" \/><figcaption id=\"caption-attachment-29655\" class=\"wp-caption-text\">P. Peter Falk: \u00abSchoenstatt es una perspectiva, no una retrospectiva\u00bb (Foto: Brehm)<\/figcaption><\/figure>\n<h2>Schoenstatt, una perspectiva, no una retrospectiva<\/h2>\n<p>Para \u00e9l, dijo el sacerdote schoenstattiano de Friburgo, estos tres ejemplos fueron tres momentos que se presentaron en el horizonte. Recuerda las palabras de Andrea Ricardi, de la comunidad \u00abSant&#8217;Egidio\u00bb fundada en Italia. \u00abEl cristianismo es una perspectiva, no una retrospectiva\u00bb. Esto vale tambi\u00e9n para Schoenstatt: \u00abSchoenstatt es una perspectiva, no una retrospectiva\u00bb. Y concluy\u00f3 con una cita de Santa Clara, que a menudo hac\u00eda venir a su cabecera a un hermano de Francisco y le preguntaba: \u00ab\u00bfQu\u00e9 hay de nuevo de nuestro Se\u00f1or Jes\u00fas?\u00bb. Falk invit\u00f3 a los presentes a preguntarse m\u00e1s a menudo: \u00ab\u00bfQu\u00e9 hay de nuevo de Jes\u00fas en sus vidas, en su comunidad y m\u00e1s all\u00e1, y tambi\u00e9n de la Madre del Telar?\u00bb.<\/p>\n<p style=\"text-align: center;\">Fuente: <a href=\"https:\/\/www.schoenstatt.de\/de\/news\/5986\/112\/ueber-Fuelle-von-Herausforderungen-eine-geistliche-Perspektive-finden.htm\">Sch\u00f6nstatt.de<\/a><\/p>\n","protected":false},"excerpt":{"rendered":"<p>En vista de la (sobre)abundancia de desaf\u00edos para encontrar una perspectiva espiritual, el P. Peter Falk, sacerdote diocesano del Instituto de Schoenstatt y responsable del Movimiento de Familias de Schoenstatt en la arquidi\u00f3cesis de Friburgo, fue invitado a ofrecer sugerencias a los participantes.<\/p>\n","protected":false},"author":6,"featured_media":29662,"comment_status":"closed","ping_status":"closed","sticky":false,"template":"","format":"standard","meta":{"footnotes":""},"categories":[917,630],"tags":[],"class_list":["post-49814","post","type-post","status-publish","format-standard","has-post-thumbnail","hentry","category-espiritualidad-es","category-eventos-es"],"yoast_head":"<!-- This site is optimized with the Yoast SEO Premium plugin v27.4 (Yoast SEO v27.4) - https:\/\/yoast.com\/product\/yoast-seo-premium-wordpress\/ -->\n<title>Abundancia de desaf\u00edos: una perspectiva espiritual<\/title>\n<meta name=\"description\" content=\"P. Peter Falk, sacerdote diocesano del Instituto de Schoenstatt y responsable del Movimiento de Schoenstatt en la arquidi\u00f3cesis de Friburgo.\" \/>\n<meta name=\"robots\" content=\"index, follow, max-snippet:-1, max-image-preview:large, max-video-preview:-1\" \/>\n<link rel=\"canonical\" href=\"https:\/\/schoenstatt.com\/es\/abundancia-de-desafios-una-perspectiva-espiritual\/\" \/>\n<meta property=\"og:locale\" content=\"es_ES\" \/>\n<meta property=\"og:type\" content=\"article\" \/>\n<meta property=\"og:title\" content=\"Abundancia de desaf\u00edos: una perspectiva espiritual\" \/>\n<meta property=\"og:description\" content=\"P. Peter Falk, sacerdote diocesano del Instituto de Schoenstatt y responsable del Movimiento de Schoenstatt en la arquidi\u00f3cesis de Friburgo.\" \/>\n<meta property=\"og:url\" content=\"https:\/\/schoenstatt.com\/es\/abundancia-de-desafios-una-perspectiva-espiritual\/\" \/>\n<meta property=\"og:site_name\" content=\"Schoenstatt\" \/>\n<meta property=\"article:published_time\" content=\"2023-03-15T14:44:45+00:00\" \/>\n<meta property=\"article:modified_time\" content=\"2025-05-15T00:00:21+00:00\" \/>\n<meta property=\"og:image\" content=\"https:\/\/schoenstatt.com\/wp-content\/uploads\/2023\/03\/Uberfulle-von-Herausforderungen-4.jpg\" \/>\n\t<meta property=\"og:image:width\" content=\"680\" \/>\n\t<meta property=\"og:image:height\" content=\"340\" \/>\n\t<meta property=\"og:image:type\" content=\"image\/jpeg\" \/>\n<meta name=\"author\" content=\"Vanessa Franke\" \/>\n<meta name=\"twitter:card\" content=\"summary_large_image\" \/>\n<meta name=\"twitter:label1\" content=\"Escrito por\" \/>\n\t<meta name=\"twitter:data1\" content=\"Vanessa Franke\" \/>\n\t<meta name=\"twitter:label2\" content=\"Tiempo de lectura\" \/>\n\t<meta name=\"twitter:data2\" content=\"5 minutos\" \/>\n<script type=\"application\/ld+json\" class=\"yoast-schema-graph\">{\"@context\":\"https:\\\/\\\/schema.org\",\"@graph\":[{\"@type\":\"Article\",\"@id\":\"https:\\\/\\\/schoenstatt.com\\\/es\\\/abundancia-de-desafios-una-perspectiva-espiritual\\\/#article\",\"isPartOf\":{\"@id\":\"https:\\\/\\\/schoenstatt.com\\\/es\\\/abundancia-de-desafios-una-perspectiva-espiritual\\\/\"},\"author\":{\"name\":\"Vanessa Franke\",\"@id\":\"https:\\\/\\\/schoenstatt.com\\\/es\\\/#\\\/schema\\\/person\\\/ea97a60c723e21c923e2177f0f3163f7\"},\"headline\":\"Abundancia de desaf\u00edos: una perspectiva espiritual\",\"datePublished\":\"2023-03-15T14:44:45+00:00\",\"dateModified\":\"2025-05-15T00:00:21+00:00\",\"mainEntityOfPage\":{\"@id\":\"https:\\\/\\\/schoenstatt.com\\\/es\\\/abundancia-de-desafios-una-perspectiva-espiritual\\\/\"},\"wordCount\":917,\"publisher\":{\"@id\":\"https:\\\/\\\/schoenstatt.com\\\/es\\\/#organization\"},\"image\":{\"@id\":\"https:\\\/\\\/schoenstatt.com\\\/es\\\/abundancia-de-desafios-una-perspectiva-espiritual\\\/#primaryimage\"},\"thumbnailUrl\":\"https:\\\/\\\/schoenstatt.com\\\/wp-content\\\/uploads\\\/2023\\\/03\\\/Uberfulle-von-Herausforderungen-4.jpg\",\"articleSection\":[\"Espiritualidad\",\"Eventos\"],\"inLanguage\":\"es\"},{\"@type\":\"WebPage\",\"@id\":\"https:\\\/\\\/schoenstatt.com\\\/es\\\/abundancia-de-desafios-una-perspectiva-espiritual\\\/\",\"url\":\"https:\\\/\\\/schoenstatt.com\\\/es\\\/abundancia-de-desafios-una-perspectiva-espiritual\\\/\",\"name\":\"Abundancia de desaf\u00edos: una perspectiva espiritual\",\"isPartOf\":{\"@id\":\"https:\\\/\\\/schoenstatt.com\\\/es\\\/#website\"},\"primaryImageOfPage\":{\"@id\":\"https:\\\/\\\/schoenstatt.com\\\/es\\\/abundancia-de-desafios-una-perspectiva-espiritual\\\/#primaryimage\"},\"image\":{\"@id\":\"https:\\\/\\\/schoenstatt.com\\\/es\\\/abundancia-de-desafios-una-perspectiva-espiritual\\\/#primaryimage\"},\"thumbnailUrl\":\"https:\\\/\\\/schoenstatt.com\\\/wp-content\\\/uploads\\\/2023\\\/03\\\/Uberfulle-von-Herausforderungen-4.jpg\",\"datePublished\":\"2023-03-15T14:44:45+00:00\",\"dateModified\":\"2025-05-15T00:00:21+00:00\",\"description\":\"P. Peter Falk, sacerdote diocesano del Instituto de Schoenstatt y responsable del Movimiento de Schoenstatt en la arquidi\u00f3cesis de Friburgo.\",\"breadcrumb\":{\"@id\":\"https:\\\/\\\/schoenstatt.com\\\/es\\\/abundancia-de-desafios-una-perspectiva-espiritual\\\/#breadcrumb\"},\"inLanguage\":\"es\",\"potentialAction\":[{\"@type\":\"ReadAction\",\"target\":[\"https:\\\/\\\/schoenstatt.com\\\/es\\\/abundancia-de-desafios-una-perspectiva-espiritual\\\/\"]}]},{\"@type\":\"ImageObject\",\"inLanguage\":\"es\",\"@id\":\"https:\\\/\\\/schoenstatt.com\\\/es\\\/abundancia-de-desafios-una-perspectiva-espiritual\\\/#primaryimage\",\"url\":\"https:\\\/\\\/schoenstatt.com\\\/wp-content\\\/uploads\\\/2023\\\/03\\\/Uberfulle-von-Herausforderungen-4.jpg\",\"contentUrl\":\"https:\\\/\\\/schoenstatt.com\\\/wp-content\\\/uploads\\\/2023\\\/03\\\/Uberfulle-von-Herausforderungen-4.jpg\",\"width\":680,\"height\":340,\"caption\":\"P. Peter Falk, Waldkirch, sacerdote diocesano del Instituto de Schoenstatt, habla sobre el tema: \\\"(Sobre)abundancia de desaf\u00edos: encontrar una perspectiva espiritual\\\" (Foto: Brehm)\"},{\"@type\":\"BreadcrumbList\",\"@id\":\"https:\\\/\\\/schoenstatt.com\\\/es\\\/abundancia-de-desafios-una-perspectiva-espiritual\\\/#breadcrumb\",\"itemListElement\":[{\"@type\":\"ListItem\",\"position\":1,\"name\":\"Portada\",\"item\":\"https:\\\/\\\/schoenstatt.com\\\/es\\\/home\\\/\"},{\"@type\":\"ListItem\",\"position\":2,\"name\":\"Abundancia de desaf\u00edos: una perspectiva espiritual\"}]},{\"@type\":\"WebSite\",\"@id\":\"https:\\\/\\\/schoenstatt.com\\\/es\\\/#website\",\"url\":\"https:\\\/\\\/schoenstatt.com\\\/es\\\/\",\"name\":\"Schoenstatt\",\"description\":\"Apostolic Movement\",\"publisher\":{\"@id\":\"https:\\\/\\\/schoenstatt.com\\\/es\\\/#organization\"},\"potentialAction\":[{\"@type\":\"SearchAction\",\"target\":{\"@type\":\"EntryPoint\",\"urlTemplate\":\"https:\\\/\\\/schoenstatt.com\\\/es\\\/?s={search_term_string}\"},\"query-input\":{\"@type\":\"PropertyValueSpecification\",\"valueRequired\":true,\"valueName\":\"search_term_string\"}}],\"inLanguage\":\"es\"},{\"@type\":\"Organization\",\"@id\":\"https:\\\/\\\/schoenstatt.com\\\/es\\\/#organization\",\"name\":\"Schoenstatt\",\"url\":\"https:\\\/\\\/schoenstatt.com\\\/es\\\/\",\"logo\":{\"@type\":\"ImageObject\",\"inLanguage\":\"es\",\"@id\":\"https:\\\/\\\/schoenstatt.com\\\/es\\\/#\\\/schema\\\/logo\\\/image\\\/\",\"url\":\"https:\\\/\\\/schoenstatt.com\\\/wp-content\\\/uploads\\\/2025\\\/04\\\/logo-schoenstatt-white-696x696-1.png\",\"contentUrl\":\"https:\\\/\\\/schoenstatt.com\\\/wp-content\\\/uploads\\\/2025\\\/04\\\/logo-schoenstatt-white-696x696-1.png\",\"width\":696,\"height\":694,\"caption\":\"Schoenstatt\"},\"image\":{\"@id\":\"https:\\\/\\\/schoenstatt.com\\\/es\\\/#\\\/schema\\\/logo\\\/image\\\/\"}},{\"@type\":\"Person\",\"@id\":\"https:\\\/\\\/schoenstatt.com\\\/es\\\/#\\\/schema\\\/person\\\/ea97a60c723e21c923e2177f0f3163f7\",\"name\":\"Vanessa Franke\",\"image\":{\"@type\":\"ImageObject\",\"inLanguage\":\"es\",\"@id\":\"https:\\\/\\\/secure.gravatar.com\\\/avatar\\\/a9bcca3409928ccd3195eca11e2ccbb2e5d7c7912e9a945d4f326f81a0a5cb4a?s=96&d=mm&r=g\",\"url\":\"https:\\\/\\\/secure.gravatar.com\\\/avatar\\\/a9bcca3409928ccd3195eca11e2ccbb2e5d7c7912e9a945d4f326f81a0a5cb4a?s=96&d=mm&r=g\",\"contentUrl\":\"https:\\\/\\\/secure.gravatar.com\\\/avatar\\\/a9bcca3409928ccd3195eca11e2ccbb2e5d7c7912e9a945d4f326f81a0a5cb4a?s=96&d=mm&r=g\",\"caption\":\"Vanessa Franke\"},\"url\":\"https:\\\/\\\/schoenstatt.com\\\/es\\\/author\\\/vanessa-franke\\\/\"}]}<\/script>\n<!-- \/ Yoast SEO Premium plugin. -->","yoast_head_json":{"title":"Abundancia de desaf\u00edos: una perspectiva espiritual","description":"P. Peter Falk, sacerdote diocesano del Instituto de Schoenstatt y responsable del Movimiento de Schoenstatt en la arquidi\u00f3cesis de Friburgo.","robots":{"index":"index","follow":"follow","max-snippet":"max-snippet:-1","max-image-preview":"max-image-preview:large","max-video-preview":"max-video-preview:-1"},"canonical":"https:\/\/schoenstatt.com\/es\/abundancia-de-desafios-una-perspectiva-espiritual\/","og_locale":"es_ES","og_type":"article","og_title":"Abundancia de desaf\u00edos: una perspectiva espiritual","og_description":"P. Peter Falk, sacerdote diocesano del Instituto de Schoenstatt y responsable del Movimiento de Schoenstatt en la arquidi\u00f3cesis de Friburgo.","og_url":"https:\/\/schoenstatt.com\/es\/abundancia-de-desafios-una-perspectiva-espiritual\/","og_site_name":"Schoenstatt","article_published_time":"2023-03-15T14:44:45+00:00","article_modified_time":"2025-05-15T00:00:21+00:00","og_image":[{"width":680,"height":340,"url":"https:\/\/schoenstatt.com\/wp-content\/uploads\/2023\/03\/Uberfulle-von-Herausforderungen-4.jpg","type":"image\/jpeg"}],"author":"Vanessa Franke","twitter_card":"summary_large_image","twitter_misc":{"Escrito por":"Vanessa Franke","Tiempo de lectura":"5 minutos"},"schema":{"@context":"https:\/\/schema.org","@graph":[{"@type":"Article","@id":"https:\/\/schoenstatt.com\/es\/abundancia-de-desafios-una-perspectiva-espiritual\/#article","isPartOf":{"@id":"https:\/\/schoenstatt.com\/es\/abundancia-de-desafios-una-perspectiva-espiritual\/"},"author":{"name":"Vanessa Franke","@id":"https:\/\/schoenstatt.com\/es\/#\/schema\/person\/ea97a60c723e21c923e2177f0f3163f7"},"headline":"Abundancia de desaf\u00edos: una perspectiva espiritual","datePublished":"2023-03-15T14:44:45+00:00","dateModified":"2025-05-15T00:00:21+00:00","mainEntityOfPage":{"@id":"https:\/\/schoenstatt.com\/es\/abundancia-de-desafios-una-perspectiva-espiritual\/"},"wordCount":917,"publisher":{"@id":"https:\/\/schoenstatt.com\/es\/#organization"},"image":{"@id":"https:\/\/schoenstatt.com\/es\/abundancia-de-desafios-una-perspectiva-espiritual\/#primaryimage"},"thumbnailUrl":"https:\/\/schoenstatt.com\/wp-content\/uploads\/2023\/03\/Uberfulle-von-Herausforderungen-4.jpg","articleSection":["Espiritualidad","Eventos"],"inLanguage":"es"},{"@type":"WebPage","@id":"https:\/\/schoenstatt.com\/es\/abundancia-de-desafios-una-perspectiva-espiritual\/","url":"https:\/\/schoenstatt.com\/es\/abundancia-de-desafios-una-perspectiva-espiritual\/","name":"Abundancia de desaf\u00edos: una perspectiva espiritual","isPartOf":{"@id":"https:\/\/schoenstatt.com\/es\/#website"},"primaryImageOfPage":{"@id":"https:\/\/schoenstatt.com\/es\/abundancia-de-desafios-una-perspectiva-espiritual\/#primaryimage"},"image":{"@id":"https:\/\/schoenstatt.com\/es\/abundancia-de-desafios-una-perspectiva-espiritual\/#primaryimage"},"thumbnailUrl":"https:\/\/schoenstatt.com\/wp-content\/uploads\/2023\/03\/Uberfulle-von-Herausforderungen-4.jpg","datePublished":"2023-03-15T14:44:45+00:00","dateModified":"2025-05-15T00:00:21+00:00","description":"P. Peter Falk, sacerdote diocesano del Instituto de Schoenstatt y responsable del Movimiento de Schoenstatt en la arquidi\u00f3cesis de Friburgo.","breadcrumb":{"@id":"https:\/\/schoenstatt.com\/es\/abundancia-de-desafios-una-perspectiva-espiritual\/#breadcrumb"},"inLanguage":"es","potentialAction":[{"@type":"ReadAction","target":["https:\/\/schoenstatt.com\/es\/abundancia-de-desafios-una-perspectiva-espiritual\/"]}]},{"@type":"ImageObject","inLanguage":"es","@id":"https:\/\/schoenstatt.com\/es\/abundancia-de-desafios-una-perspectiva-espiritual\/#primaryimage","url":"https:\/\/schoenstatt.com\/wp-content\/uploads\/2023\/03\/Uberfulle-von-Herausforderungen-4.jpg","contentUrl":"https:\/\/schoenstatt.com\/wp-content\/uploads\/2023\/03\/Uberfulle-von-Herausforderungen-4.jpg","width":680,"height":340,"caption":"P. Peter Falk, Waldkirch, sacerdote diocesano del Instituto de Schoenstatt, habla sobre el tema: \"(Sobre)abundancia de desaf\u00edos: encontrar una perspectiva espiritual\" (Foto: Brehm)"},{"@type":"BreadcrumbList","@id":"https:\/\/schoenstatt.com\/es\/abundancia-de-desafios-una-perspectiva-espiritual\/#breadcrumb","itemListElement":[{"@type":"ListItem","position":1,"name":"Portada","item":"https:\/\/schoenstatt.com\/es\/home\/"},{"@type":"ListItem","position":2,"name":"Abundancia de desaf\u00edos: una perspectiva espiritual"}]},{"@type":"WebSite","@id":"https:\/\/schoenstatt.com\/es\/#website","url":"https:\/\/schoenstatt.com\/es\/","name":"Schoenstatt","description":"Apostolic Movement","publisher":{"@id":"https:\/\/schoenstatt.com\/es\/#organization"},"potentialAction":[{"@type":"SearchAction","target":{"@type":"EntryPoint","urlTemplate":"https:\/\/schoenstatt.com\/es\/?s={search_term_string}"},"query-input":{"@type":"PropertyValueSpecification","valueRequired":true,"valueName":"search_term_string"}}],"inLanguage":"es"},{"@type":"Organization","@id":"https:\/\/schoenstatt.com\/es\/#organization","name":"Schoenstatt","url":"https:\/\/schoenstatt.com\/es\/","logo":{"@type":"ImageObject","inLanguage":"es","@id":"https:\/\/schoenstatt.com\/es\/#\/schema\/logo\/image\/","url":"https:\/\/schoenstatt.com\/wp-content\/uploads\/2025\/04\/logo-schoenstatt-white-696x696-1.png","contentUrl":"https:\/\/schoenstatt.com\/wp-content\/uploads\/2025\/04\/logo-schoenstatt-white-696x696-1.png","width":696,"height":694,"caption":"Schoenstatt"},"image":{"@id":"https:\/\/schoenstatt.com\/es\/#\/schema\/logo\/image\/"}},{"@type":"Person","@id":"https:\/\/schoenstatt.com\/es\/#\/schema\/person\/ea97a60c723e21c923e2177f0f3163f7","name":"Vanessa Franke","image":{"@type":"ImageObject","inLanguage":"es","@id":"https:\/\/secure.gravatar.com\/avatar\/a9bcca3409928ccd3195eca11e2ccbb2e5d7c7912e9a945d4f326f81a0a5cb4a?s=96&d=mm&r=g","url":"https:\/\/secure.gravatar.com\/avatar\/a9bcca3409928ccd3195eca11e2ccbb2e5d7c7912e9a945d4f326f81a0a5cb4a?s=96&d=mm&r=g","contentUrl":"https:\/\/secure.gravatar.com\/avatar\/a9bcca3409928ccd3195eca11e2ccbb2e5d7c7912e9a945d4f326f81a0a5cb4a?s=96&d=mm&r=g","caption":"Vanessa Franke"},"url":"https:\/\/schoenstatt.com\/es\/author\/vanessa-franke\/"}]}},"_links":{"self":[{"href":"https:\/\/schoenstatt.com\/es\/wp-json\/wp\/v2\/posts\/49814","targetHints":{"allow":["GET"]}}],"collection":[{"href":"https:\/\/schoenstatt.com\/es\/wp-json\/wp\/v2\/posts"}],"about":[{"href":"https:\/\/schoenstatt.com\/es\/wp-json\/wp\/v2\/types\/post"}],"author":[{"embeddable":true,"href":"https:\/\/schoenstatt.com\/es\/wp-json\/wp\/v2\/users\/6"}],"replies":[{"embeddable":true,"href":"https:\/\/schoenstatt.com\/es\/wp-json\/wp\/v2\/comments?post=49814"}],"version-history":[{"count":1,"href":"https:\/\/schoenstatt.com\/es\/wp-json\/wp\/v2\/posts\/49814\/revisions"}],"predecessor-version":[{"id":49900,"href":"https:\/\/schoenstatt.com\/es\/wp-json\/wp\/v2\/posts\/49814\/revisions\/49900"}],"wp:featuredmedia":[{"embeddable":true,"href":"https:\/\/schoenstatt.com\/es\/wp-json\/wp\/v2\/media\/29662"}],"wp:attachment":[{"href":"https:\/\/schoenstatt.com\/es\/wp-json\/wp\/v2\/media?parent=49814"}],"wp:term":[{"taxonomy":"category","embeddable":true,"href":"https:\/\/schoenstatt.com\/es\/wp-json\/wp\/v2\/categories?post=49814"},{"taxonomy":"post_tag","embeddable":true,"href":"https:\/\/schoenstatt.com\/es\/wp-json\/wp\/v2\/tags?post=49814"}],"curies":[{"name":"wp","href":"https:\/\/api.w.org\/{rel}","templated":true}]}}