{"id":49802,"date":"2023-03-06T20:23:17","date_gmt":"2023-03-06T19:23:17","guid":{"rendered":"https:\/\/schoenstattdev.wpenginepowered.com\/?p=29505"},"modified":"2025-05-15T18:39:09","modified_gmt":"2025-05-15T16:39:09","slug":"p-ignacio-camacho-nuevo-rector-del-santuario-original","status":"publish","type":"post","link":"https:\/\/schoenstatt.com\/es\/p-ignacio-camacho-nuevo-rector-del-santuario-original\/","title":{"rendered":"P. Ignacio Camacho, nuevo Rector del Santuario Original"},"content":{"rendered":"<p>La Familia de Schoenstatt y los peregrinos dan la bienvenida a un nuevo rector del Santuario Original. El P. Ignacio Camacho, chileno del Instituto Secular de los Padres de Schoenstatt, fue nombrado para esta tarea por el obispo de la Di\u00f3cesis de Tr\u00e9veris, Mons. Stephan Ackermann. Ser\u00e1 responsable de la vida pastoral y administrativa del centro internacional de Schoenstatt, su Santuario Original, durante los pr\u00f3ximos tres a\u00f1os.<\/p>\n<p>La misa de toma de posesi\u00f3n tuvo lugar el 5 de marzo, y fue presidida por el P. Alexandre Awi Mello, presidente de la Presidencia Internacional de la Obra de Schoenstatt. En su homil\u00eda, el P. Alexandre afirm\u00f3 que \u00abSchoenstatt no es un Movimiento que tiene un Santuario, sino un Santuario (una red de Santuarios) en torno al cual se ha desarrollado un Movimiento. Lo primero es el Santuario, despu\u00e9s viene el Movimiento\u00bb.<\/p>\n<p>Volviendo al origen y misi\u00f3n de este lugar central para la Obra, a la luz del Evangelio del Tabor, el P. Alexandre menciona tambi\u00e9n: \u00abEl Rector del Santuario Original (y todos los que colaboran con \u00e9l) tienen la misma misi\u00f3n que el Santuario: ser Tabor para el mundo entero\u00bb.<\/p>\n<p style=\"text-align: center;\"><a href=\"https:\/\/schoenstatt.com\/wp-content\/uploads\/2023\/03\/ES-Homilia-5.3.23-P.-Alexandre-1.pdf\" target=\"_blank\" rel=\"noopener\">LEA LA HOMIL\u00cdA DE LA SANTA MISA<\/a><\/p>\n<p style=\"text-align: center;\"><a href=\"https:\/\/www.flickr.com\/photos\/schoenstattinternational\/albums\/72177720306519179\">VEA MUCHAS FOTOS EN FLICKR<\/a><\/p>\n<p style=\"text-align: center;\"><a href=\"https:\/\/www.youtube.com\/watch?v=h3TQe9cb4ps&amp;t=4821s\">VEA EL VIDEO DE LA MISA EN YOUTUBE<\/a><\/p>\n<figure id=\"attachment_29441\" aria-describedby=\"caption-attachment-29441\" style=\"width: 683px\" class=\"wp-caption alignnone\"><img fetchpriority=\"high\" decoding=\"async\" class=\"wp-image-29441 size-large\" src=\"https:\/\/schoenstattdev.wpenginepowered.com\/wp-content\/uploads\/2023\/03\/DSC01380-683x1024.jpg\" alt=\"nuevo rector\" width=\"683\" height=\"1024\" \/><figcaption id=\"caption-attachment-29441\" class=\"wp-caption-text\">P. Alexandre Awi Mello lee el nombramiento firmado por el Arzobispo Ackermann<\/figcaption><\/figure>\n<p>El Padre Ignacio naci\u00f3 en Chile en 1972 y fue ordenado sacerdote en 2004. En su ministerio sacerdotal trabaj\u00f3 con el Movimiento de Schoenstatt, especialmente con los j\u00f3venes y las familias, principalmente en Chile y M\u00e9xico. Entre 2012 y 2019 vivi\u00f3 en Schoenstatt, desempe\u00f1\u00e1ndose como ec\u00f3nomo general de su comunidad sacerdotal. Hace unos meses regres\u00f3 a Schoenstatt como miembro de la Direcci\u00f3n General de los Padres de Schoenstatt.<\/p>\n<p>A continuaci\u00f3n compartimos una entrevista con el nuevo rector, hablando de sus anhelos, sue\u00f1os y proyectos para los pr\u00f3ximos a\u00f1os.<\/p>\n<h2>P. Ignacio, \u00bfcu\u00e1l es la tarea del Rector del Santuario Original?<\/h2>\n<blockquote><p>Creo que es la tarea de poder servir a la vida que rodea al Santuario. Nosotros decimos que sin la vida de la Alianza el Santuario no funciona, por eso tenemos que preocuparnos por acoger y promover la vida de todos los que vienen aqu\u00ed: los que visitan regularmente, tambi\u00e9n los que vienen como peregrinos. En los \u00faltimos tiempos se ha abierto un horizonte inmenso que son las transmisiones en vivo &#8211; creo que poder desarrollar todo esto es la tarea principal.<\/p><\/blockquote>\n<p>Adem\u00e1s, tambi\u00e9n su tarea incluye estar atento a lo pr\u00e1ctico, para que todo funcione: organizar las misas, buscar a quienes puedan presidirlas, pensar en lo que el Santuario puede ofrecer a todos los que est\u00e1n vinculados a \u00e9l.<\/p>\n<p>Otro aspecto es coordinar con todos los equipos que est\u00e1n aqu\u00ed en Schoenstatt, como el Centro de Peregrinos, la Familia de Schoenstatt de Alemania y tantas cosas que suceden alrededor del Santuario.<\/p>\n<h2>En su visi\u00f3n, \u00bfcu\u00e1les son los principales desaf\u00edos del Santuario Original en los tiempos que vivimos hoy?<\/h2>\n<blockquote><p>Pensando que estamos viviendo un per\u00edodo post pand\u00e9mico, notamos que el retorno es un tanto lento. Esto se experimenta ciertamente en muchos centros de peregrinaci\u00f3n. As\u00ed que creo que este es un reto, hacer que el flujo de peregrinaciones al Santuario se vaya normalizando. Y otra tarea importante consiste en invitar a todos a venir f\u00edsicamente al Santuario desde las diferentes partes del mundo.<\/p><\/blockquote>\n<figure id=\"attachment_29449\" aria-describedby=\"caption-attachment-29449\" style=\"width: 840px\" class=\"wp-caption alignnone\"><img decoding=\"async\" class=\"wp-image-29449 size-large\" src=\"https:\/\/schoenstattdev.wpenginepowered.com\/wp-content\/uploads\/2023\/03\/DSC01385-1024x683.jpg\" alt=\"nuevo rector\" width=\"840\" height=\"560\" \/><figcaption id=\"caption-attachment-29449\" class=\"wp-caption-text\">P. Ignacio Camacho nuevo rector del santuario original<\/figcaption><\/figure>\n<h2>\u00bfC\u00f3mo fue para usted recibir este nombramiento, cu\u00e1l es su sensaci\u00f3n?<\/h2>\n<blockquote><p>Esta es una m\u00e1s de las sorpresas que Dios y la Mater me han enviado recientemente. Al principio no me ve\u00eda ah\u00ed [en esta tarea], luego vi, despu\u00e9s de rezarlo, que era lo mejor. Lo recibo con alegr\u00eda, tambi\u00e9n con temor y temblor, por as\u00ed decirlo, porque el Santuario es un lugar lleno de vida, pero tambi\u00e9n es un lugar especial donde se re\u00fanen muchos grupos, con los que es necesario coordinarse muy bien, tambi\u00e9n con el deseo de buscar la mejor manera de que todos podamos trabajar juntos por la vida del Santuario.<\/p><\/blockquote>\n<h2>\u00bfCu\u00e1l es su mayor deseo para el Santuario en los pr\u00f3ximos a\u00f1os?<\/h2>\n<blockquote><p>Que se convierta cada vez m\u00e1s &#8211; aunque ya lo es por definici\u00f3n &#8211; en el centro de vida de la Familia de Schoenstatt. Que podamos buscar la mejor manera de servir a los peregrinos. Que el Santuario est\u00e9 abierto f\u00edsicamente y tambi\u00e9n a distancia para todos. Que podamos seguir buscando la manera de que todo lo que sucede en el Santuario llegue a todas partes. En 2023 se cumplir\u00e1n diez a\u00f1os de la entrega del Santuario Original al Movimiento; es un regalo que no podemos guardar solo para nosotros, para los que vienen aqu\u00ed, para los miembros de las comunidades, para la Familia de Schoenstatt&#8230; Es un regalo que necesita seguir siendo dado. Y en ese sentido, mi gran anhelo es que podamos seguir creciendo con toda la vida del Santuario, que pueda estar abierto a todos y que todos puedan visitarlo.<\/p><\/blockquote>\n<figure id=\"attachment_29437\" aria-describedby=\"caption-attachment-29437\" style=\"width: 840px\" class=\"wp-caption alignnone\"><img decoding=\"async\" class=\"wp-image-29437 size-large\" src=\"https:\/\/schoenstattdev.wpenginepowered.com\/wp-content\/uploads\/2023\/03\/DSC01343-1024x683.jpg\" alt=\"nuevo rector\" width=\"840\" height=\"560\" \/><figcaption id=\"caption-attachment-29437\" class=\"wp-caption-text\">P. Alexandre Awi Mello, P. Pablo Pol y P. Ignacio Camacho en el Santuario Original<\/figcaption><\/figure>\n<p>&nbsp;<\/p>\n<p>Haga clic en el enlace y disfrute del momento especial en el Santuario Original.<\/p>\n<p style=\"text-align: center;\"><a href=\"https:\/\/www.youtube.com\/live\/tLcGb4f955U?feature=share&amp;t=1815\" target=\"_blank\" rel=\"noopener\">Schoenstatt Tv Video<\/a><\/p>\n","protected":false},"excerpt":{"rendered":"<p>El P. Ignacio Camacho, chileno del Instituto Secular de los Padres de Schoenstatt, fue nombrado para esta tarea por el obispo de la Di\u00f3cesis de Tr\u00e9veris, Mons. Stephan Ackermann. Ser\u00e1 responsable de la vida pastoral y administrativa del centro internacional de Schoenstatt, su Santuario Original, durante los pr\u00f3ximos tres a\u00f1os.<\/p>\n","protected":false},"author":6,"featured_media":29445,"comment_status":"closed","ping_status":"closed","sticky":false,"template":"","format":"standard","meta":{"footnotes":""},"categories":[630,683,901],"tags":[],"class_list":["post-49802","post","type-post","status-publish","format-standard","has-post-thumbnail","hentry","category-eventos-es","category-iglesia-es","category-santuario-original-es"],"yoast_head":"<!-- This site is optimized with the Yoast SEO Premium plugin v27.4 (Yoast SEO v27.5) - https:\/\/yoast.com\/product\/yoast-seo-premium-wordpress\/ -->\n<title>P. Ignacio Camacho, nuevo Rector del Santuario Original<\/title>\n<meta name=\"description\" content=\"El domingo 5 de marzo el P. Alexandre Awi Mello presidi\u00f3 la Santa Misa y entreg\u00f3 la llave del Santuario Original al nuevo rector.\" \/>\n<meta name=\"robots\" content=\"index, follow, max-snippet:-1, max-image-preview:large, max-video-preview:-1\" \/>\n<link rel=\"canonical\" href=\"https:\/\/schoenstatt.com\/es\/p-ignacio-camacho-nuevo-rector-del-santuario-original\/\" \/>\n<meta property=\"og:locale\" content=\"es_ES\" \/>\n<meta property=\"og:type\" content=\"article\" \/>\n<meta property=\"og:title\" content=\"P. Ignacio Camacho, nuevo Rector del Santuario Original\" \/>\n<meta property=\"og:description\" content=\"El domingo 5 de marzo el P. Alexandre Awi Mello presidi\u00f3 la Santa Misa y entreg\u00f3 la llave del Santuario Original al nuevo rector.\" \/>\n<meta property=\"og:url\" content=\"https:\/\/schoenstatt.com\/es\/p-ignacio-camacho-nuevo-rector-del-santuario-original\/\" \/>\n<meta property=\"og:site_name\" content=\"Schoenstatt\" \/>\n<meta property=\"article:published_time\" content=\"2023-03-06T19:23:17+00:00\" \/>\n<meta property=\"article:modified_time\" content=\"2025-05-15T16:39:09+00:00\" \/>\n<meta property=\"og:image\" content=\"https:\/\/schoenstatt.com\/wp-content\/uploads\/2023\/03\/DSC01388-scaled-1.jpg\" \/>\n\t<meta property=\"og:image:width\" content=\"2048\" \/>\n\t<meta property=\"og:image:height\" content=\"1365\" \/>\n\t<meta property=\"og:image:type\" content=\"image\/jpeg\" \/>\n<meta name=\"author\" content=\"Vanessa Franke\" \/>\n<meta name=\"twitter:card\" content=\"summary_large_image\" \/>\n<meta name=\"twitter:label1\" content=\"Escrito por\" \/>\n\t<meta name=\"twitter:data1\" content=\"Vanessa Franke\" \/>\n\t<meta name=\"twitter:label2\" content=\"Tiempo de lectura\" \/>\n\t<meta name=\"twitter:data2\" content=\"5 minutos\" \/>\n<script type=\"application\/ld+json\" class=\"yoast-schema-graph\">{\"@context\":\"https:\\\/\\\/schema.org\",\"@graph\":[{\"@type\":\"Article\",\"@id\":\"https:\\\/\\\/schoenstatt.com\\\/es\\\/p-ignacio-camacho-nuevo-rector-del-santuario-original\\\/#article\",\"isPartOf\":{\"@id\":\"https:\\\/\\\/schoenstatt.com\\\/es\\\/p-ignacio-camacho-nuevo-rector-del-santuario-original\\\/\"},\"author\":{\"name\":\"Vanessa Franke\",\"@id\":\"https:\\\/\\\/schoenstatt.com\\\/es\\\/#\\\/schema\\\/person\\\/ea97a60c723e21c923e2177f0f3163f7\"},\"headline\":\"P. Ignacio Camacho, nuevo Rector del Santuario Original\",\"datePublished\":\"2023-03-06T19:23:17+00:00\",\"dateModified\":\"2025-05-15T16:39:09+00:00\",\"mainEntityOfPage\":{\"@id\":\"https:\\\/\\\/schoenstatt.com\\\/es\\\/p-ignacio-camacho-nuevo-rector-del-santuario-original\\\/\"},\"wordCount\":931,\"publisher\":{\"@id\":\"https:\\\/\\\/schoenstatt.com\\\/es\\\/#organization\"},\"image\":{\"@id\":\"https:\\\/\\\/schoenstatt.com\\\/es\\\/p-ignacio-camacho-nuevo-rector-del-santuario-original\\\/#primaryimage\"},\"thumbnailUrl\":\"https:\\\/\\\/schoenstatt.com\\\/wp-content\\\/uploads\\\/2023\\\/03\\\/DSC01388-scaled-1.jpg\",\"articleSection\":[\"Eventos\",\"Iglesia\",\"Santuario Original\"],\"inLanguage\":\"es\"},{\"@type\":\"WebPage\",\"@id\":\"https:\\\/\\\/schoenstatt.com\\\/es\\\/p-ignacio-camacho-nuevo-rector-del-santuario-original\\\/\",\"url\":\"https:\\\/\\\/schoenstatt.com\\\/es\\\/p-ignacio-camacho-nuevo-rector-del-santuario-original\\\/\",\"name\":\"P. Ignacio Camacho, nuevo Rector del Santuario Original\",\"isPartOf\":{\"@id\":\"https:\\\/\\\/schoenstatt.com\\\/es\\\/#website\"},\"primaryImageOfPage\":{\"@id\":\"https:\\\/\\\/schoenstatt.com\\\/es\\\/p-ignacio-camacho-nuevo-rector-del-santuario-original\\\/#primaryimage\"},\"image\":{\"@id\":\"https:\\\/\\\/schoenstatt.com\\\/es\\\/p-ignacio-camacho-nuevo-rector-del-santuario-original\\\/#primaryimage\"},\"thumbnailUrl\":\"https:\\\/\\\/schoenstatt.com\\\/wp-content\\\/uploads\\\/2023\\\/03\\\/DSC01388-scaled-1.jpg\",\"datePublished\":\"2023-03-06T19:23:17+00:00\",\"dateModified\":\"2025-05-15T16:39:09+00:00\",\"description\":\"El domingo 5 de marzo el P. Alexandre Awi Mello presidi\u00f3 la Santa Misa y entreg\u00f3 la llave del Santuario Original al nuevo rector.\",\"breadcrumb\":{\"@id\":\"https:\\\/\\\/schoenstatt.com\\\/es\\\/p-ignacio-camacho-nuevo-rector-del-santuario-original\\\/#breadcrumb\"},\"inLanguage\":\"es\",\"potentialAction\":[{\"@type\":\"ReadAction\",\"target\":[\"https:\\\/\\\/schoenstatt.com\\\/es\\\/p-ignacio-camacho-nuevo-rector-del-santuario-original\\\/\"]}]},{\"@type\":\"ImageObject\",\"inLanguage\":\"es\",\"@id\":\"https:\\\/\\\/schoenstatt.com\\\/es\\\/p-ignacio-camacho-nuevo-rector-del-santuario-original\\\/#primaryimage\",\"url\":\"https:\\\/\\\/schoenstatt.com\\\/wp-content\\\/uploads\\\/2023\\\/03\\\/DSC01388-scaled-1.jpg\",\"contentUrl\":\"https:\\\/\\\/schoenstatt.com\\\/wp-content\\\/uploads\\\/2023\\\/03\\\/DSC01388-scaled-1.jpg\",\"width\":2048,\"height\":1365,\"caption\":\"nuevo rector\"},{\"@type\":\"BreadcrumbList\",\"@id\":\"https:\\\/\\\/schoenstatt.com\\\/es\\\/p-ignacio-camacho-nuevo-rector-del-santuario-original\\\/#breadcrumb\",\"itemListElement\":[{\"@type\":\"ListItem\",\"position\":1,\"name\":\"Portada\",\"item\":\"https:\\\/\\\/schoenstatt.com\\\/es\\\/home\\\/\"},{\"@type\":\"ListItem\",\"position\":2,\"name\":\"P. Ignacio Camacho, nuevo Rector del Santuario Original\"}]},{\"@type\":\"WebSite\",\"@id\":\"https:\\\/\\\/schoenstatt.com\\\/es\\\/#website\",\"url\":\"https:\\\/\\\/schoenstatt.com\\\/es\\\/\",\"name\":\"Schoenstatt\",\"description\":\"Apostolic Movement\",\"publisher\":{\"@id\":\"https:\\\/\\\/schoenstatt.com\\\/es\\\/#organization\"},\"potentialAction\":[{\"@type\":\"SearchAction\",\"target\":{\"@type\":\"EntryPoint\",\"urlTemplate\":\"https:\\\/\\\/schoenstatt.com\\\/es\\\/?s={search_term_string}\"},\"query-input\":{\"@type\":\"PropertyValueSpecification\",\"valueRequired\":true,\"valueName\":\"search_term_string\"}}],\"inLanguage\":\"es\"},{\"@type\":\"Organization\",\"@id\":\"https:\\\/\\\/schoenstatt.com\\\/es\\\/#organization\",\"name\":\"Schoenstatt\",\"url\":\"https:\\\/\\\/schoenstatt.com\\\/es\\\/\",\"logo\":{\"@type\":\"ImageObject\",\"inLanguage\":\"es\",\"@id\":\"https:\\\/\\\/schoenstatt.com\\\/es\\\/#\\\/schema\\\/logo\\\/image\\\/\",\"url\":\"https:\\\/\\\/schoenstatt.com\\\/wp-content\\\/uploads\\\/2025\\\/04\\\/logo-schoenstatt-white-696x696-1.png\",\"contentUrl\":\"https:\\\/\\\/schoenstatt.com\\\/wp-content\\\/uploads\\\/2025\\\/04\\\/logo-schoenstatt-white-696x696-1.png\",\"width\":696,\"height\":694,\"caption\":\"Schoenstatt\"},\"image\":{\"@id\":\"https:\\\/\\\/schoenstatt.com\\\/es\\\/#\\\/schema\\\/logo\\\/image\\\/\"}},{\"@type\":\"Person\",\"@id\":\"https:\\\/\\\/schoenstatt.com\\\/es\\\/#\\\/schema\\\/person\\\/ea97a60c723e21c923e2177f0f3163f7\",\"name\":\"Vanessa Franke\",\"image\":{\"@type\":\"ImageObject\",\"inLanguage\":\"es\",\"@id\":\"https:\\\/\\\/secure.gravatar.com\\\/avatar\\\/a9bcca3409928ccd3195eca11e2ccbb2e5d7c7912e9a945d4f326f81a0a5cb4a?s=96&d=mm&r=g\",\"url\":\"https:\\\/\\\/secure.gravatar.com\\\/avatar\\\/a9bcca3409928ccd3195eca11e2ccbb2e5d7c7912e9a945d4f326f81a0a5cb4a?s=96&d=mm&r=g\",\"contentUrl\":\"https:\\\/\\\/secure.gravatar.com\\\/avatar\\\/a9bcca3409928ccd3195eca11e2ccbb2e5d7c7912e9a945d4f326f81a0a5cb4a?s=96&d=mm&r=g\",\"caption\":\"Vanessa Franke\"},\"url\":\"https:\\\/\\\/schoenstatt.com\\\/es\\\/author\\\/vanessa-franke\\\/\"}]}<\/script>\n<!-- \/ Yoast SEO Premium plugin. -->","yoast_head_json":{"title":"P. Ignacio Camacho, nuevo Rector del Santuario Original","description":"El domingo 5 de marzo el P. Alexandre Awi Mello presidi\u00f3 la Santa Misa y entreg\u00f3 la llave del Santuario Original al nuevo rector.","robots":{"index":"index","follow":"follow","max-snippet":"max-snippet:-1","max-image-preview":"max-image-preview:large","max-video-preview":"max-video-preview:-1"},"canonical":"https:\/\/schoenstatt.com\/es\/p-ignacio-camacho-nuevo-rector-del-santuario-original\/","og_locale":"es_ES","og_type":"article","og_title":"P. Ignacio Camacho, nuevo Rector del Santuario Original","og_description":"El domingo 5 de marzo el P. Alexandre Awi Mello presidi\u00f3 la Santa Misa y entreg\u00f3 la llave del Santuario Original al nuevo rector.","og_url":"https:\/\/schoenstatt.com\/es\/p-ignacio-camacho-nuevo-rector-del-santuario-original\/","og_site_name":"Schoenstatt","article_published_time":"2023-03-06T19:23:17+00:00","article_modified_time":"2025-05-15T16:39:09+00:00","og_image":[{"width":2048,"height":1365,"url":"https:\/\/schoenstatt.com\/wp-content\/uploads\/2023\/03\/DSC01388-scaled-1.jpg","type":"image\/jpeg"}],"author":"Vanessa Franke","twitter_card":"summary_large_image","twitter_misc":{"Escrito por":"Vanessa Franke","Tiempo de lectura":"5 minutos"},"schema":{"@context":"https:\/\/schema.org","@graph":[{"@type":"Article","@id":"https:\/\/schoenstatt.com\/es\/p-ignacio-camacho-nuevo-rector-del-santuario-original\/#article","isPartOf":{"@id":"https:\/\/schoenstatt.com\/es\/p-ignacio-camacho-nuevo-rector-del-santuario-original\/"},"author":{"name":"Vanessa Franke","@id":"https:\/\/schoenstatt.com\/es\/#\/schema\/person\/ea97a60c723e21c923e2177f0f3163f7"},"headline":"P. Ignacio Camacho, nuevo Rector del Santuario Original","datePublished":"2023-03-06T19:23:17+00:00","dateModified":"2025-05-15T16:39:09+00:00","mainEntityOfPage":{"@id":"https:\/\/schoenstatt.com\/es\/p-ignacio-camacho-nuevo-rector-del-santuario-original\/"},"wordCount":931,"publisher":{"@id":"https:\/\/schoenstatt.com\/es\/#organization"},"image":{"@id":"https:\/\/schoenstatt.com\/es\/p-ignacio-camacho-nuevo-rector-del-santuario-original\/#primaryimage"},"thumbnailUrl":"https:\/\/schoenstatt.com\/wp-content\/uploads\/2023\/03\/DSC01388-scaled-1.jpg","articleSection":["Eventos","Iglesia","Santuario Original"],"inLanguage":"es"},{"@type":"WebPage","@id":"https:\/\/schoenstatt.com\/es\/p-ignacio-camacho-nuevo-rector-del-santuario-original\/","url":"https:\/\/schoenstatt.com\/es\/p-ignacio-camacho-nuevo-rector-del-santuario-original\/","name":"P. Ignacio Camacho, nuevo Rector del Santuario Original","isPartOf":{"@id":"https:\/\/schoenstatt.com\/es\/#website"},"primaryImageOfPage":{"@id":"https:\/\/schoenstatt.com\/es\/p-ignacio-camacho-nuevo-rector-del-santuario-original\/#primaryimage"},"image":{"@id":"https:\/\/schoenstatt.com\/es\/p-ignacio-camacho-nuevo-rector-del-santuario-original\/#primaryimage"},"thumbnailUrl":"https:\/\/schoenstatt.com\/wp-content\/uploads\/2023\/03\/DSC01388-scaled-1.jpg","datePublished":"2023-03-06T19:23:17+00:00","dateModified":"2025-05-15T16:39:09+00:00","description":"El domingo 5 de marzo el P. Alexandre Awi Mello presidi\u00f3 la Santa Misa y entreg\u00f3 la llave del Santuario Original al nuevo rector.","breadcrumb":{"@id":"https:\/\/schoenstatt.com\/es\/p-ignacio-camacho-nuevo-rector-del-santuario-original\/#breadcrumb"},"inLanguage":"es","potentialAction":[{"@type":"ReadAction","target":["https:\/\/schoenstatt.com\/es\/p-ignacio-camacho-nuevo-rector-del-santuario-original\/"]}]},{"@type":"ImageObject","inLanguage":"es","@id":"https:\/\/schoenstatt.com\/es\/p-ignacio-camacho-nuevo-rector-del-santuario-original\/#primaryimage","url":"https:\/\/schoenstatt.com\/wp-content\/uploads\/2023\/03\/DSC01388-scaled-1.jpg","contentUrl":"https:\/\/schoenstatt.com\/wp-content\/uploads\/2023\/03\/DSC01388-scaled-1.jpg","width":2048,"height":1365,"caption":"nuevo rector"},{"@type":"BreadcrumbList","@id":"https:\/\/schoenstatt.com\/es\/p-ignacio-camacho-nuevo-rector-del-santuario-original\/#breadcrumb","itemListElement":[{"@type":"ListItem","position":1,"name":"Portada","item":"https:\/\/schoenstatt.com\/es\/home\/"},{"@type":"ListItem","position":2,"name":"P. Ignacio Camacho, nuevo Rector del Santuario Original"}]},{"@type":"WebSite","@id":"https:\/\/schoenstatt.com\/es\/#website","url":"https:\/\/schoenstatt.com\/es\/","name":"Schoenstatt","description":"Apostolic Movement","publisher":{"@id":"https:\/\/schoenstatt.com\/es\/#organization"},"potentialAction":[{"@type":"SearchAction","target":{"@type":"EntryPoint","urlTemplate":"https:\/\/schoenstatt.com\/es\/?s={search_term_string}"},"query-input":{"@type":"PropertyValueSpecification","valueRequired":true,"valueName":"search_term_string"}}],"inLanguage":"es"},{"@type":"Organization","@id":"https:\/\/schoenstatt.com\/es\/#organization","name":"Schoenstatt","url":"https:\/\/schoenstatt.com\/es\/","logo":{"@type":"ImageObject","inLanguage":"es","@id":"https:\/\/schoenstatt.com\/es\/#\/schema\/logo\/image\/","url":"https:\/\/schoenstatt.com\/wp-content\/uploads\/2025\/04\/logo-schoenstatt-white-696x696-1.png","contentUrl":"https:\/\/schoenstatt.com\/wp-content\/uploads\/2025\/04\/logo-schoenstatt-white-696x696-1.png","width":696,"height":694,"caption":"Schoenstatt"},"image":{"@id":"https:\/\/schoenstatt.com\/es\/#\/schema\/logo\/image\/"}},{"@type":"Person","@id":"https:\/\/schoenstatt.com\/es\/#\/schema\/person\/ea97a60c723e21c923e2177f0f3163f7","name":"Vanessa Franke","image":{"@type":"ImageObject","inLanguage":"es","@id":"https:\/\/secure.gravatar.com\/avatar\/a9bcca3409928ccd3195eca11e2ccbb2e5d7c7912e9a945d4f326f81a0a5cb4a?s=96&d=mm&r=g","url":"https:\/\/secure.gravatar.com\/avatar\/a9bcca3409928ccd3195eca11e2ccbb2e5d7c7912e9a945d4f326f81a0a5cb4a?s=96&d=mm&r=g","contentUrl":"https:\/\/secure.gravatar.com\/avatar\/a9bcca3409928ccd3195eca11e2ccbb2e5d7c7912e9a945d4f326f81a0a5cb4a?s=96&d=mm&r=g","caption":"Vanessa Franke"},"url":"https:\/\/schoenstatt.com\/es\/author\/vanessa-franke\/"}]}},"_links":{"self":[{"href":"https:\/\/schoenstatt.com\/es\/wp-json\/wp\/v2\/posts\/49802","targetHints":{"allow":["GET"]}}],"collection":[{"href":"https:\/\/schoenstatt.com\/es\/wp-json\/wp\/v2\/posts"}],"about":[{"href":"https:\/\/schoenstatt.com\/es\/wp-json\/wp\/v2\/types\/post"}],"author":[{"embeddable":true,"href":"https:\/\/schoenstatt.com\/es\/wp-json\/wp\/v2\/users\/6"}],"replies":[{"embeddable":true,"href":"https:\/\/schoenstatt.com\/es\/wp-json\/wp\/v2\/comments?post=49802"}],"version-history":[{"count":1,"href":"https:\/\/schoenstatt.com\/es\/wp-json\/wp\/v2\/posts\/49802\/revisions"}],"predecessor-version":[{"id":49855,"href":"https:\/\/schoenstatt.com\/es\/wp-json\/wp\/v2\/posts\/49802\/revisions\/49855"}],"wp:featuredmedia":[{"embeddable":true,"href":"https:\/\/schoenstatt.com\/es\/wp-json\/wp\/v2\/media\/29445"}],"wp:attachment":[{"href":"https:\/\/schoenstatt.com\/es\/wp-json\/wp\/v2\/media?parent=49802"}],"wp:term":[{"taxonomy":"category","embeddable":true,"href":"https:\/\/schoenstatt.com\/es\/wp-json\/wp\/v2\/categories?post=49802"},{"taxonomy":"post_tag","embeddable":true,"href":"https:\/\/schoenstatt.com\/es\/wp-json\/wp\/v2\/tags?post=49802"}],"curies":[{"name":"wp","href":"https:\/\/api.w.org\/{rel}","templated":true}]}}